{"id":229494,"date":"2019-06-03T10:01:50","date_gmt":"2019-06-03T13:01:50","guid":{"rendered":"http:\/\/quersaberpolitica.com.br\/2016\/?p=229494"},"modified":"2019-06-02T17:53:16","modified_gmt":"2019-06-02T20:53:16","slug":"marcilio-cavalcanti-inaugura-obras-em-cabrobo","status":"publish","type":"post","link":"https:\/\/blogdofarnesio.com.br\/?p=229494","title":{"rendered":"Prefeito Marc\u00edlio Cavalcanti inaugura obras em Cabrob\u00f3"},"content":{"rendered":"\n<p>O prefeito de Cabrob\u00f3, Marcilio Cavalcanti (MDB) inaugurou na sexta-feira uma s\u00e9rie de obras importantes para o seu munic\u00edpio. O evento contou com a presen\u00e7a do deputado federal Fernando Monteiro (PP).<\/p>\n\n\n\n<p>O gestor inaugurou uma escola municipal com recursos do FNDE para beneficiar inicialmente 200 alunos na comunidade M\u00e3e Rosa. Al\u00e9m disso, na \u00e1rea da sa\u00fade, Marcilio inaugurou uma UPA completamente equipada para atender a popula\u00e7\u00e3o, juntamente com ambul\u00e2ncias novas que ir\u00e3o melhorar a vida das pessoas.<\/p>\n\n\n\n<p>No setor de ilumina\u00e7\u00e3o, Marcilio Cavalcanti universalizou o servi\u00e7o em l\u00e2mpadas de LED, beneficiando os moradores da cidade, que ter\u00e3o mais seguran\u00e7a. Mas as novidades n\u00e3o param por a\u00ed, no saneamento b\u00e1sico, a gest\u00e3o garantiu 80% de oferta de tratamento de esgoto, confirmando a sua preocupa\u00e7\u00e3o com a sa\u00fade das pessoas e com o Meio Ambiente.<\/p>\n","protected":false},"excerpt":{"rendered":"<p>O prefeito de Cabrob\u00f3, Marcilio Cavalcanti (MDB) inaugurou na sexta-feira uma s\u00e9rie de obras importantes para o seu munic\u00edpio. O evento contou com a presen\u00e7a do deputado federal Fernando Monteiro (PP). O gestor inaugurou uma escola municipal com recursos do FNDE para beneficiar inicialmente 200 alunos na comunidade M\u00e3e Rosa. Al\u00e9m disso, na \u00e1rea da sa\u00fade, Marcilio inaugurou uma UPA completamente equipada para atender a popula\u00e7\u00e3o, juntamente com ambul\u00e2ncias novas que ir\u00e3o melhorar a vida das pessoas. No setor de ilumina\u00e7\u00e3o, Marcilio Cavalcanti universalizou o servi\u00e7o em l\u00e2mpadas de LED, beneficiando os moradores da cidade, que ter\u00e3o mais seguran\u00e7a. Mas as novidades n\u00e3o param por a\u00ed, no saneamento b\u00e1sico, a gest\u00e3o garantiu 80% de oferta de tratamento de esgoto, confirmando&hellip; <\/p>\n","protected":false},"author":1,"featured_media":203935,"comment_status":"closed","ping_status":"closed","sticky":false,"template":"","format":"standard","meta":{"_acf_changed":false,"footnotes":""},"categories":[27],"tags":[],"class_list":["post-229494","post","type-post","status-publish","format-standard","has-post-thumbnail","hentry","category-cidades"],"acf":[],"yoast_head":"<!-- This site is optimized with the Yoast SEO plugin v27.4 - https:\/\/yoast.com\/product\/yoast-seo-wordpress\/ -->\n<title>Prefeito Marc\u00edlio Cavalcanti inaugura obras em Cabrob\u00f3 - Blog do Farn\u00e9sio<\/title>\n<meta name=\"robots\" content=\"index, follow, max-snippet:-1, max-image-preview:large, max-video-preview:-1\" \/>\n<link rel=\"canonical\" href=\"https:\/\/blogdofarnesio.com.br\/?p=229494\" \/>\n<meta property=\"og:locale\" content=\"pt_BR\" \/>\n<meta property=\"og:type\" content=\"article\" \/>\n<meta property=\"og:title\" content=\"Prefeito Marc\u00edlio Cavalcanti inaugura obras em Cabrob\u00f3 - Blog do Farn\u00e9sio\" \/>\n<meta property=\"og:description\" content=\"O prefeito de Cabrob\u00f3, Marcilio Cavalcanti (MDB) inaugurou na sexta-feira uma s\u00e9rie de obras importantes para o seu munic\u00edpio. O evento contou com a presen\u00e7a do deputado federal Fernando Monteiro (PP). O gestor inaugurou uma escola municipal com recursos do FNDE para beneficiar inicialmente 200 alunos na comunidade M\u00e3e Rosa. Al\u00e9m disso, na \u00e1rea da sa\u00fade, Marcilio inaugurou uma UPA completamente equipada para atender a popula\u00e7\u00e3o, juntamente com ambul\u00e2ncias novas que ir\u00e3o melhorar a vida das pessoas. No setor de ilumina\u00e7\u00e3o, Marcilio Cavalcanti universalizou o servi\u00e7o em l\u00e2mpadas de LED, beneficiando os moradores da cidade, que ter\u00e3o mais seguran\u00e7a. Mas as novidades n\u00e3o param por a\u00ed, no saneamento b\u00e1sico, a gest\u00e3o garantiu 80% de oferta de tratamento de esgoto, confirmando&hellip;\" \/>\n<meta property=\"og:url\" content=\"https:\/\/blogdofarnesio.com.br\/?p=229494\" \/>\n<meta property=\"og:site_name\" content=\"Blog do Farn\u00e9sio\" \/>\n<meta property=\"article:publisher\" content=\"https:\/\/www.facebook.com\/BlogQuerSaberPolitica\/\" \/>\n<meta property=\"article:published_time\" content=\"2019-06-03T13:01:50+00:00\" \/>\n<meta property=\"og:image\" content=\"https:\/\/blogdofarnesio.com.br\/wp-content\/uploads\/2018\/07\/blogqspcabroboPrefeito-Marcilio-Cavalcanti-1.jpeg\" \/>\n\t<meta property=\"og:image:width\" content=\"640\" \/>\n\t<meta property=\"og:image:height\" content=\"347\" \/>\n\t<meta property=\"og:image:type\" content=\"image\/jpeg\" \/>\n<meta name=\"author\" content=\"Farn\u00e9sio\" \/>\n<meta name=\"twitter:card\" content=\"summary_large_image\" \/>\n<meta name=\"twitter:label1\" content=\"Escrito por\" \/>\n\t<meta name=\"twitter:data1\" content=\"Farn\u00e9sio\" \/>\n\t<meta name=\"twitter:label2\" content=\"Est. tempo de leitura\" \/>\n\t<meta name=\"twitter:data2\" content=\"1 minuto\" \/>\n<script type=\"application\/ld+json\" class=\"yoast-schema-graph\">{\"@context\":\"https:\\\/\\\/schema.org\",\"@graph\":[{\"@type\":\"Article\",\"@id\":\"https:\\\/\\\/blogdofarnesio.com.br\\\/?p=229494#article\",\"isPartOf\":{\"@id\":\"https:\\\/\\\/blogdofarnesio.com.br\\\/?p=229494\"},\"author\":{\"name\":\"Farn\u00e9sio\",\"@id\":\"https:\\\/\\\/blogdofarnesio.com.br\\\/#\\\/schema\\\/person\\\/301c4acf522bccbfdb45af95b5b906a1\"},\"headline\":\"Prefeito Marc\u00edlio Cavalcanti inaugura obras em Cabrob\u00f3\",\"datePublished\":\"2019-06-03T13:01:50+00:00\",\"mainEntityOfPage\":{\"@id\":\"https:\\\/\\\/blogdofarnesio.com.br\\\/?p=229494\"},\"wordCount\":158,\"publisher\":{\"@id\":\"https:\\\/\\\/blogdofarnesio.com.br\\\/#organization\"},\"image\":{\"@id\":\"https:\\\/\\\/blogdofarnesio.com.br\\\/?p=229494#primaryimage\"},\"thumbnailUrl\":\"https:\\\/\\\/blogdofarnesio.com.br\\\/wp-content\\\/uploads\\\/2018\\\/07\\\/blogqspcabroboPrefeito-Marcilio-Cavalcanti-1.jpeg\",\"articleSection\":[\"Cidades\"],\"inLanguage\":\"pt-BR\"},{\"@type\":\"WebPage\",\"@id\":\"https:\\\/\\\/blogdofarnesio.com.br\\\/?p=229494\",\"url\":\"https:\\\/\\\/blogdofarnesio.com.br\\\/?p=229494\",\"name\":\"Prefeito Marc\u00edlio Cavalcanti inaugura obras em Cabrob\u00f3 - Blog do Farn\u00e9sio\",\"isPartOf\":{\"@id\":\"https:\\\/\\\/blogdofarnesio.com.br\\\/#website\"},\"primaryImageOfPage\":{\"@id\":\"https:\\\/\\\/blogdofarnesio.com.br\\\/?p=229494#primaryimage\"},\"image\":{\"@id\":\"https:\\\/\\\/blogdofarnesio.com.br\\\/?p=229494#primaryimage\"},\"thumbnailUrl\":\"https:\\\/\\\/blogdofarnesio.com.br\\\/wp-content\\\/uploads\\\/2018\\\/07\\\/blogqspcabroboPrefeito-Marcilio-Cavalcanti-1.jpeg\",\"datePublished\":\"2019-06-03T13:01:50+00:00\",\"breadcrumb\":{\"@id\":\"https:\\\/\\\/blogdofarnesio.com.br\\\/?p=229494#breadcrumb\"},\"inLanguage\":\"pt-BR\",\"potentialAction\":[{\"@type\":\"ReadAction\",\"target\":[\"https:\\\/\\\/blogdofarnesio.com.br\\\/?p=229494\"]}]},{\"@type\":\"ImageObject\",\"inLanguage\":\"pt-BR\",\"@id\":\"https:\\\/\\\/blogdofarnesio.com.br\\\/?p=229494#primaryimage\",\"url\":\"https:\\\/\\\/blogdofarnesio.com.br\\\/wp-content\\\/uploads\\\/2018\\\/07\\\/blogqspcabroboPrefeito-Marcilio-Cavalcanti-1.jpeg\",\"contentUrl\":\"https:\\\/\\\/blogdofarnesio.com.br\\\/wp-content\\\/uploads\\\/2018\\\/07\\\/blogqspcabroboPrefeito-Marcilio-Cavalcanti-1.jpeg\",\"width\":640,\"height\":347},{\"@type\":\"BreadcrumbList\",\"@id\":\"https:\\\/\\\/blogdofarnesio.com.br\\\/?p=229494#breadcrumb\",\"itemListElement\":[{\"@type\":\"ListItem\",\"position\":1,\"name\":\"In\u00edcio\",\"item\":\"https:\\\/\\\/blogdofarnesio.com.br\\\/\"},{\"@type\":\"ListItem\",\"position\":2,\"name\":\"Prefeito Marc\u00edlio Cavalcanti inaugura obras em Cabrob\u00f3\"}]},{\"@type\":\"WebSite\",\"@id\":\"https:\\\/\\\/blogdofarnesio.com.br\\\/#website\",\"url\":\"https:\\\/\\\/blogdofarnesio.com.br\\\/\",\"name\":\"Blog do Farn\u00e9sio\",\"description\":\"Quer Saber Pol\u00edtica?\",\"publisher\":{\"@id\":\"https:\\\/\\\/blogdofarnesio.com.br\\\/#organization\"},\"potentialAction\":[{\"@type\":\"SearchAction\",\"target\":{\"@type\":\"EntryPoint\",\"urlTemplate\":\"https:\\\/\\\/blogdofarnesio.com.br\\\/?s={search_term_string}\"},\"query-input\":{\"@type\":\"PropertyValueSpecification\",\"valueRequired\":true,\"valueName\":\"search_term_string\"}}],\"inLanguage\":\"pt-BR\"},{\"@type\":\"Organization\",\"@id\":\"https:\\\/\\\/blogdofarnesio.com.br\\\/#organization\",\"name\":\"Blog do Farn\u00e9sio\",\"url\":\"https:\\\/\\\/blogdofarnesio.com.br\\\/\",\"logo\":{\"@type\":\"ImageObject\",\"inLanguage\":\"pt-BR\",\"@id\":\"https:\\\/\\\/blogdofarnesio.com.br\\\/#\\\/schema\\\/logo\\\/image\\\/\",\"url\":\"https:\\\/\\\/blogdofarnesio.com.br\\\/wp-content\\\/uploads\\\/2026\\\/03\\\/cropped-logo_new-1.png\",\"contentUrl\":\"https:\\\/\\\/blogdofarnesio.com.br\\\/wp-content\\\/uploads\\\/2026\\\/03\\\/cropped-logo_new-1.png\",\"width\":881,\"height\":685,\"caption\":\"Blog do Farn\u00e9sio\"},\"image\":{\"@id\":\"https:\\\/\\\/blogdofarnesio.com.br\\\/#\\\/schema\\\/logo\\\/image\\\/\"},\"sameAs\":[\"https:\\\/\\\/www.facebook.com\\\/BlogQuerSaberPolitica\\\/\"]},{\"@type\":\"Person\",\"@id\":\"https:\\\/\\\/blogdofarnesio.com.br\\\/#\\\/schema\\\/person\\\/301c4acf522bccbfdb45af95b5b906a1\",\"name\":\"Farn\u00e9sio\",\"image\":{\"@type\":\"ImageObject\",\"inLanguage\":\"pt-BR\",\"@id\":\"https:\\\/\\\/secure.gravatar.com\\\/avatar\\\/df0c9a14567c056f8ad6876ba5bbd1e3e2c48023eb6807342fc4663adf549f38?s=96&d=mm&r=g\",\"url\":\"https:\\\/\\\/secure.gravatar.com\\\/avatar\\\/df0c9a14567c056f8ad6876ba5bbd1e3e2c48023eb6807342fc4663adf549f38?s=96&d=mm&r=g\",\"contentUrl\":\"https:\\\/\\\/secure.gravatar.com\\\/avatar\\\/df0c9a14567c056f8ad6876ba5bbd1e3e2c48023eb6807342fc4663adf549f38?s=96&d=mm&r=g\",\"caption\":\"Farn\u00e9sio\"},\"sameAs\":[\"https:\\\/\\\/quersaberpolitica.com.br\"],\"url\":\"https:\\\/\\\/blogdofarnesio.com.br\\\/?author=1\"}]}<\/script>\n<!-- \/ Yoast SEO plugin. -->","yoast_head_json":{"title":"Prefeito Marc\u00edlio Cavalcanti inaugura obras em Cabrob\u00f3 - Blog do Farn\u00e9sio","robots":{"index":"index","follow":"follow","max-snippet":"max-snippet:-1","max-image-preview":"max-image-preview:large","max-video-preview":"max-video-preview:-1"},"canonical":"https:\/\/blogdofarnesio.com.br\/?p=229494","og_locale":"pt_BR","og_type":"article","og_title":"Prefeito Marc\u00edlio Cavalcanti inaugura obras em Cabrob\u00f3 - Blog do Farn\u00e9sio","og_description":"O prefeito de Cabrob\u00f3, Marcilio Cavalcanti (MDB) inaugurou na sexta-feira uma s\u00e9rie de obras importantes para o seu munic\u00edpio. O evento contou com a presen\u00e7a do deputado federal Fernando Monteiro (PP). O gestor inaugurou uma escola municipal com recursos do FNDE para beneficiar inicialmente 200 alunos na comunidade M\u00e3e Rosa. Al\u00e9m disso, na \u00e1rea da sa\u00fade, Marcilio inaugurou uma UPA completamente equipada para atender a popula\u00e7\u00e3o, juntamente com ambul\u00e2ncias novas que ir\u00e3o melhorar a vida das pessoas. No setor de ilumina\u00e7\u00e3o, Marcilio Cavalcanti universalizou o servi\u00e7o em l\u00e2mpadas de LED, beneficiando os moradores da cidade, que ter\u00e3o mais seguran\u00e7a. Mas as novidades n\u00e3o param por a\u00ed, no saneamento b\u00e1sico, a gest\u00e3o garantiu 80% de oferta de tratamento de esgoto, confirmando&hellip;","og_url":"https:\/\/blogdofarnesio.com.br\/?p=229494","og_site_name":"Blog do Farn\u00e9sio","article_publisher":"https:\/\/www.facebook.com\/BlogQuerSaberPolitica\/","article_published_time":"2019-06-03T13:01:50+00:00","og_image":[{"width":640,"height":347,"url":"https:\/\/blogdofarnesio.com.br\/wp-content\/uploads\/2018\/07\/blogqspcabroboPrefeito-Marcilio-Cavalcanti-1.jpeg","type":"image\/jpeg"}],"author":"Farn\u00e9sio","twitter_card":"summary_large_image","twitter_misc":{"Escrito por":"Farn\u00e9sio","Est. tempo de leitura":"1 minuto"},"schema":{"@context":"https:\/\/schema.org","@graph":[{"@type":"Article","@id":"https:\/\/blogdofarnesio.com.br\/?p=229494#article","isPartOf":{"@id":"https:\/\/blogdofarnesio.com.br\/?p=229494"},"author":{"name":"Farn\u00e9sio","@id":"https:\/\/blogdofarnesio.com.br\/#\/schema\/person\/301c4acf522bccbfdb45af95b5b906a1"},"headline":"Prefeito Marc\u00edlio Cavalcanti inaugura obras em Cabrob\u00f3","datePublished":"2019-06-03T13:01:50+00:00","mainEntityOfPage":{"@id":"https:\/\/blogdofarnesio.com.br\/?p=229494"},"wordCount":158,"publisher":{"@id":"https:\/\/blogdofarnesio.com.br\/#organization"},"image":{"@id":"https:\/\/blogdofarnesio.com.br\/?p=229494#primaryimage"},"thumbnailUrl":"https:\/\/blogdofarnesio.com.br\/wp-content\/uploads\/2018\/07\/blogqspcabroboPrefeito-Marcilio-Cavalcanti-1.jpeg","articleSection":["Cidades"],"inLanguage":"pt-BR"},{"@type":"WebPage","@id":"https:\/\/blogdofarnesio.com.br\/?p=229494","url":"https:\/\/blogdofarnesio.com.br\/?p=229494","name":"Prefeito Marc\u00edlio Cavalcanti inaugura obras em Cabrob\u00f3 - Blog do Farn\u00e9sio","isPartOf":{"@id":"https:\/\/blogdofarnesio.com.br\/#website"},"primaryImageOfPage":{"@id":"https:\/\/blogdofarnesio.com.br\/?p=229494#primaryimage"},"image":{"@id":"https:\/\/blogdofarnesio.com.br\/?p=229494#primaryimage"},"thumbnailUrl":"https:\/\/blogdofarnesio.com.br\/wp-content\/uploads\/2018\/07\/blogqspcabroboPrefeito-Marcilio-Cavalcanti-1.jpeg","datePublished":"2019-06-03T13:01:50+00:00","breadcrumb":{"@id":"https:\/\/blogdofarnesio.com.br\/?p=229494#breadcrumb"},"inLanguage":"pt-BR","potentialAction":[{"@type":"ReadAction","target":["https:\/\/blogdofarnesio.com.br\/?p=229494"]}]},{"@type":"ImageObject","inLanguage":"pt-BR","@id":"https:\/\/blogdofarnesio.com.br\/?p=229494#primaryimage","url":"https:\/\/blogdofarnesio.com.br\/wp-content\/uploads\/2018\/07\/blogqspcabroboPrefeito-Marcilio-Cavalcanti-1.jpeg","contentUrl":"https:\/\/blogdofarnesio.com.br\/wp-content\/uploads\/2018\/07\/blogqspcabroboPrefeito-Marcilio-Cavalcanti-1.jpeg","width":640,"height":347},{"@type":"BreadcrumbList","@id":"https:\/\/blogdofarnesio.com.br\/?p=229494#breadcrumb","itemListElement":[{"@type":"ListItem","position":1,"name":"In\u00edcio","item":"https:\/\/blogdofarnesio.com.br\/"},{"@type":"ListItem","position":2,"name":"Prefeito Marc\u00edlio Cavalcanti inaugura obras em Cabrob\u00f3"}]},{"@type":"WebSite","@id":"https:\/\/blogdofarnesio.com.br\/#website","url":"https:\/\/blogdofarnesio.com.br\/","name":"Blog do Farn\u00e9sio","description":"Quer Saber Pol\u00edtica?","publisher":{"@id":"https:\/\/blogdofarnesio.com.br\/#organization"},"potentialAction":[{"@type":"SearchAction","target":{"@type":"EntryPoint","urlTemplate":"https:\/\/blogdofarnesio.com.br\/?s={search_term_string}"},"query-input":{"@type":"PropertyValueSpecification","valueRequired":true,"valueName":"search_term_string"}}],"inLanguage":"pt-BR"},{"@type":"Organization","@id":"https:\/\/blogdofarnesio.com.br\/#organization","name":"Blog do Farn\u00e9sio","url":"https:\/\/blogdofarnesio.com.br\/","logo":{"@type":"ImageObject","inLanguage":"pt-BR","@id":"https:\/\/blogdofarnesio.com.br\/#\/schema\/logo\/image\/","url":"https:\/\/blogdofarnesio.com.br\/wp-content\/uploads\/2026\/03\/cropped-logo_new-1.png","contentUrl":"https:\/\/blogdofarnesio.com.br\/wp-content\/uploads\/2026\/03\/cropped-logo_new-1.png","width":881,"height":685,"caption":"Blog do Farn\u00e9sio"},"image":{"@id":"https:\/\/blogdofarnesio.com.br\/#\/schema\/logo\/image\/"},"sameAs":["https:\/\/www.facebook.com\/BlogQuerSaberPolitica\/"]},{"@type":"Person","@id":"https:\/\/blogdofarnesio.com.br\/#\/schema\/person\/301c4acf522bccbfdb45af95b5b906a1","name":"Farn\u00e9sio","image":{"@type":"ImageObject","inLanguage":"pt-BR","@id":"https:\/\/secure.gravatar.com\/avatar\/df0c9a14567c056f8ad6876ba5bbd1e3e2c48023eb6807342fc4663adf549f38?s=96&d=mm&r=g","url":"https:\/\/secure.gravatar.com\/avatar\/df0c9a14567c056f8ad6876ba5bbd1e3e2c48023eb6807342fc4663adf549f38?s=96&d=mm&r=g","contentUrl":"https:\/\/secure.gravatar.com\/avatar\/df0c9a14567c056f8ad6876ba5bbd1e3e2c48023eb6807342fc4663adf549f38?s=96&d=mm&r=g","caption":"Farn\u00e9sio"},"sameAs":["https:\/\/quersaberpolitica.com.br"],"url":"https:\/\/blogdofarnesio.com.br\/?author=1"}]}},"_links":{"self":[{"href":"https:\/\/blogdofarnesio.com.br\/index.php?rest_route=\/wp\/v2\/posts\/229494","targetHints":{"allow":["GET"]}}],"collection":[{"href":"https:\/\/blogdofarnesio.com.br\/index.php?rest_route=\/wp\/v2\/posts"}],"about":[{"href":"https:\/\/blogdofarnesio.com.br\/index.php?rest_route=\/wp\/v2\/types\/post"}],"author":[{"embeddable":true,"href":"https:\/\/blogdofarnesio.com.br\/index.php?rest_route=\/wp\/v2\/users\/1"}],"replies":[{"embeddable":true,"href":"https:\/\/blogdofarnesio.com.br\/index.php?rest_route=%2Fwp%2Fv2%2Fcomments&post=229494"}],"version-history":[{"count":0,"href":"https:\/\/blogdofarnesio.com.br\/index.php?rest_route=\/wp\/v2\/posts\/229494\/revisions"}],"wp:featuredmedia":[{"embeddable":true,"href":"https:\/\/blogdofarnesio.com.br\/index.php?rest_route=\/wp\/v2\/media\/203935"}],"wp:attachment":[{"href":"https:\/\/blogdofarnesio.com.br\/index.php?rest_route=%2Fwp%2Fv2%2Fmedia&parent=229494"}],"wp:term":[{"taxonomy":"category","embeddable":true,"href":"https:\/\/blogdofarnesio.com.br\/index.php?rest_route=%2Fwp%2Fv2%2Fcategories&post=229494"},{"taxonomy":"post_tag","embeddable":true,"href":"https:\/\/blogdofarnesio.com.br\/index.php?rest_route=%2Fwp%2Fv2%2Ftags&post=229494"}],"curies":[{"name":"wp","href":"https:\/\/api.w.org\/{rel}","templated":true}]}}