{"id":229453,"date":"2019-06-02T10:31:29","date_gmt":"2019-06-02T13:31:29","guid":{"rendered":"http:\/\/quersaberpolitica.com.br\/2016\/?p=229453"},"modified":"2019-06-01T20:07:21","modified_gmt":"2019-06-01T23:07:21","slug":"marcha-da-maconha-reune-manifestantes-dias-antes-de-o-stf-julgar-se-porte-de-drogas-para-consumo-proprio-e-crime","status":"publish","type":"post","link":"https:\/\/blogdofarnesio.com.br\/?p=229453","title":{"rendered":"Marcha da Maconha re\u00fane manifestantes dias antes de o STF julgar se porte de drogas para consumo pr\u00f3prio \u00e9 crime"},"content":{"rendered":"\n<h2 class=\"wp-block-heading\">Sob o tema &#8216;Para o povo vivo e livre &#8211; legalize&#8217;, o ato pede o &#8216;fim da guerra \u00e0s drogas&#8217;. Tr\u00eas ministros j\u00e1 votaram pela descriminaliza\u00e7\u00e3o do consumo de drogas.<\/h2>\n\n\n\n<p>Por G1 SP<\/p>\n\n\n\n<hr class=\"wp-block-separator\"\/>\n\n\n\n<p>Milhares de pessoas participam da Marcha da Maconha neste s\u00e1bado (1\u00ba) na Avenida Paulista. Com faixas pedindo a legaliza\u00e7\u00e3o, os manifestantes caminharam pela via, que chegou a ficar fechada do Masp at\u00e9 a Rua da Consola\u00e7\u00e3o. O ato foi pac\u00edfico, segundo a PM.<\/p>\n\n\n\n<p>Sob o tema &#8220;Para o povo vivo e livre &#8211; legalize&#8221;, o ato pede o &#8220;fim da guerra \u00e0s drogas&#8221; dias antes de&nbsp;<a href=\"https:\/\/g1.globo.com\/politica\/noticia\/2018\/12\/17\/stf-decidira-em-junho-se-porte-de-drogas-para-consumo-proprio-e-crime.ghtml\">o STF julgar a descriminaliza\u00e7\u00e3o do porte de drogas para consumo pessoal.<\/a><\/p>\n\n\n\n<p>O caso est\u00e1 com Alexandre de Moraes porque ele herdou os processos de Teori Zavascki, que morreu em 2017 ap\u00f3s um acidente a\u00e9reo \u2013 Teori havia pedido vista, ou seja, mais tempo para analisar o caso.<\/p>\n\n\n\n<p>Tr\u00eas dos 11 ministros do STF j\u00e1 se manifestaram sobre o tema, em 2015, quando o caso come\u00e7ou a ser julgado.<\/p>\n\n\n\n<p>Os tr\u00eas ministros votaram pela descriminaliza\u00e7\u00e3o do consumo de drogas. Como o caso tem repercuss\u00e3o geral, o que for decidido pelo STF ter\u00e1 efeito em todas as a\u00e7\u00f5es que tramitam na Justi\u00e7a do pa\u00eds.<\/p>\n\n\n\n<p>Em seu 11\u00ba ano, a marcha contou com blocos tem\u00e1ticos com forte presen\u00e7a de feministas, LGBTQ+, pacientes de cannabis medicinal e movimentos negro e pelo desencarceramento.<\/p>\n\n\n\n<figure class=\"wp-block-image\"><img decoding=\"async\" src=\"https:\/\/s2.glbimg.com\/gyP1Wt-EuzBWaAzU7HxjBJla6rc=\/0x0:3000x2000\/1008x0\/smart\/filters:strip_icc()\/i.s3.glbimg.com\/v1\/AUTH_59edd422c0c84a879bd37670ae4f538a\/internal_photos\/bs\/2019\/U\/p\/iaJJEETS6kPc71F5oNWQ\/fup20190601374.jpg\" alt=\"Manifestante da Marcha da Maconha \u2014 Foto: ROBERTO SUNGI\/FUTURA PRESS\/ESTAD\u00c3O CONTE\u00daDO\"\/><\/figure>\n\n\n\n<p>Manifestante da Marcha da Maconha \u2014 Foto: ROBERTO SUNGI\/FUTURA PRESS\/ESTAD\u00c3O CONTE\u00daDO<br><\/p>\n","protected":false},"excerpt":{"rendered":"<p>Sob o tema &#8216;Para o povo vivo e livre &#8211; legalize&#8217;, o ato pede o &#8216;fim da guerra \u00e0s drogas&#8217;. Tr\u00eas ministros j\u00e1 votaram pela descriminaliza\u00e7\u00e3o do consumo de drogas. Por G1 SP Milhares de pessoas participam da Marcha da Maconha neste s\u00e1bado (1\u00ba) na Avenida Paulista. Com faixas pedindo a legaliza\u00e7\u00e3o, os manifestantes caminharam pela via, que chegou a ficar fechada do Masp at\u00e9 a Rua da Consola\u00e7\u00e3o. O ato foi pac\u00edfico, segundo a PM. Sob o tema &#8220;Para o povo vivo e livre &#8211; legalize&#8221;, o ato pede o &#8220;fim da guerra \u00e0s drogas&#8221; dias antes de&nbsp;o STF julgar a descriminaliza\u00e7\u00e3o do porte de drogas para consumo pessoal. O caso est\u00e1 com Alexandre de Moraes porque ele herdou&hellip; <\/p>\n","protected":false},"author":1,"featured_media":229457,"comment_status":"closed","ping_status":"closed","sticky":false,"template":"","format":"standard","meta":{"_acf_changed":false,"footnotes":""},"categories":[32],"tags":[],"class_list":["post-229453","post","type-post","status-publish","format-standard","has-post-thumbnail","hentry","category-costumes"],"acf":[],"yoast_head":"<!-- This site is optimized with the Yoast SEO plugin v27.4 - https:\/\/yoast.com\/product\/yoast-seo-wordpress\/ -->\n<title>Marcha da Maconha re\u00fane manifestantes dias antes de o STF julgar se porte de drogas para consumo pr\u00f3prio \u00e9 crime - Blog do Farn\u00e9sio<\/title>\n<meta name=\"robots\" content=\"index, follow, max-snippet:-1, max-image-preview:large, max-video-preview:-1\" \/>\n<link rel=\"canonical\" href=\"https:\/\/blogdofarnesio.com.br\/?p=229453\" \/>\n<meta property=\"og:locale\" content=\"pt_BR\" \/>\n<meta property=\"og:type\" content=\"article\" \/>\n<meta property=\"og:title\" content=\"Marcha da Maconha re\u00fane manifestantes dias antes de o STF julgar se porte de drogas para consumo pr\u00f3prio \u00e9 crime - Blog do Farn\u00e9sio\" \/>\n<meta property=\"og:description\" content=\"Sob o tema &#8216;Para o povo vivo e livre &#8211; legalize&#8217;, o ato pede o &#8216;fim da guerra \u00e0s drogas&#8217;. Tr\u00eas ministros j\u00e1 votaram pela descriminaliza\u00e7\u00e3o do consumo de drogas. Por G1 SP Milhares de pessoas participam da Marcha da Maconha neste s\u00e1bado (1\u00ba) na Avenida Paulista. Com faixas pedindo a legaliza\u00e7\u00e3o, os manifestantes caminharam pela via, que chegou a ficar fechada do Masp at\u00e9 a Rua da Consola\u00e7\u00e3o. O ato foi pac\u00edfico, segundo a PM. Sob o tema &#8220;Para o povo vivo e livre &#8211; legalize&#8221;, o ato pede o &#8220;fim da guerra \u00e0s drogas&#8221; dias antes de&nbsp;o STF julgar a descriminaliza\u00e7\u00e3o do porte de drogas para consumo pessoal. O caso est\u00e1 com Alexandre de Moraes porque ele herdou&hellip;\" \/>\n<meta property=\"og:url\" content=\"https:\/\/blogdofarnesio.com.br\/?p=229453\" \/>\n<meta property=\"og:site_name\" content=\"Blog do Farn\u00e9sio\" \/>\n<meta property=\"article:publisher\" content=\"https:\/\/www.facebook.com\/BlogQuerSaberPolitica\/\" \/>\n<meta property=\"article:published_time\" content=\"2019-06-02T13:31:29+00:00\" \/>\n<meta property=\"og:image\" content=\"https:\/\/blogdofarnesio.com.br\/wp-content\/uploads\/2019\/06\/blogqspmarchamaconha.jpg\" \/>\n\t<meta property=\"og:image:width\" content=\"640\" \/>\n\t<meta property=\"og:image:height\" content=\"427\" \/>\n\t<meta property=\"og:image:type\" content=\"image\/jpeg\" \/>\n<meta name=\"author\" content=\"Farn\u00e9sio\" \/>\n<meta name=\"twitter:card\" content=\"summary_large_image\" \/>\n<meta name=\"twitter:label1\" content=\"Escrito por\" \/>\n\t<meta name=\"twitter:data1\" content=\"Farn\u00e9sio\" \/>\n\t<meta name=\"twitter:label2\" content=\"Est. tempo de leitura\" \/>\n\t<meta name=\"twitter:data2\" content=\"1 minuto\" \/>\n<script type=\"application\/ld+json\" class=\"yoast-schema-graph\">{\"@context\":\"https:\\\/\\\/schema.org\",\"@graph\":[{\"@type\":\"Article\",\"@id\":\"https:\\\/\\\/blogdofarnesio.com.br\\\/?p=229453#article\",\"isPartOf\":{\"@id\":\"https:\\\/\\\/blogdofarnesio.com.br\\\/?p=229453\"},\"author\":{\"name\":\"Farn\u00e9sio\",\"@id\":\"https:\\\/\\\/blogdofarnesio.com.br\\\/#\\\/schema\\\/person\\\/301c4acf522bccbfdb45af95b5b906a1\"},\"headline\":\"Marcha da Maconha re\u00fane manifestantes dias antes de o STF julgar se porte de drogas para consumo pr\u00f3prio \u00e9 crime\",\"datePublished\":\"2019-06-02T13:31:29+00:00\",\"mainEntityOfPage\":{\"@id\":\"https:\\\/\\\/blogdofarnesio.com.br\\\/?p=229453\"},\"wordCount\":277,\"publisher\":{\"@id\":\"https:\\\/\\\/blogdofarnesio.com.br\\\/#organization\"},\"image\":{\"@id\":\"https:\\\/\\\/blogdofarnesio.com.br\\\/?p=229453#primaryimage\"},\"thumbnailUrl\":\"https:\\\/\\\/blogdofarnesio.com.br\\\/wp-content\\\/uploads\\\/2019\\\/06\\\/blogqspmarchamaconha.jpg\",\"articleSection\":[\"Costumes\"],\"inLanguage\":\"pt-BR\"},{\"@type\":\"WebPage\",\"@id\":\"https:\\\/\\\/blogdofarnesio.com.br\\\/?p=229453\",\"url\":\"https:\\\/\\\/blogdofarnesio.com.br\\\/?p=229453\",\"name\":\"Marcha da Maconha re\u00fane manifestantes dias antes de o STF julgar se porte de drogas para consumo pr\u00f3prio \u00e9 crime - Blog do Farn\u00e9sio\",\"isPartOf\":{\"@id\":\"https:\\\/\\\/blogdofarnesio.com.br\\\/#website\"},\"primaryImageOfPage\":{\"@id\":\"https:\\\/\\\/blogdofarnesio.com.br\\\/?p=229453#primaryimage\"},\"image\":{\"@id\":\"https:\\\/\\\/blogdofarnesio.com.br\\\/?p=229453#primaryimage\"},\"thumbnailUrl\":\"https:\\\/\\\/blogdofarnesio.com.br\\\/wp-content\\\/uploads\\\/2019\\\/06\\\/blogqspmarchamaconha.jpg\",\"datePublished\":\"2019-06-02T13:31:29+00:00\",\"breadcrumb\":{\"@id\":\"https:\\\/\\\/blogdofarnesio.com.br\\\/?p=229453#breadcrumb\"},\"inLanguage\":\"pt-BR\",\"potentialAction\":[{\"@type\":\"ReadAction\",\"target\":[\"https:\\\/\\\/blogdofarnesio.com.br\\\/?p=229453\"]}]},{\"@type\":\"ImageObject\",\"inLanguage\":\"pt-BR\",\"@id\":\"https:\\\/\\\/blogdofarnesio.com.br\\\/?p=229453#primaryimage\",\"url\":\"https:\\\/\\\/blogdofarnesio.com.br\\\/wp-content\\\/uploads\\\/2019\\\/06\\\/blogqspmarchamaconha.jpg\",\"contentUrl\":\"https:\\\/\\\/blogdofarnesio.com.br\\\/wp-content\\\/uploads\\\/2019\\\/06\\\/blogqspmarchamaconha.jpg\",\"width\":640,\"height\":427,\"caption\":\"Marcha da Maconha faz ato na Avenida Paulista \u2014 Foto: ALE FRATA\\\/C\u00d3DIGO19\\\/ESTAD\u00c3O CONTE\u00daDO\"},{\"@type\":\"BreadcrumbList\",\"@id\":\"https:\\\/\\\/blogdofarnesio.com.br\\\/?p=229453#breadcrumb\",\"itemListElement\":[{\"@type\":\"ListItem\",\"position\":1,\"name\":\"In\u00edcio\",\"item\":\"https:\\\/\\\/blogdofarnesio.com.br\\\/\"},{\"@type\":\"ListItem\",\"position\":2,\"name\":\"Marcha da Maconha re\u00fane manifestantes dias antes de o STF julgar se porte de drogas para consumo pr\u00f3prio \u00e9 crime\"}]},{\"@type\":\"WebSite\",\"@id\":\"https:\\\/\\\/blogdofarnesio.com.br\\\/#website\",\"url\":\"https:\\\/\\\/blogdofarnesio.com.br\\\/\",\"name\":\"Blog do Farn\u00e9sio\",\"description\":\"Quer Saber Pol\u00edtica?\",\"publisher\":{\"@id\":\"https:\\\/\\\/blogdofarnesio.com.br\\\/#organization\"},\"potentialAction\":[{\"@type\":\"SearchAction\",\"target\":{\"@type\":\"EntryPoint\",\"urlTemplate\":\"https:\\\/\\\/blogdofarnesio.com.br\\\/?s={search_term_string}\"},\"query-input\":{\"@type\":\"PropertyValueSpecification\",\"valueRequired\":true,\"valueName\":\"search_term_string\"}}],\"inLanguage\":\"pt-BR\"},{\"@type\":\"Organization\",\"@id\":\"https:\\\/\\\/blogdofarnesio.com.br\\\/#organization\",\"name\":\"Blog do Farn\u00e9sio\",\"url\":\"https:\\\/\\\/blogdofarnesio.com.br\\\/\",\"logo\":{\"@type\":\"ImageObject\",\"inLanguage\":\"pt-BR\",\"@id\":\"https:\\\/\\\/blogdofarnesio.com.br\\\/#\\\/schema\\\/logo\\\/image\\\/\",\"url\":\"https:\\\/\\\/blogdofarnesio.com.br\\\/wp-content\\\/uploads\\\/2026\\\/03\\\/cropped-logo_new-1.png\",\"contentUrl\":\"https:\\\/\\\/blogdofarnesio.com.br\\\/wp-content\\\/uploads\\\/2026\\\/03\\\/cropped-logo_new-1.png\",\"width\":881,\"height\":685,\"caption\":\"Blog do Farn\u00e9sio\"},\"image\":{\"@id\":\"https:\\\/\\\/blogdofarnesio.com.br\\\/#\\\/schema\\\/logo\\\/image\\\/\"},\"sameAs\":[\"https:\\\/\\\/www.facebook.com\\\/BlogQuerSaberPolitica\\\/\"]},{\"@type\":\"Person\",\"@id\":\"https:\\\/\\\/blogdofarnesio.com.br\\\/#\\\/schema\\\/person\\\/301c4acf522bccbfdb45af95b5b906a1\",\"name\":\"Farn\u00e9sio\",\"image\":{\"@type\":\"ImageObject\",\"inLanguage\":\"pt-BR\",\"@id\":\"https:\\\/\\\/secure.gravatar.com\\\/avatar\\\/df0c9a14567c056f8ad6876ba5bbd1e3e2c48023eb6807342fc4663adf549f38?s=96&d=mm&r=g\",\"url\":\"https:\\\/\\\/secure.gravatar.com\\\/avatar\\\/df0c9a14567c056f8ad6876ba5bbd1e3e2c48023eb6807342fc4663adf549f38?s=96&d=mm&r=g\",\"contentUrl\":\"https:\\\/\\\/secure.gravatar.com\\\/avatar\\\/df0c9a14567c056f8ad6876ba5bbd1e3e2c48023eb6807342fc4663adf549f38?s=96&d=mm&r=g\",\"caption\":\"Farn\u00e9sio\"},\"sameAs\":[\"https:\\\/\\\/quersaberpolitica.com.br\"],\"url\":\"https:\\\/\\\/blogdofarnesio.com.br\\\/?author=1\"}]}<\/script>\n<!-- \/ Yoast SEO plugin. -->","yoast_head_json":{"title":"Marcha da Maconha re\u00fane manifestantes dias antes de o STF julgar se porte de drogas para consumo pr\u00f3prio \u00e9 crime - Blog do Farn\u00e9sio","robots":{"index":"index","follow":"follow","max-snippet":"max-snippet:-1","max-image-preview":"max-image-preview:large","max-video-preview":"max-video-preview:-1"},"canonical":"https:\/\/blogdofarnesio.com.br\/?p=229453","og_locale":"pt_BR","og_type":"article","og_title":"Marcha da Maconha re\u00fane manifestantes dias antes de o STF julgar se porte de drogas para consumo pr\u00f3prio \u00e9 crime - Blog do Farn\u00e9sio","og_description":"Sob o tema &#8216;Para o povo vivo e livre &#8211; legalize&#8217;, o ato pede o &#8216;fim da guerra \u00e0s drogas&#8217;. Tr\u00eas ministros j\u00e1 votaram pela descriminaliza\u00e7\u00e3o do consumo de drogas. Por G1 SP Milhares de pessoas participam da Marcha da Maconha neste s\u00e1bado (1\u00ba) na Avenida Paulista. Com faixas pedindo a legaliza\u00e7\u00e3o, os manifestantes caminharam pela via, que chegou a ficar fechada do Masp at\u00e9 a Rua da Consola\u00e7\u00e3o. O ato foi pac\u00edfico, segundo a PM. Sob o tema &#8220;Para o povo vivo e livre &#8211; legalize&#8221;, o ato pede o &#8220;fim da guerra \u00e0s drogas&#8221; dias antes de&nbsp;o STF julgar a descriminaliza\u00e7\u00e3o do porte de drogas para consumo pessoal. O caso est\u00e1 com Alexandre de Moraes porque ele herdou&hellip;","og_url":"https:\/\/blogdofarnesio.com.br\/?p=229453","og_site_name":"Blog do Farn\u00e9sio","article_publisher":"https:\/\/www.facebook.com\/BlogQuerSaberPolitica\/","article_published_time":"2019-06-02T13:31:29+00:00","og_image":[{"width":640,"height":427,"url":"https:\/\/blogdofarnesio.com.br\/wp-content\/uploads\/2019\/06\/blogqspmarchamaconha.jpg","type":"image\/jpeg"}],"author":"Farn\u00e9sio","twitter_card":"summary_large_image","twitter_misc":{"Escrito por":"Farn\u00e9sio","Est. tempo de leitura":"1 minuto"},"schema":{"@context":"https:\/\/schema.org","@graph":[{"@type":"Article","@id":"https:\/\/blogdofarnesio.com.br\/?p=229453#article","isPartOf":{"@id":"https:\/\/blogdofarnesio.com.br\/?p=229453"},"author":{"name":"Farn\u00e9sio","@id":"https:\/\/blogdofarnesio.com.br\/#\/schema\/person\/301c4acf522bccbfdb45af95b5b906a1"},"headline":"Marcha da Maconha re\u00fane manifestantes dias antes de o STF julgar se porte de drogas para consumo pr\u00f3prio \u00e9 crime","datePublished":"2019-06-02T13:31:29+00:00","mainEntityOfPage":{"@id":"https:\/\/blogdofarnesio.com.br\/?p=229453"},"wordCount":277,"publisher":{"@id":"https:\/\/blogdofarnesio.com.br\/#organization"},"image":{"@id":"https:\/\/blogdofarnesio.com.br\/?p=229453#primaryimage"},"thumbnailUrl":"https:\/\/blogdofarnesio.com.br\/wp-content\/uploads\/2019\/06\/blogqspmarchamaconha.jpg","articleSection":["Costumes"],"inLanguage":"pt-BR"},{"@type":"WebPage","@id":"https:\/\/blogdofarnesio.com.br\/?p=229453","url":"https:\/\/blogdofarnesio.com.br\/?p=229453","name":"Marcha da Maconha re\u00fane manifestantes dias antes de o STF julgar se porte de drogas para consumo pr\u00f3prio \u00e9 crime - Blog do Farn\u00e9sio","isPartOf":{"@id":"https:\/\/blogdofarnesio.com.br\/#website"},"primaryImageOfPage":{"@id":"https:\/\/blogdofarnesio.com.br\/?p=229453#primaryimage"},"image":{"@id":"https:\/\/blogdofarnesio.com.br\/?p=229453#primaryimage"},"thumbnailUrl":"https:\/\/blogdofarnesio.com.br\/wp-content\/uploads\/2019\/06\/blogqspmarchamaconha.jpg","datePublished":"2019-06-02T13:31:29+00:00","breadcrumb":{"@id":"https:\/\/blogdofarnesio.com.br\/?p=229453#breadcrumb"},"inLanguage":"pt-BR","potentialAction":[{"@type":"ReadAction","target":["https:\/\/blogdofarnesio.com.br\/?p=229453"]}]},{"@type":"ImageObject","inLanguage":"pt-BR","@id":"https:\/\/blogdofarnesio.com.br\/?p=229453#primaryimage","url":"https:\/\/blogdofarnesio.com.br\/wp-content\/uploads\/2019\/06\/blogqspmarchamaconha.jpg","contentUrl":"https:\/\/blogdofarnesio.com.br\/wp-content\/uploads\/2019\/06\/blogqspmarchamaconha.jpg","width":640,"height":427,"caption":"Marcha da Maconha faz ato na Avenida Paulista \u2014 Foto: ALE FRATA\/C\u00d3DIGO19\/ESTAD\u00c3O CONTE\u00daDO"},{"@type":"BreadcrumbList","@id":"https:\/\/blogdofarnesio.com.br\/?p=229453#breadcrumb","itemListElement":[{"@type":"ListItem","position":1,"name":"In\u00edcio","item":"https:\/\/blogdofarnesio.com.br\/"},{"@type":"ListItem","position":2,"name":"Marcha da Maconha re\u00fane manifestantes dias antes de o STF julgar se porte de drogas para consumo pr\u00f3prio \u00e9 crime"}]},{"@type":"WebSite","@id":"https:\/\/blogdofarnesio.com.br\/#website","url":"https:\/\/blogdofarnesio.com.br\/","name":"Blog do Farn\u00e9sio","description":"Quer Saber Pol\u00edtica?","publisher":{"@id":"https:\/\/blogdofarnesio.com.br\/#organization"},"potentialAction":[{"@type":"SearchAction","target":{"@type":"EntryPoint","urlTemplate":"https:\/\/blogdofarnesio.com.br\/?s={search_term_string}"},"query-input":{"@type":"PropertyValueSpecification","valueRequired":true,"valueName":"search_term_string"}}],"inLanguage":"pt-BR"},{"@type":"Organization","@id":"https:\/\/blogdofarnesio.com.br\/#organization","name":"Blog do Farn\u00e9sio","url":"https:\/\/blogdofarnesio.com.br\/","logo":{"@type":"ImageObject","inLanguage":"pt-BR","@id":"https:\/\/blogdofarnesio.com.br\/#\/schema\/logo\/image\/","url":"https:\/\/blogdofarnesio.com.br\/wp-content\/uploads\/2026\/03\/cropped-logo_new-1.png","contentUrl":"https:\/\/blogdofarnesio.com.br\/wp-content\/uploads\/2026\/03\/cropped-logo_new-1.png","width":881,"height":685,"caption":"Blog do Farn\u00e9sio"},"image":{"@id":"https:\/\/blogdofarnesio.com.br\/#\/schema\/logo\/image\/"},"sameAs":["https:\/\/www.facebook.com\/BlogQuerSaberPolitica\/"]},{"@type":"Person","@id":"https:\/\/blogdofarnesio.com.br\/#\/schema\/person\/301c4acf522bccbfdb45af95b5b906a1","name":"Farn\u00e9sio","image":{"@type":"ImageObject","inLanguage":"pt-BR","@id":"https:\/\/secure.gravatar.com\/avatar\/df0c9a14567c056f8ad6876ba5bbd1e3e2c48023eb6807342fc4663adf549f38?s=96&d=mm&r=g","url":"https:\/\/secure.gravatar.com\/avatar\/df0c9a14567c056f8ad6876ba5bbd1e3e2c48023eb6807342fc4663adf549f38?s=96&d=mm&r=g","contentUrl":"https:\/\/secure.gravatar.com\/avatar\/df0c9a14567c056f8ad6876ba5bbd1e3e2c48023eb6807342fc4663adf549f38?s=96&d=mm&r=g","caption":"Farn\u00e9sio"},"sameAs":["https:\/\/quersaberpolitica.com.br"],"url":"https:\/\/blogdofarnesio.com.br\/?author=1"}]}},"_links":{"self":[{"href":"https:\/\/blogdofarnesio.com.br\/index.php?rest_route=\/wp\/v2\/posts\/229453","targetHints":{"allow":["GET"]}}],"collection":[{"href":"https:\/\/blogdofarnesio.com.br\/index.php?rest_route=\/wp\/v2\/posts"}],"about":[{"href":"https:\/\/blogdofarnesio.com.br\/index.php?rest_route=\/wp\/v2\/types\/post"}],"author":[{"embeddable":true,"href":"https:\/\/blogdofarnesio.com.br\/index.php?rest_route=\/wp\/v2\/users\/1"}],"replies":[{"embeddable":true,"href":"https:\/\/blogdofarnesio.com.br\/index.php?rest_route=%2Fwp%2Fv2%2Fcomments&post=229453"}],"version-history":[{"count":0,"href":"https:\/\/blogdofarnesio.com.br\/index.php?rest_route=\/wp\/v2\/posts\/229453\/revisions"}],"wp:featuredmedia":[{"embeddable":true,"href":"https:\/\/blogdofarnesio.com.br\/index.php?rest_route=\/wp\/v2\/media\/229457"}],"wp:attachment":[{"href":"https:\/\/blogdofarnesio.com.br\/index.php?rest_route=%2Fwp%2Fv2%2Fmedia&parent=229453"}],"wp:term":[{"taxonomy":"category","embeddable":true,"href":"https:\/\/blogdofarnesio.com.br\/index.php?rest_route=%2Fwp%2Fv2%2Fcategories&post=229453"},{"taxonomy":"post_tag","embeddable":true,"href":"https:\/\/blogdofarnesio.com.br\/index.php?rest_route=%2Fwp%2Fv2%2Ftags&post=229453"}],"curies":[{"name":"wp","href":"https:\/\/api.w.org\/{rel}","templated":true}]}}