{"id":229449,"date":"2019-06-02T14:00:32","date_gmt":"2019-06-02T17:00:32","guid":{"rendered":"http:\/\/quersaberpolitica.com.br\/2016\/?p=229449"},"modified":"2019-06-02T10:54:26","modified_gmt":"2019-06-02T13:54:26","slug":"projeto-ambiental-em-petrolina-leva-animais-silvestres-e-plantio-de-arvores-a-escola-da-zona-rural","status":"publish","type":"post","link":"https:\/\/blogdofarnesio.com.br\/?p=229449","title":{"rendered":"Projeto ambiental em Petrolina leva animais silvestres e plantio de \u00e1rvores \u00e0 escola da zona rural"},"content":{"rendered":"\n<p>Dando continuidade ao projeto piloto \u2018Eu sou meio ambiente\u2019, a Prefeitura de Petrolina levou at\u00e9 a Escola Municipal Olavo Bilac atividades que desenvolvem a consci\u00eancia ambiental dos pequenos. Nesta sexta-feira (31), crian\u00e7as e funcion\u00e1rios envolvidos no projeto puderam conhecer mais sobre a fauna e a flora da Caatinga. As a\u00e7\u00f5es est\u00e3o sendo desenvolvidas na comunidade de Atalho, zona rural do munic\u00edpio.<br><\/p>\n\n\n\n<div class=\"wp-block-image\"><figure class=\"aligncenter is-resized\"><img loading=\"lazy\" decoding=\"async\" src=\"http:\/\/quersaberpolitica.com.br\/2016\/wp-content\/uploads\/2019\/06\/blogqspmeioambiente-a\u00e7\u00e3o-PMP-Coletivo-1.jpg\" alt=\"\" class=\"wp-image-229451\" width=\"421\" height=\"267\" srcset=\"https:\/\/blogdofarnesio.com.br\/wp-content\/uploads\/2019\/06\/blogqspmeioambiente-a\u00e7\u00e3o-PMP-Coletivo-1.jpg 640w, https:\/\/blogdofarnesio.com.br\/wp-content\/uploads\/2019\/06\/blogqspmeioambiente-a\u00e7\u00e3o-PMP-Coletivo-1-300x191.jpg 300w, https:\/\/blogdofarnesio.com.br\/wp-content\/uploads\/2019\/06\/blogqspmeioambiente-a\u00e7\u00e3o-PMP-Coletivo-1-360x229.jpg 360w\" sizes=\"auto, (max-width: 421px) 100vw, 421px\" \/><\/figure><\/div>\n\n\n\n<p>Entre as interven\u00e7\u00f5es realizadas os alunos puderam fazer uma interven\u00e7\u00e3o no ambiente escolar plantando seis \u00e1rvores de quatro metros das esp\u00e9cies pau-brasil e sibipiruna. J\u00e1 na din\u00e2mica \u2018Biologando com os animais\u2019, as crian\u00e7as puderam ver, conhecer e saber mais sobre os r\u00e9pteis e aves. Os participantes descobriram a import\u00e2ncia deles no equil\u00edbrio ecol\u00f3gico, al\u00e9m de poder conhecer de perto a cobra, lagarto e o gavi\u00e3o levados pelo projeto. <br><\/p>\n\n\n\n<p>O \u2018Eu sou meio ambiente\u2019 ter\u00e1 dura\u00e7\u00e3o de um ano e, \u00e9 de realiza\u00e7\u00e3o da Prefeitura de Petrolina, atrav\u00e9s da Ag\u00eancia Municipal do Meio Ambiente (AMMA). <\/p>\n\n\n\n<p>Ao longo do projeto ser\u00e3o realizadas din\u00e2micas e oficinas como compostagem dom\u00e9stica; educomunica\u00e7\u00e3o; sa\u00fade dos animais; Biologando com os animais; al\u00e9m de a\u00e7\u00f5es como plantio de mudas, reaproveitamento de \u00e1gua e outros. Todas as atividades ser\u00e3o ministradas por profissionais da \u00e1rea da Agronomia, Veterin\u00e1ria, Biologia e Comunica\u00e7\u00e3o.<\/p>\n","protected":false},"excerpt":{"rendered":"<p>Dando continuidade ao projeto piloto \u2018Eu sou meio ambiente\u2019, a Prefeitura de Petrolina levou at\u00e9 a Escola Municipal Olavo Bilac atividades que desenvolvem a consci\u00eancia ambiental dos pequenos. Nesta sexta-feira (31), crian\u00e7as e funcion\u00e1rios envolvidos no projeto puderam conhecer mais sobre a fauna e a flora da Caatinga. As a\u00e7\u00f5es est\u00e3o sendo desenvolvidas na comunidade de Atalho, zona rural do munic\u00edpio. Entre as interven\u00e7\u00f5es realizadas os alunos puderam fazer uma interven\u00e7\u00e3o no ambiente escolar plantando seis \u00e1rvores de quatro metros das esp\u00e9cies pau-brasil e sibipiruna. J\u00e1 na din\u00e2mica \u2018Biologando com os animais\u2019, as crian\u00e7as puderam ver, conhecer e saber mais sobre os r\u00e9pteis e aves. Os participantes descobriram a import\u00e2ncia deles no equil\u00edbrio ecol\u00f3gico, al\u00e9m de poder conhecer de perto&hellip; <\/p>\n","protected":false},"author":1,"featured_media":229450,"comment_status":"closed","ping_status":"closed","sticky":false,"template":"","format":"standard","meta":{"_acf_changed":false,"footnotes":""},"categories":[1],"tags":[],"class_list":["post-229449","post","type-post","status-publish","format-standard","has-post-thumbnail","hentry","category-politica"],"acf":[],"yoast_head":"<!-- This site is optimized with the Yoast SEO plugin v27.4 - https:\/\/yoast.com\/product\/yoast-seo-wordpress\/ -->\n<title>Projeto ambiental em Petrolina leva animais silvestres e plantio de \u00e1rvores \u00e0 escola da zona rural - Blog do Farn\u00e9sio<\/title>\n<meta name=\"robots\" content=\"index, follow, max-snippet:-1, max-image-preview:large, max-video-preview:-1\" \/>\n<link rel=\"canonical\" href=\"https:\/\/blogdofarnesio.com.br\/?p=229449\" \/>\n<meta property=\"og:locale\" content=\"pt_BR\" \/>\n<meta property=\"og:type\" content=\"article\" \/>\n<meta property=\"og:title\" content=\"Projeto ambiental em Petrolina leva animais silvestres e plantio de \u00e1rvores \u00e0 escola da zona rural - Blog do Farn\u00e9sio\" \/>\n<meta property=\"og:description\" content=\"Dando continuidade ao projeto piloto \u2018Eu sou meio ambiente\u2019, a Prefeitura de Petrolina levou at\u00e9 a Escola Municipal Olavo Bilac atividades que desenvolvem a consci\u00eancia ambiental dos pequenos. Nesta sexta-feira (31), crian\u00e7as e funcion\u00e1rios envolvidos no projeto puderam conhecer mais sobre a fauna e a flora da Caatinga. As a\u00e7\u00f5es est\u00e3o sendo desenvolvidas na comunidade de Atalho, zona rural do munic\u00edpio. Entre as interven\u00e7\u00f5es realizadas os alunos puderam fazer uma interven\u00e7\u00e3o no ambiente escolar plantando seis \u00e1rvores de quatro metros das esp\u00e9cies pau-brasil e sibipiruna. J\u00e1 na din\u00e2mica \u2018Biologando com os animais\u2019, as crian\u00e7as puderam ver, conhecer e saber mais sobre os r\u00e9pteis e aves. Os participantes descobriram a import\u00e2ncia deles no equil\u00edbrio ecol\u00f3gico, al\u00e9m de poder conhecer de perto&hellip;\" \/>\n<meta property=\"og:url\" content=\"https:\/\/blogdofarnesio.com.br\/?p=229449\" \/>\n<meta property=\"og:site_name\" content=\"Blog do Farn\u00e9sio\" \/>\n<meta property=\"article:publisher\" content=\"https:\/\/www.facebook.com\/BlogQuerSaberPolitica\/\" \/>\n<meta property=\"article:published_time\" content=\"2019-06-02T17:00:32+00:00\" \/>\n<meta property=\"og:image\" content=\"https:\/\/blogdofarnesio.com.br\/wp-content\/uploads\/2019\/06\/blogqspmeioambiente-a\u00e7\u00e3o-PMP-Coletivo-2.jpg\" \/>\n\t<meta property=\"og:image:width\" content=\"640\" \/>\n\t<meta property=\"og:image:height\" content=\"480\" \/>\n\t<meta property=\"og:image:type\" content=\"image\/jpeg\" \/>\n<meta name=\"author\" content=\"Farn\u00e9sio\" \/>\n<meta name=\"twitter:card\" content=\"summary_large_image\" \/>\n<meta name=\"twitter:label1\" content=\"Escrito por\" \/>\n\t<meta name=\"twitter:data1\" content=\"Farn\u00e9sio\" \/>\n\t<meta name=\"twitter:label2\" content=\"Est. tempo de leitura\" \/>\n\t<meta name=\"twitter:data2\" content=\"1 minuto\" \/>\n<script type=\"application\/ld+json\" class=\"yoast-schema-graph\">{\"@context\":\"https:\\\/\\\/schema.org\",\"@graph\":[{\"@type\":\"Article\",\"@id\":\"https:\\\/\\\/blogdofarnesio.com.br\\\/?p=229449#article\",\"isPartOf\":{\"@id\":\"https:\\\/\\\/blogdofarnesio.com.br\\\/?p=229449\"},\"author\":{\"name\":\"Farn\u00e9sio\",\"@id\":\"https:\\\/\\\/blogdofarnesio.com.br\\\/#\\\/schema\\\/person\\\/301c4acf522bccbfdb45af95b5b906a1\"},\"headline\":\"Projeto ambiental em Petrolina leva animais silvestres e plantio de \u00e1rvores \u00e0 escola da zona rural\",\"datePublished\":\"2019-06-02T17:00:32+00:00\",\"mainEntityOfPage\":{\"@id\":\"https:\\\/\\\/blogdofarnesio.com.br\\\/?p=229449\"},\"wordCount\":246,\"publisher\":{\"@id\":\"https:\\\/\\\/blogdofarnesio.com.br\\\/#organization\"},\"image\":{\"@id\":\"https:\\\/\\\/blogdofarnesio.com.br\\\/?p=229449#primaryimage\"},\"thumbnailUrl\":\"https:\\\/\\\/blogdofarnesio.com.br\\\/wp-content\\\/uploads\\\/2019\\\/06\\\/blogqspmeioambiente-a\u00e7\u00e3o-PMP-Coletivo-2.jpg\",\"articleSection\":[\"Pol\u00edtica\"],\"inLanguage\":\"pt-BR\"},{\"@type\":\"WebPage\",\"@id\":\"https:\\\/\\\/blogdofarnesio.com.br\\\/?p=229449\",\"url\":\"https:\\\/\\\/blogdofarnesio.com.br\\\/?p=229449\",\"name\":\"Projeto ambiental em Petrolina leva animais silvestres e plantio de \u00e1rvores \u00e0 escola da zona rural - Blog do Farn\u00e9sio\",\"isPartOf\":{\"@id\":\"https:\\\/\\\/blogdofarnesio.com.br\\\/#website\"},\"primaryImageOfPage\":{\"@id\":\"https:\\\/\\\/blogdofarnesio.com.br\\\/?p=229449#primaryimage\"},\"image\":{\"@id\":\"https:\\\/\\\/blogdofarnesio.com.br\\\/?p=229449#primaryimage\"},\"thumbnailUrl\":\"https:\\\/\\\/blogdofarnesio.com.br\\\/wp-content\\\/uploads\\\/2019\\\/06\\\/blogqspmeioambiente-a\u00e7\u00e3o-PMP-Coletivo-2.jpg\",\"datePublished\":\"2019-06-02T17:00:32+00:00\",\"breadcrumb\":{\"@id\":\"https:\\\/\\\/blogdofarnesio.com.br\\\/?p=229449#breadcrumb\"},\"inLanguage\":\"pt-BR\",\"potentialAction\":[{\"@type\":\"ReadAction\",\"target\":[\"https:\\\/\\\/blogdofarnesio.com.br\\\/?p=229449\"]}]},{\"@type\":\"ImageObject\",\"inLanguage\":\"pt-BR\",\"@id\":\"https:\\\/\\\/blogdofarnesio.com.br\\\/?p=229449#primaryimage\",\"url\":\"https:\\\/\\\/blogdofarnesio.com.br\\\/wp-content\\\/uploads\\\/2019\\\/06\\\/blogqspmeioambiente-a\u00e7\u00e3o-PMP-Coletivo-2.jpg\",\"contentUrl\":\"https:\\\/\\\/blogdofarnesio.com.br\\\/wp-content\\\/uploads\\\/2019\\\/06\\\/blogqspmeioambiente-a\u00e7\u00e3o-PMP-Coletivo-2.jpg\",\"width\":640,\"height\":480},{\"@type\":\"BreadcrumbList\",\"@id\":\"https:\\\/\\\/blogdofarnesio.com.br\\\/?p=229449#breadcrumb\",\"itemListElement\":[{\"@type\":\"ListItem\",\"position\":1,\"name\":\"In\u00edcio\",\"item\":\"https:\\\/\\\/blogdofarnesio.com.br\\\/\"},{\"@type\":\"ListItem\",\"position\":2,\"name\":\"Projeto ambiental em Petrolina leva animais silvestres e plantio de \u00e1rvores \u00e0 escola da zona rural\"}]},{\"@type\":\"WebSite\",\"@id\":\"https:\\\/\\\/blogdofarnesio.com.br\\\/#website\",\"url\":\"https:\\\/\\\/blogdofarnesio.com.br\\\/\",\"name\":\"Blog do Farn\u00e9sio\",\"description\":\"Quer Saber Pol\u00edtica?\",\"publisher\":{\"@id\":\"https:\\\/\\\/blogdofarnesio.com.br\\\/#organization\"},\"potentialAction\":[{\"@type\":\"SearchAction\",\"target\":{\"@type\":\"EntryPoint\",\"urlTemplate\":\"https:\\\/\\\/blogdofarnesio.com.br\\\/?s={search_term_string}\"},\"query-input\":{\"@type\":\"PropertyValueSpecification\",\"valueRequired\":true,\"valueName\":\"search_term_string\"}}],\"inLanguage\":\"pt-BR\"},{\"@type\":\"Organization\",\"@id\":\"https:\\\/\\\/blogdofarnesio.com.br\\\/#organization\",\"name\":\"Blog do Farn\u00e9sio\",\"url\":\"https:\\\/\\\/blogdofarnesio.com.br\\\/\",\"logo\":{\"@type\":\"ImageObject\",\"inLanguage\":\"pt-BR\",\"@id\":\"https:\\\/\\\/blogdofarnesio.com.br\\\/#\\\/schema\\\/logo\\\/image\\\/\",\"url\":\"https:\\\/\\\/blogdofarnesio.com.br\\\/wp-content\\\/uploads\\\/2026\\\/03\\\/cropped-logo_new-1.png\",\"contentUrl\":\"https:\\\/\\\/blogdofarnesio.com.br\\\/wp-content\\\/uploads\\\/2026\\\/03\\\/cropped-logo_new-1.png\",\"width\":881,\"height\":685,\"caption\":\"Blog do Farn\u00e9sio\"},\"image\":{\"@id\":\"https:\\\/\\\/blogdofarnesio.com.br\\\/#\\\/schema\\\/logo\\\/image\\\/\"},\"sameAs\":[\"https:\\\/\\\/www.facebook.com\\\/BlogQuerSaberPolitica\\\/\"]},{\"@type\":\"Person\",\"@id\":\"https:\\\/\\\/blogdofarnesio.com.br\\\/#\\\/schema\\\/person\\\/301c4acf522bccbfdb45af95b5b906a1\",\"name\":\"Farn\u00e9sio\",\"image\":{\"@type\":\"ImageObject\",\"inLanguage\":\"pt-BR\",\"@id\":\"https:\\\/\\\/secure.gravatar.com\\\/avatar\\\/df0c9a14567c056f8ad6876ba5bbd1e3e2c48023eb6807342fc4663adf549f38?s=96&d=mm&r=g\",\"url\":\"https:\\\/\\\/secure.gravatar.com\\\/avatar\\\/df0c9a14567c056f8ad6876ba5bbd1e3e2c48023eb6807342fc4663adf549f38?s=96&d=mm&r=g\",\"contentUrl\":\"https:\\\/\\\/secure.gravatar.com\\\/avatar\\\/df0c9a14567c056f8ad6876ba5bbd1e3e2c48023eb6807342fc4663adf549f38?s=96&d=mm&r=g\",\"caption\":\"Farn\u00e9sio\"},\"sameAs\":[\"https:\\\/\\\/quersaberpolitica.com.br\"],\"url\":\"https:\\\/\\\/blogdofarnesio.com.br\\\/?author=1\"}]}<\/script>\n<!-- \/ Yoast SEO plugin. -->","yoast_head_json":{"title":"Projeto ambiental em Petrolina leva animais silvestres e plantio de \u00e1rvores \u00e0 escola da zona rural - Blog do Farn\u00e9sio","robots":{"index":"index","follow":"follow","max-snippet":"max-snippet:-1","max-image-preview":"max-image-preview:large","max-video-preview":"max-video-preview:-1"},"canonical":"https:\/\/blogdofarnesio.com.br\/?p=229449","og_locale":"pt_BR","og_type":"article","og_title":"Projeto ambiental em Petrolina leva animais silvestres e plantio de \u00e1rvores \u00e0 escola da zona rural - Blog do Farn\u00e9sio","og_description":"Dando continuidade ao projeto piloto \u2018Eu sou meio ambiente\u2019, a Prefeitura de Petrolina levou at\u00e9 a Escola Municipal Olavo Bilac atividades que desenvolvem a consci\u00eancia ambiental dos pequenos. Nesta sexta-feira (31), crian\u00e7as e funcion\u00e1rios envolvidos no projeto puderam conhecer mais sobre a fauna e a flora da Caatinga. As a\u00e7\u00f5es est\u00e3o sendo desenvolvidas na comunidade de Atalho, zona rural do munic\u00edpio. Entre as interven\u00e7\u00f5es realizadas os alunos puderam fazer uma interven\u00e7\u00e3o no ambiente escolar plantando seis \u00e1rvores de quatro metros das esp\u00e9cies pau-brasil e sibipiruna. J\u00e1 na din\u00e2mica \u2018Biologando com os animais\u2019, as crian\u00e7as puderam ver, conhecer e saber mais sobre os r\u00e9pteis e aves. Os participantes descobriram a import\u00e2ncia deles no equil\u00edbrio ecol\u00f3gico, al\u00e9m de poder conhecer de perto&hellip;","og_url":"https:\/\/blogdofarnesio.com.br\/?p=229449","og_site_name":"Blog do Farn\u00e9sio","article_publisher":"https:\/\/www.facebook.com\/BlogQuerSaberPolitica\/","article_published_time":"2019-06-02T17:00:32+00:00","og_image":[{"width":640,"height":480,"url":"https:\/\/blogdofarnesio.com.br\/wp-content\/uploads\/2019\/06\/blogqspmeioambiente-a\u00e7\u00e3o-PMP-Coletivo-2.jpg","type":"image\/jpeg"}],"author":"Farn\u00e9sio","twitter_card":"summary_large_image","twitter_misc":{"Escrito por":"Farn\u00e9sio","Est. tempo de leitura":"1 minuto"},"schema":{"@context":"https:\/\/schema.org","@graph":[{"@type":"Article","@id":"https:\/\/blogdofarnesio.com.br\/?p=229449#article","isPartOf":{"@id":"https:\/\/blogdofarnesio.com.br\/?p=229449"},"author":{"name":"Farn\u00e9sio","@id":"https:\/\/blogdofarnesio.com.br\/#\/schema\/person\/301c4acf522bccbfdb45af95b5b906a1"},"headline":"Projeto ambiental em Petrolina leva animais silvestres e plantio de \u00e1rvores \u00e0 escola da zona rural","datePublished":"2019-06-02T17:00:32+00:00","mainEntityOfPage":{"@id":"https:\/\/blogdofarnesio.com.br\/?p=229449"},"wordCount":246,"publisher":{"@id":"https:\/\/blogdofarnesio.com.br\/#organization"},"image":{"@id":"https:\/\/blogdofarnesio.com.br\/?p=229449#primaryimage"},"thumbnailUrl":"https:\/\/blogdofarnesio.com.br\/wp-content\/uploads\/2019\/06\/blogqspmeioambiente-a\u00e7\u00e3o-PMP-Coletivo-2.jpg","articleSection":["Pol\u00edtica"],"inLanguage":"pt-BR"},{"@type":"WebPage","@id":"https:\/\/blogdofarnesio.com.br\/?p=229449","url":"https:\/\/blogdofarnesio.com.br\/?p=229449","name":"Projeto ambiental em Petrolina leva animais silvestres e plantio de \u00e1rvores \u00e0 escola da zona rural - Blog do Farn\u00e9sio","isPartOf":{"@id":"https:\/\/blogdofarnesio.com.br\/#website"},"primaryImageOfPage":{"@id":"https:\/\/blogdofarnesio.com.br\/?p=229449#primaryimage"},"image":{"@id":"https:\/\/blogdofarnesio.com.br\/?p=229449#primaryimage"},"thumbnailUrl":"https:\/\/blogdofarnesio.com.br\/wp-content\/uploads\/2019\/06\/blogqspmeioambiente-a\u00e7\u00e3o-PMP-Coletivo-2.jpg","datePublished":"2019-06-02T17:00:32+00:00","breadcrumb":{"@id":"https:\/\/blogdofarnesio.com.br\/?p=229449#breadcrumb"},"inLanguage":"pt-BR","potentialAction":[{"@type":"ReadAction","target":["https:\/\/blogdofarnesio.com.br\/?p=229449"]}]},{"@type":"ImageObject","inLanguage":"pt-BR","@id":"https:\/\/blogdofarnesio.com.br\/?p=229449#primaryimage","url":"https:\/\/blogdofarnesio.com.br\/wp-content\/uploads\/2019\/06\/blogqspmeioambiente-a\u00e7\u00e3o-PMP-Coletivo-2.jpg","contentUrl":"https:\/\/blogdofarnesio.com.br\/wp-content\/uploads\/2019\/06\/blogqspmeioambiente-a\u00e7\u00e3o-PMP-Coletivo-2.jpg","width":640,"height":480},{"@type":"BreadcrumbList","@id":"https:\/\/blogdofarnesio.com.br\/?p=229449#breadcrumb","itemListElement":[{"@type":"ListItem","position":1,"name":"In\u00edcio","item":"https:\/\/blogdofarnesio.com.br\/"},{"@type":"ListItem","position":2,"name":"Projeto ambiental em Petrolina leva animais silvestres e plantio de \u00e1rvores \u00e0 escola da zona rural"}]},{"@type":"WebSite","@id":"https:\/\/blogdofarnesio.com.br\/#website","url":"https:\/\/blogdofarnesio.com.br\/","name":"Blog do Farn\u00e9sio","description":"Quer Saber Pol\u00edtica?","publisher":{"@id":"https:\/\/blogdofarnesio.com.br\/#organization"},"potentialAction":[{"@type":"SearchAction","target":{"@type":"EntryPoint","urlTemplate":"https:\/\/blogdofarnesio.com.br\/?s={search_term_string}"},"query-input":{"@type":"PropertyValueSpecification","valueRequired":true,"valueName":"search_term_string"}}],"inLanguage":"pt-BR"},{"@type":"Organization","@id":"https:\/\/blogdofarnesio.com.br\/#organization","name":"Blog do Farn\u00e9sio","url":"https:\/\/blogdofarnesio.com.br\/","logo":{"@type":"ImageObject","inLanguage":"pt-BR","@id":"https:\/\/blogdofarnesio.com.br\/#\/schema\/logo\/image\/","url":"https:\/\/blogdofarnesio.com.br\/wp-content\/uploads\/2026\/03\/cropped-logo_new-1.png","contentUrl":"https:\/\/blogdofarnesio.com.br\/wp-content\/uploads\/2026\/03\/cropped-logo_new-1.png","width":881,"height":685,"caption":"Blog do Farn\u00e9sio"},"image":{"@id":"https:\/\/blogdofarnesio.com.br\/#\/schema\/logo\/image\/"},"sameAs":["https:\/\/www.facebook.com\/BlogQuerSaberPolitica\/"]},{"@type":"Person","@id":"https:\/\/blogdofarnesio.com.br\/#\/schema\/person\/301c4acf522bccbfdb45af95b5b906a1","name":"Farn\u00e9sio","image":{"@type":"ImageObject","inLanguage":"pt-BR","@id":"https:\/\/secure.gravatar.com\/avatar\/df0c9a14567c056f8ad6876ba5bbd1e3e2c48023eb6807342fc4663adf549f38?s=96&d=mm&r=g","url":"https:\/\/secure.gravatar.com\/avatar\/df0c9a14567c056f8ad6876ba5bbd1e3e2c48023eb6807342fc4663adf549f38?s=96&d=mm&r=g","contentUrl":"https:\/\/secure.gravatar.com\/avatar\/df0c9a14567c056f8ad6876ba5bbd1e3e2c48023eb6807342fc4663adf549f38?s=96&d=mm&r=g","caption":"Farn\u00e9sio"},"sameAs":["https:\/\/quersaberpolitica.com.br"],"url":"https:\/\/blogdofarnesio.com.br\/?author=1"}]}},"_links":{"self":[{"href":"https:\/\/blogdofarnesio.com.br\/index.php?rest_route=\/wp\/v2\/posts\/229449","targetHints":{"allow":["GET"]}}],"collection":[{"href":"https:\/\/blogdofarnesio.com.br\/index.php?rest_route=\/wp\/v2\/posts"}],"about":[{"href":"https:\/\/blogdofarnesio.com.br\/index.php?rest_route=\/wp\/v2\/types\/post"}],"author":[{"embeddable":true,"href":"https:\/\/blogdofarnesio.com.br\/index.php?rest_route=\/wp\/v2\/users\/1"}],"replies":[{"embeddable":true,"href":"https:\/\/blogdofarnesio.com.br\/index.php?rest_route=%2Fwp%2Fv2%2Fcomments&post=229449"}],"version-history":[{"count":0,"href":"https:\/\/blogdofarnesio.com.br\/index.php?rest_route=\/wp\/v2\/posts\/229449\/revisions"}],"wp:featuredmedia":[{"embeddable":true,"href":"https:\/\/blogdofarnesio.com.br\/index.php?rest_route=\/wp\/v2\/media\/229450"}],"wp:attachment":[{"href":"https:\/\/blogdofarnesio.com.br\/index.php?rest_route=%2Fwp%2Fv2%2Fmedia&parent=229449"}],"wp:term":[{"taxonomy":"category","embeddable":true,"href":"https:\/\/blogdofarnesio.com.br\/index.php?rest_route=%2Fwp%2Fv2%2Fcategories&post=229449"},{"taxonomy":"post_tag","embeddable":true,"href":"https:\/\/blogdofarnesio.com.br\/index.php?rest_route=%2Fwp%2Fv2%2Ftags&post=229449"}],"curies":[{"name":"wp","href":"https:\/\/api.w.org\/{rel}","templated":true}]}}