{"id":228304,"date":"2019-05-18T16:00:19","date_gmt":"2019-05-18T19:00:19","guid":{"rendered":"http:\/\/quersaberpolitica.com.br\/2016\/?p=228304"},"modified":"2019-05-17T17:25:02","modified_gmt":"2019-05-17T20:25:02","slug":"prefeitura-de-sobradinho-celebra-o-dia-dos-agentes-de-limpeza-com-homenagens","status":"publish","type":"post","link":"https:\/\/blogdofarnesio.com.br\/?p=228304","title":{"rendered":"Prefeitura de Sobradinho celebra o Dia dos Agentes de Limpeza com homenagens"},"content":{"rendered":"\n<p>Prefeitura de Sobradinho celebra o Dia dos Agentes de Limpeza com homenagens<br><strong><\/strong><br><\/p>\n\n\n\n<p>Em reconhecimento e valoriza\u00e7\u00e3o ao trabalho realizado pelos agentes de limpeza do munic\u00edpio, a Prefeitura de Sobradinho, atrav\u00e9s da Secretaria de Infraestrutura e Servi\u00e7os P\u00fablicos, promoveu na \u00faltima quinta-feira (16), o Dia dos Agentes de Limpeza, um momento de confraterniza\u00e7\u00e3o com os servidores que contribuem para limpeza da cidade e preserva\u00e7\u00e3o do Meio Ambiente.<\/p>\n\n\n\n<p>Participaram do tradicional caf\u00e9 da manh\u00e3, o Prefeito Luiz Vicente, o Secret\u00e1rio de Infraestrutura Moacir Torres, o Padre Valmir Colombo, o Presidente da C\u00e2mara de Vereadores Regis Cleivys Sampaio e o Ex- Prefeito Luiz Berti.<\/p>\n\n\n\n<p>As homenagens iniciaram logo no in\u00edcio da manh\u00e3 com a ben\u00e7\u00e3o matinal pelo Padre Valmir Colombo, e logo ap\u00f3s foi oferecido um delicioso caf\u00e9 da manh\u00e3.<\/p>\n\n\n\n<p>O religioso destacou a import\u00e2ncia do trabalho dos agentes de limpeza para a sociedade.\u201cEste \u00e9 um momento de celebra\u00e7\u00e3o e reflex\u00e3o sobre a import\u00e2ncia do trabalho desta categoria que exerce uma fun\u00e7\u00e3o t\u00e3o essencial para nossa comunidade. Uma cidade limpa e bem cuidada \u00e9 fruto da educa\u00e7\u00e3o de seus moradores e do zelo de cada profissional do servi\u00e7o de limpeza. Todos n\u00f3s devemos ter a consci\u00eancia de que nenhuma fun\u00e7\u00e3o \u00e9 superior \u00e0 outra, pois cada um desempenha seu papel na melhoria da coletividade, pois como dizem as escrituras: o trabalho dignifica o homem,\u201d disse o Padre Valmir Colombo.<\/p>\n\n\n\n<p>O Secret\u00e1rio de Infraestrutura, Moacir Torres, tamb\u00e9m falou sobre a data.<\/p>\n\n\n\n<p>\u201cFico muito feliz em ver que o prefeito Luiz Vicente vem mantendo o legado deixado pelo Ex- Prefeito, Luiz Berti , em valorizar e reconhecer os servi\u00e7os prestados por esta importante categoria profissional. Prestamos homenagens a estes trabalhadores, por reconhecer o seu relevante papel na sociedade\u201d, destacou o secret\u00e1rio.<\/p>\n\n\n\n<p>A agente de limpeza Cosma Santos falou da satisfa\u00e7\u00e3o de receber as homenagens.<\/p>\n\n\n\n<p>\u201cFico muito feliz em comemorar o nosso dia, principalmente quando lembro que \u00e9 com esse trabalho que sustento a minha fam\u00edlia. Tenho orgulho de fazer parte dessa turma, que apesar das dificuldades enfrentadas no dia-a-dia n\u00e3o perde o entusiasmo e nem a for\u00e7a de vontade. E aproveito pra agradecer ao Prefeito Luiz Vicente em nos prestigiar com sua presen\u00e7a e pelo cuidado que ele tem por n\u00f3s,\u201d declarou a servidora.<\/p>\n\n\n\n<p>O Prefeito Luiz Vicente Berti, que tamb\u00e9m aniversaria no 16 de maio, parabenizou cada servidor pelo seu dia e recebeu o carinho de todos pela data natal\u00edcia<\/p>\n\n\n\n<p>\u201cQuando meu pai era prefeito, ele me trazia para comemorar esta data, que coincidentemente cai no dia do meu anivers\u00e1rio. Isso foi marcante para mim. Atrav\u00e9s do contato com esta gente simples e trabalhadora, que fui ensinado a cuidar e valorizar os trabalhadores da nossa querida Sobradinho. Me orgulho de nascido na mesma data em que se comemora o dia de homens e mulheres zelosos e que s\u00e3o incans\u00e1veis na miss\u00e3o de deixar a nossa cidade mais limpa e mais bonita,\u201d finalizou o prefeito.<\/p>\n\n\n\n<p>Ascom PMS<\/p>\n","protected":false},"excerpt":{"rendered":"<p>Prefeitura de Sobradinho celebra o Dia dos Agentes de Limpeza com homenagens Em reconhecimento e valoriza\u00e7\u00e3o ao trabalho realizado pelos agentes de limpeza do munic\u00edpio, a Prefeitura de Sobradinho, atrav\u00e9s da Secretaria de Infraestrutura e Servi\u00e7os P\u00fablicos, promoveu na \u00faltima quinta-feira (16), o Dia dos Agentes de Limpeza, um momento de confraterniza\u00e7\u00e3o com os servidores que contribuem para limpeza da cidade e preserva\u00e7\u00e3o do Meio Ambiente. Participaram do tradicional caf\u00e9 da manh\u00e3, o Prefeito Luiz Vicente, o Secret\u00e1rio de Infraestrutura Moacir Torres, o Padre Valmir Colombo, o Presidente da C\u00e2mara de Vereadores Regis Cleivys Sampaio e o Ex- Prefeito Luiz Berti. As homenagens iniciaram logo no in\u00edcio da manh\u00e3 com a ben\u00e7\u00e3o matinal pelo Padre Valmir Colombo, e logo ap\u00f3s&hellip; <\/p>\n","protected":false},"author":1,"featured_media":228305,"comment_status":"closed","ping_status":"closed","sticky":false,"template":"","format":"standard","meta":{"_acf_changed":false,"footnotes":""},"categories":[44],"tags":[],"class_list":["post-228304","post","type-post","status-publish","format-standard","has-post-thumbnail","hentry","category-administracao"],"acf":[],"yoast_head":"<!-- This site is optimized with the Yoast SEO plugin v27.4 - https:\/\/yoast.com\/product\/yoast-seo-wordpress\/ -->\n<title>Prefeitura de Sobradinho celebra o Dia dos Agentes de Limpeza com homenagens - Blog do Farn\u00e9sio<\/title>\n<meta name=\"robots\" content=\"index, follow, max-snippet:-1, max-image-preview:large, max-video-preview:-1\" \/>\n<link rel=\"canonical\" href=\"https:\/\/blogdofarnesio.com.br\/?p=228304\" \/>\n<meta property=\"og:locale\" content=\"pt_BR\" \/>\n<meta property=\"og:type\" content=\"article\" \/>\n<meta property=\"og:title\" content=\"Prefeitura de Sobradinho celebra o Dia dos Agentes de Limpeza com homenagens - Blog do Farn\u00e9sio\" \/>\n<meta property=\"og:description\" content=\"Prefeitura de Sobradinho celebra o Dia dos Agentes de Limpeza com homenagens Em reconhecimento e valoriza\u00e7\u00e3o ao trabalho realizado pelos agentes de limpeza do munic\u00edpio, a Prefeitura de Sobradinho, atrav\u00e9s da Secretaria de Infraestrutura e Servi\u00e7os P\u00fablicos, promoveu na \u00faltima quinta-feira (16), o Dia dos Agentes de Limpeza, um momento de confraterniza\u00e7\u00e3o com os servidores que contribuem para limpeza da cidade e preserva\u00e7\u00e3o do Meio Ambiente. Participaram do tradicional caf\u00e9 da manh\u00e3, o Prefeito Luiz Vicente, o Secret\u00e1rio de Infraestrutura Moacir Torres, o Padre Valmir Colombo, o Presidente da C\u00e2mara de Vereadores Regis Cleivys Sampaio e o Ex- Prefeito Luiz Berti. As homenagens iniciaram logo no in\u00edcio da manh\u00e3 com a ben\u00e7\u00e3o matinal pelo Padre Valmir Colombo, e logo ap\u00f3s&hellip;\" \/>\n<meta property=\"og:url\" content=\"https:\/\/blogdofarnesio.com.br\/?p=228304\" \/>\n<meta property=\"og:site_name\" content=\"Blog do Farn\u00e9sio\" \/>\n<meta property=\"article:publisher\" content=\"https:\/\/www.facebook.com\/BlogQuerSaberPolitica\/\" \/>\n<meta property=\"article:published_time\" content=\"2019-05-18T19:00:19+00:00\" \/>\n<meta property=\"og:image\" content=\"https:\/\/blogdofarnesio.com.br\/wp-content\/uploads\/2019\/05\/blogqsp-sobradinho-gari.jpg\" \/>\n\t<meta property=\"og:image:width\" content=\"640\" \/>\n\t<meta property=\"og:image:height\" content=\"361\" \/>\n\t<meta property=\"og:image:type\" content=\"image\/jpeg\" \/>\n<meta name=\"author\" content=\"Farn\u00e9sio\" \/>\n<meta name=\"twitter:card\" content=\"summary_large_image\" \/>\n<meta name=\"twitter:label1\" content=\"Escrito por\" \/>\n\t<meta name=\"twitter:data1\" content=\"Farn\u00e9sio\" \/>\n\t<meta name=\"twitter:label2\" content=\"Est. tempo de leitura\" \/>\n\t<meta name=\"twitter:data2\" content=\"3 minutos\" \/>\n<script type=\"application\/ld+json\" class=\"yoast-schema-graph\">{\"@context\":\"https:\\\/\\\/schema.org\",\"@graph\":[{\"@type\":\"Article\",\"@id\":\"https:\\\/\\\/blogdofarnesio.com.br\\\/?p=228304#article\",\"isPartOf\":{\"@id\":\"https:\\\/\\\/blogdofarnesio.com.br\\\/?p=228304\"},\"author\":{\"name\":\"Farn\u00e9sio\",\"@id\":\"https:\\\/\\\/blogdofarnesio.com.br\\\/#\\\/schema\\\/person\\\/301c4acf522bccbfdb45af95b5b906a1\"},\"headline\":\"Prefeitura de Sobradinho celebra o Dia dos Agentes de Limpeza com homenagens\",\"datePublished\":\"2019-05-18T19:00:19+00:00\",\"mainEntityOfPage\":{\"@id\":\"https:\\\/\\\/blogdofarnesio.com.br\\\/?p=228304\"},\"wordCount\":527,\"publisher\":{\"@id\":\"https:\\\/\\\/blogdofarnesio.com.br\\\/#organization\"},\"image\":{\"@id\":\"https:\\\/\\\/blogdofarnesio.com.br\\\/?p=228304#primaryimage\"},\"thumbnailUrl\":\"https:\\\/\\\/blogdofarnesio.com.br\\\/wp-content\\\/uploads\\\/2019\\\/05\\\/blogqsp-sobradinho-gari.jpg\",\"articleSection\":[\"Administra\u00e7\u00e3o\"],\"inLanguage\":\"pt-BR\"},{\"@type\":\"WebPage\",\"@id\":\"https:\\\/\\\/blogdofarnesio.com.br\\\/?p=228304\",\"url\":\"https:\\\/\\\/blogdofarnesio.com.br\\\/?p=228304\",\"name\":\"Prefeitura de Sobradinho celebra o Dia dos Agentes de Limpeza com homenagens - Blog do Farn\u00e9sio\",\"isPartOf\":{\"@id\":\"https:\\\/\\\/blogdofarnesio.com.br\\\/#website\"},\"primaryImageOfPage\":{\"@id\":\"https:\\\/\\\/blogdofarnesio.com.br\\\/?p=228304#primaryimage\"},\"image\":{\"@id\":\"https:\\\/\\\/blogdofarnesio.com.br\\\/?p=228304#primaryimage\"},\"thumbnailUrl\":\"https:\\\/\\\/blogdofarnesio.com.br\\\/wp-content\\\/uploads\\\/2019\\\/05\\\/blogqsp-sobradinho-gari.jpg\",\"datePublished\":\"2019-05-18T19:00:19+00:00\",\"breadcrumb\":{\"@id\":\"https:\\\/\\\/blogdofarnesio.com.br\\\/?p=228304#breadcrumb\"},\"inLanguage\":\"pt-BR\",\"potentialAction\":[{\"@type\":\"ReadAction\",\"target\":[\"https:\\\/\\\/blogdofarnesio.com.br\\\/?p=228304\"]}]},{\"@type\":\"ImageObject\",\"inLanguage\":\"pt-BR\",\"@id\":\"https:\\\/\\\/blogdofarnesio.com.br\\\/?p=228304#primaryimage\",\"url\":\"https:\\\/\\\/blogdofarnesio.com.br\\\/wp-content\\\/uploads\\\/2019\\\/05\\\/blogqsp-sobradinho-gari.jpg\",\"contentUrl\":\"https:\\\/\\\/blogdofarnesio.com.br\\\/wp-content\\\/uploads\\\/2019\\\/05\\\/blogqsp-sobradinho-gari.jpg\",\"width\":640,\"height\":361},{\"@type\":\"BreadcrumbList\",\"@id\":\"https:\\\/\\\/blogdofarnesio.com.br\\\/?p=228304#breadcrumb\",\"itemListElement\":[{\"@type\":\"ListItem\",\"position\":1,\"name\":\"In\u00edcio\",\"item\":\"https:\\\/\\\/blogdofarnesio.com.br\\\/\"},{\"@type\":\"ListItem\",\"position\":2,\"name\":\"Prefeitura de Sobradinho celebra o Dia dos Agentes de Limpeza com homenagens\"}]},{\"@type\":\"WebSite\",\"@id\":\"https:\\\/\\\/blogdofarnesio.com.br\\\/#website\",\"url\":\"https:\\\/\\\/blogdofarnesio.com.br\\\/\",\"name\":\"Blog do Farn\u00e9sio\",\"description\":\"Quer Saber Pol\u00edtica?\",\"publisher\":{\"@id\":\"https:\\\/\\\/blogdofarnesio.com.br\\\/#organization\"},\"potentialAction\":[{\"@type\":\"SearchAction\",\"target\":{\"@type\":\"EntryPoint\",\"urlTemplate\":\"https:\\\/\\\/blogdofarnesio.com.br\\\/?s={search_term_string}\"},\"query-input\":{\"@type\":\"PropertyValueSpecification\",\"valueRequired\":true,\"valueName\":\"search_term_string\"}}],\"inLanguage\":\"pt-BR\"},{\"@type\":\"Organization\",\"@id\":\"https:\\\/\\\/blogdofarnesio.com.br\\\/#organization\",\"name\":\"Blog do Farn\u00e9sio\",\"url\":\"https:\\\/\\\/blogdofarnesio.com.br\\\/\",\"logo\":{\"@type\":\"ImageObject\",\"inLanguage\":\"pt-BR\",\"@id\":\"https:\\\/\\\/blogdofarnesio.com.br\\\/#\\\/schema\\\/logo\\\/image\\\/\",\"url\":\"https:\\\/\\\/blogdofarnesio.com.br\\\/wp-content\\\/uploads\\\/2026\\\/03\\\/cropped-logo_new-1.png\",\"contentUrl\":\"https:\\\/\\\/blogdofarnesio.com.br\\\/wp-content\\\/uploads\\\/2026\\\/03\\\/cropped-logo_new-1.png\",\"width\":881,\"height\":685,\"caption\":\"Blog do Farn\u00e9sio\"},\"image\":{\"@id\":\"https:\\\/\\\/blogdofarnesio.com.br\\\/#\\\/schema\\\/logo\\\/image\\\/\"},\"sameAs\":[\"https:\\\/\\\/www.facebook.com\\\/BlogQuerSaberPolitica\\\/\"]},{\"@type\":\"Person\",\"@id\":\"https:\\\/\\\/blogdofarnesio.com.br\\\/#\\\/schema\\\/person\\\/301c4acf522bccbfdb45af95b5b906a1\",\"name\":\"Farn\u00e9sio\",\"image\":{\"@type\":\"ImageObject\",\"inLanguage\":\"pt-BR\",\"@id\":\"https:\\\/\\\/secure.gravatar.com\\\/avatar\\\/df0c9a14567c056f8ad6876ba5bbd1e3e2c48023eb6807342fc4663adf549f38?s=96&d=mm&r=g\",\"url\":\"https:\\\/\\\/secure.gravatar.com\\\/avatar\\\/df0c9a14567c056f8ad6876ba5bbd1e3e2c48023eb6807342fc4663adf549f38?s=96&d=mm&r=g\",\"contentUrl\":\"https:\\\/\\\/secure.gravatar.com\\\/avatar\\\/df0c9a14567c056f8ad6876ba5bbd1e3e2c48023eb6807342fc4663adf549f38?s=96&d=mm&r=g\",\"caption\":\"Farn\u00e9sio\"},\"sameAs\":[\"https:\\\/\\\/quersaberpolitica.com.br\"],\"url\":\"https:\\\/\\\/blogdofarnesio.com.br\\\/?author=1\"}]}<\/script>\n<!-- \/ Yoast SEO plugin. -->","yoast_head_json":{"title":"Prefeitura de Sobradinho celebra o Dia dos Agentes de Limpeza com homenagens - Blog do Farn\u00e9sio","robots":{"index":"index","follow":"follow","max-snippet":"max-snippet:-1","max-image-preview":"max-image-preview:large","max-video-preview":"max-video-preview:-1"},"canonical":"https:\/\/blogdofarnesio.com.br\/?p=228304","og_locale":"pt_BR","og_type":"article","og_title":"Prefeitura de Sobradinho celebra o Dia dos Agentes de Limpeza com homenagens - Blog do Farn\u00e9sio","og_description":"Prefeitura de Sobradinho celebra o Dia dos Agentes de Limpeza com homenagens Em reconhecimento e valoriza\u00e7\u00e3o ao trabalho realizado pelos agentes de limpeza do munic\u00edpio, a Prefeitura de Sobradinho, atrav\u00e9s da Secretaria de Infraestrutura e Servi\u00e7os P\u00fablicos, promoveu na \u00faltima quinta-feira (16), o Dia dos Agentes de Limpeza, um momento de confraterniza\u00e7\u00e3o com os servidores que contribuem para limpeza da cidade e preserva\u00e7\u00e3o do Meio Ambiente. Participaram do tradicional caf\u00e9 da manh\u00e3, o Prefeito Luiz Vicente, o Secret\u00e1rio de Infraestrutura Moacir Torres, o Padre Valmir Colombo, o Presidente da C\u00e2mara de Vereadores Regis Cleivys Sampaio e o Ex- Prefeito Luiz Berti. As homenagens iniciaram logo no in\u00edcio da manh\u00e3 com a ben\u00e7\u00e3o matinal pelo Padre Valmir Colombo, e logo ap\u00f3s&hellip;","og_url":"https:\/\/blogdofarnesio.com.br\/?p=228304","og_site_name":"Blog do Farn\u00e9sio","article_publisher":"https:\/\/www.facebook.com\/BlogQuerSaberPolitica\/","article_published_time":"2019-05-18T19:00:19+00:00","og_image":[{"width":640,"height":361,"url":"https:\/\/blogdofarnesio.com.br\/wp-content\/uploads\/2019\/05\/blogqsp-sobradinho-gari.jpg","type":"image\/jpeg"}],"author":"Farn\u00e9sio","twitter_card":"summary_large_image","twitter_misc":{"Escrito por":"Farn\u00e9sio","Est. tempo de leitura":"3 minutos"},"schema":{"@context":"https:\/\/schema.org","@graph":[{"@type":"Article","@id":"https:\/\/blogdofarnesio.com.br\/?p=228304#article","isPartOf":{"@id":"https:\/\/blogdofarnesio.com.br\/?p=228304"},"author":{"name":"Farn\u00e9sio","@id":"https:\/\/blogdofarnesio.com.br\/#\/schema\/person\/301c4acf522bccbfdb45af95b5b906a1"},"headline":"Prefeitura de Sobradinho celebra o Dia dos Agentes de Limpeza com homenagens","datePublished":"2019-05-18T19:00:19+00:00","mainEntityOfPage":{"@id":"https:\/\/blogdofarnesio.com.br\/?p=228304"},"wordCount":527,"publisher":{"@id":"https:\/\/blogdofarnesio.com.br\/#organization"},"image":{"@id":"https:\/\/blogdofarnesio.com.br\/?p=228304#primaryimage"},"thumbnailUrl":"https:\/\/blogdofarnesio.com.br\/wp-content\/uploads\/2019\/05\/blogqsp-sobradinho-gari.jpg","articleSection":["Administra\u00e7\u00e3o"],"inLanguage":"pt-BR"},{"@type":"WebPage","@id":"https:\/\/blogdofarnesio.com.br\/?p=228304","url":"https:\/\/blogdofarnesio.com.br\/?p=228304","name":"Prefeitura de Sobradinho celebra o Dia dos Agentes de Limpeza com homenagens - Blog do Farn\u00e9sio","isPartOf":{"@id":"https:\/\/blogdofarnesio.com.br\/#website"},"primaryImageOfPage":{"@id":"https:\/\/blogdofarnesio.com.br\/?p=228304#primaryimage"},"image":{"@id":"https:\/\/blogdofarnesio.com.br\/?p=228304#primaryimage"},"thumbnailUrl":"https:\/\/blogdofarnesio.com.br\/wp-content\/uploads\/2019\/05\/blogqsp-sobradinho-gari.jpg","datePublished":"2019-05-18T19:00:19+00:00","breadcrumb":{"@id":"https:\/\/blogdofarnesio.com.br\/?p=228304#breadcrumb"},"inLanguage":"pt-BR","potentialAction":[{"@type":"ReadAction","target":["https:\/\/blogdofarnesio.com.br\/?p=228304"]}]},{"@type":"ImageObject","inLanguage":"pt-BR","@id":"https:\/\/blogdofarnesio.com.br\/?p=228304#primaryimage","url":"https:\/\/blogdofarnesio.com.br\/wp-content\/uploads\/2019\/05\/blogqsp-sobradinho-gari.jpg","contentUrl":"https:\/\/blogdofarnesio.com.br\/wp-content\/uploads\/2019\/05\/blogqsp-sobradinho-gari.jpg","width":640,"height":361},{"@type":"BreadcrumbList","@id":"https:\/\/blogdofarnesio.com.br\/?p=228304#breadcrumb","itemListElement":[{"@type":"ListItem","position":1,"name":"In\u00edcio","item":"https:\/\/blogdofarnesio.com.br\/"},{"@type":"ListItem","position":2,"name":"Prefeitura de Sobradinho celebra o Dia dos Agentes de Limpeza com homenagens"}]},{"@type":"WebSite","@id":"https:\/\/blogdofarnesio.com.br\/#website","url":"https:\/\/blogdofarnesio.com.br\/","name":"Blog do Farn\u00e9sio","description":"Quer Saber Pol\u00edtica?","publisher":{"@id":"https:\/\/blogdofarnesio.com.br\/#organization"},"potentialAction":[{"@type":"SearchAction","target":{"@type":"EntryPoint","urlTemplate":"https:\/\/blogdofarnesio.com.br\/?s={search_term_string}"},"query-input":{"@type":"PropertyValueSpecification","valueRequired":true,"valueName":"search_term_string"}}],"inLanguage":"pt-BR"},{"@type":"Organization","@id":"https:\/\/blogdofarnesio.com.br\/#organization","name":"Blog do Farn\u00e9sio","url":"https:\/\/blogdofarnesio.com.br\/","logo":{"@type":"ImageObject","inLanguage":"pt-BR","@id":"https:\/\/blogdofarnesio.com.br\/#\/schema\/logo\/image\/","url":"https:\/\/blogdofarnesio.com.br\/wp-content\/uploads\/2026\/03\/cropped-logo_new-1.png","contentUrl":"https:\/\/blogdofarnesio.com.br\/wp-content\/uploads\/2026\/03\/cropped-logo_new-1.png","width":881,"height":685,"caption":"Blog do Farn\u00e9sio"},"image":{"@id":"https:\/\/blogdofarnesio.com.br\/#\/schema\/logo\/image\/"},"sameAs":["https:\/\/www.facebook.com\/BlogQuerSaberPolitica\/"]},{"@type":"Person","@id":"https:\/\/blogdofarnesio.com.br\/#\/schema\/person\/301c4acf522bccbfdb45af95b5b906a1","name":"Farn\u00e9sio","image":{"@type":"ImageObject","inLanguage":"pt-BR","@id":"https:\/\/secure.gravatar.com\/avatar\/df0c9a14567c056f8ad6876ba5bbd1e3e2c48023eb6807342fc4663adf549f38?s=96&d=mm&r=g","url":"https:\/\/secure.gravatar.com\/avatar\/df0c9a14567c056f8ad6876ba5bbd1e3e2c48023eb6807342fc4663adf549f38?s=96&d=mm&r=g","contentUrl":"https:\/\/secure.gravatar.com\/avatar\/df0c9a14567c056f8ad6876ba5bbd1e3e2c48023eb6807342fc4663adf549f38?s=96&d=mm&r=g","caption":"Farn\u00e9sio"},"sameAs":["https:\/\/quersaberpolitica.com.br"],"url":"https:\/\/blogdofarnesio.com.br\/?author=1"}]}},"_links":{"self":[{"href":"https:\/\/blogdofarnesio.com.br\/index.php?rest_route=\/wp\/v2\/posts\/228304","targetHints":{"allow":["GET"]}}],"collection":[{"href":"https:\/\/blogdofarnesio.com.br\/index.php?rest_route=\/wp\/v2\/posts"}],"about":[{"href":"https:\/\/blogdofarnesio.com.br\/index.php?rest_route=\/wp\/v2\/types\/post"}],"author":[{"embeddable":true,"href":"https:\/\/blogdofarnesio.com.br\/index.php?rest_route=\/wp\/v2\/users\/1"}],"replies":[{"embeddable":true,"href":"https:\/\/blogdofarnesio.com.br\/index.php?rest_route=%2Fwp%2Fv2%2Fcomments&post=228304"}],"version-history":[{"count":0,"href":"https:\/\/blogdofarnesio.com.br\/index.php?rest_route=\/wp\/v2\/posts\/228304\/revisions"}],"wp:featuredmedia":[{"embeddable":true,"href":"https:\/\/blogdofarnesio.com.br\/index.php?rest_route=\/wp\/v2\/media\/228305"}],"wp:attachment":[{"href":"https:\/\/blogdofarnesio.com.br\/index.php?rest_route=%2Fwp%2Fv2%2Fmedia&parent=228304"}],"wp:term":[{"taxonomy":"category","embeddable":true,"href":"https:\/\/blogdofarnesio.com.br\/index.php?rest_route=%2Fwp%2Fv2%2Fcategories&post=228304"},{"taxonomy":"post_tag","embeddable":true,"href":"https:\/\/blogdofarnesio.com.br\/index.php?rest_route=%2Fwp%2Fv2%2Ftags&post=228304"}],"curies":[{"name":"wp","href":"https:\/\/api.w.org\/{rel}","templated":true}]}}