{"id":227781,"date":"2023-05-14T07:00:42","date_gmt":"2023-05-14T10:00:42","guid":{"rendered":"http:\/\/quersaberpolitica.com.br\/2016\/?p=227781"},"modified":"2023-05-12T17:45:29","modified_gmt":"2023-05-12T20:45:29","slug":"choro-de-mae%ef%bb%bf","status":"publish","type":"post","link":"https:\/\/blogdofarnesio.com.br\/?p=227781","title":{"rendered":"Choro de M\u00e3e\ufeff"},"content":{"rendered":"\r\n<p><em>Por que voc\u00ea est\u00e1 chorando? Ele perguntou \u00e0 sua m\u00e3e:<br \/>\u2013 Porque eu sou m\u00e3e , ela respondeu.<br \/>Eu n\u00e3o entendi , ele disse.<br \/>Ela apenas o abra\u00e7ou e sussurrou:<br \/>-Voc\u00ea nunca entender\u00e1 .<\/em><\/p>\r\n\r\n\r\n\r\n<p><em>Mais tarde o menino perguntou ao pai porque as m\u00e3es parecem chorar sem nenhuma aparente raz\u00e3o.<\/em><\/p>\r\n\r\n\r\n\r\n<p><em>Todas as m\u00e3es choram sem motivo , foi o que o pai conseguiu responder.<br \/><\/em><\/p>\r\n\r\n\r\n\r\n<div class=\"wp-block-image\">\r\n<figure class=\"aligncenter is-resized\"><img loading=\"lazy\" decoding=\"async\" class=\"wp-image-203844\" src=\"http:\/\/quersaberpolitica.com.br\/2016\/wp-content\/uploads\/2018\/07\/blogqspmae_chora_rio.jpg\" alt=\"\" width=\"561\" height=\"407\" srcset=\"https:\/\/blogdofarnesio.com.br\/wp-content\/uploads\/2018\/07\/blogqspmae_chora_rio.jpg 400w, https:\/\/blogdofarnesio.com.br\/wp-content\/uploads\/2018\/07\/blogqspmae_chora_rio-300x218.jpg 300w, https:\/\/blogdofarnesio.com.br\/wp-content\/uploads\/2018\/07\/blogqspmae_chora_rio-360x261.jpg 360w\" sizes=\"auto, (max-width: 561px) 100vw, 561px\" \/><\/figure>\r\n<\/div>\r\n\r\n\r\n\r\n<p><em>O menino cresceu, tornou-se um homem e ainda tentava entender porque m\u00e3es volta e meia est\u00e3o chorando.<br \/><\/em><\/p>\r\n\r\n\r\n\r\n<p><em>Ap\u00f3s muitos anos, j\u00e1 em avan\u00e7ada idade, ele deixou o mundo.<\/em><\/p>\r\n\r\n\r\n\r\n<p><em>Quando sua alma viu-se frente a frente com Deus, logo disse:<\/em><\/p>\r\n\r\n\r\n\r\n<p><em>Senhor, nunca entendi porque m\u00e3es choram t\u00e3o facilmente<br \/><\/em><\/p>\r\n\r\n\r\n\r\n<p><em>Disse Deus: Quando eu criei as m\u00e3es tinha que ser algo especial.<\/em><\/p>\r\n\r\n\r\n\r\n<p><em>Eu fiz seus ombros fortes o suficiente para carregar o peso do mundo e, ainda, suficientemente confort\u00e1veis para dar apoio.<\/em><\/p>\r\n\r\n\r\n\r\n<figure class=\"wp-block-image\"><a href=\"http:\/\/www.quersaberpolitica.com.br\/2016\/wp-content\/uploads\/2012\/12\/blogqspmae1.jpg?x93406\"><img decoding=\"async\" src=\"http:\/\/www.quersaberpolitica.com.br\/2016\/wp-content\/uploads\/2012\/12\/blogqspmae1.jpg?x93406\" alt=\"\" \/><\/a><\/figure>\r\n\r\n\r\n\r\n<p><em>Eu dei a elas a for\u00e7a para a hora do nascimento dos filhos e para suportar a rejei\u00e7\u00e3o que tantas vezes vem deles.<\/em><\/p>\r\n\r\n\r\n\r\n<p><em>Eu dei a elas a fibra que permite a continua\u00e7\u00e3o da luta quando todos \u00e0 sua volta j\u00e1 desistiram.<\/em><\/p>\r\n\r\n\r\n\r\n<p><em>Dei-lhes a perseveran\u00e7a em proteger a fam\u00edlia por entre doen\u00e7as e tristezas sem jamais desistir de amar.<\/em><\/p>\r\n\r\n\r\n\r\n<p><em>Dei-lhes a sensibilidade para amar seus filhos diante de quaisquer circunst\u00e2ncias, mesmo que eles a tenham magoado profundamente.<\/em><\/p>\r\n\r\n\r\n\r\n<figure class=\"wp-block-image\"><a href=\"http:\/\/www.quersaberpolitica.com.br\/2016\/wp-content\/uploads\/2012\/12\/blogqspminutolagrima0.jpg?x93406\"><img decoding=\"async\" src=\"http:\/\/www.quersaberpolitica.com.br\/2016\/wp-content\/uploads\/2012\/12\/blogqspminutolagrima0.jpg?x93406\" alt=\"\" \/><\/a><\/figure>\r\n\r\n\r\n\r\n<p><em>Essa mesma sensibilidade as ajuda a silenciar o chorinho dos seus beb\u00eas, fazendo com que se acalmem e, quando adolescentes, que compartilhem com ela suas ansiedades e medos. \u2026<\/em><\/p>\r\n\r\n\r\n\r\n<p><em>E, finalmente, dei-lhes a l\u00e1grima para derramarem sem nenhuma raz\u00e3o aparente.<\/em><\/p>\r\n\r\n\r\n\r\n<p><em>\u00c9 sua \u00fanica fraqueza.<\/em><\/p>\r\n\r\n\r\n\r\n<p><em>Por que fiz isso?<\/em><\/p>\r\n\r\n\r\n\r\n<p><em>Para n\u00e3o diferenci\u00e1-las por completo do restante da esp\u00e9cie humana .<\/em><\/p>\r\n","protected":false},"excerpt":{"rendered":"<p>Por que voc\u00ea est\u00e1 chorando? Ele perguntou \u00e0 sua m\u00e3e:\u2013 Porque eu sou m\u00e3e , ela respondeu.Eu n\u00e3o entendi , ele disse.Ela apenas o abra\u00e7ou e sussurrou:-Voc\u00ea nunca entender\u00e1 . Mais tarde o menino perguntou ao pai porque as m\u00e3es parecem chorar sem nenhuma aparente raz\u00e3o. Todas as m\u00e3es choram sem motivo , foi o que o pai conseguiu responder. O menino cresceu, tornou-se um homem e ainda tentava entender porque m\u00e3es volta e meia est\u00e3o chorando. Ap\u00f3s muitos anos, j\u00e1 em avan\u00e7ada idade, ele deixou o mundo. Quando sua alma viu-se frente a frente com Deus, logo disse: Senhor, nunca entendi porque m\u00e3es choram t\u00e3o facilmente Disse Deus: Quando eu criei as m\u00e3es tinha que ser algo especial. Eu&hellip; <\/p>\n","protected":false},"author":1,"featured_media":177151,"comment_status":"closed","ping_status":"closed","sticky":false,"template":"","format":"standard","meta":{"_acf_changed":false,"footnotes":""},"categories":[10],"tags":[],"class_list":["post-227781","post","type-post","status-publish","format-standard","has-post-thumbnail","hentry","category-cultura"],"acf":[],"yoast_head":"<!-- This site is optimized with the Yoast SEO plugin v27.4 - https:\/\/yoast.com\/product\/yoast-seo-wordpress\/ -->\n<title>Choro de M\u00e3e\ufeff - Blog do Farn\u00e9sio<\/title>\n<meta name=\"robots\" content=\"index, follow, max-snippet:-1, max-image-preview:large, max-video-preview:-1\" \/>\n<link rel=\"canonical\" href=\"https:\/\/blogdofarnesio.com.br\/?p=227781\" \/>\n<meta property=\"og:locale\" content=\"pt_BR\" \/>\n<meta property=\"og:type\" content=\"article\" \/>\n<meta property=\"og:title\" content=\"Choro de M\u00e3e\ufeff - Blog do Farn\u00e9sio\" \/>\n<meta property=\"og:description\" content=\"Por que voc\u00ea est\u00e1 chorando? Ele perguntou \u00e0 sua m\u00e3e:\u2013 Porque eu sou m\u00e3e , ela respondeu.Eu n\u00e3o entendi , ele disse.Ela apenas o abra\u00e7ou e sussurrou:-Voc\u00ea nunca entender\u00e1 . Mais tarde o menino perguntou ao pai porque as m\u00e3es parecem chorar sem nenhuma aparente raz\u00e3o. Todas as m\u00e3es choram sem motivo , foi o que o pai conseguiu responder. O menino cresceu, tornou-se um homem e ainda tentava entender porque m\u00e3es volta e meia est\u00e3o chorando. Ap\u00f3s muitos anos, j\u00e1 em avan\u00e7ada idade, ele deixou o mundo. Quando sua alma viu-se frente a frente com Deus, logo disse: Senhor, nunca entendi porque m\u00e3es choram t\u00e3o facilmente Disse Deus: Quando eu criei as m\u00e3es tinha que ser algo especial. Eu&hellip;\" \/>\n<meta property=\"og:url\" content=\"https:\/\/blogdofarnesio.com.br\/?p=227781\" \/>\n<meta property=\"og:site_name\" content=\"Blog do Farn\u00e9sio\" \/>\n<meta property=\"article:publisher\" content=\"https:\/\/www.facebook.com\/BlogQuerSaberPolitica\/\" \/>\n<meta property=\"article:published_time\" content=\"2023-05-14T10:00:42+00:00\" \/>\n<meta property=\"og:image\" content=\"https:\/\/blogdofarnesio.com.br\/wp-content\/uploads\/2017\/09\/blogqspmaedemiamar-e1506101149212.jpg\" \/>\n\t<meta property=\"og:image:width\" content=\"600\" \/>\n\t<meta property=\"og:image:height\" content=\"338\" \/>\n\t<meta property=\"og:image:type\" content=\"image\/jpeg\" \/>\n<meta name=\"author\" content=\"Farn\u00e9sio\" \/>\n<meta name=\"twitter:card\" content=\"summary_large_image\" \/>\n<meta name=\"twitter:label1\" content=\"Escrito por\" \/>\n\t<meta name=\"twitter:data1\" content=\"Farn\u00e9sio\" \/>\n\t<meta name=\"twitter:label2\" content=\"Est. tempo de leitura\" \/>\n\t<meta name=\"twitter:data2\" content=\"3 minutos\" \/>\n<script type=\"application\/ld+json\" class=\"yoast-schema-graph\">{\"@context\":\"https:\\\/\\\/schema.org\",\"@graph\":[{\"@type\":\"Article\",\"@id\":\"https:\\\/\\\/blogdofarnesio.com.br\\\/?p=227781#article\",\"isPartOf\":{\"@id\":\"https:\\\/\\\/blogdofarnesio.com.br\\\/?p=227781\"},\"author\":{\"name\":\"Farn\u00e9sio\",\"@id\":\"https:\\\/\\\/blogdofarnesio.com.br\\\/#\\\/schema\\\/person\\\/301c4acf522bccbfdb45af95b5b906a1\"},\"headline\":\"Choro de M\u00e3e\ufeff\",\"datePublished\":\"2023-05-14T10:00:42+00:00\",\"mainEntityOfPage\":{\"@id\":\"https:\\\/\\\/blogdofarnesio.com.br\\\/?p=227781\"},\"wordCount\":301,\"publisher\":{\"@id\":\"https:\\\/\\\/blogdofarnesio.com.br\\\/#organization\"},\"image\":{\"@id\":\"https:\\\/\\\/blogdofarnesio.com.br\\\/?p=227781#primaryimage\"},\"thumbnailUrl\":\"https:\\\/\\\/blogdofarnesio.com.br\\\/wp-content\\\/uploads\\\/2017\\\/09\\\/blogqspmaedemiamar-e1506101149212.jpg\",\"articleSection\":[\"Cultura\"],\"inLanguage\":\"pt-BR\"},{\"@type\":\"WebPage\",\"@id\":\"https:\\\/\\\/blogdofarnesio.com.br\\\/?p=227781\",\"url\":\"https:\\\/\\\/blogdofarnesio.com.br\\\/?p=227781\",\"name\":\"Choro de M\u00e3e\ufeff - Blog do Farn\u00e9sio\",\"isPartOf\":{\"@id\":\"https:\\\/\\\/blogdofarnesio.com.br\\\/#website\"},\"primaryImageOfPage\":{\"@id\":\"https:\\\/\\\/blogdofarnesio.com.br\\\/?p=227781#primaryimage\"},\"image\":{\"@id\":\"https:\\\/\\\/blogdofarnesio.com.br\\\/?p=227781#primaryimage\"},\"thumbnailUrl\":\"https:\\\/\\\/blogdofarnesio.com.br\\\/wp-content\\\/uploads\\\/2017\\\/09\\\/blogqspmaedemiamar-e1506101149212.jpg\",\"datePublished\":\"2023-05-14T10:00:42+00:00\",\"breadcrumb\":{\"@id\":\"https:\\\/\\\/blogdofarnesio.com.br\\\/?p=227781#breadcrumb\"},\"inLanguage\":\"pt-BR\",\"potentialAction\":[{\"@type\":\"ReadAction\",\"target\":[\"https:\\\/\\\/blogdofarnesio.com.br\\\/?p=227781\"]}]},{\"@type\":\"ImageObject\",\"inLanguage\":\"pt-BR\",\"@id\":\"https:\\\/\\\/blogdofarnesio.com.br\\\/?p=227781#primaryimage\",\"url\":\"https:\\\/\\\/blogdofarnesio.com.br\\\/wp-content\\\/uploads\\\/2017\\\/09\\\/blogqspmaedemiamar-e1506101149212.jpg\",\"contentUrl\":\"https:\\\/\\\/blogdofarnesio.com.br\\\/wp-content\\\/uploads\\\/2017\\\/09\\\/blogqspmaedemiamar-e1506101149212.jpg\",\"width\":600,\"height\":338},{\"@type\":\"BreadcrumbList\",\"@id\":\"https:\\\/\\\/blogdofarnesio.com.br\\\/?p=227781#breadcrumb\",\"itemListElement\":[{\"@type\":\"ListItem\",\"position\":1,\"name\":\"In\u00edcio\",\"item\":\"https:\\\/\\\/blogdofarnesio.com.br\\\/\"},{\"@type\":\"ListItem\",\"position\":2,\"name\":\"Choro de M\u00e3e\ufeff\"}]},{\"@type\":\"WebSite\",\"@id\":\"https:\\\/\\\/blogdofarnesio.com.br\\\/#website\",\"url\":\"https:\\\/\\\/blogdofarnesio.com.br\\\/\",\"name\":\"Blog do Farn\u00e9sio\",\"description\":\"Quer Saber Pol\u00edtica?\",\"publisher\":{\"@id\":\"https:\\\/\\\/blogdofarnesio.com.br\\\/#organization\"},\"potentialAction\":[{\"@type\":\"SearchAction\",\"target\":{\"@type\":\"EntryPoint\",\"urlTemplate\":\"https:\\\/\\\/blogdofarnesio.com.br\\\/?s={search_term_string}\"},\"query-input\":{\"@type\":\"PropertyValueSpecification\",\"valueRequired\":true,\"valueName\":\"search_term_string\"}}],\"inLanguage\":\"pt-BR\"},{\"@type\":\"Organization\",\"@id\":\"https:\\\/\\\/blogdofarnesio.com.br\\\/#organization\",\"name\":\"Blog do Farn\u00e9sio\",\"url\":\"https:\\\/\\\/blogdofarnesio.com.br\\\/\",\"logo\":{\"@type\":\"ImageObject\",\"inLanguage\":\"pt-BR\",\"@id\":\"https:\\\/\\\/blogdofarnesio.com.br\\\/#\\\/schema\\\/logo\\\/image\\\/\",\"url\":\"https:\\\/\\\/blogdofarnesio.com.br\\\/wp-content\\\/uploads\\\/2026\\\/03\\\/cropped-logo_new-1.png\",\"contentUrl\":\"https:\\\/\\\/blogdofarnesio.com.br\\\/wp-content\\\/uploads\\\/2026\\\/03\\\/cropped-logo_new-1.png\",\"width\":881,\"height\":685,\"caption\":\"Blog do Farn\u00e9sio\"},\"image\":{\"@id\":\"https:\\\/\\\/blogdofarnesio.com.br\\\/#\\\/schema\\\/logo\\\/image\\\/\"},\"sameAs\":[\"https:\\\/\\\/www.facebook.com\\\/BlogQuerSaberPolitica\\\/\"]},{\"@type\":\"Person\",\"@id\":\"https:\\\/\\\/blogdofarnesio.com.br\\\/#\\\/schema\\\/person\\\/301c4acf522bccbfdb45af95b5b906a1\",\"name\":\"Farn\u00e9sio\",\"image\":{\"@type\":\"ImageObject\",\"inLanguage\":\"pt-BR\",\"@id\":\"https:\\\/\\\/secure.gravatar.com\\\/avatar\\\/df0c9a14567c056f8ad6876ba5bbd1e3e2c48023eb6807342fc4663adf549f38?s=96&d=mm&r=g\",\"url\":\"https:\\\/\\\/secure.gravatar.com\\\/avatar\\\/df0c9a14567c056f8ad6876ba5bbd1e3e2c48023eb6807342fc4663adf549f38?s=96&d=mm&r=g\",\"contentUrl\":\"https:\\\/\\\/secure.gravatar.com\\\/avatar\\\/df0c9a14567c056f8ad6876ba5bbd1e3e2c48023eb6807342fc4663adf549f38?s=96&d=mm&r=g\",\"caption\":\"Farn\u00e9sio\"},\"sameAs\":[\"https:\\\/\\\/quersaberpolitica.com.br\"],\"url\":\"https:\\\/\\\/blogdofarnesio.com.br\\\/?author=1\"}]}<\/script>\n<!-- \/ Yoast SEO plugin. -->","yoast_head_json":{"title":"Choro de M\u00e3e\ufeff - Blog do Farn\u00e9sio","robots":{"index":"index","follow":"follow","max-snippet":"max-snippet:-1","max-image-preview":"max-image-preview:large","max-video-preview":"max-video-preview:-1"},"canonical":"https:\/\/blogdofarnesio.com.br\/?p=227781","og_locale":"pt_BR","og_type":"article","og_title":"Choro de M\u00e3e\ufeff - Blog do Farn\u00e9sio","og_description":"Por que voc\u00ea est\u00e1 chorando? Ele perguntou \u00e0 sua m\u00e3e:\u2013 Porque eu sou m\u00e3e , ela respondeu.Eu n\u00e3o entendi , ele disse.Ela apenas o abra\u00e7ou e sussurrou:-Voc\u00ea nunca entender\u00e1 . Mais tarde o menino perguntou ao pai porque as m\u00e3es parecem chorar sem nenhuma aparente raz\u00e3o. Todas as m\u00e3es choram sem motivo , foi o que o pai conseguiu responder. O menino cresceu, tornou-se um homem e ainda tentava entender porque m\u00e3es volta e meia est\u00e3o chorando. Ap\u00f3s muitos anos, j\u00e1 em avan\u00e7ada idade, ele deixou o mundo. Quando sua alma viu-se frente a frente com Deus, logo disse: Senhor, nunca entendi porque m\u00e3es choram t\u00e3o facilmente Disse Deus: Quando eu criei as m\u00e3es tinha que ser algo especial. Eu&hellip;","og_url":"https:\/\/blogdofarnesio.com.br\/?p=227781","og_site_name":"Blog do Farn\u00e9sio","article_publisher":"https:\/\/www.facebook.com\/BlogQuerSaberPolitica\/","article_published_time":"2023-05-14T10:00:42+00:00","og_image":[{"width":600,"height":338,"url":"https:\/\/blogdofarnesio.com.br\/wp-content\/uploads\/2017\/09\/blogqspmaedemiamar-e1506101149212.jpg","type":"image\/jpeg"}],"author":"Farn\u00e9sio","twitter_card":"summary_large_image","twitter_misc":{"Escrito por":"Farn\u00e9sio","Est. tempo de leitura":"3 minutos"},"schema":{"@context":"https:\/\/schema.org","@graph":[{"@type":"Article","@id":"https:\/\/blogdofarnesio.com.br\/?p=227781#article","isPartOf":{"@id":"https:\/\/blogdofarnesio.com.br\/?p=227781"},"author":{"name":"Farn\u00e9sio","@id":"https:\/\/blogdofarnesio.com.br\/#\/schema\/person\/301c4acf522bccbfdb45af95b5b906a1"},"headline":"Choro de M\u00e3e\ufeff","datePublished":"2023-05-14T10:00:42+00:00","mainEntityOfPage":{"@id":"https:\/\/blogdofarnesio.com.br\/?p=227781"},"wordCount":301,"publisher":{"@id":"https:\/\/blogdofarnesio.com.br\/#organization"},"image":{"@id":"https:\/\/blogdofarnesio.com.br\/?p=227781#primaryimage"},"thumbnailUrl":"https:\/\/blogdofarnesio.com.br\/wp-content\/uploads\/2017\/09\/blogqspmaedemiamar-e1506101149212.jpg","articleSection":["Cultura"],"inLanguage":"pt-BR"},{"@type":"WebPage","@id":"https:\/\/blogdofarnesio.com.br\/?p=227781","url":"https:\/\/blogdofarnesio.com.br\/?p=227781","name":"Choro de M\u00e3e\ufeff - Blog do Farn\u00e9sio","isPartOf":{"@id":"https:\/\/blogdofarnesio.com.br\/#website"},"primaryImageOfPage":{"@id":"https:\/\/blogdofarnesio.com.br\/?p=227781#primaryimage"},"image":{"@id":"https:\/\/blogdofarnesio.com.br\/?p=227781#primaryimage"},"thumbnailUrl":"https:\/\/blogdofarnesio.com.br\/wp-content\/uploads\/2017\/09\/blogqspmaedemiamar-e1506101149212.jpg","datePublished":"2023-05-14T10:00:42+00:00","breadcrumb":{"@id":"https:\/\/blogdofarnesio.com.br\/?p=227781#breadcrumb"},"inLanguage":"pt-BR","potentialAction":[{"@type":"ReadAction","target":["https:\/\/blogdofarnesio.com.br\/?p=227781"]}]},{"@type":"ImageObject","inLanguage":"pt-BR","@id":"https:\/\/blogdofarnesio.com.br\/?p=227781#primaryimage","url":"https:\/\/blogdofarnesio.com.br\/wp-content\/uploads\/2017\/09\/blogqspmaedemiamar-e1506101149212.jpg","contentUrl":"https:\/\/blogdofarnesio.com.br\/wp-content\/uploads\/2017\/09\/blogqspmaedemiamar-e1506101149212.jpg","width":600,"height":338},{"@type":"BreadcrumbList","@id":"https:\/\/blogdofarnesio.com.br\/?p=227781#breadcrumb","itemListElement":[{"@type":"ListItem","position":1,"name":"In\u00edcio","item":"https:\/\/blogdofarnesio.com.br\/"},{"@type":"ListItem","position":2,"name":"Choro de M\u00e3e\ufeff"}]},{"@type":"WebSite","@id":"https:\/\/blogdofarnesio.com.br\/#website","url":"https:\/\/blogdofarnesio.com.br\/","name":"Blog do Farn\u00e9sio","description":"Quer Saber Pol\u00edtica?","publisher":{"@id":"https:\/\/blogdofarnesio.com.br\/#organization"},"potentialAction":[{"@type":"SearchAction","target":{"@type":"EntryPoint","urlTemplate":"https:\/\/blogdofarnesio.com.br\/?s={search_term_string}"},"query-input":{"@type":"PropertyValueSpecification","valueRequired":true,"valueName":"search_term_string"}}],"inLanguage":"pt-BR"},{"@type":"Organization","@id":"https:\/\/blogdofarnesio.com.br\/#organization","name":"Blog do Farn\u00e9sio","url":"https:\/\/blogdofarnesio.com.br\/","logo":{"@type":"ImageObject","inLanguage":"pt-BR","@id":"https:\/\/blogdofarnesio.com.br\/#\/schema\/logo\/image\/","url":"https:\/\/blogdofarnesio.com.br\/wp-content\/uploads\/2026\/03\/cropped-logo_new-1.png","contentUrl":"https:\/\/blogdofarnesio.com.br\/wp-content\/uploads\/2026\/03\/cropped-logo_new-1.png","width":881,"height":685,"caption":"Blog do Farn\u00e9sio"},"image":{"@id":"https:\/\/blogdofarnesio.com.br\/#\/schema\/logo\/image\/"},"sameAs":["https:\/\/www.facebook.com\/BlogQuerSaberPolitica\/"]},{"@type":"Person","@id":"https:\/\/blogdofarnesio.com.br\/#\/schema\/person\/301c4acf522bccbfdb45af95b5b906a1","name":"Farn\u00e9sio","image":{"@type":"ImageObject","inLanguage":"pt-BR","@id":"https:\/\/secure.gravatar.com\/avatar\/df0c9a14567c056f8ad6876ba5bbd1e3e2c48023eb6807342fc4663adf549f38?s=96&d=mm&r=g","url":"https:\/\/secure.gravatar.com\/avatar\/df0c9a14567c056f8ad6876ba5bbd1e3e2c48023eb6807342fc4663adf549f38?s=96&d=mm&r=g","contentUrl":"https:\/\/secure.gravatar.com\/avatar\/df0c9a14567c056f8ad6876ba5bbd1e3e2c48023eb6807342fc4663adf549f38?s=96&d=mm&r=g","caption":"Farn\u00e9sio"},"sameAs":["https:\/\/quersaberpolitica.com.br"],"url":"https:\/\/blogdofarnesio.com.br\/?author=1"}]}},"_links":{"self":[{"href":"https:\/\/blogdofarnesio.com.br\/index.php?rest_route=\/wp\/v2\/posts\/227781","targetHints":{"allow":["GET"]}}],"collection":[{"href":"https:\/\/blogdofarnesio.com.br\/index.php?rest_route=\/wp\/v2\/posts"}],"about":[{"href":"https:\/\/blogdofarnesio.com.br\/index.php?rest_route=\/wp\/v2\/types\/post"}],"author":[{"embeddable":true,"href":"https:\/\/blogdofarnesio.com.br\/index.php?rest_route=\/wp\/v2\/users\/1"}],"replies":[{"embeddable":true,"href":"https:\/\/blogdofarnesio.com.br\/index.php?rest_route=%2Fwp%2Fv2%2Fcomments&post=227781"}],"version-history":[{"count":0,"href":"https:\/\/blogdofarnesio.com.br\/index.php?rest_route=\/wp\/v2\/posts\/227781\/revisions"}],"wp:featuredmedia":[{"embeddable":true,"href":"https:\/\/blogdofarnesio.com.br\/index.php?rest_route=\/wp\/v2\/media\/177151"}],"wp:attachment":[{"href":"https:\/\/blogdofarnesio.com.br\/index.php?rest_route=%2Fwp%2Fv2%2Fmedia&parent=227781"}],"wp:term":[{"taxonomy":"category","embeddable":true,"href":"https:\/\/blogdofarnesio.com.br\/index.php?rest_route=%2Fwp%2Fv2%2Fcategories&post=227781"},{"taxonomy":"post_tag","embeddable":true,"href":"https:\/\/blogdofarnesio.com.br\/index.php?rest_route=%2Fwp%2Fv2%2Ftags&post=227781"}],"curies":[{"name":"wp","href":"https:\/\/api.w.org\/{rel}","templated":true}]}}