{"id":227612,"date":"2019-05-09T10:20:38","date_gmt":"2019-05-09T13:20:38","guid":{"rendered":"http:\/\/quersaberpolitica.com.br\/2016\/?p=227612"},"modified":"2019-05-10T09:46:17","modified_gmt":"2019-05-10T12:46:17","slug":"mais-uma-palestra-voltada-aos-meis-da-regiao-e-realizada-na-sala-do-empreendedor-de-juazeiro","status":"publish","type":"post","link":"https:\/\/blogdofarnesio.com.br\/?p=227612","title":{"rendered":"Mais uma palestra voltada aos MEIs da regi\u00e3o \u00e9 realizada na Sala do Empreendedor de Juazeiro"},"content":{"rendered":"\n<p>Lene Radina\/ ASCOM ADEAP<\/p>\n\n\n\n<p>Microempreendedores Individuais (MEIs) da regi\u00e3o, participaram na tarde de ontem (08), na Sala do Empreendedor em Juazeiro, da palestra \u2018Sei Controlar o Meu Dinheiro\u2019, proferida pelo consultor do Sebrae, Fabr\u00edcio Lima. A a\u00e7\u00e3o que \u00e9 uma realiza\u00e7\u00e3o da Prefeitura de Juazeiro, atrav\u00e9s da Ag\u00eancia de Desenvolvimento Econ\u00f4mico, Agricultura e Pecu\u00e1ria (ADEAP) e do Sebrae, tem como objetivo apresentar ferramentas que podem ajudar o MEI a lidar melhor com o dinheiro que circula na empresa.<\/p>\n\n\n\n<p>Foram abordados assuntos ligados ao tema, a exemplo de: como controlar o estoque, fechar o fluxo de caixa mensal, fazer proje\u00e7\u00e3o financeira, n\u00e3o misturar contas da empresa com contas pessoais, controlar e planejar os gastos pessoais. \u201cQuem planeja tra\u00e7a um caminho, erra menos e toma decis\u00f5es bem pensadas, para a trajet\u00f3ria se tornar menos dif\u00edcil\u201d, destacou Fabr\u00edcio.<\/p>\n\n\n\n<p>Para a MEI Cl\u00e1udia Simone Santos, a palestra ajudou a pensar de uma forma mais profissional. \u201cHoje tivemos o privil\u00e9gio de obter informa\u00e7\u00f5es imprescind\u00edveis para a gest\u00e3o de uma microempresa. Aprendemos a registrar os acontecimentos financeiros e fazer a previs\u00e3o dos gastos recebidos. Acredito que com essas informa\u00e7\u00f5es, podemos tomar decis\u00f5es seguras em rela\u00e7\u00e3o ao uso do dinheiro para obter resultados que alavanquem o neg\u00f3cio\u201d, observou.<\/p>\n\n\n\n<p>J\u00e1 Jailma Ferreira Pereira, microempreendedora da regi\u00e3o, falou da import\u00e2ncia dos conte\u00fados apresentados durante a a\u00e7\u00e3o. \u201cMuitas pessoas abrem empresas sem ter conhecimentos espec\u00edficos em gest\u00e3o financeira, por esse motivo, temos um alto \u00edndice de desist\u00eancia. Aprender a administrar as finan\u00e7as internas \u00e9 fundamental para o sucesso do neg\u00f3cio\u201d, declarou.<\/p>\n\n\n\n<p>Para o secret\u00e1rio da ADEAP, Tiano Felix, promover a\u00e7\u00f5es em prol do desenvolvimento econ\u00f4mico \u00e9 um dos focos do governo Paulo Bomfim. \u201cA Sala do Empreendedor, uma grande conquista da atual gest\u00e3o municipal, tem facilitado a abertura de novas empresas, regularizado as atividades informais e oferecido servi\u00e7os aos MEIs. As palestras que est\u00e3o acontecendo todas as quartas-feiras, t\u00eam fortalecido ainda mais o setor, pois oferece informa\u00e7\u00f5es relevantes para o sucesso desses empreendedores\u201d, frisou.&nbsp;&nbsp;&nbsp;<\/p>\n\n\n\n<p>Os cursos s\u00e3o gratuitos e as inscri\u00e7\u00f5es podem ser realizadas na Sala do Empreendedor, localizada na Pra\u00e7a Dr. Jos\u00e9 In\u00e1cio (Pra\u00e7a da Miseric\u00f3rdia), pr\u00e9dio da ACIAJ, Centro, Juazeiro, ou pelo telefone (74) 3613-8389.<\/p>\n","protected":false},"excerpt":{"rendered":"<p>Lene Radina\/ ASCOM ADEAP Microempreendedores Individuais (MEIs) da regi\u00e3o, participaram na tarde de ontem (08), na Sala do Empreendedor em Juazeiro, da palestra \u2018Sei Controlar o Meu Dinheiro\u2019, proferida pelo consultor do Sebrae, Fabr\u00edcio Lima. A a\u00e7\u00e3o que \u00e9 uma realiza\u00e7\u00e3o da Prefeitura de Juazeiro, atrav\u00e9s da Ag\u00eancia de Desenvolvimento Econ\u00f4mico, Agricultura e Pecu\u00e1ria (ADEAP) e do Sebrae, tem como objetivo apresentar ferramentas que podem ajudar o MEI a lidar melhor com o dinheiro que circula na empresa. Foram abordados assuntos ligados ao tema, a exemplo de: como controlar o estoque, fechar o fluxo de caixa mensal, fazer proje\u00e7\u00e3o financeira, n\u00e3o misturar contas da empresa com contas pessoais, controlar e planejar os gastos pessoais. \u201cQuem planeja tra\u00e7a um caminho, erra&hellip; <\/p>\n","protected":false},"author":1,"featured_media":227614,"comment_status":"closed","ping_status":"closed","sticky":false,"template":"","format":"standard","meta":{"_acf_changed":false,"footnotes":""},"categories":[1],"tags":[],"class_list":["post-227612","post","type-post","status-publish","format-standard","has-post-thumbnail","hentry","category-politica"],"acf":[],"yoast_head":"<!-- This site is optimized with the Yoast SEO plugin v27.4 - https:\/\/yoast.com\/product\/yoast-seo-wordpress\/ -->\n<title>Mais uma palestra voltada aos MEIs da regi\u00e3o \u00e9 realizada na Sala do Empreendedor de Juazeiro - Blog do Farn\u00e9sio<\/title>\n<meta name=\"robots\" content=\"index, follow, max-snippet:-1, max-image-preview:large, max-video-preview:-1\" \/>\n<link rel=\"canonical\" href=\"https:\/\/blogdofarnesio.com.br\/?p=227612\" \/>\n<meta property=\"og:locale\" content=\"pt_BR\" \/>\n<meta property=\"og:type\" content=\"article\" \/>\n<meta property=\"og:title\" content=\"Mais uma palestra voltada aos MEIs da regi\u00e3o \u00e9 realizada na Sala do Empreendedor de Juazeiro - Blog do Farn\u00e9sio\" \/>\n<meta property=\"og:description\" content=\"Lene Radina\/ ASCOM ADEAP Microempreendedores Individuais (MEIs) da regi\u00e3o, participaram na tarde de ontem (08), na Sala do Empreendedor em Juazeiro, da palestra \u2018Sei Controlar o Meu Dinheiro\u2019, proferida pelo consultor do Sebrae, Fabr\u00edcio Lima. A a\u00e7\u00e3o que \u00e9 uma realiza\u00e7\u00e3o da Prefeitura de Juazeiro, atrav\u00e9s da Ag\u00eancia de Desenvolvimento Econ\u00f4mico, Agricultura e Pecu\u00e1ria (ADEAP) e do Sebrae, tem como objetivo apresentar ferramentas que podem ajudar o MEI a lidar melhor com o dinheiro que circula na empresa. Foram abordados assuntos ligados ao tema, a exemplo de: como controlar o estoque, fechar o fluxo de caixa mensal, fazer proje\u00e7\u00e3o financeira, n\u00e3o misturar contas da empresa com contas pessoais, controlar e planejar os gastos pessoais. \u201cQuem planeja tra\u00e7a um caminho, erra&hellip;\" \/>\n<meta property=\"og:url\" content=\"https:\/\/blogdofarnesio.com.br\/?p=227612\" \/>\n<meta property=\"og:site_name\" content=\"Blog do Farn\u00e9sio\" \/>\n<meta property=\"article:publisher\" content=\"https:\/\/www.facebook.com\/BlogQuerSaberPolitica\/\" \/>\n<meta property=\"article:published_time\" content=\"2019-05-09T13:20:38+00:00\" \/>\n<meta property=\"article:modified_time\" content=\"2019-05-10T12:46:17+00:00\" \/>\n<meta property=\"og:image\" content=\"https:\/\/blogdofarnesio.com.br\/wp-content\/uploads\/2019\/05\/blogqsp-palestra-sebrae.jpeg\" \/>\n\t<meta property=\"og:image:width\" content=\"640\" \/>\n\t<meta property=\"og:image:height\" content=\"480\" \/>\n\t<meta property=\"og:image:type\" content=\"image\/jpeg\" \/>\n<meta name=\"author\" content=\"Farn\u00e9sio\" \/>\n<meta name=\"twitter:card\" content=\"summary_large_image\" \/>\n<meta name=\"twitter:label1\" content=\"Escrito por\" \/>\n\t<meta name=\"twitter:data1\" content=\"Farn\u00e9sio\" \/>\n\t<meta name=\"twitter:label2\" content=\"Est. tempo de leitura\" \/>\n\t<meta name=\"twitter:data2\" content=\"2 minutos\" \/>\n<script type=\"application\/ld+json\" class=\"yoast-schema-graph\">{\"@context\":\"https:\\\/\\\/schema.org\",\"@graph\":[{\"@type\":\"Article\",\"@id\":\"https:\\\/\\\/blogdofarnesio.com.br\\\/?p=227612#article\",\"isPartOf\":{\"@id\":\"https:\\\/\\\/blogdofarnesio.com.br\\\/?p=227612\"},\"author\":{\"name\":\"Farn\u00e9sio\",\"@id\":\"https:\\\/\\\/blogdofarnesio.com.br\\\/#\\\/schema\\\/person\\\/301c4acf522bccbfdb45af95b5b906a1\"},\"headline\":\"Mais uma palestra voltada aos MEIs da regi\u00e3o \u00e9 realizada na Sala do Empreendedor de Juazeiro\",\"datePublished\":\"2019-05-09T13:20:38+00:00\",\"dateModified\":\"2019-05-10T12:46:17+00:00\",\"mainEntityOfPage\":{\"@id\":\"https:\\\/\\\/blogdofarnesio.com.br\\\/?p=227612\"},\"wordCount\":420,\"publisher\":{\"@id\":\"https:\\\/\\\/blogdofarnesio.com.br\\\/#organization\"},\"image\":{\"@id\":\"https:\\\/\\\/blogdofarnesio.com.br\\\/?p=227612#primaryimage\"},\"thumbnailUrl\":\"https:\\\/\\\/blogdofarnesio.com.br\\\/wp-content\\\/uploads\\\/2019\\\/05\\\/blogqsp-palestra-sebrae.jpeg\",\"articleSection\":[\"Pol\u00edtica\"],\"inLanguage\":\"pt-BR\"},{\"@type\":\"WebPage\",\"@id\":\"https:\\\/\\\/blogdofarnesio.com.br\\\/?p=227612\",\"url\":\"https:\\\/\\\/blogdofarnesio.com.br\\\/?p=227612\",\"name\":\"Mais uma palestra voltada aos MEIs da regi\u00e3o \u00e9 realizada na Sala do Empreendedor de Juazeiro - Blog do Farn\u00e9sio\",\"isPartOf\":{\"@id\":\"https:\\\/\\\/blogdofarnesio.com.br\\\/#website\"},\"primaryImageOfPage\":{\"@id\":\"https:\\\/\\\/blogdofarnesio.com.br\\\/?p=227612#primaryimage\"},\"image\":{\"@id\":\"https:\\\/\\\/blogdofarnesio.com.br\\\/?p=227612#primaryimage\"},\"thumbnailUrl\":\"https:\\\/\\\/blogdofarnesio.com.br\\\/wp-content\\\/uploads\\\/2019\\\/05\\\/blogqsp-palestra-sebrae.jpeg\",\"datePublished\":\"2019-05-09T13:20:38+00:00\",\"dateModified\":\"2019-05-10T12:46:17+00:00\",\"breadcrumb\":{\"@id\":\"https:\\\/\\\/blogdofarnesio.com.br\\\/?p=227612#breadcrumb\"},\"inLanguage\":\"pt-BR\",\"potentialAction\":[{\"@type\":\"ReadAction\",\"target\":[\"https:\\\/\\\/blogdofarnesio.com.br\\\/?p=227612\"]}]},{\"@type\":\"ImageObject\",\"inLanguage\":\"pt-BR\",\"@id\":\"https:\\\/\\\/blogdofarnesio.com.br\\\/?p=227612#primaryimage\",\"url\":\"https:\\\/\\\/blogdofarnesio.com.br\\\/wp-content\\\/uploads\\\/2019\\\/05\\\/blogqsp-palestra-sebrae.jpeg\",\"contentUrl\":\"https:\\\/\\\/blogdofarnesio.com.br\\\/wp-content\\\/uploads\\\/2019\\\/05\\\/blogqsp-palestra-sebrae.jpeg\",\"width\":640,\"height\":480},{\"@type\":\"BreadcrumbList\",\"@id\":\"https:\\\/\\\/blogdofarnesio.com.br\\\/?p=227612#breadcrumb\",\"itemListElement\":[{\"@type\":\"ListItem\",\"position\":1,\"name\":\"In\u00edcio\",\"item\":\"https:\\\/\\\/blogdofarnesio.com.br\\\/\"},{\"@type\":\"ListItem\",\"position\":2,\"name\":\"Mais uma palestra voltada aos MEIs da regi\u00e3o \u00e9 realizada na Sala do Empreendedor de Juazeiro\"}]},{\"@type\":\"WebSite\",\"@id\":\"https:\\\/\\\/blogdofarnesio.com.br\\\/#website\",\"url\":\"https:\\\/\\\/blogdofarnesio.com.br\\\/\",\"name\":\"Blog do Farn\u00e9sio\",\"description\":\"Quer Saber Pol\u00edtica?\",\"publisher\":{\"@id\":\"https:\\\/\\\/blogdofarnesio.com.br\\\/#organization\"},\"potentialAction\":[{\"@type\":\"SearchAction\",\"target\":{\"@type\":\"EntryPoint\",\"urlTemplate\":\"https:\\\/\\\/blogdofarnesio.com.br\\\/?s={search_term_string}\"},\"query-input\":{\"@type\":\"PropertyValueSpecification\",\"valueRequired\":true,\"valueName\":\"search_term_string\"}}],\"inLanguage\":\"pt-BR\"},{\"@type\":\"Organization\",\"@id\":\"https:\\\/\\\/blogdofarnesio.com.br\\\/#organization\",\"name\":\"Blog do Farn\u00e9sio\",\"url\":\"https:\\\/\\\/blogdofarnesio.com.br\\\/\",\"logo\":{\"@type\":\"ImageObject\",\"inLanguage\":\"pt-BR\",\"@id\":\"https:\\\/\\\/blogdofarnesio.com.br\\\/#\\\/schema\\\/logo\\\/image\\\/\",\"url\":\"https:\\\/\\\/blogdofarnesio.com.br\\\/wp-content\\\/uploads\\\/2026\\\/03\\\/cropped-logo_new-1.png\",\"contentUrl\":\"https:\\\/\\\/blogdofarnesio.com.br\\\/wp-content\\\/uploads\\\/2026\\\/03\\\/cropped-logo_new-1.png\",\"width\":881,\"height\":685,\"caption\":\"Blog do Farn\u00e9sio\"},\"image\":{\"@id\":\"https:\\\/\\\/blogdofarnesio.com.br\\\/#\\\/schema\\\/logo\\\/image\\\/\"},\"sameAs\":[\"https:\\\/\\\/www.facebook.com\\\/BlogQuerSaberPolitica\\\/\"]},{\"@type\":\"Person\",\"@id\":\"https:\\\/\\\/blogdofarnesio.com.br\\\/#\\\/schema\\\/person\\\/301c4acf522bccbfdb45af95b5b906a1\",\"name\":\"Farn\u00e9sio\",\"image\":{\"@type\":\"ImageObject\",\"inLanguage\":\"pt-BR\",\"@id\":\"https:\\\/\\\/secure.gravatar.com\\\/avatar\\\/df0c9a14567c056f8ad6876ba5bbd1e3e2c48023eb6807342fc4663adf549f38?s=96&d=mm&r=g\",\"url\":\"https:\\\/\\\/secure.gravatar.com\\\/avatar\\\/df0c9a14567c056f8ad6876ba5bbd1e3e2c48023eb6807342fc4663adf549f38?s=96&d=mm&r=g\",\"contentUrl\":\"https:\\\/\\\/secure.gravatar.com\\\/avatar\\\/df0c9a14567c056f8ad6876ba5bbd1e3e2c48023eb6807342fc4663adf549f38?s=96&d=mm&r=g\",\"caption\":\"Farn\u00e9sio\"},\"sameAs\":[\"https:\\\/\\\/quersaberpolitica.com.br\"],\"url\":\"https:\\\/\\\/blogdofarnesio.com.br\\\/?author=1\"}]}<\/script>\n<!-- \/ Yoast SEO plugin. -->","yoast_head_json":{"title":"Mais uma palestra voltada aos MEIs da regi\u00e3o \u00e9 realizada na Sala do Empreendedor de Juazeiro - Blog do Farn\u00e9sio","robots":{"index":"index","follow":"follow","max-snippet":"max-snippet:-1","max-image-preview":"max-image-preview:large","max-video-preview":"max-video-preview:-1"},"canonical":"https:\/\/blogdofarnesio.com.br\/?p=227612","og_locale":"pt_BR","og_type":"article","og_title":"Mais uma palestra voltada aos MEIs da regi\u00e3o \u00e9 realizada na Sala do Empreendedor de Juazeiro - Blog do Farn\u00e9sio","og_description":"Lene Radina\/ ASCOM ADEAP Microempreendedores Individuais (MEIs) da regi\u00e3o, participaram na tarde de ontem (08), na Sala do Empreendedor em Juazeiro, da palestra \u2018Sei Controlar o Meu Dinheiro\u2019, proferida pelo consultor do Sebrae, Fabr\u00edcio Lima. A a\u00e7\u00e3o que \u00e9 uma realiza\u00e7\u00e3o da Prefeitura de Juazeiro, atrav\u00e9s da Ag\u00eancia de Desenvolvimento Econ\u00f4mico, Agricultura e Pecu\u00e1ria (ADEAP) e do Sebrae, tem como objetivo apresentar ferramentas que podem ajudar o MEI a lidar melhor com o dinheiro que circula na empresa. Foram abordados assuntos ligados ao tema, a exemplo de: como controlar o estoque, fechar o fluxo de caixa mensal, fazer proje\u00e7\u00e3o financeira, n\u00e3o misturar contas da empresa com contas pessoais, controlar e planejar os gastos pessoais. \u201cQuem planeja tra\u00e7a um caminho, erra&hellip;","og_url":"https:\/\/blogdofarnesio.com.br\/?p=227612","og_site_name":"Blog do Farn\u00e9sio","article_publisher":"https:\/\/www.facebook.com\/BlogQuerSaberPolitica\/","article_published_time":"2019-05-09T13:20:38+00:00","article_modified_time":"2019-05-10T12:46:17+00:00","og_image":[{"width":640,"height":480,"url":"https:\/\/blogdofarnesio.com.br\/wp-content\/uploads\/2019\/05\/blogqsp-palestra-sebrae.jpeg","type":"image\/jpeg"}],"author":"Farn\u00e9sio","twitter_card":"summary_large_image","twitter_misc":{"Escrito por":"Farn\u00e9sio","Est. tempo de leitura":"2 minutos"},"schema":{"@context":"https:\/\/schema.org","@graph":[{"@type":"Article","@id":"https:\/\/blogdofarnesio.com.br\/?p=227612#article","isPartOf":{"@id":"https:\/\/blogdofarnesio.com.br\/?p=227612"},"author":{"name":"Farn\u00e9sio","@id":"https:\/\/blogdofarnesio.com.br\/#\/schema\/person\/301c4acf522bccbfdb45af95b5b906a1"},"headline":"Mais uma palestra voltada aos MEIs da regi\u00e3o \u00e9 realizada na Sala do Empreendedor de Juazeiro","datePublished":"2019-05-09T13:20:38+00:00","dateModified":"2019-05-10T12:46:17+00:00","mainEntityOfPage":{"@id":"https:\/\/blogdofarnesio.com.br\/?p=227612"},"wordCount":420,"publisher":{"@id":"https:\/\/blogdofarnesio.com.br\/#organization"},"image":{"@id":"https:\/\/blogdofarnesio.com.br\/?p=227612#primaryimage"},"thumbnailUrl":"https:\/\/blogdofarnesio.com.br\/wp-content\/uploads\/2019\/05\/blogqsp-palestra-sebrae.jpeg","articleSection":["Pol\u00edtica"],"inLanguage":"pt-BR"},{"@type":"WebPage","@id":"https:\/\/blogdofarnesio.com.br\/?p=227612","url":"https:\/\/blogdofarnesio.com.br\/?p=227612","name":"Mais uma palestra voltada aos MEIs da regi\u00e3o \u00e9 realizada na Sala do Empreendedor de Juazeiro - Blog do Farn\u00e9sio","isPartOf":{"@id":"https:\/\/blogdofarnesio.com.br\/#website"},"primaryImageOfPage":{"@id":"https:\/\/blogdofarnesio.com.br\/?p=227612#primaryimage"},"image":{"@id":"https:\/\/blogdofarnesio.com.br\/?p=227612#primaryimage"},"thumbnailUrl":"https:\/\/blogdofarnesio.com.br\/wp-content\/uploads\/2019\/05\/blogqsp-palestra-sebrae.jpeg","datePublished":"2019-05-09T13:20:38+00:00","dateModified":"2019-05-10T12:46:17+00:00","breadcrumb":{"@id":"https:\/\/blogdofarnesio.com.br\/?p=227612#breadcrumb"},"inLanguage":"pt-BR","potentialAction":[{"@type":"ReadAction","target":["https:\/\/blogdofarnesio.com.br\/?p=227612"]}]},{"@type":"ImageObject","inLanguage":"pt-BR","@id":"https:\/\/blogdofarnesio.com.br\/?p=227612#primaryimage","url":"https:\/\/blogdofarnesio.com.br\/wp-content\/uploads\/2019\/05\/blogqsp-palestra-sebrae.jpeg","contentUrl":"https:\/\/blogdofarnesio.com.br\/wp-content\/uploads\/2019\/05\/blogqsp-palestra-sebrae.jpeg","width":640,"height":480},{"@type":"BreadcrumbList","@id":"https:\/\/blogdofarnesio.com.br\/?p=227612#breadcrumb","itemListElement":[{"@type":"ListItem","position":1,"name":"In\u00edcio","item":"https:\/\/blogdofarnesio.com.br\/"},{"@type":"ListItem","position":2,"name":"Mais uma palestra voltada aos MEIs da regi\u00e3o \u00e9 realizada na Sala do Empreendedor de Juazeiro"}]},{"@type":"WebSite","@id":"https:\/\/blogdofarnesio.com.br\/#website","url":"https:\/\/blogdofarnesio.com.br\/","name":"Blog do Farn\u00e9sio","description":"Quer Saber Pol\u00edtica?","publisher":{"@id":"https:\/\/blogdofarnesio.com.br\/#organization"},"potentialAction":[{"@type":"SearchAction","target":{"@type":"EntryPoint","urlTemplate":"https:\/\/blogdofarnesio.com.br\/?s={search_term_string}"},"query-input":{"@type":"PropertyValueSpecification","valueRequired":true,"valueName":"search_term_string"}}],"inLanguage":"pt-BR"},{"@type":"Organization","@id":"https:\/\/blogdofarnesio.com.br\/#organization","name":"Blog do Farn\u00e9sio","url":"https:\/\/blogdofarnesio.com.br\/","logo":{"@type":"ImageObject","inLanguage":"pt-BR","@id":"https:\/\/blogdofarnesio.com.br\/#\/schema\/logo\/image\/","url":"https:\/\/blogdofarnesio.com.br\/wp-content\/uploads\/2026\/03\/cropped-logo_new-1.png","contentUrl":"https:\/\/blogdofarnesio.com.br\/wp-content\/uploads\/2026\/03\/cropped-logo_new-1.png","width":881,"height":685,"caption":"Blog do Farn\u00e9sio"},"image":{"@id":"https:\/\/blogdofarnesio.com.br\/#\/schema\/logo\/image\/"},"sameAs":["https:\/\/www.facebook.com\/BlogQuerSaberPolitica\/"]},{"@type":"Person","@id":"https:\/\/blogdofarnesio.com.br\/#\/schema\/person\/301c4acf522bccbfdb45af95b5b906a1","name":"Farn\u00e9sio","image":{"@type":"ImageObject","inLanguage":"pt-BR","@id":"https:\/\/secure.gravatar.com\/avatar\/df0c9a14567c056f8ad6876ba5bbd1e3e2c48023eb6807342fc4663adf549f38?s=96&d=mm&r=g","url":"https:\/\/secure.gravatar.com\/avatar\/df0c9a14567c056f8ad6876ba5bbd1e3e2c48023eb6807342fc4663adf549f38?s=96&d=mm&r=g","contentUrl":"https:\/\/secure.gravatar.com\/avatar\/df0c9a14567c056f8ad6876ba5bbd1e3e2c48023eb6807342fc4663adf549f38?s=96&d=mm&r=g","caption":"Farn\u00e9sio"},"sameAs":["https:\/\/quersaberpolitica.com.br"],"url":"https:\/\/blogdofarnesio.com.br\/?author=1"}]}},"_links":{"self":[{"href":"https:\/\/blogdofarnesio.com.br\/index.php?rest_route=\/wp\/v2\/posts\/227612","targetHints":{"allow":["GET"]}}],"collection":[{"href":"https:\/\/blogdofarnesio.com.br\/index.php?rest_route=\/wp\/v2\/posts"}],"about":[{"href":"https:\/\/blogdofarnesio.com.br\/index.php?rest_route=\/wp\/v2\/types\/post"}],"author":[{"embeddable":true,"href":"https:\/\/blogdofarnesio.com.br\/index.php?rest_route=\/wp\/v2\/users\/1"}],"replies":[{"embeddable":true,"href":"https:\/\/blogdofarnesio.com.br\/index.php?rest_route=%2Fwp%2Fv2%2Fcomments&post=227612"}],"version-history":[{"count":0,"href":"https:\/\/blogdofarnesio.com.br\/index.php?rest_route=\/wp\/v2\/posts\/227612\/revisions"}],"wp:featuredmedia":[{"embeddable":true,"href":"https:\/\/blogdofarnesio.com.br\/index.php?rest_route=\/wp\/v2\/media\/227614"}],"wp:attachment":[{"href":"https:\/\/blogdofarnesio.com.br\/index.php?rest_route=%2Fwp%2Fv2%2Fmedia&parent=227612"}],"wp:term":[{"taxonomy":"category","embeddable":true,"href":"https:\/\/blogdofarnesio.com.br\/index.php?rest_route=%2Fwp%2Fv2%2Fcategories&post=227612"},{"taxonomy":"post_tag","embeddable":true,"href":"https:\/\/blogdofarnesio.com.br\/index.php?rest_route=%2Fwp%2Fv2%2Ftags&post=227612"}],"curies":[{"name":"wp","href":"https:\/\/api.w.org\/{rel}","templated":true}]}}