{"id":226094,"date":"2019-04-20T15:00:02","date_gmt":"2019-04-20T18:00:02","guid":{"rendered":"http:\/\/quersaberpolitica.com.br\/2016\/?p=226094"},"modified":"2019-04-20T08:56:20","modified_gmt":"2019-04-20T11:56:20","slug":"governo-libera-r-800-milhoes-para-minha-casa-minha-vida","status":"publish","type":"post","link":"https:\/\/blogdofarnesio.com.br\/?p=226094","title":{"rendered":"Governo libera R$ 800 milh\u00f5es para Minha Casa Minha Vida"},"content":{"rendered":"\n<p>Sob amea\u00e7a das construtoras que atuam no Minha Casa Minha Vida de parar obras j\u00e1 em maio, o governo decidiu liberar R$ 800 milh\u00f5es adicionais para o programa de habita\u00e7\u00e3o popular. De acordo com a Folha, o montante nas contas das empresas deve ajudar a cobrir R$ 550 milh\u00f5es em desembolsos atrasados, mas n\u00e3o afasta incertezas para empreendimentos a partir de junho. A libera\u00e7\u00e3o de recursos suplementares ocorreu ap\u00f3s press\u00e3o das construtoras, principalmente as que atuam na faixa 1 do programa, destinada a fam\u00edlias com renda at\u00e9 R$ 1.800 mensais. Nesse segmento, 90% do valor do im\u00f3vel \u00e9 subsidiado com recursos do Or\u00e7amento, por meio do FAR (Fundo de Arrendamento Residencial). <\/p>\n\n\n\n<p>Para 2019, a dota\u00e7\u00e3o or\u00e7ament\u00e1ria para o programa seria de R$ 4,6 bilh\u00f5es. Mas mesmo construtoras das faixas 1,5 e 2, em que o subs\u00eddio \u00e9 menor, relatam atrasos e temem impactos financeiros. Uma suspens\u00e3o nos recursos federais nesses segmentos afetaria em cheio at\u00e9 mercados mais maduros e empresas de grande porte em S\u00e3o Paulo, um dos poucos estados onde se esbo\u00e7a recupera\u00e7\u00e3o do setor imobili\u00e1rio.<\/p>\n\n\n\n<p>Conforme a Folha, para grandes companhias, paralisar obras \u00e9 o \u00faltimo recurso, mas construtores ouvidos pela Folha relatam que suspenderam a procura por novos terrenos e est\u00e3o revendo estrat\u00e9gias para futuras aquisi\u00e7\u00f5es e lan\u00e7amentos. A pr\u00e9via operacional do primeiro trimestre da MRV Engenharia, maior companhia do Brasil no segmento popular, aponta que a empresa n\u00e3o gerou caixa pela primeira vez em 26 trimestres.<\/p>\n\n\n\n<p>Antes de o governo determinar a libera\u00e7\u00e3o de R$ 800 milh\u00f5es, um empres\u00e1rio de uma grande construtora, que pediu anonimato, classificou o cen\u00e1rio como dram\u00e1tico e beirando a irresponsabilidade. Outro disse que a situa\u00e7\u00e3o \u00e9 de caos, porque o governo n\u00e3o est\u00e1 conseguindo honrar com o cerca de 1,5% de participa\u00e7\u00e3o que tem no programa.<\/p>\n\n\n\n<p>A maior parte dos recursos para o Minha Casa Minha Vida vem do FGTS (Fundo de Garantia do Tempo de Servi\u00e7o), mas o fundo n\u00e3o pode aportar dinheiro enquanto o Tesouro Nacional n\u00e3o colocar sua parte, porque a manobra poderia ser considerada uma pedalada fiscal. Empres\u00e1rios afirmam n\u00e3o entender a posi\u00e7\u00e3o do governo, que, dizem, pregou o liberalismo econ\u00f4mico e a seguran\u00e7a jur\u00eddica para melhorar o ambiente de neg\u00f3cios, mas est\u00e1 promovendo uma quebra generalizada de contratos.<\/p>\n\n\n\n<p>E lamentam uma situa\u00e7\u00e3o que consideram desnecess\u00e1ria e contraproducente, j\u00e1 que a demanda no segmento popular existe e \u00e9 o que vem sustentando o mercado imobili\u00e1rio nos \u00faltimos anos. Desde o come\u00e7o do ano, as empresas que operam no programa reclamam de redu\u00e7\u00f5es nos repasses de valores.<\/p>\n\n\n\n<p>Na primeira delas, que vigorou de janeiro a mar\u00e7o, o governo desembolsou 1\/18 dos valores previstos para cada m\u00eas, em vez do tradicional 1\/12 equivalente \u00e0 divis\u00e3o mensal do Or\u00e7amento anual. A frustra\u00e7\u00e3o com as receitas no primeiro bimestre fez com que o governo anunciasse, em mar\u00e7o, um novo contingenciamento de R$ 29,7 bilh\u00f5es nos gastos do Or\u00e7amento.<\/p>\n\n\n\n<p>No fim do mesmo m\u00eas, um decreto publicado pelo Minist\u00e9rio da Economia fixou novos tetos de desembolso para o MCMV, reduzindo em 39% o limite para pagamento do MDR (Minist\u00e9rio do Desenvolvimento Regional), que passou a gerenciar o programa ap\u00f3s a extin\u00e7\u00e3o, neste ano, do Minist\u00e9rio das Cidades. Na noite de quarta-feira (17), o MDR informou que, em abril e maio, os repasses para o programa ser\u00e3o de R$ 550 milh\u00f5es. Em junho, o valor recua para R$ 500 milh\u00f5es. Depois disso, a incerteza se mant\u00e9m. N\u00e3o est\u00e1 claro se os R$ 800 milh\u00f5es adicionais refor\u00e7ar\u00e3o os valores contingenciados ou se pagar\u00e3o os R$ 550 milh\u00f5es que dizem estar em atraso.<\/p>\n\n\n\n<p>Pelo decreto que estipulou o corte de despesas, j\u00e1 em julho, os recursos para todos os programas do minist\u00e9rio cairiam para R$ 239,2 milh\u00f5es e, em outubro, despencariam para R$ 89,2 milh\u00f5es. Desde o in\u00edcio do ano, o Minist\u00e9rio do Desenvolvimento Regional liberou R$ 933 milh\u00f5es ao Minha Casa. As informa\u00e7\u00f5es s\u00e3o da Folha.<\/p>\n","protected":false},"excerpt":{"rendered":"<p>Sob amea\u00e7a das construtoras que atuam no Minha Casa Minha Vida de parar obras j\u00e1 em maio, o governo decidiu liberar R$ 800 milh\u00f5es adicionais para o programa de habita\u00e7\u00e3o popular. De acordo com a Folha, o montante nas contas das empresas deve ajudar a cobrir R$ 550 milh\u00f5es em desembolsos atrasados, mas n\u00e3o afasta incertezas para empreendimentos a partir de junho. A libera\u00e7\u00e3o de recursos suplementares ocorreu ap\u00f3s press\u00e3o das construtoras, principalmente as que atuam na faixa 1 do programa, destinada a fam\u00edlias com renda at\u00e9 R$ 1.800 mensais. Nesse segmento, 90% do valor do im\u00f3vel \u00e9 subsidiado com recursos do Or\u00e7amento, por meio do FAR (Fundo de Arrendamento Residencial). Para 2019, a dota\u00e7\u00e3o or\u00e7ament\u00e1ria para o programa seria&hellip; <\/p>\n","protected":false},"author":1,"featured_media":78397,"comment_status":"closed","ping_status":"closed","sticky":false,"template":"","format":"standard","meta":{"_acf_changed":false,"footnotes":""},"categories":[1],"tags":[],"class_list":["post-226094","post","type-post","status-publish","format-standard","has-post-thumbnail","hentry","category-politica"],"acf":[],"yoast_head":"<!-- This site is optimized with the Yoast SEO plugin v27.4 - https:\/\/yoast.com\/product\/yoast-seo-wordpress\/ -->\n<title>Governo libera R$ 800 milh\u00f5es para Minha Casa Minha Vida - Blog do Farn\u00e9sio<\/title>\n<meta name=\"robots\" content=\"index, follow, max-snippet:-1, max-image-preview:large, max-video-preview:-1\" \/>\n<link rel=\"canonical\" href=\"https:\/\/blogdofarnesio.com.br\/?p=226094\" \/>\n<meta property=\"og:locale\" content=\"pt_BR\" \/>\n<meta property=\"og:type\" content=\"article\" \/>\n<meta property=\"og:title\" content=\"Governo libera R$ 800 milh\u00f5es para Minha Casa Minha Vida - Blog do Farn\u00e9sio\" \/>\n<meta property=\"og:description\" content=\"Sob amea\u00e7a das construtoras que atuam no Minha Casa Minha Vida de parar obras j\u00e1 em maio, o governo decidiu liberar R$ 800 milh\u00f5es adicionais para o programa de habita\u00e7\u00e3o popular. De acordo com a Folha, o montante nas contas das empresas deve ajudar a cobrir R$ 550 milh\u00f5es em desembolsos atrasados, mas n\u00e3o afasta incertezas para empreendimentos a partir de junho. A libera\u00e7\u00e3o de recursos suplementares ocorreu ap\u00f3s press\u00e3o das construtoras, principalmente as que atuam na faixa 1 do programa, destinada a fam\u00edlias com renda at\u00e9 R$ 1.800 mensais. Nesse segmento, 90% do valor do im\u00f3vel \u00e9 subsidiado com recursos do Or\u00e7amento, por meio do FAR (Fundo de Arrendamento Residencial). Para 2019, a dota\u00e7\u00e3o or\u00e7ament\u00e1ria para o programa seria&hellip;\" \/>\n<meta property=\"og:url\" content=\"https:\/\/blogdofarnesio.com.br\/?p=226094\" \/>\n<meta property=\"og:site_name\" content=\"Blog do Farn\u00e9sio\" \/>\n<meta property=\"article:publisher\" content=\"https:\/\/www.facebook.com\/BlogQuerSaberPolitica\/\" \/>\n<meta property=\"article:published_time\" content=\"2019-04-20T18:00:02+00:00\" \/>\n<meta property=\"og:image\" content=\"https:\/\/blogdofarnesio.com.br\/wp-content\/uploads\/2014\/04\/blogqsp_isaquevisitaobraminhacasaminhavida1.jpg\" \/>\n\t<meta property=\"og:image:width\" content=\"640\" \/>\n\t<meta property=\"og:image:height\" content=\"425\" \/>\n\t<meta property=\"og:image:type\" content=\"image\/jpeg\" \/>\n<meta name=\"author\" content=\"Farn\u00e9sio\" \/>\n<meta name=\"twitter:card\" content=\"summary_large_image\" \/>\n<meta name=\"twitter:label1\" content=\"Escrito por\" \/>\n\t<meta name=\"twitter:data1\" content=\"Farn\u00e9sio\" \/>\n\t<meta name=\"twitter:label2\" content=\"Est. tempo de leitura\" \/>\n\t<meta name=\"twitter:data2\" content=\"3 minutos\" \/>\n<script type=\"application\/ld+json\" class=\"yoast-schema-graph\">{\"@context\":\"https:\\\/\\\/schema.org\",\"@graph\":[{\"@type\":\"Article\",\"@id\":\"https:\\\/\\\/blogdofarnesio.com.br\\\/?p=226094#article\",\"isPartOf\":{\"@id\":\"https:\\\/\\\/blogdofarnesio.com.br\\\/?p=226094\"},\"author\":{\"name\":\"Farn\u00e9sio\",\"@id\":\"https:\\\/\\\/blogdofarnesio.com.br\\\/#\\\/schema\\\/person\\\/301c4acf522bccbfdb45af95b5b906a1\"},\"headline\":\"Governo libera R$ 800 milh\u00f5es para Minha Casa Minha Vida\",\"datePublished\":\"2019-04-20T18:00:02+00:00\",\"mainEntityOfPage\":{\"@id\":\"https:\\\/\\\/blogdofarnesio.com.br\\\/?p=226094\"},\"wordCount\":704,\"publisher\":{\"@id\":\"https:\\\/\\\/blogdofarnesio.com.br\\\/#organization\"},\"image\":{\"@id\":\"https:\\\/\\\/blogdofarnesio.com.br\\\/?p=226094#primaryimage\"},\"thumbnailUrl\":\"https:\\\/\\\/blogdofarnesio.com.br\\\/wp-content\\\/uploads\\\/2014\\\/04\\\/blogqsp_isaquevisitaobraminhacasaminhavida1.jpg\",\"articleSection\":[\"Pol\u00edtica\"],\"inLanguage\":\"pt-BR\"},{\"@type\":\"WebPage\",\"@id\":\"https:\\\/\\\/blogdofarnesio.com.br\\\/?p=226094\",\"url\":\"https:\\\/\\\/blogdofarnesio.com.br\\\/?p=226094\",\"name\":\"Governo libera R$ 800 milh\u00f5es para Minha Casa Minha Vida - Blog do Farn\u00e9sio\",\"isPartOf\":{\"@id\":\"https:\\\/\\\/blogdofarnesio.com.br\\\/#website\"},\"primaryImageOfPage\":{\"@id\":\"https:\\\/\\\/blogdofarnesio.com.br\\\/?p=226094#primaryimage\"},\"image\":{\"@id\":\"https:\\\/\\\/blogdofarnesio.com.br\\\/?p=226094#primaryimage\"},\"thumbnailUrl\":\"https:\\\/\\\/blogdofarnesio.com.br\\\/wp-content\\\/uploads\\\/2014\\\/04\\\/blogqsp_isaquevisitaobraminhacasaminhavida1.jpg\",\"datePublished\":\"2019-04-20T18:00:02+00:00\",\"breadcrumb\":{\"@id\":\"https:\\\/\\\/blogdofarnesio.com.br\\\/?p=226094#breadcrumb\"},\"inLanguage\":\"pt-BR\",\"potentialAction\":[{\"@type\":\"ReadAction\",\"target\":[\"https:\\\/\\\/blogdofarnesio.com.br\\\/?p=226094\"]}]},{\"@type\":\"ImageObject\",\"inLanguage\":\"pt-BR\",\"@id\":\"https:\\\/\\\/blogdofarnesio.com.br\\\/?p=226094#primaryimage\",\"url\":\"https:\\\/\\\/blogdofarnesio.com.br\\\/wp-content\\\/uploads\\\/2014\\\/04\\\/blogqsp_isaquevisitaobraminhacasaminhavida1.jpg\",\"contentUrl\":\"https:\\\/\\\/blogdofarnesio.com.br\\\/wp-content\\\/uploads\\\/2014\\\/04\\\/blogqsp_isaquevisitaobraminhacasaminhavida1.jpg\",\"width\":640,\"height\":425},{\"@type\":\"BreadcrumbList\",\"@id\":\"https:\\\/\\\/blogdofarnesio.com.br\\\/?p=226094#breadcrumb\",\"itemListElement\":[{\"@type\":\"ListItem\",\"position\":1,\"name\":\"In\u00edcio\",\"item\":\"https:\\\/\\\/blogdofarnesio.com.br\\\/\"},{\"@type\":\"ListItem\",\"position\":2,\"name\":\"Governo libera R$ 800 milh\u00f5es para Minha Casa Minha Vida\"}]},{\"@type\":\"WebSite\",\"@id\":\"https:\\\/\\\/blogdofarnesio.com.br\\\/#website\",\"url\":\"https:\\\/\\\/blogdofarnesio.com.br\\\/\",\"name\":\"Blog do Farn\u00e9sio\",\"description\":\"Quer Saber Pol\u00edtica?\",\"publisher\":{\"@id\":\"https:\\\/\\\/blogdofarnesio.com.br\\\/#organization\"},\"potentialAction\":[{\"@type\":\"SearchAction\",\"target\":{\"@type\":\"EntryPoint\",\"urlTemplate\":\"https:\\\/\\\/blogdofarnesio.com.br\\\/?s={search_term_string}\"},\"query-input\":{\"@type\":\"PropertyValueSpecification\",\"valueRequired\":true,\"valueName\":\"search_term_string\"}}],\"inLanguage\":\"pt-BR\"},{\"@type\":\"Organization\",\"@id\":\"https:\\\/\\\/blogdofarnesio.com.br\\\/#organization\",\"name\":\"Blog do Farn\u00e9sio\",\"url\":\"https:\\\/\\\/blogdofarnesio.com.br\\\/\",\"logo\":{\"@type\":\"ImageObject\",\"inLanguage\":\"pt-BR\",\"@id\":\"https:\\\/\\\/blogdofarnesio.com.br\\\/#\\\/schema\\\/logo\\\/image\\\/\",\"url\":\"https:\\\/\\\/blogdofarnesio.com.br\\\/wp-content\\\/uploads\\\/2026\\\/03\\\/cropped-logo_new-1.png\",\"contentUrl\":\"https:\\\/\\\/blogdofarnesio.com.br\\\/wp-content\\\/uploads\\\/2026\\\/03\\\/cropped-logo_new-1.png\",\"width\":881,\"height\":685,\"caption\":\"Blog do Farn\u00e9sio\"},\"image\":{\"@id\":\"https:\\\/\\\/blogdofarnesio.com.br\\\/#\\\/schema\\\/logo\\\/image\\\/\"},\"sameAs\":[\"https:\\\/\\\/www.facebook.com\\\/BlogQuerSaberPolitica\\\/\"]},{\"@type\":\"Person\",\"@id\":\"https:\\\/\\\/blogdofarnesio.com.br\\\/#\\\/schema\\\/person\\\/301c4acf522bccbfdb45af95b5b906a1\",\"name\":\"Farn\u00e9sio\",\"image\":{\"@type\":\"ImageObject\",\"inLanguage\":\"pt-BR\",\"@id\":\"https:\\\/\\\/secure.gravatar.com\\\/avatar\\\/df0c9a14567c056f8ad6876ba5bbd1e3e2c48023eb6807342fc4663adf549f38?s=96&d=mm&r=g\",\"url\":\"https:\\\/\\\/secure.gravatar.com\\\/avatar\\\/df0c9a14567c056f8ad6876ba5bbd1e3e2c48023eb6807342fc4663adf549f38?s=96&d=mm&r=g\",\"contentUrl\":\"https:\\\/\\\/secure.gravatar.com\\\/avatar\\\/df0c9a14567c056f8ad6876ba5bbd1e3e2c48023eb6807342fc4663adf549f38?s=96&d=mm&r=g\",\"caption\":\"Farn\u00e9sio\"},\"sameAs\":[\"https:\\\/\\\/quersaberpolitica.com.br\"],\"url\":\"https:\\\/\\\/blogdofarnesio.com.br\\\/?author=1\"}]}<\/script>\n<!-- \/ Yoast SEO plugin. -->","yoast_head_json":{"title":"Governo libera R$ 800 milh\u00f5es para Minha Casa Minha Vida - Blog do Farn\u00e9sio","robots":{"index":"index","follow":"follow","max-snippet":"max-snippet:-1","max-image-preview":"max-image-preview:large","max-video-preview":"max-video-preview:-1"},"canonical":"https:\/\/blogdofarnesio.com.br\/?p=226094","og_locale":"pt_BR","og_type":"article","og_title":"Governo libera R$ 800 milh\u00f5es para Minha Casa Minha Vida - Blog do Farn\u00e9sio","og_description":"Sob amea\u00e7a das construtoras que atuam no Minha Casa Minha Vida de parar obras j\u00e1 em maio, o governo decidiu liberar R$ 800 milh\u00f5es adicionais para o programa de habita\u00e7\u00e3o popular. De acordo com a Folha, o montante nas contas das empresas deve ajudar a cobrir R$ 550 milh\u00f5es em desembolsos atrasados, mas n\u00e3o afasta incertezas para empreendimentos a partir de junho. A libera\u00e7\u00e3o de recursos suplementares ocorreu ap\u00f3s press\u00e3o das construtoras, principalmente as que atuam na faixa 1 do programa, destinada a fam\u00edlias com renda at\u00e9 R$ 1.800 mensais. Nesse segmento, 90% do valor do im\u00f3vel \u00e9 subsidiado com recursos do Or\u00e7amento, por meio do FAR (Fundo de Arrendamento Residencial). Para 2019, a dota\u00e7\u00e3o or\u00e7ament\u00e1ria para o programa seria&hellip;","og_url":"https:\/\/blogdofarnesio.com.br\/?p=226094","og_site_name":"Blog do Farn\u00e9sio","article_publisher":"https:\/\/www.facebook.com\/BlogQuerSaberPolitica\/","article_published_time":"2019-04-20T18:00:02+00:00","og_image":[{"width":640,"height":425,"url":"https:\/\/blogdofarnesio.com.br\/wp-content\/uploads\/2014\/04\/blogqsp_isaquevisitaobraminhacasaminhavida1.jpg","type":"image\/jpeg"}],"author":"Farn\u00e9sio","twitter_card":"summary_large_image","twitter_misc":{"Escrito por":"Farn\u00e9sio","Est. tempo de leitura":"3 minutos"},"schema":{"@context":"https:\/\/schema.org","@graph":[{"@type":"Article","@id":"https:\/\/blogdofarnesio.com.br\/?p=226094#article","isPartOf":{"@id":"https:\/\/blogdofarnesio.com.br\/?p=226094"},"author":{"name":"Farn\u00e9sio","@id":"https:\/\/blogdofarnesio.com.br\/#\/schema\/person\/301c4acf522bccbfdb45af95b5b906a1"},"headline":"Governo libera R$ 800 milh\u00f5es para Minha Casa Minha Vida","datePublished":"2019-04-20T18:00:02+00:00","mainEntityOfPage":{"@id":"https:\/\/blogdofarnesio.com.br\/?p=226094"},"wordCount":704,"publisher":{"@id":"https:\/\/blogdofarnesio.com.br\/#organization"},"image":{"@id":"https:\/\/blogdofarnesio.com.br\/?p=226094#primaryimage"},"thumbnailUrl":"https:\/\/blogdofarnesio.com.br\/wp-content\/uploads\/2014\/04\/blogqsp_isaquevisitaobraminhacasaminhavida1.jpg","articleSection":["Pol\u00edtica"],"inLanguage":"pt-BR"},{"@type":"WebPage","@id":"https:\/\/blogdofarnesio.com.br\/?p=226094","url":"https:\/\/blogdofarnesio.com.br\/?p=226094","name":"Governo libera R$ 800 milh\u00f5es para Minha Casa Minha Vida - Blog do Farn\u00e9sio","isPartOf":{"@id":"https:\/\/blogdofarnesio.com.br\/#website"},"primaryImageOfPage":{"@id":"https:\/\/blogdofarnesio.com.br\/?p=226094#primaryimage"},"image":{"@id":"https:\/\/blogdofarnesio.com.br\/?p=226094#primaryimage"},"thumbnailUrl":"https:\/\/blogdofarnesio.com.br\/wp-content\/uploads\/2014\/04\/blogqsp_isaquevisitaobraminhacasaminhavida1.jpg","datePublished":"2019-04-20T18:00:02+00:00","breadcrumb":{"@id":"https:\/\/blogdofarnesio.com.br\/?p=226094#breadcrumb"},"inLanguage":"pt-BR","potentialAction":[{"@type":"ReadAction","target":["https:\/\/blogdofarnesio.com.br\/?p=226094"]}]},{"@type":"ImageObject","inLanguage":"pt-BR","@id":"https:\/\/blogdofarnesio.com.br\/?p=226094#primaryimage","url":"https:\/\/blogdofarnesio.com.br\/wp-content\/uploads\/2014\/04\/blogqsp_isaquevisitaobraminhacasaminhavida1.jpg","contentUrl":"https:\/\/blogdofarnesio.com.br\/wp-content\/uploads\/2014\/04\/blogqsp_isaquevisitaobraminhacasaminhavida1.jpg","width":640,"height":425},{"@type":"BreadcrumbList","@id":"https:\/\/blogdofarnesio.com.br\/?p=226094#breadcrumb","itemListElement":[{"@type":"ListItem","position":1,"name":"In\u00edcio","item":"https:\/\/blogdofarnesio.com.br\/"},{"@type":"ListItem","position":2,"name":"Governo libera R$ 800 milh\u00f5es para Minha Casa Minha Vida"}]},{"@type":"WebSite","@id":"https:\/\/blogdofarnesio.com.br\/#website","url":"https:\/\/blogdofarnesio.com.br\/","name":"Blog do Farn\u00e9sio","description":"Quer Saber Pol\u00edtica?","publisher":{"@id":"https:\/\/blogdofarnesio.com.br\/#organization"},"potentialAction":[{"@type":"SearchAction","target":{"@type":"EntryPoint","urlTemplate":"https:\/\/blogdofarnesio.com.br\/?s={search_term_string}"},"query-input":{"@type":"PropertyValueSpecification","valueRequired":true,"valueName":"search_term_string"}}],"inLanguage":"pt-BR"},{"@type":"Organization","@id":"https:\/\/blogdofarnesio.com.br\/#organization","name":"Blog do Farn\u00e9sio","url":"https:\/\/blogdofarnesio.com.br\/","logo":{"@type":"ImageObject","inLanguage":"pt-BR","@id":"https:\/\/blogdofarnesio.com.br\/#\/schema\/logo\/image\/","url":"https:\/\/blogdofarnesio.com.br\/wp-content\/uploads\/2026\/03\/cropped-logo_new-1.png","contentUrl":"https:\/\/blogdofarnesio.com.br\/wp-content\/uploads\/2026\/03\/cropped-logo_new-1.png","width":881,"height":685,"caption":"Blog do Farn\u00e9sio"},"image":{"@id":"https:\/\/blogdofarnesio.com.br\/#\/schema\/logo\/image\/"},"sameAs":["https:\/\/www.facebook.com\/BlogQuerSaberPolitica\/"]},{"@type":"Person","@id":"https:\/\/blogdofarnesio.com.br\/#\/schema\/person\/301c4acf522bccbfdb45af95b5b906a1","name":"Farn\u00e9sio","image":{"@type":"ImageObject","inLanguage":"pt-BR","@id":"https:\/\/secure.gravatar.com\/avatar\/df0c9a14567c056f8ad6876ba5bbd1e3e2c48023eb6807342fc4663adf549f38?s=96&d=mm&r=g","url":"https:\/\/secure.gravatar.com\/avatar\/df0c9a14567c056f8ad6876ba5bbd1e3e2c48023eb6807342fc4663adf549f38?s=96&d=mm&r=g","contentUrl":"https:\/\/secure.gravatar.com\/avatar\/df0c9a14567c056f8ad6876ba5bbd1e3e2c48023eb6807342fc4663adf549f38?s=96&d=mm&r=g","caption":"Farn\u00e9sio"},"sameAs":["https:\/\/quersaberpolitica.com.br"],"url":"https:\/\/blogdofarnesio.com.br\/?author=1"}]}},"_links":{"self":[{"href":"https:\/\/blogdofarnesio.com.br\/index.php?rest_route=\/wp\/v2\/posts\/226094","targetHints":{"allow":["GET"]}}],"collection":[{"href":"https:\/\/blogdofarnesio.com.br\/index.php?rest_route=\/wp\/v2\/posts"}],"about":[{"href":"https:\/\/blogdofarnesio.com.br\/index.php?rest_route=\/wp\/v2\/types\/post"}],"author":[{"embeddable":true,"href":"https:\/\/blogdofarnesio.com.br\/index.php?rest_route=\/wp\/v2\/users\/1"}],"replies":[{"embeddable":true,"href":"https:\/\/blogdofarnesio.com.br\/index.php?rest_route=%2Fwp%2Fv2%2Fcomments&post=226094"}],"version-history":[{"count":0,"href":"https:\/\/blogdofarnesio.com.br\/index.php?rest_route=\/wp\/v2\/posts\/226094\/revisions"}],"wp:featuredmedia":[{"embeddable":true,"href":"https:\/\/blogdofarnesio.com.br\/index.php?rest_route=\/wp\/v2\/media\/78397"}],"wp:attachment":[{"href":"https:\/\/blogdofarnesio.com.br\/index.php?rest_route=%2Fwp%2Fv2%2Fmedia&parent=226094"}],"wp:term":[{"taxonomy":"category","embeddable":true,"href":"https:\/\/blogdofarnesio.com.br\/index.php?rest_route=%2Fwp%2Fv2%2Fcategories&post=226094"},{"taxonomy":"post_tag","embeddable":true,"href":"https:\/\/blogdofarnesio.com.br\/index.php?rest_route=%2Fwp%2Fv2%2Ftags&post=226094"}],"curies":[{"name":"wp","href":"https:\/\/api.w.org\/{rel}","templated":true}]}}