{"id":226084,"date":"2019-04-20T12:00:57","date_gmt":"2019-04-20T15:00:57","guid":{"rendered":"http:\/\/quersaberpolitica.com.br\/2016\/?p=226084"},"modified":"2019-04-20T08:51:20","modified_gmt":"2019-04-20T11:51:20","slug":"avianca-vai-cancelar-646-voos-de-22-a-28-de-abril","status":"publish","type":"post","link":"https:\/\/blogdofarnesio.com.br\/?p=226084","title":{"rendered":"Avianca vai cancelar 646 voos de 22 a 28 de abril"},"content":{"rendered":"\n<p>Com a devolu\u00e7\u00e3o de 18 de seus 25 avi\u00f5es a partir de segunda-feira (22), a Avianca Brasil terminar\u00e1 a pr\u00f3xima semana com 66% voos a menos em rela\u00e7\u00e3o a 2018. Segundo o G1, ser\u00e3o 646 voos de 22 a 28 de abril, contra 1.910 no mesmo per\u00edodo do ano passado, segundo levantamento do G1 com base em dados da Ag\u00eancia Nacional de Avia\u00e7\u00e3o Civil (Anac). Centenas de voos t\u00eam sido cancelados. Procurada, a Avianca Brasil n\u00e3o quis comentar.<\/p>\n\n\n\n<p>O n\u00famero de voos na semana que vem cair\u00e1 gradativamente \u00e0 medida em que os avi\u00f5es forem devolvidos:<\/p>\n\n\n\n<p>Segunda, 22\/4: 150 voos<br>Ter\u00e7a, 23\/4: 118 voos<br>Quarta, 24\/4: 98 voos<br>Quinta, 25\/4: 88 voos<br>Sexta, 26\/4: 70 voos<br>S\u00e1bado, 27\/4: 60 voos<br>Domingo, 28\/4: 62 voos<\/p>\n\n\n\n<p>Em recupera\u00e7\u00e3o judicial desde dezembro, a companhia foi obrigada a devolver as aeronaves aos donos (chamados de &#8220;lessores&#8221;) por falta de pagamento, ap\u00f3s sucessivas decis\u00f5es da Justi\u00e7a. As devolu\u00e7\u00f5es foram mediadas pela Anac. De acordo com o G1, a diminui\u00e7\u00e3o dos voos \u00e9 reflexo da frota menor &#8211;j\u00e1 foram mais de 40 avi\u00f5es; a partir da semana que vem, ser\u00e3o sete. A consequ\u00eancia: o n\u00famero de aeroportos atendidos chegar\u00e1 a 12 em 28 de abril, ante 31 em 28 de abril de 2018.<\/p>\n\n\n\n<p>O cancelamento de voos come\u00e7ou em 13 de abril e tem ocorrido diariamente desde ent\u00e3o. S\u00f3 nesta P\u00e1scoa, ter\u00e3o sido 612 voos cancelados em rela\u00e7\u00e3o \u00e0 P\u00e1scoa do ano passado, ou 62% a menos. Passageiros est\u00e3o sendo avisados com anteced\u00eancia, segundo a companhia.<\/p>\n\n\n\n<p>A atualiza\u00e7\u00e3o dos voos cancelados est\u00e1 na p\u00e1gina da&nbsp;<a href=\"https:\/\/www.avianca.com.br\/-\/cancelamento-de-voos-a-partir-de-abril-\" target=\"_blank\" rel=\"noreferrer noopener\">Avianca Brasil.<\/a><\/p>\n\n\n\n<p>A companhia a\u00e9rea disse que tem entrado em contato com os passageiros afetados para oferecer reembolso ou op\u00e7\u00f5es de reacomoda\u00e7\u00e3o. Tamb\u00e9m informou que, se as passagens foram compradas por meio de ag\u00eancias, sites de viagem, o passageiro deve entrar em contato diretamente com as empresas.<\/p>\n\n\n\n<p>Segundo a Anac, em caso de cancelamento ou de altera\u00e7\u00e3o do voo por iniciativa da Avianca, o passageiro deve ter os seus direitos respeitados, dispon\u00edveis para consulta no portal da Anac na internet. Reclama\u00e7\u00f5es podem ser feitas pela plataforma Consumidor.gov.br e, caso n\u00e3o sejam atendidas, o passageiro poder\u00e1 recorrer aos \u00f3rg\u00e3os do Servi\u00e7o Nacional de Defesa do Consumidor.<\/p>\n\n\n\n<p><strong>Plano de recupera\u00e7\u00e3o<\/strong><br>Quarta maior companhia a\u00e9rea do Brasil, a Avianca Brasil est\u00e1 em recupera\u00e7\u00e3o judicial desde dezembro do ano passado. Em 5 de abril, os credores aprovaram o plano de recupera\u00e7\u00e3o judicial da companhia. O plano prev\u00ea a divis\u00e3o da companhia em sete Unidades Produtivas Isoladas (UPIs) que ser\u00e3o levadas a leil\u00e3o, marcado para o dia 7 de maio. Tanto a Latam Brasil quanto a Gol concordaram em fazer uma oferta no valor m\u00ednimo de US$ 70 milh\u00f5es para pelo menos uma UPI e seus respectivos ativos. A Azul chegou a fazer uma oferta de compra, mas, na quinta-feira (18), anunciou ter desistido.<\/p>\n\n\n\n<p>Nos \u00faltimos dias, a companhia a\u00e9rea tamb\u00e9m tem enfrentado uma s\u00e9rie de problemas com operadores de aeroportos. A companhia est\u00e1 atrasando o pagamento de taxas aeroportu\u00e1rias, o que tem levado as empresas operadores a amea\u00e7ar de suspens\u00e3o de voos da companhia.<\/p>\n\n\n\n<p>O juiz que homologou o plano de recupera\u00e7\u00e3o da Avianca n\u00e3o aceitou o pedido da a\u00e9rea para que a devolu\u00e7\u00e3o dos avi\u00f5es fosse feita gradualmente, at\u00e9 julho. A companhia j\u00e1 atrasou pagamentos nos aeroportos de Guarulhos, Florian\u00f3polis, Porto Alegre, Salvador e Fortaleza.<\/p>\n","protected":false},"excerpt":{"rendered":"<p>Com a devolu\u00e7\u00e3o de 18 de seus 25 avi\u00f5es a partir de segunda-feira (22), a Avianca Brasil terminar\u00e1 a pr\u00f3xima semana com 66% voos a menos em rela\u00e7\u00e3o a 2018. Segundo o G1, ser\u00e3o 646 voos de 22 a 28 de abril, contra 1.910 no mesmo per\u00edodo do ano passado, segundo levantamento do G1 com base em dados da Ag\u00eancia Nacional de Avia\u00e7\u00e3o Civil (Anac). Centenas de voos t\u00eam sido cancelados. Procurada, a Avianca Brasil n\u00e3o quis comentar. O n\u00famero de voos na semana que vem cair\u00e1 gradativamente \u00e0 medida em que os avi\u00f5es forem devolvidos: Segunda, 22\/4: 150 voosTer\u00e7a, 23\/4: 118 voosQuarta, 24\/4: 98 voosQuinta, 25\/4: 88 voosSexta, 26\/4: 70 voosS\u00e1bado, 27\/4: 60 voosDomingo, 28\/4: 62 voos Em recupera\u00e7\u00e3o&hellip; <\/p>\n","protected":false},"author":1,"featured_media":149438,"comment_status":"closed","ping_status":"closed","sticky":false,"template":"","format":"standard","meta":{"_acf_changed":false,"footnotes":""},"categories":[44],"tags":[],"class_list":["post-226084","post","type-post","status-publish","format-standard","has-post-thumbnail","hentry","category-administracao"],"acf":[],"yoast_head":"<!-- This site is optimized with the Yoast SEO plugin v27.4 - https:\/\/yoast.com\/product\/yoast-seo-wordpress\/ -->\n<title>Avianca vai cancelar 646 voos de 22 a 28 de abril - Blog do Farn\u00e9sio<\/title>\n<meta name=\"robots\" content=\"index, follow, max-snippet:-1, max-image-preview:large, max-video-preview:-1\" \/>\n<link rel=\"canonical\" href=\"https:\/\/blogdofarnesio.com.br\/?p=226084\" \/>\n<meta property=\"og:locale\" content=\"pt_BR\" \/>\n<meta property=\"og:type\" content=\"article\" \/>\n<meta property=\"og:title\" content=\"Avianca vai cancelar 646 voos de 22 a 28 de abril - Blog do Farn\u00e9sio\" \/>\n<meta property=\"og:description\" content=\"Com a devolu\u00e7\u00e3o de 18 de seus 25 avi\u00f5es a partir de segunda-feira (22), a Avianca Brasil terminar\u00e1 a pr\u00f3xima semana com 66% voos a menos em rela\u00e7\u00e3o a 2018. Segundo o G1, ser\u00e3o 646 voos de 22 a 28 de abril, contra 1.910 no mesmo per\u00edodo do ano passado, segundo levantamento do G1 com base em dados da Ag\u00eancia Nacional de Avia\u00e7\u00e3o Civil (Anac). Centenas de voos t\u00eam sido cancelados. Procurada, a Avianca Brasil n\u00e3o quis comentar. O n\u00famero de voos na semana que vem cair\u00e1 gradativamente \u00e0 medida em que os avi\u00f5es forem devolvidos: Segunda, 22\/4: 150 voosTer\u00e7a, 23\/4: 118 voosQuarta, 24\/4: 98 voosQuinta, 25\/4: 88 voosSexta, 26\/4: 70 voosS\u00e1bado, 27\/4: 60 voosDomingo, 28\/4: 62 voos Em recupera\u00e7\u00e3o&hellip;\" \/>\n<meta property=\"og:url\" content=\"https:\/\/blogdofarnesio.com.br\/?p=226084\" \/>\n<meta property=\"og:site_name\" content=\"Blog do Farn\u00e9sio\" \/>\n<meta property=\"article:publisher\" content=\"https:\/\/www.facebook.com\/BlogQuerSaberPolitica\/\" \/>\n<meta property=\"article:published_time\" content=\"2019-04-20T15:00:57+00:00\" \/>\n<meta property=\"og:image\" content=\"https:\/\/blogdofarnesio.com.br\/wp-content\/uploads\/2016\/10\/blog-qso-avianca.jpg\" \/>\n\t<meta property=\"og:image:width\" content=\"448\" \/>\n\t<meta property=\"og:image:height\" content=\"280\" \/>\n\t<meta property=\"og:image:type\" content=\"image\/jpeg\" \/>\n<meta name=\"author\" content=\"Farn\u00e9sio\" \/>\n<meta name=\"twitter:card\" content=\"summary_large_image\" \/>\n<meta name=\"twitter:label1\" content=\"Escrito por\" \/>\n\t<meta name=\"twitter:data1\" content=\"Farn\u00e9sio\" \/>\n\t<meta name=\"twitter:label2\" content=\"Est. tempo de leitura\" \/>\n\t<meta name=\"twitter:data2\" content=\"3 minutos\" \/>\n<script type=\"application\/ld+json\" class=\"yoast-schema-graph\">{\"@context\":\"https:\\\/\\\/schema.org\",\"@graph\":[{\"@type\":\"Article\",\"@id\":\"https:\\\/\\\/blogdofarnesio.com.br\\\/?p=226084#article\",\"isPartOf\":{\"@id\":\"https:\\\/\\\/blogdofarnesio.com.br\\\/?p=226084\"},\"author\":{\"name\":\"Farn\u00e9sio\",\"@id\":\"https:\\\/\\\/blogdofarnesio.com.br\\\/#\\\/schema\\\/person\\\/301c4acf522bccbfdb45af95b5b906a1\"},\"headline\":\"Avianca vai cancelar 646 voos de 22 a 28 de abril\",\"datePublished\":\"2019-04-20T15:00:57+00:00\",\"mainEntityOfPage\":{\"@id\":\"https:\\\/\\\/blogdofarnesio.com.br\\\/?p=226084\"},\"wordCount\":583,\"publisher\":{\"@id\":\"https:\\\/\\\/blogdofarnesio.com.br\\\/#organization\"},\"image\":{\"@id\":\"https:\\\/\\\/blogdofarnesio.com.br\\\/?p=226084#primaryimage\"},\"thumbnailUrl\":\"https:\\\/\\\/blogdofarnesio.com.br\\\/wp-content\\\/uploads\\\/2016\\\/10\\\/blog-qso-avianca.jpg\",\"articleSection\":[\"Administra\u00e7\u00e3o\"],\"inLanguage\":\"pt-BR\"},{\"@type\":\"WebPage\",\"@id\":\"https:\\\/\\\/blogdofarnesio.com.br\\\/?p=226084\",\"url\":\"https:\\\/\\\/blogdofarnesio.com.br\\\/?p=226084\",\"name\":\"Avianca vai cancelar 646 voos de 22 a 28 de abril - Blog do Farn\u00e9sio\",\"isPartOf\":{\"@id\":\"https:\\\/\\\/blogdofarnesio.com.br\\\/#website\"},\"primaryImageOfPage\":{\"@id\":\"https:\\\/\\\/blogdofarnesio.com.br\\\/?p=226084#primaryimage\"},\"image\":{\"@id\":\"https:\\\/\\\/blogdofarnesio.com.br\\\/?p=226084#primaryimage\"},\"thumbnailUrl\":\"https:\\\/\\\/blogdofarnesio.com.br\\\/wp-content\\\/uploads\\\/2016\\\/10\\\/blog-qso-avianca.jpg\",\"datePublished\":\"2019-04-20T15:00:57+00:00\",\"breadcrumb\":{\"@id\":\"https:\\\/\\\/blogdofarnesio.com.br\\\/?p=226084#breadcrumb\"},\"inLanguage\":\"pt-BR\",\"potentialAction\":[{\"@type\":\"ReadAction\",\"target\":[\"https:\\\/\\\/blogdofarnesio.com.br\\\/?p=226084\"]}]},{\"@type\":\"ImageObject\",\"inLanguage\":\"pt-BR\",\"@id\":\"https:\\\/\\\/blogdofarnesio.com.br\\\/?p=226084#primaryimage\",\"url\":\"https:\\\/\\\/blogdofarnesio.com.br\\\/wp-content\\\/uploads\\\/2016\\\/10\\\/blog-qso-avianca.jpg\",\"contentUrl\":\"https:\\\/\\\/blogdofarnesio.com.br\\\/wp-content\\\/uploads\\\/2016\\\/10\\\/blog-qso-avianca.jpg\",\"width\":448,\"height\":280,\"caption\":\"Reprodu\u00e7\u00e3o: Do mundo da Paula\"},{\"@type\":\"BreadcrumbList\",\"@id\":\"https:\\\/\\\/blogdofarnesio.com.br\\\/?p=226084#breadcrumb\",\"itemListElement\":[{\"@type\":\"ListItem\",\"position\":1,\"name\":\"In\u00edcio\",\"item\":\"https:\\\/\\\/blogdofarnesio.com.br\\\/\"},{\"@type\":\"ListItem\",\"position\":2,\"name\":\"Avianca vai cancelar 646 voos de 22 a 28 de abril\"}]},{\"@type\":\"WebSite\",\"@id\":\"https:\\\/\\\/blogdofarnesio.com.br\\\/#website\",\"url\":\"https:\\\/\\\/blogdofarnesio.com.br\\\/\",\"name\":\"Blog do Farn\u00e9sio\",\"description\":\"Quer Saber Pol\u00edtica?\",\"publisher\":{\"@id\":\"https:\\\/\\\/blogdofarnesio.com.br\\\/#organization\"},\"potentialAction\":[{\"@type\":\"SearchAction\",\"target\":{\"@type\":\"EntryPoint\",\"urlTemplate\":\"https:\\\/\\\/blogdofarnesio.com.br\\\/?s={search_term_string}\"},\"query-input\":{\"@type\":\"PropertyValueSpecification\",\"valueRequired\":true,\"valueName\":\"search_term_string\"}}],\"inLanguage\":\"pt-BR\"},{\"@type\":\"Organization\",\"@id\":\"https:\\\/\\\/blogdofarnesio.com.br\\\/#organization\",\"name\":\"Blog do Farn\u00e9sio\",\"url\":\"https:\\\/\\\/blogdofarnesio.com.br\\\/\",\"logo\":{\"@type\":\"ImageObject\",\"inLanguage\":\"pt-BR\",\"@id\":\"https:\\\/\\\/blogdofarnesio.com.br\\\/#\\\/schema\\\/logo\\\/image\\\/\",\"url\":\"https:\\\/\\\/blogdofarnesio.com.br\\\/wp-content\\\/uploads\\\/2026\\\/03\\\/cropped-logo_new-1.png\",\"contentUrl\":\"https:\\\/\\\/blogdofarnesio.com.br\\\/wp-content\\\/uploads\\\/2026\\\/03\\\/cropped-logo_new-1.png\",\"width\":881,\"height\":685,\"caption\":\"Blog do Farn\u00e9sio\"},\"image\":{\"@id\":\"https:\\\/\\\/blogdofarnesio.com.br\\\/#\\\/schema\\\/logo\\\/image\\\/\"},\"sameAs\":[\"https:\\\/\\\/www.facebook.com\\\/BlogQuerSaberPolitica\\\/\"]},{\"@type\":\"Person\",\"@id\":\"https:\\\/\\\/blogdofarnesio.com.br\\\/#\\\/schema\\\/person\\\/301c4acf522bccbfdb45af95b5b906a1\",\"name\":\"Farn\u00e9sio\",\"image\":{\"@type\":\"ImageObject\",\"inLanguage\":\"pt-BR\",\"@id\":\"https:\\\/\\\/secure.gravatar.com\\\/avatar\\\/df0c9a14567c056f8ad6876ba5bbd1e3e2c48023eb6807342fc4663adf549f38?s=96&d=mm&r=g\",\"url\":\"https:\\\/\\\/secure.gravatar.com\\\/avatar\\\/df0c9a14567c056f8ad6876ba5bbd1e3e2c48023eb6807342fc4663adf549f38?s=96&d=mm&r=g\",\"contentUrl\":\"https:\\\/\\\/secure.gravatar.com\\\/avatar\\\/df0c9a14567c056f8ad6876ba5bbd1e3e2c48023eb6807342fc4663adf549f38?s=96&d=mm&r=g\",\"caption\":\"Farn\u00e9sio\"},\"sameAs\":[\"https:\\\/\\\/quersaberpolitica.com.br\"],\"url\":\"https:\\\/\\\/blogdofarnesio.com.br\\\/?author=1\"}]}<\/script>\n<!-- \/ Yoast SEO plugin. -->","yoast_head_json":{"title":"Avianca vai cancelar 646 voos de 22 a 28 de abril - Blog do Farn\u00e9sio","robots":{"index":"index","follow":"follow","max-snippet":"max-snippet:-1","max-image-preview":"max-image-preview:large","max-video-preview":"max-video-preview:-1"},"canonical":"https:\/\/blogdofarnesio.com.br\/?p=226084","og_locale":"pt_BR","og_type":"article","og_title":"Avianca vai cancelar 646 voos de 22 a 28 de abril - Blog do Farn\u00e9sio","og_description":"Com a devolu\u00e7\u00e3o de 18 de seus 25 avi\u00f5es a partir de segunda-feira (22), a Avianca Brasil terminar\u00e1 a pr\u00f3xima semana com 66% voos a menos em rela\u00e7\u00e3o a 2018. Segundo o G1, ser\u00e3o 646 voos de 22 a 28 de abril, contra 1.910 no mesmo per\u00edodo do ano passado, segundo levantamento do G1 com base em dados da Ag\u00eancia Nacional de Avia\u00e7\u00e3o Civil (Anac). Centenas de voos t\u00eam sido cancelados. Procurada, a Avianca Brasil n\u00e3o quis comentar. O n\u00famero de voos na semana que vem cair\u00e1 gradativamente \u00e0 medida em que os avi\u00f5es forem devolvidos: Segunda, 22\/4: 150 voosTer\u00e7a, 23\/4: 118 voosQuarta, 24\/4: 98 voosQuinta, 25\/4: 88 voosSexta, 26\/4: 70 voosS\u00e1bado, 27\/4: 60 voosDomingo, 28\/4: 62 voos Em recupera\u00e7\u00e3o&hellip;","og_url":"https:\/\/blogdofarnesio.com.br\/?p=226084","og_site_name":"Blog do Farn\u00e9sio","article_publisher":"https:\/\/www.facebook.com\/BlogQuerSaberPolitica\/","article_published_time":"2019-04-20T15:00:57+00:00","og_image":[{"width":448,"height":280,"url":"https:\/\/blogdofarnesio.com.br\/wp-content\/uploads\/2016\/10\/blog-qso-avianca.jpg","type":"image\/jpeg"}],"author":"Farn\u00e9sio","twitter_card":"summary_large_image","twitter_misc":{"Escrito por":"Farn\u00e9sio","Est. tempo de leitura":"3 minutos"},"schema":{"@context":"https:\/\/schema.org","@graph":[{"@type":"Article","@id":"https:\/\/blogdofarnesio.com.br\/?p=226084#article","isPartOf":{"@id":"https:\/\/blogdofarnesio.com.br\/?p=226084"},"author":{"name":"Farn\u00e9sio","@id":"https:\/\/blogdofarnesio.com.br\/#\/schema\/person\/301c4acf522bccbfdb45af95b5b906a1"},"headline":"Avianca vai cancelar 646 voos de 22 a 28 de abril","datePublished":"2019-04-20T15:00:57+00:00","mainEntityOfPage":{"@id":"https:\/\/blogdofarnesio.com.br\/?p=226084"},"wordCount":583,"publisher":{"@id":"https:\/\/blogdofarnesio.com.br\/#organization"},"image":{"@id":"https:\/\/blogdofarnesio.com.br\/?p=226084#primaryimage"},"thumbnailUrl":"https:\/\/blogdofarnesio.com.br\/wp-content\/uploads\/2016\/10\/blog-qso-avianca.jpg","articleSection":["Administra\u00e7\u00e3o"],"inLanguage":"pt-BR"},{"@type":"WebPage","@id":"https:\/\/blogdofarnesio.com.br\/?p=226084","url":"https:\/\/blogdofarnesio.com.br\/?p=226084","name":"Avianca vai cancelar 646 voos de 22 a 28 de abril - Blog do Farn\u00e9sio","isPartOf":{"@id":"https:\/\/blogdofarnesio.com.br\/#website"},"primaryImageOfPage":{"@id":"https:\/\/blogdofarnesio.com.br\/?p=226084#primaryimage"},"image":{"@id":"https:\/\/blogdofarnesio.com.br\/?p=226084#primaryimage"},"thumbnailUrl":"https:\/\/blogdofarnesio.com.br\/wp-content\/uploads\/2016\/10\/blog-qso-avianca.jpg","datePublished":"2019-04-20T15:00:57+00:00","breadcrumb":{"@id":"https:\/\/blogdofarnesio.com.br\/?p=226084#breadcrumb"},"inLanguage":"pt-BR","potentialAction":[{"@type":"ReadAction","target":["https:\/\/blogdofarnesio.com.br\/?p=226084"]}]},{"@type":"ImageObject","inLanguage":"pt-BR","@id":"https:\/\/blogdofarnesio.com.br\/?p=226084#primaryimage","url":"https:\/\/blogdofarnesio.com.br\/wp-content\/uploads\/2016\/10\/blog-qso-avianca.jpg","contentUrl":"https:\/\/blogdofarnesio.com.br\/wp-content\/uploads\/2016\/10\/blog-qso-avianca.jpg","width":448,"height":280,"caption":"Reprodu\u00e7\u00e3o: Do mundo da Paula"},{"@type":"BreadcrumbList","@id":"https:\/\/blogdofarnesio.com.br\/?p=226084#breadcrumb","itemListElement":[{"@type":"ListItem","position":1,"name":"In\u00edcio","item":"https:\/\/blogdofarnesio.com.br\/"},{"@type":"ListItem","position":2,"name":"Avianca vai cancelar 646 voos de 22 a 28 de abril"}]},{"@type":"WebSite","@id":"https:\/\/blogdofarnesio.com.br\/#website","url":"https:\/\/blogdofarnesio.com.br\/","name":"Blog do Farn\u00e9sio","description":"Quer Saber Pol\u00edtica?","publisher":{"@id":"https:\/\/blogdofarnesio.com.br\/#organization"},"potentialAction":[{"@type":"SearchAction","target":{"@type":"EntryPoint","urlTemplate":"https:\/\/blogdofarnesio.com.br\/?s={search_term_string}"},"query-input":{"@type":"PropertyValueSpecification","valueRequired":true,"valueName":"search_term_string"}}],"inLanguage":"pt-BR"},{"@type":"Organization","@id":"https:\/\/blogdofarnesio.com.br\/#organization","name":"Blog do Farn\u00e9sio","url":"https:\/\/blogdofarnesio.com.br\/","logo":{"@type":"ImageObject","inLanguage":"pt-BR","@id":"https:\/\/blogdofarnesio.com.br\/#\/schema\/logo\/image\/","url":"https:\/\/blogdofarnesio.com.br\/wp-content\/uploads\/2026\/03\/cropped-logo_new-1.png","contentUrl":"https:\/\/blogdofarnesio.com.br\/wp-content\/uploads\/2026\/03\/cropped-logo_new-1.png","width":881,"height":685,"caption":"Blog do Farn\u00e9sio"},"image":{"@id":"https:\/\/blogdofarnesio.com.br\/#\/schema\/logo\/image\/"},"sameAs":["https:\/\/www.facebook.com\/BlogQuerSaberPolitica\/"]},{"@type":"Person","@id":"https:\/\/blogdofarnesio.com.br\/#\/schema\/person\/301c4acf522bccbfdb45af95b5b906a1","name":"Farn\u00e9sio","image":{"@type":"ImageObject","inLanguage":"pt-BR","@id":"https:\/\/secure.gravatar.com\/avatar\/df0c9a14567c056f8ad6876ba5bbd1e3e2c48023eb6807342fc4663adf549f38?s=96&d=mm&r=g","url":"https:\/\/secure.gravatar.com\/avatar\/df0c9a14567c056f8ad6876ba5bbd1e3e2c48023eb6807342fc4663adf549f38?s=96&d=mm&r=g","contentUrl":"https:\/\/secure.gravatar.com\/avatar\/df0c9a14567c056f8ad6876ba5bbd1e3e2c48023eb6807342fc4663adf549f38?s=96&d=mm&r=g","caption":"Farn\u00e9sio"},"sameAs":["https:\/\/quersaberpolitica.com.br"],"url":"https:\/\/blogdofarnesio.com.br\/?author=1"}]}},"_links":{"self":[{"href":"https:\/\/blogdofarnesio.com.br\/index.php?rest_route=\/wp\/v2\/posts\/226084","targetHints":{"allow":["GET"]}}],"collection":[{"href":"https:\/\/blogdofarnesio.com.br\/index.php?rest_route=\/wp\/v2\/posts"}],"about":[{"href":"https:\/\/blogdofarnesio.com.br\/index.php?rest_route=\/wp\/v2\/types\/post"}],"author":[{"embeddable":true,"href":"https:\/\/blogdofarnesio.com.br\/index.php?rest_route=\/wp\/v2\/users\/1"}],"replies":[{"embeddable":true,"href":"https:\/\/blogdofarnesio.com.br\/index.php?rest_route=%2Fwp%2Fv2%2Fcomments&post=226084"}],"version-history":[{"count":0,"href":"https:\/\/blogdofarnesio.com.br\/index.php?rest_route=\/wp\/v2\/posts\/226084\/revisions"}],"wp:featuredmedia":[{"embeddable":true,"href":"https:\/\/blogdofarnesio.com.br\/index.php?rest_route=\/wp\/v2\/media\/149438"}],"wp:attachment":[{"href":"https:\/\/blogdofarnesio.com.br\/index.php?rest_route=%2Fwp%2Fv2%2Fmedia&parent=226084"}],"wp:term":[{"taxonomy":"category","embeddable":true,"href":"https:\/\/blogdofarnesio.com.br\/index.php?rest_route=%2Fwp%2Fv2%2Fcategories&post=226084"},{"taxonomy":"post_tag","embeddable":true,"href":"https:\/\/blogdofarnesio.com.br\/index.php?rest_route=%2Fwp%2Fv2%2Ftags&post=226084"}],"curies":[{"name":"wp","href":"https:\/\/api.w.org\/{rel}","templated":true}]}}