{"id":22584,"date":"2013-01-08T06:36:45","date_gmt":"2013-01-08T09:36:45","guid":{"rendered":"http:\/\/www.quersaberpolitica.com.br\/?p=22584"},"modified":"2013-01-08T06:56:56","modified_gmt":"2013-01-08T09:56:56","slug":"manchetes-dos-jornais-nesta-terca-feira","status":"publish","type":"post","link":"https:\/\/blogdofarnesio.com.br\/?p=22584","title":{"rendered":"Manchetes dos jornais nesta ter\u00e7a-feira"},"content":{"rendered":"<p><strong>N10 (Jornal do Com\u00e9rcio)<\/strong><\/p>\n<h1><a href=\"http:\/\/jc3.uol.com.br\/blogs\/blogjamildo\/canais\/noticias\/2013\/01\/07\/dilma_pode_desembarcar_no_estado_entre_os_dias_25_e_31_deste_mes_144078.php\">Dilma pode desembarcar em Pernambuco entre os dias 25 e 31 deste m\u00eas<\/a><\/h1>\n<p><strong>Di\u00e1rio de Pernambuco<\/strong><\/p>\n<h2><a title=\"Pre\u00e7os do material escolar devem subir\" href=\"http:\/\/www.diariodepernambuco.com.br\/app\/noticia\/economia\/2013\/01\/07\/internas_economia,416619\/precos-do-material-escolar-devem-subir-neste-mes-conforme-a-inflacao.shtml\" target=\"blank\">Pre\u00e7os do material escolar devem subir<\/a><\/h2>\n<p><strong>A Tarde<\/strong><\/p>\n<p><strong>\u00a0<\/strong>\u2018Heran\u00e7a maldita\u2019 faz prefeitos decretarem estado de emerg\u00eancia<\/p>\n<p><strong>Correio da Bahia<\/strong><\/p>\n<p><strong><\/strong>\u00a0Vendedor \u00e9 morto pela pol\u00edcia dentro de motel<\/p>\n<p><strong>Tribuna da BAhia<\/strong><\/p>\n<p><strong><\/strong>\u00a0Cesta b\u00e1sica sobe o dobro da infla\u00e7\u00e3o<\/p>\n<p><strong>Folha de S.Paulo<\/strong><\/p>\n<p><a href=\"http:\/\/www1.folha.uol.com.br\/fsp\/\">Brasil d\u00e1 apoio a manobra que adia posse de Ch\u00e1vez<\/a><\/p>\n<p><strong>Agora S.Paulo<\/strong><br \/>\n<a href=\"http:\/\/www1.folha.uol.com.br\/agora\/\">Aposentado em 90 tem direito de pedir a revis\u00e3o pelo teto<\/a><\/p>\n<p><strong>O Estado de S.Paulo<\/strong><br \/>\nGoverno j\u00e1 v\u00ea risco de racionamento de energia<\/p>\n<p><strong>O Globo<\/strong><br \/>\nAno Novo, velhos problemas &#8211; Grandes ind\u00fastrias j\u00e1 planejam racionar energia<\/p>\n<p><strong>Valor Econ\u00f4mico<\/strong><br \/>\nUni\u00e3o prev\u00ea mais desonera\u00e7\u00f5es em 2013, diz Mantega<\/p>\n<p><strong>Correio Braziliense<\/strong><br \/>\nRisco de o Brasil racionar energia \u00e9 cada vez maior<\/p>\n<p><strong>Estado de Minas<\/strong><br \/>\nRuas alagadas<\/p>\n<p><strong>Zero Hora<\/strong><br \/>\nAlta de at\u00e9 29% no frete vai chegar ao consumidor<\/p>\n<p><strong>Brasil Econ\u00f4mico<\/strong><br \/>\nEscassez de energia leva governo ao uso intensivo das termel\u00e9tricas<\/p>\n<p>*<\/p>\n<p><strong>Jornais internacionais<\/strong><\/p>\n<p><strong>Le Figaro<\/strong>\u00a0(Fran\u00e7a)<br \/>\nImpostos: Fran\u00e7a na contracorrente da Europa<\/p>\n<p><strong>El Pa\u00eds<\/strong>\u00a0(Espanha)<br \/>\nSetor banc\u00e1rio enfrenta maior corte de empregos desde a redemocratiza\u00e7\u00e3o<\/p>\n<p><strong>Clar\u00edn<\/strong>\u00a0(Argentina)<br \/>\nBuenos Aires sofreu em 2012 mais de tr\u00eas protestos por dia<\/p>\n","protected":false},"excerpt":{"rendered":"<p>N10 (Jornal do Com\u00e9rcio) Dilma pode desembarcar em Pernambuco entre os dias 25 e 31 deste m\u00eas Di\u00e1rio de Pernambuco Pre\u00e7os do material escolar devem subir A Tarde \u00a0\u2018Heran\u00e7a maldita\u2019 faz prefeitos decretarem estado de emerg\u00eancia Correio da Bahia \u00a0Vendedor \u00e9 morto pela pol\u00edcia dentro de motel Tribuna da BAhia \u00a0Cesta b\u00e1sica sobe o dobro da infla\u00e7\u00e3o Folha de S.Paulo Brasil d\u00e1 apoio a manobra que adia posse de Ch\u00e1vez Agora S.Paulo Aposentado em 90 tem direito de pedir a revis\u00e3o pelo teto O Estado de S.Paulo Governo j\u00e1 v\u00ea risco de racionamento de energia O Globo Ano Novo, velhos problemas &#8211; Grandes ind\u00fastrias j\u00e1 planejam racionar energia Valor Econ\u00f4mico Uni\u00e3o prev\u00ea mais desonera\u00e7\u00f5es em 2013, diz Mantega Correio Braziliense&hellip; <\/p>\n","protected":false},"author":3,"featured_media":0,"comment_status":"open","ping_status":"open","sticky":false,"template":"","format":"standard","meta":{"_acf_changed":false,"footnotes":""},"categories":[1],"tags":[],"class_list":["post-22584","post","type-post","status-publish","format-standard","hentry","category-politica"],"acf":[],"yoast_head":"<!-- This site is optimized with the Yoast SEO plugin v27.4 - https:\/\/yoast.com\/product\/yoast-seo-wordpress\/ -->\n<title>Manchetes dos jornais nesta ter\u00e7a-feira - Blog do Farn\u00e9sio<\/title>\n<meta name=\"robots\" content=\"index, follow, max-snippet:-1, max-image-preview:large, max-video-preview:-1\" \/>\n<link rel=\"canonical\" href=\"https:\/\/blogdofarnesio.com.br\/?p=22584\" \/>\n<meta property=\"og:locale\" content=\"pt_BR\" \/>\n<meta property=\"og:type\" content=\"article\" \/>\n<meta property=\"og:title\" content=\"Manchetes dos jornais nesta ter\u00e7a-feira - Blog do Farn\u00e9sio\" \/>\n<meta property=\"og:description\" content=\"N10 (Jornal do Com\u00e9rcio) Dilma pode desembarcar em Pernambuco entre os dias 25 e 31 deste m\u00eas Di\u00e1rio de Pernambuco Pre\u00e7os do material escolar devem subir A Tarde \u00a0\u2018Heran\u00e7a maldita\u2019 faz prefeitos decretarem estado de emerg\u00eancia Correio da Bahia \u00a0Vendedor \u00e9 morto pela pol\u00edcia dentro de motel Tribuna da BAhia \u00a0Cesta b\u00e1sica sobe o dobro da infla\u00e7\u00e3o Folha de S.Paulo Brasil d\u00e1 apoio a manobra que adia posse de Ch\u00e1vez Agora S.Paulo Aposentado em 90 tem direito de pedir a revis\u00e3o pelo teto O Estado de S.Paulo Governo j\u00e1 v\u00ea risco de racionamento de energia O Globo Ano Novo, velhos problemas &#8211; Grandes ind\u00fastrias j\u00e1 planejam racionar energia Valor Econ\u00f4mico Uni\u00e3o prev\u00ea mais desonera\u00e7\u00f5es em 2013, diz Mantega Correio Braziliense&hellip;\" \/>\n<meta property=\"og:url\" content=\"https:\/\/blogdofarnesio.com.br\/?p=22584\" \/>\n<meta property=\"og:site_name\" content=\"Blog do Farn\u00e9sio\" \/>\n<meta property=\"article:publisher\" content=\"https:\/\/www.facebook.com\/BlogQuerSaberPolitica\/\" \/>\n<meta property=\"article:published_time\" content=\"2013-01-08T09:36:45+00:00\" \/>\n<meta property=\"article:modified_time\" content=\"2013-01-08T09:56:56+00:00\" \/>\n<meta name=\"author\" content=\"teste\" \/>\n<meta name=\"twitter:card\" content=\"summary_large_image\" \/>\n<meta name=\"twitter:label1\" content=\"Escrito por\" \/>\n\t<meta name=\"twitter:data1\" content=\"teste\" \/>\n\t<meta name=\"twitter:label2\" content=\"Est. tempo de leitura\" \/>\n\t<meta name=\"twitter:data2\" content=\"1 minuto\" \/>\n<script type=\"application\/ld+json\" class=\"yoast-schema-graph\">{\"@context\":\"https:\\\/\\\/schema.org\",\"@graph\":[{\"@type\":\"Article\",\"@id\":\"https:\\\/\\\/blogdofarnesio.com.br\\\/?p=22584#article\",\"isPartOf\":{\"@id\":\"https:\\\/\\\/blogdofarnesio.com.br\\\/?p=22584\"},\"author\":{\"name\":\"teste\",\"@id\":\"https:\\\/\\\/blogdofarnesio.com.br\\\/#\\\/schema\\\/person\\\/dd1bf5eba40b687199ba45ca6b97dff9\"},\"headline\":\"Manchetes dos jornais nesta ter\u00e7a-feira\",\"datePublished\":\"2013-01-08T09:36:45+00:00\",\"dateModified\":\"2013-01-08T09:56:56+00:00\",\"mainEntityOfPage\":{\"@id\":\"https:\\\/\\\/blogdofarnesio.com.br\\\/?p=22584\"},\"wordCount\":221,\"commentCount\":0,\"publisher\":{\"@id\":\"https:\\\/\\\/blogdofarnesio.com.br\\\/#organization\"},\"articleSection\":[\"Pol\u00edtica\"],\"inLanguage\":\"pt-BR\",\"potentialAction\":[{\"@type\":\"CommentAction\",\"name\":\"Comment\",\"target\":[\"https:\\\/\\\/blogdofarnesio.com.br\\\/?p=22584#respond\"]}]},{\"@type\":\"WebPage\",\"@id\":\"https:\\\/\\\/blogdofarnesio.com.br\\\/?p=22584\",\"url\":\"https:\\\/\\\/blogdofarnesio.com.br\\\/?p=22584\",\"name\":\"Manchetes dos jornais nesta ter\u00e7a-feira - Blog do Farn\u00e9sio\",\"isPartOf\":{\"@id\":\"https:\\\/\\\/blogdofarnesio.com.br\\\/#website\"},\"datePublished\":\"2013-01-08T09:36:45+00:00\",\"dateModified\":\"2013-01-08T09:56:56+00:00\",\"breadcrumb\":{\"@id\":\"https:\\\/\\\/blogdofarnesio.com.br\\\/?p=22584#breadcrumb\"},\"inLanguage\":\"pt-BR\",\"potentialAction\":[{\"@type\":\"ReadAction\",\"target\":[\"https:\\\/\\\/blogdofarnesio.com.br\\\/?p=22584\"]}]},{\"@type\":\"BreadcrumbList\",\"@id\":\"https:\\\/\\\/blogdofarnesio.com.br\\\/?p=22584#breadcrumb\",\"itemListElement\":[{\"@type\":\"ListItem\",\"position\":1,\"name\":\"In\u00edcio\",\"item\":\"https:\\\/\\\/blogdofarnesio.com.br\\\/\"},{\"@type\":\"ListItem\",\"position\":2,\"name\":\"Manchetes dos jornais nesta ter\u00e7a-feira\"}]},{\"@type\":\"WebSite\",\"@id\":\"https:\\\/\\\/blogdofarnesio.com.br\\\/#website\",\"url\":\"https:\\\/\\\/blogdofarnesio.com.br\\\/\",\"name\":\"Blog do Farn\u00e9sio\",\"description\":\"Quer Saber Pol\u00edtica?\",\"publisher\":{\"@id\":\"https:\\\/\\\/blogdofarnesio.com.br\\\/#organization\"},\"potentialAction\":[{\"@type\":\"SearchAction\",\"target\":{\"@type\":\"EntryPoint\",\"urlTemplate\":\"https:\\\/\\\/blogdofarnesio.com.br\\\/?s={search_term_string}\"},\"query-input\":{\"@type\":\"PropertyValueSpecification\",\"valueRequired\":true,\"valueName\":\"search_term_string\"}}],\"inLanguage\":\"pt-BR\"},{\"@type\":\"Organization\",\"@id\":\"https:\\\/\\\/blogdofarnesio.com.br\\\/#organization\",\"name\":\"Blog do Farn\u00e9sio\",\"url\":\"https:\\\/\\\/blogdofarnesio.com.br\\\/\",\"logo\":{\"@type\":\"ImageObject\",\"inLanguage\":\"pt-BR\",\"@id\":\"https:\\\/\\\/blogdofarnesio.com.br\\\/#\\\/schema\\\/logo\\\/image\\\/\",\"url\":\"https:\\\/\\\/blogdofarnesio.com.br\\\/wp-content\\\/uploads\\\/2026\\\/03\\\/cropped-logo_new-1.png\",\"contentUrl\":\"https:\\\/\\\/blogdofarnesio.com.br\\\/wp-content\\\/uploads\\\/2026\\\/03\\\/cropped-logo_new-1.png\",\"width\":881,\"height\":685,\"caption\":\"Blog do Farn\u00e9sio\"},\"image\":{\"@id\":\"https:\\\/\\\/blogdofarnesio.com.br\\\/#\\\/schema\\\/logo\\\/image\\\/\"},\"sameAs\":[\"https:\\\/\\\/www.facebook.com\\\/BlogQuerSaberPolitica\\\/\"]},{\"@type\":\"Person\",\"@id\":\"https:\\\/\\\/blogdofarnesio.com.br\\\/#\\\/schema\\\/person\\\/dd1bf5eba40b687199ba45ca6b97dff9\",\"name\":\"teste\",\"image\":{\"@type\":\"ImageObject\",\"inLanguage\":\"pt-BR\",\"@id\":\"https:\\\/\\\/secure.gravatar.com\\\/avatar\\\/2172498d4914b51e1d89a0f97957b035ac4938723a5cac208135d389b6972a6d?s=96&d=mm&r=g\",\"url\":\"https:\\\/\\\/secure.gravatar.com\\\/avatar\\\/2172498d4914b51e1d89a0f97957b035ac4938723a5cac208135d389b6972a6d?s=96&d=mm&r=g\",\"contentUrl\":\"https:\\\/\\\/secure.gravatar.com\\\/avatar\\\/2172498d4914b51e1d89a0f97957b035ac4938723a5cac208135d389b6972a6d?s=96&d=mm&r=g\",\"caption\":\"teste\"},\"url\":\"https:\\\/\\\/blogdofarnesio.com.br\\\/?author=3\"}]}<\/script>\n<!-- \/ Yoast SEO plugin. -->","yoast_head_json":{"title":"Manchetes dos jornais nesta ter\u00e7a-feira - Blog do Farn\u00e9sio","robots":{"index":"index","follow":"follow","max-snippet":"max-snippet:-1","max-image-preview":"max-image-preview:large","max-video-preview":"max-video-preview:-1"},"canonical":"https:\/\/blogdofarnesio.com.br\/?p=22584","og_locale":"pt_BR","og_type":"article","og_title":"Manchetes dos jornais nesta ter\u00e7a-feira - Blog do Farn\u00e9sio","og_description":"N10 (Jornal do Com\u00e9rcio) Dilma pode desembarcar em Pernambuco entre os dias 25 e 31 deste m\u00eas Di\u00e1rio de Pernambuco Pre\u00e7os do material escolar devem subir A Tarde \u00a0\u2018Heran\u00e7a maldita\u2019 faz prefeitos decretarem estado de emerg\u00eancia Correio da Bahia \u00a0Vendedor \u00e9 morto pela pol\u00edcia dentro de motel Tribuna da BAhia \u00a0Cesta b\u00e1sica sobe o dobro da infla\u00e7\u00e3o Folha de S.Paulo Brasil d\u00e1 apoio a manobra que adia posse de Ch\u00e1vez Agora S.Paulo Aposentado em 90 tem direito de pedir a revis\u00e3o pelo teto O Estado de S.Paulo Governo j\u00e1 v\u00ea risco de racionamento de energia O Globo Ano Novo, velhos problemas &#8211; Grandes ind\u00fastrias j\u00e1 planejam racionar energia Valor Econ\u00f4mico Uni\u00e3o prev\u00ea mais desonera\u00e7\u00f5es em 2013, diz Mantega Correio Braziliense&hellip;","og_url":"https:\/\/blogdofarnesio.com.br\/?p=22584","og_site_name":"Blog do Farn\u00e9sio","article_publisher":"https:\/\/www.facebook.com\/BlogQuerSaberPolitica\/","article_published_time":"2013-01-08T09:36:45+00:00","article_modified_time":"2013-01-08T09:56:56+00:00","author":"teste","twitter_card":"summary_large_image","twitter_misc":{"Escrito por":"teste","Est. tempo de leitura":"1 minuto"},"schema":{"@context":"https:\/\/schema.org","@graph":[{"@type":"Article","@id":"https:\/\/blogdofarnesio.com.br\/?p=22584#article","isPartOf":{"@id":"https:\/\/blogdofarnesio.com.br\/?p=22584"},"author":{"name":"teste","@id":"https:\/\/blogdofarnesio.com.br\/#\/schema\/person\/dd1bf5eba40b687199ba45ca6b97dff9"},"headline":"Manchetes dos jornais nesta ter\u00e7a-feira","datePublished":"2013-01-08T09:36:45+00:00","dateModified":"2013-01-08T09:56:56+00:00","mainEntityOfPage":{"@id":"https:\/\/blogdofarnesio.com.br\/?p=22584"},"wordCount":221,"commentCount":0,"publisher":{"@id":"https:\/\/blogdofarnesio.com.br\/#organization"},"articleSection":["Pol\u00edtica"],"inLanguage":"pt-BR","potentialAction":[{"@type":"CommentAction","name":"Comment","target":["https:\/\/blogdofarnesio.com.br\/?p=22584#respond"]}]},{"@type":"WebPage","@id":"https:\/\/blogdofarnesio.com.br\/?p=22584","url":"https:\/\/blogdofarnesio.com.br\/?p=22584","name":"Manchetes dos jornais nesta ter\u00e7a-feira - Blog do Farn\u00e9sio","isPartOf":{"@id":"https:\/\/blogdofarnesio.com.br\/#website"},"datePublished":"2013-01-08T09:36:45+00:00","dateModified":"2013-01-08T09:56:56+00:00","breadcrumb":{"@id":"https:\/\/blogdofarnesio.com.br\/?p=22584#breadcrumb"},"inLanguage":"pt-BR","potentialAction":[{"@type":"ReadAction","target":["https:\/\/blogdofarnesio.com.br\/?p=22584"]}]},{"@type":"BreadcrumbList","@id":"https:\/\/blogdofarnesio.com.br\/?p=22584#breadcrumb","itemListElement":[{"@type":"ListItem","position":1,"name":"In\u00edcio","item":"https:\/\/blogdofarnesio.com.br\/"},{"@type":"ListItem","position":2,"name":"Manchetes dos jornais nesta ter\u00e7a-feira"}]},{"@type":"WebSite","@id":"https:\/\/blogdofarnesio.com.br\/#website","url":"https:\/\/blogdofarnesio.com.br\/","name":"Blog do Farn\u00e9sio","description":"Quer Saber Pol\u00edtica?","publisher":{"@id":"https:\/\/blogdofarnesio.com.br\/#organization"},"potentialAction":[{"@type":"SearchAction","target":{"@type":"EntryPoint","urlTemplate":"https:\/\/blogdofarnesio.com.br\/?s={search_term_string}"},"query-input":{"@type":"PropertyValueSpecification","valueRequired":true,"valueName":"search_term_string"}}],"inLanguage":"pt-BR"},{"@type":"Organization","@id":"https:\/\/blogdofarnesio.com.br\/#organization","name":"Blog do Farn\u00e9sio","url":"https:\/\/blogdofarnesio.com.br\/","logo":{"@type":"ImageObject","inLanguage":"pt-BR","@id":"https:\/\/blogdofarnesio.com.br\/#\/schema\/logo\/image\/","url":"https:\/\/blogdofarnesio.com.br\/wp-content\/uploads\/2026\/03\/cropped-logo_new-1.png","contentUrl":"https:\/\/blogdofarnesio.com.br\/wp-content\/uploads\/2026\/03\/cropped-logo_new-1.png","width":881,"height":685,"caption":"Blog do Farn\u00e9sio"},"image":{"@id":"https:\/\/blogdofarnesio.com.br\/#\/schema\/logo\/image\/"},"sameAs":["https:\/\/www.facebook.com\/BlogQuerSaberPolitica\/"]},{"@type":"Person","@id":"https:\/\/blogdofarnesio.com.br\/#\/schema\/person\/dd1bf5eba40b687199ba45ca6b97dff9","name":"teste","image":{"@type":"ImageObject","inLanguage":"pt-BR","@id":"https:\/\/secure.gravatar.com\/avatar\/2172498d4914b51e1d89a0f97957b035ac4938723a5cac208135d389b6972a6d?s=96&d=mm&r=g","url":"https:\/\/secure.gravatar.com\/avatar\/2172498d4914b51e1d89a0f97957b035ac4938723a5cac208135d389b6972a6d?s=96&d=mm&r=g","contentUrl":"https:\/\/secure.gravatar.com\/avatar\/2172498d4914b51e1d89a0f97957b035ac4938723a5cac208135d389b6972a6d?s=96&d=mm&r=g","caption":"teste"},"url":"https:\/\/blogdofarnesio.com.br\/?author=3"}]}},"_links":{"self":[{"href":"https:\/\/blogdofarnesio.com.br\/index.php?rest_route=\/wp\/v2\/posts\/22584","targetHints":{"allow":["GET"]}}],"collection":[{"href":"https:\/\/blogdofarnesio.com.br\/index.php?rest_route=\/wp\/v2\/posts"}],"about":[{"href":"https:\/\/blogdofarnesio.com.br\/index.php?rest_route=\/wp\/v2\/types\/post"}],"author":[{"embeddable":true,"href":"https:\/\/blogdofarnesio.com.br\/index.php?rest_route=\/wp\/v2\/users\/3"}],"replies":[{"embeddable":true,"href":"https:\/\/blogdofarnesio.com.br\/index.php?rest_route=%2Fwp%2Fv2%2Fcomments&post=22584"}],"version-history":[{"count":0,"href":"https:\/\/blogdofarnesio.com.br\/index.php?rest_route=\/wp\/v2\/posts\/22584\/revisions"}],"wp:attachment":[{"href":"https:\/\/blogdofarnesio.com.br\/index.php?rest_route=%2Fwp%2Fv2%2Fmedia&parent=22584"}],"wp:term":[{"taxonomy":"category","embeddable":true,"href":"https:\/\/blogdofarnesio.com.br\/index.php?rest_route=%2Fwp%2Fv2%2Fcategories&post=22584"},{"taxonomy":"post_tag","embeddable":true,"href":"https:\/\/blogdofarnesio.com.br\/index.php?rest_route=%2Fwp%2Fv2%2Ftags&post=22584"}],"curies":[{"name":"wp","href":"https:\/\/api.w.org\/{rel}","templated":true}]}}