{"id":225353,"date":"2019-04-10T10:20:01","date_gmt":"2019-04-10T13:20:01","guid":{"rendered":"http:\/\/quersaberpolitica.com.br\/2016\/?p=225353"},"modified":"2019-04-09T20:00:00","modified_gmt":"2019-04-09T23:00:00","slug":"jovens-de-comunidades-quilombolas-participam-de-curso-de-capacitacao-promovido-pela-univasf","status":"publish","type":"post","link":"https:\/\/blogdofarnesio.com.br\/?p=225353","title":{"rendered":"Jovens de comunidades quilombolas participam de curso de capacita\u00e7\u00e3o promovido pela Univasf"},"content":{"rendered":"\n<p>Aprender e buscar solu\u00e7\u00f5es para suas necessidades. Com esse objetivo, trinta e dois estudantes de onze comunidades quilombolas est\u00e3o reunidos, desde ontem (8), no Espa\u00e7o Plural da Universidade Federal do Vale do S\u00e3o Francisco (Univasf), localizado em Juazeiro (BA), para participarem do Projeto Jovem do Amanh\u00e3. Ele consiste em uma capacita\u00e7\u00e3o, que acontecer\u00e1 at\u00e9 sexta-feira (12) e \u00e9 realizado em parceria com a Companhia de Desenvolvimento dos Vales do S\u00e3o Francisco e do Parna\u00edba (Codevasf).<\/p>\n\n\n\n<p>A programa\u00e7\u00e3o do curso envolve, em sua programa\u00e7\u00e3o, diversos temas. Ontem o tema tratado foi o Sistema Integrado de Produ\u00e7\u00e3o a partir da cria\u00e7\u00e3o de peixes, o Sisteminha. Al\u00e9m disso, ser\u00e3o debatidos temas como: \u201cBioma Caatinga e suas especificidades\u201d, \u201co capital social como estimulador de cidadania\u201d, \u201cNovas ruralidades: campo e cidade interagindo de forma complementar\u201d e \u201cCultivos adaptados ao Semi\u00e1rido no contexto da agroecologia\u201d. Acontecer\u00e1, tamb\u00e9m, todos os dias do projeto um curso de inclus\u00e3o social.<\/p>\n\n\n\n<p>O professor do Colegiado de Medicina Veterin\u00e1ria e coordenador do evento Ren\u00e9 Cordeiro ministrou, ontem, a capacita\u00e7\u00e3o sobre o Sisteminha, que \u00e9 um projeto capaz de alimentar uma fam\u00edlia de at\u00e9 cinco pessoas a partir da cria\u00e7\u00e3o integrada de peixes, galinhas caipiras, porcos, porcos da \u00edndia e alimentos como macaxeira, acerola, milho, manga e cana de a\u00e7\u00facar em uma \u00e1rea de 1500 m\u00b2. De acordo com ele, \u00e9 importante trabalhar esses temas para que os jovens vejam as possibilidades de trabalho em v\u00e1rias \u00e1reas. \u201cO Sisteminha \u00e9 uma solu\u00e7\u00e3o para fome e \u00e9, tamb\u00e9m, uma forma de fixar o homem no campo. E \u00e9 isso que pretendemos com o curso, oferecer diversas possibilidades, capacitar, orientar e apresentar oportunidades para esses jovens a fim de despertar neles o interesse em alguma dessas \u00e1reas trabalhadas\u201d, afirma.<\/p>\n\n\n\n<p>J\u00e1 Wilson Vitor de Carvalho \u00e9 da comunidade de Gambeleira do Dida e estudante de pedagogia. Segundo ele, o curso j\u00e1 come\u00e7ou muito interessante e est\u00e1 com expectativas de aprender e repassar os conhecimentos adquiridos. \u201cJ\u00e1 vi muitas coisas legais sobre a preserva\u00e7\u00e3o do meio ambiente que eu quero levar para sala de aula no intuito de trabalhar ci\u00eancias da natureza com as crian\u00e7as. Al\u00e9m disso, estou ansioso para os temas que ser\u00e3o abordados durante a semana, principalmente o curso sobre tecnologia, pois \u00e9 algo que est\u00e1 chegando agora na minha comunidade e que quero muito aprender\u201d, declara.<a href=\"http:\/\/portais.univasf.edu.br\/noticias\/jovens-de-comunidades-quilombolas-participam-de-curso-de-capacitacao-promovido-pela-univasf#wrapper\">Voltar para o topo<\/a><\/p>\n","protected":false},"excerpt":{"rendered":"<p>Aprender e buscar solu\u00e7\u00f5es para suas necessidades. Com esse objetivo, trinta e dois estudantes de onze comunidades quilombolas est\u00e3o reunidos, desde ontem (8), no Espa\u00e7o Plural da Universidade Federal do Vale do S\u00e3o Francisco (Univasf), localizado em Juazeiro (BA), para participarem do Projeto Jovem do Amanh\u00e3. Ele consiste em uma capacita\u00e7\u00e3o, que acontecer\u00e1 at\u00e9 sexta-feira (12) e \u00e9 realizado em parceria com a Companhia de Desenvolvimento dos Vales do S\u00e3o Francisco e do Parna\u00edba (Codevasf). A programa\u00e7\u00e3o do curso envolve, em sua programa\u00e7\u00e3o, diversos temas. Ontem o tema tratado foi o Sistema Integrado de Produ\u00e7\u00e3o a partir da cria\u00e7\u00e3o de peixes, o Sisteminha. Al\u00e9m disso, ser\u00e3o debatidos temas como: \u201cBioma Caatinga e suas especificidades\u201d, \u201co capital social como estimulador de&hellip; <\/p>\n","protected":false},"author":1,"featured_media":225356,"comment_status":"closed","ping_status":"closed","sticky":false,"template":"","format":"standard","meta":{"_acf_changed":false,"footnotes":""},"categories":[32],"tags":[],"class_list":["post-225353","post","type-post","status-publish","format-standard","has-post-thumbnail","hentry","category-costumes"],"acf":[],"yoast_head":"<!-- This site is optimized with the Yoast SEO plugin v27.4 - https:\/\/yoast.com\/product\/yoast-seo-wordpress\/ -->\n<title>Jovens de comunidades quilombolas participam de curso de capacita\u00e7\u00e3o promovido pela Univasf - Blog do Farn\u00e9sio<\/title>\n<meta name=\"robots\" content=\"index, follow, max-snippet:-1, max-image-preview:large, max-video-preview:-1\" \/>\n<link rel=\"canonical\" href=\"https:\/\/blogdofarnesio.com.br\/?p=225353\" \/>\n<meta property=\"og:locale\" content=\"pt_BR\" \/>\n<meta property=\"og:type\" content=\"article\" \/>\n<meta property=\"og:title\" content=\"Jovens de comunidades quilombolas participam de curso de capacita\u00e7\u00e3o promovido pela Univasf - Blog do Farn\u00e9sio\" \/>\n<meta property=\"og:description\" content=\"Aprender e buscar solu\u00e7\u00f5es para suas necessidades. Com esse objetivo, trinta e dois estudantes de onze comunidades quilombolas est\u00e3o reunidos, desde ontem (8), no Espa\u00e7o Plural da Universidade Federal do Vale do S\u00e3o Francisco (Univasf), localizado em Juazeiro (BA), para participarem do Projeto Jovem do Amanh\u00e3. Ele consiste em uma capacita\u00e7\u00e3o, que acontecer\u00e1 at\u00e9 sexta-feira (12) e \u00e9 realizado em parceria com a Companhia de Desenvolvimento dos Vales do S\u00e3o Francisco e do Parna\u00edba (Codevasf). A programa\u00e7\u00e3o do curso envolve, em sua programa\u00e7\u00e3o, diversos temas. Ontem o tema tratado foi o Sistema Integrado de Produ\u00e7\u00e3o a partir da cria\u00e7\u00e3o de peixes, o Sisteminha. Al\u00e9m disso, ser\u00e3o debatidos temas como: \u201cBioma Caatinga e suas especificidades\u201d, \u201co capital social como estimulador de&hellip;\" \/>\n<meta property=\"og:url\" content=\"https:\/\/blogdofarnesio.com.br\/?p=225353\" \/>\n<meta property=\"og:site_name\" content=\"Blog do Farn\u00e9sio\" \/>\n<meta property=\"article:publisher\" content=\"https:\/\/www.facebook.com\/BlogQuerSaberPolitica\/\" \/>\n<meta property=\"article:published_time\" content=\"2019-04-10T13:20:01+00:00\" \/>\n<meta property=\"og:image\" content=\"https:\/\/blogdofarnesio.com.br\/wp-content\/uploads\/2019\/04\/blogqsp-jovens-quilombolas.jpeg\" \/>\n\t<meta property=\"og:image:width\" content=\"768\" \/>\n\t<meta property=\"og:image:height\" content=\"510\" \/>\n\t<meta property=\"og:image:type\" content=\"image\/jpeg\" \/>\n<meta name=\"author\" content=\"Farn\u00e9sio\" \/>\n<meta name=\"twitter:card\" content=\"summary_large_image\" \/>\n<meta name=\"twitter:label1\" content=\"Escrito por\" \/>\n\t<meta name=\"twitter:data1\" content=\"Farn\u00e9sio\" \/>\n\t<meta name=\"twitter:label2\" content=\"Est. tempo de leitura\" \/>\n\t<meta name=\"twitter:data2\" content=\"2 minutos\" \/>\n<script type=\"application\/ld+json\" class=\"yoast-schema-graph\">{\"@context\":\"https:\\\/\\\/schema.org\",\"@graph\":[{\"@type\":\"Article\",\"@id\":\"https:\\\/\\\/blogdofarnesio.com.br\\\/?p=225353#article\",\"isPartOf\":{\"@id\":\"https:\\\/\\\/blogdofarnesio.com.br\\\/?p=225353\"},\"author\":{\"name\":\"Farn\u00e9sio\",\"@id\":\"https:\\\/\\\/blogdofarnesio.com.br\\\/#\\\/schema\\\/person\\\/301c4acf522bccbfdb45af95b5b906a1\"},\"headline\":\"Jovens de comunidades quilombolas participam de curso de capacita\u00e7\u00e3o promovido pela Univasf\",\"datePublished\":\"2019-04-10T13:20:01+00:00\",\"mainEntityOfPage\":{\"@id\":\"https:\\\/\\\/blogdofarnesio.com.br\\\/?p=225353\"},\"wordCount\":419,\"publisher\":{\"@id\":\"https:\\\/\\\/blogdofarnesio.com.br\\\/#organization\"},\"image\":{\"@id\":\"https:\\\/\\\/blogdofarnesio.com.br\\\/?p=225353#primaryimage\"},\"thumbnailUrl\":\"https:\\\/\\\/blogdofarnesio.com.br\\\/wp-content\\\/uploads\\\/2019\\\/04\\\/blogqsp-jovens-quilombolas.jpeg\",\"articleSection\":[\"Costumes\"],\"inLanguage\":\"pt-BR\"},{\"@type\":\"WebPage\",\"@id\":\"https:\\\/\\\/blogdofarnesio.com.br\\\/?p=225353\",\"url\":\"https:\\\/\\\/blogdofarnesio.com.br\\\/?p=225353\",\"name\":\"Jovens de comunidades quilombolas participam de curso de capacita\u00e7\u00e3o promovido pela Univasf - Blog do Farn\u00e9sio\",\"isPartOf\":{\"@id\":\"https:\\\/\\\/blogdofarnesio.com.br\\\/#website\"},\"primaryImageOfPage\":{\"@id\":\"https:\\\/\\\/blogdofarnesio.com.br\\\/?p=225353#primaryimage\"},\"image\":{\"@id\":\"https:\\\/\\\/blogdofarnesio.com.br\\\/?p=225353#primaryimage\"},\"thumbnailUrl\":\"https:\\\/\\\/blogdofarnesio.com.br\\\/wp-content\\\/uploads\\\/2019\\\/04\\\/blogqsp-jovens-quilombolas.jpeg\",\"datePublished\":\"2019-04-10T13:20:01+00:00\",\"breadcrumb\":{\"@id\":\"https:\\\/\\\/blogdofarnesio.com.br\\\/?p=225353#breadcrumb\"},\"inLanguage\":\"pt-BR\",\"potentialAction\":[{\"@type\":\"ReadAction\",\"target\":[\"https:\\\/\\\/blogdofarnesio.com.br\\\/?p=225353\"]}]},{\"@type\":\"ImageObject\",\"inLanguage\":\"pt-BR\",\"@id\":\"https:\\\/\\\/blogdofarnesio.com.br\\\/?p=225353#primaryimage\",\"url\":\"https:\\\/\\\/blogdofarnesio.com.br\\\/wp-content\\\/uploads\\\/2019\\\/04\\\/blogqsp-jovens-quilombolas.jpeg\",\"contentUrl\":\"https:\\\/\\\/blogdofarnesio.com.br\\\/wp-content\\\/uploads\\\/2019\\\/04\\\/blogqsp-jovens-quilombolas.jpeg\",\"width\":768,\"height\":510},{\"@type\":\"BreadcrumbList\",\"@id\":\"https:\\\/\\\/blogdofarnesio.com.br\\\/?p=225353#breadcrumb\",\"itemListElement\":[{\"@type\":\"ListItem\",\"position\":1,\"name\":\"In\u00edcio\",\"item\":\"https:\\\/\\\/blogdofarnesio.com.br\\\/\"},{\"@type\":\"ListItem\",\"position\":2,\"name\":\"Jovens de comunidades quilombolas participam de curso de capacita\u00e7\u00e3o promovido pela Univasf\"}]},{\"@type\":\"WebSite\",\"@id\":\"https:\\\/\\\/blogdofarnesio.com.br\\\/#website\",\"url\":\"https:\\\/\\\/blogdofarnesio.com.br\\\/\",\"name\":\"Blog do Farn\u00e9sio\",\"description\":\"Quer Saber Pol\u00edtica?\",\"publisher\":{\"@id\":\"https:\\\/\\\/blogdofarnesio.com.br\\\/#organization\"},\"potentialAction\":[{\"@type\":\"SearchAction\",\"target\":{\"@type\":\"EntryPoint\",\"urlTemplate\":\"https:\\\/\\\/blogdofarnesio.com.br\\\/?s={search_term_string}\"},\"query-input\":{\"@type\":\"PropertyValueSpecification\",\"valueRequired\":true,\"valueName\":\"search_term_string\"}}],\"inLanguage\":\"pt-BR\"},{\"@type\":\"Organization\",\"@id\":\"https:\\\/\\\/blogdofarnesio.com.br\\\/#organization\",\"name\":\"Blog do Farn\u00e9sio\",\"url\":\"https:\\\/\\\/blogdofarnesio.com.br\\\/\",\"logo\":{\"@type\":\"ImageObject\",\"inLanguage\":\"pt-BR\",\"@id\":\"https:\\\/\\\/blogdofarnesio.com.br\\\/#\\\/schema\\\/logo\\\/image\\\/\",\"url\":\"https:\\\/\\\/blogdofarnesio.com.br\\\/wp-content\\\/uploads\\\/2026\\\/03\\\/cropped-logo_new-1.png\",\"contentUrl\":\"https:\\\/\\\/blogdofarnesio.com.br\\\/wp-content\\\/uploads\\\/2026\\\/03\\\/cropped-logo_new-1.png\",\"width\":881,\"height\":685,\"caption\":\"Blog do Farn\u00e9sio\"},\"image\":{\"@id\":\"https:\\\/\\\/blogdofarnesio.com.br\\\/#\\\/schema\\\/logo\\\/image\\\/\"},\"sameAs\":[\"https:\\\/\\\/www.facebook.com\\\/BlogQuerSaberPolitica\\\/\"]},{\"@type\":\"Person\",\"@id\":\"https:\\\/\\\/blogdofarnesio.com.br\\\/#\\\/schema\\\/person\\\/301c4acf522bccbfdb45af95b5b906a1\",\"name\":\"Farn\u00e9sio\",\"image\":{\"@type\":\"ImageObject\",\"inLanguage\":\"pt-BR\",\"@id\":\"https:\\\/\\\/secure.gravatar.com\\\/avatar\\\/df0c9a14567c056f8ad6876ba5bbd1e3e2c48023eb6807342fc4663adf549f38?s=96&d=mm&r=g\",\"url\":\"https:\\\/\\\/secure.gravatar.com\\\/avatar\\\/df0c9a14567c056f8ad6876ba5bbd1e3e2c48023eb6807342fc4663adf549f38?s=96&d=mm&r=g\",\"contentUrl\":\"https:\\\/\\\/secure.gravatar.com\\\/avatar\\\/df0c9a14567c056f8ad6876ba5bbd1e3e2c48023eb6807342fc4663adf549f38?s=96&d=mm&r=g\",\"caption\":\"Farn\u00e9sio\"},\"sameAs\":[\"https:\\\/\\\/quersaberpolitica.com.br\"],\"url\":\"https:\\\/\\\/blogdofarnesio.com.br\\\/?author=1\"}]}<\/script>\n<!-- \/ Yoast SEO plugin. -->","yoast_head_json":{"title":"Jovens de comunidades quilombolas participam de curso de capacita\u00e7\u00e3o promovido pela Univasf - Blog do Farn\u00e9sio","robots":{"index":"index","follow":"follow","max-snippet":"max-snippet:-1","max-image-preview":"max-image-preview:large","max-video-preview":"max-video-preview:-1"},"canonical":"https:\/\/blogdofarnesio.com.br\/?p=225353","og_locale":"pt_BR","og_type":"article","og_title":"Jovens de comunidades quilombolas participam de curso de capacita\u00e7\u00e3o promovido pela Univasf - Blog do Farn\u00e9sio","og_description":"Aprender e buscar solu\u00e7\u00f5es para suas necessidades. Com esse objetivo, trinta e dois estudantes de onze comunidades quilombolas est\u00e3o reunidos, desde ontem (8), no Espa\u00e7o Plural da Universidade Federal do Vale do S\u00e3o Francisco (Univasf), localizado em Juazeiro (BA), para participarem do Projeto Jovem do Amanh\u00e3. Ele consiste em uma capacita\u00e7\u00e3o, que acontecer\u00e1 at\u00e9 sexta-feira (12) e \u00e9 realizado em parceria com a Companhia de Desenvolvimento dos Vales do S\u00e3o Francisco e do Parna\u00edba (Codevasf). A programa\u00e7\u00e3o do curso envolve, em sua programa\u00e7\u00e3o, diversos temas. Ontem o tema tratado foi o Sistema Integrado de Produ\u00e7\u00e3o a partir da cria\u00e7\u00e3o de peixes, o Sisteminha. Al\u00e9m disso, ser\u00e3o debatidos temas como: \u201cBioma Caatinga e suas especificidades\u201d, \u201co capital social como estimulador de&hellip;","og_url":"https:\/\/blogdofarnesio.com.br\/?p=225353","og_site_name":"Blog do Farn\u00e9sio","article_publisher":"https:\/\/www.facebook.com\/BlogQuerSaberPolitica\/","article_published_time":"2019-04-10T13:20:01+00:00","og_image":[{"width":768,"height":510,"url":"https:\/\/blogdofarnesio.com.br\/wp-content\/uploads\/2019\/04\/blogqsp-jovens-quilombolas.jpeg","type":"image\/jpeg"}],"author":"Farn\u00e9sio","twitter_card":"summary_large_image","twitter_misc":{"Escrito por":"Farn\u00e9sio","Est. tempo de leitura":"2 minutos"},"schema":{"@context":"https:\/\/schema.org","@graph":[{"@type":"Article","@id":"https:\/\/blogdofarnesio.com.br\/?p=225353#article","isPartOf":{"@id":"https:\/\/blogdofarnesio.com.br\/?p=225353"},"author":{"name":"Farn\u00e9sio","@id":"https:\/\/blogdofarnesio.com.br\/#\/schema\/person\/301c4acf522bccbfdb45af95b5b906a1"},"headline":"Jovens de comunidades quilombolas participam de curso de capacita\u00e7\u00e3o promovido pela Univasf","datePublished":"2019-04-10T13:20:01+00:00","mainEntityOfPage":{"@id":"https:\/\/blogdofarnesio.com.br\/?p=225353"},"wordCount":419,"publisher":{"@id":"https:\/\/blogdofarnesio.com.br\/#organization"},"image":{"@id":"https:\/\/blogdofarnesio.com.br\/?p=225353#primaryimage"},"thumbnailUrl":"https:\/\/blogdofarnesio.com.br\/wp-content\/uploads\/2019\/04\/blogqsp-jovens-quilombolas.jpeg","articleSection":["Costumes"],"inLanguage":"pt-BR"},{"@type":"WebPage","@id":"https:\/\/blogdofarnesio.com.br\/?p=225353","url":"https:\/\/blogdofarnesio.com.br\/?p=225353","name":"Jovens de comunidades quilombolas participam de curso de capacita\u00e7\u00e3o promovido pela Univasf - Blog do Farn\u00e9sio","isPartOf":{"@id":"https:\/\/blogdofarnesio.com.br\/#website"},"primaryImageOfPage":{"@id":"https:\/\/blogdofarnesio.com.br\/?p=225353#primaryimage"},"image":{"@id":"https:\/\/blogdofarnesio.com.br\/?p=225353#primaryimage"},"thumbnailUrl":"https:\/\/blogdofarnesio.com.br\/wp-content\/uploads\/2019\/04\/blogqsp-jovens-quilombolas.jpeg","datePublished":"2019-04-10T13:20:01+00:00","breadcrumb":{"@id":"https:\/\/blogdofarnesio.com.br\/?p=225353#breadcrumb"},"inLanguage":"pt-BR","potentialAction":[{"@type":"ReadAction","target":["https:\/\/blogdofarnesio.com.br\/?p=225353"]}]},{"@type":"ImageObject","inLanguage":"pt-BR","@id":"https:\/\/blogdofarnesio.com.br\/?p=225353#primaryimage","url":"https:\/\/blogdofarnesio.com.br\/wp-content\/uploads\/2019\/04\/blogqsp-jovens-quilombolas.jpeg","contentUrl":"https:\/\/blogdofarnesio.com.br\/wp-content\/uploads\/2019\/04\/blogqsp-jovens-quilombolas.jpeg","width":768,"height":510},{"@type":"BreadcrumbList","@id":"https:\/\/blogdofarnesio.com.br\/?p=225353#breadcrumb","itemListElement":[{"@type":"ListItem","position":1,"name":"In\u00edcio","item":"https:\/\/blogdofarnesio.com.br\/"},{"@type":"ListItem","position":2,"name":"Jovens de comunidades quilombolas participam de curso de capacita\u00e7\u00e3o promovido pela Univasf"}]},{"@type":"WebSite","@id":"https:\/\/blogdofarnesio.com.br\/#website","url":"https:\/\/blogdofarnesio.com.br\/","name":"Blog do Farn\u00e9sio","description":"Quer Saber Pol\u00edtica?","publisher":{"@id":"https:\/\/blogdofarnesio.com.br\/#organization"},"potentialAction":[{"@type":"SearchAction","target":{"@type":"EntryPoint","urlTemplate":"https:\/\/blogdofarnesio.com.br\/?s={search_term_string}"},"query-input":{"@type":"PropertyValueSpecification","valueRequired":true,"valueName":"search_term_string"}}],"inLanguage":"pt-BR"},{"@type":"Organization","@id":"https:\/\/blogdofarnesio.com.br\/#organization","name":"Blog do Farn\u00e9sio","url":"https:\/\/blogdofarnesio.com.br\/","logo":{"@type":"ImageObject","inLanguage":"pt-BR","@id":"https:\/\/blogdofarnesio.com.br\/#\/schema\/logo\/image\/","url":"https:\/\/blogdofarnesio.com.br\/wp-content\/uploads\/2026\/03\/cropped-logo_new-1.png","contentUrl":"https:\/\/blogdofarnesio.com.br\/wp-content\/uploads\/2026\/03\/cropped-logo_new-1.png","width":881,"height":685,"caption":"Blog do Farn\u00e9sio"},"image":{"@id":"https:\/\/blogdofarnesio.com.br\/#\/schema\/logo\/image\/"},"sameAs":["https:\/\/www.facebook.com\/BlogQuerSaberPolitica\/"]},{"@type":"Person","@id":"https:\/\/blogdofarnesio.com.br\/#\/schema\/person\/301c4acf522bccbfdb45af95b5b906a1","name":"Farn\u00e9sio","image":{"@type":"ImageObject","inLanguage":"pt-BR","@id":"https:\/\/secure.gravatar.com\/avatar\/df0c9a14567c056f8ad6876ba5bbd1e3e2c48023eb6807342fc4663adf549f38?s=96&d=mm&r=g","url":"https:\/\/secure.gravatar.com\/avatar\/df0c9a14567c056f8ad6876ba5bbd1e3e2c48023eb6807342fc4663adf549f38?s=96&d=mm&r=g","contentUrl":"https:\/\/secure.gravatar.com\/avatar\/df0c9a14567c056f8ad6876ba5bbd1e3e2c48023eb6807342fc4663adf549f38?s=96&d=mm&r=g","caption":"Farn\u00e9sio"},"sameAs":["https:\/\/quersaberpolitica.com.br"],"url":"https:\/\/blogdofarnesio.com.br\/?author=1"}]}},"_links":{"self":[{"href":"https:\/\/blogdofarnesio.com.br\/index.php?rest_route=\/wp\/v2\/posts\/225353","targetHints":{"allow":["GET"]}}],"collection":[{"href":"https:\/\/blogdofarnesio.com.br\/index.php?rest_route=\/wp\/v2\/posts"}],"about":[{"href":"https:\/\/blogdofarnesio.com.br\/index.php?rest_route=\/wp\/v2\/types\/post"}],"author":[{"embeddable":true,"href":"https:\/\/blogdofarnesio.com.br\/index.php?rest_route=\/wp\/v2\/users\/1"}],"replies":[{"embeddable":true,"href":"https:\/\/blogdofarnesio.com.br\/index.php?rest_route=%2Fwp%2Fv2%2Fcomments&post=225353"}],"version-history":[{"count":0,"href":"https:\/\/blogdofarnesio.com.br\/index.php?rest_route=\/wp\/v2\/posts\/225353\/revisions"}],"wp:featuredmedia":[{"embeddable":true,"href":"https:\/\/blogdofarnesio.com.br\/index.php?rest_route=\/wp\/v2\/media\/225356"}],"wp:attachment":[{"href":"https:\/\/blogdofarnesio.com.br\/index.php?rest_route=%2Fwp%2Fv2%2Fmedia&parent=225353"}],"wp:term":[{"taxonomy":"category","embeddable":true,"href":"https:\/\/blogdofarnesio.com.br\/index.php?rest_route=%2Fwp%2Fv2%2Fcategories&post=225353"},{"taxonomy":"post_tag","embeddable":true,"href":"https:\/\/blogdofarnesio.com.br\/index.php?rest_route=%2Fwp%2Fv2%2Ftags&post=225353"}],"curies":[{"name":"wp","href":"https:\/\/api.w.org\/{rel}","templated":true}]}}