{"id":225347,"date":"2019-04-10T10:00:20","date_gmt":"2019-04-10T13:00:20","guid":{"rendered":"http:\/\/quersaberpolitica.com.br\/2016\/?p=225347"},"modified":"2019-04-09T19:55:12","modified_gmt":"2019-04-09T22:55:12","slug":"ba-tem-12-mortes-por-ataques-de-animais-peconhentos-em-2019","status":"publish","type":"post","link":"https:\/\/blogdofarnesio.com.br\/?p=225347","title":{"rendered":"BA tem 12 mortes por ataques de animais pe\u00e7onhentos em 2019"},"content":{"rendered":"\n<p><strong>v\u00eddeo mostra 1 das v\u00edtimas sendo picada ao brincar com cobra coral<\/strong><\/p>\n\n\n\n<p>Por Alan Tiago Alves, G1 BA<\/p>\n\n\n\n<hr class=\"wp-block-separator\"\/>\n\n\n\n<figure><iframe loading=\"lazy\" src=\"https:\/\/www.youtube.com\/embed\/YN0wYwCK68Q?origin=http:\/\/g1.globo.com\" width=\"640px\" height=\"360px\" allowfullscreen=\"\"><\/iframe><\/figure>\n\n\n\n<p>De janeiro ate o in\u00edcio de abril desse ano, ao menos 12 pessoas morreram na Bahia em decorr\u00eancia de ataques de animais pe\u00e7onhentos, segundo dados divulgados nesta ter\u00e7a-feira (9) pelo Centro de Informa\u00e7\u00e3o Antiveneno do estado (Ciave). Um dos casos ocorreu na \u00faltima semana, quando um&nbsp;<a href=\"https:\/\/g1.globo.com\/ba\/bahia\/noticia\/2019\/04\/08\/video-mostra-brincando-com-cobra-coral-antes-de-ser-picado-por-animal-e-morrer-na-bahia.ghtml\">homem veio a \u00f3bito depois de ser ser picado por uma cobra-coral ao brincar com o animal em Caetit\u00e9, na regi\u00e3o sudoeste<\/a>&nbsp;\u2014 o ataque foi registrado em um v\u00eddeo&nbsp;<strong><em>[Confira acima]<\/em><\/strong>.<\/p>\n\n\n\n<p>Do total de mortes ocorridas esse ano no estado, dois foram em decorr\u00eancia de ataques de serpentes. Os demais \u00f3bitos foram resultados de ataques e escorpi\u00f5es (8), aranhas (1) e abelhas (1).<\/p>\n\n\n\n<p>O Ciave afirma que o n\u00famero de v\u00edtimas pode ser maior, porque as pessoas atacadas que evoluem a \u00f3bito antes de chegar a uma unidade m\u00e9dica n\u00e3o entram nas estat\u00edsticas do \u00f3rg\u00e3o.<\/p>\n\n\n\n<p>Em 2018, foram 65 mortes (15 por conta de ataques de serpentes, 32 devido a ataques de escorpi\u00f5es, 13 por abelhas, duas por causa de aranhas e tr\u00eas devido a ataque de outros animais).<\/p>\n\n\n\n<p>O n\u00famero de acidentes envolvendo animais pe\u00e7onhentos registrados pelo Ciave, repassados pelos munic\u00edpios, somam 6.358 no estado, de 1\u00ba janeiro de 2019 at\u00e9 esta ter\u00e7a-feira (9). Destes, 4.744 envolvem escorpi\u00f5es, 614 envolvem serpentes, 214 com aranhas, 340 com abelhas e 446 com outros animais.<\/p>\n\n\n\n<p>Em 2018, o n\u00famero de ocorr\u00eancias foi de 26 mil, entre elas 20.521 envolvendo escorpi\u00f5es, 2.429 envolvendo serpentes, 1.200 com abelhas e 1.001 com aranhas.<\/p>\n\n\n\n<h2 class=\"wp-block-heading\">Ataques<\/h2>\n\n\n\n<figure class=\"wp-block-image\"><img loading=\"lazy\" decoding=\"async\" width=\"25\" height=\"16\" src=\"http:\/\/quersaberpolitica.com.br\/2016\/wp-content\/uploads\/2019\/04\/image-6.jpeg\" alt=\"\" class=\"wp-image-225348\"\/><\/figure>\n\n\n\n<figure class=\"wp-block-image\"><img decoding=\"async\" src=\"https:\/\/s2.glbimg.com\/c_mbfDYiAiiZRLZrqgr83q6wegM=\/0x0:1700x1065\/984x0\/smart\/filters:strip_icc()\/i.s3.glbimg.com\/v1\/AUTH_59edd422c0c84a879bd37670ae4f538a\/internal_photos\/bs\/2019\/C\/n\/Plss1iSJSZflqArRTBGQ\/cobra-coral.png\" alt=\"Homem morre ap\u00f3s ser picado ao brincar com cobra coral na Bahia \u2014 Foto: Reprodu\u00e7\u00e3o\/YouTube\"\/><\/figure>\n\n\n\n<p>Homem morre ap\u00f3s ser picado ao brincar com cobra coral na Bahia \u2014 Foto: Reprodu\u00e7\u00e3o\/YouTube<\/p>\n\n\n\n<p>O ataque que resultou na morte de um homem em Caetit\u00e9 aconteceu na madrugada de sexta-feira (5), no bairro Ov\u00eddio Teixeira.<\/p>\n\n\n\n<p>Segundo a pol\u00edcia, a v\u00edtima estava alcoolizada e brincava com o animal quando o incidente aconteceu. Um v\u00eddeo publicado na internet mostra o momento do ataque da cobra.<\/p>\n\n\n\n<p>Ao<strong>&nbsp;G1<\/strong>, a pol\u00edcia informou que o homem picado tinha o costume de mexer com cobras pe\u00e7onhentas.<\/p>\n\n\n\n<p>No v\u00eddeo, moradores registraram o momento em que ele brinca com o animal, na companhia de outro rapaz. A v\u00edtima chegou a ser socorrida para a Unidade de Pronto Atendimento (UPA) do munic\u00edpio, mas n\u00e3o resistiu.<\/p>\n\n\n\n<figure class=\"wp-block-image\"><img loading=\"lazy\" decoding=\"async\" width=\"25\" height=\"14\" src=\"http:\/\/quersaberpolitica.com.br\/2016\/wp-content\/uploads\/2019\/04\/image-7.jpeg\" alt=\"\" class=\"wp-image-225349\"\/><\/figure>\n\n\n\n<figure class=\"wp-block-image\"><img decoding=\"async\" src=\"https:\/\/s2.glbimg.com\/0FO1a8bg4EOHgBhhQDn4yRucPjU=\/0x0:1600x900\/984x0\/smart\/filters:strip_icc()\/i.s3.glbimg.com\/v1\/AUTH_59edd422c0c84a879bd37670ae4f538a\/internal_photos\/bs\/2019\/3\/j\/pDmAUtS3qkVPl7Z0KS6A\/idoso-2.jpg\" alt=\"Manoel Messias dos Santos morreu depois de ser picado por escorpi\u00e3o em Salvador \u2014 Foto: Reprodu\u00e7\u00e3o\/TV Bahia\"\/><\/figure>\n\n\n\n<p>Manoel Messias dos Santos morreu depois de ser picado por escorpi\u00e3o em Salvador \u2014 Foto: Reprodu\u00e7\u00e3o\/TV Bahia<\/p>\n\n\n\n<p>Em mar\u00e7o,&nbsp;<a href=\"https:\/\/g1.globo.com\/ba\/bahia\/noticia\/2019\/03\/16\/idoso-de-76-anos-morre-apos-ser-picado-por-escorpiao-em-bairro-de-salvador-vizinhos-relatam-infestacao.ghtml\">um idoso de 76 anos morreu um dia depois de ter sido picado por um escorpi\u00e3o no bairro de Val\u00e9ria, em Salvador<\/a>. A v\u00edtima foi Manoel Messias dos Santos.<\/p>\n\n\n\n<p>A filha do idoso contou que ele foi picado no dedo de uma das m\u00e3os quando mexia em uma caixa de ferramentas em um c\u00f4modo de madeira da casa. O homem passou mal e foi encaminhado para o Hospital do Sub\u00farbio, mas n\u00e3o resistiu e morreu.<\/p>\n\n\n\n<p>No mesmo m\u00eas, uma&nbsp;<a href=\"https:\/\/g1.globo.com\/ba\/bahia\/noticia\/2019\/03\/13\/idosa-morre-apos-ser-picada-por-abelhas-no-barbalho-em-salvador.ghtml\">idosa de 74 anos morreu depois de ser atacada por abelhas na porta de casa, na Rua Ibirapuera, no bairro do Barbalho, em Salvador<\/a>. Uma crian\u00e7a de nove anos tamb\u00e9m foi picada por um dos insetos, mas sobreviveu.<\/p>\n\n\n\n<p>De acordo com moradores do bairro, a colmeia ficava em um terreno atr\u00e1s das casas que ficam na rua em que a v\u00edtima vivia.<\/p>\n\n\n\n<h2 class=\"wp-block-heading\">Alerta<\/h2>\n\n\n\n<p>O coordenador de Apoio a Diagn\u00f3stico e Terapia do Centro Antiveneno (Ciave), Jucelino Nery, alerta que \u00e9 preciso ter muito cuidado com animais pe\u00e7onhentos e evitar manuse\u00e1-los.<\/p>\n\n\n\n<p>&#8220;No caso do ataque em Caetit\u00e9, o grande fator complicador \u00e9 que a v\u00edtima foi picada v\u00e1rias vezes. No v\u00eddeo, \u00e9 poss\u00edvel ver que ele \u00e9 picado em ao menos dois momentos. Ele tamb\u00e9m teria colocado a serpente no bolso e foi picado outra vez. Ent\u00e3o, a quantidade de veneno foi grande. O veneno da cobra-coral \u00e9 o mais t\u00f3xico dentre as serpentes. Ela n\u00e3o \u00e9 uma serpente agressiva e tem dificuldades para picar, mas n\u00e3o se pode manusear uma cobra dessas e nem qualquer outro animal pe\u00e7onhento&#8221;, diz.<\/p>\n\n\n\n<p>O especialista alerta que \u00e9 preciso manter o ambiente limpo para evitar a aproxima\u00e7\u00e3o dos animais e que, em caso de ataques, \u00e9 preciso tomar alguns cuidados iniciais e levar a v\u00edtima o mais r\u00e1pido poss\u00edvel para uma unidade de sa\u00fade.<\/p>\n\n\n\n<p>&#8220;\u00c9 preciso manter o ambiente na casa e pr\u00f3ximo \u00e0 resid\u00eancia, no entorno, limpos. Em ambientes sujos, por exemplo, podem aparecer ratos e as serpentes s\u00e3o atra\u00eddas pelos ratos. Escorpi\u00f5es e aranhas tamb\u00e9m aparecem em locais com lixo e mato acumulados. Ent\u00e3o, \u00e9 preciso ter cuidado&#8221;.<\/p>\n\n\n\n<p>Quem vier a ser atacado n\u00e3o pode fazer coisas que comumente as pessoas fazem, como usar \u00e1lcool, querosene ou amarrar o local da picada. Essas coisas acabam agravando o quadro. O que se deve fazer \u00e9 simplesmente lavar a regi\u00e3o com \u00e1gua e sab\u00e3o, deixar a v\u00edtima tranquila at\u00e9 ser levada o mais r\u00e1pido poss\u00edvel para uma unidade de sa\u00fade mais pr\u00f3xima&#8221;, destacou Nery.<\/p>\n","protected":false},"excerpt":{"rendered":"<p>v\u00eddeo mostra 1 das v\u00edtimas sendo picada ao brincar com cobra coral Por Alan Tiago Alves, G1 BA De janeiro ate o in\u00edcio de abril desse ano, ao menos 12 pessoas morreram na Bahia em decorr\u00eancia de ataques de animais pe\u00e7onhentos, segundo dados divulgados nesta ter\u00e7a-feira (9) pelo Centro de Informa\u00e7\u00e3o Antiveneno do estado (Ciave). Um dos casos ocorreu na \u00faltima semana, quando um&nbsp;homem veio a \u00f3bito depois de ser ser picado por uma cobra-coral ao brincar com o animal em Caetit\u00e9, na regi\u00e3o sudoeste&nbsp;\u2014 o ataque foi registrado em um v\u00eddeo&nbsp;[Confira acima]. Do total de mortes ocorridas esse ano no estado, dois foram em decorr\u00eancia de ataques de serpentes. Os demais \u00f3bitos foram resultados de ataques e escorpi\u00f5es (8),&hellip; <\/p>\n","protected":false},"author":1,"featured_media":225374,"comment_status":"closed","ping_status":"closed","sticky":false,"template":"","format":"standard","meta":{"_acf_changed":false,"footnotes":""},"categories":[1,4],"tags":[],"class_list":["post-225347","post","type-post","status-publish","format-standard","has-post-thumbnail","hentry","category-politica","category-saude"],"acf":[],"yoast_head":"<!-- This site is optimized with the Yoast SEO plugin v27.4 - https:\/\/yoast.com\/product\/yoast-seo-wordpress\/ -->\n<title>BA tem 12 mortes por ataques de animais pe\u00e7onhentos em 2019 - Blog do Farn\u00e9sio<\/title>\n<meta name=\"robots\" content=\"index, follow, max-snippet:-1, max-image-preview:large, max-video-preview:-1\" \/>\n<link rel=\"canonical\" href=\"https:\/\/blogdofarnesio.com.br\/?p=225347\" \/>\n<meta property=\"og:locale\" content=\"pt_BR\" \/>\n<meta property=\"og:type\" content=\"article\" \/>\n<meta property=\"og:title\" content=\"BA tem 12 mortes por ataques de animais pe\u00e7onhentos em 2019 - Blog do Farn\u00e9sio\" \/>\n<meta property=\"og:description\" content=\"v\u00eddeo mostra 1 das v\u00edtimas sendo picada ao brincar com cobra coral Por Alan Tiago Alves, G1 BA De janeiro ate o in\u00edcio de abril desse ano, ao menos 12 pessoas morreram na Bahia em decorr\u00eancia de ataques de animais pe\u00e7onhentos, segundo dados divulgados nesta ter\u00e7a-feira (9) pelo Centro de Informa\u00e7\u00e3o Antiveneno do estado (Ciave). Um dos casos ocorreu na \u00faltima semana, quando um&nbsp;homem veio a \u00f3bito depois de ser ser picado por uma cobra-coral ao brincar com o animal em Caetit\u00e9, na regi\u00e3o sudoeste&nbsp;\u2014 o ataque foi registrado em um v\u00eddeo&nbsp;[Confira acima]. Do total de mortes ocorridas esse ano no estado, dois foram em decorr\u00eancia de ataques de serpentes. Os demais \u00f3bitos foram resultados de ataques e escorpi\u00f5es (8),&hellip;\" \/>\n<meta property=\"og:url\" content=\"https:\/\/blogdofarnesio.com.br\/?p=225347\" \/>\n<meta property=\"og:site_name\" content=\"Blog do Farn\u00e9sio\" \/>\n<meta property=\"article:publisher\" content=\"https:\/\/www.facebook.com\/BlogQuerSaberPolitica\/\" \/>\n<meta property=\"article:published_time\" content=\"2019-04-10T13:00:20+00:00\" \/>\n<meta property=\"og:image\" content=\"https:\/\/blogdofarnesio.com.br\/wp-content\/uploads\/2019\/04\/blogqspanimais-peonhentos-do-brasil-1-638.jpg\" \/>\n\t<meta property=\"og:image:width\" content=\"638\" \/>\n\t<meta property=\"og:image:height\" content=\"479\" \/>\n\t<meta property=\"og:image:type\" content=\"image\/jpeg\" \/>\n<meta name=\"author\" content=\"Farn\u00e9sio\" \/>\n<meta name=\"twitter:card\" content=\"summary_large_image\" \/>\n<meta name=\"twitter:label1\" content=\"Escrito por\" \/>\n\t<meta name=\"twitter:data1\" content=\"Farn\u00e9sio\" \/>\n\t<meta name=\"twitter:label2\" content=\"Est. tempo de leitura\" \/>\n\t<meta name=\"twitter:data2\" content=\"4 minutos\" \/>\n<script type=\"application\/ld+json\" class=\"yoast-schema-graph\">{\"@context\":\"https:\\\/\\\/schema.org\",\"@graph\":[{\"@type\":\"Article\",\"@id\":\"https:\\\/\\\/blogdofarnesio.com.br\\\/?p=225347#article\",\"isPartOf\":{\"@id\":\"https:\\\/\\\/blogdofarnesio.com.br\\\/?p=225347\"},\"author\":{\"name\":\"Farn\u00e9sio\",\"@id\":\"https:\\\/\\\/blogdofarnesio.com.br\\\/#\\\/schema\\\/person\\\/301c4acf522bccbfdb45af95b5b906a1\"},\"headline\":\"BA tem 12 mortes por ataques de animais pe\u00e7onhentos em 2019\",\"datePublished\":\"2019-04-10T13:00:20+00:00\",\"mainEntityOfPage\":{\"@id\":\"https:\\\/\\\/blogdofarnesio.com.br\\\/?p=225347\"},\"wordCount\":870,\"publisher\":{\"@id\":\"https:\\\/\\\/blogdofarnesio.com.br\\\/#organization\"},\"image\":{\"@id\":\"https:\\\/\\\/blogdofarnesio.com.br\\\/?p=225347#primaryimage\"},\"thumbnailUrl\":\"https:\\\/\\\/blogdofarnesio.com.br\\\/wp-content\\\/uploads\\\/2019\\\/04\\\/blogqspanimais-peonhentos-do-brasil-1-638.jpg\",\"articleSection\":[\"Pol\u00edtica\",\"Sa\u00fade\"],\"inLanguage\":\"pt-BR\"},{\"@type\":\"WebPage\",\"@id\":\"https:\\\/\\\/blogdofarnesio.com.br\\\/?p=225347\",\"url\":\"https:\\\/\\\/blogdofarnesio.com.br\\\/?p=225347\",\"name\":\"BA tem 12 mortes por ataques de animais pe\u00e7onhentos em 2019 - Blog do Farn\u00e9sio\",\"isPartOf\":{\"@id\":\"https:\\\/\\\/blogdofarnesio.com.br\\\/#website\"},\"primaryImageOfPage\":{\"@id\":\"https:\\\/\\\/blogdofarnesio.com.br\\\/?p=225347#primaryimage\"},\"image\":{\"@id\":\"https:\\\/\\\/blogdofarnesio.com.br\\\/?p=225347#primaryimage\"},\"thumbnailUrl\":\"https:\\\/\\\/blogdofarnesio.com.br\\\/wp-content\\\/uploads\\\/2019\\\/04\\\/blogqspanimais-peonhentos-do-brasil-1-638.jpg\",\"datePublished\":\"2019-04-10T13:00:20+00:00\",\"breadcrumb\":{\"@id\":\"https:\\\/\\\/blogdofarnesio.com.br\\\/?p=225347#breadcrumb\"},\"inLanguage\":\"pt-BR\",\"potentialAction\":[{\"@type\":\"ReadAction\",\"target\":[\"https:\\\/\\\/blogdofarnesio.com.br\\\/?p=225347\"]}]},{\"@type\":\"ImageObject\",\"inLanguage\":\"pt-BR\",\"@id\":\"https:\\\/\\\/blogdofarnesio.com.br\\\/?p=225347#primaryimage\",\"url\":\"https:\\\/\\\/blogdofarnesio.com.br\\\/wp-content\\\/uploads\\\/2019\\\/04\\\/blogqspanimais-peonhentos-do-brasil-1-638.jpg\",\"contentUrl\":\"https:\\\/\\\/blogdofarnesio.com.br\\\/wp-content\\\/uploads\\\/2019\\\/04\\\/blogqspanimais-peonhentos-do-brasil-1-638.jpg\",\"width\":638,\"height\":479},{\"@type\":\"BreadcrumbList\",\"@id\":\"https:\\\/\\\/blogdofarnesio.com.br\\\/?p=225347#breadcrumb\",\"itemListElement\":[{\"@type\":\"ListItem\",\"position\":1,\"name\":\"In\u00edcio\",\"item\":\"https:\\\/\\\/blogdofarnesio.com.br\\\/\"},{\"@type\":\"ListItem\",\"position\":2,\"name\":\"BA tem 12 mortes por ataques de animais pe\u00e7onhentos em 2019\"}]},{\"@type\":\"WebSite\",\"@id\":\"https:\\\/\\\/blogdofarnesio.com.br\\\/#website\",\"url\":\"https:\\\/\\\/blogdofarnesio.com.br\\\/\",\"name\":\"Blog do Farn\u00e9sio\",\"description\":\"Quer Saber Pol\u00edtica?\",\"publisher\":{\"@id\":\"https:\\\/\\\/blogdofarnesio.com.br\\\/#organization\"},\"potentialAction\":[{\"@type\":\"SearchAction\",\"target\":{\"@type\":\"EntryPoint\",\"urlTemplate\":\"https:\\\/\\\/blogdofarnesio.com.br\\\/?s={search_term_string}\"},\"query-input\":{\"@type\":\"PropertyValueSpecification\",\"valueRequired\":true,\"valueName\":\"search_term_string\"}}],\"inLanguage\":\"pt-BR\"},{\"@type\":\"Organization\",\"@id\":\"https:\\\/\\\/blogdofarnesio.com.br\\\/#organization\",\"name\":\"Blog do Farn\u00e9sio\",\"url\":\"https:\\\/\\\/blogdofarnesio.com.br\\\/\",\"logo\":{\"@type\":\"ImageObject\",\"inLanguage\":\"pt-BR\",\"@id\":\"https:\\\/\\\/blogdofarnesio.com.br\\\/#\\\/schema\\\/logo\\\/image\\\/\",\"url\":\"https:\\\/\\\/blogdofarnesio.com.br\\\/wp-content\\\/uploads\\\/2026\\\/03\\\/cropped-logo_new-1.png\",\"contentUrl\":\"https:\\\/\\\/blogdofarnesio.com.br\\\/wp-content\\\/uploads\\\/2026\\\/03\\\/cropped-logo_new-1.png\",\"width\":881,\"height\":685,\"caption\":\"Blog do Farn\u00e9sio\"},\"image\":{\"@id\":\"https:\\\/\\\/blogdofarnesio.com.br\\\/#\\\/schema\\\/logo\\\/image\\\/\"},\"sameAs\":[\"https:\\\/\\\/www.facebook.com\\\/BlogQuerSaberPolitica\\\/\"]},{\"@type\":\"Person\",\"@id\":\"https:\\\/\\\/blogdofarnesio.com.br\\\/#\\\/schema\\\/person\\\/301c4acf522bccbfdb45af95b5b906a1\",\"name\":\"Farn\u00e9sio\",\"image\":{\"@type\":\"ImageObject\",\"inLanguage\":\"pt-BR\",\"@id\":\"https:\\\/\\\/secure.gravatar.com\\\/avatar\\\/df0c9a14567c056f8ad6876ba5bbd1e3e2c48023eb6807342fc4663adf549f38?s=96&d=mm&r=g\",\"url\":\"https:\\\/\\\/secure.gravatar.com\\\/avatar\\\/df0c9a14567c056f8ad6876ba5bbd1e3e2c48023eb6807342fc4663adf549f38?s=96&d=mm&r=g\",\"contentUrl\":\"https:\\\/\\\/secure.gravatar.com\\\/avatar\\\/df0c9a14567c056f8ad6876ba5bbd1e3e2c48023eb6807342fc4663adf549f38?s=96&d=mm&r=g\",\"caption\":\"Farn\u00e9sio\"},\"sameAs\":[\"https:\\\/\\\/quersaberpolitica.com.br\"],\"url\":\"https:\\\/\\\/blogdofarnesio.com.br\\\/?author=1\"}]}<\/script>\n<!-- \/ Yoast SEO plugin. -->","yoast_head_json":{"title":"BA tem 12 mortes por ataques de animais pe\u00e7onhentos em 2019 - Blog do Farn\u00e9sio","robots":{"index":"index","follow":"follow","max-snippet":"max-snippet:-1","max-image-preview":"max-image-preview:large","max-video-preview":"max-video-preview:-1"},"canonical":"https:\/\/blogdofarnesio.com.br\/?p=225347","og_locale":"pt_BR","og_type":"article","og_title":"BA tem 12 mortes por ataques de animais pe\u00e7onhentos em 2019 - Blog do Farn\u00e9sio","og_description":"v\u00eddeo mostra 1 das v\u00edtimas sendo picada ao brincar com cobra coral Por Alan Tiago Alves, G1 BA De janeiro ate o in\u00edcio de abril desse ano, ao menos 12 pessoas morreram na Bahia em decorr\u00eancia de ataques de animais pe\u00e7onhentos, segundo dados divulgados nesta ter\u00e7a-feira (9) pelo Centro de Informa\u00e7\u00e3o Antiveneno do estado (Ciave). Um dos casos ocorreu na \u00faltima semana, quando um&nbsp;homem veio a \u00f3bito depois de ser ser picado por uma cobra-coral ao brincar com o animal em Caetit\u00e9, na regi\u00e3o sudoeste&nbsp;\u2014 o ataque foi registrado em um v\u00eddeo&nbsp;[Confira acima]. Do total de mortes ocorridas esse ano no estado, dois foram em decorr\u00eancia de ataques de serpentes. Os demais \u00f3bitos foram resultados de ataques e escorpi\u00f5es (8),&hellip;","og_url":"https:\/\/blogdofarnesio.com.br\/?p=225347","og_site_name":"Blog do Farn\u00e9sio","article_publisher":"https:\/\/www.facebook.com\/BlogQuerSaberPolitica\/","article_published_time":"2019-04-10T13:00:20+00:00","og_image":[{"width":638,"height":479,"url":"https:\/\/blogdofarnesio.com.br\/wp-content\/uploads\/2019\/04\/blogqspanimais-peonhentos-do-brasil-1-638.jpg","type":"image\/jpeg"}],"author":"Farn\u00e9sio","twitter_card":"summary_large_image","twitter_misc":{"Escrito por":"Farn\u00e9sio","Est. tempo de leitura":"4 minutos"},"schema":{"@context":"https:\/\/schema.org","@graph":[{"@type":"Article","@id":"https:\/\/blogdofarnesio.com.br\/?p=225347#article","isPartOf":{"@id":"https:\/\/blogdofarnesio.com.br\/?p=225347"},"author":{"name":"Farn\u00e9sio","@id":"https:\/\/blogdofarnesio.com.br\/#\/schema\/person\/301c4acf522bccbfdb45af95b5b906a1"},"headline":"BA tem 12 mortes por ataques de animais pe\u00e7onhentos em 2019","datePublished":"2019-04-10T13:00:20+00:00","mainEntityOfPage":{"@id":"https:\/\/blogdofarnesio.com.br\/?p=225347"},"wordCount":870,"publisher":{"@id":"https:\/\/blogdofarnesio.com.br\/#organization"},"image":{"@id":"https:\/\/blogdofarnesio.com.br\/?p=225347#primaryimage"},"thumbnailUrl":"https:\/\/blogdofarnesio.com.br\/wp-content\/uploads\/2019\/04\/blogqspanimais-peonhentos-do-brasil-1-638.jpg","articleSection":["Pol\u00edtica","Sa\u00fade"],"inLanguage":"pt-BR"},{"@type":"WebPage","@id":"https:\/\/blogdofarnesio.com.br\/?p=225347","url":"https:\/\/blogdofarnesio.com.br\/?p=225347","name":"BA tem 12 mortes por ataques de animais pe\u00e7onhentos em 2019 - Blog do Farn\u00e9sio","isPartOf":{"@id":"https:\/\/blogdofarnesio.com.br\/#website"},"primaryImageOfPage":{"@id":"https:\/\/blogdofarnesio.com.br\/?p=225347#primaryimage"},"image":{"@id":"https:\/\/blogdofarnesio.com.br\/?p=225347#primaryimage"},"thumbnailUrl":"https:\/\/blogdofarnesio.com.br\/wp-content\/uploads\/2019\/04\/blogqspanimais-peonhentos-do-brasil-1-638.jpg","datePublished":"2019-04-10T13:00:20+00:00","breadcrumb":{"@id":"https:\/\/blogdofarnesio.com.br\/?p=225347#breadcrumb"},"inLanguage":"pt-BR","potentialAction":[{"@type":"ReadAction","target":["https:\/\/blogdofarnesio.com.br\/?p=225347"]}]},{"@type":"ImageObject","inLanguage":"pt-BR","@id":"https:\/\/blogdofarnesio.com.br\/?p=225347#primaryimage","url":"https:\/\/blogdofarnesio.com.br\/wp-content\/uploads\/2019\/04\/blogqspanimais-peonhentos-do-brasil-1-638.jpg","contentUrl":"https:\/\/blogdofarnesio.com.br\/wp-content\/uploads\/2019\/04\/blogqspanimais-peonhentos-do-brasil-1-638.jpg","width":638,"height":479},{"@type":"BreadcrumbList","@id":"https:\/\/blogdofarnesio.com.br\/?p=225347#breadcrumb","itemListElement":[{"@type":"ListItem","position":1,"name":"In\u00edcio","item":"https:\/\/blogdofarnesio.com.br\/"},{"@type":"ListItem","position":2,"name":"BA tem 12 mortes por ataques de animais pe\u00e7onhentos em 2019"}]},{"@type":"WebSite","@id":"https:\/\/blogdofarnesio.com.br\/#website","url":"https:\/\/blogdofarnesio.com.br\/","name":"Blog do Farn\u00e9sio","description":"Quer Saber Pol\u00edtica?","publisher":{"@id":"https:\/\/blogdofarnesio.com.br\/#organization"},"potentialAction":[{"@type":"SearchAction","target":{"@type":"EntryPoint","urlTemplate":"https:\/\/blogdofarnesio.com.br\/?s={search_term_string}"},"query-input":{"@type":"PropertyValueSpecification","valueRequired":true,"valueName":"search_term_string"}}],"inLanguage":"pt-BR"},{"@type":"Organization","@id":"https:\/\/blogdofarnesio.com.br\/#organization","name":"Blog do Farn\u00e9sio","url":"https:\/\/blogdofarnesio.com.br\/","logo":{"@type":"ImageObject","inLanguage":"pt-BR","@id":"https:\/\/blogdofarnesio.com.br\/#\/schema\/logo\/image\/","url":"https:\/\/blogdofarnesio.com.br\/wp-content\/uploads\/2026\/03\/cropped-logo_new-1.png","contentUrl":"https:\/\/blogdofarnesio.com.br\/wp-content\/uploads\/2026\/03\/cropped-logo_new-1.png","width":881,"height":685,"caption":"Blog do Farn\u00e9sio"},"image":{"@id":"https:\/\/blogdofarnesio.com.br\/#\/schema\/logo\/image\/"},"sameAs":["https:\/\/www.facebook.com\/BlogQuerSaberPolitica\/"]},{"@type":"Person","@id":"https:\/\/blogdofarnesio.com.br\/#\/schema\/person\/301c4acf522bccbfdb45af95b5b906a1","name":"Farn\u00e9sio","image":{"@type":"ImageObject","inLanguage":"pt-BR","@id":"https:\/\/secure.gravatar.com\/avatar\/df0c9a14567c056f8ad6876ba5bbd1e3e2c48023eb6807342fc4663adf549f38?s=96&d=mm&r=g","url":"https:\/\/secure.gravatar.com\/avatar\/df0c9a14567c056f8ad6876ba5bbd1e3e2c48023eb6807342fc4663adf549f38?s=96&d=mm&r=g","contentUrl":"https:\/\/secure.gravatar.com\/avatar\/df0c9a14567c056f8ad6876ba5bbd1e3e2c48023eb6807342fc4663adf549f38?s=96&d=mm&r=g","caption":"Farn\u00e9sio"},"sameAs":["https:\/\/quersaberpolitica.com.br"],"url":"https:\/\/blogdofarnesio.com.br\/?author=1"}]}},"_links":{"self":[{"href":"https:\/\/blogdofarnesio.com.br\/index.php?rest_route=\/wp\/v2\/posts\/225347","targetHints":{"allow":["GET"]}}],"collection":[{"href":"https:\/\/blogdofarnesio.com.br\/index.php?rest_route=\/wp\/v2\/posts"}],"about":[{"href":"https:\/\/blogdofarnesio.com.br\/index.php?rest_route=\/wp\/v2\/types\/post"}],"author":[{"embeddable":true,"href":"https:\/\/blogdofarnesio.com.br\/index.php?rest_route=\/wp\/v2\/users\/1"}],"replies":[{"embeddable":true,"href":"https:\/\/blogdofarnesio.com.br\/index.php?rest_route=%2Fwp%2Fv2%2Fcomments&post=225347"}],"version-history":[{"count":0,"href":"https:\/\/blogdofarnesio.com.br\/index.php?rest_route=\/wp\/v2\/posts\/225347\/revisions"}],"wp:featuredmedia":[{"embeddable":true,"href":"https:\/\/blogdofarnesio.com.br\/index.php?rest_route=\/wp\/v2\/media\/225374"}],"wp:attachment":[{"href":"https:\/\/blogdofarnesio.com.br\/index.php?rest_route=%2Fwp%2Fv2%2Fmedia&parent=225347"}],"wp:term":[{"taxonomy":"category","embeddable":true,"href":"https:\/\/blogdofarnesio.com.br\/index.php?rest_route=%2Fwp%2Fv2%2Fcategories&post=225347"},{"taxonomy":"post_tag","embeddable":true,"href":"https:\/\/blogdofarnesio.com.br\/index.php?rest_route=%2Fwp%2Fv2%2Ftags&post=225347"}],"curies":[{"name":"wp","href":"https:\/\/api.w.org\/{rel}","templated":true}]}}