{"id":225324,"date":"2019-04-10T07:41:36","date_gmt":"2019-04-10T10:41:36","guid":{"rendered":"http:\/\/quersaberpolitica.com.br\/2016\/?p=225324"},"modified":"2019-04-09T18:50:55","modified_gmt":"2019-04-09T21:50:55","slug":"aplicacao-dos-recursos-das-multas-de-transito-em-petrolina-no-portal-da-transparencia-agora-e-lei","status":"publish","type":"post","link":"https:\/\/blogdofarnesio.com.br\/?p=225324","title":{"rendered":"Publica\u00e7\u00e3o da Aplica\u00e7\u00e3o dos recursos das multas de tr\u00e2nsito em Petrolina no portal da transpar\u00eancia, AGORA \u00c9 LEI"},"content":{"rendered":"\n<p>O cidad\u00e3o petrolinense agora poder\u00e1 saber onde o munic\u00edpio aplica os recursos&nbsp; arrecadados com as multas de tr\u00e2nsito. Foi aprovado na sess\u00e3o dessa ter\u00e7a-feira(09), o Projeto de Lei da vereadora Cristina Costa(PT), de n\u00famero 005\/2019, disp\u00f5e sobre a divulga\u00e7\u00e3o no portal da transpar\u00eancia da destina\u00e7\u00e3o de valores de multas de tr\u00e2nsito para cada \u00e1rea beneficiada de Petrolina.<\/p>\n\n\n\n<p>A ideia do projeto de lei de &nbsp;Cristina Costa \u00e9 informar \u00e0 popula\u00e7\u00e3o como esses recursos arrecadados pela&nbsp;Autarquia Municipal de Mobilidade de&nbsp;<em>Petrolina<strong>&nbsp;&#8211;&nbsp;<\/strong><\/em>AMMPLA&nbsp;,&nbsp; s\u00e3o usados e onde s\u00e3o. Em que \u00e1reas da cidade, e exatamente qual o destino desse dinheiro, para que os condutores infratores saibam como seus recursos est\u00e3o retornando em benef\u00edcio da popula\u00e7\u00e3o. O projeto de lei foi aprovado por unanimidade, com 15 votos dos vereadores presentes no plen\u00e1rio.<\/p>\n\n\n\n<p>\u201c&nbsp;<em>Ningu\u00e9m gosta de pagar multa. Mas j\u00e1 que paga, \u00e9 importante saber onde esse dinheiro est\u00e1 sendo aplicado, e como a popula\u00e7\u00e3o est\u00e1 sendo beneficiada. Antes do projeto entrar em pauta, n\u00f3s fizemos uma enquete nas nossas redes sociais. 98% dos petrolinenses nos responderam que gostariam de saber para onde vai esse dinheiro. N\u00f3s primamos pela transpar\u00eancia na aplica\u00e7\u00e3o dos recursos p\u00fablicos. Esse projeto trata disso<\/em>\u201d, declarou Cristina Costa.&nbsp;<\/p>\n\n\n\n<p>De acordo com o projeto, o&nbsp;Poder Executivo dever\u00e1 divulgar, mensalmente, no Portal Transpar\u00eancia do Munic\u00edpio de Petrolina, a destina\u00e7\u00e3o dos valores arrecadados com as multas de tr\u00e2nsito nas vias p\u00fablicas sob circunscri\u00e7\u00e3o da Autarquia Municipal de Mobilidade de Petrolina (AMMPLA). A informa\u00e7\u00e3o a ser divulgada dever\u00e1 conter o \u00f3rg\u00e3o beneficiado para aplicar o recurso, conforme determina o art. 320 do C\u00f3digo de Tr\u00e2nsito Brasileiro, o valor destinado a esta categoria e a porcentagem repassada com base no total arrecadado. A divulga\u00e7\u00e3o das infra\u00e7\u00f5es de tr\u00e2nsito e dos valores arrecadados por elas, bem como onde ser\u00e3o aplicados, ir\u00e1 colaborar para uma administra\u00e7\u00e3o transparente e democr\u00e1tica.<\/p>\n\n\n\n<p>O projeto de lei aprovado, aguarda agora a sans\u00e3o do prefeito Miguel Coelho. O site da AMMPLA \u00e9&nbsp;<a href=\"http:\/\/ammpla.petrolina.pe.gov.br\/\" target=\"_blank\" rel=\"noreferrer noopener\">http:\/\/ammpla.petrolina.pe.gov.br\/<\/a>&nbsp;e dentro est\u00e1 o link do portal da transpar\u00eancia onde dever\u00e3o ser divulgados os valores e aplica\u00e7\u00f5es das multas de acordo com a nova lei.<\/p>\n\n\n\n<p>Assessoria de Imprensa<\/p>\n","protected":false},"excerpt":{"rendered":"<p>O cidad\u00e3o petrolinense agora poder\u00e1 saber onde o munic\u00edpio aplica os recursos&nbsp; arrecadados com as multas de tr\u00e2nsito. Foi aprovado na sess\u00e3o dessa ter\u00e7a-feira(09), o Projeto de Lei da vereadora Cristina Costa(PT), de n\u00famero 005\/2019, disp\u00f5e sobre a divulga\u00e7\u00e3o no portal da transpar\u00eancia da destina\u00e7\u00e3o de valores de multas de tr\u00e2nsito para cada \u00e1rea beneficiada de Petrolina. A ideia do projeto de lei de &nbsp;Cristina Costa \u00e9 informar \u00e0 popula\u00e7\u00e3o como esses recursos arrecadados pela&nbsp;Autarquia Municipal de Mobilidade de&nbsp;Petrolina&nbsp;&#8211;&nbsp;AMMPLA&nbsp;,&nbsp; s\u00e3o usados e onde s\u00e3o. Em que \u00e1reas da cidade, e exatamente qual o destino desse dinheiro, para que os condutores infratores saibam como seus recursos est\u00e3o retornando em benef\u00edcio da popula\u00e7\u00e3o. O projeto de lei foi aprovado por unanimidade, com&hellip; <\/p>\n","protected":false},"author":1,"featured_media":116845,"comment_status":"closed","ping_status":"closed","sticky":false,"template":"","format":"standard","meta":{"_acf_changed":false,"footnotes":""},"categories":[21],"tags":[],"class_list":["post-225324","post","type-post","status-publish","format-standard","has-post-thumbnail","hentry","category-transito"],"acf":[],"yoast_head":"<!-- This site is optimized with the Yoast SEO plugin v27.4 - https:\/\/yoast.com\/product\/yoast-seo-wordpress\/ -->\n<title>Publica\u00e7\u00e3o da Aplica\u00e7\u00e3o dos recursos das multas de tr\u00e2nsito em Petrolina no portal da transpar\u00eancia, AGORA \u00c9 LEI - Blog do Farn\u00e9sio<\/title>\n<meta name=\"robots\" content=\"index, follow, max-snippet:-1, max-image-preview:large, max-video-preview:-1\" \/>\n<link rel=\"canonical\" href=\"https:\/\/blogdofarnesio.com.br\/?p=225324\" \/>\n<meta property=\"og:locale\" content=\"pt_BR\" \/>\n<meta property=\"og:type\" content=\"article\" \/>\n<meta property=\"og:title\" content=\"Publica\u00e7\u00e3o da Aplica\u00e7\u00e3o dos recursos das multas de tr\u00e2nsito em Petrolina no portal da transpar\u00eancia, AGORA \u00c9 LEI - Blog do Farn\u00e9sio\" \/>\n<meta property=\"og:description\" content=\"O cidad\u00e3o petrolinense agora poder\u00e1 saber onde o munic\u00edpio aplica os recursos&nbsp; arrecadados com as multas de tr\u00e2nsito. Foi aprovado na sess\u00e3o dessa ter\u00e7a-feira(09), o Projeto de Lei da vereadora Cristina Costa(PT), de n\u00famero 005\/2019, disp\u00f5e sobre a divulga\u00e7\u00e3o no portal da transpar\u00eancia da destina\u00e7\u00e3o de valores de multas de tr\u00e2nsito para cada \u00e1rea beneficiada de Petrolina. A ideia do projeto de lei de &nbsp;Cristina Costa \u00e9 informar \u00e0 popula\u00e7\u00e3o como esses recursos arrecadados pela&nbsp;Autarquia Municipal de Mobilidade de&nbsp;Petrolina&nbsp;&#8211;&nbsp;AMMPLA&nbsp;,&nbsp; s\u00e3o usados e onde s\u00e3o. Em que \u00e1reas da cidade, e exatamente qual o destino desse dinheiro, para que os condutores infratores saibam como seus recursos est\u00e3o retornando em benef\u00edcio da popula\u00e7\u00e3o. O projeto de lei foi aprovado por unanimidade, com&hellip;\" \/>\n<meta property=\"og:url\" content=\"https:\/\/blogdofarnesio.com.br\/?p=225324\" \/>\n<meta property=\"og:site_name\" content=\"Blog do Farn\u00e9sio\" \/>\n<meta property=\"article:publisher\" content=\"https:\/\/www.facebook.com\/BlogQuerSaberPolitica\/\" \/>\n<meta property=\"article:published_time\" content=\"2019-04-10T10:41:36+00:00\" \/>\n<meta property=\"og:image\" content=\"https:\/\/blogdofarnesio.com.br\/wp-content\/uploads\/2015\/02\/blogqsp.multas2.jpg\" \/>\n\t<meta property=\"og:image:width\" content=\"336\" \/>\n\t<meta property=\"og:image:height\" content=\"336\" \/>\n\t<meta property=\"og:image:type\" content=\"image\/jpeg\" \/>\n<meta name=\"author\" content=\"Farn\u00e9sio\" \/>\n<meta name=\"twitter:card\" content=\"summary_large_image\" \/>\n<meta name=\"twitter:label1\" content=\"Escrito por\" \/>\n\t<meta name=\"twitter:data1\" content=\"Farn\u00e9sio\" \/>\n\t<meta name=\"twitter:label2\" content=\"Est. tempo de leitura\" \/>\n\t<meta name=\"twitter:data2\" content=\"2 minutos\" \/>\n<script type=\"application\/ld+json\" class=\"yoast-schema-graph\">{\"@context\":\"https:\\\/\\\/schema.org\",\"@graph\":[{\"@type\":\"Article\",\"@id\":\"https:\\\/\\\/blogdofarnesio.com.br\\\/?p=225324#article\",\"isPartOf\":{\"@id\":\"https:\\\/\\\/blogdofarnesio.com.br\\\/?p=225324\"},\"author\":{\"name\":\"Farn\u00e9sio\",\"@id\":\"https:\\\/\\\/blogdofarnesio.com.br\\\/#\\\/schema\\\/person\\\/301c4acf522bccbfdb45af95b5b906a1\"},\"headline\":\"Publica\u00e7\u00e3o da Aplica\u00e7\u00e3o dos recursos das multas de tr\u00e2nsito em Petrolina no portal da transpar\u00eancia, AGORA \u00c9 LEI\",\"datePublished\":\"2019-04-10T10:41:36+00:00\",\"mainEntityOfPage\":{\"@id\":\"https:\\\/\\\/blogdofarnesio.com.br\\\/?p=225324\"},\"wordCount\":429,\"publisher\":{\"@id\":\"https:\\\/\\\/blogdofarnesio.com.br\\\/#organization\"},\"image\":{\"@id\":\"https:\\\/\\\/blogdofarnesio.com.br\\\/?p=225324#primaryimage\"},\"thumbnailUrl\":\"https:\\\/\\\/blogdofarnesio.com.br\\\/wp-content\\\/uploads\\\/2015\\\/02\\\/blogqsp.multas2.jpg\",\"articleSection\":[\"Tr\u00e2nsito\"],\"inLanguage\":\"pt-BR\"},{\"@type\":\"WebPage\",\"@id\":\"https:\\\/\\\/blogdofarnesio.com.br\\\/?p=225324\",\"url\":\"https:\\\/\\\/blogdofarnesio.com.br\\\/?p=225324\",\"name\":\"Publica\u00e7\u00e3o da Aplica\u00e7\u00e3o dos recursos das multas de tr\u00e2nsito em Petrolina no portal da transpar\u00eancia, AGORA \u00c9 LEI - Blog do Farn\u00e9sio\",\"isPartOf\":{\"@id\":\"https:\\\/\\\/blogdofarnesio.com.br\\\/#website\"},\"primaryImageOfPage\":{\"@id\":\"https:\\\/\\\/blogdofarnesio.com.br\\\/?p=225324#primaryimage\"},\"image\":{\"@id\":\"https:\\\/\\\/blogdofarnesio.com.br\\\/?p=225324#primaryimage\"},\"thumbnailUrl\":\"https:\\\/\\\/blogdofarnesio.com.br\\\/wp-content\\\/uploads\\\/2015\\\/02\\\/blogqsp.multas2.jpg\",\"datePublished\":\"2019-04-10T10:41:36+00:00\",\"breadcrumb\":{\"@id\":\"https:\\\/\\\/blogdofarnesio.com.br\\\/?p=225324#breadcrumb\"},\"inLanguage\":\"pt-BR\",\"potentialAction\":[{\"@type\":\"ReadAction\",\"target\":[\"https:\\\/\\\/blogdofarnesio.com.br\\\/?p=225324\"]}]},{\"@type\":\"ImageObject\",\"inLanguage\":\"pt-BR\",\"@id\":\"https:\\\/\\\/blogdofarnesio.com.br\\\/?p=225324#primaryimage\",\"url\":\"https:\\\/\\\/blogdofarnesio.com.br\\\/wp-content\\\/uploads\\\/2015\\\/02\\\/blogqsp.multas2.jpg\",\"contentUrl\":\"https:\\\/\\\/blogdofarnesio.com.br\\\/wp-content\\\/uploads\\\/2015\\\/02\\\/blogqsp.multas2.jpg\",\"width\":336,\"height\":336},{\"@type\":\"BreadcrumbList\",\"@id\":\"https:\\\/\\\/blogdofarnesio.com.br\\\/?p=225324#breadcrumb\",\"itemListElement\":[{\"@type\":\"ListItem\",\"position\":1,\"name\":\"In\u00edcio\",\"item\":\"https:\\\/\\\/blogdofarnesio.com.br\\\/\"},{\"@type\":\"ListItem\",\"position\":2,\"name\":\"Publica\u00e7\u00e3o da Aplica\u00e7\u00e3o dos recursos das multas de tr\u00e2nsito em Petrolina no portal da transpar\u00eancia, AGORA \u00c9 LEI\"}]},{\"@type\":\"WebSite\",\"@id\":\"https:\\\/\\\/blogdofarnesio.com.br\\\/#website\",\"url\":\"https:\\\/\\\/blogdofarnesio.com.br\\\/\",\"name\":\"Blog do Farn\u00e9sio\",\"description\":\"Quer Saber Pol\u00edtica?\",\"publisher\":{\"@id\":\"https:\\\/\\\/blogdofarnesio.com.br\\\/#organization\"},\"potentialAction\":[{\"@type\":\"SearchAction\",\"target\":{\"@type\":\"EntryPoint\",\"urlTemplate\":\"https:\\\/\\\/blogdofarnesio.com.br\\\/?s={search_term_string}\"},\"query-input\":{\"@type\":\"PropertyValueSpecification\",\"valueRequired\":true,\"valueName\":\"search_term_string\"}}],\"inLanguage\":\"pt-BR\"},{\"@type\":\"Organization\",\"@id\":\"https:\\\/\\\/blogdofarnesio.com.br\\\/#organization\",\"name\":\"Blog do Farn\u00e9sio\",\"url\":\"https:\\\/\\\/blogdofarnesio.com.br\\\/\",\"logo\":{\"@type\":\"ImageObject\",\"inLanguage\":\"pt-BR\",\"@id\":\"https:\\\/\\\/blogdofarnesio.com.br\\\/#\\\/schema\\\/logo\\\/image\\\/\",\"url\":\"https:\\\/\\\/blogdofarnesio.com.br\\\/wp-content\\\/uploads\\\/2026\\\/03\\\/cropped-logo_new-1.png\",\"contentUrl\":\"https:\\\/\\\/blogdofarnesio.com.br\\\/wp-content\\\/uploads\\\/2026\\\/03\\\/cropped-logo_new-1.png\",\"width\":881,\"height\":685,\"caption\":\"Blog do Farn\u00e9sio\"},\"image\":{\"@id\":\"https:\\\/\\\/blogdofarnesio.com.br\\\/#\\\/schema\\\/logo\\\/image\\\/\"},\"sameAs\":[\"https:\\\/\\\/www.facebook.com\\\/BlogQuerSaberPolitica\\\/\"]},{\"@type\":\"Person\",\"@id\":\"https:\\\/\\\/blogdofarnesio.com.br\\\/#\\\/schema\\\/person\\\/301c4acf522bccbfdb45af95b5b906a1\",\"name\":\"Farn\u00e9sio\",\"image\":{\"@type\":\"ImageObject\",\"inLanguage\":\"pt-BR\",\"@id\":\"https:\\\/\\\/secure.gravatar.com\\\/avatar\\\/df0c9a14567c056f8ad6876ba5bbd1e3e2c48023eb6807342fc4663adf549f38?s=96&d=mm&r=g\",\"url\":\"https:\\\/\\\/secure.gravatar.com\\\/avatar\\\/df0c9a14567c056f8ad6876ba5bbd1e3e2c48023eb6807342fc4663adf549f38?s=96&d=mm&r=g\",\"contentUrl\":\"https:\\\/\\\/secure.gravatar.com\\\/avatar\\\/df0c9a14567c056f8ad6876ba5bbd1e3e2c48023eb6807342fc4663adf549f38?s=96&d=mm&r=g\",\"caption\":\"Farn\u00e9sio\"},\"sameAs\":[\"https:\\\/\\\/quersaberpolitica.com.br\"],\"url\":\"https:\\\/\\\/blogdofarnesio.com.br\\\/?author=1\"}]}<\/script>\n<!-- \/ Yoast SEO plugin. -->","yoast_head_json":{"title":"Publica\u00e7\u00e3o da Aplica\u00e7\u00e3o dos recursos das multas de tr\u00e2nsito em Petrolina no portal da transpar\u00eancia, AGORA \u00c9 LEI - Blog do Farn\u00e9sio","robots":{"index":"index","follow":"follow","max-snippet":"max-snippet:-1","max-image-preview":"max-image-preview:large","max-video-preview":"max-video-preview:-1"},"canonical":"https:\/\/blogdofarnesio.com.br\/?p=225324","og_locale":"pt_BR","og_type":"article","og_title":"Publica\u00e7\u00e3o da Aplica\u00e7\u00e3o dos recursos das multas de tr\u00e2nsito em Petrolina no portal da transpar\u00eancia, AGORA \u00c9 LEI - Blog do Farn\u00e9sio","og_description":"O cidad\u00e3o petrolinense agora poder\u00e1 saber onde o munic\u00edpio aplica os recursos&nbsp; arrecadados com as multas de tr\u00e2nsito. Foi aprovado na sess\u00e3o dessa ter\u00e7a-feira(09), o Projeto de Lei da vereadora Cristina Costa(PT), de n\u00famero 005\/2019, disp\u00f5e sobre a divulga\u00e7\u00e3o no portal da transpar\u00eancia da destina\u00e7\u00e3o de valores de multas de tr\u00e2nsito para cada \u00e1rea beneficiada de Petrolina. A ideia do projeto de lei de &nbsp;Cristina Costa \u00e9 informar \u00e0 popula\u00e7\u00e3o como esses recursos arrecadados pela&nbsp;Autarquia Municipal de Mobilidade de&nbsp;Petrolina&nbsp;&#8211;&nbsp;AMMPLA&nbsp;,&nbsp; s\u00e3o usados e onde s\u00e3o. Em que \u00e1reas da cidade, e exatamente qual o destino desse dinheiro, para que os condutores infratores saibam como seus recursos est\u00e3o retornando em benef\u00edcio da popula\u00e7\u00e3o. O projeto de lei foi aprovado por unanimidade, com&hellip;","og_url":"https:\/\/blogdofarnesio.com.br\/?p=225324","og_site_name":"Blog do Farn\u00e9sio","article_publisher":"https:\/\/www.facebook.com\/BlogQuerSaberPolitica\/","article_published_time":"2019-04-10T10:41:36+00:00","og_image":[{"width":336,"height":336,"url":"https:\/\/blogdofarnesio.com.br\/wp-content\/uploads\/2015\/02\/blogqsp.multas2.jpg","type":"image\/jpeg"}],"author":"Farn\u00e9sio","twitter_card":"summary_large_image","twitter_misc":{"Escrito por":"Farn\u00e9sio","Est. tempo de leitura":"2 minutos"},"schema":{"@context":"https:\/\/schema.org","@graph":[{"@type":"Article","@id":"https:\/\/blogdofarnesio.com.br\/?p=225324#article","isPartOf":{"@id":"https:\/\/blogdofarnesio.com.br\/?p=225324"},"author":{"name":"Farn\u00e9sio","@id":"https:\/\/blogdofarnesio.com.br\/#\/schema\/person\/301c4acf522bccbfdb45af95b5b906a1"},"headline":"Publica\u00e7\u00e3o da Aplica\u00e7\u00e3o dos recursos das multas de tr\u00e2nsito em Petrolina no portal da transpar\u00eancia, AGORA \u00c9 LEI","datePublished":"2019-04-10T10:41:36+00:00","mainEntityOfPage":{"@id":"https:\/\/blogdofarnesio.com.br\/?p=225324"},"wordCount":429,"publisher":{"@id":"https:\/\/blogdofarnesio.com.br\/#organization"},"image":{"@id":"https:\/\/blogdofarnesio.com.br\/?p=225324#primaryimage"},"thumbnailUrl":"https:\/\/blogdofarnesio.com.br\/wp-content\/uploads\/2015\/02\/blogqsp.multas2.jpg","articleSection":["Tr\u00e2nsito"],"inLanguage":"pt-BR"},{"@type":"WebPage","@id":"https:\/\/blogdofarnesio.com.br\/?p=225324","url":"https:\/\/blogdofarnesio.com.br\/?p=225324","name":"Publica\u00e7\u00e3o da Aplica\u00e7\u00e3o dos recursos das multas de tr\u00e2nsito em Petrolina no portal da transpar\u00eancia, AGORA \u00c9 LEI - Blog do Farn\u00e9sio","isPartOf":{"@id":"https:\/\/blogdofarnesio.com.br\/#website"},"primaryImageOfPage":{"@id":"https:\/\/blogdofarnesio.com.br\/?p=225324#primaryimage"},"image":{"@id":"https:\/\/blogdofarnesio.com.br\/?p=225324#primaryimage"},"thumbnailUrl":"https:\/\/blogdofarnesio.com.br\/wp-content\/uploads\/2015\/02\/blogqsp.multas2.jpg","datePublished":"2019-04-10T10:41:36+00:00","breadcrumb":{"@id":"https:\/\/blogdofarnesio.com.br\/?p=225324#breadcrumb"},"inLanguage":"pt-BR","potentialAction":[{"@type":"ReadAction","target":["https:\/\/blogdofarnesio.com.br\/?p=225324"]}]},{"@type":"ImageObject","inLanguage":"pt-BR","@id":"https:\/\/blogdofarnesio.com.br\/?p=225324#primaryimage","url":"https:\/\/blogdofarnesio.com.br\/wp-content\/uploads\/2015\/02\/blogqsp.multas2.jpg","contentUrl":"https:\/\/blogdofarnesio.com.br\/wp-content\/uploads\/2015\/02\/blogqsp.multas2.jpg","width":336,"height":336},{"@type":"BreadcrumbList","@id":"https:\/\/blogdofarnesio.com.br\/?p=225324#breadcrumb","itemListElement":[{"@type":"ListItem","position":1,"name":"In\u00edcio","item":"https:\/\/blogdofarnesio.com.br\/"},{"@type":"ListItem","position":2,"name":"Publica\u00e7\u00e3o da Aplica\u00e7\u00e3o dos recursos das multas de tr\u00e2nsito em Petrolina no portal da transpar\u00eancia, AGORA \u00c9 LEI"}]},{"@type":"WebSite","@id":"https:\/\/blogdofarnesio.com.br\/#website","url":"https:\/\/blogdofarnesio.com.br\/","name":"Blog do Farn\u00e9sio","description":"Quer Saber Pol\u00edtica?","publisher":{"@id":"https:\/\/blogdofarnesio.com.br\/#organization"},"potentialAction":[{"@type":"SearchAction","target":{"@type":"EntryPoint","urlTemplate":"https:\/\/blogdofarnesio.com.br\/?s={search_term_string}"},"query-input":{"@type":"PropertyValueSpecification","valueRequired":true,"valueName":"search_term_string"}}],"inLanguage":"pt-BR"},{"@type":"Organization","@id":"https:\/\/blogdofarnesio.com.br\/#organization","name":"Blog do Farn\u00e9sio","url":"https:\/\/blogdofarnesio.com.br\/","logo":{"@type":"ImageObject","inLanguage":"pt-BR","@id":"https:\/\/blogdofarnesio.com.br\/#\/schema\/logo\/image\/","url":"https:\/\/blogdofarnesio.com.br\/wp-content\/uploads\/2026\/03\/cropped-logo_new-1.png","contentUrl":"https:\/\/blogdofarnesio.com.br\/wp-content\/uploads\/2026\/03\/cropped-logo_new-1.png","width":881,"height":685,"caption":"Blog do Farn\u00e9sio"},"image":{"@id":"https:\/\/blogdofarnesio.com.br\/#\/schema\/logo\/image\/"},"sameAs":["https:\/\/www.facebook.com\/BlogQuerSaberPolitica\/"]},{"@type":"Person","@id":"https:\/\/blogdofarnesio.com.br\/#\/schema\/person\/301c4acf522bccbfdb45af95b5b906a1","name":"Farn\u00e9sio","image":{"@type":"ImageObject","inLanguage":"pt-BR","@id":"https:\/\/secure.gravatar.com\/avatar\/df0c9a14567c056f8ad6876ba5bbd1e3e2c48023eb6807342fc4663adf549f38?s=96&d=mm&r=g","url":"https:\/\/secure.gravatar.com\/avatar\/df0c9a14567c056f8ad6876ba5bbd1e3e2c48023eb6807342fc4663adf549f38?s=96&d=mm&r=g","contentUrl":"https:\/\/secure.gravatar.com\/avatar\/df0c9a14567c056f8ad6876ba5bbd1e3e2c48023eb6807342fc4663adf549f38?s=96&d=mm&r=g","caption":"Farn\u00e9sio"},"sameAs":["https:\/\/quersaberpolitica.com.br"],"url":"https:\/\/blogdofarnesio.com.br\/?author=1"}]}},"_links":{"self":[{"href":"https:\/\/blogdofarnesio.com.br\/index.php?rest_route=\/wp\/v2\/posts\/225324","targetHints":{"allow":["GET"]}}],"collection":[{"href":"https:\/\/blogdofarnesio.com.br\/index.php?rest_route=\/wp\/v2\/posts"}],"about":[{"href":"https:\/\/blogdofarnesio.com.br\/index.php?rest_route=\/wp\/v2\/types\/post"}],"author":[{"embeddable":true,"href":"https:\/\/blogdofarnesio.com.br\/index.php?rest_route=\/wp\/v2\/users\/1"}],"replies":[{"embeddable":true,"href":"https:\/\/blogdofarnesio.com.br\/index.php?rest_route=%2Fwp%2Fv2%2Fcomments&post=225324"}],"version-history":[{"count":0,"href":"https:\/\/blogdofarnesio.com.br\/index.php?rest_route=\/wp\/v2\/posts\/225324\/revisions"}],"wp:featuredmedia":[{"embeddable":true,"href":"https:\/\/blogdofarnesio.com.br\/index.php?rest_route=\/wp\/v2\/media\/116845"}],"wp:attachment":[{"href":"https:\/\/blogdofarnesio.com.br\/index.php?rest_route=%2Fwp%2Fv2%2Fmedia&parent=225324"}],"wp:term":[{"taxonomy":"category","embeddable":true,"href":"https:\/\/blogdofarnesio.com.br\/index.php?rest_route=%2Fwp%2Fv2%2Fcategories&post=225324"},{"taxonomy":"post_tag","embeddable":true,"href":"https:\/\/blogdofarnesio.com.br\/index.php?rest_route=%2Fwp%2Fv2%2Ftags&post=225324"}],"curies":[{"name":"wp","href":"https:\/\/api.w.org\/{rel}","templated":true}]}}