{"id":224535,"date":"2019-03-30T10:00:36","date_gmt":"2019-03-30T13:00:36","guid":{"rendered":"http:\/\/quersaberpolitica.com.br\/2016\/?p=224535"},"modified":"2019-03-29T16:39:09","modified_gmt":"2019-03-29T19:39:09","slug":"prefeito-paulo-bomfim-sanciona-lei-que-dispoe-sobre-a-gestao-das-unidades-basicas-de-saude","status":"publish","type":"post","link":"https:\/\/blogdofarnesio.com.br\/?p=224535","title":{"rendered":"Prefeito Paulo Bomfim sanciona lei que disp\u00f5e sobre a Gest\u00e3o das Unidades B\u00e1sicas de Sa\u00fade"},"content":{"rendered":"\n<p>Gardennia Garibalde\/SESAU<\/p>\n\n\n\n<p>O prefeito Paulo Bomfim sancionou nesta sexta-feira (29) a Lei N\u00ba 2.823\/2019 que disp\u00f5e sobre a Gest\u00e3o das Unidades B\u00e1sicas de Sa\u00fade (UBS) fortalecendo o conceito de administra\u00e7\u00e3o pautada na valoriza\u00e7\u00e3o do servidor. O ato aconteceu em seu gabinete no Pa\u00e7o Municipal e contou com a participa\u00e7\u00e3o dos Secret\u00e1rios de Governo Cleriston Andrade e de Comunica\u00e7\u00e3o Pedro Alc\u00e2ntara Filho, da vereadora Valdelice Alves (Neguinha da Santa Casa), da representante do Sindicato dos Enfermeiros da Bahia (SEEB) Pollyana Evangelista e parte dos funcion\u00e1rios que comp\u00f5em a equipe da Secretaria de Sa\u00fade (Sesau).<\/p>\n\n\n\n<p>Aprovado na ultima se\u00e7\u00e3o da C\u00e2mara de Vereadores do m\u00eas de mar\u00e7o (dia 27) o Projeto de Lei N\u00ba 3.476\/2019 que deu origem a Lei sancionada tem como foco possibilitar que enfermeiros, odont\u00f3logos e m\u00e9dicos atuem como gestores de unidades b\u00e1sicas, numa perspectiva de melhoria dos servi\u00e7os de aten\u00e7\u00e3o prim\u00e1ria em sa\u00fade, para que sejam alcan\u00e7ados avan\u00e7os nos indicadores de avalia\u00e7\u00e3o de desempenho das equipes e qualidade no atendimento.<\/p>\n\n\n\n<p>\u201cEm 2018 a nossa gest\u00e3o investiu algo em torno de R$ 50 milh\u00f5es na sa\u00fade. Nossa obriga\u00e7\u00e3o seria investir R$ 30 milh\u00f5es e n\u00e3o conseguimos ainda obter a satisfa\u00e7\u00e3o da popula\u00e7\u00e3o na oferta dos servi\u00e7os. Entendemos que a valoriza\u00e7\u00e3o profissional \u00e9 um agente potencializador para que os \u00edndices que almejamos sejam alcan\u00e7ados. Por isso abrimos essa linha de di\u00e1logo com os profissionais que nos ajudaram na constru\u00e7\u00e3o desse projeto que passa a ser lei e com certeza vai dar outra cara aos servi\u00e7os nas UBS\u2019s da nossa cidade. Esse \u00e9 mais um ganho na perspectiva democr\u00e1tica da nossa gest\u00e3o\u201d, destaca o prefeito Paulo Bomfim.<\/p>\n\n\n\n<p>Segundo a representante do Seeb, Pollyanna Evangelista, a san\u00e7\u00e3o da lei representa uma grande conquista para os profissionais da sa\u00fade em Juazeiro. \u201cQuando decidimos ser parceiros do munic\u00edpio na constru\u00e7\u00e3o desse projeto foi com o intuito de melhorar o padr\u00e3o de funcionamento da UBS, oferecendo um melhor atendimento ao usu\u00e1rio. Com essa Lei alcan\u00e7amos a valoriza\u00e7\u00e3o do servidor e, consequentemente, a qualifica\u00e7\u00e3o dos servi\u00e7os ofertados na Aten\u00e7\u00e3o B\u00e1sica do munic\u00edpio. Hoje o dia foi de conquista e agradecimento \u00e0 gest\u00e3o municipal\u201d, afirma.<\/p>\n\n\n\n<p>Para a vereadora Neguinha da Santa Casa esse \u00e9 um importante passo dado pela gest\u00e3o municipal em prol da melhoria da sa\u00fade no munic\u00edpio. \u201cQuem est\u00e1 diariamente na UBS \u00e9 que tem o contato direto com a popula\u00e7\u00e3o, que est\u00e1 ali buscando os servi\u00e7os de sa\u00fade, e esses profissionais precisam ser preparados e valorizados. Acredito que com a nova Lei vamos alcan\u00e7ar melhorias no funcionamento da UBS\u201d, declara a vereadora.<\/p>\n\n\n\n<p>Representando a secret\u00e1ria de Sa\u00fade, o superintendente de Aten\u00e7\u00e3o B\u00e1sica Gilberto Lib\u00f3rio, falou dos esfor\u00e7os em conjunto de toda a equipe SESAU na cria\u00e7\u00e3o de instrumentos que fortale\u00e7am a sa\u00fade no munic\u00edpio. \u201cA Lei sancionada hoje estabelece metas de rendimento por UBS como instrumento de an\u00e1lise do desempenho da gest\u00e3o e das equipes, nos d\u00e1 a possibilidade de implantar modelo de planejamento, como referencial de atua\u00e7\u00e3o dos profissionais das unidades e tudo isso nos ajuda da a\u00e7\u00e3o para conquista do Selo UNICEF ao atendimento do padr\u00e3o estabelecido pelo Minist\u00e9rio da Sa\u00fade, al\u00e9m de promover uma sa\u00fade de qualidade. Mais uma vez Juazeiro sai na frente com essa iniciativa que logo estar\u00e1 sendo copiada por outros munic\u00edpios e Estados\u201d, pontua Lib\u00f3rio.<\/p>\n\n\n\n<p>De acordo com o texto da nova Lei, para atuar como gestor de UBS o servidor dever\u00e1 ser lotado e exercer de fato atribui\u00e7\u00f5es de enfermeiro, odont\u00f3logo ou m\u00e9dico em uma UBS e exercer suas atividades dentro da UBS para a qual pretende ser selecionado. Os gestores ser\u00e3o escolhidos por meio de processo seletivo que deve ser anunciado em breve pela gest\u00e3o municipal. Quando selecionado o gestor passar\u00e1 a receber gratifica\u00e7\u00e3o pelo exerc\u00edcio das atribui\u00e7\u00f5es inerentes ao cargo. A nova Lei entrar\u00e1 em vigor 30 dias ap\u00f3s sua publica\u00e7\u00e3o, tempo h\u00e1bil para realiza\u00e7\u00e3o de procedimentos burocr\u00e1ticos.<\/p>\n","protected":false},"excerpt":{"rendered":"<p>Gardennia Garibalde\/SESAU O prefeito Paulo Bomfim sancionou nesta sexta-feira (29) a Lei N\u00ba 2.823\/2019 que disp\u00f5e sobre a Gest\u00e3o das Unidades B\u00e1sicas de Sa\u00fade (UBS) fortalecendo o conceito de administra\u00e7\u00e3o pautada na valoriza\u00e7\u00e3o do servidor. O ato aconteceu em seu gabinete no Pa\u00e7o Municipal e contou com a participa\u00e7\u00e3o dos Secret\u00e1rios de Governo Cleriston Andrade e de Comunica\u00e7\u00e3o Pedro Alc\u00e2ntara Filho, da vereadora Valdelice Alves (Neguinha da Santa Casa), da representante do Sindicato dos Enfermeiros da Bahia (SEEB) Pollyana Evangelista e parte dos funcion\u00e1rios que comp\u00f5em a equipe da Secretaria de Sa\u00fade (Sesau). Aprovado na ultima se\u00e7\u00e3o da C\u00e2mara de Vereadores do m\u00eas de mar\u00e7o (dia 27) o Projeto de Lei N\u00ba 3.476\/2019 que deu origem a Lei sancionada tem&hellip; <\/p>\n","protected":false},"author":1,"featured_media":224536,"comment_status":"closed","ping_status":"closed","sticky":false,"template":"","format":"standard","meta":{"_acf_changed":false,"footnotes":""},"categories":[1],"tags":[],"class_list":["post-224535","post","type-post","status-publish","format-standard","has-post-thumbnail","hentry","category-politica"],"acf":[],"yoast_head":"<!-- This site is optimized with the Yoast SEO plugin v27.4 - https:\/\/yoast.com\/product\/yoast-seo-wordpress\/ -->\n<title>Prefeito Paulo Bomfim sanciona lei que disp\u00f5e sobre a Gest\u00e3o das Unidades B\u00e1sicas de Sa\u00fade - Blog do Farn\u00e9sio<\/title>\n<meta name=\"robots\" content=\"index, follow, max-snippet:-1, max-image-preview:large, max-video-preview:-1\" \/>\n<link rel=\"canonical\" href=\"https:\/\/blogdofarnesio.com.br\/?p=224535\" \/>\n<meta property=\"og:locale\" content=\"pt_BR\" \/>\n<meta property=\"og:type\" content=\"article\" \/>\n<meta property=\"og:title\" content=\"Prefeito Paulo Bomfim sanciona lei que disp\u00f5e sobre a Gest\u00e3o das Unidades B\u00e1sicas de Sa\u00fade - Blog do Farn\u00e9sio\" \/>\n<meta property=\"og:description\" content=\"Gardennia Garibalde\/SESAU O prefeito Paulo Bomfim sancionou nesta sexta-feira (29) a Lei N\u00ba 2.823\/2019 que disp\u00f5e sobre a Gest\u00e3o das Unidades B\u00e1sicas de Sa\u00fade (UBS) fortalecendo o conceito de administra\u00e7\u00e3o pautada na valoriza\u00e7\u00e3o do servidor. O ato aconteceu em seu gabinete no Pa\u00e7o Municipal e contou com a participa\u00e7\u00e3o dos Secret\u00e1rios de Governo Cleriston Andrade e de Comunica\u00e7\u00e3o Pedro Alc\u00e2ntara Filho, da vereadora Valdelice Alves (Neguinha da Santa Casa), da representante do Sindicato dos Enfermeiros da Bahia (SEEB) Pollyana Evangelista e parte dos funcion\u00e1rios que comp\u00f5em a equipe da Secretaria de Sa\u00fade (Sesau). Aprovado na ultima se\u00e7\u00e3o da C\u00e2mara de Vereadores do m\u00eas de mar\u00e7o (dia 27) o Projeto de Lei N\u00ba 3.476\/2019 que deu origem a Lei sancionada tem&hellip;\" \/>\n<meta property=\"og:url\" content=\"https:\/\/blogdofarnesio.com.br\/?p=224535\" \/>\n<meta property=\"og:site_name\" content=\"Blog do Farn\u00e9sio\" \/>\n<meta property=\"article:publisher\" content=\"https:\/\/www.facebook.com\/BlogQuerSaberPolitica\/\" \/>\n<meta property=\"article:published_time\" content=\"2019-03-30T13:00:36+00:00\" \/>\n<meta property=\"og:image\" content=\"https:\/\/blogdofarnesio.com.br\/wp-content\/uploads\/2019\/03\/BLOGQSP-PLei-Gest\u00e3o-UBS-18.jpg\" \/>\n\t<meta property=\"og:image:width\" content=\"640\" \/>\n\t<meta property=\"og:image:height\" content=\"427\" \/>\n\t<meta property=\"og:image:type\" content=\"image\/jpeg\" \/>\n<meta name=\"author\" content=\"Farn\u00e9sio\" \/>\n<meta name=\"twitter:card\" content=\"summary_large_image\" \/>\n<meta name=\"twitter:label1\" content=\"Escrito por\" \/>\n\t<meta name=\"twitter:data1\" content=\"Farn\u00e9sio\" \/>\n\t<meta name=\"twitter:label2\" content=\"Est. tempo de leitura\" \/>\n\t<meta name=\"twitter:data2\" content=\"4 minutos\" \/>\n<script type=\"application\/ld+json\" class=\"yoast-schema-graph\">{\"@context\":\"https:\\\/\\\/schema.org\",\"@graph\":[{\"@type\":\"Article\",\"@id\":\"https:\\\/\\\/blogdofarnesio.com.br\\\/?p=224535#article\",\"isPartOf\":{\"@id\":\"https:\\\/\\\/blogdofarnesio.com.br\\\/?p=224535\"},\"author\":{\"name\":\"Farn\u00e9sio\",\"@id\":\"https:\\\/\\\/blogdofarnesio.com.br\\\/#\\\/schema\\\/person\\\/301c4acf522bccbfdb45af95b5b906a1\"},\"headline\":\"Prefeito Paulo Bomfim sanciona lei que disp\u00f5e sobre a Gest\u00e3o das Unidades B\u00e1sicas de Sa\u00fade\",\"datePublished\":\"2019-03-30T13:00:36+00:00\",\"mainEntityOfPage\":{\"@id\":\"https:\\\/\\\/blogdofarnesio.com.br\\\/?p=224535\"},\"wordCount\":741,\"publisher\":{\"@id\":\"https:\\\/\\\/blogdofarnesio.com.br\\\/#organization\"},\"image\":{\"@id\":\"https:\\\/\\\/blogdofarnesio.com.br\\\/?p=224535#primaryimage\"},\"thumbnailUrl\":\"https:\\\/\\\/blogdofarnesio.com.br\\\/wp-content\\\/uploads\\\/2019\\\/03\\\/BLOGQSP-PLei-Gest\u00e3o-UBS-18.jpg\",\"articleSection\":[\"Pol\u00edtica\"],\"inLanguage\":\"pt-BR\"},{\"@type\":\"WebPage\",\"@id\":\"https:\\\/\\\/blogdofarnesio.com.br\\\/?p=224535\",\"url\":\"https:\\\/\\\/blogdofarnesio.com.br\\\/?p=224535\",\"name\":\"Prefeito Paulo Bomfim sanciona lei que disp\u00f5e sobre a Gest\u00e3o das Unidades B\u00e1sicas de Sa\u00fade - Blog do Farn\u00e9sio\",\"isPartOf\":{\"@id\":\"https:\\\/\\\/blogdofarnesio.com.br\\\/#website\"},\"primaryImageOfPage\":{\"@id\":\"https:\\\/\\\/blogdofarnesio.com.br\\\/?p=224535#primaryimage\"},\"image\":{\"@id\":\"https:\\\/\\\/blogdofarnesio.com.br\\\/?p=224535#primaryimage\"},\"thumbnailUrl\":\"https:\\\/\\\/blogdofarnesio.com.br\\\/wp-content\\\/uploads\\\/2019\\\/03\\\/BLOGQSP-PLei-Gest\u00e3o-UBS-18.jpg\",\"datePublished\":\"2019-03-30T13:00:36+00:00\",\"breadcrumb\":{\"@id\":\"https:\\\/\\\/blogdofarnesio.com.br\\\/?p=224535#breadcrumb\"},\"inLanguage\":\"pt-BR\",\"potentialAction\":[{\"@type\":\"ReadAction\",\"target\":[\"https:\\\/\\\/blogdofarnesio.com.br\\\/?p=224535\"]}]},{\"@type\":\"ImageObject\",\"inLanguage\":\"pt-BR\",\"@id\":\"https:\\\/\\\/blogdofarnesio.com.br\\\/?p=224535#primaryimage\",\"url\":\"https:\\\/\\\/blogdofarnesio.com.br\\\/wp-content\\\/uploads\\\/2019\\\/03\\\/BLOGQSP-PLei-Gest\u00e3o-UBS-18.jpg\",\"contentUrl\":\"https:\\\/\\\/blogdofarnesio.com.br\\\/wp-content\\\/uploads\\\/2019\\\/03\\\/BLOGQSP-PLei-Gest\u00e3o-UBS-18.jpg\",\"width\":640,\"height\":427},{\"@type\":\"BreadcrumbList\",\"@id\":\"https:\\\/\\\/blogdofarnesio.com.br\\\/?p=224535#breadcrumb\",\"itemListElement\":[{\"@type\":\"ListItem\",\"position\":1,\"name\":\"In\u00edcio\",\"item\":\"https:\\\/\\\/blogdofarnesio.com.br\\\/\"},{\"@type\":\"ListItem\",\"position\":2,\"name\":\"Prefeito Paulo Bomfim sanciona lei que disp\u00f5e sobre a Gest\u00e3o das Unidades B\u00e1sicas de Sa\u00fade\"}]},{\"@type\":\"WebSite\",\"@id\":\"https:\\\/\\\/blogdofarnesio.com.br\\\/#website\",\"url\":\"https:\\\/\\\/blogdofarnesio.com.br\\\/\",\"name\":\"Blog do Farn\u00e9sio\",\"description\":\"Quer Saber Pol\u00edtica?\",\"publisher\":{\"@id\":\"https:\\\/\\\/blogdofarnesio.com.br\\\/#organization\"},\"potentialAction\":[{\"@type\":\"SearchAction\",\"target\":{\"@type\":\"EntryPoint\",\"urlTemplate\":\"https:\\\/\\\/blogdofarnesio.com.br\\\/?s={search_term_string}\"},\"query-input\":{\"@type\":\"PropertyValueSpecification\",\"valueRequired\":true,\"valueName\":\"search_term_string\"}}],\"inLanguage\":\"pt-BR\"},{\"@type\":\"Organization\",\"@id\":\"https:\\\/\\\/blogdofarnesio.com.br\\\/#organization\",\"name\":\"Blog do Farn\u00e9sio\",\"url\":\"https:\\\/\\\/blogdofarnesio.com.br\\\/\",\"logo\":{\"@type\":\"ImageObject\",\"inLanguage\":\"pt-BR\",\"@id\":\"https:\\\/\\\/blogdofarnesio.com.br\\\/#\\\/schema\\\/logo\\\/image\\\/\",\"url\":\"https:\\\/\\\/blogdofarnesio.com.br\\\/wp-content\\\/uploads\\\/2026\\\/03\\\/cropped-logo_new-1.png\",\"contentUrl\":\"https:\\\/\\\/blogdofarnesio.com.br\\\/wp-content\\\/uploads\\\/2026\\\/03\\\/cropped-logo_new-1.png\",\"width\":881,\"height\":685,\"caption\":\"Blog do Farn\u00e9sio\"},\"image\":{\"@id\":\"https:\\\/\\\/blogdofarnesio.com.br\\\/#\\\/schema\\\/logo\\\/image\\\/\"},\"sameAs\":[\"https:\\\/\\\/www.facebook.com\\\/BlogQuerSaberPolitica\\\/\"]},{\"@type\":\"Person\",\"@id\":\"https:\\\/\\\/blogdofarnesio.com.br\\\/#\\\/schema\\\/person\\\/301c4acf522bccbfdb45af95b5b906a1\",\"name\":\"Farn\u00e9sio\",\"image\":{\"@type\":\"ImageObject\",\"inLanguage\":\"pt-BR\",\"@id\":\"https:\\\/\\\/secure.gravatar.com\\\/avatar\\\/df0c9a14567c056f8ad6876ba5bbd1e3e2c48023eb6807342fc4663adf549f38?s=96&d=mm&r=g\",\"url\":\"https:\\\/\\\/secure.gravatar.com\\\/avatar\\\/df0c9a14567c056f8ad6876ba5bbd1e3e2c48023eb6807342fc4663adf549f38?s=96&d=mm&r=g\",\"contentUrl\":\"https:\\\/\\\/secure.gravatar.com\\\/avatar\\\/df0c9a14567c056f8ad6876ba5bbd1e3e2c48023eb6807342fc4663adf549f38?s=96&d=mm&r=g\",\"caption\":\"Farn\u00e9sio\"},\"sameAs\":[\"https:\\\/\\\/quersaberpolitica.com.br\"],\"url\":\"https:\\\/\\\/blogdofarnesio.com.br\\\/?author=1\"}]}<\/script>\n<!-- \/ Yoast SEO plugin. -->","yoast_head_json":{"title":"Prefeito Paulo Bomfim sanciona lei que disp\u00f5e sobre a Gest\u00e3o das Unidades B\u00e1sicas de Sa\u00fade - Blog do Farn\u00e9sio","robots":{"index":"index","follow":"follow","max-snippet":"max-snippet:-1","max-image-preview":"max-image-preview:large","max-video-preview":"max-video-preview:-1"},"canonical":"https:\/\/blogdofarnesio.com.br\/?p=224535","og_locale":"pt_BR","og_type":"article","og_title":"Prefeito Paulo Bomfim sanciona lei que disp\u00f5e sobre a Gest\u00e3o das Unidades B\u00e1sicas de Sa\u00fade - Blog do Farn\u00e9sio","og_description":"Gardennia Garibalde\/SESAU O prefeito Paulo Bomfim sancionou nesta sexta-feira (29) a Lei N\u00ba 2.823\/2019 que disp\u00f5e sobre a Gest\u00e3o das Unidades B\u00e1sicas de Sa\u00fade (UBS) fortalecendo o conceito de administra\u00e7\u00e3o pautada na valoriza\u00e7\u00e3o do servidor. O ato aconteceu em seu gabinete no Pa\u00e7o Municipal e contou com a participa\u00e7\u00e3o dos Secret\u00e1rios de Governo Cleriston Andrade e de Comunica\u00e7\u00e3o Pedro Alc\u00e2ntara Filho, da vereadora Valdelice Alves (Neguinha da Santa Casa), da representante do Sindicato dos Enfermeiros da Bahia (SEEB) Pollyana Evangelista e parte dos funcion\u00e1rios que comp\u00f5em a equipe da Secretaria de Sa\u00fade (Sesau). Aprovado na ultima se\u00e7\u00e3o da C\u00e2mara de Vereadores do m\u00eas de mar\u00e7o (dia 27) o Projeto de Lei N\u00ba 3.476\/2019 que deu origem a Lei sancionada tem&hellip;","og_url":"https:\/\/blogdofarnesio.com.br\/?p=224535","og_site_name":"Blog do Farn\u00e9sio","article_publisher":"https:\/\/www.facebook.com\/BlogQuerSaberPolitica\/","article_published_time":"2019-03-30T13:00:36+00:00","og_image":[{"width":640,"height":427,"url":"https:\/\/blogdofarnesio.com.br\/wp-content\/uploads\/2019\/03\/BLOGQSP-PLei-Gest\u00e3o-UBS-18.jpg","type":"image\/jpeg"}],"author":"Farn\u00e9sio","twitter_card":"summary_large_image","twitter_misc":{"Escrito por":"Farn\u00e9sio","Est. tempo de leitura":"4 minutos"},"schema":{"@context":"https:\/\/schema.org","@graph":[{"@type":"Article","@id":"https:\/\/blogdofarnesio.com.br\/?p=224535#article","isPartOf":{"@id":"https:\/\/blogdofarnesio.com.br\/?p=224535"},"author":{"name":"Farn\u00e9sio","@id":"https:\/\/blogdofarnesio.com.br\/#\/schema\/person\/301c4acf522bccbfdb45af95b5b906a1"},"headline":"Prefeito Paulo Bomfim sanciona lei que disp\u00f5e sobre a Gest\u00e3o das Unidades B\u00e1sicas de Sa\u00fade","datePublished":"2019-03-30T13:00:36+00:00","mainEntityOfPage":{"@id":"https:\/\/blogdofarnesio.com.br\/?p=224535"},"wordCount":741,"publisher":{"@id":"https:\/\/blogdofarnesio.com.br\/#organization"},"image":{"@id":"https:\/\/blogdofarnesio.com.br\/?p=224535#primaryimage"},"thumbnailUrl":"https:\/\/blogdofarnesio.com.br\/wp-content\/uploads\/2019\/03\/BLOGQSP-PLei-Gest\u00e3o-UBS-18.jpg","articleSection":["Pol\u00edtica"],"inLanguage":"pt-BR"},{"@type":"WebPage","@id":"https:\/\/blogdofarnesio.com.br\/?p=224535","url":"https:\/\/blogdofarnesio.com.br\/?p=224535","name":"Prefeito Paulo Bomfim sanciona lei que disp\u00f5e sobre a Gest\u00e3o das Unidades B\u00e1sicas de Sa\u00fade - Blog do Farn\u00e9sio","isPartOf":{"@id":"https:\/\/blogdofarnesio.com.br\/#website"},"primaryImageOfPage":{"@id":"https:\/\/blogdofarnesio.com.br\/?p=224535#primaryimage"},"image":{"@id":"https:\/\/blogdofarnesio.com.br\/?p=224535#primaryimage"},"thumbnailUrl":"https:\/\/blogdofarnesio.com.br\/wp-content\/uploads\/2019\/03\/BLOGQSP-PLei-Gest\u00e3o-UBS-18.jpg","datePublished":"2019-03-30T13:00:36+00:00","breadcrumb":{"@id":"https:\/\/blogdofarnesio.com.br\/?p=224535#breadcrumb"},"inLanguage":"pt-BR","potentialAction":[{"@type":"ReadAction","target":["https:\/\/blogdofarnesio.com.br\/?p=224535"]}]},{"@type":"ImageObject","inLanguage":"pt-BR","@id":"https:\/\/blogdofarnesio.com.br\/?p=224535#primaryimage","url":"https:\/\/blogdofarnesio.com.br\/wp-content\/uploads\/2019\/03\/BLOGQSP-PLei-Gest\u00e3o-UBS-18.jpg","contentUrl":"https:\/\/blogdofarnesio.com.br\/wp-content\/uploads\/2019\/03\/BLOGQSP-PLei-Gest\u00e3o-UBS-18.jpg","width":640,"height":427},{"@type":"BreadcrumbList","@id":"https:\/\/blogdofarnesio.com.br\/?p=224535#breadcrumb","itemListElement":[{"@type":"ListItem","position":1,"name":"In\u00edcio","item":"https:\/\/blogdofarnesio.com.br\/"},{"@type":"ListItem","position":2,"name":"Prefeito Paulo Bomfim sanciona lei que disp\u00f5e sobre a Gest\u00e3o das Unidades B\u00e1sicas de Sa\u00fade"}]},{"@type":"WebSite","@id":"https:\/\/blogdofarnesio.com.br\/#website","url":"https:\/\/blogdofarnesio.com.br\/","name":"Blog do Farn\u00e9sio","description":"Quer Saber Pol\u00edtica?","publisher":{"@id":"https:\/\/blogdofarnesio.com.br\/#organization"},"potentialAction":[{"@type":"SearchAction","target":{"@type":"EntryPoint","urlTemplate":"https:\/\/blogdofarnesio.com.br\/?s={search_term_string}"},"query-input":{"@type":"PropertyValueSpecification","valueRequired":true,"valueName":"search_term_string"}}],"inLanguage":"pt-BR"},{"@type":"Organization","@id":"https:\/\/blogdofarnesio.com.br\/#organization","name":"Blog do Farn\u00e9sio","url":"https:\/\/blogdofarnesio.com.br\/","logo":{"@type":"ImageObject","inLanguage":"pt-BR","@id":"https:\/\/blogdofarnesio.com.br\/#\/schema\/logo\/image\/","url":"https:\/\/blogdofarnesio.com.br\/wp-content\/uploads\/2026\/03\/cropped-logo_new-1.png","contentUrl":"https:\/\/blogdofarnesio.com.br\/wp-content\/uploads\/2026\/03\/cropped-logo_new-1.png","width":881,"height":685,"caption":"Blog do Farn\u00e9sio"},"image":{"@id":"https:\/\/blogdofarnesio.com.br\/#\/schema\/logo\/image\/"},"sameAs":["https:\/\/www.facebook.com\/BlogQuerSaberPolitica\/"]},{"@type":"Person","@id":"https:\/\/blogdofarnesio.com.br\/#\/schema\/person\/301c4acf522bccbfdb45af95b5b906a1","name":"Farn\u00e9sio","image":{"@type":"ImageObject","inLanguage":"pt-BR","@id":"https:\/\/secure.gravatar.com\/avatar\/df0c9a14567c056f8ad6876ba5bbd1e3e2c48023eb6807342fc4663adf549f38?s=96&d=mm&r=g","url":"https:\/\/secure.gravatar.com\/avatar\/df0c9a14567c056f8ad6876ba5bbd1e3e2c48023eb6807342fc4663adf549f38?s=96&d=mm&r=g","contentUrl":"https:\/\/secure.gravatar.com\/avatar\/df0c9a14567c056f8ad6876ba5bbd1e3e2c48023eb6807342fc4663adf549f38?s=96&d=mm&r=g","caption":"Farn\u00e9sio"},"sameAs":["https:\/\/quersaberpolitica.com.br"],"url":"https:\/\/blogdofarnesio.com.br\/?author=1"}]}},"_links":{"self":[{"href":"https:\/\/blogdofarnesio.com.br\/index.php?rest_route=\/wp\/v2\/posts\/224535","targetHints":{"allow":["GET"]}}],"collection":[{"href":"https:\/\/blogdofarnesio.com.br\/index.php?rest_route=\/wp\/v2\/posts"}],"about":[{"href":"https:\/\/blogdofarnesio.com.br\/index.php?rest_route=\/wp\/v2\/types\/post"}],"author":[{"embeddable":true,"href":"https:\/\/blogdofarnesio.com.br\/index.php?rest_route=\/wp\/v2\/users\/1"}],"replies":[{"embeddable":true,"href":"https:\/\/blogdofarnesio.com.br\/index.php?rest_route=%2Fwp%2Fv2%2Fcomments&post=224535"}],"version-history":[{"count":0,"href":"https:\/\/blogdofarnesio.com.br\/index.php?rest_route=\/wp\/v2\/posts\/224535\/revisions"}],"wp:featuredmedia":[{"embeddable":true,"href":"https:\/\/blogdofarnesio.com.br\/index.php?rest_route=\/wp\/v2\/media\/224536"}],"wp:attachment":[{"href":"https:\/\/blogdofarnesio.com.br\/index.php?rest_route=%2Fwp%2Fv2%2Fmedia&parent=224535"}],"wp:term":[{"taxonomy":"category","embeddable":true,"href":"https:\/\/blogdofarnesio.com.br\/index.php?rest_route=%2Fwp%2Fv2%2Fcategories&post=224535"},{"taxonomy":"post_tag","embeddable":true,"href":"https:\/\/blogdofarnesio.com.br\/index.php?rest_route=%2Fwp%2Fv2%2Ftags&post=224535"}],"curies":[{"name":"wp","href":"https:\/\/api.w.org\/{rel}","templated":true}]}}