{"id":22418,"date":"2013-01-06T20:23:57","date_gmt":"2013-01-06T23:23:57","guid":{"rendered":"http:\/\/www.quersaberpolitica.com.br\/?p=22418"},"modified":"2013-01-06T17:01:24","modified_gmt":"2013-01-06T20:01:24","slug":"dominguinhos-comeca-a-fazer-hemodialise","status":"publish","type":"post","link":"https:\/\/blogdofarnesio.com.br\/?p=22418","title":{"rendered":"Dominguinhos come\u00e7a a fazer hemodi\u00e1lise"},"content":{"rendered":"<div><img loading=\"lazy\" decoding=\"async\" class=\"alignleft\" src=\"http:\/\/bahianoticias.com.br\/fotos\/principal_noticias\/129048\/IMAGEM_NOTICIA_5.jpg\" alt=\"Dominguinhos come\u00e7a a fazer hemodi\u00e1lise\" width=\"228\" height=\"168\" \/><\/div>\n<div style=\"text-align: justify\">O m\u00fasico Dominguinhos, 71, come\u00e7ou a fazer sess\u00f5es de hemodi\u00e1lise neste domingo (6), segundo boletim m\u00e9dico divulgado pelo Hospital Santa Joana, no Recife, onde est\u00e1 internado desde o dia 17 de dezembro.<\/div>\n<div style=\"text-align: justify\">O procedimento se deve ao &#8220;comprometimento da fun\u00e7\u00e3o renal&#8221; do m\u00fasico, que ainda respira com ajuda de aparelhos e a usa um marca-passo tempor\u00e1rio que auxilia no controle dos batimentos card\u00edacos.<\/div>\n<div style=\"text-align: justify\">Segundo a nota, Dominguinhos &#8220;mant\u00e9m-se sem seda\u00e7\u00e3o, sonolento, sem estabelecer contato&#8221;. Nos \u00faltimos dias, o hospital informou que o artista respondia favoravelmente ao tratamento. Ele foi internado com um quadro de infec\u00e7\u00e3o respirat\u00f3ria e arritmia card\u00edaca.<\/div>\n","protected":false},"excerpt":{"rendered":"<p>O m\u00fasico Dominguinhos, 71, come\u00e7ou a fazer sess\u00f5es de hemodi\u00e1lise neste domingo (6), segundo boletim m\u00e9dico divulgado pelo Hospital Santa Joana, no Recife, onde est\u00e1 internado desde o dia 17 de dezembro. O procedimento se deve ao &#8220;comprometimento da fun\u00e7\u00e3o renal&#8221; do m\u00fasico, que ainda respira com ajuda de aparelhos e a usa um marca-passo tempor\u00e1rio que auxilia no controle dos batimentos card\u00edacos. Segundo a nota, Dominguinhos &#8220;mant\u00e9m-se sem seda\u00e7\u00e3o, sonolento, sem estabelecer contato&#8221;. Nos \u00faltimos dias, o hospital informou que o artista respondia favoravelmente ao tratamento. Ele foi internado com um quadro de infec\u00e7\u00e3o respirat\u00f3ria e arritmia card\u00edaca.<\/p>\n","protected":false},"author":3,"featured_media":0,"comment_status":"open","ping_status":"open","sticky":false,"template":"","format":"standard","meta":{"_acf_changed":false,"footnotes":""},"categories":[3],"tags":[],"class_list":["post-22418","post","type-post","status-publish","format-standard","hentry","category-entretenimento"],"acf":[],"yoast_head":"<!-- This site is optimized with the Yoast SEO plugin v27.4 - https:\/\/yoast.com\/product\/yoast-seo-wordpress\/ -->\n<title>Dominguinhos come\u00e7a a fazer hemodi\u00e1lise - Blog do Farn\u00e9sio<\/title>\n<meta name=\"robots\" content=\"index, follow, max-snippet:-1, max-image-preview:large, max-video-preview:-1\" \/>\n<link rel=\"canonical\" href=\"https:\/\/blogdofarnesio.com.br\/?p=22418\" \/>\n<meta property=\"og:locale\" content=\"pt_BR\" \/>\n<meta property=\"og:type\" content=\"article\" \/>\n<meta property=\"og:title\" content=\"Dominguinhos come\u00e7a a fazer hemodi\u00e1lise - Blog do Farn\u00e9sio\" \/>\n<meta property=\"og:description\" content=\"O m\u00fasico Dominguinhos, 71, come\u00e7ou a fazer sess\u00f5es de hemodi\u00e1lise neste domingo (6), segundo boletim m\u00e9dico divulgado pelo Hospital Santa Joana, no Recife, onde est\u00e1 internado desde o dia 17 de dezembro. O procedimento se deve ao &#8220;comprometimento da fun\u00e7\u00e3o renal&#8221; do m\u00fasico, que ainda respira com ajuda de aparelhos e a usa um marca-passo tempor\u00e1rio que auxilia no controle dos batimentos card\u00edacos. Segundo a nota, Dominguinhos &#8220;mant\u00e9m-se sem seda\u00e7\u00e3o, sonolento, sem estabelecer contato&#8221;. Nos \u00faltimos dias, o hospital informou que o artista respondia favoravelmente ao tratamento. Ele foi internado com um quadro de infec\u00e7\u00e3o respirat\u00f3ria e arritmia card\u00edaca.\" \/>\n<meta property=\"og:url\" content=\"https:\/\/blogdofarnesio.com.br\/?p=22418\" \/>\n<meta property=\"og:site_name\" content=\"Blog do Farn\u00e9sio\" \/>\n<meta property=\"article:publisher\" content=\"https:\/\/www.facebook.com\/BlogQuerSaberPolitica\/\" \/>\n<meta property=\"article:published_time\" content=\"2013-01-06T23:23:57+00:00\" \/>\n<meta property=\"og:image\" content=\"http:\/\/bahianoticias.com.br\/fotos\/principal_noticias\/129048\/IMAGEM_NOTICIA_5.jpg\" \/>\n<meta name=\"author\" content=\"teste\" \/>\n<meta name=\"twitter:card\" content=\"summary_large_image\" \/>\n<meta name=\"twitter:label1\" content=\"Escrito por\" \/>\n\t<meta name=\"twitter:data1\" content=\"teste\" \/>\n\t<meta name=\"twitter:label2\" content=\"Est. tempo de leitura\" \/>\n\t<meta name=\"twitter:data2\" content=\"1 minuto\" \/>\n<script type=\"application\/ld+json\" class=\"yoast-schema-graph\">{\"@context\":\"https:\\\/\\\/schema.org\",\"@graph\":[{\"@type\":\"Article\",\"@id\":\"https:\\\/\\\/blogdofarnesio.com.br\\\/?p=22418#article\",\"isPartOf\":{\"@id\":\"https:\\\/\\\/blogdofarnesio.com.br\\\/?p=22418\"},\"author\":{\"name\":\"teste\",\"@id\":\"https:\\\/\\\/blogdofarnesio.com.br\\\/#\\\/schema\\\/person\\\/dd1bf5eba40b687199ba45ca6b97dff9\"},\"headline\":\"Dominguinhos come\u00e7a a fazer hemodi\u00e1lise\",\"datePublished\":\"2013-01-06T23:23:57+00:00\",\"mainEntityOfPage\":{\"@id\":\"https:\\\/\\\/blogdofarnesio.com.br\\\/?p=22418\"},\"wordCount\":117,\"commentCount\":0,\"publisher\":{\"@id\":\"https:\\\/\\\/blogdofarnesio.com.br\\\/#organization\"},\"image\":{\"@id\":\"https:\\\/\\\/blogdofarnesio.com.br\\\/?p=22418#primaryimage\"},\"thumbnailUrl\":\"http:\\\/\\\/bahianoticias.com.br\\\/fotos\\\/principal_noticias\\\/129048\\\/IMAGEM_NOTICIA_5.jpg\",\"articleSection\":[\"Entretenimento\"],\"inLanguage\":\"pt-BR\",\"potentialAction\":[{\"@type\":\"CommentAction\",\"name\":\"Comment\",\"target\":[\"https:\\\/\\\/blogdofarnesio.com.br\\\/?p=22418#respond\"]}]},{\"@type\":\"WebPage\",\"@id\":\"https:\\\/\\\/blogdofarnesio.com.br\\\/?p=22418\",\"url\":\"https:\\\/\\\/blogdofarnesio.com.br\\\/?p=22418\",\"name\":\"Dominguinhos come\u00e7a a fazer hemodi\u00e1lise - Blog do Farn\u00e9sio\",\"isPartOf\":{\"@id\":\"https:\\\/\\\/blogdofarnesio.com.br\\\/#website\"},\"primaryImageOfPage\":{\"@id\":\"https:\\\/\\\/blogdofarnesio.com.br\\\/?p=22418#primaryimage\"},\"image\":{\"@id\":\"https:\\\/\\\/blogdofarnesio.com.br\\\/?p=22418#primaryimage\"},\"thumbnailUrl\":\"http:\\\/\\\/bahianoticias.com.br\\\/fotos\\\/principal_noticias\\\/129048\\\/IMAGEM_NOTICIA_5.jpg\",\"datePublished\":\"2013-01-06T23:23:57+00:00\",\"breadcrumb\":{\"@id\":\"https:\\\/\\\/blogdofarnesio.com.br\\\/?p=22418#breadcrumb\"},\"inLanguage\":\"pt-BR\",\"potentialAction\":[{\"@type\":\"ReadAction\",\"target\":[\"https:\\\/\\\/blogdofarnesio.com.br\\\/?p=22418\"]}]},{\"@type\":\"ImageObject\",\"inLanguage\":\"pt-BR\",\"@id\":\"https:\\\/\\\/blogdofarnesio.com.br\\\/?p=22418#primaryimage\",\"url\":\"http:\\\/\\\/bahianoticias.com.br\\\/fotos\\\/principal_noticias\\\/129048\\\/IMAGEM_NOTICIA_5.jpg\",\"contentUrl\":\"http:\\\/\\\/bahianoticias.com.br\\\/fotos\\\/principal_noticias\\\/129048\\\/IMAGEM_NOTICIA_5.jpg\"},{\"@type\":\"BreadcrumbList\",\"@id\":\"https:\\\/\\\/blogdofarnesio.com.br\\\/?p=22418#breadcrumb\",\"itemListElement\":[{\"@type\":\"ListItem\",\"position\":1,\"name\":\"In\u00edcio\",\"item\":\"https:\\\/\\\/blogdofarnesio.com.br\\\/\"},{\"@type\":\"ListItem\",\"position\":2,\"name\":\"Dominguinhos come\u00e7a a fazer hemodi\u00e1lise\"}]},{\"@type\":\"WebSite\",\"@id\":\"https:\\\/\\\/blogdofarnesio.com.br\\\/#website\",\"url\":\"https:\\\/\\\/blogdofarnesio.com.br\\\/\",\"name\":\"Blog do Farn\u00e9sio\",\"description\":\"Quer Saber Pol\u00edtica?\",\"publisher\":{\"@id\":\"https:\\\/\\\/blogdofarnesio.com.br\\\/#organization\"},\"potentialAction\":[{\"@type\":\"SearchAction\",\"target\":{\"@type\":\"EntryPoint\",\"urlTemplate\":\"https:\\\/\\\/blogdofarnesio.com.br\\\/?s={search_term_string}\"},\"query-input\":{\"@type\":\"PropertyValueSpecification\",\"valueRequired\":true,\"valueName\":\"search_term_string\"}}],\"inLanguage\":\"pt-BR\"},{\"@type\":\"Organization\",\"@id\":\"https:\\\/\\\/blogdofarnesio.com.br\\\/#organization\",\"name\":\"Blog do Farn\u00e9sio\",\"url\":\"https:\\\/\\\/blogdofarnesio.com.br\\\/\",\"logo\":{\"@type\":\"ImageObject\",\"inLanguage\":\"pt-BR\",\"@id\":\"https:\\\/\\\/blogdofarnesio.com.br\\\/#\\\/schema\\\/logo\\\/image\\\/\",\"url\":\"https:\\\/\\\/blogdofarnesio.com.br\\\/wp-content\\\/uploads\\\/2026\\\/03\\\/cropped-logo_new-1.png\",\"contentUrl\":\"https:\\\/\\\/blogdofarnesio.com.br\\\/wp-content\\\/uploads\\\/2026\\\/03\\\/cropped-logo_new-1.png\",\"width\":881,\"height\":685,\"caption\":\"Blog do Farn\u00e9sio\"},\"image\":{\"@id\":\"https:\\\/\\\/blogdofarnesio.com.br\\\/#\\\/schema\\\/logo\\\/image\\\/\"},\"sameAs\":[\"https:\\\/\\\/www.facebook.com\\\/BlogQuerSaberPolitica\\\/\"]},{\"@type\":\"Person\",\"@id\":\"https:\\\/\\\/blogdofarnesio.com.br\\\/#\\\/schema\\\/person\\\/dd1bf5eba40b687199ba45ca6b97dff9\",\"name\":\"teste\",\"image\":{\"@type\":\"ImageObject\",\"inLanguage\":\"pt-BR\",\"@id\":\"https:\\\/\\\/secure.gravatar.com\\\/avatar\\\/2172498d4914b51e1d89a0f97957b035ac4938723a5cac208135d389b6972a6d?s=96&d=mm&r=g\",\"url\":\"https:\\\/\\\/secure.gravatar.com\\\/avatar\\\/2172498d4914b51e1d89a0f97957b035ac4938723a5cac208135d389b6972a6d?s=96&d=mm&r=g\",\"contentUrl\":\"https:\\\/\\\/secure.gravatar.com\\\/avatar\\\/2172498d4914b51e1d89a0f97957b035ac4938723a5cac208135d389b6972a6d?s=96&d=mm&r=g\",\"caption\":\"teste\"},\"url\":\"https:\\\/\\\/blogdofarnesio.com.br\\\/?author=3\"}]}<\/script>\n<!-- \/ Yoast SEO plugin. -->","yoast_head_json":{"title":"Dominguinhos come\u00e7a a fazer hemodi\u00e1lise - Blog do Farn\u00e9sio","robots":{"index":"index","follow":"follow","max-snippet":"max-snippet:-1","max-image-preview":"max-image-preview:large","max-video-preview":"max-video-preview:-1"},"canonical":"https:\/\/blogdofarnesio.com.br\/?p=22418","og_locale":"pt_BR","og_type":"article","og_title":"Dominguinhos come\u00e7a a fazer hemodi\u00e1lise - Blog do Farn\u00e9sio","og_description":"O m\u00fasico Dominguinhos, 71, come\u00e7ou a fazer sess\u00f5es de hemodi\u00e1lise neste domingo (6), segundo boletim m\u00e9dico divulgado pelo Hospital Santa Joana, no Recife, onde est\u00e1 internado desde o dia 17 de dezembro. O procedimento se deve ao &#8220;comprometimento da fun\u00e7\u00e3o renal&#8221; do m\u00fasico, que ainda respira com ajuda de aparelhos e a usa um marca-passo tempor\u00e1rio que auxilia no controle dos batimentos card\u00edacos. Segundo a nota, Dominguinhos &#8220;mant\u00e9m-se sem seda\u00e7\u00e3o, sonolento, sem estabelecer contato&#8221;. Nos \u00faltimos dias, o hospital informou que o artista respondia favoravelmente ao tratamento. Ele foi internado com um quadro de infec\u00e7\u00e3o respirat\u00f3ria e arritmia card\u00edaca.","og_url":"https:\/\/blogdofarnesio.com.br\/?p=22418","og_site_name":"Blog do Farn\u00e9sio","article_publisher":"https:\/\/www.facebook.com\/BlogQuerSaberPolitica\/","article_published_time":"2013-01-06T23:23:57+00:00","og_image":[{"url":"http:\/\/bahianoticias.com.br\/fotos\/principal_noticias\/129048\/IMAGEM_NOTICIA_5.jpg","type":"","width":"","height":""}],"author":"teste","twitter_card":"summary_large_image","twitter_misc":{"Escrito por":"teste","Est. tempo de leitura":"1 minuto"},"schema":{"@context":"https:\/\/schema.org","@graph":[{"@type":"Article","@id":"https:\/\/blogdofarnesio.com.br\/?p=22418#article","isPartOf":{"@id":"https:\/\/blogdofarnesio.com.br\/?p=22418"},"author":{"name":"teste","@id":"https:\/\/blogdofarnesio.com.br\/#\/schema\/person\/dd1bf5eba40b687199ba45ca6b97dff9"},"headline":"Dominguinhos come\u00e7a a fazer hemodi\u00e1lise","datePublished":"2013-01-06T23:23:57+00:00","mainEntityOfPage":{"@id":"https:\/\/blogdofarnesio.com.br\/?p=22418"},"wordCount":117,"commentCount":0,"publisher":{"@id":"https:\/\/blogdofarnesio.com.br\/#organization"},"image":{"@id":"https:\/\/blogdofarnesio.com.br\/?p=22418#primaryimage"},"thumbnailUrl":"http:\/\/bahianoticias.com.br\/fotos\/principal_noticias\/129048\/IMAGEM_NOTICIA_5.jpg","articleSection":["Entretenimento"],"inLanguage":"pt-BR","potentialAction":[{"@type":"CommentAction","name":"Comment","target":["https:\/\/blogdofarnesio.com.br\/?p=22418#respond"]}]},{"@type":"WebPage","@id":"https:\/\/blogdofarnesio.com.br\/?p=22418","url":"https:\/\/blogdofarnesio.com.br\/?p=22418","name":"Dominguinhos come\u00e7a a fazer hemodi\u00e1lise - Blog do Farn\u00e9sio","isPartOf":{"@id":"https:\/\/blogdofarnesio.com.br\/#website"},"primaryImageOfPage":{"@id":"https:\/\/blogdofarnesio.com.br\/?p=22418#primaryimage"},"image":{"@id":"https:\/\/blogdofarnesio.com.br\/?p=22418#primaryimage"},"thumbnailUrl":"http:\/\/bahianoticias.com.br\/fotos\/principal_noticias\/129048\/IMAGEM_NOTICIA_5.jpg","datePublished":"2013-01-06T23:23:57+00:00","breadcrumb":{"@id":"https:\/\/blogdofarnesio.com.br\/?p=22418#breadcrumb"},"inLanguage":"pt-BR","potentialAction":[{"@type":"ReadAction","target":["https:\/\/blogdofarnesio.com.br\/?p=22418"]}]},{"@type":"ImageObject","inLanguage":"pt-BR","@id":"https:\/\/blogdofarnesio.com.br\/?p=22418#primaryimage","url":"http:\/\/bahianoticias.com.br\/fotos\/principal_noticias\/129048\/IMAGEM_NOTICIA_5.jpg","contentUrl":"http:\/\/bahianoticias.com.br\/fotos\/principal_noticias\/129048\/IMAGEM_NOTICIA_5.jpg"},{"@type":"BreadcrumbList","@id":"https:\/\/blogdofarnesio.com.br\/?p=22418#breadcrumb","itemListElement":[{"@type":"ListItem","position":1,"name":"In\u00edcio","item":"https:\/\/blogdofarnesio.com.br\/"},{"@type":"ListItem","position":2,"name":"Dominguinhos come\u00e7a a fazer hemodi\u00e1lise"}]},{"@type":"WebSite","@id":"https:\/\/blogdofarnesio.com.br\/#website","url":"https:\/\/blogdofarnesio.com.br\/","name":"Blog do Farn\u00e9sio","description":"Quer Saber Pol\u00edtica?","publisher":{"@id":"https:\/\/blogdofarnesio.com.br\/#organization"},"potentialAction":[{"@type":"SearchAction","target":{"@type":"EntryPoint","urlTemplate":"https:\/\/blogdofarnesio.com.br\/?s={search_term_string}"},"query-input":{"@type":"PropertyValueSpecification","valueRequired":true,"valueName":"search_term_string"}}],"inLanguage":"pt-BR"},{"@type":"Organization","@id":"https:\/\/blogdofarnesio.com.br\/#organization","name":"Blog do Farn\u00e9sio","url":"https:\/\/blogdofarnesio.com.br\/","logo":{"@type":"ImageObject","inLanguage":"pt-BR","@id":"https:\/\/blogdofarnesio.com.br\/#\/schema\/logo\/image\/","url":"https:\/\/blogdofarnesio.com.br\/wp-content\/uploads\/2026\/03\/cropped-logo_new-1.png","contentUrl":"https:\/\/blogdofarnesio.com.br\/wp-content\/uploads\/2026\/03\/cropped-logo_new-1.png","width":881,"height":685,"caption":"Blog do Farn\u00e9sio"},"image":{"@id":"https:\/\/blogdofarnesio.com.br\/#\/schema\/logo\/image\/"},"sameAs":["https:\/\/www.facebook.com\/BlogQuerSaberPolitica\/"]},{"@type":"Person","@id":"https:\/\/blogdofarnesio.com.br\/#\/schema\/person\/dd1bf5eba40b687199ba45ca6b97dff9","name":"teste","image":{"@type":"ImageObject","inLanguage":"pt-BR","@id":"https:\/\/secure.gravatar.com\/avatar\/2172498d4914b51e1d89a0f97957b035ac4938723a5cac208135d389b6972a6d?s=96&d=mm&r=g","url":"https:\/\/secure.gravatar.com\/avatar\/2172498d4914b51e1d89a0f97957b035ac4938723a5cac208135d389b6972a6d?s=96&d=mm&r=g","contentUrl":"https:\/\/secure.gravatar.com\/avatar\/2172498d4914b51e1d89a0f97957b035ac4938723a5cac208135d389b6972a6d?s=96&d=mm&r=g","caption":"teste"},"url":"https:\/\/blogdofarnesio.com.br\/?author=3"}]}},"_links":{"self":[{"href":"https:\/\/blogdofarnesio.com.br\/index.php?rest_route=\/wp\/v2\/posts\/22418","targetHints":{"allow":["GET"]}}],"collection":[{"href":"https:\/\/blogdofarnesio.com.br\/index.php?rest_route=\/wp\/v2\/posts"}],"about":[{"href":"https:\/\/blogdofarnesio.com.br\/index.php?rest_route=\/wp\/v2\/types\/post"}],"author":[{"embeddable":true,"href":"https:\/\/blogdofarnesio.com.br\/index.php?rest_route=\/wp\/v2\/users\/3"}],"replies":[{"embeddable":true,"href":"https:\/\/blogdofarnesio.com.br\/index.php?rest_route=%2Fwp%2Fv2%2Fcomments&post=22418"}],"version-history":[{"count":0,"href":"https:\/\/blogdofarnesio.com.br\/index.php?rest_route=\/wp\/v2\/posts\/22418\/revisions"}],"wp:attachment":[{"href":"https:\/\/blogdofarnesio.com.br\/index.php?rest_route=%2Fwp%2Fv2%2Fmedia&parent=22418"}],"wp:term":[{"taxonomy":"category","embeddable":true,"href":"https:\/\/blogdofarnesio.com.br\/index.php?rest_route=%2Fwp%2Fv2%2Fcategories&post=22418"},{"taxonomy":"post_tag","embeddable":true,"href":"https:\/\/blogdofarnesio.com.br\/index.php?rest_route=%2Fwp%2Fv2%2Ftags&post=22418"}],"curies":[{"name":"wp","href":"https:\/\/api.w.org\/{rel}","templated":true}]}}