{"id":224116,"date":"2019-03-25T16:20:21","date_gmt":"2019-03-25T19:20:21","guid":{"rendered":"http:\/\/quersaberpolitica.com.br\/2016\/?p=224116"},"modified":"2019-03-25T15:39:00","modified_gmt":"2019-03-25T18:39:00","slug":"espetaculo-entre-nos-mistura-arte-e-historia-da-ditadura-militar-em-juazeiro","status":"publish","type":"post","link":"https:\/\/blogdofarnesio.com.br\/?p=224116","title":{"rendered":"ESPET\u00c1CULO \u2018ENTRE N\u00d3S\u2019 MISTURA ARTE E HIST\u00d3RIA DA DITADURA MILITAR EM JUAZEIRO"},"content":{"rendered":"\n<p>Em comemora\u00e7\u00e3o aos 45 anos de carreira, o ator e diretor teatral, Hertz F\u00e9lix, protagoniza em Juazeiro (BA) o espet\u00e1culo \u2018Entre N\u00f3s\u2019, sob a dire\u00e7\u00e3o do juazeirense Marcos Velasch. A montagem, que tem no elenco Joyce Guirra, Mikael Andrade e Elder Ferrari, sobe ao palco do Centro de Cultura Jo\u00e3o Gilberto no dia 14 de abril, \u00e0s 20h.<\/p>\n\n\n\n<p>Na trama criada pelo dramaturgo Alo\u00edsio Villar, um renomado escritor se instala no litoral do Rio de Janeiro, no auge do Golpe de 64, para escrever seu oitavo livro. \u00c9 l\u00e1 que conhece um jovem poeta filho de militar. A rela\u00e7\u00e3o entre os dois gera conflitos envolvendo a esposa do escritor e o pai do rapaz, o que pode comprometer a vida dos personagens.<\/p>\n\n\n\n<p>De acordo com a sinopse, todas as discuss\u00f5es trazidas pelas figuras em cena visam levar o espectador a uma reflex\u00e3o sobre as ren\u00fancias de uma pessoa em nome dos sentimentos, al\u00e9m de criar algumas liga\u00e7\u00f5es da pe\u00e7a com as lutas por mem\u00f3ria, verdade e justi\u00e7a diante das v\u00edtimas do regime militar.<\/p>\n\n\n\n<p>Para Hertz F\u00e9lix, que dar\u00e1 vida ao escritor com dias contados, a montagem n\u00e3o busca apenas apresentar entretenimento, mas tamb\u00e9m questionar valores e padr\u00f5es prepostos, assim como formular quest\u00f5es importantes sobre a condi\u00e7\u00e3o humana. \u201cComo artistas, temos que resistir, seja como for. Estar no palco, nesse momento, \u00e9 mais que um ato pol\u00edtico, \u00e9 revolucion\u00e1rio&#8221;, disse ele se referindo as quatro d\u00e9cadas e meia como ator e diretor.<\/p>\n\n\n\n<p><strong>O golpe de 64<\/strong><\/p>\n\n\n\n<p>Com a bipolariza\u00e7\u00e3o internacional da Guerra Fria tamb\u00e9m no Brasil e uma crise de sucess\u00e3o envolvendo os presidentes J\u00e2nio Quadros e Jo\u00e3o Goulart, foi desencadeado uma s\u00e9rie de fatos que culminaram em um golpe de estado em 31 de mar\u00e7o de 1964. V\u00e1rios setores da sociedade, incluindo os militares, consideravam que havia uma amea\u00e7a da &#8216;comuniza\u00e7\u00e3o&#8217;, do pa\u00eds. O ambiente pol\u00edtico radicalizado levou civis a apoiarem a tomada de poder pelas For\u00e7as Armadas, que prometiam uma transi\u00e7\u00e3o r\u00e1pida, mas que durou 21 anos. Nesse per\u00edodo, diversos artistas e intelectuais foram exilados, perseguidos ou mortos pelo regime, que terminou em 1985.<\/p>\n\n\n\n<p>Depois do Centro de Cultura Jo\u00e3o Gilberto, o espet\u00e1culo comemorativo segue para o Rio de Janeiro, onde ser\u00e1 encenado no Teatro Raul Cortez, em Duque de Caxias, no dia 26 de julho; e na Areninha Carioca Renato Russo, na Ilha do Governador, dia 27 de julho. Em Juazeiro, os ingressos j\u00e1 est\u00e3o \u00e0 venda pelo contato: (74) 9 8818.7033.<br><strong>&#8212;<\/strong><strong>CLAS Comunica\u00e7\u00e3o &amp; Marketing<\/strong><\/p>\n","protected":false},"excerpt":{"rendered":"<p>Em comemora\u00e7\u00e3o aos 45 anos de carreira, o ator e diretor teatral, Hertz F\u00e9lix, protagoniza em Juazeiro (BA) o espet\u00e1culo \u2018Entre N\u00f3s\u2019, sob a dire\u00e7\u00e3o do juazeirense Marcos Velasch. A montagem, que tem no elenco Joyce Guirra, Mikael Andrade e Elder Ferrari, sobe ao palco do Centro de Cultura Jo\u00e3o Gilberto no dia 14 de abril, \u00e0s 20h. Na trama criada pelo dramaturgo Alo\u00edsio Villar, um renomado escritor se instala no litoral do Rio de Janeiro, no auge do Golpe de 64, para escrever seu oitavo livro. \u00c9 l\u00e1 que conhece um jovem poeta filho de militar. A rela\u00e7\u00e3o entre os dois gera conflitos envolvendo a esposa do escritor e o pai do rapaz, o que pode comprometer a vida&hellip; <\/p>\n","protected":false},"author":1,"featured_media":224117,"comment_status":"closed","ping_status":"closed","sticky":false,"template":"","format":"standard","meta":{"_acf_changed":false,"footnotes":""},"categories":[10],"tags":[],"class_list":["post-224116","post","type-post","status-publish","format-standard","has-post-thumbnail","hentry","category-cultura"],"acf":[],"yoast_head":"<!-- This site is optimized with the Yoast SEO plugin v27.4 - https:\/\/yoast.com\/product\/yoast-seo-wordpress\/ -->\n<title>ESPET\u00c1CULO \u2018ENTRE N\u00d3S\u2019 MISTURA ARTE E HIST\u00d3RIA DA DITADURA MILITAR EM JUAZEIRO - Blog do Farn\u00e9sio<\/title>\n<meta name=\"robots\" content=\"index, follow, max-snippet:-1, max-image-preview:large, max-video-preview:-1\" \/>\n<link rel=\"canonical\" href=\"https:\/\/blogdofarnesio.com.br\/?p=224116\" \/>\n<meta property=\"og:locale\" content=\"pt_BR\" \/>\n<meta property=\"og:type\" content=\"article\" \/>\n<meta property=\"og:title\" content=\"ESPET\u00c1CULO \u2018ENTRE N\u00d3S\u2019 MISTURA ARTE E HIST\u00d3RIA DA DITADURA MILITAR EM JUAZEIRO - Blog do Farn\u00e9sio\" \/>\n<meta property=\"og:description\" content=\"Em comemora\u00e7\u00e3o aos 45 anos de carreira, o ator e diretor teatral, Hertz F\u00e9lix, protagoniza em Juazeiro (BA) o espet\u00e1culo \u2018Entre N\u00f3s\u2019, sob a dire\u00e7\u00e3o do juazeirense Marcos Velasch. A montagem, que tem no elenco Joyce Guirra, Mikael Andrade e Elder Ferrari, sobe ao palco do Centro de Cultura Jo\u00e3o Gilberto no dia 14 de abril, \u00e0s 20h. Na trama criada pelo dramaturgo Alo\u00edsio Villar, um renomado escritor se instala no litoral do Rio de Janeiro, no auge do Golpe de 64, para escrever seu oitavo livro. \u00c9 l\u00e1 que conhece um jovem poeta filho de militar. A rela\u00e7\u00e3o entre os dois gera conflitos envolvendo a esposa do escritor e o pai do rapaz, o que pode comprometer a vida&hellip;\" \/>\n<meta property=\"og:url\" content=\"https:\/\/blogdofarnesio.com.br\/?p=224116\" \/>\n<meta property=\"og:site_name\" content=\"Blog do Farn\u00e9sio\" \/>\n<meta property=\"article:publisher\" content=\"https:\/\/www.facebook.com\/BlogQuerSaberPolitica\/\" \/>\n<meta property=\"article:published_time\" content=\"2019-03-25T19:20:21+00:00\" \/>\n<meta property=\"og:image\" content=\"https:\/\/blogdofarnesio.com.br\/wp-content\/uploads\/2019\/03\/blogqsp-cartaz-ENTRE-N\u00d3S.png\" \/>\n\t<meta property=\"og:image:width\" content=\"480\" \/>\n\t<meta property=\"og:image:height\" content=\"571\" \/>\n\t<meta property=\"og:image:type\" content=\"image\/png\" \/>\n<meta name=\"author\" content=\"Farn\u00e9sio\" \/>\n<meta name=\"twitter:card\" content=\"summary_large_image\" \/>\n<meta name=\"twitter:label1\" content=\"Escrito por\" \/>\n\t<meta name=\"twitter:data1\" content=\"Farn\u00e9sio\" \/>\n\t<meta name=\"twitter:label2\" content=\"Est. tempo de leitura\" \/>\n\t<meta name=\"twitter:data2\" content=\"2 minutos\" \/>\n<script type=\"application\/ld+json\" class=\"yoast-schema-graph\">{\"@context\":\"https:\\\/\\\/schema.org\",\"@graph\":[{\"@type\":\"Article\",\"@id\":\"https:\\\/\\\/blogdofarnesio.com.br\\\/?p=224116#article\",\"isPartOf\":{\"@id\":\"https:\\\/\\\/blogdofarnesio.com.br\\\/?p=224116\"},\"author\":{\"name\":\"Farn\u00e9sio\",\"@id\":\"https:\\\/\\\/blogdofarnesio.com.br\\\/#\\\/schema\\\/person\\\/301c4acf522bccbfdb45af95b5b906a1\"},\"headline\":\"ESPET\u00c1CULO \u2018ENTRE N\u00d3S\u2019 MISTURA ARTE E HIST\u00d3RIA DA DITADURA MILITAR EM JUAZEIRO\",\"datePublished\":\"2019-03-25T19:20:21+00:00\",\"mainEntityOfPage\":{\"@id\":\"https:\\\/\\\/blogdofarnesio.com.br\\\/?p=224116\"},\"wordCount\":453,\"publisher\":{\"@id\":\"https:\\\/\\\/blogdofarnesio.com.br\\\/#organization\"},\"image\":{\"@id\":\"https:\\\/\\\/blogdofarnesio.com.br\\\/?p=224116#primaryimage\"},\"thumbnailUrl\":\"https:\\\/\\\/blogdofarnesio.com.br\\\/wp-content\\\/uploads\\\/2019\\\/03\\\/blogqsp-cartaz-ENTRE-N\u00d3S.png\",\"articleSection\":[\"Cultura\"],\"inLanguage\":\"pt-BR\"},{\"@type\":\"WebPage\",\"@id\":\"https:\\\/\\\/blogdofarnesio.com.br\\\/?p=224116\",\"url\":\"https:\\\/\\\/blogdofarnesio.com.br\\\/?p=224116\",\"name\":\"ESPET\u00c1CULO \u2018ENTRE N\u00d3S\u2019 MISTURA ARTE E HIST\u00d3RIA DA DITADURA MILITAR EM JUAZEIRO - Blog do Farn\u00e9sio\",\"isPartOf\":{\"@id\":\"https:\\\/\\\/blogdofarnesio.com.br\\\/#website\"},\"primaryImageOfPage\":{\"@id\":\"https:\\\/\\\/blogdofarnesio.com.br\\\/?p=224116#primaryimage\"},\"image\":{\"@id\":\"https:\\\/\\\/blogdofarnesio.com.br\\\/?p=224116#primaryimage\"},\"thumbnailUrl\":\"https:\\\/\\\/blogdofarnesio.com.br\\\/wp-content\\\/uploads\\\/2019\\\/03\\\/blogqsp-cartaz-ENTRE-N\u00d3S.png\",\"datePublished\":\"2019-03-25T19:20:21+00:00\",\"breadcrumb\":{\"@id\":\"https:\\\/\\\/blogdofarnesio.com.br\\\/?p=224116#breadcrumb\"},\"inLanguage\":\"pt-BR\",\"potentialAction\":[{\"@type\":\"ReadAction\",\"target\":[\"https:\\\/\\\/blogdofarnesio.com.br\\\/?p=224116\"]}]},{\"@type\":\"ImageObject\",\"inLanguage\":\"pt-BR\",\"@id\":\"https:\\\/\\\/blogdofarnesio.com.br\\\/?p=224116#primaryimage\",\"url\":\"https:\\\/\\\/blogdofarnesio.com.br\\\/wp-content\\\/uploads\\\/2019\\\/03\\\/blogqsp-cartaz-ENTRE-N\u00d3S.png\",\"contentUrl\":\"https:\\\/\\\/blogdofarnesio.com.br\\\/wp-content\\\/uploads\\\/2019\\\/03\\\/blogqsp-cartaz-ENTRE-N\u00d3S.png\",\"width\":480,\"height\":571},{\"@type\":\"BreadcrumbList\",\"@id\":\"https:\\\/\\\/blogdofarnesio.com.br\\\/?p=224116#breadcrumb\",\"itemListElement\":[{\"@type\":\"ListItem\",\"position\":1,\"name\":\"In\u00edcio\",\"item\":\"https:\\\/\\\/blogdofarnesio.com.br\\\/\"},{\"@type\":\"ListItem\",\"position\":2,\"name\":\"ESPET\u00c1CULO \u2018ENTRE N\u00d3S\u2019 MISTURA ARTE E HIST\u00d3RIA DA DITADURA MILITAR EM JUAZEIRO\"}]},{\"@type\":\"WebSite\",\"@id\":\"https:\\\/\\\/blogdofarnesio.com.br\\\/#website\",\"url\":\"https:\\\/\\\/blogdofarnesio.com.br\\\/\",\"name\":\"Blog do Farn\u00e9sio\",\"description\":\"Quer Saber Pol\u00edtica?\",\"publisher\":{\"@id\":\"https:\\\/\\\/blogdofarnesio.com.br\\\/#organization\"},\"potentialAction\":[{\"@type\":\"SearchAction\",\"target\":{\"@type\":\"EntryPoint\",\"urlTemplate\":\"https:\\\/\\\/blogdofarnesio.com.br\\\/?s={search_term_string}\"},\"query-input\":{\"@type\":\"PropertyValueSpecification\",\"valueRequired\":true,\"valueName\":\"search_term_string\"}}],\"inLanguage\":\"pt-BR\"},{\"@type\":\"Organization\",\"@id\":\"https:\\\/\\\/blogdofarnesio.com.br\\\/#organization\",\"name\":\"Blog do Farn\u00e9sio\",\"url\":\"https:\\\/\\\/blogdofarnesio.com.br\\\/\",\"logo\":{\"@type\":\"ImageObject\",\"inLanguage\":\"pt-BR\",\"@id\":\"https:\\\/\\\/blogdofarnesio.com.br\\\/#\\\/schema\\\/logo\\\/image\\\/\",\"url\":\"https:\\\/\\\/blogdofarnesio.com.br\\\/wp-content\\\/uploads\\\/2026\\\/03\\\/cropped-logo_new-1.png\",\"contentUrl\":\"https:\\\/\\\/blogdofarnesio.com.br\\\/wp-content\\\/uploads\\\/2026\\\/03\\\/cropped-logo_new-1.png\",\"width\":881,\"height\":685,\"caption\":\"Blog do Farn\u00e9sio\"},\"image\":{\"@id\":\"https:\\\/\\\/blogdofarnesio.com.br\\\/#\\\/schema\\\/logo\\\/image\\\/\"},\"sameAs\":[\"https:\\\/\\\/www.facebook.com\\\/BlogQuerSaberPolitica\\\/\"]},{\"@type\":\"Person\",\"@id\":\"https:\\\/\\\/blogdofarnesio.com.br\\\/#\\\/schema\\\/person\\\/301c4acf522bccbfdb45af95b5b906a1\",\"name\":\"Farn\u00e9sio\",\"image\":{\"@type\":\"ImageObject\",\"inLanguage\":\"pt-BR\",\"@id\":\"https:\\\/\\\/secure.gravatar.com\\\/avatar\\\/df0c9a14567c056f8ad6876ba5bbd1e3e2c48023eb6807342fc4663adf549f38?s=96&d=mm&r=g\",\"url\":\"https:\\\/\\\/secure.gravatar.com\\\/avatar\\\/df0c9a14567c056f8ad6876ba5bbd1e3e2c48023eb6807342fc4663adf549f38?s=96&d=mm&r=g\",\"contentUrl\":\"https:\\\/\\\/secure.gravatar.com\\\/avatar\\\/df0c9a14567c056f8ad6876ba5bbd1e3e2c48023eb6807342fc4663adf549f38?s=96&d=mm&r=g\",\"caption\":\"Farn\u00e9sio\"},\"sameAs\":[\"https:\\\/\\\/quersaberpolitica.com.br\"],\"url\":\"https:\\\/\\\/blogdofarnesio.com.br\\\/?author=1\"}]}<\/script>\n<!-- \/ Yoast SEO plugin. -->","yoast_head_json":{"title":"ESPET\u00c1CULO \u2018ENTRE N\u00d3S\u2019 MISTURA ARTE E HIST\u00d3RIA DA DITADURA MILITAR EM JUAZEIRO - Blog do Farn\u00e9sio","robots":{"index":"index","follow":"follow","max-snippet":"max-snippet:-1","max-image-preview":"max-image-preview:large","max-video-preview":"max-video-preview:-1"},"canonical":"https:\/\/blogdofarnesio.com.br\/?p=224116","og_locale":"pt_BR","og_type":"article","og_title":"ESPET\u00c1CULO \u2018ENTRE N\u00d3S\u2019 MISTURA ARTE E HIST\u00d3RIA DA DITADURA MILITAR EM JUAZEIRO - Blog do Farn\u00e9sio","og_description":"Em comemora\u00e7\u00e3o aos 45 anos de carreira, o ator e diretor teatral, Hertz F\u00e9lix, protagoniza em Juazeiro (BA) o espet\u00e1culo \u2018Entre N\u00f3s\u2019, sob a dire\u00e7\u00e3o do juazeirense Marcos Velasch. A montagem, que tem no elenco Joyce Guirra, Mikael Andrade e Elder Ferrari, sobe ao palco do Centro de Cultura Jo\u00e3o Gilberto no dia 14 de abril, \u00e0s 20h. Na trama criada pelo dramaturgo Alo\u00edsio Villar, um renomado escritor se instala no litoral do Rio de Janeiro, no auge do Golpe de 64, para escrever seu oitavo livro. \u00c9 l\u00e1 que conhece um jovem poeta filho de militar. A rela\u00e7\u00e3o entre os dois gera conflitos envolvendo a esposa do escritor e o pai do rapaz, o que pode comprometer a vida&hellip;","og_url":"https:\/\/blogdofarnesio.com.br\/?p=224116","og_site_name":"Blog do Farn\u00e9sio","article_publisher":"https:\/\/www.facebook.com\/BlogQuerSaberPolitica\/","article_published_time":"2019-03-25T19:20:21+00:00","og_image":[{"width":480,"height":571,"url":"https:\/\/blogdofarnesio.com.br\/wp-content\/uploads\/2019\/03\/blogqsp-cartaz-ENTRE-N\u00d3S.png","type":"image\/png"}],"author":"Farn\u00e9sio","twitter_card":"summary_large_image","twitter_misc":{"Escrito por":"Farn\u00e9sio","Est. tempo de leitura":"2 minutos"},"schema":{"@context":"https:\/\/schema.org","@graph":[{"@type":"Article","@id":"https:\/\/blogdofarnesio.com.br\/?p=224116#article","isPartOf":{"@id":"https:\/\/blogdofarnesio.com.br\/?p=224116"},"author":{"name":"Farn\u00e9sio","@id":"https:\/\/blogdofarnesio.com.br\/#\/schema\/person\/301c4acf522bccbfdb45af95b5b906a1"},"headline":"ESPET\u00c1CULO \u2018ENTRE N\u00d3S\u2019 MISTURA ARTE E HIST\u00d3RIA DA DITADURA MILITAR EM JUAZEIRO","datePublished":"2019-03-25T19:20:21+00:00","mainEntityOfPage":{"@id":"https:\/\/blogdofarnesio.com.br\/?p=224116"},"wordCount":453,"publisher":{"@id":"https:\/\/blogdofarnesio.com.br\/#organization"},"image":{"@id":"https:\/\/blogdofarnesio.com.br\/?p=224116#primaryimage"},"thumbnailUrl":"https:\/\/blogdofarnesio.com.br\/wp-content\/uploads\/2019\/03\/blogqsp-cartaz-ENTRE-N\u00d3S.png","articleSection":["Cultura"],"inLanguage":"pt-BR"},{"@type":"WebPage","@id":"https:\/\/blogdofarnesio.com.br\/?p=224116","url":"https:\/\/blogdofarnesio.com.br\/?p=224116","name":"ESPET\u00c1CULO \u2018ENTRE N\u00d3S\u2019 MISTURA ARTE E HIST\u00d3RIA DA DITADURA MILITAR EM JUAZEIRO - Blog do Farn\u00e9sio","isPartOf":{"@id":"https:\/\/blogdofarnesio.com.br\/#website"},"primaryImageOfPage":{"@id":"https:\/\/blogdofarnesio.com.br\/?p=224116#primaryimage"},"image":{"@id":"https:\/\/blogdofarnesio.com.br\/?p=224116#primaryimage"},"thumbnailUrl":"https:\/\/blogdofarnesio.com.br\/wp-content\/uploads\/2019\/03\/blogqsp-cartaz-ENTRE-N\u00d3S.png","datePublished":"2019-03-25T19:20:21+00:00","breadcrumb":{"@id":"https:\/\/blogdofarnesio.com.br\/?p=224116#breadcrumb"},"inLanguage":"pt-BR","potentialAction":[{"@type":"ReadAction","target":["https:\/\/blogdofarnesio.com.br\/?p=224116"]}]},{"@type":"ImageObject","inLanguage":"pt-BR","@id":"https:\/\/blogdofarnesio.com.br\/?p=224116#primaryimage","url":"https:\/\/blogdofarnesio.com.br\/wp-content\/uploads\/2019\/03\/blogqsp-cartaz-ENTRE-N\u00d3S.png","contentUrl":"https:\/\/blogdofarnesio.com.br\/wp-content\/uploads\/2019\/03\/blogqsp-cartaz-ENTRE-N\u00d3S.png","width":480,"height":571},{"@type":"BreadcrumbList","@id":"https:\/\/blogdofarnesio.com.br\/?p=224116#breadcrumb","itemListElement":[{"@type":"ListItem","position":1,"name":"In\u00edcio","item":"https:\/\/blogdofarnesio.com.br\/"},{"@type":"ListItem","position":2,"name":"ESPET\u00c1CULO \u2018ENTRE N\u00d3S\u2019 MISTURA ARTE E HIST\u00d3RIA DA DITADURA MILITAR EM JUAZEIRO"}]},{"@type":"WebSite","@id":"https:\/\/blogdofarnesio.com.br\/#website","url":"https:\/\/blogdofarnesio.com.br\/","name":"Blog do Farn\u00e9sio","description":"Quer Saber Pol\u00edtica?","publisher":{"@id":"https:\/\/blogdofarnesio.com.br\/#organization"},"potentialAction":[{"@type":"SearchAction","target":{"@type":"EntryPoint","urlTemplate":"https:\/\/blogdofarnesio.com.br\/?s={search_term_string}"},"query-input":{"@type":"PropertyValueSpecification","valueRequired":true,"valueName":"search_term_string"}}],"inLanguage":"pt-BR"},{"@type":"Organization","@id":"https:\/\/blogdofarnesio.com.br\/#organization","name":"Blog do Farn\u00e9sio","url":"https:\/\/blogdofarnesio.com.br\/","logo":{"@type":"ImageObject","inLanguage":"pt-BR","@id":"https:\/\/blogdofarnesio.com.br\/#\/schema\/logo\/image\/","url":"https:\/\/blogdofarnesio.com.br\/wp-content\/uploads\/2026\/03\/cropped-logo_new-1.png","contentUrl":"https:\/\/blogdofarnesio.com.br\/wp-content\/uploads\/2026\/03\/cropped-logo_new-1.png","width":881,"height":685,"caption":"Blog do Farn\u00e9sio"},"image":{"@id":"https:\/\/blogdofarnesio.com.br\/#\/schema\/logo\/image\/"},"sameAs":["https:\/\/www.facebook.com\/BlogQuerSaberPolitica\/"]},{"@type":"Person","@id":"https:\/\/blogdofarnesio.com.br\/#\/schema\/person\/301c4acf522bccbfdb45af95b5b906a1","name":"Farn\u00e9sio","image":{"@type":"ImageObject","inLanguage":"pt-BR","@id":"https:\/\/secure.gravatar.com\/avatar\/df0c9a14567c056f8ad6876ba5bbd1e3e2c48023eb6807342fc4663adf549f38?s=96&d=mm&r=g","url":"https:\/\/secure.gravatar.com\/avatar\/df0c9a14567c056f8ad6876ba5bbd1e3e2c48023eb6807342fc4663adf549f38?s=96&d=mm&r=g","contentUrl":"https:\/\/secure.gravatar.com\/avatar\/df0c9a14567c056f8ad6876ba5bbd1e3e2c48023eb6807342fc4663adf549f38?s=96&d=mm&r=g","caption":"Farn\u00e9sio"},"sameAs":["https:\/\/quersaberpolitica.com.br"],"url":"https:\/\/blogdofarnesio.com.br\/?author=1"}]}},"_links":{"self":[{"href":"https:\/\/blogdofarnesio.com.br\/index.php?rest_route=\/wp\/v2\/posts\/224116","targetHints":{"allow":["GET"]}}],"collection":[{"href":"https:\/\/blogdofarnesio.com.br\/index.php?rest_route=\/wp\/v2\/posts"}],"about":[{"href":"https:\/\/blogdofarnesio.com.br\/index.php?rest_route=\/wp\/v2\/types\/post"}],"author":[{"embeddable":true,"href":"https:\/\/blogdofarnesio.com.br\/index.php?rest_route=\/wp\/v2\/users\/1"}],"replies":[{"embeddable":true,"href":"https:\/\/blogdofarnesio.com.br\/index.php?rest_route=%2Fwp%2Fv2%2Fcomments&post=224116"}],"version-history":[{"count":0,"href":"https:\/\/blogdofarnesio.com.br\/index.php?rest_route=\/wp\/v2\/posts\/224116\/revisions"}],"wp:featuredmedia":[{"embeddable":true,"href":"https:\/\/blogdofarnesio.com.br\/index.php?rest_route=\/wp\/v2\/media\/224117"}],"wp:attachment":[{"href":"https:\/\/blogdofarnesio.com.br\/index.php?rest_route=%2Fwp%2Fv2%2Fmedia&parent=224116"}],"wp:term":[{"taxonomy":"category","embeddable":true,"href":"https:\/\/blogdofarnesio.com.br\/index.php?rest_route=%2Fwp%2Fv2%2Fcategories&post=224116"},{"taxonomy":"post_tag","embeddable":true,"href":"https:\/\/blogdofarnesio.com.br\/index.php?rest_route=%2Fwp%2Fv2%2Ftags&post=224116"}],"curies":[{"name":"wp","href":"https:\/\/api.w.org\/{rel}","templated":true}]}}