{"id":22356,"date":"2013-01-06T13:04:01","date_gmt":"2013-01-06T16:04:01","guid":{"rendered":"http:\/\/www.quersaberpolitica.com.br\/?p=22356"},"modified":"2013-01-06T10:04:30","modified_gmt":"2013-01-06T13:04:30","slug":"2013-e-o-debate-politico","status":"publish","type":"post","link":"https:\/\/blogdofarnesio.com.br\/?p=22356","title":{"rendered":"2013 E O DEBATE POL\u00cdTICO"},"content":{"rendered":"<div>\n<section>\n<div>\n<div style=\"text-align: justify\">\n<figure><img loading=\"lazy\" decoding=\"async\" src=\"http:\/\/www.brasil247.com\/images\/cms-image-000286268.jpg\" alt=\"Cadu  Amaral\" width=\"75\" height=\"89\" \/><\/figure>\n<div><strong>CADU AMARAL<\/strong><\/div>\n<\/div>\n<p style=\"text-align: justify\">Em 2013 n\u00e3o tem elei\u00e7\u00e3o, mas isso n\u00e3o significa aus\u00eancia de debate pol\u00edtico. N\u00e3o somente haver\u00e1 debate como ele ser\u00e1 fervoroso. \u00c9 o ano do tudo ou nada para a direita brasileira. Em 2014, nos meses antes das elei\u00e7\u00f5es, as tradicionais chutadas no balde da vergonha da \u201cgrande imprensa\u201d s\u00f3 ter\u00e3o algum efeito se 2013 for bom para eles.<\/p>\n<p style=\"text-align: justify\">Uma prova disso \u00e9 o fortalecimento da especula\u00e7\u00e3o do apresentador Luciano Huck como candidato ao governo do Rio de Janeiro pelo PSDB. Huck \u00e9 o \u201cbom mo\u00e7o\u201d de Veja. Mas n\u00e3o gosta muito de cumprir leis que lhe afetem. Seja o baf\u00f4metro, sejam normas de constru\u00e7\u00e3o em sua mans\u00e3o em Angra dos Reis\/RJ, as multas j\u00e1 passam do R$ 100 mil. Nada para o \u201cmauricinho\u201d global.<!--more--><\/p>\n<p style=\"text-align: justify\">\u201cMauricinhos\u201d que t\u00eam ganhado destaque na direita no Brasil. Seu nome para a disputa presidencial em 2014, A\u00e9cio Neves \u00e9 o maior deles. Mas tamb\u00e9m temos ACM Neto em Salvador e Rui Palmeira em Macei\u00f3.<\/p>\n<p style=\"text-align: justify\">Eles, os \u201cmauricinhos\u201d, s\u00e3o bons para campanhas midi\u00e1ticas. S\u00e3o do jeito que a elite gosta: \u201climpinhos e cheirosos\u201d, deixando pessoas como a Cantanhede da Folha bem serelepe.<\/p>\n<p style=\"text-align: justify\">E tudo isso ajuda no discurso contr\u00e1rio \u00e0 regulamenta\u00e7\u00e3o da comunica\u00e7\u00e3o. Que se intensifica por diversos pa\u00edses do mundo. Inglaterra, Argentina e Uruguai, s\u00e3o bons exemplos. Infelizmente aqui no Brasil esse debate parece ter empacado. Mas n\u00e3o est\u00e1 vencido, bom que se diga.<\/p>\n<p style=\"text-align: justify\">\u00c9 preciso manter na pauta os avan\u00e7os sociais do Brasil nos \u00faltimos anos, os quais a oposi\u00e7\u00e3o se movimentou ferozmente contra e, como sempre, com o apoio dos bar\u00f5es da m\u00eddia nacional.<\/p>\n<p style=\"text-align: justify\">Outro flanco pode e muitas situa\u00e7\u00f5es apontam que sim, ser\u00e1 uma maior judicializa\u00e7\u00e3o da luta pol\u00edtica. A direita no mundo inteiro est\u00e1 usando desse artif\u00edcio. O Poder Judici\u00e1rio goza de uma idoneidade forjada, mas encruada no imagin\u00e1rio das pessoas.<\/p>\n<p style=\"text-align: justify\">Este \u00e9 o pior dos poderes da Rep\u00fablica. N\u00e3o \u00e9 leg\u00edtimo, seus membros n\u00e3o passam pelo crivo popular. No entanto, tem for\u00e7a para derrubar mandatos. Mais uma das muitas contradi\u00e7\u00f5es da nossa e de tantas outras democracias.<\/p>\n<p style=\"text-align: justify\">Seria excelente para o pa\u00eds se nossas institui\u00e7\u00f5es e o povo organizado pautassem temas como a reforma politica \u2013 reforma de verdade, e n\u00e3o um remendo eleitoral. E tamb\u00e9m a regulamenta\u00e7\u00e3o da Comunica\u00e7\u00e3o Social no Brasil, como preconiza nossa Constitui\u00e7\u00e3o. Mas se n\u00e3o tivermos cuidado, at\u00e9 a neutralidade de rede da internet ir\u00e1 ralo abaixo.<\/p>\n<p style=\"text-align: justify\">Nesse ponto fa\u00e7o coro com o Paulo Henrique Amorim sobre uma suposta fala de Dilma sobre n\u00e3o haver lei de meios no Brasil. Suposta por que n\u00e3o h\u00e1 registro dessa fala, a n\u00e3o ser no blog do Ilimar Franco em O Globo. E como \u00e9 sabido por todos, O Globo segue a linha do \u201cdisse que disseram\u201d do jornalismo de esgoto.<\/p>\n<p style=\"text-align: justify\">Mas se Dilma disse tal coisa, errou feio e a vida vai lhe mostrar isso.<\/p>\n<p style=\"text-align: justify\">Este ano ser\u00e1 de intensos debates, de baixarias e mentiras deslavadas. E sem o hor\u00e1rio eleitoral para fazer um m\u00ednimo de contraponto, a \u201cgrande imprensa\u201d fatalmente estar\u00e1 com sangue nos olhos. Estar vigilante \u00e9 preciso, responder aos ataques com precis\u00e3o tamb\u00e9m.<\/p>\n<p style=\"text-align: justify\">\n<\/div>\n<div style=\"text-align: justify\"><\/div>\n<div style=\"text-align: justify\"><\/div>\n<\/section>\n<\/div>\n","protected":false},"excerpt":{"rendered":"<p>CADU AMARAL Em 2013 n\u00e3o tem elei\u00e7\u00e3o, mas isso n\u00e3o significa aus\u00eancia de debate pol\u00edtico. N\u00e3o somente haver\u00e1 debate como ele ser\u00e1 fervoroso. \u00c9 o ano do tudo ou nada para a direita brasileira. Em 2014, nos meses antes das elei\u00e7\u00f5es, as tradicionais chutadas no balde da vergonha da \u201cgrande imprensa\u201d s\u00f3 ter\u00e3o algum efeito se 2013 for bom para eles. Uma prova disso \u00e9 o fortalecimento da especula\u00e7\u00e3o do apresentador Luciano Huck como candidato ao governo do Rio de Janeiro pelo PSDB. Huck \u00e9 o \u201cbom mo\u00e7o\u201d de Veja. Mas n\u00e3o gosta muito de cumprir leis que lhe afetem. Seja o baf\u00f4metro, sejam normas de constru\u00e7\u00e3o em sua mans\u00e3o em Angra dos Reis\/RJ, as multas j\u00e1 passam do R$&hellip; <\/p>\n","protected":false},"author":3,"featured_media":0,"comment_status":"open","ping_status":"open","sticky":false,"template":"","format":"standard","meta":{"_acf_changed":false,"footnotes":""},"categories":[1],"tags":[],"class_list":["post-22356","post","type-post","status-publish","format-standard","hentry","category-politica"],"acf":[],"yoast_head":"<!-- This site is optimized with the Yoast SEO plugin v27.4 - https:\/\/yoast.com\/product\/yoast-seo-wordpress\/ -->\n<title>2013 E O DEBATE POL\u00cdTICO  - Blog do Farn\u00e9sio<\/title>\n<meta name=\"robots\" content=\"index, follow, max-snippet:-1, max-image-preview:large, max-video-preview:-1\" \/>\n<link rel=\"canonical\" href=\"https:\/\/blogdofarnesio.com.br\/?p=22356\" \/>\n<meta property=\"og:locale\" content=\"pt_BR\" \/>\n<meta property=\"og:type\" content=\"article\" \/>\n<meta property=\"og:title\" content=\"2013 E O DEBATE POL\u00cdTICO  - Blog do Farn\u00e9sio\" \/>\n<meta property=\"og:description\" content=\"CADU AMARAL Em 2013 n\u00e3o tem elei\u00e7\u00e3o, mas isso n\u00e3o significa aus\u00eancia de debate pol\u00edtico. N\u00e3o somente haver\u00e1 debate como ele ser\u00e1 fervoroso. \u00c9 o ano do tudo ou nada para a direita brasileira. Em 2014, nos meses antes das elei\u00e7\u00f5es, as tradicionais chutadas no balde da vergonha da \u201cgrande imprensa\u201d s\u00f3 ter\u00e3o algum efeito se 2013 for bom para eles. Uma prova disso \u00e9 o fortalecimento da especula\u00e7\u00e3o do apresentador Luciano Huck como candidato ao governo do Rio de Janeiro pelo PSDB. Huck \u00e9 o \u201cbom mo\u00e7o\u201d de Veja. Mas n\u00e3o gosta muito de cumprir leis que lhe afetem. Seja o baf\u00f4metro, sejam normas de constru\u00e7\u00e3o em sua mans\u00e3o em Angra dos Reis\/RJ, as multas j\u00e1 passam do R$&hellip;\" \/>\n<meta property=\"og:url\" content=\"https:\/\/blogdofarnesio.com.br\/?p=22356\" \/>\n<meta property=\"og:site_name\" content=\"Blog do Farn\u00e9sio\" \/>\n<meta property=\"article:publisher\" content=\"https:\/\/www.facebook.com\/BlogQuerSaberPolitica\/\" \/>\n<meta property=\"article:published_time\" content=\"2013-01-06T16:04:01+00:00\" \/>\n<meta property=\"og:image\" content=\"http:\/\/www.brasil247.com\/images\/cms-image-000286268.jpg\" \/>\n<meta name=\"author\" content=\"teste\" \/>\n<meta name=\"twitter:card\" content=\"summary_large_image\" \/>\n<meta name=\"twitter:label1\" content=\"Escrito por\" \/>\n\t<meta name=\"twitter:data1\" content=\"teste\" \/>\n\t<meta name=\"twitter:label2\" content=\"Est. tempo de leitura\" \/>\n\t<meta name=\"twitter:data2\" content=\"3 minutos\" \/>\n<script type=\"application\/ld+json\" class=\"yoast-schema-graph\">{\"@context\":\"https:\\\/\\\/schema.org\",\"@graph\":[{\"@type\":\"Article\",\"@id\":\"https:\\\/\\\/blogdofarnesio.com.br\\\/?p=22356#article\",\"isPartOf\":{\"@id\":\"https:\\\/\\\/blogdofarnesio.com.br\\\/?p=22356\"},\"author\":{\"name\":\"teste\",\"@id\":\"https:\\\/\\\/blogdofarnesio.com.br\\\/#\\\/schema\\\/person\\\/dd1bf5eba40b687199ba45ca6b97dff9\"},\"headline\":\"2013 E O DEBATE POL\u00cdTICO\",\"datePublished\":\"2013-01-06T16:04:01+00:00\",\"mainEntityOfPage\":{\"@id\":\"https:\\\/\\\/blogdofarnesio.com.br\\\/?p=22356\"},\"wordCount\":560,\"commentCount\":0,\"publisher\":{\"@id\":\"https:\\\/\\\/blogdofarnesio.com.br\\\/#organization\"},\"image\":{\"@id\":\"https:\\\/\\\/blogdofarnesio.com.br\\\/?p=22356#primaryimage\"},\"thumbnailUrl\":\"http:\\\/\\\/www.brasil247.com\\\/images\\\/cms-image-000286268.jpg\",\"articleSection\":[\"Pol\u00edtica\"],\"inLanguage\":\"pt-BR\",\"potentialAction\":[{\"@type\":\"CommentAction\",\"name\":\"Comment\",\"target\":[\"https:\\\/\\\/blogdofarnesio.com.br\\\/?p=22356#respond\"]}]},{\"@type\":\"WebPage\",\"@id\":\"https:\\\/\\\/blogdofarnesio.com.br\\\/?p=22356\",\"url\":\"https:\\\/\\\/blogdofarnesio.com.br\\\/?p=22356\",\"name\":\"2013 E O DEBATE POL\u00cdTICO - Blog do Farn\u00e9sio\",\"isPartOf\":{\"@id\":\"https:\\\/\\\/blogdofarnesio.com.br\\\/#website\"},\"primaryImageOfPage\":{\"@id\":\"https:\\\/\\\/blogdofarnesio.com.br\\\/?p=22356#primaryimage\"},\"image\":{\"@id\":\"https:\\\/\\\/blogdofarnesio.com.br\\\/?p=22356#primaryimage\"},\"thumbnailUrl\":\"http:\\\/\\\/www.brasil247.com\\\/images\\\/cms-image-000286268.jpg\",\"datePublished\":\"2013-01-06T16:04:01+00:00\",\"breadcrumb\":{\"@id\":\"https:\\\/\\\/blogdofarnesio.com.br\\\/?p=22356#breadcrumb\"},\"inLanguage\":\"pt-BR\",\"potentialAction\":[{\"@type\":\"ReadAction\",\"target\":[\"https:\\\/\\\/blogdofarnesio.com.br\\\/?p=22356\"]}]},{\"@type\":\"ImageObject\",\"inLanguage\":\"pt-BR\",\"@id\":\"https:\\\/\\\/blogdofarnesio.com.br\\\/?p=22356#primaryimage\",\"url\":\"http:\\\/\\\/www.brasil247.com\\\/images\\\/cms-image-000286268.jpg\",\"contentUrl\":\"http:\\\/\\\/www.brasil247.com\\\/images\\\/cms-image-000286268.jpg\"},{\"@type\":\"BreadcrumbList\",\"@id\":\"https:\\\/\\\/blogdofarnesio.com.br\\\/?p=22356#breadcrumb\",\"itemListElement\":[{\"@type\":\"ListItem\",\"position\":1,\"name\":\"In\u00edcio\",\"item\":\"https:\\\/\\\/blogdofarnesio.com.br\\\/\"},{\"@type\":\"ListItem\",\"position\":2,\"name\":\"2013 E O DEBATE POL\u00cdTICO\"}]},{\"@type\":\"WebSite\",\"@id\":\"https:\\\/\\\/blogdofarnesio.com.br\\\/#website\",\"url\":\"https:\\\/\\\/blogdofarnesio.com.br\\\/\",\"name\":\"Blog do Farn\u00e9sio\",\"description\":\"Quer Saber Pol\u00edtica?\",\"publisher\":{\"@id\":\"https:\\\/\\\/blogdofarnesio.com.br\\\/#organization\"},\"potentialAction\":[{\"@type\":\"SearchAction\",\"target\":{\"@type\":\"EntryPoint\",\"urlTemplate\":\"https:\\\/\\\/blogdofarnesio.com.br\\\/?s={search_term_string}\"},\"query-input\":{\"@type\":\"PropertyValueSpecification\",\"valueRequired\":true,\"valueName\":\"search_term_string\"}}],\"inLanguage\":\"pt-BR\"},{\"@type\":\"Organization\",\"@id\":\"https:\\\/\\\/blogdofarnesio.com.br\\\/#organization\",\"name\":\"Blog do Farn\u00e9sio\",\"url\":\"https:\\\/\\\/blogdofarnesio.com.br\\\/\",\"logo\":{\"@type\":\"ImageObject\",\"inLanguage\":\"pt-BR\",\"@id\":\"https:\\\/\\\/blogdofarnesio.com.br\\\/#\\\/schema\\\/logo\\\/image\\\/\",\"url\":\"https:\\\/\\\/blogdofarnesio.com.br\\\/wp-content\\\/uploads\\\/2026\\\/03\\\/cropped-logo_new-1.png\",\"contentUrl\":\"https:\\\/\\\/blogdofarnesio.com.br\\\/wp-content\\\/uploads\\\/2026\\\/03\\\/cropped-logo_new-1.png\",\"width\":881,\"height\":685,\"caption\":\"Blog do Farn\u00e9sio\"},\"image\":{\"@id\":\"https:\\\/\\\/blogdofarnesio.com.br\\\/#\\\/schema\\\/logo\\\/image\\\/\"},\"sameAs\":[\"https:\\\/\\\/www.facebook.com\\\/BlogQuerSaberPolitica\\\/\"]},{\"@type\":\"Person\",\"@id\":\"https:\\\/\\\/blogdofarnesio.com.br\\\/#\\\/schema\\\/person\\\/dd1bf5eba40b687199ba45ca6b97dff9\",\"name\":\"teste\",\"image\":{\"@type\":\"ImageObject\",\"inLanguage\":\"pt-BR\",\"@id\":\"https:\\\/\\\/secure.gravatar.com\\\/avatar\\\/2172498d4914b51e1d89a0f97957b035ac4938723a5cac208135d389b6972a6d?s=96&d=mm&r=g\",\"url\":\"https:\\\/\\\/secure.gravatar.com\\\/avatar\\\/2172498d4914b51e1d89a0f97957b035ac4938723a5cac208135d389b6972a6d?s=96&d=mm&r=g\",\"contentUrl\":\"https:\\\/\\\/secure.gravatar.com\\\/avatar\\\/2172498d4914b51e1d89a0f97957b035ac4938723a5cac208135d389b6972a6d?s=96&d=mm&r=g\",\"caption\":\"teste\"},\"url\":\"https:\\\/\\\/blogdofarnesio.com.br\\\/?author=3\"}]}<\/script>\n<!-- \/ Yoast SEO plugin. -->","yoast_head_json":{"title":"2013 E O DEBATE POL\u00cdTICO  - Blog do Farn\u00e9sio","robots":{"index":"index","follow":"follow","max-snippet":"max-snippet:-1","max-image-preview":"max-image-preview:large","max-video-preview":"max-video-preview:-1"},"canonical":"https:\/\/blogdofarnesio.com.br\/?p=22356","og_locale":"pt_BR","og_type":"article","og_title":"2013 E O DEBATE POL\u00cdTICO  - Blog do Farn\u00e9sio","og_description":"CADU AMARAL Em 2013 n\u00e3o tem elei\u00e7\u00e3o, mas isso n\u00e3o significa aus\u00eancia de debate pol\u00edtico. N\u00e3o somente haver\u00e1 debate como ele ser\u00e1 fervoroso. \u00c9 o ano do tudo ou nada para a direita brasileira. Em 2014, nos meses antes das elei\u00e7\u00f5es, as tradicionais chutadas no balde da vergonha da \u201cgrande imprensa\u201d s\u00f3 ter\u00e3o algum efeito se 2013 for bom para eles. Uma prova disso \u00e9 o fortalecimento da especula\u00e7\u00e3o do apresentador Luciano Huck como candidato ao governo do Rio de Janeiro pelo PSDB. Huck \u00e9 o \u201cbom mo\u00e7o\u201d de Veja. Mas n\u00e3o gosta muito de cumprir leis que lhe afetem. Seja o baf\u00f4metro, sejam normas de constru\u00e7\u00e3o em sua mans\u00e3o em Angra dos Reis\/RJ, as multas j\u00e1 passam do R$&hellip;","og_url":"https:\/\/blogdofarnesio.com.br\/?p=22356","og_site_name":"Blog do Farn\u00e9sio","article_publisher":"https:\/\/www.facebook.com\/BlogQuerSaberPolitica\/","article_published_time":"2013-01-06T16:04:01+00:00","og_image":[{"url":"http:\/\/www.brasil247.com\/images\/cms-image-000286268.jpg","type":"","width":"","height":""}],"author":"teste","twitter_card":"summary_large_image","twitter_misc":{"Escrito por":"teste","Est. tempo de leitura":"3 minutos"},"schema":{"@context":"https:\/\/schema.org","@graph":[{"@type":"Article","@id":"https:\/\/blogdofarnesio.com.br\/?p=22356#article","isPartOf":{"@id":"https:\/\/blogdofarnesio.com.br\/?p=22356"},"author":{"name":"teste","@id":"https:\/\/blogdofarnesio.com.br\/#\/schema\/person\/dd1bf5eba40b687199ba45ca6b97dff9"},"headline":"2013 E O DEBATE POL\u00cdTICO","datePublished":"2013-01-06T16:04:01+00:00","mainEntityOfPage":{"@id":"https:\/\/blogdofarnesio.com.br\/?p=22356"},"wordCount":560,"commentCount":0,"publisher":{"@id":"https:\/\/blogdofarnesio.com.br\/#organization"},"image":{"@id":"https:\/\/blogdofarnesio.com.br\/?p=22356#primaryimage"},"thumbnailUrl":"http:\/\/www.brasil247.com\/images\/cms-image-000286268.jpg","articleSection":["Pol\u00edtica"],"inLanguage":"pt-BR","potentialAction":[{"@type":"CommentAction","name":"Comment","target":["https:\/\/blogdofarnesio.com.br\/?p=22356#respond"]}]},{"@type":"WebPage","@id":"https:\/\/blogdofarnesio.com.br\/?p=22356","url":"https:\/\/blogdofarnesio.com.br\/?p=22356","name":"2013 E O DEBATE POL\u00cdTICO - Blog do Farn\u00e9sio","isPartOf":{"@id":"https:\/\/blogdofarnesio.com.br\/#website"},"primaryImageOfPage":{"@id":"https:\/\/blogdofarnesio.com.br\/?p=22356#primaryimage"},"image":{"@id":"https:\/\/blogdofarnesio.com.br\/?p=22356#primaryimage"},"thumbnailUrl":"http:\/\/www.brasil247.com\/images\/cms-image-000286268.jpg","datePublished":"2013-01-06T16:04:01+00:00","breadcrumb":{"@id":"https:\/\/blogdofarnesio.com.br\/?p=22356#breadcrumb"},"inLanguage":"pt-BR","potentialAction":[{"@type":"ReadAction","target":["https:\/\/blogdofarnesio.com.br\/?p=22356"]}]},{"@type":"ImageObject","inLanguage":"pt-BR","@id":"https:\/\/blogdofarnesio.com.br\/?p=22356#primaryimage","url":"http:\/\/www.brasil247.com\/images\/cms-image-000286268.jpg","contentUrl":"http:\/\/www.brasil247.com\/images\/cms-image-000286268.jpg"},{"@type":"BreadcrumbList","@id":"https:\/\/blogdofarnesio.com.br\/?p=22356#breadcrumb","itemListElement":[{"@type":"ListItem","position":1,"name":"In\u00edcio","item":"https:\/\/blogdofarnesio.com.br\/"},{"@type":"ListItem","position":2,"name":"2013 E O DEBATE POL\u00cdTICO"}]},{"@type":"WebSite","@id":"https:\/\/blogdofarnesio.com.br\/#website","url":"https:\/\/blogdofarnesio.com.br\/","name":"Blog do Farn\u00e9sio","description":"Quer Saber Pol\u00edtica?","publisher":{"@id":"https:\/\/blogdofarnesio.com.br\/#organization"},"potentialAction":[{"@type":"SearchAction","target":{"@type":"EntryPoint","urlTemplate":"https:\/\/blogdofarnesio.com.br\/?s={search_term_string}"},"query-input":{"@type":"PropertyValueSpecification","valueRequired":true,"valueName":"search_term_string"}}],"inLanguage":"pt-BR"},{"@type":"Organization","@id":"https:\/\/blogdofarnesio.com.br\/#organization","name":"Blog do Farn\u00e9sio","url":"https:\/\/blogdofarnesio.com.br\/","logo":{"@type":"ImageObject","inLanguage":"pt-BR","@id":"https:\/\/blogdofarnesio.com.br\/#\/schema\/logo\/image\/","url":"https:\/\/blogdofarnesio.com.br\/wp-content\/uploads\/2026\/03\/cropped-logo_new-1.png","contentUrl":"https:\/\/blogdofarnesio.com.br\/wp-content\/uploads\/2026\/03\/cropped-logo_new-1.png","width":881,"height":685,"caption":"Blog do Farn\u00e9sio"},"image":{"@id":"https:\/\/blogdofarnesio.com.br\/#\/schema\/logo\/image\/"},"sameAs":["https:\/\/www.facebook.com\/BlogQuerSaberPolitica\/"]},{"@type":"Person","@id":"https:\/\/blogdofarnesio.com.br\/#\/schema\/person\/dd1bf5eba40b687199ba45ca6b97dff9","name":"teste","image":{"@type":"ImageObject","inLanguage":"pt-BR","@id":"https:\/\/secure.gravatar.com\/avatar\/2172498d4914b51e1d89a0f97957b035ac4938723a5cac208135d389b6972a6d?s=96&d=mm&r=g","url":"https:\/\/secure.gravatar.com\/avatar\/2172498d4914b51e1d89a0f97957b035ac4938723a5cac208135d389b6972a6d?s=96&d=mm&r=g","contentUrl":"https:\/\/secure.gravatar.com\/avatar\/2172498d4914b51e1d89a0f97957b035ac4938723a5cac208135d389b6972a6d?s=96&d=mm&r=g","caption":"teste"},"url":"https:\/\/blogdofarnesio.com.br\/?author=3"}]}},"_links":{"self":[{"href":"https:\/\/blogdofarnesio.com.br\/index.php?rest_route=\/wp\/v2\/posts\/22356","targetHints":{"allow":["GET"]}}],"collection":[{"href":"https:\/\/blogdofarnesio.com.br\/index.php?rest_route=\/wp\/v2\/posts"}],"about":[{"href":"https:\/\/blogdofarnesio.com.br\/index.php?rest_route=\/wp\/v2\/types\/post"}],"author":[{"embeddable":true,"href":"https:\/\/blogdofarnesio.com.br\/index.php?rest_route=\/wp\/v2\/users\/3"}],"replies":[{"embeddable":true,"href":"https:\/\/blogdofarnesio.com.br\/index.php?rest_route=%2Fwp%2Fv2%2Fcomments&post=22356"}],"version-history":[{"count":0,"href":"https:\/\/blogdofarnesio.com.br\/index.php?rest_route=\/wp\/v2\/posts\/22356\/revisions"}],"wp:attachment":[{"href":"https:\/\/blogdofarnesio.com.br\/index.php?rest_route=%2Fwp%2Fv2%2Fmedia&parent=22356"}],"wp:term":[{"taxonomy":"category","embeddable":true,"href":"https:\/\/blogdofarnesio.com.br\/index.php?rest_route=%2Fwp%2Fv2%2Fcategories&post=22356"},{"taxonomy":"post_tag","embeddable":true,"href":"https:\/\/blogdofarnesio.com.br\/index.php?rest_route=%2Fwp%2Fv2%2Ftags&post=22356"}],"curies":[{"name":"wp","href":"https:\/\/api.w.org\/{rel}","templated":true}]}}