{"id":22354,"date":"2013-01-06T12:00:03","date_gmt":"2013-01-06T15:00:03","guid":{"rendered":"http:\/\/www.quersaberpolitica.com.br\/?p=22354"},"modified":"2013-01-06T10:03:23","modified_gmt":"2013-01-06T13:03:23","slug":"nao-da-para-recuar","status":"publish","type":"post","link":"https:\/\/blogdofarnesio.com.br\/?p=22354","title":{"rendered":"N\u00c3O D\u00c1 PARA RECUAR&#8221;"},"content":{"rendered":"<div><img loading=\"lazy\" decoding=\"async\" class=\"aligncenter\" src=\"http:\/\/www.brasil247.com\/get_img?ImageWidth=988&amp;ImageId=174447\" alt=\"Humberto Pradera\/Divulga\u00e7\u00e3o\" width=\"553\" height=\"198\" \/><\/p>\n<p style=\"text-align: justify\">\u00a0<strong>247 &#8211;<\/strong>\u00a0Quando se elegeu governador pernambucano pela primeira vez, em 2006, o socialista Eduardo Campos imp\u00f4s uma derrota humilhante a Jarbas Vasconcelos, do PMDB, que, antes, havia derrotado seu av\u00f4 Miguel Arraes. Recentemente, os dois se aproximaram, s\u00e3o aliados e Jarbas se movimenta no PMDB para granjear apoios \u00e0 candidatura presidencial de Eduardo Campos, j\u00e1 em 2014. Numa conversa com Jorge Bastos Moreno, do Globo, Jarbas avisa que Eduardo ser\u00e1 candidato e que j\u00e1 n\u00e3o \u00e9 mais poss\u00edvel recuar. Leia abaixo:<!--more--><\/p>\n<\/div>\n<div>\n<section><strong><a href=\"http:\/\/avaranda.blogspot.com.br\/2013\/01\/quem-vai-deter-eduardo-campos-jorge.html\">Quem vai deter Eduardo Campos? &#8211; JORGE BASTOS MORENO &#8211; Nhenhenh\u00e9m<\/a><\/strong>As principais lideran\u00e7as pol\u00edticas do pa\u00eds j\u00e1 trabalham com o seguinte cen\u00e1rio eleitoral para o ano que vem: Dilma x Eduardo Campos x A\u00e9cio.A d\u00favida \u00e9 apenas em rela\u00e7\u00e3o a A\u00e9cio, n\u00e3o naquilo que depender dele. Pelo contr\u00e1rio, o senador j\u00e1 assumiu sua condi\u00e7\u00e3o de candidato. \u00c9 que, em se tratando do PSDB, hoje, ningu\u00e9m faz nada sem o aval do governador Alckmin.<\/p>\n<p>A candidatura Eduardo Campos j\u00e1 tem adeptos de mais para ser desfeita sem danos pol\u00edticos ao governador de Pernambuco. E une o estado inteiro, menos o PT, naturalmente.<\/p>\n<p>&#8211; A candidatura, n\u00e3o ele, avan\u00e7ou demais. N\u00e3o d\u00e1 mais para recuar! &#8211; afirma o at\u00e9 ontem maior advers\u00e1rio de Campos, o ex-governador Jarbas Vasconcelos, um dos l\u00edderes da oposi\u00e7\u00e3o ao PT.<\/p>\n<p>Dilma tamb\u00e9m trabalha com a hip\u00f3tese, menos Lula. Para o ex-presidente, a hip\u00f3tese Eduardo Campos n\u00e3o existe. O que existe \u00e9 a candidatura Eduardo Campos.<\/p>\n<\/section>\n<\/div>\n","protected":false},"excerpt":{"rendered":"<p>\u00a0247 &#8211;\u00a0Quando se elegeu governador pernambucano pela primeira vez, em 2006, o socialista Eduardo Campos imp\u00f4s uma derrota humilhante a Jarbas Vasconcelos, do PMDB, que, antes, havia derrotado seu av\u00f4 Miguel Arraes. Recentemente, os dois se aproximaram, s\u00e3o aliados e Jarbas se movimenta no PMDB para granjear apoios \u00e0 candidatura presidencial de Eduardo Campos, j\u00e1 em 2014. Numa conversa com Jorge Bastos Moreno, do Globo, Jarbas avisa que Eduardo ser\u00e1 candidato e que j\u00e1 n\u00e3o \u00e9 mais poss\u00edvel recuar. Leia abaixo:<\/p>\n","protected":false},"author":3,"featured_media":0,"comment_status":"open","ping_status":"open","sticky":false,"template":"","format":"standard","meta":{"_acf_changed":false,"footnotes":""},"categories":[30],"tags":[],"class_list":["post-22354","post","type-post","status-publish","format-standard","hentry","category-artigo"],"acf":[],"yoast_head":"<!-- This site is optimized with the Yoast SEO plugin v27.4 - https:\/\/yoast.com\/product\/yoast-seo-wordpress\/ -->\n<title>N\u00c3O D\u00c1 PARA RECUAR&quot; - Blog do Farn\u00e9sio<\/title>\n<meta name=\"robots\" content=\"index, follow, max-snippet:-1, max-image-preview:large, max-video-preview:-1\" \/>\n<link rel=\"canonical\" href=\"https:\/\/blogdofarnesio.com.br\/?p=22354\" \/>\n<meta property=\"og:locale\" content=\"pt_BR\" \/>\n<meta property=\"og:type\" content=\"article\" \/>\n<meta property=\"og:title\" content=\"N\u00c3O D\u00c1 PARA RECUAR&quot; - Blog do Farn\u00e9sio\" \/>\n<meta property=\"og:description\" content=\"\u00a0247 &#8211;\u00a0Quando se elegeu governador pernambucano pela primeira vez, em 2006, o socialista Eduardo Campos imp\u00f4s uma derrota humilhante a Jarbas Vasconcelos, do PMDB, que, antes, havia derrotado seu av\u00f4 Miguel Arraes. Recentemente, os dois se aproximaram, s\u00e3o aliados e Jarbas se movimenta no PMDB para granjear apoios \u00e0 candidatura presidencial de Eduardo Campos, j\u00e1 em 2014. Numa conversa com Jorge Bastos Moreno, do Globo, Jarbas avisa que Eduardo ser\u00e1 candidato e que j\u00e1 n\u00e3o \u00e9 mais poss\u00edvel recuar. Leia abaixo:\" \/>\n<meta property=\"og:url\" content=\"https:\/\/blogdofarnesio.com.br\/?p=22354\" \/>\n<meta property=\"og:site_name\" content=\"Blog do Farn\u00e9sio\" \/>\n<meta property=\"article:publisher\" content=\"https:\/\/www.facebook.com\/BlogQuerSaberPolitica\/\" \/>\n<meta property=\"article:published_time\" content=\"2013-01-06T15:00:03+00:00\" \/>\n<meta property=\"og:image\" content=\"http:\/\/www.brasil247.com\/get_img?ImageWidth=988&amp;ImageId=174447\" \/>\n<meta name=\"author\" content=\"teste\" \/>\n<meta name=\"twitter:card\" content=\"summary_large_image\" \/>\n<meta name=\"twitter:label1\" content=\"Escrito por\" \/>\n\t<meta name=\"twitter:data1\" content=\"teste\" \/>\n\t<meta name=\"twitter:label2\" content=\"Est. tempo de leitura\" \/>\n\t<meta name=\"twitter:data2\" content=\"1 minuto\" \/>\n<script type=\"application\/ld+json\" class=\"yoast-schema-graph\">{\"@context\":\"https:\\\/\\\/schema.org\",\"@graph\":[{\"@type\":\"Article\",\"@id\":\"https:\\\/\\\/blogdofarnesio.com.br\\\/?p=22354#article\",\"isPartOf\":{\"@id\":\"https:\\\/\\\/blogdofarnesio.com.br\\\/?p=22354\"},\"author\":{\"name\":\"teste\",\"@id\":\"https:\\\/\\\/blogdofarnesio.com.br\\\/#\\\/schema\\\/person\\\/dd1bf5eba40b687199ba45ca6b97dff9\"},\"headline\":\"N\u00c3O D\u00c1 PARA RECUAR&#8221;\",\"datePublished\":\"2013-01-06T15:00:03+00:00\",\"mainEntityOfPage\":{\"@id\":\"https:\\\/\\\/blogdofarnesio.com.br\\\/?p=22354\"},\"wordCount\":267,\"commentCount\":0,\"publisher\":{\"@id\":\"https:\\\/\\\/blogdofarnesio.com.br\\\/#organization\"},\"image\":{\"@id\":\"https:\\\/\\\/blogdofarnesio.com.br\\\/?p=22354#primaryimage\"},\"thumbnailUrl\":\"http:\\\/\\\/www.brasil247.com\\\/get_img?ImageWidth=988&amp;ImageId=174447\",\"articleSection\":[\"Artigo\"],\"inLanguage\":\"pt-BR\",\"potentialAction\":[{\"@type\":\"CommentAction\",\"name\":\"Comment\",\"target\":[\"https:\\\/\\\/blogdofarnesio.com.br\\\/?p=22354#respond\"]}]},{\"@type\":\"WebPage\",\"@id\":\"https:\\\/\\\/blogdofarnesio.com.br\\\/?p=22354\",\"url\":\"https:\\\/\\\/blogdofarnesio.com.br\\\/?p=22354\",\"name\":\"N\u00c3O D\u00c1 PARA RECUAR\\\" - Blog do Farn\u00e9sio\",\"isPartOf\":{\"@id\":\"https:\\\/\\\/blogdofarnesio.com.br\\\/#website\"},\"primaryImageOfPage\":{\"@id\":\"https:\\\/\\\/blogdofarnesio.com.br\\\/?p=22354#primaryimage\"},\"image\":{\"@id\":\"https:\\\/\\\/blogdofarnesio.com.br\\\/?p=22354#primaryimage\"},\"thumbnailUrl\":\"http:\\\/\\\/www.brasil247.com\\\/get_img?ImageWidth=988&amp;ImageId=174447\",\"datePublished\":\"2013-01-06T15:00:03+00:00\",\"breadcrumb\":{\"@id\":\"https:\\\/\\\/blogdofarnesio.com.br\\\/?p=22354#breadcrumb\"},\"inLanguage\":\"pt-BR\",\"potentialAction\":[{\"@type\":\"ReadAction\",\"target\":[\"https:\\\/\\\/blogdofarnesio.com.br\\\/?p=22354\"]}]},{\"@type\":\"ImageObject\",\"inLanguage\":\"pt-BR\",\"@id\":\"https:\\\/\\\/blogdofarnesio.com.br\\\/?p=22354#primaryimage\",\"url\":\"http:\\\/\\\/www.brasil247.com\\\/get_img?ImageWidth=988&amp;ImageId=174447\",\"contentUrl\":\"http:\\\/\\\/www.brasil247.com\\\/get_img?ImageWidth=988&amp;ImageId=174447\"},{\"@type\":\"BreadcrumbList\",\"@id\":\"https:\\\/\\\/blogdofarnesio.com.br\\\/?p=22354#breadcrumb\",\"itemListElement\":[{\"@type\":\"ListItem\",\"position\":1,\"name\":\"In\u00edcio\",\"item\":\"https:\\\/\\\/blogdofarnesio.com.br\\\/\"},{\"@type\":\"ListItem\",\"position\":2,\"name\":\"N\u00c3O D\u00c1 PARA RECUAR&#8221;\"}]},{\"@type\":\"WebSite\",\"@id\":\"https:\\\/\\\/blogdofarnesio.com.br\\\/#website\",\"url\":\"https:\\\/\\\/blogdofarnesio.com.br\\\/\",\"name\":\"Blog do Farn\u00e9sio\",\"description\":\"Quer Saber Pol\u00edtica?\",\"publisher\":{\"@id\":\"https:\\\/\\\/blogdofarnesio.com.br\\\/#organization\"},\"potentialAction\":[{\"@type\":\"SearchAction\",\"target\":{\"@type\":\"EntryPoint\",\"urlTemplate\":\"https:\\\/\\\/blogdofarnesio.com.br\\\/?s={search_term_string}\"},\"query-input\":{\"@type\":\"PropertyValueSpecification\",\"valueRequired\":true,\"valueName\":\"search_term_string\"}}],\"inLanguage\":\"pt-BR\"},{\"@type\":\"Organization\",\"@id\":\"https:\\\/\\\/blogdofarnesio.com.br\\\/#organization\",\"name\":\"Blog do Farn\u00e9sio\",\"url\":\"https:\\\/\\\/blogdofarnesio.com.br\\\/\",\"logo\":{\"@type\":\"ImageObject\",\"inLanguage\":\"pt-BR\",\"@id\":\"https:\\\/\\\/blogdofarnesio.com.br\\\/#\\\/schema\\\/logo\\\/image\\\/\",\"url\":\"https:\\\/\\\/blogdofarnesio.com.br\\\/wp-content\\\/uploads\\\/2026\\\/03\\\/cropped-logo_new-1.png\",\"contentUrl\":\"https:\\\/\\\/blogdofarnesio.com.br\\\/wp-content\\\/uploads\\\/2026\\\/03\\\/cropped-logo_new-1.png\",\"width\":881,\"height\":685,\"caption\":\"Blog do Farn\u00e9sio\"},\"image\":{\"@id\":\"https:\\\/\\\/blogdofarnesio.com.br\\\/#\\\/schema\\\/logo\\\/image\\\/\"},\"sameAs\":[\"https:\\\/\\\/www.facebook.com\\\/BlogQuerSaberPolitica\\\/\"]},{\"@type\":\"Person\",\"@id\":\"https:\\\/\\\/blogdofarnesio.com.br\\\/#\\\/schema\\\/person\\\/dd1bf5eba40b687199ba45ca6b97dff9\",\"name\":\"teste\",\"image\":{\"@type\":\"ImageObject\",\"inLanguage\":\"pt-BR\",\"@id\":\"https:\\\/\\\/secure.gravatar.com\\\/avatar\\\/2172498d4914b51e1d89a0f97957b035ac4938723a5cac208135d389b6972a6d?s=96&d=mm&r=g\",\"url\":\"https:\\\/\\\/secure.gravatar.com\\\/avatar\\\/2172498d4914b51e1d89a0f97957b035ac4938723a5cac208135d389b6972a6d?s=96&d=mm&r=g\",\"contentUrl\":\"https:\\\/\\\/secure.gravatar.com\\\/avatar\\\/2172498d4914b51e1d89a0f97957b035ac4938723a5cac208135d389b6972a6d?s=96&d=mm&r=g\",\"caption\":\"teste\"},\"url\":\"https:\\\/\\\/blogdofarnesio.com.br\\\/?author=3\"}]}<\/script>\n<!-- \/ Yoast SEO plugin. -->","yoast_head_json":{"title":"N\u00c3O D\u00c1 PARA RECUAR\" - Blog do Farn\u00e9sio","robots":{"index":"index","follow":"follow","max-snippet":"max-snippet:-1","max-image-preview":"max-image-preview:large","max-video-preview":"max-video-preview:-1"},"canonical":"https:\/\/blogdofarnesio.com.br\/?p=22354","og_locale":"pt_BR","og_type":"article","og_title":"N\u00c3O D\u00c1 PARA RECUAR\" - Blog do Farn\u00e9sio","og_description":"\u00a0247 &#8211;\u00a0Quando se elegeu governador pernambucano pela primeira vez, em 2006, o socialista Eduardo Campos imp\u00f4s uma derrota humilhante a Jarbas Vasconcelos, do PMDB, que, antes, havia derrotado seu av\u00f4 Miguel Arraes. Recentemente, os dois se aproximaram, s\u00e3o aliados e Jarbas se movimenta no PMDB para granjear apoios \u00e0 candidatura presidencial de Eduardo Campos, j\u00e1 em 2014. Numa conversa com Jorge Bastos Moreno, do Globo, Jarbas avisa que Eduardo ser\u00e1 candidato e que j\u00e1 n\u00e3o \u00e9 mais poss\u00edvel recuar. Leia abaixo:","og_url":"https:\/\/blogdofarnesio.com.br\/?p=22354","og_site_name":"Blog do Farn\u00e9sio","article_publisher":"https:\/\/www.facebook.com\/BlogQuerSaberPolitica\/","article_published_time":"2013-01-06T15:00:03+00:00","og_image":[{"url":"http:\/\/www.brasil247.com\/get_img?ImageWidth=988&amp;ImageId=174447","type":"","width":"","height":""}],"author":"teste","twitter_card":"summary_large_image","twitter_misc":{"Escrito por":"teste","Est. tempo de leitura":"1 minuto"},"schema":{"@context":"https:\/\/schema.org","@graph":[{"@type":"Article","@id":"https:\/\/blogdofarnesio.com.br\/?p=22354#article","isPartOf":{"@id":"https:\/\/blogdofarnesio.com.br\/?p=22354"},"author":{"name":"teste","@id":"https:\/\/blogdofarnesio.com.br\/#\/schema\/person\/dd1bf5eba40b687199ba45ca6b97dff9"},"headline":"N\u00c3O D\u00c1 PARA RECUAR&#8221;","datePublished":"2013-01-06T15:00:03+00:00","mainEntityOfPage":{"@id":"https:\/\/blogdofarnesio.com.br\/?p=22354"},"wordCount":267,"commentCount":0,"publisher":{"@id":"https:\/\/blogdofarnesio.com.br\/#organization"},"image":{"@id":"https:\/\/blogdofarnesio.com.br\/?p=22354#primaryimage"},"thumbnailUrl":"http:\/\/www.brasil247.com\/get_img?ImageWidth=988&amp;ImageId=174447","articleSection":["Artigo"],"inLanguage":"pt-BR","potentialAction":[{"@type":"CommentAction","name":"Comment","target":["https:\/\/blogdofarnesio.com.br\/?p=22354#respond"]}]},{"@type":"WebPage","@id":"https:\/\/blogdofarnesio.com.br\/?p=22354","url":"https:\/\/blogdofarnesio.com.br\/?p=22354","name":"N\u00c3O D\u00c1 PARA RECUAR\" - Blog do Farn\u00e9sio","isPartOf":{"@id":"https:\/\/blogdofarnesio.com.br\/#website"},"primaryImageOfPage":{"@id":"https:\/\/blogdofarnesio.com.br\/?p=22354#primaryimage"},"image":{"@id":"https:\/\/blogdofarnesio.com.br\/?p=22354#primaryimage"},"thumbnailUrl":"http:\/\/www.brasil247.com\/get_img?ImageWidth=988&amp;ImageId=174447","datePublished":"2013-01-06T15:00:03+00:00","breadcrumb":{"@id":"https:\/\/blogdofarnesio.com.br\/?p=22354#breadcrumb"},"inLanguage":"pt-BR","potentialAction":[{"@type":"ReadAction","target":["https:\/\/blogdofarnesio.com.br\/?p=22354"]}]},{"@type":"ImageObject","inLanguage":"pt-BR","@id":"https:\/\/blogdofarnesio.com.br\/?p=22354#primaryimage","url":"http:\/\/www.brasil247.com\/get_img?ImageWidth=988&amp;ImageId=174447","contentUrl":"http:\/\/www.brasil247.com\/get_img?ImageWidth=988&amp;ImageId=174447"},{"@type":"BreadcrumbList","@id":"https:\/\/blogdofarnesio.com.br\/?p=22354#breadcrumb","itemListElement":[{"@type":"ListItem","position":1,"name":"In\u00edcio","item":"https:\/\/blogdofarnesio.com.br\/"},{"@type":"ListItem","position":2,"name":"N\u00c3O D\u00c1 PARA RECUAR&#8221;"}]},{"@type":"WebSite","@id":"https:\/\/blogdofarnesio.com.br\/#website","url":"https:\/\/blogdofarnesio.com.br\/","name":"Blog do Farn\u00e9sio","description":"Quer Saber Pol\u00edtica?","publisher":{"@id":"https:\/\/blogdofarnesio.com.br\/#organization"},"potentialAction":[{"@type":"SearchAction","target":{"@type":"EntryPoint","urlTemplate":"https:\/\/blogdofarnesio.com.br\/?s={search_term_string}"},"query-input":{"@type":"PropertyValueSpecification","valueRequired":true,"valueName":"search_term_string"}}],"inLanguage":"pt-BR"},{"@type":"Organization","@id":"https:\/\/blogdofarnesio.com.br\/#organization","name":"Blog do Farn\u00e9sio","url":"https:\/\/blogdofarnesio.com.br\/","logo":{"@type":"ImageObject","inLanguage":"pt-BR","@id":"https:\/\/blogdofarnesio.com.br\/#\/schema\/logo\/image\/","url":"https:\/\/blogdofarnesio.com.br\/wp-content\/uploads\/2026\/03\/cropped-logo_new-1.png","contentUrl":"https:\/\/blogdofarnesio.com.br\/wp-content\/uploads\/2026\/03\/cropped-logo_new-1.png","width":881,"height":685,"caption":"Blog do Farn\u00e9sio"},"image":{"@id":"https:\/\/blogdofarnesio.com.br\/#\/schema\/logo\/image\/"},"sameAs":["https:\/\/www.facebook.com\/BlogQuerSaberPolitica\/"]},{"@type":"Person","@id":"https:\/\/blogdofarnesio.com.br\/#\/schema\/person\/dd1bf5eba40b687199ba45ca6b97dff9","name":"teste","image":{"@type":"ImageObject","inLanguage":"pt-BR","@id":"https:\/\/secure.gravatar.com\/avatar\/2172498d4914b51e1d89a0f97957b035ac4938723a5cac208135d389b6972a6d?s=96&d=mm&r=g","url":"https:\/\/secure.gravatar.com\/avatar\/2172498d4914b51e1d89a0f97957b035ac4938723a5cac208135d389b6972a6d?s=96&d=mm&r=g","contentUrl":"https:\/\/secure.gravatar.com\/avatar\/2172498d4914b51e1d89a0f97957b035ac4938723a5cac208135d389b6972a6d?s=96&d=mm&r=g","caption":"teste"},"url":"https:\/\/blogdofarnesio.com.br\/?author=3"}]}},"_links":{"self":[{"href":"https:\/\/blogdofarnesio.com.br\/index.php?rest_route=\/wp\/v2\/posts\/22354","targetHints":{"allow":["GET"]}}],"collection":[{"href":"https:\/\/blogdofarnesio.com.br\/index.php?rest_route=\/wp\/v2\/posts"}],"about":[{"href":"https:\/\/blogdofarnesio.com.br\/index.php?rest_route=\/wp\/v2\/types\/post"}],"author":[{"embeddable":true,"href":"https:\/\/blogdofarnesio.com.br\/index.php?rest_route=\/wp\/v2\/users\/3"}],"replies":[{"embeddable":true,"href":"https:\/\/blogdofarnesio.com.br\/index.php?rest_route=%2Fwp%2Fv2%2Fcomments&post=22354"}],"version-history":[{"count":0,"href":"https:\/\/blogdofarnesio.com.br\/index.php?rest_route=\/wp\/v2\/posts\/22354\/revisions"}],"wp:attachment":[{"href":"https:\/\/blogdofarnesio.com.br\/index.php?rest_route=%2Fwp%2Fv2%2Fmedia&parent=22354"}],"wp:term":[{"taxonomy":"category","embeddable":true,"href":"https:\/\/blogdofarnesio.com.br\/index.php?rest_route=%2Fwp%2Fv2%2Fcategories&post=22354"},{"taxonomy":"post_tag","embeddable":true,"href":"https:\/\/blogdofarnesio.com.br\/index.php?rest_route=%2Fwp%2Fv2%2Ftags&post=22354"}],"curies":[{"name":"wp","href":"https:\/\/api.w.org\/{rel}","templated":true}]}}