{"id":223455,"date":"2019-03-16T11:00:45","date_gmt":"2019-03-16T14:00:45","guid":{"rendered":"http:\/\/quersaberpolitica.com.br\/2016\/?p=223455"},"modified":"2019-03-16T10:13:39","modified_gmt":"2019-03-16T13:13:39","slug":"acusado-de-improbidade-defesa-de-nilo-coelho-nega-irregularidades-e-diz-que-ira-recorrer-de-decisao","status":"publish","type":"post","link":"https:\/\/blogdofarnesio.com.br\/2019\/03\/acusado-de-improbidade-defesa-de-nilo-coelho-nega-irregularidades-e-diz-que-ira-recorrer-de-decisao\/","title":{"rendered":"Acusado de improbidade, defesa de Nilo Coelho nega irregularidades e diz que ir\u00e1 recorrer de decis\u00e3o"},"content":{"rendered":"\n<p><strong>BA<\/strong> &#8211;  A defesa do ex-governador da Bahia, Nilo Coelho (PSDB), disse que vai recorrer da decis\u00e3o da 1\u00aa Vara da Justi\u00e7a Federal de Guanambi, que condenou o tucano por improbidade administrativa e suspendeu os direitos pol\u00edticos por cinco anos (<a rel=\"noreferrer noopener\" href=\"https:\/\/www.bahianoticias.com.br\/noticia\/233799-ex-governador-nilo-coelho-e-condenado-pela-justica-e-perde-direitos-politicos-por-5-anos.html\" target=\"_blank\">veja aqui<\/a>).<br><br>Os advogados argumentam que n\u00e3o h\u00e1 provas de que Nilo cometeu irregularidades na contrata\u00e7\u00e3o de caminh\u00f5es para execu\u00e7\u00e3o das obras na Prefeitura de Guanambi no ano de 2009.<br><br>&#8220;A senten\u00e7a reconhece n\u00e3o ter havido qualquer ind\u00edcio de malversa\u00e7\u00e3o do dinheiro p\u00fablico, julgando assim improcedente qualquer restitui\u00e7\u00e3o ao er\u00e1rio. De forma contradit\u00f3ria, pois, se n\u00e3o h\u00e1 preju\u00edzo n\u00e3o h\u00e1 o que se falar em improbidade, t\u00e3o pouco em ato doloso, houve a cassa\u00e7\u00e3o dos direitos pol\u00edticos dos r\u00e9us, o que ser\u00e1 objeto de recurso, uma vez que, o entendimento prevalecente \u00e9 o que, se n\u00e3o houve preju\u00edzo ao er\u00e1rio, n\u00e3o h\u00e1 o que se falar em improbidade administrativa e suspens\u00e3o dos direitos pol\u00edticos&#8221;, disse, por meio de nota.<br><br>A condena\u00e7\u00e3o tamb\u00e9m prev\u00ea multa em tr\u00eas vezes o valor da \u00faltima remunera\u00e7\u00e3o de seu cargo como prefeito. Coelho foi prefeito de Guanambi entre 1983 ao ano de 1986 e tamb\u00e9m no per\u00edodo entre 2005 e 2010.\u00a0<\/p>\n","protected":false},"excerpt":{"rendered":"<p>BA &#8211; A defesa do ex-governador da Bahia, Nilo Coelho (PSDB), disse que vai recorrer da decis\u00e3o da 1\u00aa Vara da Justi\u00e7a Federal de Guanambi, que condenou o tucano por improbidade administrativa e suspendeu os direitos pol\u00edticos por cinco anos (veja aqui). Os advogados argumentam que n\u00e3o h\u00e1 provas de que Nilo cometeu irregularidades na contrata\u00e7\u00e3o de caminh\u00f5es para execu\u00e7\u00e3o das obras na Prefeitura de Guanambi no ano de 2009. &#8220;A senten\u00e7a reconhece n\u00e3o ter havido qualquer ind\u00edcio de malversa\u00e7\u00e3o do dinheiro p\u00fablico, julgando assim improcedente qualquer restitui\u00e7\u00e3o ao er\u00e1rio. De forma contradit\u00f3ria, pois, se n\u00e3o h\u00e1 preju\u00edzo n\u00e3o h\u00e1 o que se falar em improbidade, t\u00e3o pouco em ato doloso, houve a cassa\u00e7\u00e3o dos direitos pol\u00edticos dos r\u00e9us, o&hellip; <\/p>\n","protected":false},"author":1,"featured_media":223456,"comment_status":"closed","ping_status":"closed","sticky":false,"template":"","format":"standard","meta":{"_acf_changed":false,"footnotes":""},"categories":[27],"tags":[],"class_list":["post-223455","post","type-post","status-publish","format-standard","has-post-thumbnail","hentry","category-cidades"],"acf":[],"yoast_head":"<!-- This site is optimized with the Yoast SEO plugin v27.5 - https:\/\/yoast.com\/product\/yoast-seo-wordpress\/ -->\n<title>Acusado de improbidade, defesa de Nilo Coelho nega irregularidades e diz que ir\u00e1 recorrer de decis\u00e3o - Blog do Farn\u00e9sio<\/title>\n<meta name=\"robots\" content=\"index, follow, max-snippet:-1, max-image-preview:large, max-video-preview:-1\" \/>\n<link rel=\"canonical\" href=\"https:\/\/blogdofarnesio.com.br\/2019\/03\/acusado-de-improbidade-defesa-de-nilo-coelho-nega-irregularidades-e-diz-que-ira-recorrer-de-decisao\/\" \/>\n<meta property=\"og:locale\" content=\"pt_BR\" \/>\n<meta property=\"og:type\" content=\"article\" \/>\n<meta property=\"og:title\" content=\"Acusado de improbidade, defesa de Nilo Coelho nega irregularidades e diz que ir\u00e1 recorrer de decis\u00e3o - Blog do Farn\u00e9sio\" \/>\n<meta property=\"og:description\" content=\"BA &#8211; A defesa do ex-governador da Bahia, Nilo Coelho (PSDB), disse que vai recorrer da decis\u00e3o da 1\u00aa Vara da Justi\u00e7a Federal de Guanambi, que condenou o tucano por improbidade administrativa e suspendeu os direitos pol\u00edticos por cinco anos (veja aqui). Os advogados argumentam que n\u00e3o h\u00e1 provas de que Nilo cometeu irregularidades na contrata\u00e7\u00e3o de caminh\u00f5es para execu\u00e7\u00e3o das obras na Prefeitura de Guanambi no ano de 2009. &#8220;A senten\u00e7a reconhece n\u00e3o ter havido qualquer ind\u00edcio de malversa\u00e7\u00e3o do dinheiro p\u00fablico, julgando assim improcedente qualquer restitui\u00e7\u00e3o ao er\u00e1rio. De forma contradit\u00f3ria, pois, se n\u00e3o h\u00e1 preju\u00edzo n\u00e3o h\u00e1 o que se falar em improbidade, t\u00e3o pouco em ato doloso, houve a cassa\u00e7\u00e3o dos direitos pol\u00edticos dos r\u00e9us, o&hellip;\" \/>\n<meta property=\"og:url\" content=\"https:\/\/blogdofarnesio.com.br\/2019\/03\/acusado-de-improbidade-defesa-de-nilo-coelho-nega-irregularidades-e-diz-que-ira-recorrer-de-decisao\/\" \/>\n<meta property=\"og:site_name\" content=\"Blog do Farn\u00e9sio\" \/>\n<meta property=\"article:publisher\" content=\"https:\/\/www.facebook.com\/BlogQuerSaberPolitica\/\" \/>\n<meta property=\"article:published_time\" content=\"2019-03-16T14:00:45+00:00\" \/>\n<meta property=\"og:image\" content=\"https:\/\/blogdofarnesio.com.br\/wp-content\/uploads\/2019\/03\/blogqspnilocoelho-ba.jpg\" \/>\n\t<meta property=\"og:image:width\" content=\"380\" \/>\n\t<meta property=\"og:image:height\" content=\"280\" \/>\n\t<meta property=\"og:image:type\" content=\"image\/jpeg\" \/>\n<meta name=\"author\" content=\"Farn\u00e9sio\" \/>\n<meta name=\"twitter:card\" content=\"summary_large_image\" \/>\n<meta name=\"twitter:label1\" content=\"Escrito por\" \/>\n\t<meta name=\"twitter:data1\" content=\"Farn\u00e9sio\" \/>\n\t<meta name=\"twitter:label2\" content=\"Est. tempo de leitura\" \/>\n\t<meta name=\"twitter:data2\" content=\"1 minuto\" \/>\n<script type=\"application\/ld+json\" class=\"yoast-schema-graph\">{\"@context\":\"https:\\\/\\\/schema.org\",\"@graph\":[{\"@type\":\"Article\",\"@id\":\"https:\\\/\\\/blogdofarnesio.com.br\\\/2019\\\/03\\\/acusado-de-improbidade-defesa-de-nilo-coelho-nega-irregularidades-e-diz-que-ira-recorrer-de-decisao\\\/#article\",\"isPartOf\":{\"@id\":\"https:\\\/\\\/blogdofarnesio.com.br\\\/2019\\\/03\\\/acusado-de-improbidade-defesa-de-nilo-coelho-nega-irregularidades-e-diz-que-ira-recorrer-de-decisao\\\/\"},\"author\":{\"name\":\"Farn\u00e9sio\",\"@id\":\"https:\\\/\\\/blogdofarnesio.com.br\\\/#\\\/schema\\\/person\\\/301c4acf522bccbfdb45af95b5b906a1\"},\"headline\":\"Acusado de improbidade, defesa de Nilo Coelho nega irregularidades e diz que ir\u00e1 recorrer de decis\u00e3o\",\"datePublished\":\"2019-03-16T14:00:45+00:00\",\"mainEntityOfPage\":{\"@id\":\"https:\\\/\\\/blogdofarnesio.com.br\\\/2019\\\/03\\\/acusado-de-improbidade-defesa-de-nilo-coelho-nega-irregularidades-e-diz-que-ira-recorrer-de-decisao\\\/\"},\"wordCount\":240,\"publisher\":{\"@id\":\"https:\\\/\\\/blogdofarnesio.com.br\\\/#organization\"},\"image\":{\"@id\":\"https:\\\/\\\/blogdofarnesio.com.br\\\/2019\\\/03\\\/acusado-de-improbidade-defesa-de-nilo-coelho-nega-irregularidades-e-diz-que-ira-recorrer-de-decisao\\\/#primaryimage\"},\"thumbnailUrl\":\"https:\\\/\\\/blogdofarnesio.com.br\\\/wp-content\\\/uploads\\\/2019\\\/03\\\/blogqspnilocoelho-ba.jpg\",\"articleSection\":[\"Cidades\"],\"inLanguage\":\"pt-BR\"},{\"@type\":\"WebPage\",\"@id\":\"https:\\\/\\\/blogdofarnesio.com.br\\\/2019\\\/03\\\/acusado-de-improbidade-defesa-de-nilo-coelho-nega-irregularidades-e-diz-que-ira-recorrer-de-decisao\\\/\",\"url\":\"https:\\\/\\\/blogdofarnesio.com.br\\\/2019\\\/03\\\/acusado-de-improbidade-defesa-de-nilo-coelho-nega-irregularidades-e-diz-que-ira-recorrer-de-decisao\\\/\",\"name\":\"Acusado de improbidade, defesa de Nilo Coelho nega irregularidades e diz que ir\u00e1 recorrer de decis\u00e3o - Blog do Farn\u00e9sio\",\"isPartOf\":{\"@id\":\"https:\\\/\\\/blogdofarnesio.com.br\\\/#website\"},\"primaryImageOfPage\":{\"@id\":\"https:\\\/\\\/blogdofarnesio.com.br\\\/2019\\\/03\\\/acusado-de-improbidade-defesa-de-nilo-coelho-nega-irregularidades-e-diz-que-ira-recorrer-de-decisao\\\/#primaryimage\"},\"image\":{\"@id\":\"https:\\\/\\\/blogdofarnesio.com.br\\\/2019\\\/03\\\/acusado-de-improbidade-defesa-de-nilo-coelho-nega-irregularidades-e-diz-que-ira-recorrer-de-decisao\\\/#primaryimage\"},\"thumbnailUrl\":\"https:\\\/\\\/blogdofarnesio.com.br\\\/wp-content\\\/uploads\\\/2019\\\/03\\\/blogqspnilocoelho-ba.jpg\",\"datePublished\":\"2019-03-16T14:00:45+00:00\",\"breadcrumb\":{\"@id\":\"https:\\\/\\\/blogdofarnesio.com.br\\\/2019\\\/03\\\/acusado-de-improbidade-defesa-de-nilo-coelho-nega-irregularidades-e-diz-que-ira-recorrer-de-decisao\\\/#breadcrumb\"},\"inLanguage\":\"pt-BR\",\"potentialAction\":[{\"@type\":\"ReadAction\",\"target\":[\"https:\\\/\\\/blogdofarnesio.com.br\\\/2019\\\/03\\\/acusado-de-improbidade-defesa-de-nilo-coelho-nega-irregularidades-e-diz-que-ira-recorrer-de-decisao\\\/\"]}]},{\"@type\":\"ImageObject\",\"inLanguage\":\"pt-BR\",\"@id\":\"https:\\\/\\\/blogdofarnesio.com.br\\\/2019\\\/03\\\/acusado-de-improbidade-defesa-de-nilo-coelho-nega-irregularidades-e-diz-que-ira-recorrer-de-decisao\\\/#primaryimage\",\"url\":\"https:\\\/\\\/blogdofarnesio.com.br\\\/wp-content\\\/uploads\\\/2019\\\/03\\\/blogqspnilocoelho-ba.jpg\",\"contentUrl\":\"https:\\\/\\\/blogdofarnesio.com.br\\\/wp-content\\\/uploads\\\/2019\\\/03\\\/blogqspnilocoelho-ba.jpg\",\"width\":380,\"height\":280},{\"@type\":\"BreadcrumbList\",\"@id\":\"https:\\\/\\\/blogdofarnesio.com.br\\\/2019\\\/03\\\/acusado-de-improbidade-defesa-de-nilo-coelho-nega-irregularidades-e-diz-que-ira-recorrer-de-decisao\\\/#breadcrumb\",\"itemListElement\":[{\"@type\":\"ListItem\",\"position\":1,\"name\":\"In\u00edcio\",\"item\":\"https:\\\/\\\/blogdofarnesio.com.br\\\/\"},{\"@type\":\"ListItem\",\"position\":2,\"name\":\"Acusado de improbidade, defesa de Nilo Coelho nega irregularidades e diz que ir\u00e1 recorrer de decis\u00e3o\"}]},{\"@type\":\"WebSite\",\"@id\":\"https:\\\/\\\/blogdofarnesio.com.br\\\/#website\",\"url\":\"https:\\\/\\\/blogdofarnesio.com.br\\\/\",\"name\":\"Blog do Farn\u00e9sio\",\"description\":\"Quer Saber Pol\u00edtica?\",\"publisher\":{\"@id\":\"https:\\\/\\\/blogdofarnesio.com.br\\\/#organization\"},\"potentialAction\":[{\"@type\":\"SearchAction\",\"target\":{\"@type\":\"EntryPoint\",\"urlTemplate\":\"https:\\\/\\\/blogdofarnesio.com.br\\\/?s={search_term_string}\"},\"query-input\":{\"@type\":\"PropertyValueSpecification\",\"valueRequired\":true,\"valueName\":\"search_term_string\"}}],\"inLanguage\":\"pt-BR\"},{\"@type\":\"Organization\",\"@id\":\"https:\\\/\\\/blogdofarnesio.com.br\\\/#organization\",\"name\":\"Blog do Farn\u00e9sio\",\"url\":\"https:\\\/\\\/blogdofarnesio.com.br\\\/\",\"logo\":{\"@type\":\"ImageObject\",\"inLanguage\":\"pt-BR\",\"@id\":\"https:\\\/\\\/blogdofarnesio.com.br\\\/#\\\/schema\\\/logo\\\/image\\\/\",\"url\":\"https:\\\/\\\/blogdofarnesio.com.br\\\/wp-content\\\/uploads\\\/2026\\\/03\\\/cropped-logo_new-1.png\",\"contentUrl\":\"https:\\\/\\\/blogdofarnesio.com.br\\\/wp-content\\\/uploads\\\/2026\\\/03\\\/cropped-logo_new-1.png\",\"width\":881,\"height\":685,\"caption\":\"Blog do Farn\u00e9sio\"},\"image\":{\"@id\":\"https:\\\/\\\/blogdofarnesio.com.br\\\/#\\\/schema\\\/logo\\\/image\\\/\"},\"sameAs\":[\"https:\\\/\\\/www.facebook.com\\\/BlogQuerSaberPolitica\\\/\"]},{\"@type\":\"Person\",\"@id\":\"https:\\\/\\\/blogdofarnesio.com.br\\\/#\\\/schema\\\/person\\\/301c4acf522bccbfdb45af95b5b906a1\",\"name\":\"Farn\u00e9sio\",\"image\":{\"@type\":\"ImageObject\",\"inLanguage\":\"pt-BR\",\"@id\":\"https:\\\/\\\/secure.gravatar.com\\\/avatar\\\/df0c9a14567c056f8ad6876ba5bbd1e3e2c48023eb6807342fc4663adf549f38?s=96&d=mm&r=g\",\"url\":\"https:\\\/\\\/secure.gravatar.com\\\/avatar\\\/df0c9a14567c056f8ad6876ba5bbd1e3e2c48023eb6807342fc4663adf549f38?s=96&d=mm&r=g\",\"contentUrl\":\"https:\\\/\\\/secure.gravatar.com\\\/avatar\\\/df0c9a14567c056f8ad6876ba5bbd1e3e2c48023eb6807342fc4663adf549f38?s=96&d=mm&r=g\",\"caption\":\"Farn\u00e9sio\"},\"sameAs\":[\"https:\\\/\\\/quersaberpolitica.com.br\"],\"url\":\"https:\\\/\\\/blogdofarnesio.com.br\\\/author\\\/farnesio\\\/\"}]}<\/script>\n<!-- \/ Yoast SEO plugin. -->","yoast_head_json":{"title":"Acusado de improbidade, defesa de Nilo Coelho nega irregularidades e diz que ir\u00e1 recorrer de decis\u00e3o - Blog do Farn\u00e9sio","robots":{"index":"index","follow":"follow","max-snippet":"max-snippet:-1","max-image-preview":"max-image-preview:large","max-video-preview":"max-video-preview:-1"},"canonical":"https:\/\/blogdofarnesio.com.br\/2019\/03\/acusado-de-improbidade-defesa-de-nilo-coelho-nega-irregularidades-e-diz-que-ira-recorrer-de-decisao\/","og_locale":"pt_BR","og_type":"article","og_title":"Acusado de improbidade, defesa de Nilo Coelho nega irregularidades e diz que ir\u00e1 recorrer de decis\u00e3o - Blog do Farn\u00e9sio","og_description":"BA &#8211; A defesa do ex-governador da Bahia, Nilo Coelho (PSDB), disse que vai recorrer da decis\u00e3o da 1\u00aa Vara da Justi\u00e7a Federal de Guanambi, que condenou o tucano por improbidade administrativa e suspendeu os direitos pol\u00edticos por cinco anos (veja aqui). Os advogados argumentam que n\u00e3o h\u00e1 provas de que Nilo cometeu irregularidades na contrata\u00e7\u00e3o de caminh\u00f5es para execu\u00e7\u00e3o das obras na Prefeitura de Guanambi no ano de 2009. &#8220;A senten\u00e7a reconhece n\u00e3o ter havido qualquer ind\u00edcio de malversa\u00e7\u00e3o do dinheiro p\u00fablico, julgando assim improcedente qualquer restitui\u00e7\u00e3o ao er\u00e1rio. De forma contradit\u00f3ria, pois, se n\u00e3o h\u00e1 preju\u00edzo n\u00e3o h\u00e1 o que se falar em improbidade, t\u00e3o pouco em ato doloso, houve a cassa\u00e7\u00e3o dos direitos pol\u00edticos dos r\u00e9us, o&hellip;","og_url":"https:\/\/blogdofarnesio.com.br\/2019\/03\/acusado-de-improbidade-defesa-de-nilo-coelho-nega-irregularidades-e-diz-que-ira-recorrer-de-decisao\/","og_site_name":"Blog do Farn\u00e9sio","article_publisher":"https:\/\/www.facebook.com\/BlogQuerSaberPolitica\/","article_published_time":"2019-03-16T14:00:45+00:00","og_image":[{"width":380,"height":280,"url":"https:\/\/blogdofarnesio.com.br\/wp-content\/uploads\/2019\/03\/blogqspnilocoelho-ba.jpg","type":"image\/jpeg"}],"author":"Farn\u00e9sio","twitter_card":"summary_large_image","twitter_misc":{"Escrito por":"Farn\u00e9sio","Est. tempo de leitura":"1 minuto"},"schema":{"@context":"https:\/\/schema.org","@graph":[{"@type":"Article","@id":"https:\/\/blogdofarnesio.com.br\/2019\/03\/acusado-de-improbidade-defesa-de-nilo-coelho-nega-irregularidades-e-diz-que-ira-recorrer-de-decisao\/#article","isPartOf":{"@id":"https:\/\/blogdofarnesio.com.br\/2019\/03\/acusado-de-improbidade-defesa-de-nilo-coelho-nega-irregularidades-e-diz-que-ira-recorrer-de-decisao\/"},"author":{"name":"Farn\u00e9sio","@id":"https:\/\/blogdofarnesio.com.br\/#\/schema\/person\/301c4acf522bccbfdb45af95b5b906a1"},"headline":"Acusado de improbidade, defesa de Nilo Coelho nega irregularidades e diz que ir\u00e1 recorrer de decis\u00e3o","datePublished":"2019-03-16T14:00:45+00:00","mainEntityOfPage":{"@id":"https:\/\/blogdofarnesio.com.br\/2019\/03\/acusado-de-improbidade-defesa-de-nilo-coelho-nega-irregularidades-e-diz-que-ira-recorrer-de-decisao\/"},"wordCount":240,"publisher":{"@id":"https:\/\/blogdofarnesio.com.br\/#organization"},"image":{"@id":"https:\/\/blogdofarnesio.com.br\/2019\/03\/acusado-de-improbidade-defesa-de-nilo-coelho-nega-irregularidades-e-diz-que-ira-recorrer-de-decisao\/#primaryimage"},"thumbnailUrl":"https:\/\/blogdofarnesio.com.br\/wp-content\/uploads\/2019\/03\/blogqspnilocoelho-ba.jpg","articleSection":["Cidades"],"inLanguage":"pt-BR"},{"@type":"WebPage","@id":"https:\/\/blogdofarnesio.com.br\/2019\/03\/acusado-de-improbidade-defesa-de-nilo-coelho-nega-irregularidades-e-diz-que-ira-recorrer-de-decisao\/","url":"https:\/\/blogdofarnesio.com.br\/2019\/03\/acusado-de-improbidade-defesa-de-nilo-coelho-nega-irregularidades-e-diz-que-ira-recorrer-de-decisao\/","name":"Acusado de improbidade, defesa de Nilo Coelho nega irregularidades e diz que ir\u00e1 recorrer de decis\u00e3o - Blog do Farn\u00e9sio","isPartOf":{"@id":"https:\/\/blogdofarnesio.com.br\/#website"},"primaryImageOfPage":{"@id":"https:\/\/blogdofarnesio.com.br\/2019\/03\/acusado-de-improbidade-defesa-de-nilo-coelho-nega-irregularidades-e-diz-que-ira-recorrer-de-decisao\/#primaryimage"},"image":{"@id":"https:\/\/blogdofarnesio.com.br\/2019\/03\/acusado-de-improbidade-defesa-de-nilo-coelho-nega-irregularidades-e-diz-que-ira-recorrer-de-decisao\/#primaryimage"},"thumbnailUrl":"https:\/\/blogdofarnesio.com.br\/wp-content\/uploads\/2019\/03\/blogqspnilocoelho-ba.jpg","datePublished":"2019-03-16T14:00:45+00:00","breadcrumb":{"@id":"https:\/\/blogdofarnesio.com.br\/2019\/03\/acusado-de-improbidade-defesa-de-nilo-coelho-nega-irregularidades-e-diz-que-ira-recorrer-de-decisao\/#breadcrumb"},"inLanguage":"pt-BR","potentialAction":[{"@type":"ReadAction","target":["https:\/\/blogdofarnesio.com.br\/2019\/03\/acusado-de-improbidade-defesa-de-nilo-coelho-nega-irregularidades-e-diz-que-ira-recorrer-de-decisao\/"]}]},{"@type":"ImageObject","inLanguage":"pt-BR","@id":"https:\/\/blogdofarnesio.com.br\/2019\/03\/acusado-de-improbidade-defesa-de-nilo-coelho-nega-irregularidades-e-diz-que-ira-recorrer-de-decisao\/#primaryimage","url":"https:\/\/blogdofarnesio.com.br\/wp-content\/uploads\/2019\/03\/blogqspnilocoelho-ba.jpg","contentUrl":"https:\/\/blogdofarnesio.com.br\/wp-content\/uploads\/2019\/03\/blogqspnilocoelho-ba.jpg","width":380,"height":280},{"@type":"BreadcrumbList","@id":"https:\/\/blogdofarnesio.com.br\/2019\/03\/acusado-de-improbidade-defesa-de-nilo-coelho-nega-irregularidades-e-diz-que-ira-recorrer-de-decisao\/#breadcrumb","itemListElement":[{"@type":"ListItem","position":1,"name":"In\u00edcio","item":"https:\/\/blogdofarnesio.com.br\/"},{"@type":"ListItem","position":2,"name":"Acusado de improbidade, defesa de Nilo Coelho nega irregularidades e diz que ir\u00e1 recorrer de decis\u00e3o"}]},{"@type":"WebSite","@id":"https:\/\/blogdofarnesio.com.br\/#website","url":"https:\/\/blogdofarnesio.com.br\/","name":"Blog do Farn\u00e9sio","description":"Quer Saber Pol\u00edtica?","publisher":{"@id":"https:\/\/blogdofarnesio.com.br\/#organization"},"potentialAction":[{"@type":"SearchAction","target":{"@type":"EntryPoint","urlTemplate":"https:\/\/blogdofarnesio.com.br\/?s={search_term_string}"},"query-input":{"@type":"PropertyValueSpecification","valueRequired":true,"valueName":"search_term_string"}}],"inLanguage":"pt-BR"},{"@type":"Organization","@id":"https:\/\/blogdofarnesio.com.br\/#organization","name":"Blog do Farn\u00e9sio","url":"https:\/\/blogdofarnesio.com.br\/","logo":{"@type":"ImageObject","inLanguage":"pt-BR","@id":"https:\/\/blogdofarnesio.com.br\/#\/schema\/logo\/image\/","url":"https:\/\/blogdofarnesio.com.br\/wp-content\/uploads\/2026\/03\/cropped-logo_new-1.png","contentUrl":"https:\/\/blogdofarnesio.com.br\/wp-content\/uploads\/2026\/03\/cropped-logo_new-1.png","width":881,"height":685,"caption":"Blog do Farn\u00e9sio"},"image":{"@id":"https:\/\/blogdofarnesio.com.br\/#\/schema\/logo\/image\/"},"sameAs":["https:\/\/www.facebook.com\/BlogQuerSaberPolitica\/"]},{"@type":"Person","@id":"https:\/\/blogdofarnesio.com.br\/#\/schema\/person\/301c4acf522bccbfdb45af95b5b906a1","name":"Farn\u00e9sio","image":{"@type":"ImageObject","inLanguage":"pt-BR","@id":"https:\/\/secure.gravatar.com\/avatar\/df0c9a14567c056f8ad6876ba5bbd1e3e2c48023eb6807342fc4663adf549f38?s=96&d=mm&r=g","url":"https:\/\/secure.gravatar.com\/avatar\/df0c9a14567c056f8ad6876ba5bbd1e3e2c48023eb6807342fc4663adf549f38?s=96&d=mm&r=g","contentUrl":"https:\/\/secure.gravatar.com\/avatar\/df0c9a14567c056f8ad6876ba5bbd1e3e2c48023eb6807342fc4663adf549f38?s=96&d=mm&r=g","caption":"Farn\u00e9sio"},"sameAs":["https:\/\/quersaberpolitica.com.br"],"url":"https:\/\/blogdofarnesio.com.br\/author\/farnesio\/"}]}},"_links":{"self":[{"href":"https:\/\/blogdofarnesio.com.br\/wp-json\/wp\/v2\/posts\/223455","targetHints":{"allow":["GET"]}}],"collection":[{"href":"https:\/\/blogdofarnesio.com.br\/wp-json\/wp\/v2\/posts"}],"about":[{"href":"https:\/\/blogdofarnesio.com.br\/wp-json\/wp\/v2\/types\/post"}],"author":[{"embeddable":true,"href":"https:\/\/blogdofarnesio.com.br\/wp-json\/wp\/v2\/users\/1"}],"replies":[{"embeddable":true,"href":"https:\/\/blogdofarnesio.com.br\/wp-json\/wp\/v2\/comments?post=223455"}],"version-history":[{"count":0,"href":"https:\/\/blogdofarnesio.com.br\/wp-json\/wp\/v2\/posts\/223455\/revisions"}],"wp:featuredmedia":[{"embeddable":true,"href":"https:\/\/blogdofarnesio.com.br\/wp-json\/wp\/v2\/media\/223456"}],"wp:attachment":[{"href":"https:\/\/blogdofarnesio.com.br\/wp-json\/wp\/v2\/media?parent=223455"}],"wp:term":[{"taxonomy":"category","embeddable":true,"href":"https:\/\/blogdofarnesio.com.br\/wp-json\/wp\/v2\/categories?post=223455"},{"taxonomy":"post_tag","embeddable":true,"href":"https:\/\/blogdofarnesio.com.br\/wp-json\/wp\/v2\/tags?post=223455"}],"curies":[{"name":"wp","href":"https:\/\/api.w.org\/{rel}","templated":true}]}}