{"id":223418,"date":"2019-03-16T08:30:51","date_gmt":"2019-03-16T11:30:51","guid":{"rendered":"http:\/\/quersaberpolitica.com.br\/2016\/?p=223418"},"modified":"2019-03-15T16:54:44","modified_gmt":"2019-03-15T19:54:44","slug":"governadores-do-ne-lancam-carta-contra-previdencia-e-politicas-de-bolsonaro","status":"publish","type":"post","link":"https:\/\/blogdofarnesio.com.br\/?p=223418","title":{"rendered":"Governadores do NE lan\u00e7am carta contra Previd\u00eancia e pol\u00edticas de Bolsonaro"},"content":{"rendered":"\n<p><a href=\"https:\/\/www.poder360.com.br\/author\/do-poder360\/\">PODER360<\/a>\u00a0<br><\/p>\n\n\n\n<p>Governadores do Nordeste lan\u00e7aram 1 violento manifesto contra as pol\u00edticas propostas pelo presidente Jair Bolsonaro. Assinada por 8 chefes de Executivos estaduais (Bahia, Cear\u00e1, Maranh\u00e3o, Para\u00edba, Pernambuco, Piau\u00ed, Rio Grande do Norte e Sergipe) e 1 vice-governador (Alagoas), o documento (<a href=\"https:\/\/static.poder360.com.br\/2019\/03\/Carta-dos-Governadores-do-Nordeste-14mar2019.pdf\" target=\"_blank\" rel=\"noreferrer noopener\">\u00edntegra<\/a>) \u00e9 contra aspectos relevantes da reforma da Previd\u00eancia, a favor do controle de armas e recha\u00e7a a emenda constitucional proposta pelo ministro Paulo Guedes (Economia) que torna n\u00e3o obrigat\u00f3ria a vincula\u00e7\u00e3o de gastos do Or\u00e7amento com educa\u00e7\u00e3o e sa\u00fade.<\/p>\n\n\n\n<p>Trata-se de 1 rev\u00e9s pol\u00edtico relevante para o Planalto, pois os governadores dizem pretender&nbsp;<em>\u201cdialogar com os 153 deputados federais e 27 senadores\u201d<\/em>&nbsp;da regi\u00e3o para pression\u00e1-los a votar no Congresso de acordo com o que descreve a \u201c<strong>Carta dos Governadores do Nordeste<\/strong>\u201d, lan\u00e7ada na 5\u00ba feira (14.mar.2019), em S\u00e3o Lu\u00eds, no Maranh\u00e3o.<\/p>\n\n\n\n<p>Al\u00e9m de posicionarem-se contra pol\u00edticas bolsonaristas, os governadores assinaram 1 protocolo que&nbsp;<em>\u201cresultar\u00e1 na cria\u00e7\u00e3o do Cons\u00f3rcio Nordeste\u201d<\/em>, uma entidade que ter\u00e1 fun\u00e7\u00f5es pol\u00edticas e jur\u00eddicas. A ideia \u00e9 amalgamar as a\u00e7\u00f5es dos chefes de Poderes Executivos da regi\u00e3o para que, juntos, tenham mais poder de barganha quando negociarem com o governo federal.<\/p>\n\n\n\n<p>Eis os principais t\u00f3picos propostos pelos governadores nordestinos:<\/p>\n\n\n\n<ul class=\"wp-block-list\"><li><strong>Capitaliza\u00e7\u00e3o na Previd\u00eancia<\/strong>&nbsp;\u2013&nbsp;<em>\u201cconsideramos ser imprescind\u00edvel retirar da proposta a previs\u00e3o do chamado regime de capitaliza\u00e7\u00e3o, pois isso pode inclusive piorar as contas do sistema vigente, al\u00e9m d ser socialmente injusto com os que t\u00eam menor capacidade contributiva para fundos privados\u201d<\/em>;<\/li><li><strong>Bancos devem salvar Previd\u00eancia<\/strong>&nbsp;\u2013&nbsp;<em>\u201cem lugar de medidas contra os mais fr\u00e1geis, consideramos ser fundamental que setores como o capital financeiro sejam chamados a contribuir de modo mais justo com o equil\u00edbrio da Previd\u00eancia brasileira\u201d;<\/em><\/li><li><strong>Desvincula\u00e7\u00e3o de receitas<\/strong>&nbsp;\u2013 \u201cn\u00e3o concordamos com a ideia de desvincula\u00e7\u00f5es de receitas para fazer face \u00e0s despesas obrigat\u00f3rias com sa\u00fade, educa\u00e7\u00e3o e fundos constitucionais, que resultariam em redu\u00e7\u00e3o de importantes pol\u00edticas p\u00fablicas. Em vez disso, desejamos discutir realmente o Pacto Federativo, inclusive no tocante \u00e0 reparti\u00e7\u00e3o constitucional de receitas e compet\u00eancias\u201d;<\/li><li><strong>Armas&nbsp;<\/strong>\u2013 \u201cdefendemos o atual Estatuto do Desarmamento e somos contr\u00e1rios a regras que ampliem a circula\u00e7\u00e3o de armas, mediante posse e porte de armas.<em>&nbsp;Trag\u00e9dias como o assassinato da vereadora Marielle e a de Suzano, no Estado de S\u00e3o Paulo, mostram que armas servem para matar e aumentar viol\u00eancia na sociedade\u201d<\/em>.<\/li><\/ul>\n\n\n\n<figure class=\"wp-block-image\"><img decoding=\"async\" src=\"https:\/\/static.poder360.com.br\/2019\/03\/Governadores-NE-14mar2019-FB-RuiCosta-Bahia-5-1-1.jpg\" alt=\"\"\/><\/figure>\n\n\n\n<h1 class=\"wp-block-heading\">Governadores do Nordeste<\/h1>\n\n\n\n<p>18 Fotos<\/p>\n\n\n\n<p>Veja a galeria completa\u203a<\/p>\n\n\n\n<h2 class=\"wp-block-heading\"><strong>POR QUE ISSO \u00c9 IMPORTANTE<\/strong><\/h2>\n\n\n\n<p>A disposi\u00e7\u00e3o dos governadores de pressionar deputados e senadores \u00e9 limitada (porque n\u00e3o t\u00eam cargos nem verbas para distribuir, pois os Estados est\u00e3o quebrados). Mas podem fazer carga no jogo pol\u00edtico, com campanhas locais sobre quem s\u00e3o os \u201c<em>congressistas que votam contra o Nordeste<\/em>\u201d, narrativa que ser\u00e1 certamente usada. Esse tipo de a\u00e7\u00e3o teria poder nefando contra o Pal\u00e1cio do Planalto, que luta para construir uma maioria no Legislativo e aprovar reformas relevantes.<\/p>\n\n\n\n<p>Essa \u201c<strong>Carta dos Governadores do Nordeste<\/strong>\u201d defende quase todas as principais pol\u00edticas combatidas por Bolsonaro e sua equipe econ\u00f4mica.<\/p>\n\n\n\n<p>O Planalto tem uma arma potente para reagir: cooptar os deputados e senadores na base da distribui\u00e7\u00e3o e cargos federais nos Estados e libera\u00e7\u00e3o de dinheiro para pagar emendas ao Or\u00e7amento de interesse de congressistas.<\/p>\n\n\n\n<p>Ocorre que essa pr\u00e1tica fisiol\u00f3gica tradicional embute risco. Primeiro, contraria o discurso de Bolsonaro durante a campanha de 2018. Segundo, trata-se de opera\u00e7\u00e3o lenta (para escolher pessoas, nomear e ver resultados nos placares de vota\u00e7\u00e3o da C\u00e2mara e do Senado).<\/p>\n\n\n\n<p>A conjuntura que se forma indica que a previs\u00e3o de Jair Bolsonaro de&nbsp;<a href=\"https:\/\/www.poder360.com.br\/congresso\/previdencia-passa-no-1o-semestre-na-camara-e-no-senado-diz-bolsonaro\/\" target=\"_blank\" rel=\"noreferrer noopener\">aprovar a reforma da Previd\u00eancia ainda no 1\u00ba semestre de 2019<\/a>&nbsp;(nas duas Casas do Congresso) vai ficando dif\u00edcil. Para manter essa expectativa vi\u00e1vel o Planalto teria de reagir com mais celeridade \u2013o que ainda n\u00e3o \u00e9 poss\u00edvel detectar neste momento.<\/p>\n","protected":false},"excerpt":{"rendered":"<p>PODER360\u00a0 Governadores do Nordeste lan\u00e7aram 1 violento manifesto contra as pol\u00edticas propostas pelo presidente Jair Bolsonaro. Assinada por 8 chefes de Executivos estaduais (Bahia, Cear\u00e1, Maranh\u00e3o, Para\u00edba, Pernambuco, Piau\u00ed, Rio Grande do Norte e Sergipe) e 1 vice-governador (Alagoas), o documento (\u00edntegra) \u00e9 contra aspectos relevantes da reforma da Previd\u00eancia, a favor do controle de armas e recha\u00e7a a emenda constitucional proposta pelo ministro Paulo Guedes (Economia) que torna n\u00e3o obrigat\u00f3ria a vincula\u00e7\u00e3o de gastos do Or\u00e7amento com educa\u00e7\u00e3o e sa\u00fade. Trata-se de 1 rev\u00e9s pol\u00edtico relevante para o Planalto, pois os governadores dizem pretender&nbsp;\u201cdialogar com os 153 deputados federais e 27 senadores\u201d&nbsp;da regi\u00e3o para pression\u00e1-los a votar no Congresso de acordo com o que descreve a \u201cCarta dos Governadores&hellip; <\/p>\n","protected":false},"author":1,"featured_media":223419,"comment_status":"closed","ping_status":"closed","sticky":false,"template":"","format":"standard","meta":{"_acf_changed":false,"footnotes":""},"categories":[1],"tags":[],"class_list":["post-223418","post","type-post","status-publish","format-standard","has-post-thumbnail","hentry","category-politica"],"acf":[],"yoast_head":"<!-- This site is optimized with the Yoast SEO plugin v27.4 - https:\/\/yoast.com\/product\/yoast-seo-wordpress\/ -->\n<title>Governadores do NE lan\u00e7am carta contra Previd\u00eancia e pol\u00edticas de Bolsonaro - Blog do Farn\u00e9sio<\/title>\n<meta name=\"robots\" content=\"index, follow, max-snippet:-1, max-image-preview:large, max-video-preview:-1\" \/>\n<link rel=\"canonical\" href=\"https:\/\/blogdofarnesio.com.br\/?p=223418\" \/>\n<meta property=\"og:locale\" content=\"pt_BR\" \/>\n<meta property=\"og:type\" content=\"article\" \/>\n<meta property=\"og:title\" content=\"Governadores do NE lan\u00e7am carta contra Previd\u00eancia e pol\u00edticas de Bolsonaro - Blog do Farn\u00e9sio\" \/>\n<meta property=\"og:description\" content=\"PODER360\u00a0 Governadores do Nordeste lan\u00e7aram 1 violento manifesto contra as pol\u00edticas propostas pelo presidente Jair Bolsonaro. Assinada por 8 chefes de Executivos estaduais (Bahia, Cear\u00e1, Maranh\u00e3o, Para\u00edba, Pernambuco, Piau\u00ed, Rio Grande do Norte e Sergipe) e 1 vice-governador (Alagoas), o documento (\u00edntegra) \u00e9 contra aspectos relevantes da reforma da Previd\u00eancia, a favor do controle de armas e recha\u00e7a a emenda constitucional proposta pelo ministro Paulo Guedes (Economia) que torna n\u00e3o obrigat\u00f3ria a vincula\u00e7\u00e3o de gastos do Or\u00e7amento com educa\u00e7\u00e3o e sa\u00fade. Trata-se de 1 rev\u00e9s pol\u00edtico relevante para o Planalto, pois os governadores dizem pretender&nbsp;\u201cdialogar com os 153 deputados federais e 27 senadores\u201d&nbsp;da regi\u00e3o para pression\u00e1-los a votar no Congresso de acordo com o que descreve a \u201cCarta dos Governadores&hellip;\" \/>\n<meta property=\"og:url\" content=\"https:\/\/blogdofarnesio.com.br\/?p=223418\" \/>\n<meta property=\"og:site_name\" content=\"Blog do Farn\u00e9sio\" \/>\n<meta property=\"article:publisher\" content=\"https:\/\/www.facebook.com\/BlogQuerSaberPolitica\/\" \/>\n<meta property=\"article:published_time\" content=\"2019-03-16T11:30:51+00:00\" \/>\n<meta property=\"og:image\" content=\"https:\/\/blogdofarnesio.com.br\/wp-content\/uploads\/2019\/03\/blogqspgovernadores-do-nordeste.png\" \/>\n\t<meta property=\"og:image:width\" content=\"868\" \/>\n\t<meta property=\"og:image:height\" content=\"644\" \/>\n\t<meta property=\"og:image:type\" content=\"image\/png\" \/>\n<meta name=\"author\" content=\"Farn\u00e9sio\" \/>\n<meta name=\"twitter:card\" content=\"summary_large_image\" \/>\n<meta name=\"twitter:label1\" content=\"Escrito por\" \/>\n\t<meta name=\"twitter:data1\" content=\"Farn\u00e9sio\" \/>\n\t<meta name=\"twitter:label2\" content=\"Est. tempo de leitura\" \/>\n\t<meta name=\"twitter:data2\" content=\"3 minutos\" \/>\n<script type=\"application\/ld+json\" class=\"yoast-schema-graph\">{\"@context\":\"https:\\\/\\\/schema.org\",\"@graph\":[{\"@type\":\"Article\",\"@id\":\"https:\\\/\\\/blogdofarnesio.com.br\\\/?p=223418#article\",\"isPartOf\":{\"@id\":\"https:\\\/\\\/blogdofarnesio.com.br\\\/?p=223418\"},\"author\":{\"name\":\"Farn\u00e9sio\",\"@id\":\"https:\\\/\\\/blogdofarnesio.com.br\\\/#\\\/schema\\\/person\\\/301c4acf522bccbfdb45af95b5b906a1\"},\"headline\":\"Governadores do NE lan\u00e7am carta contra Previd\u00eancia e pol\u00edticas de Bolsonaro\",\"datePublished\":\"2019-03-16T11:30:51+00:00\",\"mainEntityOfPage\":{\"@id\":\"https:\\\/\\\/blogdofarnesio.com.br\\\/?p=223418\"},\"wordCount\":697,\"publisher\":{\"@id\":\"https:\\\/\\\/blogdofarnesio.com.br\\\/#organization\"},\"image\":{\"@id\":\"https:\\\/\\\/blogdofarnesio.com.br\\\/?p=223418#primaryimage\"},\"thumbnailUrl\":\"https:\\\/\\\/blogdofarnesio.com.br\\\/wp-content\\\/uploads\\\/2019\\\/03\\\/blogqspgovernadores-do-nordeste.png\",\"articleSection\":[\"Pol\u00edtica\"],\"inLanguage\":\"pt-BR\"},{\"@type\":\"WebPage\",\"@id\":\"https:\\\/\\\/blogdofarnesio.com.br\\\/?p=223418\",\"url\":\"https:\\\/\\\/blogdofarnesio.com.br\\\/?p=223418\",\"name\":\"Governadores do NE lan\u00e7am carta contra Previd\u00eancia e pol\u00edticas de Bolsonaro - Blog do Farn\u00e9sio\",\"isPartOf\":{\"@id\":\"https:\\\/\\\/blogdofarnesio.com.br\\\/#website\"},\"primaryImageOfPage\":{\"@id\":\"https:\\\/\\\/blogdofarnesio.com.br\\\/?p=223418#primaryimage\"},\"image\":{\"@id\":\"https:\\\/\\\/blogdofarnesio.com.br\\\/?p=223418#primaryimage\"},\"thumbnailUrl\":\"https:\\\/\\\/blogdofarnesio.com.br\\\/wp-content\\\/uploads\\\/2019\\\/03\\\/blogqspgovernadores-do-nordeste.png\",\"datePublished\":\"2019-03-16T11:30:51+00:00\",\"breadcrumb\":{\"@id\":\"https:\\\/\\\/blogdofarnesio.com.br\\\/?p=223418#breadcrumb\"},\"inLanguage\":\"pt-BR\",\"potentialAction\":[{\"@type\":\"ReadAction\",\"target\":[\"https:\\\/\\\/blogdofarnesio.com.br\\\/?p=223418\"]}]},{\"@type\":\"ImageObject\",\"inLanguage\":\"pt-BR\",\"@id\":\"https:\\\/\\\/blogdofarnesio.com.br\\\/?p=223418#primaryimage\",\"url\":\"https:\\\/\\\/blogdofarnesio.com.br\\\/wp-content\\\/uploads\\\/2019\\\/03\\\/blogqspgovernadores-do-nordeste.png\",\"contentUrl\":\"https:\\\/\\\/blogdofarnesio.com.br\\\/wp-content\\\/uploads\\\/2019\\\/03\\\/blogqspgovernadores-do-nordeste.png\",\"width\":868,\"height\":644},{\"@type\":\"BreadcrumbList\",\"@id\":\"https:\\\/\\\/blogdofarnesio.com.br\\\/?p=223418#breadcrumb\",\"itemListElement\":[{\"@type\":\"ListItem\",\"position\":1,\"name\":\"In\u00edcio\",\"item\":\"https:\\\/\\\/blogdofarnesio.com.br\\\/\"},{\"@type\":\"ListItem\",\"position\":2,\"name\":\"Governadores do NE lan\u00e7am carta contra Previd\u00eancia e pol\u00edticas de Bolsonaro\"}]},{\"@type\":\"WebSite\",\"@id\":\"https:\\\/\\\/blogdofarnesio.com.br\\\/#website\",\"url\":\"https:\\\/\\\/blogdofarnesio.com.br\\\/\",\"name\":\"Blog do Farn\u00e9sio\",\"description\":\"Quer Saber Pol\u00edtica?\",\"publisher\":{\"@id\":\"https:\\\/\\\/blogdofarnesio.com.br\\\/#organization\"},\"potentialAction\":[{\"@type\":\"SearchAction\",\"target\":{\"@type\":\"EntryPoint\",\"urlTemplate\":\"https:\\\/\\\/blogdofarnesio.com.br\\\/?s={search_term_string}\"},\"query-input\":{\"@type\":\"PropertyValueSpecification\",\"valueRequired\":true,\"valueName\":\"search_term_string\"}}],\"inLanguage\":\"pt-BR\"},{\"@type\":\"Organization\",\"@id\":\"https:\\\/\\\/blogdofarnesio.com.br\\\/#organization\",\"name\":\"Blog do Farn\u00e9sio\",\"url\":\"https:\\\/\\\/blogdofarnesio.com.br\\\/\",\"logo\":{\"@type\":\"ImageObject\",\"inLanguage\":\"pt-BR\",\"@id\":\"https:\\\/\\\/blogdofarnesio.com.br\\\/#\\\/schema\\\/logo\\\/image\\\/\",\"url\":\"https:\\\/\\\/blogdofarnesio.com.br\\\/wp-content\\\/uploads\\\/2026\\\/03\\\/cropped-logo_new-1.png\",\"contentUrl\":\"https:\\\/\\\/blogdofarnesio.com.br\\\/wp-content\\\/uploads\\\/2026\\\/03\\\/cropped-logo_new-1.png\",\"width\":881,\"height\":685,\"caption\":\"Blog do Farn\u00e9sio\"},\"image\":{\"@id\":\"https:\\\/\\\/blogdofarnesio.com.br\\\/#\\\/schema\\\/logo\\\/image\\\/\"},\"sameAs\":[\"https:\\\/\\\/www.facebook.com\\\/BlogQuerSaberPolitica\\\/\"]},{\"@type\":\"Person\",\"@id\":\"https:\\\/\\\/blogdofarnesio.com.br\\\/#\\\/schema\\\/person\\\/301c4acf522bccbfdb45af95b5b906a1\",\"name\":\"Farn\u00e9sio\",\"image\":{\"@type\":\"ImageObject\",\"inLanguage\":\"pt-BR\",\"@id\":\"https:\\\/\\\/secure.gravatar.com\\\/avatar\\\/df0c9a14567c056f8ad6876ba5bbd1e3e2c48023eb6807342fc4663adf549f38?s=96&d=mm&r=g\",\"url\":\"https:\\\/\\\/secure.gravatar.com\\\/avatar\\\/df0c9a14567c056f8ad6876ba5bbd1e3e2c48023eb6807342fc4663adf549f38?s=96&d=mm&r=g\",\"contentUrl\":\"https:\\\/\\\/secure.gravatar.com\\\/avatar\\\/df0c9a14567c056f8ad6876ba5bbd1e3e2c48023eb6807342fc4663adf549f38?s=96&d=mm&r=g\",\"caption\":\"Farn\u00e9sio\"},\"sameAs\":[\"https:\\\/\\\/quersaberpolitica.com.br\"],\"url\":\"https:\\\/\\\/blogdofarnesio.com.br\\\/?author=1\"}]}<\/script>\n<!-- \/ Yoast SEO plugin. -->","yoast_head_json":{"title":"Governadores do NE lan\u00e7am carta contra Previd\u00eancia e pol\u00edticas de Bolsonaro - Blog do Farn\u00e9sio","robots":{"index":"index","follow":"follow","max-snippet":"max-snippet:-1","max-image-preview":"max-image-preview:large","max-video-preview":"max-video-preview:-1"},"canonical":"https:\/\/blogdofarnesio.com.br\/?p=223418","og_locale":"pt_BR","og_type":"article","og_title":"Governadores do NE lan\u00e7am carta contra Previd\u00eancia e pol\u00edticas de Bolsonaro - Blog do Farn\u00e9sio","og_description":"PODER360\u00a0 Governadores do Nordeste lan\u00e7aram 1 violento manifesto contra as pol\u00edticas propostas pelo presidente Jair Bolsonaro. Assinada por 8 chefes de Executivos estaduais (Bahia, Cear\u00e1, Maranh\u00e3o, Para\u00edba, Pernambuco, Piau\u00ed, Rio Grande do Norte e Sergipe) e 1 vice-governador (Alagoas), o documento (\u00edntegra) \u00e9 contra aspectos relevantes da reforma da Previd\u00eancia, a favor do controle de armas e recha\u00e7a a emenda constitucional proposta pelo ministro Paulo Guedes (Economia) que torna n\u00e3o obrigat\u00f3ria a vincula\u00e7\u00e3o de gastos do Or\u00e7amento com educa\u00e7\u00e3o e sa\u00fade. Trata-se de 1 rev\u00e9s pol\u00edtico relevante para o Planalto, pois os governadores dizem pretender&nbsp;\u201cdialogar com os 153 deputados federais e 27 senadores\u201d&nbsp;da regi\u00e3o para pression\u00e1-los a votar no Congresso de acordo com o que descreve a \u201cCarta dos Governadores&hellip;","og_url":"https:\/\/blogdofarnesio.com.br\/?p=223418","og_site_name":"Blog do Farn\u00e9sio","article_publisher":"https:\/\/www.facebook.com\/BlogQuerSaberPolitica\/","article_published_time":"2019-03-16T11:30:51+00:00","og_image":[{"width":868,"height":644,"url":"https:\/\/blogdofarnesio.com.br\/wp-content\/uploads\/2019\/03\/blogqspgovernadores-do-nordeste.png","type":"image\/png"}],"author":"Farn\u00e9sio","twitter_card":"summary_large_image","twitter_misc":{"Escrito por":"Farn\u00e9sio","Est. tempo de leitura":"3 minutos"},"schema":{"@context":"https:\/\/schema.org","@graph":[{"@type":"Article","@id":"https:\/\/blogdofarnesio.com.br\/?p=223418#article","isPartOf":{"@id":"https:\/\/blogdofarnesio.com.br\/?p=223418"},"author":{"name":"Farn\u00e9sio","@id":"https:\/\/blogdofarnesio.com.br\/#\/schema\/person\/301c4acf522bccbfdb45af95b5b906a1"},"headline":"Governadores do NE lan\u00e7am carta contra Previd\u00eancia e pol\u00edticas de Bolsonaro","datePublished":"2019-03-16T11:30:51+00:00","mainEntityOfPage":{"@id":"https:\/\/blogdofarnesio.com.br\/?p=223418"},"wordCount":697,"publisher":{"@id":"https:\/\/blogdofarnesio.com.br\/#organization"},"image":{"@id":"https:\/\/blogdofarnesio.com.br\/?p=223418#primaryimage"},"thumbnailUrl":"https:\/\/blogdofarnesio.com.br\/wp-content\/uploads\/2019\/03\/blogqspgovernadores-do-nordeste.png","articleSection":["Pol\u00edtica"],"inLanguage":"pt-BR"},{"@type":"WebPage","@id":"https:\/\/blogdofarnesio.com.br\/?p=223418","url":"https:\/\/blogdofarnesio.com.br\/?p=223418","name":"Governadores do NE lan\u00e7am carta contra Previd\u00eancia e pol\u00edticas de Bolsonaro - Blog do Farn\u00e9sio","isPartOf":{"@id":"https:\/\/blogdofarnesio.com.br\/#website"},"primaryImageOfPage":{"@id":"https:\/\/blogdofarnesio.com.br\/?p=223418#primaryimage"},"image":{"@id":"https:\/\/blogdofarnesio.com.br\/?p=223418#primaryimage"},"thumbnailUrl":"https:\/\/blogdofarnesio.com.br\/wp-content\/uploads\/2019\/03\/blogqspgovernadores-do-nordeste.png","datePublished":"2019-03-16T11:30:51+00:00","breadcrumb":{"@id":"https:\/\/blogdofarnesio.com.br\/?p=223418#breadcrumb"},"inLanguage":"pt-BR","potentialAction":[{"@type":"ReadAction","target":["https:\/\/blogdofarnesio.com.br\/?p=223418"]}]},{"@type":"ImageObject","inLanguage":"pt-BR","@id":"https:\/\/blogdofarnesio.com.br\/?p=223418#primaryimage","url":"https:\/\/blogdofarnesio.com.br\/wp-content\/uploads\/2019\/03\/blogqspgovernadores-do-nordeste.png","contentUrl":"https:\/\/blogdofarnesio.com.br\/wp-content\/uploads\/2019\/03\/blogqspgovernadores-do-nordeste.png","width":868,"height":644},{"@type":"BreadcrumbList","@id":"https:\/\/blogdofarnesio.com.br\/?p=223418#breadcrumb","itemListElement":[{"@type":"ListItem","position":1,"name":"In\u00edcio","item":"https:\/\/blogdofarnesio.com.br\/"},{"@type":"ListItem","position":2,"name":"Governadores do NE lan\u00e7am carta contra Previd\u00eancia e pol\u00edticas de Bolsonaro"}]},{"@type":"WebSite","@id":"https:\/\/blogdofarnesio.com.br\/#website","url":"https:\/\/blogdofarnesio.com.br\/","name":"Blog do Farn\u00e9sio","description":"Quer Saber Pol\u00edtica?","publisher":{"@id":"https:\/\/blogdofarnesio.com.br\/#organization"},"potentialAction":[{"@type":"SearchAction","target":{"@type":"EntryPoint","urlTemplate":"https:\/\/blogdofarnesio.com.br\/?s={search_term_string}"},"query-input":{"@type":"PropertyValueSpecification","valueRequired":true,"valueName":"search_term_string"}}],"inLanguage":"pt-BR"},{"@type":"Organization","@id":"https:\/\/blogdofarnesio.com.br\/#organization","name":"Blog do Farn\u00e9sio","url":"https:\/\/blogdofarnesio.com.br\/","logo":{"@type":"ImageObject","inLanguage":"pt-BR","@id":"https:\/\/blogdofarnesio.com.br\/#\/schema\/logo\/image\/","url":"https:\/\/blogdofarnesio.com.br\/wp-content\/uploads\/2026\/03\/cropped-logo_new-1.png","contentUrl":"https:\/\/blogdofarnesio.com.br\/wp-content\/uploads\/2026\/03\/cropped-logo_new-1.png","width":881,"height":685,"caption":"Blog do Farn\u00e9sio"},"image":{"@id":"https:\/\/blogdofarnesio.com.br\/#\/schema\/logo\/image\/"},"sameAs":["https:\/\/www.facebook.com\/BlogQuerSaberPolitica\/"]},{"@type":"Person","@id":"https:\/\/blogdofarnesio.com.br\/#\/schema\/person\/301c4acf522bccbfdb45af95b5b906a1","name":"Farn\u00e9sio","image":{"@type":"ImageObject","inLanguage":"pt-BR","@id":"https:\/\/secure.gravatar.com\/avatar\/df0c9a14567c056f8ad6876ba5bbd1e3e2c48023eb6807342fc4663adf549f38?s=96&d=mm&r=g","url":"https:\/\/secure.gravatar.com\/avatar\/df0c9a14567c056f8ad6876ba5bbd1e3e2c48023eb6807342fc4663adf549f38?s=96&d=mm&r=g","contentUrl":"https:\/\/secure.gravatar.com\/avatar\/df0c9a14567c056f8ad6876ba5bbd1e3e2c48023eb6807342fc4663adf549f38?s=96&d=mm&r=g","caption":"Farn\u00e9sio"},"sameAs":["https:\/\/quersaberpolitica.com.br"],"url":"https:\/\/blogdofarnesio.com.br\/?author=1"}]}},"_links":{"self":[{"href":"https:\/\/blogdofarnesio.com.br\/index.php?rest_route=\/wp\/v2\/posts\/223418","targetHints":{"allow":["GET"]}}],"collection":[{"href":"https:\/\/blogdofarnesio.com.br\/index.php?rest_route=\/wp\/v2\/posts"}],"about":[{"href":"https:\/\/blogdofarnesio.com.br\/index.php?rest_route=\/wp\/v2\/types\/post"}],"author":[{"embeddable":true,"href":"https:\/\/blogdofarnesio.com.br\/index.php?rest_route=\/wp\/v2\/users\/1"}],"replies":[{"embeddable":true,"href":"https:\/\/blogdofarnesio.com.br\/index.php?rest_route=%2Fwp%2Fv2%2Fcomments&post=223418"}],"version-history":[{"count":0,"href":"https:\/\/blogdofarnesio.com.br\/index.php?rest_route=\/wp\/v2\/posts\/223418\/revisions"}],"wp:featuredmedia":[{"embeddable":true,"href":"https:\/\/blogdofarnesio.com.br\/index.php?rest_route=\/wp\/v2\/media\/223419"}],"wp:attachment":[{"href":"https:\/\/blogdofarnesio.com.br\/index.php?rest_route=%2Fwp%2Fv2%2Fmedia&parent=223418"}],"wp:term":[{"taxonomy":"category","embeddable":true,"href":"https:\/\/blogdofarnesio.com.br\/index.php?rest_route=%2Fwp%2Fv2%2Fcategories&post=223418"},{"taxonomy":"post_tag","embeddable":true,"href":"https:\/\/blogdofarnesio.com.br\/index.php?rest_route=%2Fwp%2Fv2%2Ftags&post=223418"}],"curies":[{"name":"wp","href":"https:\/\/api.w.org\/{rel}","templated":true}]}}