{"id":223403,"date":"2019-03-16T09:00:01","date_gmt":"2019-03-16T12:00:01","guid":{"rendered":"http:\/\/quersaberpolitica.com.br\/2016\/?p=223403"},"modified":"2019-03-15T18:52:11","modified_gmt":"2019-03-15T21:52:11","slug":"oficina-da-meta-1-do-parque-fluvial-discute-acessibilidade-em-passeio-de-barco-pelo-rio-sao-francisco","status":"publish","type":"post","link":"https:\/\/blogdofarnesio.com.br\/?p=223403","title":{"rendered":"OFICINA DA META 1 DO PARQUE FLUVIAL DISCUTE ACESSIBILIDADE EM PASSEIO DE BARCO PELO RIO S\u00c3O FRANCISCO"},"content":{"rendered":"\n<p>Ontem (15), cerca de 80 pessoas, muitos idosos e pessoas com defici\u00eancia, tiveram a oportunidade de conhecer a obra do Parque Fluvial navegando pelo Rio S\u00e3o Francisco. A comunidade foi convidada pela Prefeitura de Juazeiro, atrav\u00e9s da Secretaria de Obras e Desenvolvimento Urbano (SEDUR), a participar de mais uma oficina da Meta 1 do Parque Fluvial para discutir o projeto de acessibilidade e mobilidade do equipamento e apresentar suas sugest\u00f5es.<\/p>\n\n\n\n<p>A oficina &#8216;A\u00e7\u00e3o para conscientiza\u00e7\u00e3o de acessibilidade e mobilidade f\u00edsica&#8217; foi coordenada pela Projesol, empresa contratada pela Prefeitura, atrav\u00e9s de processo licitat\u00f3rio, para desenvolver as atividades da Meta 1, que prev\u00ea uma s\u00e9rie de a\u00e7\u00f5es sociais realizadas paralelamente a execu\u00e7\u00e3o da obra. \u201cEssa \u00e9 a quinta atividade e tem como objetivo discutir o projeto de revitaliza\u00e7\u00e3o da Orla, possibilitando uma constru\u00e7\u00e3o coletiva. Abrimos esse espa\u00e7o para que as pessoas nos ajudem a construir e a cuidar desse equipamento que \u00e9 de todos n\u00f3s\u201d, contou a diretora social da SEDUR, Graciele Gomes.<\/p>\n\n\n\n<p>Para a aposentada Maria Dalva Cardoso dos Santos, moradora do bairro Itaberaba, a a\u00e7\u00e3o serve tamb\u00e9m para a valoriza\u00e7\u00e3o da pessoa idosa. \u201cEssa iniciativa da prefeitura \u00e9 muito boa porque valoriza a opini\u00e3o dos idosos e a gente sabe o que precisa mudar, porque n\u00f3s utilizamos esse transporte\u201d, disse Maria Dalva sobre o atracadouro das barquinhas, que vai ganhar cara nova com a finaliza\u00e7\u00e3o da obra.<\/p>\n\n\n\n<p>\u201cO projeto j\u00e1 prev\u00ea a constru\u00e7\u00e3o de um novo terminal hidrovi\u00e1rio, na altura do M, para atracar as barcas. L\u00e1, n\u00f3s j\u00e1 finalizamos a rampa e escada de acessibilidade, e ser\u00e1 constru\u00eddo um deck flutuante que vai acompanhar o n\u00edvel do rio, para que as pessoas tenham acesso \u00e0s barcas com mais facilidade\u201d, explicou o engenheiro respons\u00e1vel pela fiscaliza\u00e7\u00e3o da obra, Lucas Souza, frisando que 55% da execu\u00e7\u00e3o do Parque j\u00e1 foi conclu\u00eddo.<\/p>\n\n\n\n<p>Durante o passeio o cadeirante e presidente do Conselho Municipal da Pessoa com Defici\u00eancia, Jos\u00e9 Wilson de Souza, parabenizou a iniciativa. \u201cA acessibilidade \u00e9 para todas as pessoas e n\u00f3s agradecemos essa iniciativa e a abertura desse di\u00e1logo com a prefeitura porque assim podemos melhorar ainda mais o que est\u00e1 sendo feito\u201d, afirmou.<\/p>\n\n\n\n<p><strong>Parque Fluvial<\/strong><\/p>\n\n\n\n<p>O projeto executado pela Prefeitura de Juazeiro, atrav\u00e9s da Secretaria de Obras e Desenvolvimento Urbano (SEDUR) \u00e9 fruto de uma parceria do Fundo Nacional de Meio Ambiente (FNMA), do Minist\u00e9rio do Meio Ambiente, e do Fundo Socioambiental da Caixa Econ\u00f4mica Federal (CEF), e conta ainda com a for\u00e7a tarefa que envolve v\u00e1rias secretarias municipais: SEDUC, SAAE, SESP, SEDES e SECULTE.<\/p>\n\n\n\n<p>A interven\u00e7\u00e3o at\u00e9 o momento j\u00e1 executou a implanta\u00e7\u00e3o de academias da sa\u00fade, parques infantis, 98% da extens\u00e3o da pista de cooper, ciclovia em toda a extens\u00e3o do parque, recupera\u00e7\u00e3o do campo de esportes, das quadras poliesportivas e de areia, pista de skate, e ainda vai executar estrutura\u00e7\u00e3o e ordenamento do mirante e cria\u00e7\u00e3o de um atracadouro n\u00e1utico, o espa\u00e7o onde est\u00e3o localizados os bares do M j\u00e1 recebeu piso intertravado e pintura do teto para a cria\u00e7\u00e3o do terminal hidrovi\u00e1rio.<\/p>\n\n\n\n<p>As barracas que ficavam pr\u00f3ximas \u00e0 Marinha, j\u00e1 foram retiradas da margem do rio por quest\u00f5es ambientais e ser\u00e3o ordenadas e padronizadas na \u00e1rea da cal\u00e7ada que ser\u00e1 ampliada. Atualmente est\u00e1 em andamento a implanta\u00e7\u00e3o da estrutura para nova ilumina\u00e7\u00e3o.<br><\/p>\n","protected":false},"excerpt":{"rendered":"<p>Ontem (15), cerca de 80 pessoas, muitos idosos e pessoas com defici\u00eancia, tiveram a oportunidade de conhecer a obra do Parque Fluvial navegando pelo Rio S\u00e3o Francisco. A comunidade foi convidada pela Prefeitura de Juazeiro, atrav\u00e9s da Secretaria de Obras e Desenvolvimento Urbano (SEDUR), a participar de mais uma oficina da Meta 1 do Parque Fluvial para discutir o projeto de acessibilidade e mobilidade do equipamento e apresentar suas sugest\u00f5es. A oficina &#8216;A\u00e7\u00e3o para conscientiza\u00e7\u00e3o de acessibilidade e mobilidade f\u00edsica&#8217; foi coordenada pela Projesol, empresa contratada pela Prefeitura, atrav\u00e9s de processo licitat\u00f3rio, para desenvolver as atividades da Meta 1, que prev\u00ea uma s\u00e9rie de a\u00e7\u00f5es sociais realizadas paralelamente a execu\u00e7\u00e3o da obra. \u201cEssa \u00e9 a quinta atividade e tem como&hellip; <\/p>\n","protected":false},"author":1,"featured_media":223405,"comment_status":"closed","ping_status":"closed","sticky":false,"template":"","format":"standard","meta":{"_acf_changed":false,"footnotes":""},"categories":[1],"tags":[],"class_list":["post-223403","post","type-post","status-publish","format-standard","has-post-thumbnail","hentry","category-politica"],"acf":[],"yoast_head":"<!-- This site is optimized with the Yoast SEO plugin v27.4 - https:\/\/yoast.com\/product\/yoast-seo-wordpress\/ -->\n<title>OFICINA DA META 1 DO PARQUE FLUVIAL DISCUTE ACESSIBILIDADE EM PASSEIO DE BARCO PELO RIO S\u00c3O FRANCISCO - Blog do Farn\u00e9sio<\/title>\n<meta name=\"robots\" content=\"index, follow, max-snippet:-1, max-image-preview:large, max-video-preview:-1\" \/>\n<link rel=\"canonical\" href=\"https:\/\/blogdofarnesio.com.br\/?p=223403\" \/>\n<meta property=\"og:locale\" content=\"pt_BR\" \/>\n<meta property=\"og:type\" content=\"article\" \/>\n<meta property=\"og:title\" content=\"OFICINA DA META 1 DO PARQUE FLUVIAL DISCUTE ACESSIBILIDADE EM PASSEIO DE BARCO PELO RIO S\u00c3O FRANCISCO - Blog do Farn\u00e9sio\" \/>\n<meta property=\"og:description\" content=\"Ontem (15), cerca de 80 pessoas, muitos idosos e pessoas com defici\u00eancia, tiveram a oportunidade de conhecer a obra do Parque Fluvial navegando pelo Rio S\u00e3o Francisco. A comunidade foi convidada pela Prefeitura de Juazeiro, atrav\u00e9s da Secretaria de Obras e Desenvolvimento Urbano (SEDUR), a participar de mais uma oficina da Meta 1 do Parque Fluvial para discutir o projeto de acessibilidade e mobilidade do equipamento e apresentar suas sugest\u00f5es. A oficina &#8216;A\u00e7\u00e3o para conscientiza\u00e7\u00e3o de acessibilidade e mobilidade f\u00edsica&#8217; foi coordenada pela Projesol, empresa contratada pela Prefeitura, atrav\u00e9s de processo licitat\u00f3rio, para desenvolver as atividades da Meta 1, que prev\u00ea uma s\u00e9rie de a\u00e7\u00f5es sociais realizadas paralelamente a execu\u00e7\u00e3o da obra. \u201cEssa \u00e9 a quinta atividade e tem como&hellip;\" \/>\n<meta property=\"og:url\" content=\"https:\/\/blogdofarnesio.com.br\/?p=223403\" \/>\n<meta property=\"og:site_name\" content=\"Blog do Farn\u00e9sio\" \/>\n<meta property=\"article:publisher\" content=\"https:\/\/www.facebook.com\/BlogQuerSaberPolitica\/\" \/>\n<meta property=\"article:published_time\" content=\"2019-03-16T12:00:01+00:00\" \/>\n<meta property=\"og:image\" content=\"https:\/\/blogdofarnesio.com.br\/wp-content\/uploads\/2019\/03\/blogqsp-Passeio-Pq-Fluvial-4.jpg\" \/>\n\t<meta property=\"og:image:width\" content=\"640\" \/>\n\t<meta property=\"og:image:height\" content=\"427\" \/>\n\t<meta property=\"og:image:type\" content=\"image\/jpeg\" \/>\n<meta name=\"author\" content=\"Farn\u00e9sio\" \/>\n<meta name=\"twitter:card\" content=\"summary_large_image\" \/>\n<meta name=\"twitter:label1\" content=\"Escrito por\" \/>\n\t<meta name=\"twitter:data1\" content=\"Farn\u00e9sio\" \/>\n\t<meta name=\"twitter:label2\" content=\"Est. tempo de leitura\" \/>\n\t<meta name=\"twitter:data2\" content=\"3 minutos\" \/>\n<script type=\"application\/ld+json\" class=\"yoast-schema-graph\">{\"@context\":\"https:\\\/\\\/schema.org\",\"@graph\":[{\"@type\":\"Article\",\"@id\":\"https:\\\/\\\/blogdofarnesio.com.br\\\/?p=223403#article\",\"isPartOf\":{\"@id\":\"https:\\\/\\\/blogdofarnesio.com.br\\\/?p=223403\"},\"author\":{\"name\":\"Farn\u00e9sio\",\"@id\":\"https:\\\/\\\/blogdofarnesio.com.br\\\/#\\\/schema\\\/person\\\/301c4acf522bccbfdb45af95b5b906a1\"},\"headline\":\"OFICINA DA META 1 DO PARQUE FLUVIAL DISCUTE ACESSIBILIDADE EM PASSEIO DE BARCO PELO RIO S\u00c3O FRANCISCO\",\"datePublished\":\"2019-03-16T12:00:01+00:00\",\"mainEntityOfPage\":{\"@id\":\"https:\\\/\\\/blogdofarnesio.com.br\\\/?p=223403\"},\"wordCount\":599,\"publisher\":{\"@id\":\"https:\\\/\\\/blogdofarnesio.com.br\\\/#organization\"},\"image\":{\"@id\":\"https:\\\/\\\/blogdofarnesio.com.br\\\/?p=223403#primaryimage\"},\"thumbnailUrl\":\"https:\\\/\\\/blogdofarnesio.com.br\\\/wp-content\\\/uploads\\\/2019\\\/03\\\/blogqsp-Passeio-Pq-Fluvial-4.jpg\",\"articleSection\":[\"Pol\u00edtica\"],\"inLanguage\":\"pt-BR\"},{\"@type\":\"WebPage\",\"@id\":\"https:\\\/\\\/blogdofarnesio.com.br\\\/?p=223403\",\"url\":\"https:\\\/\\\/blogdofarnesio.com.br\\\/?p=223403\",\"name\":\"OFICINA DA META 1 DO PARQUE FLUVIAL DISCUTE ACESSIBILIDADE EM PASSEIO DE BARCO PELO RIO S\u00c3O FRANCISCO - Blog do Farn\u00e9sio\",\"isPartOf\":{\"@id\":\"https:\\\/\\\/blogdofarnesio.com.br\\\/#website\"},\"primaryImageOfPage\":{\"@id\":\"https:\\\/\\\/blogdofarnesio.com.br\\\/?p=223403#primaryimage\"},\"image\":{\"@id\":\"https:\\\/\\\/blogdofarnesio.com.br\\\/?p=223403#primaryimage\"},\"thumbnailUrl\":\"https:\\\/\\\/blogdofarnesio.com.br\\\/wp-content\\\/uploads\\\/2019\\\/03\\\/blogqsp-Passeio-Pq-Fluvial-4.jpg\",\"datePublished\":\"2019-03-16T12:00:01+00:00\",\"breadcrumb\":{\"@id\":\"https:\\\/\\\/blogdofarnesio.com.br\\\/?p=223403#breadcrumb\"},\"inLanguage\":\"pt-BR\",\"potentialAction\":[{\"@type\":\"ReadAction\",\"target\":[\"https:\\\/\\\/blogdofarnesio.com.br\\\/?p=223403\"]}]},{\"@type\":\"ImageObject\",\"inLanguage\":\"pt-BR\",\"@id\":\"https:\\\/\\\/blogdofarnesio.com.br\\\/?p=223403#primaryimage\",\"url\":\"https:\\\/\\\/blogdofarnesio.com.br\\\/wp-content\\\/uploads\\\/2019\\\/03\\\/blogqsp-Passeio-Pq-Fluvial-4.jpg\",\"contentUrl\":\"https:\\\/\\\/blogdofarnesio.com.br\\\/wp-content\\\/uploads\\\/2019\\\/03\\\/blogqsp-Passeio-Pq-Fluvial-4.jpg\",\"width\":640,\"height\":427},{\"@type\":\"BreadcrumbList\",\"@id\":\"https:\\\/\\\/blogdofarnesio.com.br\\\/?p=223403#breadcrumb\",\"itemListElement\":[{\"@type\":\"ListItem\",\"position\":1,\"name\":\"In\u00edcio\",\"item\":\"https:\\\/\\\/blogdofarnesio.com.br\\\/\"},{\"@type\":\"ListItem\",\"position\":2,\"name\":\"OFICINA DA META 1 DO PARQUE FLUVIAL DISCUTE ACESSIBILIDADE EM PASSEIO DE BARCO PELO RIO S\u00c3O FRANCISCO\"}]},{\"@type\":\"WebSite\",\"@id\":\"https:\\\/\\\/blogdofarnesio.com.br\\\/#website\",\"url\":\"https:\\\/\\\/blogdofarnesio.com.br\\\/\",\"name\":\"Blog do Farn\u00e9sio\",\"description\":\"Quer Saber Pol\u00edtica?\",\"publisher\":{\"@id\":\"https:\\\/\\\/blogdofarnesio.com.br\\\/#organization\"},\"potentialAction\":[{\"@type\":\"SearchAction\",\"target\":{\"@type\":\"EntryPoint\",\"urlTemplate\":\"https:\\\/\\\/blogdofarnesio.com.br\\\/?s={search_term_string}\"},\"query-input\":{\"@type\":\"PropertyValueSpecification\",\"valueRequired\":true,\"valueName\":\"search_term_string\"}}],\"inLanguage\":\"pt-BR\"},{\"@type\":\"Organization\",\"@id\":\"https:\\\/\\\/blogdofarnesio.com.br\\\/#organization\",\"name\":\"Blog do Farn\u00e9sio\",\"url\":\"https:\\\/\\\/blogdofarnesio.com.br\\\/\",\"logo\":{\"@type\":\"ImageObject\",\"inLanguage\":\"pt-BR\",\"@id\":\"https:\\\/\\\/blogdofarnesio.com.br\\\/#\\\/schema\\\/logo\\\/image\\\/\",\"url\":\"https:\\\/\\\/blogdofarnesio.com.br\\\/wp-content\\\/uploads\\\/2026\\\/03\\\/cropped-logo_new-1.png\",\"contentUrl\":\"https:\\\/\\\/blogdofarnesio.com.br\\\/wp-content\\\/uploads\\\/2026\\\/03\\\/cropped-logo_new-1.png\",\"width\":881,\"height\":685,\"caption\":\"Blog do Farn\u00e9sio\"},\"image\":{\"@id\":\"https:\\\/\\\/blogdofarnesio.com.br\\\/#\\\/schema\\\/logo\\\/image\\\/\"},\"sameAs\":[\"https:\\\/\\\/www.facebook.com\\\/BlogQuerSaberPolitica\\\/\"]},{\"@type\":\"Person\",\"@id\":\"https:\\\/\\\/blogdofarnesio.com.br\\\/#\\\/schema\\\/person\\\/301c4acf522bccbfdb45af95b5b906a1\",\"name\":\"Farn\u00e9sio\",\"image\":{\"@type\":\"ImageObject\",\"inLanguage\":\"pt-BR\",\"@id\":\"https:\\\/\\\/secure.gravatar.com\\\/avatar\\\/df0c9a14567c056f8ad6876ba5bbd1e3e2c48023eb6807342fc4663adf549f38?s=96&d=mm&r=g\",\"url\":\"https:\\\/\\\/secure.gravatar.com\\\/avatar\\\/df0c9a14567c056f8ad6876ba5bbd1e3e2c48023eb6807342fc4663adf549f38?s=96&d=mm&r=g\",\"contentUrl\":\"https:\\\/\\\/secure.gravatar.com\\\/avatar\\\/df0c9a14567c056f8ad6876ba5bbd1e3e2c48023eb6807342fc4663adf549f38?s=96&d=mm&r=g\",\"caption\":\"Farn\u00e9sio\"},\"sameAs\":[\"https:\\\/\\\/quersaberpolitica.com.br\"],\"url\":\"https:\\\/\\\/blogdofarnesio.com.br\\\/?author=1\"}]}<\/script>\n<!-- \/ Yoast SEO plugin. -->","yoast_head_json":{"title":"OFICINA DA META 1 DO PARQUE FLUVIAL DISCUTE ACESSIBILIDADE EM PASSEIO DE BARCO PELO RIO S\u00c3O FRANCISCO - Blog do Farn\u00e9sio","robots":{"index":"index","follow":"follow","max-snippet":"max-snippet:-1","max-image-preview":"max-image-preview:large","max-video-preview":"max-video-preview:-1"},"canonical":"https:\/\/blogdofarnesio.com.br\/?p=223403","og_locale":"pt_BR","og_type":"article","og_title":"OFICINA DA META 1 DO PARQUE FLUVIAL DISCUTE ACESSIBILIDADE EM PASSEIO DE BARCO PELO RIO S\u00c3O FRANCISCO - Blog do Farn\u00e9sio","og_description":"Ontem (15), cerca de 80 pessoas, muitos idosos e pessoas com defici\u00eancia, tiveram a oportunidade de conhecer a obra do Parque Fluvial navegando pelo Rio S\u00e3o Francisco. A comunidade foi convidada pela Prefeitura de Juazeiro, atrav\u00e9s da Secretaria de Obras e Desenvolvimento Urbano (SEDUR), a participar de mais uma oficina da Meta 1 do Parque Fluvial para discutir o projeto de acessibilidade e mobilidade do equipamento e apresentar suas sugest\u00f5es. A oficina &#8216;A\u00e7\u00e3o para conscientiza\u00e7\u00e3o de acessibilidade e mobilidade f\u00edsica&#8217; foi coordenada pela Projesol, empresa contratada pela Prefeitura, atrav\u00e9s de processo licitat\u00f3rio, para desenvolver as atividades da Meta 1, que prev\u00ea uma s\u00e9rie de a\u00e7\u00f5es sociais realizadas paralelamente a execu\u00e7\u00e3o da obra. \u201cEssa \u00e9 a quinta atividade e tem como&hellip;","og_url":"https:\/\/blogdofarnesio.com.br\/?p=223403","og_site_name":"Blog do Farn\u00e9sio","article_publisher":"https:\/\/www.facebook.com\/BlogQuerSaberPolitica\/","article_published_time":"2019-03-16T12:00:01+00:00","og_image":[{"width":640,"height":427,"url":"https:\/\/blogdofarnesio.com.br\/wp-content\/uploads\/2019\/03\/blogqsp-Passeio-Pq-Fluvial-4.jpg","type":"image\/jpeg"}],"author":"Farn\u00e9sio","twitter_card":"summary_large_image","twitter_misc":{"Escrito por":"Farn\u00e9sio","Est. tempo de leitura":"3 minutos"},"schema":{"@context":"https:\/\/schema.org","@graph":[{"@type":"Article","@id":"https:\/\/blogdofarnesio.com.br\/?p=223403#article","isPartOf":{"@id":"https:\/\/blogdofarnesio.com.br\/?p=223403"},"author":{"name":"Farn\u00e9sio","@id":"https:\/\/blogdofarnesio.com.br\/#\/schema\/person\/301c4acf522bccbfdb45af95b5b906a1"},"headline":"OFICINA DA META 1 DO PARQUE FLUVIAL DISCUTE ACESSIBILIDADE EM PASSEIO DE BARCO PELO RIO S\u00c3O FRANCISCO","datePublished":"2019-03-16T12:00:01+00:00","mainEntityOfPage":{"@id":"https:\/\/blogdofarnesio.com.br\/?p=223403"},"wordCount":599,"publisher":{"@id":"https:\/\/blogdofarnesio.com.br\/#organization"},"image":{"@id":"https:\/\/blogdofarnesio.com.br\/?p=223403#primaryimage"},"thumbnailUrl":"https:\/\/blogdofarnesio.com.br\/wp-content\/uploads\/2019\/03\/blogqsp-Passeio-Pq-Fluvial-4.jpg","articleSection":["Pol\u00edtica"],"inLanguage":"pt-BR"},{"@type":"WebPage","@id":"https:\/\/blogdofarnesio.com.br\/?p=223403","url":"https:\/\/blogdofarnesio.com.br\/?p=223403","name":"OFICINA DA META 1 DO PARQUE FLUVIAL DISCUTE ACESSIBILIDADE EM PASSEIO DE BARCO PELO RIO S\u00c3O FRANCISCO - Blog do Farn\u00e9sio","isPartOf":{"@id":"https:\/\/blogdofarnesio.com.br\/#website"},"primaryImageOfPage":{"@id":"https:\/\/blogdofarnesio.com.br\/?p=223403#primaryimage"},"image":{"@id":"https:\/\/blogdofarnesio.com.br\/?p=223403#primaryimage"},"thumbnailUrl":"https:\/\/blogdofarnesio.com.br\/wp-content\/uploads\/2019\/03\/blogqsp-Passeio-Pq-Fluvial-4.jpg","datePublished":"2019-03-16T12:00:01+00:00","breadcrumb":{"@id":"https:\/\/blogdofarnesio.com.br\/?p=223403#breadcrumb"},"inLanguage":"pt-BR","potentialAction":[{"@type":"ReadAction","target":["https:\/\/blogdofarnesio.com.br\/?p=223403"]}]},{"@type":"ImageObject","inLanguage":"pt-BR","@id":"https:\/\/blogdofarnesio.com.br\/?p=223403#primaryimage","url":"https:\/\/blogdofarnesio.com.br\/wp-content\/uploads\/2019\/03\/blogqsp-Passeio-Pq-Fluvial-4.jpg","contentUrl":"https:\/\/blogdofarnesio.com.br\/wp-content\/uploads\/2019\/03\/blogqsp-Passeio-Pq-Fluvial-4.jpg","width":640,"height":427},{"@type":"BreadcrumbList","@id":"https:\/\/blogdofarnesio.com.br\/?p=223403#breadcrumb","itemListElement":[{"@type":"ListItem","position":1,"name":"In\u00edcio","item":"https:\/\/blogdofarnesio.com.br\/"},{"@type":"ListItem","position":2,"name":"OFICINA DA META 1 DO PARQUE FLUVIAL DISCUTE ACESSIBILIDADE EM PASSEIO DE BARCO PELO RIO S\u00c3O FRANCISCO"}]},{"@type":"WebSite","@id":"https:\/\/blogdofarnesio.com.br\/#website","url":"https:\/\/blogdofarnesio.com.br\/","name":"Blog do Farn\u00e9sio","description":"Quer Saber Pol\u00edtica?","publisher":{"@id":"https:\/\/blogdofarnesio.com.br\/#organization"},"potentialAction":[{"@type":"SearchAction","target":{"@type":"EntryPoint","urlTemplate":"https:\/\/blogdofarnesio.com.br\/?s={search_term_string}"},"query-input":{"@type":"PropertyValueSpecification","valueRequired":true,"valueName":"search_term_string"}}],"inLanguage":"pt-BR"},{"@type":"Organization","@id":"https:\/\/blogdofarnesio.com.br\/#organization","name":"Blog do Farn\u00e9sio","url":"https:\/\/blogdofarnesio.com.br\/","logo":{"@type":"ImageObject","inLanguage":"pt-BR","@id":"https:\/\/blogdofarnesio.com.br\/#\/schema\/logo\/image\/","url":"https:\/\/blogdofarnesio.com.br\/wp-content\/uploads\/2026\/03\/cropped-logo_new-1.png","contentUrl":"https:\/\/blogdofarnesio.com.br\/wp-content\/uploads\/2026\/03\/cropped-logo_new-1.png","width":881,"height":685,"caption":"Blog do Farn\u00e9sio"},"image":{"@id":"https:\/\/blogdofarnesio.com.br\/#\/schema\/logo\/image\/"},"sameAs":["https:\/\/www.facebook.com\/BlogQuerSaberPolitica\/"]},{"@type":"Person","@id":"https:\/\/blogdofarnesio.com.br\/#\/schema\/person\/301c4acf522bccbfdb45af95b5b906a1","name":"Farn\u00e9sio","image":{"@type":"ImageObject","inLanguage":"pt-BR","@id":"https:\/\/secure.gravatar.com\/avatar\/df0c9a14567c056f8ad6876ba5bbd1e3e2c48023eb6807342fc4663adf549f38?s=96&d=mm&r=g","url":"https:\/\/secure.gravatar.com\/avatar\/df0c9a14567c056f8ad6876ba5bbd1e3e2c48023eb6807342fc4663adf549f38?s=96&d=mm&r=g","contentUrl":"https:\/\/secure.gravatar.com\/avatar\/df0c9a14567c056f8ad6876ba5bbd1e3e2c48023eb6807342fc4663adf549f38?s=96&d=mm&r=g","caption":"Farn\u00e9sio"},"sameAs":["https:\/\/quersaberpolitica.com.br"],"url":"https:\/\/blogdofarnesio.com.br\/?author=1"}]}},"_links":{"self":[{"href":"https:\/\/blogdofarnesio.com.br\/index.php?rest_route=\/wp\/v2\/posts\/223403","targetHints":{"allow":["GET"]}}],"collection":[{"href":"https:\/\/blogdofarnesio.com.br\/index.php?rest_route=\/wp\/v2\/posts"}],"about":[{"href":"https:\/\/blogdofarnesio.com.br\/index.php?rest_route=\/wp\/v2\/types\/post"}],"author":[{"embeddable":true,"href":"https:\/\/blogdofarnesio.com.br\/index.php?rest_route=\/wp\/v2\/users\/1"}],"replies":[{"embeddable":true,"href":"https:\/\/blogdofarnesio.com.br\/index.php?rest_route=%2Fwp%2Fv2%2Fcomments&post=223403"}],"version-history":[{"count":0,"href":"https:\/\/blogdofarnesio.com.br\/index.php?rest_route=\/wp\/v2\/posts\/223403\/revisions"}],"wp:featuredmedia":[{"embeddable":true,"href":"https:\/\/blogdofarnesio.com.br\/index.php?rest_route=\/wp\/v2\/media\/223405"}],"wp:attachment":[{"href":"https:\/\/blogdofarnesio.com.br\/index.php?rest_route=%2Fwp%2Fv2%2Fmedia&parent=223403"}],"wp:term":[{"taxonomy":"category","embeddable":true,"href":"https:\/\/blogdofarnesio.com.br\/index.php?rest_route=%2Fwp%2Fv2%2Fcategories&post=223403"},{"taxonomy":"post_tag","embeddable":true,"href":"https:\/\/blogdofarnesio.com.br\/index.php?rest_route=%2Fwp%2Fv2%2Ftags&post=223403"}],"curies":[{"name":"wp","href":"https:\/\/api.w.org\/{rel}","templated":true}]}}