{"id":223398,"date":"2019-03-16T09:30:59","date_gmt":"2019-03-16T12:30:59","guid":{"rendered":"http:\/\/quersaberpolitica.com.br\/2016\/?p=223398"},"modified":"2019-03-15T18:44:45","modified_gmt":"2019-03-15T21:44:45","slug":"suspeito-de-matar-marielle-recebeu-deposito-de-r-100-mil-em-especie","status":"publish","type":"post","link":"https:\/\/blogdofarnesio.com.br\/?p=223398","title":{"rendered":"SUSPEITO DE MATAR MARIELLE RECEBEU DEP\u00d3SITO DE R$ 100 MIL EM ESP\u00c9CIE"},"content":{"rendered":"\n<p>O Coaf (Conselho de Controle de Atividades Financeiras) identificou em relat\u00f3rio que o policial reformado Ronnie Lessa, suspeito de matar a vereadora Marielle Franco em mar\u00e7o do ano passado, recebeu em sua conta um dep\u00f3sito de R$ 100 mil em esp\u00e9cie sete meses ap\u00f3s o crime.<\/p>\n\n\n\n<p>Lessa e o ex-PM \u00c9lcio Vieira de Queiroz foram presos na ter\u00e7a-feira (12), acusados de terem assassinado a vereadora e o motorista Anderson Gomes \u2013 eles negam.<\/p>\n\n\n\n<p>O relat\u00f3rio do Coaf foi citado pelo Minist\u00e9rio P\u00fablico em um pedido de bloqueio dos bens dos dois suspeitos, aceito pela Justi\u00e7a. O objetivo \u00e9 garantir o ressarcimento das v\u00edtimas. A informa\u00e7\u00e3o foi adiantada pela Globonews e confirmada pela Folha.<\/p>\n\n\n\n<p>Presos na Divis\u00e3o de Homic\u00eddios, na Barra da Tijuca, zona oeste do Rio, Lessa e Queiroz ser\u00e3o transferidos, a pedido do Minist\u00e9rio P\u00fablico, para um pres\u00eddio federal, fora do estado.<\/p>\n\n\n\n<p>A pr\u00f3xima fase da investiga\u00e7\u00e3o do assassinato de Marielle ter\u00e1 como objetivo responder se havia um mandante por tr\u00e1s do crime e quais s\u00e3o suas motiva\u00e7\u00f5es. O assassinato completou um ano nesta quinta-feira (14). (FolhaPress).<\/p>\n","protected":false},"excerpt":{"rendered":"<p>O Coaf (Conselho de Controle de Atividades Financeiras) identificou em relat\u00f3rio que o policial reformado Ronnie Lessa, suspeito de matar a vereadora Marielle Franco em mar\u00e7o do ano passado, recebeu em sua conta um dep\u00f3sito de R$ 100 mil em esp\u00e9cie sete meses ap\u00f3s o crime. Lessa e o ex-PM \u00c9lcio Vieira de Queiroz foram presos na ter\u00e7a-feira (12), acusados de terem assassinado a vereadora e o motorista Anderson Gomes \u2013 eles negam. O relat\u00f3rio do Coaf foi citado pelo Minist\u00e9rio P\u00fablico em um pedido de bloqueio dos bens dos dois suspeitos, aceito pela Justi\u00e7a. O objetivo \u00e9 garantir o ressarcimento das v\u00edtimas. A informa\u00e7\u00e3o foi adiantada pela Globonews e confirmada pela Folha. Presos na Divis\u00e3o de Homic\u00eddios, na Barra&hellip; <\/p>\n","protected":false},"author":1,"featured_media":223399,"comment_status":"closed","ping_status":"closed","sticky":false,"template":"","format":"standard","meta":{"_acf_changed":false,"footnotes":""},"categories":[44],"tags":[],"class_list":["post-223398","post","type-post","status-publish","format-standard","has-post-thumbnail","hentry","category-administracao"],"acf":[],"yoast_head":"<!-- This site is optimized with the Yoast SEO plugin v27.4 - https:\/\/yoast.com\/product\/yoast-seo-wordpress\/ -->\n<title>SUSPEITO DE MATAR MARIELLE RECEBEU DEP\u00d3SITO DE R$ 100 MIL EM ESP\u00c9CIE - Blog do Farn\u00e9sio<\/title>\n<meta name=\"robots\" content=\"index, follow, max-snippet:-1, max-image-preview:large, max-video-preview:-1\" \/>\n<link rel=\"canonical\" href=\"https:\/\/blogdofarnesio.com.br\/?p=223398\" \/>\n<meta property=\"og:locale\" content=\"pt_BR\" \/>\n<meta property=\"og:type\" content=\"article\" \/>\n<meta property=\"og:title\" content=\"SUSPEITO DE MATAR MARIELLE RECEBEU DEP\u00d3SITO DE R$ 100 MIL EM ESP\u00c9CIE - Blog do Farn\u00e9sio\" \/>\n<meta property=\"og:description\" content=\"O Coaf (Conselho de Controle de Atividades Financeiras) identificou em relat\u00f3rio que o policial reformado Ronnie Lessa, suspeito de matar a vereadora Marielle Franco em mar\u00e7o do ano passado, recebeu em sua conta um dep\u00f3sito de R$ 100 mil em esp\u00e9cie sete meses ap\u00f3s o crime. Lessa e o ex-PM \u00c9lcio Vieira de Queiroz foram presos na ter\u00e7a-feira (12), acusados de terem assassinado a vereadora e o motorista Anderson Gomes \u2013 eles negam. O relat\u00f3rio do Coaf foi citado pelo Minist\u00e9rio P\u00fablico em um pedido de bloqueio dos bens dos dois suspeitos, aceito pela Justi\u00e7a. O objetivo \u00e9 garantir o ressarcimento das v\u00edtimas. A informa\u00e7\u00e3o foi adiantada pela Globonews e confirmada pela Folha. Presos na Divis\u00e3o de Homic\u00eddios, na Barra&hellip;\" \/>\n<meta property=\"og:url\" content=\"https:\/\/blogdofarnesio.com.br\/?p=223398\" \/>\n<meta property=\"og:site_name\" content=\"Blog do Farn\u00e9sio\" \/>\n<meta property=\"article:publisher\" content=\"https:\/\/www.facebook.com\/BlogQuerSaberPolitica\/\" \/>\n<meta property=\"article:published_time\" content=\"2019-03-16T12:30:59+00:00\" \/>\n<meta property=\"og:image\" content=\"https:\/\/blogdofarnesio.com.br\/wp-content\/uploads\/2019\/03\/blogqsp-suspeito1.jpg\" \/>\n\t<meta property=\"og:image:width\" content=\"475\" \/>\n\t<meta property=\"og:image:height\" content=\"365\" \/>\n\t<meta property=\"og:image:type\" content=\"image\/jpeg\" \/>\n<meta name=\"author\" content=\"Farn\u00e9sio\" \/>\n<meta name=\"twitter:card\" content=\"summary_large_image\" \/>\n<meta name=\"twitter:label1\" content=\"Escrito por\" \/>\n\t<meta name=\"twitter:data1\" content=\"Farn\u00e9sio\" \/>\n\t<meta name=\"twitter:label2\" content=\"Est. tempo de leitura\" \/>\n\t<meta name=\"twitter:data2\" content=\"1 minuto\" \/>\n<script type=\"application\/ld+json\" class=\"yoast-schema-graph\">{\"@context\":\"https:\\\/\\\/schema.org\",\"@graph\":[{\"@type\":\"Article\",\"@id\":\"https:\\\/\\\/blogdofarnesio.com.br\\\/?p=223398#article\",\"isPartOf\":{\"@id\":\"https:\\\/\\\/blogdofarnesio.com.br\\\/?p=223398\"},\"author\":{\"name\":\"Farn\u00e9sio\",\"@id\":\"https:\\\/\\\/blogdofarnesio.com.br\\\/#\\\/schema\\\/person\\\/301c4acf522bccbfdb45af95b5b906a1\"},\"headline\":\"SUSPEITO DE MATAR MARIELLE RECEBEU DEP\u00d3SITO DE R$ 100 MIL EM ESP\u00c9CIE\",\"datePublished\":\"2019-03-16T12:30:59+00:00\",\"mainEntityOfPage\":{\"@id\":\"https:\\\/\\\/blogdofarnesio.com.br\\\/?p=223398\"},\"wordCount\":209,\"publisher\":{\"@id\":\"https:\\\/\\\/blogdofarnesio.com.br\\\/#organization\"},\"image\":{\"@id\":\"https:\\\/\\\/blogdofarnesio.com.br\\\/?p=223398#primaryimage\"},\"thumbnailUrl\":\"https:\\\/\\\/blogdofarnesio.com.br\\\/wp-content\\\/uploads\\\/2019\\\/03\\\/blogqsp-suspeito1.jpg\",\"articleSection\":[\"Administra\u00e7\u00e3o\"],\"inLanguage\":\"pt-BR\"},{\"@type\":\"WebPage\",\"@id\":\"https:\\\/\\\/blogdofarnesio.com.br\\\/?p=223398\",\"url\":\"https:\\\/\\\/blogdofarnesio.com.br\\\/?p=223398\",\"name\":\"SUSPEITO DE MATAR MARIELLE RECEBEU DEP\u00d3SITO DE R$ 100 MIL EM ESP\u00c9CIE - Blog do Farn\u00e9sio\",\"isPartOf\":{\"@id\":\"https:\\\/\\\/blogdofarnesio.com.br\\\/#website\"},\"primaryImageOfPage\":{\"@id\":\"https:\\\/\\\/blogdofarnesio.com.br\\\/?p=223398#primaryimage\"},\"image\":{\"@id\":\"https:\\\/\\\/blogdofarnesio.com.br\\\/?p=223398#primaryimage\"},\"thumbnailUrl\":\"https:\\\/\\\/blogdofarnesio.com.br\\\/wp-content\\\/uploads\\\/2019\\\/03\\\/blogqsp-suspeito1.jpg\",\"datePublished\":\"2019-03-16T12:30:59+00:00\",\"breadcrumb\":{\"@id\":\"https:\\\/\\\/blogdofarnesio.com.br\\\/?p=223398#breadcrumb\"},\"inLanguage\":\"pt-BR\",\"potentialAction\":[{\"@type\":\"ReadAction\",\"target\":[\"https:\\\/\\\/blogdofarnesio.com.br\\\/?p=223398\"]}]},{\"@type\":\"ImageObject\",\"inLanguage\":\"pt-BR\",\"@id\":\"https:\\\/\\\/blogdofarnesio.com.br\\\/?p=223398#primaryimage\",\"url\":\"https:\\\/\\\/blogdofarnesio.com.br\\\/wp-content\\\/uploads\\\/2019\\\/03\\\/blogqsp-suspeito1.jpg\",\"contentUrl\":\"https:\\\/\\\/blogdofarnesio.com.br\\\/wp-content\\\/uploads\\\/2019\\\/03\\\/blogqsp-suspeito1.jpg\",\"width\":475,\"height\":365},{\"@type\":\"BreadcrumbList\",\"@id\":\"https:\\\/\\\/blogdofarnesio.com.br\\\/?p=223398#breadcrumb\",\"itemListElement\":[{\"@type\":\"ListItem\",\"position\":1,\"name\":\"In\u00edcio\",\"item\":\"https:\\\/\\\/blogdofarnesio.com.br\\\/\"},{\"@type\":\"ListItem\",\"position\":2,\"name\":\"SUSPEITO DE MATAR MARIELLE RECEBEU DEP\u00d3SITO DE R$ 100 MIL EM ESP\u00c9CIE\"}]},{\"@type\":\"WebSite\",\"@id\":\"https:\\\/\\\/blogdofarnesio.com.br\\\/#website\",\"url\":\"https:\\\/\\\/blogdofarnesio.com.br\\\/\",\"name\":\"Blog do Farn\u00e9sio\",\"description\":\"Quer Saber Pol\u00edtica?\",\"publisher\":{\"@id\":\"https:\\\/\\\/blogdofarnesio.com.br\\\/#organization\"},\"potentialAction\":[{\"@type\":\"SearchAction\",\"target\":{\"@type\":\"EntryPoint\",\"urlTemplate\":\"https:\\\/\\\/blogdofarnesio.com.br\\\/?s={search_term_string}\"},\"query-input\":{\"@type\":\"PropertyValueSpecification\",\"valueRequired\":true,\"valueName\":\"search_term_string\"}}],\"inLanguage\":\"pt-BR\"},{\"@type\":\"Organization\",\"@id\":\"https:\\\/\\\/blogdofarnesio.com.br\\\/#organization\",\"name\":\"Blog do Farn\u00e9sio\",\"url\":\"https:\\\/\\\/blogdofarnesio.com.br\\\/\",\"logo\":{\"@type\":\"ImageObject\",\"inLanguage\":\"pt-BR\",\"@id\":\"https:\\\/\\\/blogdofarnesio.com.br\\\/#\\\/schema\\\/logo\\\/image\\\/\",\"url\":\"https:\\\/\\\/blogdofarnesio.com.br\\\/wp-content\\\/uploads\\\/2026\\\/03\\\/cropped-logo_new-1.png\",\"contentUrl\":\"https:\\\/\\\/blogdofarnesio.com.br\\\/wp-content\\\/uploads\\\/2026\\\/03\\\/cropped-logo_new-1.png\",\"width\":881,\"height\":685,\"caption\":\"Blog do Farn\u00e9sio\"},\"image\":{\"@id\":\"https:\\\/\\\/blogdofarnesio.com.br\\\/#\\\/schema\\\/logo\\\/image\\\/\"},\"sameAs\":[\"https:\\\/\\\/www.facebook.com\\\/BlogQuerSaberPolitica\\\/\"]},{\"@type\":\"Person\",\"@id\":\"https:\\\/\\\/blogdofarnesio.com.br\\\/#\\\/schema\\\/person\\\/301c4acf522bccbfdb45af95b5b906a1\",\"name\":\"Farn\u00e9sio\",\"image\":{\"@type\":\"ImageObject\",\"inLanguage\":\"pt-BR\",\"@id\":\"https:\\\/\\\/secure.gravatar.com\\\/avatar\\\/df0c9a14567c056f8ad6876ba5bbd1e3e2c48023eb6807342fc4663adf549f38?s=96&d=mm&r=g\",\"url\":\"https:\\\/\\\/secure.gravatar.com\\\/avatar\\\/df0c9a14567c056f8ad6876ba5bbd1e3e2c48023eb6807342fc4663adf549f38?s=96&d=mm&r=g\",\"contentUrl\":\"https:\\\/\\\/secure.gravatar.com\\\/avatar\\\/df0c9a14567c056f8ad6876ba5bbd1e3e2c48023eb6807342fc4663adf549f38?s=96&d=mm&r=g\",\"caption\":\"Farn\u00e9sio\"},\"sameAs\":[\"https:\\\/\\\/quersaberpolitica.com.br\"],\"url\":\"https:\\\/\\\/blogdofarnesio.com.br\\\/?author=1\"}]}<\/script>\n<!-- \/ Yoast SEO plugin. -->","yoast_head_json":{"title":"SUSPEITO DE MATAR MARIELLE RECEBEU DEP\u00d3SITO DE R$ 100 MIL EM ESP\u00c9CIE - Blog do Farn\u00e9sio","robots":{"index":"index","follow":"follow","max-snippet":"max-snippet:-1","max-image-preview":"max-image-preview:large","max-video-preview":"max-video-preview:-1"},"canonical":"https:\/\/blogdofarnesio.com.br\/?p=223398","og_locale":"pt_BR","og_type":"article","og_title":"SUSPEITO DE MATAR MARIELLE RECEBEU DEP\u00d3SITO DE R$ 100 MIL EM ESP\u00c9CIE - Blog do Farn\u00e9sio","og_description":"O Coaf (Conselho de Controle de Atividades Financeiras) identificou em relat\u00f3rio que o policial reformado Ronnie Lessa, suspeito de matar a vereadora Marielle Franco em mar\u00e7o do ano passado, recebeu em sua conta um dep\u00f3sito de R$ 100 mil em esp\u00e9cie sete meses ap\u00f3s o crime. Lessa e o ex-PM \u00c9lcio Vieira de Queiroz foram presos na ter\u00e7a-feira (12), acusados de terem assassinado a vereadora e o motorista Anderson Gomes \u2013 eles negam. O relat\u00f3rio do Coaf foi citado pelo Minist\u00e9rio P\u00fablico em um pedido de bloqueio dos bens dos dois suspeitos, aceito pela Justi\u00e7a. O objetivo \u00e9 garantir o ressarcimento das v\u00edtimas. A informa\u00e7\u00e3o foi adiantada pela Globonews e confirmada pela Folha. Presos na Divis\u00e3o de Homic\u00eddios, na Barra&hellip;","og_url":"https:\/\/blogdofarnesio.com.br\/?p=223398","og_site_name":"Blog do Farn\u00e9sio","article_publisher":"https:\/\/www.facebook.com\/BlogQuerSaberPolitica\/","article_published_time":"2019-03-16T12:30:59+00:00","og_image":[{"width":475,"height":365,"url":"https:\/\/blogdofarnesio.com.br\/wp-content\/uploads\/2019\/03\/blogqsp-suspeito1.jpg","type":"image\/jpeg"}],"author":"Farn\u00e9sio","twitter_card":"summary_large_image","twitter_misc":{"Escrito por":"Farn\u00e9sio","Est. tempo de leitura":"1 minuto"},"schema":{"@context":"https:\/\/schema.org","@graph":[{"@type":"Article","@id":"https:\/\/blogdofarnesio.com.br\/?p=223398#article","isPartOf":{"@id":"https:\/\/blogdofarnesio.com.br\/?p=223398"},"author":{"name":"Farn\u00e9sio","@id":"https:\/\/blogdofarnesio.com.br\/#\/schema\/person\/301c4acf522bccbfdb45af95b5b906a1"},"headline":"SUSPEITO DE MATAR MARIELLE RECEBEU DEP\u00d3SITO DE R$ 100 MIL EM ESP\u00c9CIE","datePublished":"2019-03-16T12:30:59+00:00","mainEntityOfPage":{"@id":"https:\/\/blogdofarnesio.com.br\/?p=223398"},"wordCount":209,"publisher":{"@id":"https:\/\/blogdofarnesio.com.br\/#organization"},"image":{"@id":"https:\/\/blogdofarnesio.com.br\/?p=223398#primaryimage"},"thumbnailUrl":"https:\/\/blogdofarnesio.com.br\/wp-content\/uploads\/2019\/03\/blogqsp-suspeito1.jpg","articleSection":["Administra\u00e7\u00e3o"],"inLanguage":"pt-BR"},{"@type":"WebPage","@id":"https:\/\/blogdofarnesio.com.br\/?p=223398","url":"https:\/\/blogdofarnesio.com.br\/?p=223398","name":"SUSPEITO DE MATAR MARIELLE RECEBEU DEP\u00d3SITO DE R$ 100 MIL EM ESP\u00c9CIE - Blog do Farn\u00e9sio","isPartOf":{"@id":"https:\/\/blogdofarnesio.com.br\/#website"},"primaryImageOfPage":{"@id":"https:\/\/blogdofarnesio.com.br\/?p=223398#primaryimage"},"image":{"@id":"https:\/\/blogdofarnesio.com.br\/?p=223398#primaryimage"},"thumbnailUrl":"https:\/\/blogdofarnesio.com.br\/wp-content\/uploads\/2019\/03\/blogqsp-suspeito1.jpg","datePublished":"2019-03-16T12:30:59+00:00","breadcrumb":{"@id":"https:\/\/blogdofarnesio.com.br\/?p=223398#breadcrumb"},"inLanguage":"pt-BR","potentialAction":[{"@type":"ReadAction","target":["https:\/\/blogdofarnesio.com.br\/?p=223398"]}]},{"@type":"ImageObject","inLanguage":"pt-BR","@id":"https:\/\/blogdofarnesio.com.br\/?p=223398#primaryimage","url":"https:\/\/blogdofarnesio.com.br\/wp-content\/uploads\/2019\/03\/blogqsp-suspeito1.jpg","contentUrl":"https:\/\/blogdofarnesio.com.br\/wp-content\/uploads\/2019\/03\/blogqsp-suspeito1.jpg","width":475,"height":365},{"@type":"BreadcrumbList","@id":"https:\/\/blogdofarnesio.com.br\/?p=223398#breadcrumb","itemListElement":[{"@type":"ListItem","position":1,"name":"In\u00edcio","item":"https:\/\/blogdofarnesio.com.br\/"},{"@type":"ListItem","position":2,"name":"SUSPEITO DE MATAR MARIELLE RECEBEU DEP\u00d3SITO DE R$ 100 MIL EM ESP\u00c9CIE"}]},{"@type":"WebSite","@id":"https:\/\/blogdofarnesio.com.br\/#website","url":"https:\/\/blogdofarnesio.com.br\/","name":"Blog do Farn\u00e9sio","description":"Quer Saber Pol\u00edtica?","publisher":{"@id":"https:\/\/blogdofarnesio.com.br\/#organization"},"potentialAction":[{"@type":"SearchAction","target":{"@type":"EntryPoint","urlTemplate":"https:\/\/blogdofarnesio.com.br\/?s={search_term_string}"},"query-input":{"@type":"PropertyValueSpecification","valueRequired":true,"valueName":"search_term_string"}}],"inLanguage":"pt-BR"},{"@type":"Organization","@id":"https:\/\/blogdofarnesio.com.br\/#organization","name":"Blog do Farn\u00e9sio","url":"https:\/\/blogdofarnesio.com.br\/","logo":{"@type":"ImageObject","inLanguage":"pt-BR","@id":"https:\/\/blogdofarnesio.com.br\/#\/schema\/logo\/image\/","url":"https:\/\/blogdofarnesio.com.br\/wp-content\/uploads\/2026\/03\/cropped-logo_new-1.png","contentUrl":"https:\/\/blogdofarnesio.com.br\/wp-content\/uploads\/2026\/03\/cropped-logo_new-1.png","width":881,"height":685,"caption":"Blog do Farn\u00e9sio"},"image":{"@id":"https:\/\/blogdofarnesio.com.br\/#\/schema\/logo\/image\/"},"sameAs":["https:\/\/www.facebook.com\/BlogQuerSaberPolitica\/"]},{"@type":"Person","@id":"https:\/\/blogdofarnesio.com.br\/#\/schema\/person\/301c4acf522bccbfdb45af95b5b906a1","name":"Farn\u00e9sio","image":{"@type":"ImageObject","inLanguage":"pt-BR","@id":"https:\/\/secure.gravatar.com\/avatar\/df0c9a14567c056f8ad6876ba5bbd1e3e2c48023eb6807342fc4663adf549f38?s=96&d=mm&r=g","url":"https:\/\/secure.gravatar.com\/avatar\/df0c9a14567c056f8ad6876ba5bbd1e3e2c48023eb6807342fc4663adf549f38?s=96&d=mm&r=g","contentUrl":"https:\/\/secure.gravatar.com\/avatar\/df0c9a14567c056f8ad6876ba5bbd1e3e2c48023eb6807342fc4663adf549f38?s=96&d=mm&r=g","caption":"Farn\u00e9sio"},"sameAs":["https:\/\/quersaberpolitica.com.br"],"url":"https:\/\/blogdofarnesio.com.br\/?author=1"}]}},"_links":{"self":[{"href":"https:\/\/blogdofarnesio.com.br\/index.php?rest_route=\/wp\/v2\/posts\/223398","targetHints":{"allow":["GET"]}}],"collection":[{"href":"https:\/\/blogdofarnesio.com.br\/index.php?rest_route=\/wp\/v2\/posts"}],"about":[{"href":"https:\/\/blogdofarnesio.com.br\/index.php?rest_route=\/wp\/v2\/types\/post"}],"author":[{"embeddable":true,"href":"https:\/\/blogdofarnesio.com.br\/index.php?rest_route=\/wp\/v2\/users\/1"}],"replies":[{"embeddable":true,"href":"https:\/\/blogdofarnesio.com.br\/index.php?rest_route=%2Fwp%2Fv2%2Fcomments&post=223398"}],"version-history":[{"count":0,"href":"https:\/\/blogdofarnesio.com.br\/index.php?rest_route=\/wp\/v2\/posts\/223398\/revisions"}],"wp:featuredmedia":[{"embeddable":true,"href":"https:\/\/blogdofarnesio.com.br\/index.php?rest_route=\/wp\/v2\/media\/223399"}],"wp:attachment":[{"href":"https:\/\/blogdofarnesio.com.br\/index.php?rest_route=%2Fwp%2Fv2%2Fmedia&parent=223398"}],"wp:term":[{"taxonomy":"category","embeddable":true,"href":"https:\/\/blogdofarnesio.com.br\/index.php?rest_route=%2Fwp%2Fv2%2Fcategories&post=223398"},{"taxonomy":"post_tag","embeddable":true,"href":"https:\/\/blogdofarnesio.com.br\/index.php?rest_route=%2Fwp%2Fv2%2Ftags&post=223398"}],"curies":[{"name":"wp","href":"https:\/\/api.w.org\/{rel}","templated":true}]}}