{"id":223369,"date":"2019-03-15T15:20:49","date_gmt":"2019-03-15T18:20:49","guid":{"rendered":"http:\/\/quersaberpolitica.com.br\/2016\/?p=223369"},"modified":"2019-03-15T15:30:40","modified_gmt":"2019-03-15T18:30:40","slug":"prefeitura-de-juazeiro-deve-concluir-obra-da-academia-da-saude-na-orla-ii-nos-proximos-dias","status":"publish","type":"post","link":"https:\/\/blogdofarnesio.com.br\/?p=223369","title":{"rendered":"ENTRA NA FASE DE CONCLUS\u00c3O OBRA DA ACADEMIA DA SA\u00daDE NA ORLA II DE JUAZEIRO"},"content":{"rendered":"\n<p>A Prefeitura de Juazeiro atrav\u00e9s da Secretaria de Sa\u00fade (SESAU) deve concluir nos pr\u00f3ximos dias a obra de constru\u00e7\u00e3o da Academia da Sa\u00fade localizada na Orla II. A interven\u00e7\u00e3o est\u00e1 avan\u00e7ada e o espa\u00e7o deve ser inaugurado para a popula\u00e7\u00e3o em breve. Desta maneira a Administra\u00e7\u00e3o Municipal investe em esporte e sa\u00fade para o juazeirense.<\/p>\n\n\n\n<p>Um espa\u00e7o p\u00fablico destinado \u00e0s pr\u00e1ticas corporais, atividade f\u00edsica, de lazer e modos de vida saud\u00e1veis. Esse \u00e9 o principal objetivo da Academia da Sa\u00fade que hoje est\u00e1 na fase de acabamento. \u201cEstamos concluindo a etapa de acabamento com a finaliza\u00e7\u00e3o da pintura\u201d, explica o engenheiro da SESAU, Jean Fonseca<\/p>\n\n\n\n<p>Or\u00e7ada em R$ 196. 631,20 sendo R$ 180.000,00 de recurso federal e R$ 16. 631,20 a contrapartida do munic\u00edpio, a academia conta com espa\u00e7o de acolhimento \u00e0s pessoas, com sala de conviv\u00eancia, dep\u00f3sito e sanit\u00e1rios: masculino e feminino. Na \u00e1rea externa, ter\u00e1 o espa\u00e7o multiuso com equipamentos como barras para flex\u00e3o de bra\u00e7os, barras fixas para apoio de pranchas para exerc\u00edcios abdominais e espaldar.<\/p>\n\n\n\n<p>De acordo com o prefeito Paulo Bomfim foram in\u00fameros os problemas enfrentados pela gest\u00e3o municipal para que a obra fosse conclu\u00edda, \u201cmas mesmo essas barreiras n\u00e3o resistiram \u00e0 for\u00e7a do trabalho, o que tem sido o fator determinante do nosso governo. N\u00e3o \u00e9 f\u00e1cil lidar com obras p\u00fablicas, principalmente no atual momento de crise em que vive o nosso pa\u00eds, mas Juazeiro sai fortalecida desse momento. Com certeza nos pr\u00f3ximos dias, vamos marcar a inaugura\u00e7\u00e3o e entregar esse importante equipamento que ser\u00e1 utilizado pela comunidade na promo\u00e7\u00e3o da sa\u00fade, atrav\u00e9s da pr\u00e1tica de esportiva\u201d, destacou o prefeito Paulo Bomfim.<\/p>\n\n\n\n<p> <br>Gardennia Garibalde\/<strong>SESAU<\/strong> <br><\/p>\n","protected":false},"excerpt":{"rendered":"<p>A Prefeitura de Juazeiro atrav\u00e9s da Secretaria de Sa\u00fade (SESAU) deve concluir nos pr\u00f3ximos dias a obra de constru\u00e7\u00e3o da Academia da Sa\u00fade localizada na Orla II. A interven\u00e7\u00e3o est\u00e1 avan\u00e7ada e o espa\u00e7o deve ser inaugurado para a popula\u00e7\u00e3o em breve. Desta maneira a Administra\u00e7\u00e3o Municipal investe em esporte e sa\u00fade para o juazeirense. Um espa\u00e7o p\u00fablico destinado \u00e0s pr\u00e1ticas corporais, atividade f\u00edsica, de lazer e modos de vida saud\u00e1veis. Esse \u00e9 o principal objetivo da Academia da Sa\u00fade que hoje est\u00e1 na fase de acabamento. \u201cEstamos concluindo a etapa de acabamento com a finaliza\u00e7\u00e3o da pintura\u201d, explica o engenheiro da SESAU, Jean Fonseca Or\u00e7ada em R$ 196. 631,20 sendo R$ 180.000,00 de recurso federal e R$ 16. 631,20&hellip; <\/p>\n","protected":false},"author":1,"featured_media":223372,"comment_status":"closed","ping_status":"closed","sticky":false,"template":"","format":"standard","meta":{"_acf_changed":false,"footnotes":""},"categories":[44],"tags":[],"class_list":["post-223369","post","type-post","status-publish","format-standard","has-post-thumbnail","hentry","category-administracao"],"acf":[],"yoast_head":"<!-- This site is optimized with the Yoast SEO plugin v27.4 - https:\/\/yoast.com\/product\/yoast-seo-wordpress\/ -->\n<title>ENTRA NA FASE DE CONCLUS\u00c3O OBRA DA ACADEMIA DA SA\u00daDE NA ORLA II DE JUAZEIRO - Blog do Farn\u00e9sio<\/title>\n<meta name=\"robots\" content=\"index, follow, max-snippet:-1, max-image-preview:large, max-video-preview:-1\" \/>\n<link rel=\"canonical\" href=\"https:\/\/blogdofarnesio.com.br\/?p=223369\" \/>\n<meta property=\"og:locale\" content=\"pt_BR\" \/>\n<meta property=\"og:type\" content=\"article\" \/>\n<meta property=\"og:title\" content=\"ENTRA NA FASE DE CONCLUS\u00c3O OBRA DA ACADEMIA DA SA\u00daDE NA ORLA II DE JUAZEIRO - Blog do Farn\u00e9sio\" \/>\n<meta property=\"og:description\" content=\"A Prefeitura de Juazeiro atrav\u00e9s da Secretaria de Sa\u00fade (SESAU) deve concluir nos pr\u00f3ximos dias a obra de constru\u00e7\u00e3o da Academia da Sa\u00fade localizada na Orla II. A interven\u00e7\u00e3o est\u00e1 avan\u00e7ada e o espa\u00e7o deve ser inaugurado para a popula\u00e7\u00e3o em breve. Desta maneira a Administra\u00e7\u00e3o Municipal investe em esporte e sa\u00fade para o juazeirense. Um espa\u00e7o p\u00fablico destinado \u00e0s pr\u00e1ticas corporais, atividade f\u00edsica, de lazer e modos de vida saud\u00e1veis. Esse \u00e9 o principal objetivo da Academia da Sa\u00fade que hoje est\u00e1 na fase de acabamento. \u201cEstamos concluindo a etapa de acabamento com a finaliza\u00e7\u00e3o da pintura\u201d, explica o engenheiro da SESAU, Jean Fonseca Or\u00e7ada em R$ 196. 631,20 sendo R$ 180.000,00 de recurso federal e R$ 16. 631,20&hellip;\" \/>\n<meta property=\"og:url\" content=\"https:\/\/blogdofarnesio.com.br\/?p=223369\" \/>\n<meta property=\"og:site_name\" content=\"Blog do Farn\u00e9sio\" \/>\n<meta property=\"article:publisher\" content=\"https:\/\/www.facebook.com\/BlogQuerSaberPolitica\/\" \/>\n<meta property=\"article:published_time\" content=\"2019-03-15T18:20:49+00:00\" \/>\n<meta property=\"article:modified_time\" content=\"2019-03-15T18:30:40+00:00\" \/>\n<meta property=\"og:image\" content=\"https:\/\/blogdofarnesio.com.br\/wp-content\/uploads\/2019\/03\/BLOGQSP-Conclus\u00e3o-Academia-da-Sa\u00fade-1.jpeg\" \/>\n\t<meta property=\"og:image:width\" content=\"601\" \/>\n\t<meta property=\"og:image:height\" content=\"480\" \/>\n\t<meta property=\"og:image:type\" content=\"image\/jpeg\" \/>\n<meta name=\"author\" content=\"Farn\u00e9sio\" \/>\n<meta name=\"twitter:card\" content=\"summary_large_image\" \/>\n<meta name=\"twitter:label1\" content=\"Escrito por\" \/>\n\t<meta name=\"twitter:data1\" content=\"Farn\u00e9sio\" \/>\n\t<meta name=\"twitter:label2\" content=\"Est. tempo de leitura\" \/>\n\t<meta name=\"twitter:data2\" content=\"2 minutos\" \/>\n<script type=\"application\/ld+json\" class=\"yoast-schema-graph\">{\"@context\":\"https:\\\/\\\/schema.org\",\"@graph\":[{\"@type\":\"Article\",\"@id\":\"https:\\\/\\\/blogdofarnesio.com.br\\\/?p=223369#article\",\"isPartOf\":{\"@id\":\"https:\\\/\\\/blogdofarnesio.com.br\\\/?p=223369\"},\"author\":{\"name\":\"Farn\u00e9sio\",\"@id\":\"https:\\\/\\\/blogdofarnesio.com.br\\\/#\\\/schema\\\/person\\\/301c4acf522bccbfdb45af95b5b906a1\"},\"headline\":\"ENTRA NA FASE DE CONCLUS\u00c3O OBRA DA ACADEMIA DA SA\u00daDE NA ORLA II DE JUAZEIRO\",\"datePublished\":\"2019-03-15T18:20:49+00:00\",\"dateModified\":\"2019-03-15T18:30:40+00:00\",\"mainEntityOfPage\":{\"@id\":\"https:\\\/\\\/blogdofarnesio.com.br\\\/?p=223369\"},\"wordCount\":323,\"publisher\":{\"@id\":\"https:\\\/\\\/blogdofarnesio.com.br\\\/#organization\"},\"image\":{\"@id\":\"https:\\\/\\\/blogdofarnesio.com.br\\\/?p=223369#primaryimage\"},\"thumbnailUrl\":\"https:\\\/\\\/blogdofarnesio.com.br\\\/wp-content\\\/uploads\\\/2019\\\/03\\\/BLOGQSP-Conclus\u00e3o-Academia-da-Sa\u00fade-1.jpeg\",\"articleSection\":[\"Administra\u00e7\u00e3o\"],\"inLanguage\":\"pt-BR\"},{\"@type\":\"WebPage\",\"@id\":\"https:\\\/\\\/blogdofarnesio.com.br\\\/?p=223369\",\"url\":\"https:\\\/\\\/blogdofarnesio.com.br\\\/?p=223369\",\"name\":\"ENTRA NA FASE DE CONCLUS\u00c3O OBRA DA ACADEMIA DA SA\u00daDE NA ORLA II DE JUAZEIRO - Blog do Farn\u00e9sio\",\"isPartOf\":{\"@id\":\"https:\\\/\\\/blogdofarnesio.com.br\\\/#website\"},\"primaryImageOfPage\":{\"@id\":\"https:\\\/\\\/blogdofarnesio.com.br\\\/?p=223369#primaryimage\"},\"image\":{\"@id\":\"https:\\\/\\\/blogdofarnesio.com.br\\\/?p=223369#primaryimage\"},\"thumbnailUrl\":\"https:\\\/\\\/blogdofarnesio.com.br\\\/wp-content\\\/uploads\\\/2019\\\/03\\\/BLOGQSP-Conclus\u00e3o-Academia-da-Sa\u00fade-1.jpeg\",\"datePublished\":\"2019-03-15T18:20:49+00:00\",\"dateModified\":\"2019-03-15T18:30:40+00:00\",\"breadcrumb\":{\"@id\":\"https:\\\/\\\/blogdofarnesio.com.br\\\/?p=223369#breadcrumb\"},\"inLanguage\":\"pt-BR\",\"potentialAction\":[{\"@type\":\"ReadAction\",\"target\":[\"https:\\\/\\\/blogdofarnesio.com.br\\\/?p=223369\"]}]},{\"@type\":\"ImageObject\",\"inLanguage\":\"pt-BR\",\"@id\":\"https:\\\/\\\/blogdofarnesio.com.br\\\/?p=223369#primaryimage\",\"url\":\"https:\\\/\\\/blogdofarnesio.com.br\\\/wp-content\\\/uploads\\\/2019\\\/03\\\/BLOGQSP-Conclus\u00e3o-Academia-da-Sa\u00fade-1.jpeg\",\"contentUrl\":\"https:\\\/\\\/blogdofarnesio.com.br\\\/wp-content\\\/uploads\\\/2019\\\/03\\\/BLOGQSP-Conclus\u00e3o-Academia-da-Sa\u00fade-1.jpeg\",\"width\":601,\"height\":480},{\"@type\":\"BreadcrumbList\",\"@id\":\"https:\\\/\\\/blogdofarnesio.com.br\\\/?p=223369#breadcrumb\",\"itemListElement\":[{\"@type\":\"ListItem\",\"position\":1,\"name\":\"In\u00edcio\",\"item\":\"https:\\\/\\\/blogdofarnesio.com.br\\\/\"},{\"@type\":\"ListItem\",\"position\":2,\"name\":\"ENTRA NA FASE DE CONCLUS\u00c3O OBRA DA ACADEMIA DA SA\u00daDE NA ORLA II DE JUAZEIRO\"}]},{\"@type\":\"WebSite\",\"@id\":\"https:\\\/\\\/blogdofarnesio.com.br\\\/#website\",\"url\":\"https:\\\/\\\/blogdofarnesio.com.br\\\/\",\"name\":\"Blog do Farn\u00e9sio\",\"description\":\"Quer Saber Pol\u00edtica?\",\"publisher\":{\"@id\":\"https:\\\/\\\/blogdofarnesio.com.br\\\/#organization\"},\"potentialAction\":[{\"@type\":\"SearchAction\",\"target\":{\"@type\":\"EntryPoint\",\"urlTemplate\":\"https:\\\/\\\/blogdofarnesio.com.br\\\/?s={search_term_string}\"},\"query-input\":{\"@type\":\"PropertyValueSpecification\",\"valueRequired\":true,\"valueName\":\"search_term_string\"}}],\"inLanguage\":\"pt-BR\"},{\"@type\":\"Organization\",\"@id\":\"https:\\\/\\\/blogdofarnesio.com.br\\\/#organization\",\"name\":\"Blog do Farn\u00e9sio\",\"url\":\"https:\\\/\\\/blogdofarnesio.com.br\\\/\",\"logo\":{\"@type\":\"ImageObject\",\"inLanguage\":\"pt-BR\",\"@id\":\"https:\\\/\\\/blogdofarnesio.com.br\\\/#\\\/schema\\\/logo\\\/image\\\/\",\"url\":\"https:\\\/\\\/blogdofarnesio.com.br\\\/wp-content\\\/uploads\\\/2026\\\/03\\\/cropped-logo_new-1.png\",\"contentUrl\":\"https:\\\/\\\/blogdofarnesio.com.br\\\/wp-content\\\/uploads\\\/2026\\\/03\\\/cropped-logo_new-1.png\",\"width\":881,\"height\":685,\"caption\":\"Blog do Farn\u00e9sio\"},\"image\":{\"@id\":\"https:\\\/\\\/blogdofarnesio.com.br\\\/#\\\/schema\\\/logo\\\/image\\\/\"},\"sameAs\":[\"https:\\\/\\\/www.facebook.com\\\/BlogQuerSaberPolitica\\\/\"]},{\"@type\":\"Person\",\"@id\":\"https:\\\/\\\/blogdofarnesio.com.br\\\/#\\\/schema\\\/person\\\/301c4acf522bccbfdb45af95b5b906a1\",\"name\":\"Farn\u00e9sio\",\"image\":{\"@type\":\"ImageObject\",\"inLanguage\":\"pt-BR\",\"@id\":\"https:\\\/\\\/secure.gravatar.com\\\/avatar\\\/df0c9a14567c056f8ad6876ba5bbd1e3e2c48023eb6807342fc4663adf549f38?s=96&d=mm&r=g\",\"url\":\"https:\\\/\\\/secure.gravatar.com\\\/avatar\\\/df0c9a14567c056f8ad6876ba5bbd1e3e2c48023eb6807342fc4663adf549f38?s=96&d=mm&r=g\",\"contentUrl\":\"https:\\\/\\\/secure.gravatar.com\\\/avatar\\\/df0c9a14567c056f8ad6876ba5bbd1e3e2c48023eb6807342fc4663adf549f38?s=96&d=mm&r=g\",\"caption\":\"Farn\u00e9sio\"},\"sameAs\":[\"https:\\\/\\\/quersaberpolitica.com.br\"],\"url\":\"https:\\\/\\\/blogdofarnesio.com.br\\\/?author=1\"}]}<\/script>\n<!-- \/ Yoast SEO plugin. -->","yoast_head_json":{"title":"ENTRA NA FASE DE CONCLUS\u00c3O OBRA DA ACADEMIA DA SA\u00daDE NA ORLA II DE JUAZEIRO - Blog do Farn\u00e9sio","robots":{"index":"index","follow":"follow","max-snippet":"max-snippet:-1","max-image-preview":"max-image-preview:large","max-video-preview":"max-video-preview:-1"},"canonical":"https:\/\/blogdofarnesio.com.br\/?p=223369","og_locale":"pt_BR","og_type":"article","og_title":"ENTRA NA FASE DE CONCLUS\u00c3O OBRA DA ACADEMIA DA SA\u00daDE NA ORLA II DE JUAZEIRO - Blog do Farn\u00e9sio","og_description":"A Prefeitura de Juazeiro atrav\u00e9s da Secretaria de Sa\u00fade (SESAU) deve concluir nos pr\u00f3ximos dias a obra de constru\u00e7\u00e3o da Academia da Sa\u00fade localizada na Orla II. A interven\u00e7\u00e3o est\u00e1 avan\u00e7ada e o espa\u00e7o deve ser inaugurado para a popula\u00e7\u00e3o em breve. Desta maneira a Administra\u00e7\u00e3o Municipal investe em esporte e sa\u00fade para o juazeirense. Um espa\u00e7o p\u00fablico destinado \u00e0s pr\u00e1ticas corporais, atividade f\u00edsica, de lazer e modos de vida saud\u00e1veis. Esse \u00e9 o principal objetivo da Academia da Sa\u00fade que hoje est\u00e1 na fase de acabamento. \u201cEstamos concluindo a etapa de acabamento com a finaliza\u00e7\u00e3o da pintura\u201d, explica o engenheiro da SESAU, Jean Fonseca Or\u00e7ada em R$ 196. 631,20 sendo R$ 180.000,00 de recurso federal e R$ 16. 631,20&hellip;","og_url":"https:\/\/blogdofarnesio.com.br\/?p=223369","og_site_name":"Blog do Farn\u00e9sio","article_publisher":"https:\/\/www.facebook.com\/BlogQuerSaberPolitica\/","article_published_time":"2019-03-15T18:20:49+00:00","article_modified_time":"2019-03-15T18:30:40+00:00","og_image":[{"width":601,"height":480,"url":"https:\/\/blogdofarnesio.com.br\/wp-content\/uploads\/2019\/03\/BLOGQSP-Conclus\u00e3o-Academia-da-Sa\u00fade-1.jpeg","type":"image\/jpeg"}],"author":"Farn\u00e9sio","twitter_card":"summary_large_image","twitter_misc":{"Escrito por":"Farn\u00e9sio","Est. tempo de leitura":"2 minutos"},"schema":{"@context":"https:\/\/schema.org","@graph":[{"@type":"Article","@id":"https:\/\/blogdofarnesio.com.br\/?p=223369#article","isPartOf":{"@id":"https:\/\/blogdofarnesio.com.br\/?p=223369"},"author":{"name":"Farn\u00e9sio","@id":"https:\/\/blogdofarnesio.com.br\/#\/schema\/person\/301c4acf522bccbfdb45af95b5b906a1"},"headline":"ENTRA NA FASE DE CONCLUS\u00c3O OBRA DA ACADEMIA DA SA\u00daDE NA ORLA II DE JUAZEIRO","datePublished":"2019-03-15T18:20:49+00:00","dateModified":"2019-03-15T18:30:40+00:00","mainEntityOfPage":{"@id":"https:\/\/blogdofarnesio.com.br\/?p=223369"},"wordCount":323,"publisher":{"@id":"https:\/\/blogdofarnesio.com.br\/#organization"},"image":{"@id":"https:\/\/blogdofarnesio.com.br\/?p=223369#primaryimage"},"thumbnailUrl":"https:\/\/blogdofarnesio.com.br\/wp-content\/uploads\/2019\/03\/BLOGQSP-Conclus\u00e3o-Academia-da-Sa\u00fade-1.jpeg","articleSection":["Administra\u00e7\u00e3o"],"inLanguage":"pt-BR"},{"@type":"WebPage","@id":"https:\/\/blogdofarnesio.com.br\/?p=223369","url":"https:\/\/blogdofarnesio.com.br\/?p=223369","name":"ENTRA NA FASE DE CONCLUS\u00c3O OBRA DA ACADEMIA DA SA\u00daDE NA ORLA II DE JUAZEIRO - Blog do Farn\u00e9sio","isPartOf":{"@id":"https:\/\/blogdofarnesio.com.br\/#website"},"primaryImageOfPage":{"@id":"https:\/\/blogdofarnesio.com.br\/?p=223369#primaryimage"},"image":{"@id":"https:\/\/blogdofarnesio.com.br\/?p=223369#primaryimage"},"thumbnailUrl":"https:\/\/blogdofarnesio.com.br\/wp-content\/uploads\/2019\/03\/BLOGQSP-Conclus\u00e3o-Academia-da-Sa\u00fade-1.jpeg","datePublished":"2019-03-15T18:20:49+00:00","dateModified":"2019-03-15T18:30:40+00:00","breadcrumb":{"@id":"https:\/\/blogdofarnesio.com.br\/?p=223369#breadcrumb"},"inLanguage":"pt-BR","potentialAction":[{"@type":"ReadAction","target":["https:\/\/blogdofarnesio.com.br\/?p=223369"]}]},{"@type":"ImageObject","inLanguage":"pt-BR","@id":"https:\/\/blogdofarnesio.com.br\/?p=223369#primaryimage","url":"https:\/\/blogdofarnesio.com.br\/wp-content\/uploads\/2019\/03\/BLOGQSP-Conclus\u00e3o-Academia-da-Sa\u00fade-1.jpeg","contentUrl":"https:\/\/blogdofarnesio.com.br\/wp-content\/uploads\/2019\/03\/BLOGQSP-Conclus\u00e3o-Academia-da-Sa\u00fade-1.jpeg","width":601,"height":480},{"@type":"BreadcrumbList","@id":"https:\/\/blogdofarnesio.com.br\/?p=223369#breadcrumb","itemListElement":[{"@type":"ListItem","position":1,"name":"In\u00edcio","item":"https:\/\/blogdofarnesio.com.br\/"},{"@type":"ListItem","position":2,"name":"ENTRA NA FASE DE CONCLUS\u00c3O OBRA DA ACADEMIA DA SA\u00daDE NA ORLA II DE JUAZEIRO"}]},{"@type":"WebSite","@id":"https:\/\/blogdofarnesio.com.br\/#website","url":"https:\/\/blogdofarnesio.com.br\/","name":"Blog do Farn\u00e9sio","description":"Quer Saber Pol\u00edtica?","publisher":{"@id":"https:\/\/blogdofarnesio.com.br\/#organization"},"potentialAction":[{"@type":"SearchAction","target":{"@type":"EntryPoint","urlTemplate":"https:\/\/blogdofarnesio.com.br\/?s={search_term_string}"},"query-input":{"@type":"PropertyValueSpecification","valueRequired":true,"valueName":"search_term_string"}}],"inLanguage":"pt-BR"},{"@type":"Organization","@id":"https:\/\/blogdofarnesio.com.br\/#organization","name":"Blog do Farn\u00e9sio","url":"https:\/\/blogdofarnesio.com.br\/","logo":{"@type":"ImageObject","inLanguage":"pt-BR","@id":"https:\/\/blogdofarnesio.com.br\/#\/schema\/logo\/image\/","url":"https:\/\/blogdofarnesio.com.br\/wp-content\/uploads\/2026\/03\/cropped-logo_new-1.png","contentUrl":"https:\/\/blogdofarnesio.com.br\/wp-content\/uploads\/2026\/03\/cropped-logo_new-1.png","width":881,"height":685,"caption":"Blog do Farn\u00e9sio"},"image":{"@id":"https:\/\/blogdofarnesio.com.br\/#\/schema\/logo\/image\/"},"sameAs":["https:\/\/www.facebook.com\/BlogQuerSaberPolitica\/"]},{"@type":"Person","@id":"https:\/\/blogdofarnesio.com.br\/#\/schema\/person\/301c4acf522bccbfdb45af95b5b906a1","name":"Farn\u00e9sio","image":{"@type":"ImageObject","inLanguage":"pt-BR","@id":"https:\/\/secure.gravatar.com\/avatar\/df0c9a14567c056f8ad6876ba5bbd1e3e2c48023eb6807342fc4663adf549f38?s=96&d=mm&r=g","url":"https:\/\/secure.gravatar.com\/avatar\/df0c9a14567c056f8ad6876ba5bbd1e3e2c48023eb6807342fc4663adf549f38?s=96&d=mm&r=g","contentUrl":"https:\/\/secure.gravatar.com\/avatar\/df0c9a14567c056f8ad6876ba5bbd1e3e2c48023eb6807342fc4663adf549f38?s=96&d=mm&r=g","caption":"Farn\u00e9sio"},"sameAs":["https:\/\/quersaberpolitica.com.br"],"url":"https:\/\/blogdofarnesio.com.br\/?author=1"}]}},"_links":{"self":[{"href":"https:\/\/blogdofarnesio.com.br\/index.php?rest_route=\/wp\/v2\/posts\/223369","targetHints":{"allow":["GET"]}}],"collection":[{"href":"https:\/\/blogdofarnesio.com.br\/index.php?rest_route=\/wp\/v2\/posts"}],"about":[{"href":"https:\/\/blogdofarnesio.com.br\/index.php?rest_route=\/wp\/v2\/types\/post"}],"author":[{"embeddable":true,"href":"https:\/\/blogdofarnesio.com.br\/index.php?rest_route=\/wp\/v2\/users\/1"}],"replies":[{"embeddable":true,"href":"https:\/\/blogdofarnesio.com.br\/index.php?rest_route=%2Fwp%2Fv2%2Fcomments&post=223369"}],"version-history":[{"count":0,"href":"https:\/\/blogdofarnesio.com.br\/index.php?rest_route=\/wp\/v2\/posts\/223369\/revisions"}],"wp:featuredmedia":[{"embeddable":true,"href":"https:\/\/blogdofarnesio.com.br\/index.php?rest_route=\/wp\/v2\/media\/223372"}],"wp:attachment":[{"href":"https:\/\/blogdofarnesio.com.br\/index.php?rest_route=%2Fwp%2Fv2%2Fmedia&parent=223369"}],"wp:term":[{"taxonomy":"category","embeddable":true,"href":"https:\/\/blogdofarnesio.com.br\/index.php?rest_route=%2Fwp%2Fv2%2Fcategories&post=223369"},{"taxonomy":"post_tag","embeddable":true,"href":"https:\/\/blogdofarnesio.com.br\/index.php?rest_route=%2Fwp%2Fv2%2Ftags&post=223369"}],"curies":[{"name":"wp","href":"https:\/\/api.w.org\/{rel}","templated":true}]}}