{"id":22328,"date":"2013-01-06T16:27:17","date_gmt":"2013-01-06T19:27:17","guid":{"rendered":"http:\/\/www.quersaberpolitica.com.br\/?p=22328"},"modified":"2013-01-06T15:55:29","modified_gmt":"2013-01-06T18:55:29","slug":"sema-e-inema-realizam-concurso-neste-domingo","status":"publish","type":"post","link":"https:\/\/blogdofarnesio.com.br\/?p=22328","title":{"rendered":"SEMA E INEMA REALIZAM CONCURSO NESTE DOMINGO"},"content":{"rendered":"<h3><a href=\"http:\/\/www.quersaberpolitica.com.br\/2016\/wp-content\/uploads\/2013\/01\/blogqspconcurso.jpg\"><img loading=\"lazy\" decoding=\"async\" class=\"alignleft size-full wp-image-22329\" src=\"http:\/\/www.quersaberpolitica.com.br\/2016\/wp-content\/uploads\/2013\/01\/blogqspconcurso.jpg\" alt=\"\" width=\"262\" height=\"193\" \/><\/a><\/h3>\n<div style=\"text-align: justify\">est\u00e3o sendo aplicadas neste domingo (6) as provas objetivas e discursiva do concurso p\u00fablico da Secretaria do Meio Ambiente e do Instituto do Meio Ambiente e Recursos H\u00eddricos (Sema\/Inema), para os cargos de Especialista e T\u00e9cnico em Meio Ambiente e Recursos H\u00eddricos.<\/p>\n<div>Realizado pela Secretaria da Administra\u00e7\u00e3o (Saeb), o certame \u00e9 organizado pelo Centro de Sele\u00e7\u00e3o e de Promo\u00e7\u00e3o de Eventos (Cespe\/UnB). As provas para o cargo de Especialista ter\u00e3o in\u00edcio \u00e0s 8h, hor\u00e1rio local. J\u00e1 para quem concorre a uma das vagas para T\u00e9cnico, as provas ter\u00e3o in\u00edcio \u00e0s 15h, tamb\u00e9m em hor\u00e1rio local.<\/div>\n<div>Os candidatos inscritos encontram todas as orienta\u00e7\u00f5es para o concurso e os locais de provas no\u00a0<a href=\"http:\/\/www.cespe.unb.br\/\" target=\"_blank\">site do Cespe\/UnB<\/a>\u00a0e no\u00a0<a href=\"http:\/\/www.portaldoservidor.ba.gov.br\/\" target=\"_blank\">Portal do Servidor<\/a>. O candidato inscrito somente poder\u00e1 realizar as provas no local designado na consulta individual realizada no endere\u00e7o eletr\u00f4nico da Cespe\/UnB.\u00a0<!--more-->\u00c9 necess\u00e1rio comparecer ao local indicado para as provas com anteced\u00eancia m\u00ednima de uma hora do hor\u00e1rio fixado para o seu in\u00edcio, munidos de caneta esferogr\u00e1fica de tinta preta, fabricada em material transparente, al\u00e9m do comprovante de inscri\u00e7\u00e3o e do documento de identidade original. As provas ser\u00e3o aplicadas nas seguintes cidades: Salvador, Barreiras, Juazeiro e Vit\u00f3ria da Conquista, com dura\u00e7\u00e3o de 4 horas e 30 minutos.<\/p>\n<p>O concurso vai preencher 179 vagas, sendo 139 destinadas ao cargo de Especialista e 40 para o cargo de T\u00e9cnico. Com 40 horas de trabalho semanais, os cargos t\u00eam remunera\u00e7\u00e3o inicial de R$ 5.047,96 (Especialista) e R$ 1.360,55 (T\u00e9cnico).<\/p>\n<p>Al\u00e9m do concurso da Sema\/Inema, o Estado est\u00e1 realizando concursos para a Pol\u00edcia Militar e para a Superintend\u00eancia de Estudos Econ\u00f4micos e Sociais da Bahia (SEI). Ao todo, os tr\u00eas concursos totalizam 2.209 novas vagas para ingresso na administra\u00e7\u00e3o p\u00fablica estadual.<\/p>\n<\/div>\n<\/div>\n","protected":false},"excerpt":{"rendered":"<p>est\u00e3o sendo aplicadas neste domingo (6) as provas objetivas e discursiva do concurso p\u00fablico da Secretaria do Meio Ambiente e do Instituto do Meio Ambiente e Recursos H\u00eddricos (Sema\/Inema), para os cargos de Especialista e T\u00e9cnico em Meio Ambiente e Recursos H\u00eddricos. Realizado pela Secretaria da Administra\u00e7\u00e3o (Saeb), o certame \u00e9 organizado pelo Centro de Sele\u00e7\u00e3o e de Promo\u00e7\u00e3o de Eventos (Cespe\/UnB). As provas para o cargo de Especialista ter\u00e3o in\u00edcio \u00e0s 8h, hor\u00e1rio local. J\u00e1 para quem concorre a uma das vagas para T\u00e9cnico, as provas ter\u00e3o in\u00edcio \u00e0s 15h, tamb\u00e9m em hor\u00e1rio local. Os candidatos inscritos encontram todas as orienta\u00e7\u00f5es para o concurso e os locais de provas no\u00a0site do Cespe\/UnB\u00a0e no\u00a0Portal do Servidor. O candidato inscrito somente&hellip; <\/p>\n","protected":false},"author":3,"featured_media":0,"comment_status":"open","ping_status":"open","sticky":false,"template":"","format":"standard","meta":{"_acf_changed":false,"footnotes":""},"categories":[31],"tags":[],"class_list":["post-22328","post","type-post","status-publish","format-standard","hentry","category-concursos"],"acf":[],"yoast_head":"<!-- This site is optimized with the Yoast SEO plugin v27.4 - https:\/\/yoast.com\/product\/yoast-seo-wordpress\/ -->\n<title>SEMA E INEMA REALIZAM CONCURSO NESTE DOMINGO  - Blog do Farn\u00e9sio<\/title>\n<meta name=\"robots\" content=\"index, follow, max-snippet:-1, max-image-preview:large, max-video-preview:-1\" \/>\n<link rel=\"canonical\" href=\"https:\/\/blogdofarnesio.com.br\/?p=22328\" \/>\n<meta property=\"og:locale\" content=\"pt_BR\" \/>\n<meta property=\"og:type\" content=\"article\" \/>\n<meta property=\"og:title\" content=\"SEMA E INEMA REALIZAM CONCURSO NESTE DOMINGO  - Blog do Farn\u00e9sio\" \/>\n<meta property=\"og:description\" content=\"est\u00e3o sendo aplicadas neste domingo (6) as provas objetivas e discursiva do concurso p\u00fablico da Secretaria do Meio Ambiente e do Instituto do Meio Ambiente e Recursos H\u00eddricos (Sema\/Inema), para os cargos de Especialista e T\u00e9cnico em Meio Ambiente e Recursos H\u00eddricos. Realizado pela Secretaria da Administra\u00e7\u00e3o (Saeb), o certame \u00e9 organizado pelo Centro de Sele\u00e7\u00e3o e de Promo\u00e7\u00e3o de Eventos (Cespe\/UnB). As provas para o cargo de Especialista ter\u00e3o in\u00edcio \u00e0s 8h, hor\u00e1rio local. J\u00e1 para quem concorre a uma das vagas para T\u00e9cnico, as provas ter\u00e3o in\u00edcio \u00e0s 15h, tamb\u00e9m em hor\u00e1rio local. Os candidatos inscritos encontram todas as orienta\u00e7\u00f5es para o concurso e os locais de provas no\u00a0site do Cespe\/UnB\u00a0e no\u00a0Portal do Servidor. O candidato inscrito somente&hellip;\" \/>\n<meta property=\"og:url\" content=\"https:\/\/blogdofarnesio.com.br\/?p=22328\" \/>\n<meta property=\"og:site_name\" content=\"Blog do Farn\u00e9sio\" \/>\n<meta property=\"article:publisher\" content=\"https:\/\/www.facebook.com\/BlogQuerSaberPolitica\/\" \/>\n<meta property=\"article:published_time\" content=\"2013-01-06T19:27:17+00:00\" \/>\n<meta property=\"og:image\" content=\"http:\/\/www.quersaberpolitica.com.br\/2016\/wp-content\/uploads\/2013\/01\/blogqspconcurso.jpg\" \/>\n<meta name=\"author\" content=\"teste\" \/>\n<meta name=\"twitter:card\" content=\"summary_large_image\" \/>\n<meta name=\"twitter:label1\" content=\"Escrito por\" \/>\n\t<meta name=\"twitter:data1\" content=\"teste\" \/>\n\t<meta name=\"twitter:label2\" content=\"Est. tempo de leitura\" \/>\n\t<meta name=\"twitter:data2\" content=\"2 minutos\" \/>\n<script type=\"application\/ld+json\" class=\"yoast-schema-graph\">{\"@context\":\"https:\\\/\\\/schema.org\",\"@graph\":[{\"@type\":\"Article\",\"@id\":\"https:\\\/\\\/blogdofarnesio.com.br\\\/?p=22328#article\",\"isPartOf\":{\"@id\":\"https:\\\/\\\/blogdofarnesio.com.br\\\/?p=22328\"},\"author\":{\"name\":\"teste\",\"@id\":\"https:\\\/\\\/blogdofarnesio.com.br\\\/#\\\/schema\\\/person\\\/dd1bf5eba40b687199ba45ca6b97dff9\"},\"headline\":\"SEMA E INEMA REALIZAM CONCURSO NESTE DOMINGO\",\"datePublished\":\"2013-01-06T19:27:17+00:00\",\"mainEntityOfPage\":{\"@id\":\"https:\\\/\\\/blogdofarnesio.com.br\\\/?p=22328\"},\"wordCount\":326,\"commentCount\":0,\"publisher\":{\"@id\":\"https:\\\/\\\/blogdofarnesio.com.br\\\/#organization\"},\"image\":{\"@id\":\"https:\\\/\\\/blogdofarnesio.com.br\\\/?p=22328#primaryimage\"},\"thumbnailUrl\":\"http:\\\/\\\/www.quersaberpolitica.com.br\\\/2016\\\/wp-content\\\/uploads\\\/2013\\\/01\\\/blogqspconcurso.jpg\",\"articleSection\":[\"Concursos\"],\"inLanguage\":\"pt-BR\",\"potentialAction\":[{\"@type\":\"CommentAction\",\"name\":\"Comment\",\"target\":[\"https:\\\/\\\/blogdofarnesio.com.br\\\/?p=22328#respond\"]}]},{\"@type\":\"WebPage\",\"@id\":\"https:\\\/\\\/blogdofarnesio.com.br\\\/?p=22328\",\"url\":\"https:\\\/\\\/blogdofarnesio.com.br\\\/?p=22328\",\"name\":\"SEMA E INEMA REALIZAM CONCURSO NESTE DOMINGO - Blog do Farn\u00e9sio\",\"isPartOf\":{\"@id\":\"https:\\\/\\\/blogdofarnesio.com.br\\\/#website\"},\"primaryImageOfPage\":{\"@id\":\"https:\\\/\\\/blogdofarnesio.com.br\\\/?p=22328#primaryimage\"},\"image\":{\"@id\":\"https:\\\/\\\/blogdofarnesio.com.br\\\/?p=22328#primaryimage\"},\"thumbnailUrl\":\"http:\\\/\\\/www.quersaberpolitica.com.br\\\/2016\\\/wp-content\\\/uploads\\\/2013\\\/01\\\/blogqspconcurso.jpg\",\"datePublished\":\"2013-01-06T19:27:17+00:00\",\"breadcrumb\":{\"@id\":\"https:\\\/\\\/blogdofarnesio.com.br\\\/?p=22328#breadcrumb\"},\"inLanguage\":\"pt-BR\",\"potentialAction\":[{\"@type\":\"ReadAction\",\"target\":[\"https:\\\/\\\/blogdofarnesio.com.br\\\/?p=22328\"]}]},{\"@type\":\"ImageObject\",\"inLanguage\":\"pt-BR\",\"@id\":\"https:\\\/\\\/blogdofarnesio.com.br\\\/?p=22328#primaryimage\",\"url\":\"http:\\\/\\\/www.quersaberpolitica.com.br\\\/2016\\\/wp-content\\\/uploads\\\/2013\\\/01\\\/blogqspconcurso.jpg\",\"contentUrl\":\"http:\\\/\\\/www.quersaberpolitica.com.br\\\/2016\\\/wp-content\\\/uploads\\\/2013\\\/01\\\/blogqspconcurso.jpg\"},{\"@type\":\"BreadcrumbList\",\"@id\":\"https:\\\/\\\/blogdofarnesio.com.br\\\/?p=22328#breadcrumb\",\"itemListElement\":[{\"@type\":\"ListItem\",\"position\":1,\"name\":\"In\u00edcio\",\"item\":\"https:\\\/\\\/blogdofarnesio.com.br\\\/\"},{\"@type\":\"ListItem\",\"position\":2,\"name\":\"SEMA E INEMA REALIZAM CONCURSO NESTE DOMINGO\"}]},{\"@type\":\"WebSite\",\"@id\":\"https:\\\/\\\/blogdofarnesio.com.br\\\/#website\",\"url\":\"https:\\\/\\\/blogdofarnesio.com.br\\\/\",\"name\":\"Blog do Farn\u00e9sio\",\"description\":\"Quer Saber Pol\u00edtica?\",\"publisher\":{\"@id\":\"https:\\\/\\\/blogdofarnesio.com.br\\\/#organization\"},\"potentialAction\":[{\"@type\":\"SearchAction\",\"target\":{\"@type\":\"EntryPoint\",\"urlTemplate\":\"https:\\\/\\\/blogdofarnesio.com.br\\\/?s={search_term_string}\"},\"query-input\":{\"@type\":\"PropertyValueSpecification\",\"valueRequired\":true,\"valueName\":\"search_term_string\"}}],\"inLanguage\":\"pt-BR\"},{\"@type\":\"Organization\",\"@id\":\"https:\\\/\\\/blogdofarnesio.com.br\\\/#organization\",\"name\":\"Blog do Farn\u00e9sio\",\"url\":\"https:\\\/\\\/blogdofarnesio.com.br\\\/\",\"logo\":{\"@type\":\"ImageObject\",\"inLanguage\":\"pt-BR\",\"@id\":\"https:\\\/\\\/blogdofarnesio.com.br\\\/#\\\/schema\\\/logo\\\/image\\\/\",\"url\":\"https:\\\/\\\/blogdofarnesio.com.br\\\/wp-content\\\/uploads\\\/2026\\\/03\\\/cropped-logo_new-1.png\",\"contentUrl\":\"https:\\\/\\\/blogdofarnesio.com.br\\\/wp-content\\\/uploads\\\/2026\\\/03\\\/cropped-logo_new-1.png\",\"width\":881,\"height\":685,\"caption\":\"Blog do Farn\u00e9sio\"},\"image\":{\"@id\":\"https:\\\/\\\/blogdofarnesio.com.br\\\/#\\\/schema\\\/logo\\\/image\\\/\"},\"sameAs\":[\"https:\\\/\\\/www.facebook.com\\\/BlogQuerSaberPolitica\\\/\"]},{\"@type\":\"Person\",\"@id\":\"https:\\\/\\\/blogdofarnesio.com.br\\\/#\\\/schema\\\/person\\\/dd1bf5eba40b687199ba45ca6b97dff9\",\"name\":\"teste\",\"image\":{\"@type\":\"ImageObject\",\"inLanguage\":\"pt-BR\",\"@id\":\"https:\\\/\\\/secure.gravatar.com\\\/avatar\\\/2172498d4914b51e1d89a0f97957b035ac4938723a5cac208135d389b6972a6d?s=96&d=mm&r=g\",\"url\":\"https:\\\/\\\/secure.gravatar.com\\\/avatar\\\/2172498d4914b51e1d89a0f97957b035ac4938723a5cac208135d389b6972a6d?s=96&d=mm&r=g\",\"contentUrl\":\"https:\\\/\\\/secure.gravatar.com\\\/avatar\\\/2172498d4914b51e1d89a0f97957b035ac4938723a5cac208135d389b6972a6d?s=96&d=mm&r=g\",\"caption\":\"teste\"},\"url\":\"https:\\\/\\\/blogdofarnesio.com.br\\\/?author=3\"}]}<\/script>\n<!-- \/ Yoast SEO plugin. -->","yoast_head_json":{"title":"SEMA E INEMA REALIZAM CONCURSO NESTE DOMINGO  - Blog do Farn\u00e9sio","robots":{"index":"index","follow":"follow","max-snippet":"max-snippet:-1","max-image-preview":"max-image-preview:large","max-video-preview":"max-video-preview:-1"},"canonical":"https:\/\/blogdofarnesio.com.br\/?p=22328","og_locale":"pt_BR","og_type":"article","og_title":"SEMA E INEMA REALIZAM CONCURSO NESTE DOMINGO  - Blog do Farn\u00e9sio","og_description":"est\u00e3o sendo aplicadas neste domingo (6) as provas objetivas e discursiva do concurso p\u00fablico da Secretaria do Meio Ambiente e do Instituto do Meio Ambiente e Recursos H\u00eddricos (Sema\/Inema), para os cargos de Especialista e T\u00e9cnico em Meio Ambiente e Recursos H\u00eddricos. Realizado pela Secretaria da Administra\u00e7\u00e3o (Saeb), o certame \u00e9 organizado pelo Centro de Sele\u00e7\u00e3o e de Promo\u00e7\u00e3o de Eventos (Cespe\/UnB). As provas para o cargo de Especialista ter\u00e3o in\u00edcio \u00e0s 8h, hor\u00e1rio local. J\u00e1 para quem concorre a uma das vagas para T\u00e9cnico, as provas ter\u00e3o in\u00edcio \u00e0s 15h, tamb\u00e9m em hor\u00e1rio local. Os candidatos inscritos encontram todas as orienta\u00e7\u00f5es para o concurso e os locais de provas no\u00a0site do Cespe\/UnB\u00a0e no\u00a0Portal do Servidor. O candidato inscrito somente&hellip;","og_url":"https:\/\/blogdofarnesio.com.br\/?p=22328","og_site_name":"Blog do Farn\u00e9sio","article_publisher":"https:\/\/www.facebook.com\/BlogQuerSaberPolitica\/","article_published_time":"2013-01-06T19:27:17+00:00","og_image":[{"url":"http:\/\/www.quersaberpolitica.com.br\/2016\/wp-content\/uploads\/2013\/01\/blogqspconcurso.jpg","type":"","width":"","height":""}],"author":"teste","twitter_card":"summary_large_image","twitter_misc":{"Escrito por":"teste","Est. tempo de leitura":"2 minutos"},"schema":{"@context":"https:\/\/schema.org","@graph":[{"@type":"Article","@id":"https:\/\/blogdofarnesio.com.br\/?p=22328#article","isPartOf":{"@id":"https:\/\/blogdofarnesio.com.br\/?p=22328"},"author":{"name":"teste","@id":"https:\/\/blogdofarnesio.com.br\/#\/schema\/person\/dd1bf5eba40b687199ba45ca6b97dff9"},"headline":"SEMA E INEMA REALIZAM CONCURSO NESTE DOMINGO","datePublished":"2013-01-06T19:27:17+00:00","mainEntityOfPage":{"@id":"https:\/\/blogdofarnesio.com.br\/?p=22328"},"wordCount":326,"commentCount":0,"publisher":{"@id":"https:\/\/blogdofarnesio.com.br\/#organization"},"image":{"@id":"https:\/\/blogdofarnesio.com.br\/?p=22328#primaryimage"},"thumbnailUrl":"http:\/\/www.quersaberpolitica.com.br\/2016\/wp-content\/uploads\/2013\/01\/blogqspconcurso.jpg","articleSection":["Concursos"],"inLanguage":"pt-BR","potentialAction":[{"@type":"CommentAction","name":"Comment","target":["https:\/\/blogdofarnesio.com.br\/?p=22328#respond"]}]},{"@type":"WebPage","@id":"https:\/\/blogdofarnesio.com.br\/?p=22328","url":"https:\/\/blogdofarnesio.com.br\/?p=22328","name":"SEMA E INEMA REALIZAM CONCURSO NESTE DOMINGO - Blog do Farn\u00e9sio","isPartOf":{"@id":"https:\/\/blogdofarnesio.com.br\/#website"},"primaryImageOfPage":{"@id":"https:\/\/blogdofarnesio.com.br\/?p=22328#primaryimage"},"image":{"@id":"https:\/\/blogdofarnesio.com.br\/?p=22328#primaryimage"},"thumbnailUrl":"http:\/\/www.quersaberpolitica.com.br\/2016\/wp-content\/uploads\/2013\/01\/blogqspconcurso.jpg","datePublished":"2013-01-06T19:27:17+00:00","breadcrumb":{"@id":"https:\/\/blogdofarnesio.com.br\/?p=22328#breadcrumb"},"inLanguage":"pt-BR","potentialAction":[{"@type":"ReadAction","target":["https:\/\/blogdofarnesio.com.br\/?p=22328"]}]},{"@type":"ImageObject","inLanguage":"pt-BR","@id":"https:\/\/blogdofarnesio.com.br\/?p=22328#primaryimage","url":"http:\/\/www.quersaberpolitica.com.br\/2016\/wp-content\/uploads\/2013\/01\/blogqspconcurso.jpg","contentUrl":"http:\/\/www.quersaberpolitica.com.br\/2016\/wp-content\/uploads\/2013\/01\/blogqspconcurso.jpg"},{"@type":"BreadcrumbList","@id":"https:\/\/blogdofarnesio.com.br\/?p=22328#breadcrumb","itemListElement":[{"@type":"ListItem","position":1,"name":"In\u00edcio","item":"https:\/\/blogdofarnesio.com.br\/"},{"@type":"ListItem","position":2,"name":"SEMA E INEMA REALIZAM CONCURSO NESTE DOMINGO"}]},{"@type":"WebSite","@id":"https:\/\/blogdofarnesio.com.br\/#website","url":"https:\/\/blogdofarnesio.com.br\/","name":"Blog do Farn\u00e9sio","description":"Quer Saber Pol\u00edtica?","publisher":{"@id":"https:\/\/blogdofarnesio.com.br\/#organization"},"potentialAction":[{"@type":"SearchAction","target":{"@type":"EntryPoint","urlTemplate":"https:\/\/blogdofarnesio.com.br\/?s={search_term_string}"},"query-input":{"@type":"PropertyValueSpecification","valueRequired":true,"valueName":"search_term_string"}}],"inLanguage":"pt-BR"},{"@type":"Organization","@id":"https:\/\/blogdofarnesio.com.br\/#organization","name":"Blog do Farn\u00e9sio","url":"https:\/\/blogdofarnesio.com.br\/","logo":{"@type":"ImageObject","inLanguage":"pt-BR","@id":"https:\/\/blogdofarnesio.com.br\/#\/schema\/logo\/image\/","url":"https:\/\/blogdofarnesio.com.br\/wp-content\/uploads\/2026\/03\/cropped-logo_new-1.png","contentUrl":"https:\/\/blogdofarnesio.com.br\/wp-content\/uploads\/2026\/03\/cropped-logo_new-1.png","width":881,"height":685,"caption":"Blog do Farn\u00e9sio"},"image":{"@id":"https:\/\/blogdofarnesio.com.br\/#\/schema\/logo\/image\/"},"sameAs":["https:\/\/www.facebook.com\/BlogQuerSaberPolitica\/"]},{"@type":"Person","@id":"https:\/\/blogdofarnesio.com.br\/#\/schema\/person\/dd1bf5eba40b687199ba45ca6b97dff9","name":"teste","image":{"@type":"ImageObject","inLanguage":"pt-BR","@id":"https:\/\/secure.gravatar.com\/avatar\/2172498d4914b51e1d89a0f97957b035ac4938723a5cac208135d389b6972a6d?s=96&d=mm&r=g","url":"https:\/\/secure.gravatar.com\/avatar\/2172498d4914b51e1d89a0f97957b035ac4938723a5cac208135d389b6972a6d?s=96&d=mm&r=g","contentUrl":"https:\/\/secure.gravatar.com\/avatar\/2172498d4914b51e1d89a0f97957b035ac4938723a5cac208135d389b6972a6d?s=96&d=mm&r=g","caption":"teste"},"url":"https:\/\/blogdofarnesio.com.br\/?author=3"}]}},"_links":{"self":[{"href":"https:\/\/blogdofarnesio.com.br\/index.php?rest_route=\/wp\/v2\/posts\/22328","targetHints":{"allow":["GET"]}}],"collection":[{"href":"https:\/\/blogdofarnesio.com.br\/index.php?rest_route=\/wp\/v2\/posts"}],"about":[{"href":"https:\/\/blogdofarnesio.com.br\/index.php?rest_route=\/wp\/v2\/types\/post"}],"author":[{"embeddable":true,"href":"https:\/\/blogdofarnesio.com.br\/index.php?rest_route=\/wp\/v2\/users\/3"}],"replies":[{"embeddable":true,"href":"https:\/\/blogdofarnesio.com.br\/index.php?rest_route=%2Fwp%2Fv2%2Fcomments&post=22328"}],"version-history":[{"count":0,"href":"https:\/\/blogdofarnesio.com.br\/index.php?rest_route=\/wp\/v2\/posts\/22328\/revisions"}],"wp:attachment":[{"href":"https:\/\/blogdofarnesio.com.br\/index.php?rest_route=%2Fwp%2Fv2%2Fmedia&parent=22328"}],"wp:term":[{"taxonomy":"category","embeddable":true,"href":"https:\/\/blogdofarnesio.com.br\/index.php?rest_route=%2Fwp%2Fv2%2Fcategories&post=22328"},{"taxonomy":"post_tag","embeddable":true,"href":"https:\/\/blogdofarnesio.com.br\/index.php?rest_route=%2Fwp%2Fv2%2Ftags&post=22328"}],"curies":[{"name":"wp","href":"https:\/\/api.w.org\/{rel}","templated":true}]}}