{"id":222403,"date":"2019-03-01T13:00:49","date_gmt":"2019-03-01T16:00:49","guid":{"rendered":"http:\/\/quersaberpolitica.com.br\/2016\/?p=222403"},"modified":"2019-03-01T10:59:25","modified_gmt":"2019-03-01T13:59:25","slug":"divulgado-resultado-final-de-selecao-simplificada-da-prefeitura-de-petrolina","status":"publish","type":"post","link":"https:\/\/blogdofarnesio.com.br\/2019\/03\/divulgado-resultado-final-de-selecao-simplificada-da-prefeitura-de-petrolina\/","title":{"rendered":"DIVULGADO RESULTADO FINAL DE SELE\u00c7\u00c3O SIMPLIFICADA DA PREFEITURA DE PETROLINA"},"content":{"rendered":"\n<p>Foi divulgado onte (28), como previsto no cronograma, o resultado final da Sele\u00e7\u00e3o P\u00fablica Simplificada promovida pela Prefeitura de Petrolina. Os candidatos que realizaram as provas para contrata\u00e7\u00e3o tempor\u00e1ria de profissionais que atuar\u00e3o nas escolas da rede municipal e no Programa Nova Semente, j\u00e1 podem acompanhar a rela\u00e7\u00e3o de aprovados atrav\u00e9s do site do Instituto de Administra\u00e7\u00e3o e Tecnologia (<a rel=\"noreferrer noopener\" href=\"http:\/\/www.admtec.org.br\/\" target=\"_blank\">www.admtec.org.br<\/a>).<\/p>\n\n\n\n<p>O edital previa a contrata\u00e7\u00e3o de Auxiliar de cozinha (98); Auxiliar de limpeza (134); Barqueiro de transporte escolar (7) e Motorista de \u00f4nibus e micro-\u00f4nibus (10); Agente de Apoio Escolar (7); Assistente Administrativo (45) e Assistente Educacional Infantil (244). Ao todo, foram ofertadas mais de 545 vagas, al\u00e9m do cadastro reserva.<\/p>\n\n\n\n<p>A sele\u00e7\u00e3o foi realizada em \u00fanica etapa, atrav\u00e9s de prova objetiva de car\u00e1ter eliminat\u00f3rio e classificat\u00f3rio. Os candidatos aprovados ser\u00e3o convocados pela Secretaria de Educa\u00e7\u00e3o, Cultura e Esportes para contrata\u00e7\u00e3o, em regime tempor\u00e1rio, em 12 meses. Prorrog\u00e1vel por igual per\u00edodo, conforme a Lei municipal de n\u00ba 1062\/01, DE 13 de julho de 2001.<\/p>\n\n\n\n<p><strong>Adailma&nbsp;Gomes<\/strong><\/p>\n","protected":false},"excerpt":{"rendered":"<p>Foi divulgado onte (28), como previsto no cronograma, o resultado final da Sele\u00e7\u00e3o P\u00fablica Simplificada promovida pela Prefeitura de Petrolina. Os candidatos que realizaram as provas para contrata\u00e7\u00e3o tempor\u00e1ria de profissionais que atuar\u00e3o nas escolas da rede municipal e no Programa Nova Semente, j\u00e1 podem acompanhar a rela\u00e7\u00e3o de aprovados atrav\u00e9s do site do Instituto de Administra\u00e7\u00e3o e Tecnologia (www.admtec.org.br). O edital previa a contrata\u00e7\u00e3o de Auxiliar de cozinha (98); Auxiliar de limpeza (134); Barqueiro de transporte escolar (7) e Motorista de \u00f4nibus e micro-\u00f4nibus (10); Agente de Apoio Escolar (7); Assistente Administrativo (45) e Assistente Educacional Infantil (244). Ao todo, foram ofertadas mais de 545 vagas, al\u00e9m do cadastro reserva. A sele\u00e7\u00e3o foi realizada em \u00fanica etapa, atrav\u00e9s de&hellip; <\/p>\n","protected":false},"author":1,"featured_media":124525,"comment_status":"closed","ping_status":"closed","sticky":false,"template":"","format":"standard","meta":{"_acf_changed":false,"footnotes":""},"categories":[44],"tags":[],"class_list":["post-222403","post","type-post","status-publish","format-standard","has-post-thumbnail","hentry","category-administracao"],"acf":[],"yoast_head":"<!-- This site is optimized with the Yoast SEO plugin v27.5 - https:\/\/yoast.com\/product\/yoast-seo-wordpress\/ -->\n<title>DIVULGADO RESULTADO FINAL DE SELE\u00c7\u00c3O SIMPLIFICADA DA PREFEITURA DE PETROLINA - Blog do Farn\u00e9sio<\/title>\n<meta name=\"robots\" content=\"index, follow, max-snippet:-1, max-image-preview:large, max-video-preview:-1\" \/>\n<link rel=\"canonical\" href=\"https:\/\/blogdofarnesio.com.br\/2019\/03\/divulgado-resultado-final-de-selecao-simplificada-da-prefeitura-de-petrolina\/\" \/>\n<meta property=\"og:locale\" content=\"pt_BR\" \/>\n<meta property=\"og:type\" content=\"article\" \/>\n<meta property=\"og:title\" content=\"DIVULGADO RESULTADO FINAL DE SELE\u00c7\u00c3O SIMPLIFICADA DA PREFEITURA DE PETROLINA - Blog do Farn\u00e9sio\" \/>\n<meta property=\"og:description\" content=\"Foi divulgado onte (28), como previsto no cronograma, o resultado final da Sele\u00e7\u00e3o P\u00fablica Simplificada promovida pela Prefeitura de Petrolina. Os candidatos que realizaram as provas para contrata\u00e7\u00e3o tempor\u00e1ria de profissionais que atuar\u00e3o nas escolas da rede municipal e no Programa Nova Semente, j\u00e1 podem acompanhar a rela\u00e7\u00e3o de aprovados atrav\u00e9s do site do Instituto de Administra\u00e7\u00e3o e Tecnologia (www.admtec.org.br). O edital previa a contrata\u00e7\u00e3o de Auxiliar de cozinha (98); Auxiliar de limpeza (134); Barqueiro de transporte escolar (7) e Motorista de \u00f4nibus e micro-\u00f4nibus (10); Agente de Apoio Escolar (7); Assistente Administrativo (45) e Assistente Educacional Infantil (244). Ao todo, foram ofertadas mais de 545 vagas, al\u00e9m do cadastro reserva. A sele\u00e7\u00e3o foi realizada em \u00fanica etapa, atrav\u00e9s de&hellip;\" \/>\n<meta property=\"og:url\" content=\"https:\/\/blogdofarnesio.com.br\/2019\/03\/divulgado-resultado-final-de-selecao-simplificada-da-prefeitura-de-petrolina\/\" \/>\n<meta property=\"og:site_name\" content=\"Blog do Farn\u00e9sio\" \/>\n<meta property=\"article:publisher\" content=\"https:\/\/www.facebook.com\/BlogQuerSaberPolitica\/\" \/>\n<meta property=\"article:published_time\" content=\"2019-03-01T16:00:49+00:00\" \/>\n<meta property=\"og:image\" content=\"https:\/\/blogdofarnesio.com.br\/wp-content\/uploads\/2015\/06\/blogqspprefeiturapet0-Foto-Farn\u00e9sio-Silva2.jpg\" \/>\n\t<meta property=\"og:image:width\" content=\"448\" \/>\n\t<meta property=\"og:image:height\" content=\"299\" \/>\n\t<meta property=\"og:image:type\" content=\"image\/jpeg\" \/>\n<meta name=\"author\" content=\"Farn\u00e9sio\" \/>\n<meta name=\"twitter:card\" content=\"summary_large_image\" \/>\n<meta name=\"twitter:label1\" content=\"Escrito por\" \/>\n\t<meta name=\"twitter:data1\" content=\"Farn\u00e9sio\" \/>\n\t<meta name=\"twitter:label2\" content=\"Est. tempo de leitura\" \/>\n\t<meta name=\"twitter:data2\" content=\"1 minuto\" \/>\n<script type=\"application\/ld+json\" class=\"yoast-schema-graph\">{\"@context\":\"https:\\\/\\\/schema.org\",\"@graph\":[{\"@type\":\"Article\",\"@id\":\"https:\\\/\\\/blogdofarnesio.com.br\\\/2019\\\/03\\\/divulgado-resultado-final-de-selecao-simplificada-da-prefeitura-de-petrolina\\\/#article\",\"isPartOf\":{\"@id\":\"https:\\\/\\\/blogdofarnesio.com.br\\\/2019\\\/03\\\/divulgado-resultado-final-de-selecao-simplificada-da-prefeitura-de-petrolina\\\/\"},\"author\":{\"name\":\"Farn\u00e9sio\",\"@id\":\"https:\\\/\\\/blogdofarnesio.com.br\\\/#\\\/schema\\\/person\\\/301c4acf522bccbfdb45af95b5b906a1\"},\"headline\":\"DIVULGADO RESULTADO FINAL DE SELE\u00c7\u00c3O SIMPLIFICADA DA PREFEITURA DE PETROLINA\",\"datePublished\":\"2019-03-01T16:00:49+00:00\",\"mainEntityOfPage\":{\"@id\":\"https:\\\/\\\/blogdofarnesio.com.br\\\/2019\\\/03\\\/divulgado-resultado-final-de-selecao-simplificada-da-prefeitura-de-petrolina\\\/\"},\"wordCount\":190,\"publisher\":{\"@id\":\"https:\\\/\\\/blogdofarnesio.com.br\\\/#organization\"},\"image\":{\"@id\":\"https:\\\/\\\/blogdofarnesio.com.br\\\/2019\\\/03\\\/divulgado-resultado-final-de-selecao-simplificada-da-prefeitura-de-petrolina\\\/#primaryimage\"},\"thumbnailUrl\":\"https:\\\/\\\/blogdofarnesio.com.br\\\/wp-content\\\/uploads\\\/2015\\\/06\\\/blogqspprefeiturapet0-Foto-Farn\u00e9sio-Silva2.jpg\",\"articleSection\":[\"Administra\u00e7\u00e3o\"],\"inLanguage\":\"pt-BR\"},{\"@type\":\"WebPage\",\"@id\":\"https:\\\/\\\/blogdofarnesio.com.br\\\/2019\\\/03\\\/divulgado-resultado-final-de-selecao-simplificada-da-prefeitura-de-petrolina\\\/\",\"url\":\"https:\\\/\\\/blogdofarnesio.com.br\\\/2019\\\/03\\\/divulgado-resultado-final-de-selecao-simplificada-da-prefeitura-de-petrolina\\\/\",\"name\":\"DIVULGADO RESULTADO FINAL DE SELE\u00c7\u00c3O SIMPLIFICADA DA PREFEITURA DE PETROLINA - Blog do Farn\u00e9sio\",\"isPartOf\":{\"@id\":\"https:\\\/\\\/blogdofarnesio.com.br\\\/#website\"},\"primaryImageOfPage\":{\"@id\":\"https:\\\/\\\/blogdofarnesio.com.br\\\/2019\\\/03\\\/divulgado-resultado-final-de-selecao-simplificada-da-prefeitura-de-petrolina\\\/#primaryimage\"},\"image\":{\"@id\":\"https:\\\/\\\/blogdofarnesio.com.br\\\/2019\\\/03\\\/divulgado-resultado-final-de-selecao-simplificada-da-prefeitura-de-petrolina\\\/#primaryimage\"},\"thumbnailUrl\":\"https:\\\/\\\/blogdofarnesio.com.br\\\/wp-content\\\/uploads\\\/2015\\\/06\\\/blogqspprefeiturapet0-Foto-Farn\u00e9sio-Silva2.jpg\",\"datePublished\":\"2019-03-01T16:00:49+00:00\",\"breadcrumb\":{\"@id\":\"https:\\\/\\\/blogdofarnesio.com.br\\\/2019\\\/03\\\/divulgado-resultado-final-de-selecao-simplificada-da-prefeitura-de-petrolina\\\/#breadcrumb\"},\"inLanguage\":\"pt-BR\",\"potentialAction\":[{\"@type\":\"ReadAction\",\"target\":[\"https:\\\/\\\/blogdofarnesio.com.br\\\/2019\\\/03\\\/divulgado-resultado-final-de-selecao-simplificada-da-prefeitura-de-petrolina\\\/\"]}]},{\"@type\":\"ImageObject\",\"inLanguage\":\"pt-BR\",\"@id\":\"https:\\\/\\\/blogdofarnesio.com.br\\\/2019\\\/03\\\/divulgado-resultado-final-de-selecao-simplificada-da-prefeitura-de-petrolina\\\/#primaryimage\",\"url\":\"https:\\\/\\\/blogdofarnesio.com.br\\\/wp-content\\\/uploads\\\/2015\\\/06\\\/blogqspprefeiturapet0-Foto-Farn\u00e9sio-Silva2.jpg\",\"contentUrl\":\"https:\\\/\\\/blogdofarnesio.com.br\\\/wp-content\\\/uploads\\\/2015\\\/06\\\/blogqspprefeiturapet0-Foto-Farn\u00e9sio-Silva2.jpg\",\"width\":448,\"height\":299,\"caption\":\"Prefeitura de Petrolina-Pe Foto Farn\u00e9sio Silva\"},{\"@type\":\"BreadcrumbList\",\"@id\":\"https:\\\/\\\/blogdofarnesio.com.br\\\/2019\\\/03\\\/divulgado-resultado-final-de-selecao-simplificada-da-prefeitura-de-petrolina\\\/#breadcrumb\",\"itemListElement\":[{\"@type\":\"ListItem\",\"position\":1,\"name\":\"In\u00edcio\",\"item\":\"https:\\\/\\\/blogdofarnesio.com.br\\\/\"},{\"@type\":\"ListItem\",\"position\":2,\"name\":\"DIVULGADO RESULTADO FINAL DE SELE\u00c7\u00c3O SIMPLIFICADA DA PREFEITURA DE PETROLINA\"}]},{\"@type\":\"WebSite\",\"@id\":\"https:\\\/\\\/blogdofarnesio.com.br\\\/#website\",\"url\":\"https:\\\/\\\/blogdofarnesio.com.br\\\/\",\"name\":\"Blog do Farn\u00e9sio\",\"description\":\"Quer Saber Pol\u00edtica?\",\"publisher\":{\"@id\":\"https:\\\/\\\/blogdofarnesio.com.br\\\/#organization\"},\"potentialAction\":[{\"@type\":\"SearchAction\",\"target\":{\"@type\":\"EntryPoint\",\"urlTemplate\":\"https:\\\/\\\/blogdofarnesio.com.br\\\/?s={search_term_string}\"},\"query-input\":{\"@type\":\"PropertyValueSpecification\",\"valueRequired\":true,\"valueName\":\"search_term_string\"}}],\"inLanguage\":\"pt-BR\"},{\"@type\":\"Organization\",\"@id\":\"https:\\\/\\\/blogdofarnesio.com.br\\\/#organization\",\"name\":\"Blog do Farn\u00e9sio\",\"url\":\"https:\\\/\\\/blogdofarnesio.com.br\\\/\",\"logo\":{\"@type\":\"ImageObject\",\"inLanguage\":\"pt-BR\",\"@id\":\"https:\\\/\\\/blogdofarnesio.com.br\\\/#\\\/schema\\\/logo\\\/image\\\/\",\"url\":\"https:\\\/\\\/blogdofarnesio.com.br\\\/wp-content\\\/uploads\\\/2026\\\/03\\\/cropped-logo_new-1.png\",\"contentUrl\":\"https:\\\/\\\/blogdofarnesio.com.br\\\/wp-content\\\/uploads\\\/2026\\\/03\\\/cropped-logo_new-1.png\",\"width\":881,\"height\":685,\"caption\":\"Blog do Farn\u00e9sio\"},\"image\":{\"@id\":\"https:\\\/\\\/blogdofarnesio.com.br\\\/#\\\/schema\\\/logo\\\/image\\\/\"},\"sameAs\":[\"https:\\\/\\\/www.facebook.com\\\/BlogQuerSaberPolitica\\\/\"]},{\"@type\":\"Person\",\"@id\":\"https:\\\/\\\/blogdofarnesio.com.br\\\/#\\\/schema\\\/person\\\/301c4acf522bccbfdb45af95b5b906a1\",\"name\":\"Farn\u00e9sio\",\"image\":{\"@type\":\"ImageObject\",\"inLanguage\":\"pt-BR\",\"@id\":\"https:\\\/\\\/secure.gravatar.com\\\/avatar\\\/df0c9a14567c056f8ad6876ba5bbd1e3e2c48023eb6807342fc4663adf549f38?s=96&d=mm&r=g\",\"url\":\"https:\\\/\\\/secure.gravatar.com\\\/avatar\\\/df0c9a14567c056f8ad6876ba5bbd1e3e2c48023eb6807342fc4663adf549f38?s=96&d=mm&r=g\",\"contentUrl\":\"https:\\\/\\\/secure.gravatar.com\\\/avatar\\\/df0c9a14567c056f8ad6876ba5bbd1e3e2c48023eb6807342fc4663adf549f38?s=96&d=mm&r=g\",\"caption\":\"Farn\u00e9sio\"},\"sameAs\":[\"https:\\\/\\\/quersaberpolitica.com.br\"],\"url\":\"https:\\\/\\\/blogdofarnesio.com.br\\\/author\\\/farnesio\\\/\"}]}<\/script>\n<!-- \/ Yoast SEO plugin. -->","yoast_head_json":{"title":"DIVULGADO RESULTADO FINAL DE SELE\u00c7\u00c3O SIMPLIFICADA DA PREFEITURA DE PETROLINA - Blog do Farn\u00e9sio","robots":{"index":"index","follow":"follow","max-snippet":"max-snippet:-1","max-image-preview":"max-image-preview:large","max-video-preview":"max-video-preview:-1"},"canonical":"https:\/\/blogdofarnesio.com.br\/2019\/03\/divulgado-resultado-final-de-selecao-simplificada-da-prefeitura-de-petrolina\/","og_locale":"pt_BR","og_type":"article","og_title":"DIVULGADO RESULTADO FINAL DE SELE\u00c7\u00c3O SIMPLIFICADA DA PREFEITURA DE PETROLINA - Blog do Farn\u00e9sio","og_description":"Foi divulgado onte (28), como previsto no cronograma, o resultado final da Sele\u00e7\u00e3o P\u00fablica Simplificada promovida pela Prefeitura de Petrolina. Os candidatos que realizaram as provas para contrata\u00e7\u00e3o tempor\u00e1ria de profissionais que atuar\u00e3o nas escolas da rede municipal e no Programa Nova Semente, j\u00e1 podem acompanhar a rela\u00e7\u00e3o de aprovados atrav\u00e9s do site do Instituto de Administra\u00e7\u00e3o e Tecnologia (www.admtec.org.br). O edital previa a contrata\u00e7\u00e3o de Auxiliar de cozinha (98); Auxiliar de limpeza (134); Barqueiro de transporte escolar (7) e Motorista de \u00f4nibus e micro-\u00f4nibus (10); Agente de Apoio Escolar (7); Assistente Administrativo (45) e Assistente Educacional Infantil (244). Ao todo, foram ofertadas mais de 545 vagas, al\u00e9m do cadastro reserva. A sele\u00e7\u00e3o foi realizada em \u00fanica etapa, atrav\u00e9s de&hellip;","og_url":"https:\/\/blogdofarnesio.com.br\/2019\/03\/divulgado-resultado-final-de-selecao-simplificada-da-prefeitura-de-petrolina\/","og_site_name":"Blog do Farn\u00e9sio","article_publisher":"https:\/\/www.facebook.com\/BlogQuerSaberPolitica\/","article_published_time":"2019-03-01T16:00:49+00:00","og_image":[{"width":448,"height":299,"url":"https:\/\/blogdofarnesio.com.br\/wp-content\/uploads\/2015\/06\/blogqspprefeiturapet0-Foto-Farn\u00e9sio-Silva2.jpg","type":"image\/jpeg"}],"author":"Farn\u00e9sio","twitter_card":"summary_large_image","twitter_misc":{"Escrito por":"Farn\u00e9sio","Est. tempo de leitura":"1 minuto"},"schema":{"@context":"https:\/\/schema.org","@graph":[{"@type":"Article","@id":"https:\/\/blogdofarnesio.com.br\/2019\/03\/divulgado-resultado-final-de-selecao-simplificada-da-prefeitura-de-petrolina\/#article","isPartOf":{"@id":"https:\/\/blogdofarnesio.com.br\/2019\/03\/divulgado-resultado-final-de-selecao-simplificada-da-prefeitura-de-petrolina\/"},"author":{"name":"Farn\u00e9sio","@id":"https:\/\/blogdofarnesio.com.br\/#\/schema\/person\/301c4acf522bccbfdb45af95b5b906a1"},"headline":"DIVULGADO RESULTADO FINAL DE SELE\u00c7\u00c3O SIMPLIFICADA DA PREFEITURA DE PETROLINA","datePublished":"2019-03-01T16:00:49+00:00","mainEntityOfPage":{"@id":"https:\/\/blogdofarnesio.com.br\/2019\/03\/divulgado-resultado-final-de-selecao-simplificada-da-prefeitura-de-petrolina\/"},"wordCount":190,"publisher":{"@id":"https:\/\/blogdofarnesio.com.br\/#organization"},"image":{"@id":"https:\/\/blogdofarnesio.com.br\/2019\/03\/divulgado-resultado-final-de-selecao-simplificada-da-prefeitura-de-petrolina\/#primaryimage"},"thumbnailUrl":"https:\/\/blogdofarnesio.com.br\/wp-content\/uploads\/2015\/06\/blogqspprefeiturapet0-Foto-Farn\u00e9sio-Silva2.jpg","articleSection":["Administra\u00e7\u00e3o"],"inLanguage":"pt-BR"},{"@type":"WebPage","@id":"https:\/\/blogdofarnesio.com.br\/2019\/03\/divulgado-resultado-final-de-selecao-simplificada-da-prefeitura-de-petrolina\/","url":"https:\/\/blogdofarnesio.com.br\/2019\/03\/divulgado-resultado-final-de-selecao-simplificada-da-prefeitura-de-petrolina\/","name":"DIVULGADO RESULTADO FINAL DE SELE\u00c7\u00c3O SIMPLIFICADA DA PREFEITURA DE PETROLINA - Blog do Farn\u00e9sio","isPartOf":{"@id":"https:\/\/blogdofarnesio.com.br\/#website"},"primaryImageOfPage":{"@id":"https:\/\/blogdofarnesio.com.br\/2019\/03\/divulgado-resultado-final-de-selecao-simplificada-da-prefeitura-de-petrolina\/#primaryimage"},"image":{"@id":"https:\/\/blogdofarnesio.com.br\/2019\/03\/divulgado-resultado-final-de-selecao-simplificada-da-prefeitura-de-petrolina\/#primaryimage"},"thumbnailUrl":"https:\/\/blogdofarnesio.com.br\/wp-content\/uploads\/2015\/06\/blogqspprefeiturapet0-Foto-Farn\u00e9sio-Silva2.jpg","datePublished":"2019-03-01T16:00:49+00:00","breadcrumb":{"@id":"https:\/\/blogdofarnesio.com.br\/2019\/03\/divulgado-resultado-final-de-selecao-simplificada-da-prefeitura-de-petrolina\/#breadcrumb"},"inLanguage":"pt-BR","potentialAction":[{"@type":"ReadAction","target":["https:\/\/blogdofarnesio.com.br\/2019\/03\/divulgado-resultado-final-de-selecao-simplificada-da-prefeitura-de-petrolina\/"]}]},{"@type":"ImageObject","inLanguage":"pt-BR","@id":"https:\/\/blogdofarnesio.com.br\/2019\/03\/divulgado-resultado-final-de-selecao-simplificada-da-prefeitura-de-petrolina\/#primaryimage","url":"https:\/\/blogdofarnesio.com.br\/wp-content\/uploads\/2015\/06\/blogqspprefeiturapet0-Foto-Farn\u00e9sio-Silva2.jpg","contentUrl":"https:\/\/blogdofarnesio.com.br\/wp-content\/uploads\/2015\/06\/blogqspprefeiturapet0-Foto-Farn\u00e9sio-Silva2.jpg","width":448,"height":299,"caption":"Prefeitura de Petrolina-Pe Foto Farn\u00e9sio Silva"},{"@type":"BreadcrumbList","@id":"https:\/\/blogdofarnesio.com.br\/2019\/03\/divulgado-resultado-final-de-selecao-simplificada-da-prefeitura-de-petrolina\/#breadcrumb","itemListElement":[{"@type":"ListItem","position":1,"name":"In\u00edcio","item":"https:\/\/blogdofarnesio.com.br\/"},{"@type":"ListItem","position":2,"name":"DIVULGADO RESULTADO FINAL DE SELE\u00c7\u00c3O SIMPLIFICADA DA PREFEITURA DE PETROLINA"}]},{"@type":"WebSite","@id":"https:\/\/blogdofarnesio.com.br\/#website","url":"https:\/\/blogdofarnesio.com.br\/","name":"Blog do Farn\u00e9sio","description":"Quer Saber Pol\u00edtica?","publisher":{"@id":"https:\/\/blogdofarnesio.com.br\/#organization"},"potentialAction":[{"@type":"SearchAction","target":{"@type":"EntryPoint","urlTemplate":"https:\/\/blogdofarnesio.com.br\/?s={search_term_string}"},"query-input":{"@type":"PropertyValueSpecification","valueRequired":true,"valueName":"search_term_string"}}],"inLanguage":"pt-BR"},{"@type":"Organization","@id":"https:\/\/blogdofarnesio.com.br\/#organization","name":"Blog do Farn\u00e9sio","url":"https:\/\/blogdofarnesio.com.br\/","logo":{"@type":"ImageObject","inLanguage":"pt-BR","@id":"https:\/\/blogdofarnesio.com.br\/#\/schema\/logo\/image\/","url":"https:\/\/blogdofarnesio.com.br\/wp-content\/uploads\/2026\/03\/cropped-logo_new-1.png","contentUrl":"https:\/\/blogdofarnesio.com.br\/wp-content\/uploads\/2026\/03\/cropped-logo_new-1.png","width":881,"height":685,"caption":"Blog do Farn\u00e9sio"},"image":{"@id":"https:\/\/blogdofarnesio.com.br\/#\/schema\/logo\/image\/"},"sameAs":["https:\/\/www.facebook.com\/BlogQuerSaberPolitica\/"]},{"@type":"Person","@id":"https:\/\/blogdofarnesio.com.br\/#\/schema\/person\/301c4acf522bccbfdb45af95b5b906a1","name":"Farn\u00e9sio","image":{"@type":"ImageObject","inLanguage":"pt-BR","@id":"https:\/\/secure.gravatar.com\/avatar\/df0c9a14567c056f8ad6876ba5bbd1e3e2c48023eb6807342fc4663adf549f38?s=96&d=mm&r=g","url":"https:\/\/secure.gravatar.com\/avatar\/df0c9a14567c056f8ad6876ba5bbd1e3e2c48023eb6807342fc4663adf549f38?s=96&d=mm&r=g","contentUrl":"https:\/\/secure.gravatar.com\/avatar\/df0c9a14567c056f8ad6876ba5bbd1e3e2c48023eb6807342fc4663adf549f38?s=96&d=mm&r=g","caption":"Farn\u00e9sio"},"sameAs":["https:\/\/quersaberpolitica.com.br"],"url":"https:\/\/blogdofarnesio.com.br\/author\/farnesio\/"}]}},"_links":{"self":[{"href":"https:\/\/blogdofarnesio.com.br\/wp-json\/wp\/v2\/posts\/222403","targetHints":{"allow":["GET"]}}],"collection":[{"href":"https:\/\/blogdofarnesio.com.br\/wp-json\/wp\/v2\/posts"}],"about":[{"href":"https:\/\/blogdofarnesio.com.br\/wp-json\/wp\/v2\/types\/post"}],"author":[{"embeddable":true,"href":"https:\/\/blogdofarnesio.com.br\/wp-json\/wp\/v2\/users\/1"}],"replies":[{"embeddable":true,"href":"https:\/\/blogdofarnesio.com.br\/wp-json\/wp\/v2\/comments?post=222403"}],"version-history":[{"count":0,"href":"https:\/\/blogdofarnesio.com.br\/wp-json\/wp\/v2\/posts\/222403\/revisions"}],"wp:featuredmedia":[{"embeddable":true,"href":"https:\/\/blogdofarnesio.com.br\/wp-json\/wp\/v2\/media\/124525"}],"wp:attachment":[{"href":"https:\/\/blogdofarnesio.com.br\/wp-json\/wp\/v2\/media?parent=222403"}],"wp:term":[{"taxonomy":"category","embeddable":true,"href":"https:\/\/blogdofarnesio.com.br\/wp-json\/wp\/v2\/categories?post=222403"},{"taxonomy":"post_tag","embeddable":true,"href":"https:\/\/blogdofarnesio.com.br\/wp-json\/wp\/v2\/tags?post=222403"}],"curies":[{"name":"wp","href":"https:\/\/api.w.org\/{rel}","templated":true}]}}