{"id":222401,"date":"2019-03-01T12:30:38","date_gmt":"2019-03-01T15:30:38","guid":{"rendered":"http:\/\/quersaberpolitica.com.br\/2016\/?p=222401"},"modified":"2019-03-01T10:57:30","modified_gmt":"2019-03-01T13:57:30","slug":"passou-a-ter-filtro-da-minha-parte-diz-bolsonaro-sobre-declaracoes-do-filho-carlos","status":"publish","type":"post","link":"https:\/\/blogdofarnesio.com.br\/?p=222401","title":{"rendered":"PASSOU A TER FILTRO DA MINHA PARTE&#8217;, DIZ BOLSONARO SOBRE DECLARA\u00c7\u00d5ES DO FILHO CARLOS"},"content":{"rendered":"\n<p>O presidente Jair Bolsonaro (PSL) lamentou o epis\u00f3dio do vazamento de \u00e1udios de suas conversas com o ent\u00e3o ministro da Secretaria-Geral da Presid\u00eancia, Gustavo Bebianno, demitido neste m\u00eas, e afirmou que seus filhos n\u00e3o mandam no governo.<\/p>\n\n\n\n<p>As declara\u00e7\u00f5es foram dadas nesta quinta-feira (28) em caf\u00e9 da manh\u00e3 com um grupo de jornalistas no Pal\u00e1cio do Planalto em que o UOL esteve presente.<\/p>\n\n\n\n<p>&#8220;Nenhum filho meu manda no governo, n\u00e3o existe isso&#8221;, disse o presidente.<\/p>\n\n\n\n<p>Bolsonaro afirmou que declara\u00e7\u00f5es p\u00fablicas de seu filho Carlos Bolsonaro que possam ter rela\u00e7\u00e3o com o governo agora passam por sua aprova\u00e7\u00e3o. &#8220;Tudo passou a ter um filtro da minha parte&#8221;, disse.<\/p>\n\n\n\n<p>&#8220;Lamento o ocorrido [com Bebianno], mas n\u00e3o poderia ter tomado outra decis\u00e3o&#8221;, afirmou Bolsonaro, ao ser questionado sobre como se sentia em rela\u00e7\u00e3o ao agora ex-ministro. O presidente comparou o fim da rela\u00e7\u00e3o com Bebianno ao fim de um casamento. &#8220;\u00c9 quase um casamento que infelizmente prematuramente se desfez&#8221;.<\/p>\n\n\n\n<p>Logo ap\u00f3s o caf\u00e9 da manh\u00e3, ao comentar no Twitter a afirma\u00e7\u00e3o de Bolsonaro, Carlos reagiu e culpou a imprensa pelas declara\u00e7\u00f5es do pai.<\/p>\n\n\n\n<p>&#8220;Como voc\u00eas [da imprensa] s\u00e3o baixos! Nenhum dos filhos mandam no governo mesmo e qualquer um que converse com o presidente o deve e tem de ser filtrado. Quanto a mira de voc\u00eas em mim. Eu e Jair Bolsonaro sabemos as inten\u00e7\u00f5es! Abra\u00e7os de n\u00f3s dois pra voc\u00eas!&#8221;<\/p>\n\n\n\n<p>m meio \u00e0 crise dos candidatos laranja do PSL, revelados pela Folha, Carlos, que \u00e9 vereador no Rio de Janeiro pelo partido, divulgou em seu perfil no Twitter grava\u00e7\u00e3o de seu pai dizendo que n\u00e3o havia conversado com Bebianno.<\/p>\n\n\n\n<p>O epis\u00f3dio, que culminou na demiss\u00e3o de Bebianno, ampliou a crise no governo. O ex-ministro, que nega irregularidades, era o respons\u00e1vel pela libera\u00e7\u00e3o de verbas de campanha do partido durante a campanha.<\/p>\n\n\n\n<p>Nesta quinta-feira, Bolsonaro tamb\u00e9m disse que n\u00e3o h\u00e1 mal-estar com a ala militar. Uma das possibilidades levantadas durante a crise era a de que os militares aliados de Bolsonaro teriam desaprovado a suposta influ\u00eancia de Carlos no governo. &#8220;N\u00e3o h\u00e1 nenhum problema com os militares.&#8221;<\/p>\n\n\n\n<p>HINO NACIONAL X INTERNACIONAL SOCIALISTA\u200b<br>O presidente tamb\u00e9m disse que chamou o ministro da Educa\u00e7\u00e3o, Ricardo V\u00e9lez Rodr\u00edguez, para uma conversa ap\u00f3s ele pedir \u00e0s escolas que mandassem v\u00eddeos de alunos cantando o Hino Nacional e repetindo o slogan da campanha presidencial.<\/p>\n\n\n\n<p>&#8220;Eu disse a ele [V\u00e9lez Rodr\u00edguez]: pe\u00e7a desculpas e desfa\u00e7a&#8221;.<\/p>\n\n\n\n<p>Bolsonaro defendeu, por\u00e9m, a import\u00e2ncia de que alunos cantem o hino nas escolas e disse que isso \u00e9 praticado em muitas na\u00e7\u00f5es. Afirmou que o processo deve ocorrer sem doutrina\u00e7\u00e3o e fiscaliza\u00e7\u00e3o.<\/p>\n\n\n\n<p>Ele disse que V\u00e9lez poderia ter sugerido, por exemplo, que as escolas estimulassem mais a participa\u00e7\u00e3o dos pais dos alunos no ambiente escolar.<\/p>\n\n\n\n<p>Bolsonaro disse tamb\u00e9m que o ministro da Educa\u00e7\u00e3o est\u00e1 investigando den\u00fancia de que escolas ligadas ao MST (Movimento dos Trabalhadores Sem Terra) estariam impondo a crian\u00e7as cantar um hino da entidade e tamb\u00e9m a Internacional Socialista, mas n\u00e3o deu mais detalhes sobre o caso.<\/p>\n\n\n\n<p>APROXIMA\u00c7\u00c3O COM A IMPRENSA<br>O caf\u00e9 da manh\u00e3 com jornalistas foi um gesto de aproxima\u00e7\u00e3o com a imprensa solicitado por Bolsonaro, segundo seus assessores. Durante a conversa, o presidente ressaltou a import\u00e2ncia da imprensa para o processo democr\u00e1tico.<\/p>\n\n\n\n<p>Al\u00e9m de representantes do governo, segundo o Pal\u00e1cio do Planalto, participaram do encontro: Alexandre Garcia, Heraldo Pereira (Globo), Jo\u00e3o Beltr\u00e3o (Record), Mauro Tagliaferri (Rede TV!), S\u00e9rgio Amaral (Band), Cl\u00e1udio Humberto, Denis Rosenfield (colunista do jornal O Estado de S. Paulo), Luis Kawaguti (UOL), Ana Dubeux (Correio Braziliense), S\u00f4nia Blota (Band) e Monica Gugliano (Valor). A Folha n\u00e3o foi convidada.<\/p>\n\n\n\n<p>Bolsonaro disse que j\u00e1 deu &#8220;caneladas&#8221; e que a imprensa j\u00e1 cometeu erros, mas afirmou que tudo faz parte de um processo de amadurecimento necess\u00e1rio para o bem do pa\u00eds. Durante a campanha, Bolsonaro acusou ve\u00edculos de imprensa de publicarem fake news.<\/p>\n\n\n\n<p>Ele refor\u00e7ou que seu governo n\u00e3o aceitar\u00e1 pr\u00e1ticas da velha pol\u00edtica de &#8220;toma l\u00e1 d\u00e1 c\u00e1&#8221; e n\u00e3o negociar\u00e1 minist\u00e9rios.<\/p>\n","protected":false},"excerpt":{"rendered":"<p>O presidente Jair Bolsonaro (PSL) lamentou o epis\u00f3dio do vazamento de \u00e1udios de suas conversas com o ent\u00e3o ministro da Secretaria-Geral da Presid\u00eancia, Gustavo Bebianno, demitido neste m\u00eas, e afirmou que seus filhos n\u00e3o mandam no governo. As declara\u00e7\u00f5es foram dadas nesta quinta-feira (28) em caf\u00e9 da manh\u00e3 com um grupo de jornalistas no Pal\u00e1cio do Planalto em que o UOL esteve presente. &#8220;Nenhum filho meu manda no governo, n\u00e3o existe isso&#8221;, disse o presidente. Bolsonaro afirmou que declara\u00e7\u00f5es p\u00fablicas de seu filho Carlos Bolsonaro que possam ter rela\u00e7\u00e3o com o governo agora passam por sua aprova\u00e7\u00e3o. &#8220;Tudo passou a ter um filtro da minha parte&#8221;, disse. &#8220;Lamento o ocorrido [com Bebianno], mas n\u00e3o poderia ter tomado outra decis\u00e3o&#8221;, afirmou&hellip; <\/p>\n","protected":false},"author":1,"featured_media":219845,"comment_status":"closed","ping_status":"closed","sticky":false,"template":"","format":"standard","meta":{"_acf_changed":false,"footnotes":""},"categories":[1],"tags":[],"class_list":["post-222401","post","type-post","status-publish","format-standard","has-post-thumbnail","hentry","category-politica"],"acf":[],"yoast_head":"<!-- This site is optimized with the Yoast SEO plugin v27.4 - https:\/\/yoast.com\/product\/yoast-seo-wordpress\/ -->\n<title>PASSOU A TER FILTRO DA MINHA PARTE&#039;, DIZ BOLSONARO SOBRE DECLARA\u00c7\u00d5ES DO FILHO CARLOS - Blog do Farn\u00e9sio<\/title>\n<meta name=\"robots\" content=\"index, follow, max-snippet:-1, max-image-preview:large, max-video-preview:-1\" \/>\n<link rel=\"canonical\" href=\"https:\/\/blogdofarnesio.com.br\/?p=222401\" \/>\n<meta property=\"og:locale\" content=\"pt_BR\" \/>\n<meta property=\"og:type\" content=\"article\" \/>\n<meta property=\"og:title\" content=\"PASSOU A TER FILTRO DA MINHA PARTE&#039;, DIZ BOLSONARO SOBRE DECLARA\u00c7\u00d5ES DO FILHO CARLOS - Blog do Farn\u00e9sio\" \/>\n<meta property=\"og:description\" content=\"O presidente Jair Bolsonaro (PSL) lamentou o epis\u00f3dio do vazamento de \u00e1udios de suas conversas com o ent\u00e3o ministro da Secretaria-Geral da Presid\u00eancia, Gustavo Bebianno, demitido neste m\u00eas, e afirmou que seus filhos n\u00e3o mandam no governo. As declara\u00e7\u00f5es foram dadas nesta quinta-feira (28) em caf\u00e9 da manh\u00e3 com um grupo de jornalistas no Pal\u00e1cio do Planalto em que o UOL esteve presente. &#8220;Nenhum filho meu manda no governo, n\u00e3o existe isso&#8221;, disse o presidente. Bolsonaro afirmou que declara\u00e7\u00f5es p\u00fablicas de seu filho Carlos Bolsonaro que possam ter rela\u00e7\u00e3o com o governo agora passam por sua aprova\u00e7\u00e3o. &#8220;Tudo passou a ter um filtro da minha parte&#8221;, disse. &#8220;Lamento o ocorrido [com Bebianno], mas n\u00e3o poderia ter tomado outra decis\u00e3o&#8221;, afirmou&hellip;\" \/>\n<meta property=\"og:url\" content=\"https:\/\/blogdofarnesio.com.br\/?p=222401\" \/>\n<meta property=\"og:site_name\" content=\"Blog do Farn\u00e9sio\" \/>\n<meta property=\"article:publisher\" content=\"https:\/\/www.facebook.com\/BlogQuerSaberPolitica\/\" \/>\n<meta property=\"article:published_time\" content=\"2019-03-01T15:30:38+00:00\" \/>\n<meta property=\"og:image\" content=\"https:\/\/blogdofarnesio.com.br\/wp-content\/uploads\/2019\/01\/blogqsp-bolsonaro-4.jpg\" \/>\n\t<meta property=\"og:image:width\" content=\"748\" \/>\n\t<meta property=\"og:image:height\" content=\"410\" \/>\n\t<meta property=\"og:image:type\" content=\"image\/jpeg\" \/>\n<meta name=\"author\" content=\"Farn\u00e9sio\" \/>\n<meta name=\"twitter:card\" content=\"summary_large_image\" \/>\n<meta name=\"twitter:label1\" content=\"Escrito por\" \/>\n\t<meta name=\"twitter:data1\" content=\"Farn\u00e9sio\" \/>\n\t<meta name=\"twitter:label2\" content=\"Est. tempo de leitura\" \/>\n\t<meta name=\"twitter:data2\" content=\"4 minutos\" \/>\n<script type=\"application\/ld+json\" class=\"yoast-schema-graph\">{\"@context\":\"https:\\\/\\\/schema.org\",\"@graph\":[{\"@type\":\"Article\",\"@id\":\"https:\\\/\\\/blogdofarnesio.com.br\\\/?p=222401#article\",\"isPartOf\":{\"@id\":\"https:\\\/\\\/blogdofarnesio.com.br\\\/?p=222401\"},\"author\":{\"name\":\"Farn\u00e9sio\",\"@id\":\"https:\\\/\\\/blogdofarnesio.com.br\\\/#\\\/schema\\\/person\\\/301c4acf522bccbfdb45af95b5b906a1\"},\"headline\":\"PASSOU A TER FILTRO DA MINHA PARTE&#8217;, DIZ BOLSONARO SOBRE DECLARA\u00c7\u00d5ES DO FILHO CARLOS\",\"datePublished\":\"2019-03-01T15:30:38+00:00\",\"mainEntityOfPage\":{\"@id\":\"https:\\\/\\\/blogdofarnesio.com.br\\\/?p=222401\"},\"wordCount\":743,\"publisher\":{\"@id\":\"https:\\\/\\\/blogdofarnesio.com.br\\\/#organization\"},\"image\":{\"@id\":\"https:\\\/\\\/blogdofarnesio.com.br\\\/?p=222401#primaryimage\"},\"thumbnailUrl\":\"https:\\\/\\\/blogdofarnesio.com.br\\\/wp-content\\\/uploads\\\/2019\\\/01\\\/blogqsp-bolsonaro-4.jpg\",\"articleSection\":[\"Pol\u00edtica\"],\"inLanguage\":\"pt-BR\"},{\"@type\":\"WebPage\",\"@id\":\"https:\\\/\\\/blogdofarnesio.com.br\\\/?p=222401\",\"url\":\"https:\\\/\\\/blogdofarnesio.com.br\\\/?p=222401\",\"name\":\"PASSOU A TER FILTRO DA MINHA PARTE', DIZ BOLSONARO SOBRE DECLARA\u00c7\u00d5ES DO FILHO CARLOS - Blog do Farn\u00e9sio\",\"isPartOf\":{\"@id\":\"https:\\\/\\\/blogdofarnesio.com.br\\\/#website\"},\"primaryImageOfPage\":{\"@id\":\"https:\\\/\\\/blogdofarnesio.com.br\\\/?p=222401#primaryimage\"},\"image\":{\"@id\":\"https:\\\/\\\/blogdofarnesio.com.br\\\/?p=222401#primaryimage\"},\"thumbnailUrl\":\"https:\\\/\\\/blogdofarnesio.com.br\\\/wp-content\\\/uploads\\\/2019\\\/01\\\/blogqsp-bolsonaro-4.jpg\",\"datePublished\":\"2019-03-01T15:30:38+00:00\",\"breadcrumb\":{\"@id\":\"https:\\\/\\\/blogdofarnesio.com.br\\\/?p=222401#breadcrumb\"},\"inLanguage\":\"pt-BR\",\"potentialAction\":[{\"@type\":\"ReadAction\",\"target\":[\"https:\\\/\\\/blogdofarnesio.com.br\\\/?p=222401\"]}]},{\"@type\":\"ImageObject\",\"inLanguage\":\"pt-BR\",\"@id\":\"https:\\\/\\\/blogdofarnesio.com.br\\\/?p=222401#primaryimage\",\"url\":\"https:\\\/\\\/blogdofarnesio.com.br\\\/wp-content\\\/uploads\\\/2019\\\/01\\\/blogqsp-bolsonaro-4.jpg\",\"contentUrl\":\"https:\\\/\\\/blogdofarnesio.com.br\\\/wp-content\\\/uploads\\\/2019\\\/01\\\/blogqsp-bolsonaro-4.jpg\",\"width\":748,\"height\":410},{\"@type\":\"BreadcrumbList\",\"@id\":\"https:\\\/\\\/blogdofarnesio.com.br\\\/?p=222401#breadcrumb\",\"itemListElement\":[{\"@type\":\"ListItem\",\"position\":1,\"name\":\"In\u00edcio\",\"item\":\"https:\\\/\\\/blogdofarnesio.com.br\\\/\"},{\"@type\":\"ListItem\",\"position\":2,\"name\":\"PASSOU A TER FILTRO DA MINHA PARTE&#8217;, DIZ BOLSONARO SOBRE DECLARA\u00c7\u00d5ES DO FILHO CARLOS\"}]},{\"@type\":\"WebSite\",\"@id\":\"https:\\\/\\\/blogdofarnesio.com.br\\\/#website\",\"url\":\"https:\\\/\\\/blogdofarnesio.com.br\\\/\",\"name\":\"Blog do Farn\u00e9sio\",\"description\":\"Quer Saber Pol\u00edtica?\",\"publisher\":{\"@id\":\"https:\\\/\\\/blogdofarnesio.com.br\\\/#organization\"},\"potentialAction\":[{\"@type\":\"SearchAction\",\"target\":{\"@type\":\"EntryPoint\",\"urlTemplate\":\"https:\\\/\\\/blogdofarnesio.com.br\\\/?s={search_term_string}\"},\"query-input\":{\"@type\":\"PropertyValueSpecification\",\"valueRequired\":true,\"valueName\":\"search_term_string\"}}],\"inLanguage\":\"pt-BR\"},{\"@type\":\"Organization\",\"@id\":\"https:\\\/\\\/blogdofarnesio.com.br\\\/#organization\",\"name\":\"Blog do Farn\u00e9sio\",\"url\":\"https:\\\/\\\/blogdofarnesio.com.br\\\/\",\"logo\":{\"@type\":\"ImageObject\",\"inLanguage\":\"pt-BR\",\"@id\":\"https:\\\/\\\/blogdofarnesio.com.br\\\/#\\\/schema\\\/logo\\\/image\\\/\",\"url\":\"https:\\\/\\\/blogdofarnesio.com.br\\\/wp-content\\\/uploads\\\/2026\\\/03\\\/cropped-logo_new-1.png\",\"contentUrl\":\"https:\\\/\\\/blogdofarnesio.com.br\\\/wp-content\\\/uploads\\\/2026\\\/03\\\/cropped-logo_new-1.png\",\"width\":881,\"height\":685,\"caption\":\"Blog do Farn\u00e9sio\"},\"image\":{\"@id\":\"https:\\\/\\\/blogdofarnesio.com.br\\\/#\\\/schema\\\/logo\\\/image\\\/\"},\"sameAs\":[\"https:\\\/\\\/www.facebook.com\\\/BlogQuerSaberPolitica\\\/\"]},{\"@type\":\"Person\",\"@id\":\"https:\\\/\\\/blogdofarnesio.com.br\\\/#\\\/schema\\\/person\\\/301c4acf522bccbfdb45af95b5b906a1\",\"name\":\"Farn\u00e9sio\",\"image\":{\"@type\":\"ImageObject\",\"inLanguage\":\"pt-BR\",\"@id\":\"https:\\\/\\\/secure.gravatar.com\\\/avatar\\\/df0c9a14567c056f8ad6876ba5bbd1e3e2c48023eb6807342fc4663adf549f38?s=96&d=mm&r=g\",\"url\":\"https:\\\/\\\/secure.gravatar.com\\\/avatar\\\/df0c9a14567c056f8ad6876ba5bbd1e3e2c48023eb6807342fc4663adf549f38?s=96&d=mm&r=g\",\"contentUrl\":\"https:\\\/\\\/secure.gravatar.com\\\/avatar\\\/df0c9a14567c056f8ad6876ba5bbd1e3e2c48023eb6807342fc4663adf549f38?s=96&d=mm&r=g\",\"caption\":\"Farn\u00e9sio\"},\"sameAs\":[\"https:\\\/\\\/quersaberpolitica.com.br\"],\"url\":\"https:\\\/\\\/blogdofarnesio.com.br\\\/?author=1\"}]}<\/script>\n<!-- \/ Yoast SEO plugin. -->","yoast_head_json":{"title":"PASSOU A TER FILTRO DA MINHA PARTE', DIZ BOLSONARO SOBRE DECLARA\u00c7\u00d5ES DO FILHO CARLOS - Blog do Farn\u00e9sio","robots":{"index":"index","follow":"follow","max-snippet":"max-snippet:-1","max-image-preview":"max-image-preview:large","max-video-preview":"max-video-preview:-1"},"canonical":"https:\/\/blogdofarnesio.com.br\/?p=222401","og_locale":"pt_BR","og_type":"article","og_title":"PASSOU A TER FILTRO DA MINHA PARTE', DIZ BOLSONARO SOBRE DECLARA\u00c7\u00d5ES DO FILHO CARLOS - Blog do Farn\u00e9sio","og_description":"O presidente Jair Bolsonaro (PSL) lamentou o epis\u00f3dio do vazamento de \u00e1udios de suas conversas com o ent\u00e3o ministro da Secretaria-Geral da Presid\u00eancia, Gustavo Bebianno, demitido neste m\u00eas, e afirmou que seus filhos n\u00e3o mandam no governo. As declara\u00e7\u00f5es foram dadas nesta quinta-feira (28) em caf\u00e9 da manh\u00e3 com um grupo de jornalistas no Pal\u00e1cio do Planalto em que o UOL esteve presente. &#8220;Nenhum filho meu manda no governo, n\u00e3o existe isso&#8221;, disse o presidente. Bolsonaro afirmou que declara\u00e7\u00f5es p\u00fablicas de seu filho Carlos Bolsonaro que possam ter rela\u00e7\u00e3o com o governo agora passam por sua aprova\u00e7\u00e3o. &#8220;Tudo passou a ter um filtro da minha parte&#8221;, disse. &#8220;Lamento o ocorrido [com Bebianno], mas n\u00e3o poderia ter tomado outra decis\u00e3o&#8221;, afirmou&hellip;","og_url":"https:\/\/blogdofarnesio.com.br\/?p=222401","og_site_name":"Blog do Farn\u00e9sio","article_publisher":"https:\/\/www.facebook.com\/BlogQuerSaberPolitica\/","article_published_time":"2019-03-01T15:30:38+00:00","og_image":[{"width":748,"height":410,"url":"https:\/\/blogdofarnesio.com.br\/wp-content\/uploads\/2019\/01\/blogqsp-bolsonaro-4.jpg","type":"image\/jpeg"}],"author":"Farn\u00e9sio","twitter_card":"summary_large_image","twitter_misc":{"Escrito por":"Farn\u00e9sio","Est. tempo de leitura":"4 minutos"},"schema":{"@context":"https:\/\/schema.org","@graph":[{"@type":"Article","@id":"https:\/\/blogdofarnesio.com.br\/?p=222401#article","isPartOf":{"@id":"https:\/\/blogdofarnesio.com.br\/?p=222401"},"author":{"name":"Farn\u00e9sio","@id":"https:\/\/blogdofarnesio.com.br\/#\/schema\/person\/301c4acf522bccbfdb45af95b5b906a1"},"headline":"PASSOU A TER FILTRO DA MINHA PARTE&#8217;, DIZ BOLSONARO SOBRE DECLARA\u00c7\u00d5ES DO FILHO CARLOS","datePublished":"2019-03-01T15:30:38+00:00","mainEntityOfPage":{"@id":"https:\/\/blogdofarnesio.com.br\/?p=222401"},"wordCount":743,"publisher":{"@id":"https:\/\/blogdofarnesio.com.br\/#organization"},"image":{"@id":"https:\/\/blogdofarnesio.com.br\/?p=222401#primaryimage"},"thumbnailUrl":"https:\/\/blogdofarnesio.com.br\/wp-content\/uploads\/2019\/01\/blogqsp-bolsonaro-4.jpg","articleSection":["Pol\u00edtica"],"inLanguage":"pt-BR"},{"@type":"WebPage","@id":"https:\/\/blogdofarnesio.com.br\/?p=222401","url":"https:\/\/blogdofarnesio.com.br\/?p=222401","name":"PASSOU A TER FILTRO DA MINHA PARTE', DIZ BOLSONARO SOBRE DECLARA\u00c7\u00d5ES DO FILHO CARLOS - Blog do Farn\u00e9sio","isPartOf":{"@id":"https:\/\/blogdofarnesio.com.br\/#website"},"primaryImageOfPage":{"@id":"https:\/\/blogdofarnesio.com.br\/?p=222401#primaryimage"},"image":{"@id":"https:\/\/blogdofarnesio.com.br\/?p=222401#primaryimage"},"thumbnailUrl":"https:\/\/blogdofarnesio.com.br\/wp-content\/uploads\/2019\/01\/blogqsp-bolsonaro-4.jpg","datePublished":"2019-03-01T15:30:38+00:00","breadcrumb":{"@id":"https:\/\/blogdofarnesio.com.br\/?p=222401#breadcrumb"},"inLanguage":"pt-BR","potentialAction":[{"@type":"ReadAction","target":["https:\/\/blogdofarnesio.com.br\/?p=222401"]}]},{"@type":"ImageObject","inLanguage":"pt-BR","@id":"https:\/\/blogdofarnesio.com.br\/?p=222401#primaryimage","url":"https:\/\/blogdofarnesio.com.br\/wp-content\/uploads\/2019\/01\/blogqsp-bolsonaro-4.jpg","contentUrl":"https:\/\/blogdofarnesio.com.br\/wp-content\/uploads\/2019\/01\/blogqsp-bolsonaro-4.jpg","width":748,"height":410},{"@type":"BreadcrumbList","@id":"https:\/\/blogdofarnesio.com.br\/?p=222401#breadcrumb","itemListElement":[{"@type":"ListItem","position":1,"name":"In\u00edcio","item":"https:\/\/blogdofarnesio.com.br\/"},{"@type":"ListItem","position":2,"name":"PASSOU A TER FILTRO DA MINHA PARTE&#8217;, DIZ BOLSONARO SOBRE DECLARA\u00c7\u00d5ES DO FILHO CARLOS"}]},{"@type":"WebSite","@id":"https:\/\/blogdofarnesio.com.br\/#website","url":"https:\/\/blogdofarnesio.com.br\/","name":"Blog do Farn\u00e9sio","description":"Quer Saber Pol\u00edtica?","publisher":{"@id":"https:\/\/blogdofarnesio.com.br\/#organization"},"potentialAction":[{"@type":"SearchAction","target":{"@type":"EntryPoint","urlTemplate":"https:\/\/blogdofarnesio.com.br\/?s={search_term_string}"},"query-input":{"@type":"PropertyValueSpecification","valueRequired":true,"valueName":"search_term_string"}}],"inLanguage":"pt-BR"},{"@type":"Organization","@id":"https:\/\/blogdofarnesio.com.br\/#organization","name":"Blog do Farn\u00e9sio","url":"https:\/\/blogdofarnesio.com.br\/","logo":{"@type":"ImageObject","inLanguage":"pt-BR","@id":"https:\/\/blogdofarnesio.com.br\/#\/schema\/logo\/image\/","url":"https:\/\/blogdofarnesio.com.br\/wp-content\/uploads\/2026\/03\/cropped-logo_new-1.png","contentUrl":"https:\/\/blogdofarnesio.com.br\/wp-content\/uploads\/2026\/03\/cropped-logo_new-1.png","width":881,"height":685,"caption":"Blog do Farn\u00e9sio"},"image":{"@id":"https:\/\/blogdofarnesio.com.br\/#\/schema\/logo\/image\/"},"sameAs":["https:\/\/www.facebook.com\/BlogQuerSaberPolitica\/"]},{"@type":"Person","@id":"https:\/\/blogdofarnesio.com.br\/#\/schema\/person\/301c4acf522bccbfdb45af95b5b906a1","name":"Farn\u00e9sio","image":{"@type":"ImageObject","inLanguage":"pt-BR","@id":"https:\/\/secure.gravatar.com\/avatar\/df0c9a14567c056f8ad6876ba5bbd1e3e2c48023eb6807342fc4663adf549f38?s=96&d=mm&r=g","url":"https:\/\/secure.gravatar.com\/avatar\/df0c9a14567c056f8ad6876ba5bbd1e3e2c48023eb6807342fc4663adf549f38?s=96&d=mm&r=g","contentUrl":"https:\/\/secure.gravatar.com\/avatar\/df0c9a14567c056f8ad6876ba5bbd1e3e2c48023eb6807342fc4663adf549f38?s=96&d=mm&r=g","caption":"Farn\u00e9sio"},"sameAs":["https:\/\/quersaberpolitica.com.br"],"url":"https:\/\/blogdofarnesio.com.br\/?author=1"}]}},"_links":{"self":[{"href":"https:\/\/blogdofarnesio.com.br\/index.php?rest_route=\/wp\/v2\/posts\/222401","targetHints":{"allow":["GET"]}}],"collection":[{"href":"https:\/\/blogdofarnesio.com.br\/index.php?rest_route=\/wp\/v2\/posts"}],"about":[{"href":"https:\/\/blogdofarnesio.com.br\/index.php?rest_route=\/wp\/v2\/types\/post"}],"author":[{"embeddable":true,"href":"https:\/\/blogdofarnesio.com.br\/index.php?rest_route=\/wp\/v2\/users\/1"}],"replies":[{"embeddable":true,"href":"https:\/\/blogdofarnesio.com.br\/index.php?rest_route=%2Fwp%2Fv2%2Fcomments&post=222401"}],"version-history":[{"count":0,"href":"https:\/\/blogdofarnesio.com.br\/index.php?rest_route=\/wp\/v2\/posts\/222401\/revisions"}],"wp:featuredmedia":[{"embeddable":true,"href":"https:\/\/blogdofarnesio.com.br\/index.php?rest_route=\/wp\/v2\/media\/219845"}],"wp:attachment":[{"href":"https:\/\/blogdofarnesio.com.br\/index.php?rest_route=%2Fwp%2Fv2%2Fmedia&parent=222401"}],"wp:term":[{"taxonomy":"category","embeddable":true,"href":"https:\/\/blogdofarnesio.com.br\/index.php?rest_route=%2Fwp%2Fv2%2Fcategories&post=222401"},{"taxonomy":"post_tag","embeddable":true,"href":"https:\/\/blogdofarnesio.com.br\/index.php?rest_route=%2Fwp%2Fv2%2Ftags&post=222401"}],"curies":[{"name":"wp","href":"https:\/\/api.w.org\/{rel}","templated":true}]}}