{"id":222379,"date":"2019-03-01T16:20:07","date_gmt":"2019-03-01T19:20:07","guid":{"rendered":"http:\/\/quersaberpolitica.com.br\/2016\/?p=222379"},"modified":"2019-03-01T13:19:31","modified_gmt":"2019-03-01T16:19:31","slug":"seduc-abre-inscricoes-para-o-concurso-que-vai-escolher-o-nome-da-mais-nova-mascote-da-educacao","status":"publish","type":"post","link":"https:\/\/blogdofarnesio.com.br\/?p=222379","title":{"rendered":"SEDUC ABRE INSCRI\u00c7\u00d5ES PARA O CONCURSO QUE VAI ESCOLHER O NOME DA MAIS NOVA MASCOTE DA EDUCA\u00c7\u00c3O"},"content":{"rendered":"\n<p><strong>S<\/strong>A Secretaria de Educa\u00e7\u00e3o e Juventude (SEDUC) de Juazeiro publicou esta semana o edital do Concurso Pedag\u00f3gico-Cultural que vai escolher o nome da mascote do Projeto \u2018Juazeiro, Educa\u00e7\u00e3o nota 10 &#8211; Toda crian\u00e7a na escola, toda crian\u00e7a valorizada\u2019. Estudantes da rede municipal de ensino podem se inscrever at\u00e9 o dia 12 de mar\u00e7o, em sua pr\u00f3pria escola, sugerindo o nome e a justificativa dele, para a mais nova mascote da educa\u00e7\u00e3o municipal.<\/p>\n\n\n\n<p>O objetivo da SEDUC \u00e9 envolver os alunos de todas as etapas e modalidades de ensino, sensibilizando-os para o projeto \u2018Juazeiro, Educa\u00e7\u00e3o Nota 10\u2019. De acordo com o setor pedag\u00f3gico da secretaria, a proposta de criar uma segunda mascote, uma menina negra, \u00e9 debater a quest\u00e3o racial, explorando os conceitos de ra\u00e7a, etnia, racismo, discrimina\u00e7\u00e3o, as pol\u00edticas de a\u00e7\u00e3o afirmativas, debater a condi\u00e7\u00e3o da mulher negra na sociedade, utilizando o l\u00fadico como elemento incentivador no espa\u00e7o escolar.<\/p>\n\n\n\n<p>Na segunda etapa do concurso, de 13 a 15 de mar\u00e7o, cada escola, que tem alunos participantes, dever\u00e1 formar uma Comiss\u00e3o Julgadora Escolar e escolher tr\u00eas alunos para concorrer ao pr\u00eamio.<\/p>\n\n\n\n<p>No per\u00edodo de 18 e 19 de mar\u00e7o, as sugest\u00f5es e justificativas de nomes selecionados por cada unidade escolar ser\u00e3o encaminhadas para a Comiss\u00e3o Julgadora da SEDUC, que far\u00e1 a sele\u00e7\u00e3o dos tr\u00eas finalistas. &nbsp;<\/p>\n\n\n\n<p>Em 2015, a SEDUC realizou outro concurso, onde foi escolhido o nome da primeira mascote da educa\u00e7\u00e3o, o menino Maestrinho, batizado pelo vencedor do concurso, o aluno Eduardo Rodrigues, da Escola Argemiro Jos\u00e9.<\/p>\n\n\n\n<p>A vota\u00e7\u00e3o dos finalistas Concurso Pedag\u00f3gico-Cultural ser\u00e1 atrav\u00e9s do Portal da Educa\u00e7\u00e3o (<a href=\"http:\/\/portaldaeducacao.juazeiro.gov.br\/\" target=\"_blank\" rel=\"noreferrer noopener\">portaldaeducacao.juazeiro.gov.br<\/a>), de 21 de mar\u00e7o at\u00e9 2 de abril, e todos os internautas poder\u00e3o escolher o melhor nome para a mascote da Educa\u00e7\u00e3o.<\/p>\n\n\n\n<p><strong>Confira o Edital<\/strong><\/p>\n\n\n\n<figure class=\"wp-block-embed\"><div class=\"wp-block-embed__wrapper\">\nhttp:\/\/doem.org.br\/ba\/juazeiro\n<\/div><\/figure>\n","protected":false},"excerpt":{"rendered":"<p>SA Secretaria de Educa\u00e7\u00e3o e Juventude (SEDUC) de Juazeiro publicou esta semana o edital do Concurso Pedag\u00f3gico-Cultural que vai escolher o nome da mascote do Projeto \u2018Juazeiro, Educa\u00e7\u00e3o nota 10 &#8211; Toda crian\u00e7a na escola, toda crian\u00e7a valorizada\u2019. Estudantes da rede municipal de ensino podem se inscrever at\u00e9 o dia 12 de mar\u00e7o, em sua pr\u00f3pria escola, sugerindo o nome e a justificativa dele, para a mais nova mascote da educa\u00e7\u00e3o municipal. O objetivo da SEDUC \u00e9 envolver os alunos de todas as etapas e modalidades de ensino, sensibilizando-os para o projeto \u2018Juazeiro, Educa\u00e7\u00e3o Nota 10\u2019. De acordo com o setor pedag\u00f3gico da secretaria, a proposta de criar uma segunda mascote, uma menina negra, \u00e9 debater a quest\u00e3o racial, explorando&hellip; <\/p>\n","protected":false},"author":1,"featured_media":222380,"comment_status":"closed","ping_status":"closed","sticky":false,"template":"","format":"standard","meta":{"_acf_changed":false,"footnotes":""},"categories":[44],"tags":[],"class_list":["post-222379","post","type-post","status-publish","format-standard","has-post-thumbnail","hentry","category-administracao"],"acf":[],"yoast_head":"<!-- This site is optimized with the Yoast SEO plugin v27.4 - https:\/\/yoast.com\/product\/yoast-seo-wordpress\/ -->\n<title>SEDUC ABRE INSCRI\u00c7\u00d5ES PARA O CONCURSO QUE VAI ESCOLHER O NOME DA MAIS NOVA MASCOTE DA EDUCA\u00c7\u00c3O - Blog do Farn\u00e9sio<\/title>\n<meta name=\"robots\" content=\"index, follow, max-snippet:-1, max-image-preview:large, max-video-preview:-1\" \/>\n<link rel=\"canonical\" href=\"https:\/\/blogdofarnesio.com.br\/?p=222379\" \/>\n<meta property=\"og:locale\" content=\"pt_BR\" \/>\n<meta property=\"og:type\" content=\"article\" \/>\n<meta property=\"og:title\" content=\"SEDUC ABRE INSCRI\u00c7\u00d5ES PARA O CONCURSO QUE VAI ESCOLHER O NOME DA MAIS NOVA MASCOTE DA EDUCA\u00c7\u00c3O - Blog do Farn\u00e9sio\" \/>\n<meta property=\"og:description\" content=\"SA Secretaria de Educa\u00e7\u00e3o e Juventude (SEDUC) de Juazeiro publicou esta semana o edital do Concurso Pedag\u00f3gico-Cultural que vai escolher o nome da mascote do Projeto \u2018Juazeiro, Educa\u00e7\u00e3o nota 10 &#8211; Toda crian\u00e7a na escola, toda crian\u00e7a valorizada\u2019. Estudantes da rede municipal de ensino podem se inscrever at\u00e9 o dia 12 de mar\u00e7o, em sua pr\u00f3pria escola, sugerindo o nome e a justificativa dele, para a mais nova mascote da educa\u00e7\u00e3o municipal. O objetivo da SEDUC \u00e9 envolver os alunos de todas as etapas e modalidades de ensino, sensibilizando-os para o projeto \u2018Juazeiro, Educa\u00e7\u00e3o Nota 10\u2019. De acordo com o setor pedag\u00f3gico da secretaria, a proposta de criar uma segunda mascote, uma menina negra, \u00e9 debater a quest\u00e3o racial, explorando&hellip;\" \/>\n<meta property=\"og:url\" content=\"https:\/\/blogdofarnesio.com.br\/?p=222379\" \/>\n<meta property=\"og:site_name\" content=\"Blog do Farn\u00e9sio\" \/>\n<meta property=\"article:publisher\" content=\"https:\/\/www.facebook.com\/BlogQuerSaberPolitica\/\" \/>\n<meta property=\"article:published_time\" content=\"2019-03-01T19:20:07+00:00\" \/>\n<meta property=\"og:image\" content=\"https:\/\/blogdofarnesio.com.br\/wp-content\/uploads\/2019\/02\/blogqsp-Concurso-mascote-Seduc.jpg\" \/>\n\t<meta property=\"og:image:width\" content=\"480\" \/>\n\t<meta property=\"og:image:height\" content=\"480\" \/>\n\t<meta property=\"og:image:type\" content=\"image\/jpeg\" \/>\n<meta name=\"author\" content=\"Farn\u00e9sio\" \/>\n<meta name=\"twitter:card\" content=\"summary_large_image\" \/>\n<meta name=\"twitter:label1\" content=\"Escrito por\" \/>\n\t<meta name=\"twitter:data1\" content=\"Farn\u00e9sio\" \/>\n\t<meta name=\"twitter:label2\" content=\"Est. tempo de leitura\" \/>\n\t<meta name=\"twitter:data2\" content=\"2 minutos\" \/>\n<script type=\"application\/ld+json\" class=\"yoast-schema-graph\">{\"@context\":\"https:\\\/\\\/schema.org\",\"@graph\":[{\"@type\":\"Article\",\"@id\":\"https:\\\/\\\/blogdofarnesio.com.br\\\/?p=222379#article\",\"isPartOf\":{\"@id\":\"https:\\\/\\\/blogdofarnesio.com.br\\\/?p=222379\"},\"author\":{\"name\":\"Farn\u00e9sio\",\"@id\":\"https:\\\/\\\/blogdofarnesio.com.br\\\/#\\\/schema\\\/person\\\/301c4acf522bccbfdb45af95b5b906a1\"},\"headline\":\"SEDUC ABRE INSCRI\u00c7\u00d5ES PARA O CONCURSO QUE VAI ESCOLHER O NOME DA MAIS NOVA MASCOTE DA EDUCA\u00c7\u00c3O\",\"datePublished\":\"2019-03-01T19:20:07+00:00\",\"mainEntityOfPage\":{\"@id\":\"https:\\\/\\\/blogdofarnesio.com.br\\\/?p=222379\"},\"wordCount\":339,\"publisher\":{\"@id\":\"https:\\\/\\\/blogdofarnesio.com.br\\\/#organization\"},\"image\":{\"@id\":\"https:\\\/\\\/blogdofarnesio.com.br\\\/?p=222379#primaryimage\"},\"thumbnailUrl\":\"https:\\\/\\\/blogdofarnesio.com.br\\\/wp-content\\\/uploads\\\/2019\\\/02\\\/blogqsp-Concurso-mascote-Seduc.jpg\",\"articleSection\":[\"Administra\u00e7\u00e3o\"],\"inLanguage\":\"pt-BR\"},{\"@type\":\"WebPage\",\"@id\":\"https:\\\/\\\/blogdofarnesio.com.br\\\/?p=222379\",\"url\":\"https:\\\/\\\/blogdofarnesio.com.br\\\/?p=222379\",\"name\":\"SEDUC ABRE INSCRI\u00c7\u00d5ES PARA O CONCURSO QUE VAI ESCOLHER O NOME DA MAIS NOVA MASCOTE DA EDUCA\u00c7\u00c3O - Blog do Farn\u00e9sio\",\"isPartOf\":{\"@id\":\"https:\\\/\\\/blogdofarnesio.com.br\\\/#website\"},\"primaryImageOfPage\":{\"@id\":\"https:\\\/\\\/blogdofarnesio.com.br\\\/?p=222379#primaryimage\"},\"image\":{\"@id\":\"https:\\\/\\\/blogdofarnesio.com.br\\\/?p=222379#primaryimage\"},\"thumbnailUrl\":\"https:\\\/\\\/blogdofarnesio.com.br\\\/wp-content\\\/uploads\\\/2019\\\/02\\\/blogqsp-Concurso-mascote-Seduc.jpg\",\"datePublished\":\"2019-03-01T19:20:07+00:00\",\"breadcrumb\":{\"@id\":\"https:\\\/\\\/blogdofarnesio.com.br\\\/?p=222379#breadcrumb\"},\"inLanguage\":\"pt-BR\",\"potentialAction\":[{\"@type\":\"ReadAction\",\"target\":[\"https:\\\/\\\/blogdofarnesio.com.br\\\/?p=222379\"]}]},{\"@type\":\"ImageObject\",\"inLanguage\":\"pt-BR\",\"@id\":\"https:\\\/\\\/blogdofarnesio.com.br\\\/?p=222379#primaryimage\",\"url\":\"https:\\\/\\\/blogdofarnesio.com.br\\\/wp-content\\\/uploads\\\/2019\\\/02\\\/blogqsp-Concurso-mascote-Seduc.jpg\",\"contentUrl\":\"https:\\\/\\\/blogdofarnesio.com.br\\\/wp-content\\\/uploads\\\/2019\\\/02\\\/blogqsp-Concurso-mascote-Seduc.jpg\",\"width\":480,\"height\":480},{\"@type\":\"BreadcrumbList\",\"@id\":\"https:\\\/\\\/blogdofarnesio.com.br\\\/?p=222379#breadcrumb\",\"itemListElement\":[{\"@type\":\"ListItem\",\"position\":1,\"name\":\"In\u00edcio\",\"item\":\"https:\\\/\\\/blogdofarnesio.com.br\\\/\"},{\"@type\":\"ListItem\",\"position\":2,\"name\":\"SEDUC ABRE INSCRI\u00c7\u00d5ES PARA O CONCURSO QUE VAI ESCOLHER O NOME DA MAIS NOVA MASCOTE DA EDUCA\u00c7\u00c3O\"}]},{\"@type\":\"WebSite\",\"@id\":\"https:\\\/\\\/blogdofarnesio.com.br\\\/#website\",\"url\":\"https:\\\/\\\/blogdofarnesio.com.br\\\/\",\"name\":\"Blog do Farn\u00e9sio\",\"description\":\"Quer Saber Pol\u00edtica?\",\"publisher\":{\"@id\":\"https:\\\/\\\/blogdofarnesio.com.br\\\/#organization\"},\"potentialAction\":[{\"@type\":\"SearchAction\",\"target\":{\"@type\":\"EntryPoint\",\"urlTemplate\":\"https:\\\/\\\/blogdofarnesio.com.br\\\/?s={search_term_string}\"},\"query-input\":{\"@type\":\"PropertyValueSpecification\",\"valueRequired\":true,\"valueName\":\"search_term_string\"}}],\"inLanguage\":\"pt-BR\"},{\"@type\":\"Organization\",\"@id\":\"https:\\\/\\\/blogdofarnesio.com.br\\\/#organization\",\"name\":\"Blog do Farn\u00e9sio\",\"url\":\"https:\\\/\\\/blogdofarnesio.com.br\\\/\",\"logo\":{\"@type\":\"ImageObject\",\"inLanguage\":\"pt-BR\",\"@id\":\"https:\\\/\\\/blogdofarnesio.com.br\\\/#\\\/schema\\\/logo\\\/image\\\/\",\"url\":\"https:\\\/\\\/blogdofarnesio.com.br\\\/wp-content\\\/uploads\\\/2026\\\/03\\\/cropped-logo_new-1.png\",\"contentUrl\":\"https:\\\/\\\/blogdofarnesio.com.br\\\/wp-content\\\/uploads\\\/2026\\\/03\\\/cropped-logo_new-1.png\",\"width\":881,\"height\":685,\"caption\":\"Blog do Farn\u00e9sio\"},\"image\":{\"@id\":\"https:\\\/\\\/blogdofarnesio.com.br\\\/#\\\/schema\\\/logo\\\/image\\\/\"},\"sameAs\":[\"https:\\\/\\\/www.facebook.com\\\/BlogQuerSaberPolitica\\\/\"]},{\"@type\":\"Person\",\"@id\":\"https:\\\/\\\/blogdofarnesio.com.br\\\/#\\\/schema\\\/person\\\/301c4acf522bccbfdb45af95b5b906a1\",\"name\":\"Farn\u00e9sio\",\"image\":{\"@type\":\"ImageObject\",\"inLanguage\":\"pt-BR\",\"@id\":\"https:\\\/\\\/secure.gravatar.com\\\/avatar\\\/df0c9a14567c056f8ad6876ba5bbd1e3e2c48023eb6807342fc4663adf549f38?s=96&d=mm&r=g\",\"url\":\"https:\\\/\\\/secure.gravatar.com\\\/avatar\\\/df0c9a14567c056f8ad6876ba5bbd1e3e2c48023eb6807342fc4663adf549f38?s=96&d=mm&r=g\",\"contentUrl\":\"https:\\\/\\\/secure.gravatar.com\\\/avatar\\\/df0c9a14567c056f8ad6876ba5bbd1e3e2c48023eb6807342fc4663adf549f38?s=96&d=mm&r=g\",\"caption\":\"Farn\u00e9sio\"},\"sameAs\":[\"https:\\\/\\\/quersaberpolitica.com.br\"],\"url\":\"https:\\\/\\\/blogdofarnesio.com.br\\\/?author=1\"}]}<\/script>\n<!-- \/ Yoast SEO plugin. -->","yoast_head_json":{"title":"SEDUC ABRE INSCRI\u00c7\u00d5ES PARA O CONCURSO QUE VAI ESCOLHER O NOME DA MAIS NOVA MASCOTE DA EDUCA\u00c7\u00c3O - Blog do Farn\u00e9sio","robots":{"index":"index","follow":"follow","max-snippet":"max-snippet:-1","max-image-preview":"max-image-preview:large","max-video-preview":"max-video-preview:-1"},"canonical":"https:\/\/blogdofarnesio.com.br\/?p=222379","og_locale":"pt_BR","og_type":"article","og_title":"SEDUC ABRE INSCRI\u00c7\u00d5ES PARA O CONCURSO QUE VAI ESCOLHER O NOME DA MAIS NOVA MASCOTE DA EDUCA\u00c7\u00c3O - Blog do Farn\u00e9sio","og_description":"SA Secretaria de Educa\u00e7\u00e3o e Juventude (SEDUC) de Juazeiro publicou esta semana o edital do Concurso Pedag\u00f3gico-Cultural que vai escolher o nome da mascote do Projeto \u2018Juazeiro, Educa\u00e7\u00e3o nota 10 &#8211; Toda crian\u00e7a na escola, toda crian\u00e7a valorizada\u2019. Estudantes da rede municipal de ensino podem se inscrever at\u00e9 o dia 12 de mar\u00e7o, em sua pr\u00f3pria escola, sugerindo o nome e a justificativa dele, para a mais nova mascote da educa\u00e7\u00e3o municipal. O objetivo da SEDUC \u00e9 envolver os alunos de todas as etapas e modalidades de ensino, sensibilizando-os para o projeto \u2018Juazeiro, Educa\u00e7\u00e3o Nota 10\u2019. De acordo com o setor pedag\u00f3gico da secretaria, a proposta de criar uma segunda mascote, uma menina negra, \u00e9 debater a quest\u00e3o racial, explorando&hellip;","og_url":"https:\/\/blogdofarnesio.com.br\/?p=222379","og_site_name":"Blog do Farn\u00e9sio","article_publisher":"https:\/\/www.facebook.com\/BlogQuerSaberPolitica\/","article_published_time":"2019-03-01T19:20:07+00:00","og_image":[{"width":480,"height":480,"url":"https:\/\/blogdofarnesio.com.br\/wp-content\/uploads\/2019\/02\/blogqsp-Concurso-mascote-Seduc.jpg","type":"image\/jpeg"}],"author":"Farn\u00e9sio","twitter_card":"summary_large_image","twitter_misc":{"Escrito por":"Farn\u00e9sio","Est. tempo de leitura":"2 minutos"},"schema":{"@context":"https:\/\/schema.org","@graph":[{"@type":"Article","@id":"https:\/\/blogdofarnesio.com.br\/?p=222379#article","isPartOf":{"@id":"https:\/\/blogdofarnesio.com.br\/?p=222379"},"author":{"name":"Farn\u00e9sio","@id":"https:\/\/blogdofarnesio.com.br\/#\/schema\/person\/301c4acf522bccbfdb45af95b5b906a1"},"headline":"SEDUC ABRE INSCRI\u00c7\u00d5ES PARA O CONCURSO QUE VAI ESCOLHER O NOME DA MAIS NOVA MASCOTE DA EDUCA\u00c7\u00c3O","datePublished":"2019-03-01T19:20:07+00:00","mainEntityOfPage":{"@id":"https:\/\/blogdofarnesio.com.br\/?p=222379"},"wordCount":339,"publisher":{"@id":"https:\/\/blogdofarnesio.com.br\/#organization"},"image":{"@id":"https:\/\/blogdofarnesio.com.br\/?p=222379#primaryimage"},"thumbnailUrl":"https:\/\/blogdofarnesio.com.br\/wp-content\/uploads\/2019\/02\/blogqsp-Concurso-mascote-Seduc.jpg","articleSection":["Administra\u00e7\u00e3o"],"inLanguage":"pt-BR"},{"@type":"WebPage","@id":"https:\/\/blogdofarnesio.com.br\/?p=222379","url":"https:\/\/blogdofarnesio.com.br\/?p=222379","name":"SEDUC ABRE INSCRI\u00c7\u00d5ES PARA O CONCURSO QUE VAI ESCOLHER O NOME DA MAIS NOVA MASCOTE DA EDUCA\u00c7\u00c3O - Blog do Farn\u00e9sio","isPartOf":{"@id":"https:\/\/blogdofarnesio.com.br\/#website"},"primaryImageOfPage":{"@id":"https:\/\/blogdofarnesio.com.br\/?p=222379#primaryimage"},"image":{"@id":"https:\/\/blogdofarnesio.com.br\/?p=222379#primaryimage"},"thumbnailUrl":"https:\/\/blogdofarnesio.com.br\/wp-content\/uploads\/2019\/02\/blogqsp-Concurso-mascote-Seduc.jpg","datePublished":"2019-03-01T19:20:07+00:00","breadcrumb":{"@id":"https:\/\/blogdofarnesio.com.br\/?p=222379#breadcrumb"},"inLanguage":"pt-BR","potentialAction":[{"@type":"ReadAction","target":["https:\/\/blogdofarnesio.com.br\/?p=222379"]}]},{"@type":"ImageObject","inLanguage":"pt-BR","@id":"https:\/\/blogdofarnesio.com.br\/?p=222379#primaryimage","url":"https:\/\/blogdofarnesio.com.br\/wp-content\/uploads\/2019\/02\/blogqsp-Concurso-mascote-Seduc.jpg","contentUrl":"https:\/\/blogdofarnesio.com.br\/wp-content\/uploads\/2019\/02\/blogqsp-Concurso-mascote-Seduc.jpg","width":480,"height":480},{"@type":"BreadcrumbList","@id":"https:\/\/blogdofarnesio.com.br\/?p=222379#breadcrumb","itemListElement":[{"@type":"ListItem","position":1,"name":"In\u00edcio","item":"https:\/\/blogdofarnesio.com.br\/"},{"@type":"ListItem","position":2,"name":"SEDUC ABRE INSCRI\u00c7\u00d5ES PARA O CONCURSO QUE VAI ESCOLHER O NOME DA MAIS NOVA MASCOTE DA EDUCA\u00c7\u00c3O"}]},{"@type":"WebSite","@id":"https:\/\/blogdofarnesio.com.br\/#website","url":"https:\/\/blogdofarnesio.com.br\/","name":"Blog do Farn\u00e9sio","description":"Quer Saber Pol\u00edtica?","publisher":{"@id":"https:\/\/blogdofarnesio.com.br\/#organization"},"potentialAction":[{"@type":"SearchAction","target":{"@type":"EntryPoint","urlTemplate":"https:\/\/blogdofarnesio.com.br\/?s={search_term_string}"},"query-input":{"@type":"PropertyValueSpecification","valueRequired":true,"valueName":"search_term_string"}}],"inLanguage":"pt-BR"},{"@type":"Organization","@id":"https:\/\/blogdofarnesio.com.br\/#organization","name":"Blog do Farn\u00e9sio","url":"https:\/\/blogdofarnesio.com.br\/","logo":{"@type":"ImageObject","inLanguage":"pt-BR","@id":"https:\/\/blogdofarnesio.com.br\/#\/schema\/logo\/image\/","url":"https:\/\/blogdofarnesio.com.br\/wp-content\/uploads\/2026\/03\/cropped-logo_new-1.png","contentUrl":"https:\/\/blogdofarnesio.com.br\/wp-content\/uploads\/2026\/03\/cropped-logo_new-1.png","width":881,"height":685,"caption":"Blog do Farn\u00e9sio"},"image":{"@id":"https:\/\/blogdofarnesio.com.br\/#\/schema\/logo\/image\/"},"sameAs":["https:\/\/www.facebook.com\/BlogQuerSaberPolitica\/"]},{"@type":"Person","@id":"https:\/\/blogdofarnesio.com.br\/#\/schema\/person\/301c4acf522bccbfdb45af95b5b906a1","name":"Farn\u00e9sio","image":{"@type":"ImageObject","inLanguage":"pt-BR","@id":"https:\/\/secure.gravatar.com\/avatar\/df0c9a14567c056f8ad6876ba5bbd1e3e2c48023eb6807342fc4663adf549f38?s=96&d=mm&r=g","url":"https:\/\/secure.gravatar.com\/avatar\/df0c9a14567c056f8ad6876ba5bbd1e3e2c48023eb6807342fc4663adf549f38?s=96&d=mm&r=g","contentUrl":"https:\/\/secure.gravatar.com\/avatar\/df0c9a14567c056f8ad6876ba5bbd1e3e2c48023eb6807342fc4663adf549f38?s=96&d=mm&r=g","caption":"Farn\u00e9sio"},"sameAs":["https:\/\/quersaberpolitica.com.br"],"url":"https:\/\/blogdofarnesio.com.br\/?author=1"}]}},"_links":{"self":[{"href":"https:\/\/blogdofarnesio.com.br\/index.php?rest_route=\/wp\/v2\/posts\/222379","targetHints":{"allow":["GET"]}}],"collection":[{"href":"https:\/\/blogdofarnesio.com.br\/index.php?rest_route=\/wp\/v2\/posts"}],"about":[{"href":"https:\/\/blogdofarnesio.com.br\/index.php?rest_route=\/wp\/v2\/types\/post"}],"author":[{"embeddable":true,"href":"https:\/\/blogdofarnesio.com.br\/index.php?rest_route=\/wp\/v2\/users\/1"}],"replies":[{"embeddable":true,"href":"https:\/\/blogdofarnesio.com.br\/index.php?rest_route=%2Fwp%2Fv2%2Fcomments&post=222379"}],"version-history":[{"count":0,"href":"https:\/\/blogdofarnesio.com.br\/index.php?rest_route=\/wp\/v2\/posts\/222379\/revisions"}],"wp:featuredmedia":[{"embeddable":true,"href":"https:\/\/blogdofarnesio.com.br\/index.php?rest_route=\/wp\/v2\/media\/222380"}],"wp:attachment":[{"href":"https:\/\/blogdofarnesio.com.br\/index.php?rest_route=%2Fwp%2Fv2%2Fmedia&parent=222379"}],"wp:term":[{"taxonomy":"category","embeddable":true,"href":"https:\/\/blogdofarnesio.com.br\/index.php?rest_route=%2Fwp%2Fv2%2Fcategories&post=222379"},{"taxonomy":"post_tag","embeddable":true,"href":"https:\/\/blogdofarnesio.com.br\/index.php?rest_route=%2Fwp%2Fv2%2Ftags&post=222379"}],"curies":[{"name":"wp","href":"https:\/\/api.w.org\/{rel}","templated":true}]}}