{"id":222373,"date":"2019-03-01T10:41:14","date_gmt":"2019-03-01T13:41:14","guid":{"rendered":"http:\/\/quersaberpolitica.com.br\/2016\/?p=222373"},"modified":"2019-02-28T21:04:05","modified_gmt":"2019-03-01T00:04:05","slug":"prefeito-assina-contrato-e-ordem-de-servico-para-inicio-das-obras-do-centro-gastronomico-de-juazeiro","status":"publish","type":"post","link":"https:\/\/blogdofarnesio.com.br\/?p=222373","title":{"rendered":"PREFEITO ASSINA CONTRATO E ORDEM DE SERVI\u00c7O PARA IN\u00cdCIO DAS OBRAS DO CENTRO GASTRON\u00d4MICO DE JUAZEIRO"},"content":{"rendered":"\n<p>O Prefeito de Juazeiro, Paulo Bomfim e os representantes da empresa Donkey Beer, Hemerson Castro, Ubiratan Rios e Ubiratan Filho, oficializaram nesta quinta-feira (28) a assinatura do contrato de Concess\u00e3o de uso de bem p\u00fablico, a t\u00edtulo oneroso, destinado a implanta\u00e7\u00e3o do Centro Gastron\u00f4mico, Cultural e Lazer, bem como a Ordem de Servi\u00e7o autorizando in\u00edcio imediato das obras de requalifica\u00e7\u00e3o dos espa\u00e7os dos antigos galp\u00f5es da FRANAVE.<\/p>\n\n\n\n<p>O ato aconteceu em uma concorrida solenidade no gabinete do prefeito no Pa\u00e7o Municipal, e contou com a participa\u00e7\u00e3o do Assistente Especial da Casa Civil, Isaac Carvalho, que esteve representando o Governador do Estado, dos deputados estaduais Roberto Carlos e Cris\u00f3stomo Lima (Z\u00f3), o presidente da C\u00e2mara Municipal de Juazeiro Alex Tanuri, secret\u00e1rios de governo, vereadores, autoridades locais, imprensa, comunidade, entre outros. Ap\u00f3s a Assinatura o prefeito acompanhado dos empres\u00e1rios e equipe de Governo visitou os Galp\u00f5es para acompanhar o in\u00edcio das obras.<\/p>\n\n\n\n<p>Durante o ato, o prefeito agradeceu o apoio e o comprometimento do Governo do Estado em ajudar o munic\u00edpio a concretizar essa a\u00e7\u00e3o ao ceder o uso do espa\u00e7o, aos empres\u00e1rios que acreditaram no potencial de crescimento do munic\u00edpio para investir e \u00e0 popula\u00e7\u00e3o que ap\u00f3ia e confia na sua gest\u00e3o.<\/p>\n\n\n\n<p>\u201cHoje posso dizer que j\u00e1 nasceu uma nova Juazeiro. A Juazeiro de hoje com certeza n\u00e3o \u00e9 a que recebemos em 2009, que o juazeirense precisava atravessar a ponte para ir ao shopping, ou para fazer as compras mensais de sua casa, pois hoje dispomos de todos esses empreendimentos em nossa cidade. Agora vamos concretizar a chegada de mais um que \u00e9 o Centro Gastron\u00f4mico, e com certeza refletir\u00e1 na valoriza\u00e7\u00e3o desse espa\u00e7o hist\u00f3rico da nossa Juazeiro e, al\u00e9m de ponto tur\u00edstico, vai gerar mais de 400 empregos. Agrade\u00e7o a todos os parceiros que colaboraram para chegarmos at\u00e9 aqui, aos empres\u00e1rios, ao Governo do Estado atrav\u00e9s da CAR e CONDER, \u00e0 C\u00e2mara de Vereadores, a todos que ap\u00f3iam o colaboram com o nosso governo\u201d, declarou o prefeito Paulo Bomfim.<\/p>\n\n\n\n<p>O Centro que ser\u00e1 constru\u00eddo na Orla 2 de Juazeiro, contar\u00e1 com ambientes diferenciados com card\u00e1pios variados com comidas t\u00edpicas regionais, al\u00e9m de churrascaria, pizzaria, restaurante, frutos do mar, sushi bar, e espa\u00e7o kids. O local ter\u00e1 espa\u00e7o para seis ou dez restaurantes e dois ou tr\u00eas bares, al\u00e9m do Emp\u00f3rio da Agricultura Familiar que ter\u00e1diversos espa\u00e7os integrados dentre eles, supermercados, restaurantes, lanchonetes, feira de produtos org\u00e2nicos e audit\u00f3rio para capacita\u00e7\u00e3o.<\/p>\n\n\n\n<p>De acordo com o secret\u00e1rio Hemerson Guimar\u00e3es que tamb\u00e9m participou da cerim\u00f4nia o Centro Gastron\u00f4mico de Juazeiro tem como objetivo oferecer servi\u00e7os de alimenta\u00e7\u00e3o, integra\u00e7\u00e3o das pessoas, aproveitamento seu potencial tur\u00edstico. A Obra beneficia uma \u00e1rea de aproximadamente 2.350 m\u00b2 com requalifica\u00e7\u00e3o e reforma do pr\u00e9dio que dever\u00e1 obedecer necessariamente o projeto arquitet\u00f4nico, observando crit\u00e9rios e diretrizes de interven\u00e7\u00e3o para projetos de restaura\u00e7\u00e3o arquitet\u00f4nica e reurbaniza\u00e7\u00e3o do entorno.<\/p>\n\n\n\n<p>\u201cA proposta contempla a implanta\u00e7\u00e3o completa do Centro Gastron\u00f4mico, especificamente com a implanta\u00e7\u00e3o de uma cervejaria artesanal e diversas modalidades culin\u00e1rias, cafeteria, um espa\u00e7o destinado a brinquedos, parque infantil, espa\u00e7os para os artesanatos locais e souvenirs diversos, sendo um lote indivis\u00edvel. Ser\u00e1 um centro com arquitetura arrojada, localizada \u00e0s margens do Velho Chico, combinando sua beleza natural e culin\u00e1ria regional com um amplo espa\u00e7o de atendimento a todos\u201d, explicou o titular da SEDUR, Hemerson Guimar\u00e3es.<\/p>\n\n\n\n<p>Para o empres\u00e1rio Hemerson Castro, representante da Donkey Beer, \u00e9 uma grande responsabilidade e um compromisso a ser honrado junto ao povo de Juazeiro que \u00e9 resgatar a estrutura dos Casar\u00f5es. \u201cFico muito feliz em fazer parte dessa conquista da gest\u00e3o do prefeito Paulo Bomfim, que lutou para viabilizar a concess\u00e3o do uso desse espa\u00e7o, e o mesmo deixe de ser um referencial de abandono. Na hora que o prefeito abriu as portas hoje aqui, ele deixou pra tr\u00e1s esse abandono e a partir desse passamos a construir uma nova hist\u00f3ria para os Casar\u00f5es que muito em breve ser\u00e3o transformados em Centro Gastron\u00f4mico\u201d, destacou o empres\u00e1rio.<\/p>\n\n\n\n<p>De acordo com o contrato assinado o prazo estabelecido para execu\u00e7\u00e3o dos servi\u00e7os de requalifica\u00e7\u00e3o do im\u00f3vel, \u00e9 de 12 (doze) meses, a partir da data da assinatura da Ordem de Servi\u00e7o.<\/p>\n\n\n\n<p> <br>Gardennia Garibalde\/SEDUR e Lene Radina\/ADEAP <\/p>\n\n\n\n<p> Fotos: Allan Torres <br><\/p>\n","protected":false},"excerpt":{"rendered":"<p>O Prefeito de Juazeiro, Paulo Bomfim e os representantes da empresa Donkey Beer, Hemerson Castro, Ubiratan Rios e Ubiratan Filho, oficializaram nesta quinta-feira (28) a assinatura do contrato de Concess\u00e3o de uso de bem p\u00fablico, a t\u00edtulo oneroso, destinado a implanta\u00e7\u00e3o do Centro Gastron\u00f4mico, Cultural e Lazer, bem como a Ordem de Servi\u00e7o autorizando in\u00edcio imediato das obras de requalifica\u00e7\u00e3o dos espa\u00e7os dos antigos galp\u00f5es da FRANAVE. O ato aconteceu em uma concorrida solenidade no gabinete do prefeito no Pa\u00e7o Municipal, e contou com a participa\u00e7\u00e3o do Assistente Especial da Casa Civil, Isaac Carvalho, que esteve representando o Governador do Estado, dos deputados estaduais Roberto Carlos e Cris\u00f3stomo Lima (Z\u00f3), o presidente da C\u00e2mara Municipal de Juazeiro Alex Tanuri, secret\u00e1rios&hellip; <\/p>\n","protected":false},"author":1,"featured_media":222374,"comment_status":"closed","ping_status":"closed","sticky":false,"template":"","format":"standard","meta":{"_acf_changed":false,"footnotes":""},"categories":[44],"tags":[],"class_list":["post-222373","post","type-post","status-publish","format-standard","has-post-thumbnail","hentry","category-administracao"],"acf":[],"yoast_head":"<!-- This site is optimized with the Yoast SEO plugin v27.4 - https:\/\/yoast.com\/product\/yoast-seo-wordpress\/ -->\n<title>PREFEITO ASSINA CONTRATO E ORDEM DE SERVI\u00c7O PARA IN\u00cdCIO DAS OBRAS DO CENTRO GASTRON\u00d4MICO DE JUAZEIRO - Blog do Farn\u00e9sio<\/title>\n<meta name=\"robots\" content=\"index, follow, max-snippet:-1, max-image-preview:large, max-video-preview:-1\" \/>\n<link rel=\"canonical\" href=\"https:\/\/blogdofarnesio.com.br\/?p=222373\" \/>\n<meta property=\"og:locale\" content=\"pt_BR\" \/>\n<meta property=\"og:type\" content=\"article\" \/>\n<meta property=\"og:title\" content=\"PREFEITO ASSINA CONTRATO E ORDEM DE SERVI\u00c7O PARA IN\u00cdCIO DAS OBRAS DO CENTRO GASTRON\u00d4MICO DE JUAZEIRO - Blog do Farn\u00e9sio\" \/>\n<meta property=\"og:description\" content=\"O Prefeito de Juazeiro, Paulo Bomfim e os representantes da empresa Donkey Beer, Hemerson Castro, Ubiratan Rios e Ubiratan Filho, oficializaram nesta quinta-feira (28) a assinatura do contrato de Concess\u00e3o de uso de bem p\u00fablico, a t\u00edtulo oneroso, destinado a implanta\u00e7\u00e3o do Centro Gastron\u00f4mico, Cultural e Lazer, bem como a Ordem de Servi\u00e7o autorizando in\u00edcio imediato das obras de requalifica\u00e7\u00e3o dos espa\u00e7os dos antigos galp\u00f5es da FRANAVE. O ato aconteceu em uma concorrida solenidade no gabinete do prefeito no Pa\u00e7o Municipal, e contou com a participa\u00e7\u00e3o do Assistente Especial da Casa Civil, Isaac Carvalho, que esteve representando o Governador do Estado, dos deputados estaduais Roberto Carlos e Cris\u00f3stomo Lima (Z\u00f3), o presidente da C\u00e2mara Municipal de Juazeiro Alex Tanuri, secret\u00e1rios&hellip;\" \/>\n<meta property=\"og:url\" content=\"https:\/\/blogdofarnesio.com.br\/?p=222373\" \/>\n<meta property=\"og:site_name\" content=\"Blog do Farn\u00e9sio\" \/>\n<meta property=\"article:publisher\" content=\"https:\/\/www.facebook.com\/BlogQuerSaberPolitica\/\" \/>\n<meta property=\"article:published_time\" content=\"2019-03-01T13:41:14+00:00\" \/>\n<meta property=\"og:image\" content=\"https:\/\/blogdofarnesio.com.br\/wp-content\/uploads\/2019\/02\/blogqsp-PBomfim-assina-OServi\u00e7o-Centro-Gastron\u00f4mico11.jpg\" \/>\n\t<meta property=\"og:image:width\" content=\"640\" \/>\n\t<meta property=\"og:image:height\" content=\"426\" \/>\n\t<meta property=\"og:image:type\" content=\"image\/jpeg\" \/>\n<meta name=\"author\" content=\"Farn\u00e9sio\" \/>\n<meta name=\"twitter:card\" content=\"summary_large_image\" \/>\n<meta name=\"twitter:label1\" content=\"Escrito por\" \/>\n\t<meta name=\"twitter:data1\" content=\"Farn\u00e9sio\" \/>\n\t<meta name=\"twitter:label2\" content=\"Est. tempo de leitura\" \/>\n\t<meta name=\"twitter:data2\" content=\"4 minutos\" \/>\n<script type=\"application\/ld+json\" class=\"yoast-schema-graph\">{\"@context\":\"https:\\\/\\\/schema.org\",\"@graph\":[{\"@type\":\"Article\",\"@id\":\"https:\\\/\\\/blogdofarnesio.com.br\\\/?p=222373#article\",\"isPartOf\":{\"@id\":\"https:\\\/\\\/blogdofarnesio.com.br\\\/?p=222373\"},\"author\":{\"name\":\"Farn\u00e9sio\",\"@id\":\"https:\\\/\\\/blogdofarnesio.com.br\\\/#\\\/schema\\\/person\\\/301c4acf522bccbfdb45af95b5b906a1\"},\"headline\":\"PREFEITO ASSINA CONTRATO E ORDEM DE SERVI\u00c7O PARA IN\u00cdCIO DAS OBRAS DO CENTRO GASTRON\u00d4MICO DE JUAZEIRO\",\"datePublished\":\"2019-03-01T13:41:14+00:00\",\"mainEntityOfPage\":{\"@id\":\"https:\\\/\\\/blogdofarnesio.com.br\\\/?p=222373\"},\"wordCount\":794,\"publisher\":{\"@id\":\"https:\\\/\\\/blogdofarnesio.com.br\\\/#organization\"},\"image\":{\"@id\":\"https:\\\/\\\/blogdofarnesio.com.br\\\/?p=222373#primaryimage\"},\"thumbnailUrl\":\"https:\\\/\\\/blogdofarnesio.com.br\\\/wp-content\\\/uploads\\\/2019\\\/02\\\/blogqsp-PBomfim-assina-OServi\u00e7o-Centro-Gastron\u00f4mico11.jpg\",\"articleSection\":[\"Administra\u00e7\u00e3o\"],\"inLanguage\":\"pt-BR\"},{\"@type\":\"WebPage\",\"@id\":\"https:\\\/\\\/blogdofarnesio.com.br\\\/?p=222373\",\"url\":\"https:\\\/\\\/blogdofarnesio.com.br\\\/?p=222373\",\"name\":\"PREFEITO ASSINA CONTRATO E ORDEM DE SERVI\u00c7O PARA IN\u00cdCIO DAS OBRAS DO CENTRO GASTRON\u00d4MICO DE JUAZEIRO - Blog do Farn\u00e9sio\",\"isPartOf\":{\"@id\":\"https:\\\/\\\/blogdofarnesio.com.br\\\/#website\"},\"primaryImageOfPage\":{\"@id\":\"https:\\\/\\\/blogdofarnesio.com.br\\\/?p=222373#primaryimage\"},\"image\":{\"@id\":\"https:\\\/\\\/blogdofarnesio.com.br\\\/?p=222373#primaryimage\"},\"thumbnailUrl\":\"https:\\\/\\\/blogdofarnesio.com.br\\\/wp-content\\\/uploads\\\/2019\\\/02\\\/blogqsp-PBomfim-assina-OServi\u00e7o-Centro-Gastron\u00f4mico11.jpg\",\"datePublished\":\"2019-03-01T13:41:14+00:00\",\"breadcrumb\":{\"@id\":\"https:\\\/\\\/blogdofarnesio.com.br\\\/?p=222373#breadcrumb\"},\"inLanguage\":\"pt-BR\",\"potentialAction\":[{\"@type\":\"ReadAction\",\"target\":[\"https:\\\/\\\/blogdofarnesio.com.br\\\/?p=222373\"]}]},{\"@type\":\"ImageObject\",\"inLanguage\":\"pt-BR\",\"@id\":\"https:\\\/\\\/blogdofarnesio.com.br\\\/?p=222373#primaryimage\",\"url\":\"https:\\\/\\\/blogdofarnesio.com.br\\\/wp-content\\\/uploads\\\/2019\\\/02\\\/blogqsp-PBomfim-assina-OServi\u00e7o-Centro-Gastron\u00f4mico11.jpg\",\"contentUrl\":\"https:\\\/\\\/blogdofarnesio.com.br\\\/wp-content\\\/uploads\\\/2019\\\/02\\\/blogqsp-PBomfim-assina-OServi\u00e7o-Centro-Gastron\u00f4mico11.jpg\",\"width\":640,\"height\":426},{\"@type\":\"BreadcrumbList\",\"@id\":\"https:\\\/\\\/blogdofarnesio.com.br\\\/?p=222373#breadcrumb\",\"itemListElement\":[{\"@type\":\"ListItem\",\"position\":1,\"name\":\"In\u00edcio\",\"item\":\"https:\\\/\\\/blogdofarnesio.com.br\\\/\"},{\"@type\":\"ListItem\",\"position\":2,\"name\":\"PREFEITO ASSINA CONTRATO E ORDEM DE SERVI\u00c7O PARA IN\u00cdCIO DAS OBRAS DO CENTRO GASTRON\u00d4MICO DE JUAZEIRO\"}]},{\"@type\":\"WebSite\",\"@id\":\"https:\\\/\\\/blogdofarnesio.com.br\\\/#website\",\"url\":\"https:\\\/\\\/blogdofarnesio.com.br\\\/\",\"name\":\"Blog do Farn\u00e9sio\",\"description\":\"Quer Saber Pol\u00edtica?\",\"publisher\":{\"@id\":\"https:\\\/\\\/blogdofarnesio.com.br\\\/#organization\"},\"potentialAction\":[{\"@type\":\"SearchAction\",\"target\":{\"@type\":\"EntryPoint\",\"urlTemplate\":\"https:\\\/\\\/blogdofarnesio.com.br\\\/?s={search_term_string}\"},\"query-input\":{\"@type\":\"PropertyValueSpecification\",\"valueRequired\":true,\"valueName\":\"search_term_string\"}}],\"inLanguage\":\"pt-BR\"},{\"@type\":\"Organization\",\"@id\":\"https:\\\/\\\/blogdofarnesio.com.br\\\/#organization\",\"name\":\"Blog do Farn\u00e9sio\",\"url\":\"https:\\\/\\\/blogdofarnesio.com.br\\\/\",\"logo\":{\"@type\":\"ImageObject\",\"inLanguage\":\"pt-BR\",\"@id\":\"https:\\\/\\\/blogdofarnesio.com.br\\\/#\\\/schema\\\/logo\\\/image\\\/\",\"url\":\"https:\\\/\\\/blogdofarnesio.com.br\\\/wp-content\\\/uploads\\\/2026\\\/03\\\/cropped-logo_new-1.png\",\"contentUrl\":\"https:\\\/\\\/blogdofarnesio.com.br\\\/wp-content\\\/uploads\\\/2026\\\/03\\\/cropped-logo_new-1.png\",\"width\":881,\"height\":685,\"caption\":\"Blog do Farn\u00e9sio\"},\"image\":{\"@id\":\"https:\\\/\\\/blogdofarnesio.com.br\\\/#\\\/schema\\\/logo\\\/image\\\/\"},\"sameAs\":[\"https:\\\/\\\/www.facebook.com\\\/BlogQuerSaberPolitica\\\/\"]},{\"@type\":\"Person\",\"@id\":\"https:\\\/\\\/blogdofarnesio.com.br\\\/#\\\/schema\\\/person\\\/301c4acf522bccbfdb45af95b5b906a1\",\"name\":\"Farn\u00e9sio\",\"image\":{\"@type\":\"ImageObject\",\"inLanguage\":\"pt-BR\",\"@id\":\"https:\\\/\\\/secure.gravatar.com\\\/avatar\\\/df0c9a14567c056f8ad6876ba5bbd1e3e2c48023eb6807342fc4663adf549f38?s=96&d=mm&r=g\",\"url\":\"https:\\\/\\\/secure.gravatar.com\\\/avatar\\\/df0c9a14567c056f8ad6876ba5bbd1e3e2c48023eb6807342fc4663adf549f38?s=96&d=mm&r=g\",\"contentUrl\":\"https:\\\/\\\/secure.gravatar.com\\\/avatar\\\/df0c9a14567c056f8ad6876ba5bbd1e3e2c48023eb6807342fc4663adf549f38?s=96&d=mm&r=g\",\"caption\":\"Farn\u00e9sio\"},\"sameAs\":[\"https:\\\/\\\/quersaberpolitica.com.br\"],\"url\":\"https:\\\/\\\/blogdofarnesio.com.br\\\/?author=1\"}]}<\/script>\n<!-- \/ Yoast SEO plugin. -->","yoast_head_json":{"title":"PREFEITO ASSINA CONTRATO E ORDEM DE SERVI\u00c7O PARA IN\u00cdCIO DAS OBRAS DO CENTRO GASTRON\u00d4MICO DE JUAZEIRO - Blog do Farn\u00e9sio","robots":{"index":"index","follow":"follow","max-snippet":"max-snippet:-1","max-image-preview":"max-image-preview:large","max-video-preview":"max-video-preview:-1"},"canonical":"https:\/\/blogdofarnesio.com.br\/?p=222373","og_locale":"pt_BR","og_type":"article","og_title":"PREFEITO ASSINA CONTRATO E ORDEM DE SERVI\u00c7O PARA IN\u00cdCIO DAS OBRAS DO CENTRO GASTRON\u00d4MICO DE JUAZEIRO - Blog do Farn\u00e9sio","og_description":"O Prefeito de Juazeiro, Paulo Bomfim e os representantes da empresa Donkey Beer, Hemerson Castro, Ubiratan Rios e Ubiratan Filho, oficializaram nesta quinta-feira (28) a assinatura do contrato de Concess\u00e3o de uso de bem p\u00fablico, a t\u00edtulo oneroso, destinado a implanta\u00e7\u00e3o do Centro Gastron\u00f4mico, Cultural e Lazer, bem como a Ordem de Servi\u00e7o autorizando in\u00edcio imediato das obras de requalifica\u00e7\u00e3o dos espa\u00e7os dos antigos galp\u00f5es da FRANAVE. O ato aconteceu em uma concorrida solenidade no gabinete do prefeito no Pa\u00e7o Municipal, e contou com a participa\u00e7\u00e3o do Assistente Especial da Casa Civil, Isaac Carvalho, que esteve representando o Governador do Estado, dos deputados estaduais Roberto Carlos e Cris\u00f3stomo Lima (Z\u00f3), o presidente da C\u00e2mara Municipal de Juazeiro Alex Tanuri, secret\u00e1rios&hellip;","og_url":"https:\/\/blogdofarnesio.com.br\/?p=222373","og_site_name":"Blog do Farn\u00e9sio","article_publisher":"https:\/\/www.facebook.com\/BlogQuerSaberPolitica\/","article_published_time":"2019-03-01T13:41:14+00:00","og_image":[{"width":640,"height":426,"url":"https:\/\/blogdofarnesio.com.br\/wp-content\/uploads\/2019\/02\/blogqsp-PBomfim-assina-OServi\u00e7o-Centro-Gastron\u00f4mico11.jpg","type":"image\/jpeg"}],"author":"Farn\u00e9sio","twitter_card":"summary_large_image","twitter_misc":{"Escrito por":"Farn\u00e9sio","Est. tempo de leitura":"4 minutos"},"schema":{"@context":"https:\/\/schema.org","@graph":[{"@type":"Article","@id":"https:\/\/blogdofarnesio.com.br\/?p=222373#article","isPartOf":{"@id":"https:\/\/blogdofarnesio.com.br\/?p=222373"},"author":{"name":"Farn\u00e9sio","@id":"https:\/\/blogdofarnesio.com.br\/#\/schema\/person\/301c4acf522bccbfdb45af95b5b906a1"},"headline":"PREFEITO ASSINA CONTRATO E ORDEM DE SERVI\u00c7O PARA IN\u00cdCIO DAS OBRAS DO CENTRO GASTRON\u00d4MICO DE JUAZEIRO","datePublished":"2019-03-01T13:41:14+00:00","mainEntityOfPage":{"@id":"https:\/\/blogdofarnesio.com.br\/?p=222373"},"wordCount":794,"publisher":{"@id":"https:\/\/blogdofarnesio.com.br\/#organization"},"image":{"@id":"https:\/\/blogdofarnesio.com.br\/?p=222373#primaryimage"},"thumbnailUrl":"https:\/\/blogdofarnesio.com.br\/wp-content\/uploads\/2019\/02\/blogqsp-PBomfim-assina-OServi\u00e7o-Centro-Gastron\u00f4mico11.jpg","articleSection":["Administra\u00e7\u00e3o"],"inLanguage":"pt-BR"},{"@type":"WebPage","@id":"https:\/\/blogdofarnesio.com.br\/?p=222373","url":"https:\/\/blogdofarnesio.com.br\/?p=222373","name":"PREFEITO ASSINA CONTRATO E ORDEM DE SERVI\u00c7O PARA IN\u00cdCIO DAS OBRAS DO CENTRO GASTRON\u00d4MICO DE JUAZEIRO - Blog do Farn\u00e9sio","isPartOf":{"@id":"https:\/\/blogdofarnesio.com.br\/#website"},"primaryImageOfPage":{"@id":"https:\/\/blogdofarnesio.com.br\/?p=222373#primaryimage"},"image":{"@id":"https:\/\/blogdofarnesio.com.br\/?p=222373#primaryimage"},"thumbnailUrl":"https:\/\/blogdofarnesio.com.br\/wp-content\/uploads\/2019\/02\/blogqsp-PBomfim-assina-OServi\u00e7o-Centro-Gastron\u00f4mico11.jpg","datePublished":"2019-03-01T13:41:14+00:00","breadcrumb":{"@id":"https:\/\/blogdofarnesio.com.br\/?p=222373#breadcrumb"},"inLanguage":"pt-BR","potentialAction":[{"@type":"ReadAction","target":["https:\/\/blogdofarnesio.com.br\/?p=222373"]}]},{"@type":"ImageObject","inLanguage":"pt-BR","@id":"https:\/\/blogdofarnesio.com.br\/?p=222373#primaryimage","url":"https:\/\/blogdofarnesio.com.br\/wp-content\/uploads\/2019\/02\/blogqsp-PBomfim-assina-OServi\u00e7o-Centro-Gastron\u00f4mico11.jpg","contentUrl":"https:\/\/blogdofarnesio.com.br\/wp-content\/uploads\/2019\/02\/blogqsp-PBomfim-assina-OServi\u00e7o-Centro-Gastron\u00f4mico11.jpg","width":640,"height":426},{"@type":"BreadcrumbList","@id":"https:\/\/blogdofarnesio.com.br\/?p=222373#breadcrumb","itemListElement":[{"@type":"ListItem","position":1,"name":"In\u00edcio","item":"https:\/\/blogdofarnesio.com.br\/"},{"@type":"ListItem","position":2,"name":"PREFEITO ASSINA CONTRATO E ORDEM DE SERVI\u00c7O PARA IN\u00cdCIO DAS OBRAS DO CENTRO GASTRON\u00d4MICO DE JUAZEIRO"}]},{"@type":"WebSite","@id":"https:\/\/blogdofarnesio.com.br\/#website","url":"https:\/\/blogdofarnesio.com.br\/","name":"Blog do Farn\u00e9sio","description":"Quer Saber Pol\u00edtica?","publisher":{"@id":"https:\/\/blogdofarnesio.com.br\/#organization"},"potentialAction":[{"@type":"SearchAction","target":{"@type":"EntryPoint","urlTemplate":"https:\/\/blogdofarnesio.com.br\/?s={search_term_string}"},"query-input":{"@type":"PropertyValueSpecification","valueRequired":true,"valueName":"search_term_string"}}],"inLanguage":"pt-BR"},{"@type":"Organization","@id":"https:\/\/blogdofarnesio.com.br\/#organization","name":"Blog do Farn\u00e9sio","url":"https:\/\/blogdofarnesio.com.br\/","logo":{"@type":"ImageObject","inLanguage":"pt-BR","@id":"https:\/\/blogdofarnesio.com.br\/#\/schema\/logo\/image\/","url":"https:\/\/blogdofarnesio.com.br\/wp-content\/uploads\/2026\/03\/cropped-logo_new-1.png","contentUrl":"https:\/\/blogdofarnesio.com.br\/wp-content\/uploads\/2026\/03\/cropped-logo_new-1.png","width":881,"height":685,"caption":"Blog do Farn\u00e9sio"},"image":{"@id":"https:\/\/blogdofarnesio.com.br\/#\/schema\/logo\/image\/"},"sameAs":["https:\/\/www.facebook.com\/BlogQuerSaberPolitica\/"]},{"@type":"Person","@id":"https:\/\/blogdofarnesio.com.br\/#\/schema\/person\/301c4acf522bccbfdb45af95b5b906a1","name":"Farn\u00e9sio","image":{"@type":"ImageObject","inLanguage":"pt-BR","@id":"https:\/\/secure.gravatar.com\/avatar\/df0c9a14567c056f8ad6876ba5bbd1e3e2c48023eb6807342fc4663adf549f38?s=96&d=mm&r=g","url":"https:\/\/secure.gravatar.com\/avatar\/df0c9a14567c056f8ad6876ba5bbd1e3e2c48023eb6807342fc4663adf549f38?s=96&d=mm&r=g","contentUrl":"https:\/\/secure.gravatar.com\/avatar\/df0c9a14567c056f8ad6876ba5bbd1e3e2c48023eb6807342fc4663adf549f38?s=96&d=mm&r=g","caption":"Farn\u00e9sio"},"sameAs":["https:\/\/quersaberpolitica.com.br"],"url":"https:\/\/blogdofarnesio.com.br\/?author=1"}]}},"_links":{"self":[{"href":"https:\/\/blogdofarnesio.com.br\/index.php?rest_route=\/wp\/v2\/posts\/222373","targetHints":{"allow":["GET"]}}],"collection":[{"href":"https:\/\/blogdofarnesio.com.br\/index.php?rest_route=\/wp\/v2\/posts"}],"about":[{"href":"https:\/\/blogdofarnesio.com.br\/index.php?rest_route=\/wp\/v2\/types\/post"}],"author":[{"embeddable":true,"href":"https:\/\/blogdofarnesio.com.br\/index.php?rest_route=\/wp\/v2\/users\/1"}],"replies":[{"embeddable":true,"href":"https:\/\/blogdofarnesio.com.br\/index.php?rest_route=%2Fwp%2Fv2%2Fcomments&post=222373"}],"version-history":[{"count":0,"href":"https:\/\/blogdofarnesio.com.br\/index.php?rest_route=\/wp\/v2\/posts\/222373\/revisions"}],"wp:featuredmedia":[{"embeddable":true,"href":"https:\/\/blogdofarnesio.com.br\/index.php?rest_route=\/wp\/v2\/media\/222374"}],"wp:attachment":[{"href":"https:\/\/blogdofarnesio.com.br\/index.php?rest_route=%2Fwp%2Fv2%2Fmedia&parent=222373"}],"wp:term":[{"taxonomy":"category","embeddable":true,"href":"https:\/\/blogdofarnesio.com.br\/index.php?rest_route=%2Fwp%2Fv2%2Fcategories&post=222373"},{"taxonomy":"post_tag","embeddable":true,"href":"https:\/\/blogdofarnesio.com.br\/index.php?rest_route=%2Fwp%2Fv2%2Ftags&post=222373"}],"curies":[{"name":"wp","href":"https:\/\/api.w.org\/{rel}","templated":true}]}}