{"id":221700,"date":"2019-02-21T14:40:15","date_gmt":"2019-02-21T17:40:15","guid":{"rendered":"http:\/\/quersaberpolitica.com.br\/2016\/?p=221700"},"modified":"2019-02-21T11:28:53","modified_gmt":"2019-02-21T14:28:53","slug":"com-mais-de-r-1-milhao-em-creditos-liberados-agencia-do-empreendedor-bate-recorde-de-incentivos-em-petrolina","status":"publish","type":"post","link":"https:\/\/blogdofarnesio.com.br\/?p=221700","title":{"rendered":"COM MAIS DE R$ 1 MILH\u00c3O EM CR\u00c9DITOS LIBERADOS, AG\u00caNCIA DO EMPREENDEDOR BATE RECORDE DE INCENTIVOS EM PETROLINA"},"content":{"rendered":"\n<p>Os empreendedores individuais de Petrolina est\u00e3o contando com um importante est\u00edmulo da prefeitura para implementar seus neg\u00f3cios. Atrav\u00e9s de consultorias, a Ag\u00eancia Municipal do Empreendedor (AGE) transformou a vida de mais de 257 pessoas e j\u00e1 bateu o recorde de mais de R$ 1 milh\u00e3o em cr\u00e9ditos liberados.<\/p>\n\n\n\n<p>S\u00f3 em 2018, a AGE triplicou o valor de libera\u00e7\u00e3o de investimentos. Foram R$ 400 mil a mais comparado ao ano de 2017. E neste ano, 35 novos contratos j\u00e1 foram assinados, com m\u00e9dia de R$ 6 mil cada.<\/p>\n\n\n\n<p>Segundo o diretor-presidente da AGE, Sebasti\u00e3o Amorim, s\u00e3o ofertadas palestras e atendimentos abertos ao p\u00fablico em consultorias empresariais, capacita\u00e7\u00f5es e incentivos \u00e0 formaliza\u00e7\u00e3o. Al\u00e9m disso, ap\u00f3s a libera\u00e7\u00e3o do financiamento, o pequeno empreendedor ainda recebe um acompanhamento com orienta\u00e7\u00f5es empresariais. &nbsp;<\/p>\n\n\n\n<p>\u201c<em>Esse \u00e9 o resultado de um trabalho que o prefeito Miguel Coelho sempre recomendou: fortalecer a economia do munic\u00edpio. E n\u00f3s&nbsp;podemos comprovar&nbsp;isso com o aumento dos investimentos. E n\u00e3o somente isso, mas tamb\u00e9m ao levar a AGE de forma educacional a mais de 55 bairros, tanto na zona urbana como na rural, para atingir o maior p\u00fablico poss\u00edvel e incentivar cada vez mais a autonomia das pessoas e o desenvolvimento dos pequenos neg\u00f3cios<\/em>\u201d, conclui o diretor-presidente.<\/p>\n\n\n\n<p>A AGE oferece tr\u00eas linhas de cr\u00e9dito com juros de 1% ao m\u00eas e com at\u00e9 10 meses para quitar o financiamento, de acordo com a linha de cr\u00e9dito escolhida: Popular, Plus e Megaplus, cada uma com suas caracter\u00edsticas e exig\u00eancias espec\u00edficas.<\/p>\n\n\n\n<p>Portanto, quem deseja empreender, j\u00e1 pode contar com a ajuda da AGE que funciona de segunda a sexta-feira, das 7h \u00e0s 13h, na Rua Castro Alves, N\u00b0 55, Centro, atr\u00e1s do Banco do Brasil, pr\u00f3ximo \u00e0 Delegacia da Mulher. Telefones (87) 3861-8270\/ 3862\/2602.<br><\/p>\n\n\n\n<p>Texto:<em>&nbsp;Hanah Valeriano* &#8211; Estagi\u00e1ria AsCom Prefeitura de Petrolina<\/em><\/p>\n","protected":false},"excerpt":{"rendered":"<p>Os empreendedores individuais de Petrolina est\u00e3o contando com um importante est\u00edmulo da prefeitura para implementar seus neg\u00f3cios. Atrav\u00e9s de consultorias, a Ag\u00eancia Municipal do Empreendedor (AGE) transformou a vida de mais de 257 pessoas e j\u00e1 bateu o recorde de mais de R$ 1 milh\u00e3o em cr\u00e9ditos liberados. S\u00f3 em 2018, a AGE triplicou o valor de libera\u00e7\u00e3o de investimentos. Foram R$ 400 mil a mais comparado ao ano de 2017. E neste ano, 35 novos contratos j\u00e1 foram assinados, com m\u00e9dia de R$ 6 mil cada. Segundo o diretor-presidente da AGE, Sebasti\u00e3o Amorim, s\u00e3o ofertadas palestras e atendimentos abertos ao p\u00fablico em consultorias empresariais, capacita\u00e7\u00f5es e incentivos \u00e0 formaliza\u00e7\u00e3o. Al\u00e9m disso, ap\u00f3s a libera\u00e7\u00e3o do financiamento, o pequeno empreendedor&hellip; <\/p>\n","protected":false},"author":1,"featured_media":212002,"comment_status":"closed","ping_status":"closed","sticky":false,"template":"","format":"standard","meta":{"_acf_changed":false,"footnotes":""},"categories":[44],"tags":[],"class_list":["post-221700","post","type-post","status-publish","format-standard","has-post-thumbnail","hentry","category-administracao"],"acf":[],"yoast_head":"<!-- This site is optimized with the Yoast SEO plugin v27.4 - https:\/\/yoast.com\/product\/yoast-seo-wordpress\/ -->\n<title>COM MAIS DE R$ 1 MILH\u00c3O EM CR\u00c9DITOS LIBERADOS, AG\u00caNCIA DO EMPREENDEDOR BATE RECORDE DE INCENTIVOS EM PETROLINA - Blog do Farn\u00e9sio<\/title>\n<meta name=\"robots\" content=\"index, follow, max-snippet:-1, max-image-preview:large, max-video-preview:-1\" \/>\n<link rel=\"canonical\" href=\"https:\/\/blogdofarnesio.com.br\/?p=221700\" \/>\n<meta property=\"og:locale\" content=\"pt_BR\" \/>\n<meta property=\"og:type\" content=\"article\" \/>\n<meta property=\"og:title\" content=\"COM MAIS DE R$ 1 MILH\u00c3O EM CR\u00c9DITOS LIBERADOS, AG\u00caNCIA DO EMPREENDEDOR BATE RECORDE DE INCENTIVOS EM PETROLINA - Blog do Farn\u00e9sio\" \/>\n<meta property=\"og:description\" content=\"Os empreendedores individuais de Petrolina est\u00e3o contando com um importante est\u00edmulo da prefeitura para implementar seus neg\u00f3cios. Atrav\u00e9s de consultorias, a Ag\u00eancia Municipal do Empreendedor (AGE) transformou a vida de mais de 257 pessoas e j\u00e1 bateu o recorde de mais de R$ 1 milh\u00e3o em cr\u00e9ditos liberados. S\u00f3 em 2018, a AGE triplicou o valor de libera\u00e7\u00e3o de investimentos. Foram R$ 400 mil a mais comparado ao ano de 2017. E neste ano, 35 novos contratos j\u00e1 foram assinados, com m\u00e9dia de R$ 6 mil cada. Segundo o diretor-presidente da AGE, Sebasti\u00e3o Amorim, s\u00e3o ofertadas palestras e atendimentos abertos ao p\u00fablico em consultorias empresariais, capacita\u00e7\u00f5es e incentivos \u00e0 formaliza\u00e7\u00e3o. Al\u00e9m disso, ap\u00f3s a libera\u00e7\u00e3o do financiamento, o pequeno empreendedor&hellip;\" \/>\n<meta property=\"og:url\" content=\"https:\/\/blogdofarnesio.com.br\/?p=221700\" \/>\n<meta property=\"og:site_name\" content=\"Blog do Farn\u00e9sio\" \/>\n<meta property=\"article:publisher\" content=\"https:\/\/www.facebook.com\/BlogQuerSaberPolitica\/\" \/>\n<meta property=\"article:published_time\" content=\"2019-02-21T17:40:15+00:00\" \/>\n<meta property=\"og:image\" content=\"https:\/\/blogdofarnesio.com.br\/wp-content\/uploads\/2018\/10\/blogqsp-AGE-frente.jpg\" \/>\n\t<meta property=\"og:image:width\" content=\"640\" \/>\n\t<meta property=\"og:image:height\" content=\"427\" \/>\n\t<meta property=\"og:image:type\" content=\"image\/jpeg\" \/>\n<meta name=\"author\" content=\"Farn\u00e9sio\" \/>\n<meta name=\"twitter:card\" content=\"summary_large_image\" \/>\n<meta name=\"twitter:label1\" content=\"Escrito por\" \/>\n\t<meta name=\"twitter:data1\" content=\"Farn\u00e9sio\" \/>\n\t<meta name=\"twitter:label2\" content=\"Est. tempo de leitura\" \/>\n\t<meta name=\"twitter:data2\" content=\"2 minutos\" \/>\n<script type=\"application\/ld+json\" class=\"yoast-schema-graph\">{\"@context\":\"https:\\\/\\\/schema.org\",\"@graph\":[{\"@type\":\"Article\",\"@id\":\"https:\\\/\\\/blogdofarnesio.com.br\\\/?p=221700#article\",\"isPartOf\":{\"@id\":\"https:\\\/\\\/blogdofarnesio.com.br\\\/?p=221700\"},\"author\":{\"name\":\"Farn\u00e9sio\",\"@id\":\"https:\\\/\\\/blogdofarnesio.com.br\\\/#\\\/schema\\\/person\\\/301c4acf522bccbfdb45af95b5b906a1\"},\"headline\":\"COM MAIS DE R$ 1 MILH\u00c3O EM CR\u00c9DITOS LIBERADOS, AG\u00caNCIA DO EMPREENDEDOR BATE RECORDE DE INCENTIVOS EM PETROLINA\",\"datePublished\":\"2019-02-21T17:40:15+00:00\",\"mainEntityOfPage\":{\"@id\":\"https:\\\/\\\/blogdofarnesio.com.br\\\/?p=221700\"},\"wordCount\":342,\"publisher\":{\"@id\":\"https:\\\/\\\/blogdofarnesio.com.br\\\/#organization\"},\"image\":{\"@id\":\"https:\\\/\\\/blogdofarnesio.com.br\\\/?p=221700#primaryimage\"},\"thumbnailUrl\":\"https:\\\/\\\/blogdofarnesio.com.br\\\/wp-content\\\/uploads\\\/2018\\\/10\\\/blogqsp-AGE-frente.jpg\",\"articleSection\":[\"Administra\u00e7\u00e3o\"],\"inLanguage\":\"pt-BR\"},{\"@type\":\"WebPage\",\"@id\":\"https:\\\/\\\/blogdofarnesio.com.br\\\/?p=221700\",\"url\":\"https:\\\/\\\/blogdofarnesio.com.br\\\/?p=221700\",\"name\":\"COM MAIS DE R$ 1 MILH\u00c3O EM CR\u00c9DITOS LIBERADOS, AG\u00caNCIA DO EMPREENDEDOR BATE RECORDE DE INCENTIVOS EM PETROLINA - Blog do Farn\u00e9sio\",\"isPartOf\":{\"@id\":\"https:\\\/\\\/blogdofarnesio.com.br\\\/#website\"},\"primaryImageOfPage\":{\"@id\":\"https:\\\/\\\/blogdofarnesio.com.br\\\/?p=221700#primaryimage\"},\"image\":{\"@id\":\"https:\\\/\\\/blogdofarnesio.com.br\\\/?p=221700#primaryimage\"},\"thumbnailUrl\":\"https:\\\/\\\/blogdofarnesio.com.br\\\/wp-content\\\/uploads\\\/2018\\\/10\\\/blogqsp-AGE-frente.jpg\",\"datePublished\":\"2019-02-21T17:40:15+00:00\",\"breadcrumb\":{\"@id\":\"https:\\\/\\\/blogdofarnesio.com.br\\\/?p=221700#breadcrumb\"},\"inLanguage\":\"pt-BR\",\"potentialAction\":[{\"@type\":\"ReadAction\",\"target\":[\"https:\\\/\\\/blogdofarnesio.com.br\\\/?p=221700\"]}]},{\"@type\":\"ImageObject\",\"inLanguage\":\"pt-BR\",\"@id\":\"https:\\\/\\\/blogdofarnesio.com.br\\\/?p=221700#primaryimage\",\"url\":\"https:\\\/\\\/blogdofarnesio.com.br\\\/wp-content\\\/uploads\\\/2018\\\/10\\\/blogqsp-AGE-frente.jpg\",\"contentUrl\":\"https:\\\/\\\/blogdofarnesio.com.br\\\/wp-content\\\/uploads\\\/2018\\\/10\\\/blogqsp-AGE-frente.jpg\",\"width\":640,\"height\":427},{\"@type\":\"BreadcrumbList\",\"@id\":\"https:\\\/\\\/blogdofarnesio.com.br\\\/?p=221700#breadcrumb\",\"itemListElement\":[{\"@type\":\"ListItem\",\"position\":1,\"name\":\"In\u00edcio\",\"item\":\"https:\\\/\\\/blogdofarnesio.com.br\\\/\"},{\"@type\":\"ListItem\",\"position\":2,\"name\":\"COM MAIS DE R$ 1 MILH\u00c3O EM CR\u00c9DITOS LIBERADOS, AG\u00caNCIA DO EMPREENDEDOR BATE RECORDE DE INCENTIVOS EM PETROLINA\"}]},{\"@type\":\"WebSite\",\"@id\":\"https:\\\/\\\/blogdofarnesio.com.br\\\/#website\",\"url\":\"https:\\\/\\\/blogdofarnesio.com.br\\\/\",\"name\":\"Blog do Farn\u00e9sio\",\"description\":\"Quer Saber Pol\u00edtica?\",\"publisher\":{\"@id\":\"https:\\\/\\\/blogdofarnesio.com.br\\\/#organization\"},\"potentialAction\":[{\"@type\":\"SearchAction\",\"target\":{\"@type\":\"EntryPoint\",\"urlTemplate\":\"https:\\\/\\\/blogdofarnesio.com.br\\\/?s={search_term_string}\"},\"query-input\":{\"@type\":\"PropertyValueSpecification\",\"valueRequired\":true,\"valueName\":\"search_term_string\"}}],\"inLanguage\":\"pt-BR\"},{\"@type\":\"Organization\",\"@id\":\"https:\\\/\\\/blogdofarnesio.com.br\\\/#organization\",\"name\":\"Blog do Farn\u00e9sio\",\"url\":\"https:\\\/\\\/blogdofarnesio.com.br\\\/\",\"logo\":{\"@type\":\"ImageObject\",\"inLanguage\":\"pt-BR\",\"@id\":\"https:\\\/\\\/blogdofarnesio.com.br\\\/#\\\/schema\\\/logo\\\/image\\\/\",\"url\":\"https:\\\/\\\/blogdofarnesio.com.br\\\/wp-content\\\/uploads\\\/2026\\\/03\\\/cropped-logo_new-1.png\",\"contentUrl\":\"https:\\\/\\\/blogdofarnesio.com.br\\\/wp-content\\\/uploads\\\/2026\\\/03\\\/cropped-logo_new-1.png\",\"width\":881,\"height\":685,\"caption\":\"Blog do Farn\u00e9sio\"},\"image\":{\"@id\":\"https:\\\/\\\/blogdofarnesio.com.br\\\/#\\\/schema\\\/logo\\\/image\\\/\"},\"sameAs\":[\"https:\\\/\\\/www.facebook.com\\\/BlogQuerSaberPolitica\\\/\"]},{\"@type\":\"Person\",\"@id\":\"https:\\\/\\\/blogdofarnesio.com.br\\\/#\\\/schema\\\/person\\\/301c4acf522bccbfdb45af95b5b906a1\",\"name\":\"Farn\u00e9sio\",\"image\":{\"@type\":\"ImageObject\",\"inLanguage\":\"pt-BR\",\"@id\":\"https:\\\/\\\/secure.gravatar.com\\\/avatar\\\/df0c9a14567c056f8ad6876ba5bbd1e3e2c48023eb6807342fc4663adf549f38?s=96&d=mm&r=g\",\"url\":\"https:\\\/\\\/secure.gravatar.com\\\/avatar\\\/df0c9a14567c056f8ad6876ba5bbd1e3e2c48023eb6807342fc4663adf549f38?s=96&d=mm&r=g\",\"contentUrl\":\"https:\\\/\\\/secure.gravatar.com\\\/avatar\\\/df0c9a14567c056f8ad6876ba5bbd1e3e2c48023eb6807342fc4663adf549f38?s=96&d=mm&r=g\",\"caption\":\"Farn\u00e9sio\"},\"sameAs\":[\"https:\\\/\\\/quersaberpolitica.com.br\"],\"url\":\"https:\\\/\\\/blogdofarnesio.com.br\\\/?author=1\"}]}<\/script>\n<!-- \/ Yoast SEO plugin. -->","yoast_head_json":{"title":"COM MAIS DE R$ 1 MILH\u00c3O EM CR\u00c9DITOS LIBERADOS, AG\u00caNCIA DO EMPREENDEDOR BATE RECORDE DE INCENTIVOS EM PETROLINA - Blog do Farn\u00e9sio","robots":{"index":"index","follow":"follow","max-snippet":"max-snippet:-1","max-image-preview":"max-image-preview:large","max-video-preview":"max-video-preview:-1"},"canonical":"https:\/\/blogdofarnesio.com.br\/?p=221700","og_locale":"pt_BR","og_type":"article","og_title":"COM MAIS DE R$ 1 MILH\u00c3O EM CR\u00c9DITOS LIBERADOS, AG\u00caNCIA DO EMPREENDEDOR BATE RECORDE DE INCENTIVOS EM PETROLINA - Blog do Farn\u00e9sio","og_description":"Os empreendedores individuais de Petrolina est\u00e3o contando com um importante est\u00edmulo da prefeitura para implementar seus neg\u00f3cios. Atrav\u00e9s de consultorias, a Ag\u00eancia Municipal do Empreendedor (AGE) transformou a vida de mais de 257 pessoas e j\u00e1 bateu o recorde de mais de R$ 1 milh\u00e3o em cr\u00e9ditos liberados. S\u00f3 em 2018, a AGE triplicou o valor de libera\u00e7\u00e3o de investimentos. Foram R$ 400 mil a mais comparado ao ano de 2017. E neste ano, 35 novos contratos j\u00e1 foram assinados, com m\u00e9dia de R$ 6 mil cada. Segundo o diretor-presidente da AGE, Sebasti\u00e3o Amorim, s\u00e3o ofertadas palestras e atendimentos abertos ao p\u00fablico em consultorias empresariais, capacita\u00e7\u00f5es e incentivos \u00e0 formaliza\u00e7\u00e3o. Al\u00e9m disso, ap\u00f3s a libera\u00e7\u00e3o do financiamento, o pequeno empreendedor&hellip;","og_url":"https:\/\/blogdofarnesio.com.br\/?p=221700","og_site_name":"Blog do Farn\u00e9sio","article_publisher":"https:\/\/www.facebook.com\/BlogQuerSaberPolitica\/","article_published_time":"2019-02-21T17:40:15+00:00","og_image":[{"width":640,"height":427,"url":"https:\/\/blogdofarnesio.com.br\/wp-content\/uploads\/2018\/10\/blogqsp-AGE-frente.jpg","type":"image\/jpeg"}],"author":"Farn\u00e9sio","twitter_card":"summary_large_image","twitter_misc":{"Escrito por":"Farn\u00e9sio","Est. tempo de leitura":"2 minutos"},"schema":{"@context":"https:\/\/schema.org","@graph":[{"@type":"Article","@id":"https:\/\/blogdofarnesio.com.br\/?p=221700#article","isPartOf":{"@id":"https:\/\/blogdofarnesio.com.br\/?p=221700"},"author":{"name":"Farn\u00e9sio","@id":"https:\/\/blogdofarnesio.com.br\/#\/schema\/person\/301c4acf522bccbfdb45af95b5b906a1"},"headline":"COM MAIS DE R$ 1 MILH\u00c3O EM CR\u00c9DITOS LIBERADOS, AG\u00caNCIA DO EMPREENDEDOR BATE RECORDE DE INCENTIVOS EM PETROLINA","datePublished":"2019-02-21T17:40:15+00:00","mainEntityOfPage":{"@id":"https:\/\/blogdofarnesio.com.br\/?p=221700"},"wordCount":342,"publisher":{"@id":"https:\/\/blogdofarnesio.com.br\/#organization"},"image":{"@id":"https:\/\/blogdofarnesio.com.br\/?p=221700#primaryimage"},"thumbnailUrl":"https:\/\/blogdofarnesio.com.br\/wp-content\/uploads\/2018\/10\/blogqsp-AGE-frente.jpg","articleSection":["Administra\u00e7\u00e3o"],"inLanguage":"pt-BR"},{"@type":"WebPage","@id":"https:\/\/blogdofarnesio.com.br\/?p=221700","url":"https:\/\/blogdofarnesio.com.br\/?p=221700","name":"COM MAIS DE R$ 1 MILH\u00c3O EM CR\u00c9DITOS LIBERADOS, AG\u00caNCIA DO EMPREENDEDOR BATE RECORDE DE INCENTIVOS EM PETROLINA - Blog do Farn\u00e9sio","isPartOf":{"@id":"https:\/\/blogdofarnesio.com.br\/#website"},"primaryImageOfPage":{"@id":"https:\/\/blogdofarnesio.com.br\/?p=221700#primaryimage"},"image":{"@id":"https:\/\/blogdofarnesio.com.br\/?p=221700#primaryimage"},"thumbnailUrl":"https:\/\/blogdofarnesio.com.br\/wp-content\/uploads\/2018\/10\/blogqsp-AGE-frente.jpg","datePublished":"2019-02-21T17:40:15+00:00","breadcrumb":{"@id":"https:\/\/blogdofarnesio.com.br\/?p=221700#breadcrumb"},"inLanguage":"pt-BR","potentialAction":[{"@type":"ReadAction","target":["https:\/\/blogdofarnesio.com.br\/?p=221700"]}]},{"@type":"ImageObject","inLanguage":"pt-BR","@id":"https:\/\/blogdofarnesio.com.br\/?p=221700#primaryimage","url":"https:\/\/blogdofarnesio.com.br\/wp-content\/uploads\/2018\/10\/blogqsp-AGE-frente.jpg","contentUrl":"https:\/\/blogdofarnesio.com.br\/wp-content\/uploads\/2018\/10\/blogqsp-AGE-frente.jpg","width":640,"height":427},{"@type":"BreadcrumbList","@id":"https:\/\/blogdofarnesio.com.br\/?p=221700#breadcrumb","itemListElement":[{"@type":"ListItem","position":1,"name":"In\u00edcio","item":"https:\/\/blogdofarnesio.com.br\/"},{"@type":"ListItem","position":2,"name":"COM MAIS DE R$ 1 MILH\u00c3O EM CR\u00c9DITOS LIBERADOS, AG\u00caNCIA DO EMPREENDEDOR BATE RECORDE DE INCENTIVOS EM PETROLINA"}]},{"@type":"WebSite","@id":"https:\/\/blogdofarnesio.com.br\/#website","url":"https:\/\/blogdofarnesio.com.br\/","name":"Blog do Farn\u00e9sio","description":"Quer Saber Pol\u00edtica?","publisher":{"@id":"https:\/\/blogdofarnesio.com.br\/#organization"},"potentialAction":[{"@type":"SearchAction","target":{"@type":"EntryPoint","urlTemplate":"https:\/\/blogdofarnesio.com.br\/?s={search_term_string}"},"query-input":{"@type":"PropertyValueSpecification","valueRequired":true,"valueName":"search_term_string"}}],"inLanguage":"pt-BR"},{"@type":"Organization","@id":"https:\/\/blogdofarnesio.com.br\/#organization","name":"Blog do Farn\u00e9sio","url":"https:\/\/blogdofarnesio.com.br\/","logo":{"@type":"ImageObject","inLanguage":"pt-BR","@id":"https:\/\/blogdofarnesio.com.br\/#\/schema\/logo\/image\/","url":"https:\/\/blogdofarnesio.com.br\/wp-content\/uploads\/2026\/03\/cropped-logo_new-1.png","contentUrl":"https:\/\/blogdofarnesio.com.br\/wp-content\/uploads\/2026\/03\/cropped-logo_new-1.png","width":881,"height":685,"caption":"Blog do Farn\u00e9sio"},"image":{"@id":"https:\/\/blogdofarnesio.com.br\/#\/schema\/logo\/image\/"},"sameAs":["https:\/\/www.facebook.com\/BlogQuerSaberPolitica\/"]},{"@type":"Person","@id":"https:\/\/blogdofarnesio.com.br\/#\/schema\/person\/301c4acf522bccbfdb45af95b5b906a1","name":"Farn\u00e9sio","image":{"@type":"ImageObject","inLanguage":"pt-BR","@id":"https:\/\/secure.gravatar.com\/avatar\/df0c9a14567c056f8ad6876ba5bbd1e3e2c48023eb6807342fc4663adf549f38?s=96&d=mm&r=g","url":"https:\/\/secure.gravatar.com\/avatar\/df0c9a14567c056f8ad6876ba5bbd1e3e2c48023eb6807342fc4663adf549f38?s=96&d=mm&r=g","contentUrl":"https:\/\/secure.gravatar.com\/avatar\/df0c9a14567c056f8ad6876ba5bbd1e3e2c48023eb6807342fc4663adf549f38?s=96&d=mm&r=g","caption":"Farn\u00e9sio"},"sameAs":["https:\/\/quersaberpolitica.com.br"],"url":"https:\/\/blogdofarnesio.com.br\/?author=1"}]}},"_links":{"self":[{"href":"https:\/\/blogdofarnesio.com.br\/index.php?rest_route=\/wp\/v2\/posts\/221700","targetHints":{"allow":["GET"]}}],"collection":[{"href":"https:\/\/blogdofarnesio.com.br\/index.php?rest_route=\/wp\/v2\/posts"}],"about":[{"href":"https:\/\/blogdofarnesio.com.br\/index.php?rest_route=\/wp\/v2\/types\/post"}],"author":[{"embeddable":true,"href":"https:\/\/blogdofarnesio.com.br\/index.php?rest_route=\/wp\/v2\/users\/1"}],"replies":[{"embeddable":true,"href":"https:\/\/blogdofarnesio.com.br\/index.php?rest_route=%2Fwp%2Fv2%2Fcomments&post=221700"}],"version-history":[{"count":0,"href":"https:\/\/blogdofarnesio.com.br\/index.php?rest_route=\/wp\/v2\/posts\/221700\/revisions"}],"wp:featuredmedia":[{"embeddable":true,"href":"https:\/\/blogdofarnesio.com.br\/index.php?rest_route=\/wp\/v2\/media\/212002"}],"wp:attachment":[{"href":"https:\/\/blogdofarnesio.com.br\/index.php?rest_route=%2Fwp%2Fv2%2Fmedia&parent=221700"}],"wp:term":[{"taxonomy":"category","embeddable":true,"href":"https:\/\/blogdofarnesio.com.br\/index.php?rest_route=%2Fwp%2Fv2%2Fcategories&post=221700"},{"taxonomy":"post_tag","embeddable":true,"href":"https:\/\/blogdofarnesio.com.br\/index.php?rest_route=%2Fwp%2Fv2%2Ftags&post=221700"}],"curies":[{"name":"wp","href":"https:\/\/api.w.org\/{rel}","templated":true}]}}