{"id":221697,"date":"2019-02-21T14:22:56","date_gmt":"2019-02-21T17:22:56","guid":{"rendered":"http:\/\/quersaberpolitica.com.br\/2016\/?p=221697"},"modified":"2019-02-21T11:26:50","modified_gmt":"2019-02-21T14:26:50","slug":"pavimenta-sobradinho-prefeitura-inicia-calcamento-da-travessa-b-entre-as-quadras-s7-e-s9","status":"publish","type":"post","link":"https:\/\/blogdofarnesio.com.br\/?p=221697","title":{"rendered":"PAVIMENTA SOBRADINHO: PREFEITURA INICIA CAL\u00c7AMENTO DA TRAVESSA \u201cB\u201d, ENTRE AS QUADRAS S7 E S9"},"content":{"rendered":"\n<p>Beneficiando diversos moradores, o Programa \u201cPavimenta Sobradinho\u201d segue cal\u00e7ando e pavimentando dezenas de ruas e avenidas da cidade.<\/p>\n\n\n\n<p>As Secretarias de Conv\u00eanio e Infraestrutura e Servi\u00e7os P\u00fablicos iniciaram o cal\u00e7amento da travessa \u201cB\u201d, entre as quadras S7 e S9, da vila S\u00e3o Joaquim.<\/p>\n\n\n\n<p>Na a\u00e7\u00e3o, ser\u00e3o 4.224 metros quadrados de cal\u00e7amento em paralelep\u00edpedos, obra conveniada entre o Minist\u00e9rio das Cidades e a gest\u00e3o municipal, atrav\u00e9s de Emenda Parlamentar do Deputado Federal Jo\u00e3o Carlos Bacelar, no valor de R$ 500.000,00.<\/p>\n\n\n\n<p>\u201cMais uma importante via que nossa gest\u00e3o est\u00e1 cal\u00e7ando, atrav\u00e9s do Programa \u201cPavimenta Sobradinho\u201d, que beneficiar\u00e1 as fam\u00edlias das quadras S7 e S9, passando em frente \u00e0 pra\u00e7a Geraldo Silva, da Associa\u00e7\u00e3o de Artes C\u00eanicas de Sobradinho. Aos poucos estamos cal\u00e7ando e pavimentando todas as transversais da nossa cidade, valorizando as resid\u00eancias e gerando mais qualidade de vida para as pessoas. Gra\u00e7as ao nosso prest\u00edgio pol\u00edtico, junto aos parlamentares amigos de Sobradinho, conquistamos mais esse recurso, fruto de uma Emenda Parlamentar para ser aplicado na infra-estrutura de nossa cidade, que a cada dia vai ficando melhor para se viver. Fico realizado quando vejo o sorriso no rosto das pessoas por mais esta obra. Agrade\u00e7o ao Deputado Federal Jo\u00e3o Carlos Bacelar que fez essa gest\u00e3o e destinou recursos para que mais esta obra seja realizada\u201d, afirmou o Prefeito Luiz Vicente Berti.<\/p>\n\n\n\n<p><strong>Ascom PMS<\/strong><\/p>\n\n\n\n<p>Beneficiando diversos moradores, o Programa \u201cPavimenta Sobradinho\u201d segue cal\u00e7ando e pavimentando dezenas de ruas e avenidas da cidade.<\/p>\n\n\n\n<p>As Secretarias de Conv\u00eanio e Infraestrutura e Servi\u00e7os P\u00fablicos iniciaram o cal\u00e7amento da travessa \u201cB\u201d, entre as quadras S7 e S9, da vila S\u00e3o Joaquim.<\/p>\n\n\n\n<p>Na a\u00e7\u00e3o, ser\u00e3o 4.224 metros quadrados de cal\u00e7amento em paralelep\u00edpedos, obra conveniada entre o Minist\u00e9rio das Cidades e a gest\u00e3o municipal, atrav\u00e9s de Emenda Parlamentar do Deputado Federal Jo\u00e3o Carlos Bacelar, no valor de R$ 500.000,00.<\/p>\n\n\n\n<p>\u201cMais uma importante via que nossa gest\u00e3o est\u00e1 cal\u00e7ando, atrav\u00e9s do Programa \u201cPavimenta Sobradinho\u201d, que beneficiar\u00e1 as fam\u00edlias das quadras S7 e S9, passando em frente \u00e0 pra\u00e7a Geraldo Silva, da Associa\u00e7\u00e3o de Artes C\u00eanicas de Sobradinho. Aos poucos estamos cal\u00e7ando e pavimentando todas as transversais da nossa cidade, valorizando as resid\u00eancias e gerando mais qualidade de vida para as pessoas. Gra\u00e7as ao nosso prest\u00edgio pol\u00edtico, junto aos parlamentares amigos de Sobradinho, conquistamos mais esse recurso, fruto de uma Emenda Parlamentar para ser aplicado na infra-estrutura de nossa cidade, que a cada dia vai ficando melhor para se viver. Fico realizado quando vejo o sorriso no rosto das pessoas por mais esta obra. Agrade\u00e7o ao Deputado Federal Jo\u00e3o Carlos Bacelar que fez essa gest\u00e3o e destinou recursos para que mais esta obra seja realizada\u201d, afirmou o Prefeito Luiz Vicente Berti.<\/p>\n\n\n\n<p><strong>Ascom PMS<\/strong><\/p>\n","protected":false},"excerpt":{"rendered":"<p>Beneficiando diversos moradores, o Programa \u201cPavimenta Sobradinho\u201d segue cal\u00e7ando e pavimentando dezenas de ruas e avenidas da cidade. As Secretarias de Conv\u00eanio e Infraestrutura e Servi\u00e7os P\u00fablicos iniciaram o cal\u00e7amento da travessa \u201cB\u201d, entre as quadras S7 e S9, da vila S\u00e3o Joaquim. Na a\u00e7\u00e3o, ser\u00e3o 4.224 metros quadrados de cal\u00e7amento em paralelep\u00edpedos, obra conveniada entre o Minist\u00e9rio das Cidades e a gest\u00e3o municipal, atrav\u00e9s de Emenda Parlamentar do Deputado Federal Jo\u00e3o Carlos Bacelar, no valor de R$ 500.000,00. \u201cMais uma importante via que nossa gest\u00e3o est\u00e1 cal\u00e7ando, atrav\u00e9s do Programa \u201cPavimenta Sobradinho\u201d, que beneficiar\u00e1 as fam\u00edlias das quadras S7 e S9, passando em frente \u00e0 pra\u00e7a Geraldo Silva, da Associa\u00e7\u00e3o de Artes C\u00eanicas de Sobradinho. Aos poucos estamos cal\u00e7ando&hellip; <\/p>\n","protected":false},"author":1,"featured_media":221698,"comment_status":"closed","ping_status":"closed","sticky":false,"template":"","format":"standard","meta":{"_acf_changed":false,"footnotes":""},"categories":[44],"tags":[],"class_list":["post-221697","post","type-post","status-publish","format-standard","has-post-thumbnail","hentry","category-administracao"],"acf":[],"yoast_head":"<!-- This site is optimized with the Yoast SEO plugin v27.4 - https:\/\/yoast.com\/product\/yoast-seo-wordpress\/ -->\n<title>PAVIMENTA SOBRADINHO: PREFEITURA INICIA CAL\u00c7AMENTO DA TRAVESSA \u201cB\u201d, ENTRE AS QUADRAS S7 E S9 - Blog do Farn\u00e9sio<\/title>\n<meta name=\"robots\" content=\"index, follow, max-snippet:-1, max-image-preview:large, max-video-preview:-1\" \/>\n<link rel=\"canonical\" href=\"https:\/\/blogdofarnesio.com.br\/?p=221697\" \/>\n<meta property=\"og:locale\" content=\"pt_BR\" \/>\n<meta property=\"og:type\" content=\"article\" \/>\n<meta property=\"og:title\" content=\"PAVIMENTA SOBRADINHO: PREFEITURA INICIA CAL\u00c7AMENTO DA TRAVESSA \u201cB\u201d, ENTRE AS QUADRAS S7 E S9 - Blog do Farn\u00e9sio\" \/>\n<meta property=\"og:description\" content=\"Beneficiando diversos moradores, o Programa \u201cPavimenta Sobradinho\u201d segue cal\u00e7ando e pavimentando dezenas de ruas e avenidas da cidade. As Secretarias de Conv\u00eanio e Infraestrutura e Servi\u00e7os P\u00fablicos iniciaram o cal\u00e7amento da travessa \u201cB\u201d, entre as quadras S7 e S9, da vila S\u00e3o Joaquim. Na a\u00e7\u00e3o, ser\u00e3o 4.224 metros quadrados de cal\u00e7amento em paralelep\u00edpedos, obra conveniada entre o Minist\u00e9rio das Cidades e a gest\u00e3o municipal, atrav\u00e9s de Emenda Parlamentar do Deputado Federal Jo\u00e3o Carlos Bacelar, no valor de R$ 500.000,00. \u201cMais uma importante via que nossa gest\u00e3o est\u00e1 cal\u00e7ando, atrav\u00e9s do Programa \u201cPavimenta Sobradinho\u201d, que beneficiar\u00e1 as fam\u00edlias das quadras S7 e S9, passando em frente \u00e0 pra\u00e7a Geraldo Silva, da Associa\u00e7\u00e3o de Artes C\u00eanicas de Sobradinho. Aos poucos estamos cal\u00e7ando&hellip;\" \/>\n<meta property=\"og:url\" content=\"https:\/\/blogdofarnesio.com.br\/?p=221697\" \/>\n<meta property=\"og:site_name\" content=\"Blog do Farn\u00e9sio\" \/>\n<meta property=\"article:publisher\" content=\"https:\/\/www.facebook.com\/BlogQuerSaberPolitica\/\" \/>\n<meta property=\"article:published_time\" content=\"2019-02-21T17:22:56+00:00\" \/>\n<meta property=\"og:image\" content=\"https:\/\/blogdofarnesio.com.br\/wp-content\/uploads\/2019\/02\/blogqsp-pavimenta-sobradinho.jpg\" \/>\n\t<meta property=\"og:image:width\" content=\"672\" \/>\n\t<meta property=\"og:image:height\" content=\"395\" \/>\n\t<meta property=\"og:image:type\" content=\"image\/jpeg\" \/>\n<meta name=\"author\" content=\"Farn\u00e9sio\" \/>\n<meta name=\"twitter:card\" content=\"summary_large_image\" \/>\n<meta name=\"twitter:label1\" content=\"Escrito por\" \/>\n\t<meta name=\"twitter:data1\" content=\"Farn\u00e9sio\" \/>\n\t<meta name=\"twitter:label2\" content=\"Est. tempo de leitura\" \/>\n\t<meta name=\"twitter:data2\" content=\"2 minutos\" \/>\n<script type=\"application\/ld+json\" class=\"yoast-schema-graph\">{\"@context\":\"https:\\\/\\\/schema.org\",\"@graph\":[{\"@type\":\"Article\",\"@id\":\"https:\\\/\\\/blogdofarnesio.com.br\\\/?p=221697#article\",\"isPartOf\":{\"@id\":\"https:\\\/\\\/blogdofarnesio.com.br\\\/?p=221697\"},\"author\":{\"name\":\"Farn\u00e9sio\",\"@id\":\"https:\\\/\\\/blogdofarnesio.com.br\\\/#\\\/schema\\\/person\\\/301c4acf522bccbfdb45af95b5b906a1\"},\"headline\":\"PAVIMENTA SOBRADINHO: PREFEITURA INICIA CAL\u00c7AMENTO DA TRAVESSA \u201cB\u201d, ENTRE AS QUADRAS S7 E S9\",\"datePublished\":\"2019-02-21T17:22:56+00:00\",\"mainEntityOfPage\":{\"@id\":\"https:\\\/\\\/blogdofarnesio.com.br\\\/?p=221697\"},\"wordCount\":509,\"publisher\":{\"@id\":\"https:\\\/\\\/blogdofarnesio.com.br\\\/#organization\"},\"image\":{\"@id\":\"https:\\\/\\\/blogdofarnesio.com.br\\\/?p=221697#primaryimage\"},\"thumbnailUrl\":\"https:\\\/\\\/blogdofarnesio.com.br\\\/wp-content\\\/uploads\\\/2019\\\/02\\\/blogqsp-pavimenta-sobradinho.jpg\",\"articleSection\":[\"Administra\u00e7\u00e3o\"],\"inLanguage\":\"pt-BR\"},{\"@type\":\"WebPage\",\"@id\":\"https:\\\/\\\/blogdofarnesio.com.br\\\/?p=221697\",\"url\":\"https:\\\/\\\/blogdofarnesio.com.br\\\/?p=221697\",\"name\":\"PAVIMENTA SOBRADINHO: PREFEITURA INICIA CAL\u00c7AMENTO DA TRAVESSA \u201cB\u201d, ENTRE AS QUADRAS S7 E S9 - Blog do Farn\u00e9sio\",\"isPartOf\":{\"@id\":\"https:\\\/\\\/blogdofarnesio.com.br\\\/#website\"},\"primaryImageOfPage\":{\"@id\":\"https:\\\/\\\/blogdofarnesio.com.br\\\/?p=221697#primaryimage\"},\"image\":{\"@id\":\"https:\\\/\\\/blogdofarnesio.com.br\\\/?p=221697#primaryimage\"},\"thumbnailUrl\":\"https:\\\/\\\/blogdofarnesio.com.br\\\/wp-content\\\/uploads\\\/2019\\\/02\\\/blogqsp-pavimenta-sobradinho.jpg\",\"datePublished\":\"2019-02-21T17:22:56+00:00\",\"breadcrumb\":{\"@id\":\"https:\\\/\\\/blogdofarnesio.com.br\\\/?p=221697#breadcrumb\"},\"inLanguage\":\"pt-BR\",\"potentialAction\":[{\"@type\":\"ReadAction\",\"target\":[\"https:\\\/\\\/blogdofarnesio.com.br\\\/?p=221697\"]}]},{\"@type\":\"ImageObject\",\"inLanguage\":\"pt-BR\",\"@id\":\"https:\\\/\\\/blogdofarnesio.com.br\\\/?p=221697#primaryimage\",\"url\":\"https:\\\/\\\/blogdofarnesio.com.br\\\/wp-content\\\/uploads\\\/2019\\\/02\\\/blogqsp-pavimenta-sobradinho.jpg\",\"contentUrl\":\"https:\\\/\\\/blogdofarnesio.com.br\\\/wp-content\\\/uploads\\\/2019\\\/02\\\/blogqsp-pavimenta-sobradinho.jpg\",\"width\":672,\"height\":395},{\"@type\":\"BreadcrumbList\",\"@id\":\"https:\\\/\\\/blogdofarnesio.com.br\\\/?p=221697#breadcrumb\",\"itemListElement\":[{\"@type\":\"ListItem\",\"position\":1,\"name\":\"In\u00edcio\",\"item\":\"https:\\\/\\\/blogdofarnesio.com.br\\\/\"},{\"@type\":\"ListItem\",\"position\":2,\"name\":\"PAVIMENTA SOBRADINHO: PREFEITURA INICIA CAL\u00c7AMENTO DA TRAVESSA \u201cB\u201d, ENTRE AS QUADRAS S7 E S9\"}]},{\"@type\":\"WebSite\",\"@id\":\"https:\\\/\\\/blogdofarnesio.com.br\\\/#website\",\"url\":\"https:\\\/\\\/blogdofarnesio.com.br\\\/\",\"name\":\"Blog do Farn\u00e9sio\",\"description\":\"Quer Saber Pol\u00edtica?\",\"publisher\":{\"@id\":\"https:\\\/\\\/blogdofarnesio.com.br\\\/#organization\"},\"potentialAction\":[{\"@type\":\"SearchAction\",\"target\":{\"@type\":\"EntryPoint\",\"urlTemplate\":\"https:\\\/\\\/blogdofarnesio.com.br\\\/?s={search_term_string}\"},\"query-input\":{\"@type\":\"PropertyValueSpecification\",\"valueRequired\":true,\"valueName\":\"search_term_string\"}}],\"inLanguage\":\"pt-BR\"},{\"@type\":\"Organization\",\"@id\":\"https:\\\/\\\/blogdofarnesio.com.br\\\/#organization\",\"name\":\"Blog do Farn\u00e9sio\",\"url\":\"https:\\\/\\\/blogdofarnesio.com.br\\\/\",\"logo\":{\"@type\":\"ImageObject\",\"inLanguage\":\"pt-BR\",\"@id\":\"https:\\\/\\\/blogdofarnesio.com.br\\\/#\\\/schema\\\/logo\\\/image\\\/\",\"url\":\"https:\\\/\\\/blogdofarnesio.com.br\\\/wp-content\\\/uploads\\\/2026\\\/03\\\/cropped-logo_new-1.png\",\"contentUrl\":\"https:\\\/\\\/blogdofarnesio.com.br\\\/wp-content\\\/uploads\\\/2026\\\/03\\\/cropped-logo_new-1.png\",\"width\":881,\"height\":685,\"caption\":\"Blog do Farn\u00e9sio\"},\"image\":{\"@id\":\"https:\\\/\\\/blogdofarnesio.com.br\\\/#\\\/schema\\\/logo\\\/image\\\/\"},\"sameAs\":[\"https:\\\/\\\/www.facebook.com\\\/BlogQuerSaberPolitica\\\/\"]},{\"@type\":\"Person\",\"@id\":\"https:\\\/\\\/blogdofarnesio.com.br\\\/#\\\/schema\\\/person\\\/301c4acf522bccbfdb45af95b5b906a1\",\"name\":\"Farn\u00e9sio\",\"image\":{\"@type\":\"ImageObject\",\"inLanguage\":\"pt-BR\",\"@id\":\"https:\\\/\\\/secure.gravatar.com\\\/avatar\\\/df0c9a14567c056f8ad6876ba5bbd1e3e2c48023eb6807342fc4663adf549f38?s=96&d=mm&r=g\",\"url\":\"https:\\\/\\\/secure.gravatar.com\\\/avatar\\\/df0c9a14567c056f8ad6876ba5bbd1e3e2c48023eb6807342fc4663adf549f38?s=96&d=mm&r=g\",\"contentUrl\":\"https:\\\/\\\/secure.gravatar.com\\\/avatar\\\/df0c9a14567c056f8ad6876ba5bbd1e3e2c48023eb6807342fc4663adf549f38?s=96&d=mm&r=g\",\"caption\":\"Farn\u00e9sio\"},\"sameAs\":[\"https:\\\/\\\/quersaberpolitica.com.br\"],\"url\":\"https:\\\/\\\/blogdofarnesio.com.br\\\/?author=1\"}]}<\/script>\n<!-- \/ Yoast SEO plugin. -->","yoast_head_json":{"title":"PAVIMENTA SOBRADINHO: PREFEITURA INICIA CAL\u00c7AMENTO DA TRAVESSA \u201cB\u201d, ENTRE AS QUADRAS S7 E S9 - Blog do Farn\u00e9sio","robots":{"index":"index","follow":"follow","max-snippet":"max-snippet:-1","max-image-preview":"max-image-preview:large","max-video-preview":"max-video-preview:-1"},"canonical":"https:\/\/blogdofarnesio.com.br\/?p=221697","og_locale":"pt_BR","og_type":"article","og_title":"PAVIMENTA SOBRADINHO: PREFEITURA INICIA CAL\u00c7AMENTO DA TRAVESSA \u201cB\u201d, ENTRE AS QUADRAS S7 E S9 - Blog do Farn\u00e9sio","og_description":"Beneficiando diversos moradores, o Programa \u201cPavimenta Sobradinho\u201d segue cal\u00e7ando e pavimentando dezenas de ruas e avenidas da cidade. As Secretarias de Conv\u00eanio e Infraestrutura e Servi\u00e7os P\u00fablicos iniciaram o cal\u00e7amento da travessa \u201cB\u201d, entre as quadras S7 e S9, da vila S\u00e3o Joaquim. Na a\u00e7\u00e3o, ser\u00e3o 4.224 metros quadrados de cal\u00e7amento em paralelep\u00edpedos, obra conveniada entre o Minist\u00e9rio das Cidades e a gest\u00e3o municipal, atrav\u00e9s de Emenda Parlamentar do Deputado Federal Jo\u00e3o Carlos Bacelar, no valor de R$ 500.000,00. \u201cMais uma importante via que nossa gest\u00e3o est\u00e1 cal\u00e7ando, atrav\u00e9s do Programa \u201cPavimenta Sobradinho\u201d, que beneficiar\u00e1 as fam\u00edlias das quadras S7 e S9, passando em frente \u00e0 pra\u00e7a Geraldo Silva, da Associa\u00e7\u00e3o de Artes C\u00eanicas de Sobradinho. Aos poucos estamos cal\u00e7ando&hellip;","og_url":"https:\/\/blogdofarnesio.com.br\/?p=221697","og_site_name":"Blog do Farn\u00e9sio","article_publisher":"https:\/\/www.facebook.com\/BlogQuerSaberPolitica\/","article_published_time":"2019-02-21T17:22:56+00:00","og_image":[{"width":672,"height":395,"url":"https:\/\/blogdofarnesio.com.br\/wp-content\/uploads\/2019\/02\/blogqsp-pavimenta-sobradinho.jpg","type":"image\/jpeg"}],"author":"Farn\u00e9sio","twitter_card":"summary_large_image","twitter_misc":{"Escrito por":"Farn\u00e9sio","Est. tempo de leitura":"2 minutos"},"schema":{"@context":"https:\/\/schema.org","@graph":[{"@type":"Article","@id":"https:\/\/blogdofarnesio.com.br\/?p=221697#article","isPartOf":{"@id":"https:\/\/blogdofarnesio.com.br\/?p=221697"},"author":{"name":"Farn\u00e9sio","@id":"https:\/\/blogdofarnesio.com.br\/#\/schema\/person\/301c4acf522bccbfdb45af95b5b906a1"},"headline":"PAVIMENTA SOBRADINHO: PREFEITURA INICIA CAL\u00c7AMENTO DA TRAVESSA \u201cB\u201d, ENTRE AS QUADRAS S7 E S9","datePublished":"2019-02-21T17:22:56+00:00","mainEntityOfPage":{"@id":"https:\/\/blogdofarnesio.com.br\/?p=221697"},"wordCount":509,"publisher":{"@id":"https:\/\/blogdofarnesio.com.br\/#organization"},"image":{"@id":"https:\/\/blogdofarnesio.com.br\/?p=221697#primaryimage"},"thumbnailUrl":"https:\/\/blogdofarnesio.com.br\/wp-content\/uploads\/2019\/02\/blogqsp-pavimenta-sobradinho.jpg","articleSection":["Administra\u00e7\u00e3o"],"inLanguage":"pt-BR"},{"@type":"WebPage","@id":"https:\/\/blogdofarnesio.com.br\/?p=221697","url":"https:\/\/blogdofarnesio.com.br\/?p=221697","name":"PAVIMENTA SOBRADINHO: PREFEITURA INICIA CAL\u00c7AMENTO DA TRAVESSA \u201cB\u201d, ENTRE AS QUADRAS S7 E S9 - Blog do Farn\u00e9sio","isPartOf":{"@id":"https:\/\/blogdofarnesio.com.br\/#website"},"primaryImageOfPage":{"@id":"https:\/\/blogdofarnesio.com.br\/?p=221697#primaryimage"},"image":{"@id":"https:\/\/blogdofarnesio.com.br\/?p=221697#primaryimage"},"thumbnailUrl":"https:\/\/blogdofarnesio.com.br\/wp-content\/uploads\/2019\/02\/blogqsp-pavimenta-sobradinho.jpg","datePublished":"2019-02-21T17:22:56+00:00","breadcrumb":{"@id":"https:\/\/blogdofarnesio.com.br\/?p=221697#breadcrumb"},"inLanguage":"pt-BR","potentialAction":[{"@type":"ReadAction","target":["https:\/\/blogdofarnesio.com.br\/?p=221697"]}]},{"@type":"ImageObject","inLanguage":"pt-BR","@id":"https:\/\/blogdofarnesio.com.br\/?p=221697#primaryimage","url":"https:\/\/blogdofarnesio.com.br\/wp-content\/uploads\/2019\/02\/blogqsp-pavimenta-sobradinho.jpg","contentUrl":"https:\/\/blogdofarnesio.com.br\/wp-content\/uploads\/2019\/02\/blogqsp-pavimenta-sobradinho.jpg","width":672,"height":395},{"@type":"BreadcrumbList","@id":"https:\/\/blogdofarnesio.com.br\/?p=221697#breadcrumb","itemListElement":[{"@type":"ListItem","position":1,"name":"In\u00edcio","item":"https:\/\/blogdofarnesio.com.br\/"},{"@type":"ListItem","position":2,"name":"PAVIMENTA SOBRADINHO: PREFEITURA INICIA CAL\u00c7AMENTO DA TRAVESSA \u201cB\u201d, ENTRE AS QUADRAS S7 E S9"}]},{"@type":"WebSite","@id":"https:\/\/blogdofarnesio.com.br\/#website","url":"https:\/\/blogdofarnesio.com.br\/","name":"Blog do Farn\u00e9sio","description":"Quer Saber Pol\u00edtica?","publisher":{"@id":"https:\/\/blogdofarnesio.com.br\/#organization"},"potentialAction":[{"@type":"SearchAction","target":{"@type":"EntryPoint","urlTemplate":"https:\/\/blogdofarnesio.com.br\/?s={search_term_string}"},"query-input":{"@type":"PropertyValueSpecification","valueRequired":true,"valueName":"search_term_string"}}],"inLanguage":"pt-BR"},{"@type":"Organization","@id":"https:\/\/blogdofarnesio.com.br\/#organization","name":"Blog do Farn\u00e9sio","url":"https:\/\/blogdofarnesio.com.br\/","logo":{"@type":"ImageObject","inLanguage":"pt-BR","@id":"https:\/\/blogdofarnesio.com.br\/#\/schema\/logo\/image\/","url":"https:\/\/blogdofarnesio.com.br\/wp-content\/uploads\/2026\/03\/cropped-logo_new-1.png","contentUrl":"https:\/\/blogdofarnesio.com.br\/wp-content\/uploads\/2026\/03\/cropped-logo_new-1.png","width":881,"height":685,"caption":"Blog do Farn\u00e9sio"},"image":{"@id":"https:\/\/blogdofarnesio.com.br\/#\/schema\/logo\/image\/"},"sameAs":["https:\/\/www.facebook.com\/BlogQuerSaberPolitica\/"]},{"@type":"Person","@id":"https:\/\/blogdofarnesio.com.br\/#\/schema\/person\/301c4acf522bccbfdb45af95b5b906a1","name":"Farn\u00e9sio","image":{"@type":"ImageObject","inLanguage":"pt-BR","@id":"https:\/\/secure.gravatar.com\/avatar\/df0c9a14567c056f8ad6876ba5bbd1e3e2c48023eb6807342fc4663adf549f38?s=96&d=mm&r=g","url":"https:\/\/secure.gravatar.com\/avatar\/df0c9a14567c056f8ad6876ba5bbd1e3e2c48023eb6807342fc4663adf549f38?s=96&d=mm&r=g","contentUrl":"https:\/\/secure.gravatar.com\/avatar\/df0c9a14567c056f8ad6876ba5bbd1e3e2c48023eb6807342fc4663adf549f38?s=96&d=mm&r=g","caption":"Farn\u00e9sio"},"sameAs":["https:\/\/quersaberpolitica.com.br"],"url":"https:\/\/blogdofarnesio.com.br\/?author=1"}]}},"_links":{"self":[{"href":"https:\/\/blogdofarnesio.com.br\/index.php?rest_route=\/wp\/v2\/posts\/221697","targetHints":{"allow":["GET"]}}],"collection":[{"href":"https:\/\/blogdofarnesio.com.br\/index.php?rest_route=\/wp\/v2\/posts"}],"about":[{"href":"https:\/\/blogdofarnesio.com.br\/index.php?rest_route=\/wp\/v2\/types\/post"}],"author":[{"embeddable":true,"href":"https:\/\/blogdofarnesio.com.br\/index.php?rest_route=\/wp\/v2\/users\/1"}],"replies":[{"embeddable":true,"href":"https:\/\/blogdofarnesio.com.br\/index.php?rest_route=%2Fwp%2Fv2%2Fcomments&post=221697"}],"version-history":[{"count":0,"href":"https:\/\/blogdofarnesio.com.br\/index.php?rest_route=\/wp\/v2\/posts\/221697\/revisions"}],"wp:featuredmedia":[{"embeddable":true,"href":"https:\/\/blogdofarnesio.com.br\/index.php?rest_route=\/wp\/v2\/media\/221698"}],"wp:attachment":[{"href":"https:\/\/blogdofarnesio.com.br\/index.php?rest_route=%2Fwp%2Fv2%2Fmedia&parent=221697"}],"wp:term":[{"taxonomy":"category","embeddable":true,"href":"https:\/\/blogdofarnesio.com.br\/index.php?rest_route=%2Fwp%2Fv2%2Fcategories&post=221697"},{"taxonomy":"post_tag","embeddable":true,"href":"https:\/\/blogdofarnesio.com.br\/index.php?rest_route=%2Fwp%2Fv2%2Ftags&post=221697"}],"curies":[{"name":"wp","href":"https:\/\/api.w.org\/{rel}","templated":true}]}}