{"id":221641,"date":"2019-02-21T10:22:43","date_gmt":"2019-02-21T13:22:43","guid":{"rendered":"http:\/\/quersaberpolitica.com.br\/2016\/?p=221641"},"modified":"2019-02-20T19:28:44","modified_gmt":"2019-02-20T22:28:44","slug":"prefeitos-se-reunem-no-constesf-para-discutir-futuro-atendimento-na-policlinica-regional-de-juazeiro","status":"publish","type":"post","link":"https:\/\/blogdofarnesio.com.br\/?p=221641","title":{"rendered":"PREFEITOS SE RE\u00daNEM NO CONSTESF PARA DISCUTIR FUTURO ATENDIMENTO NA POLICL\u00cdNICA REGIONAL DE JUAZEIRO"},"content":{"rendered":"\n<p>Na manh\u00e3 desta quarta-feira (20), o Presidente do Cons\u00f3rcio Sustent\u00e1vel do Territ\u00f3rio do S\u00e3o Francisco (Constesf), o Prefeito de Canudos Gen\u00e1rio Rabelo, reuniu-se com demais prefeitos do territ\u00f3rio para discutir quest\u00f5es referentes \u00e0 policl\u00ednica regional, com obras j\u00e1 em fase final.<\/p>\n\n\n\n<p>A assembl\u00e9ia, organizada pelo Cons\u00f3rcio P\u00fablico Interfederativo de Sa\u00fade da Regi\u00e3o de Juazeiro, que tem como presidenta a Prefeita de Sento-S\u00e9, Ana Passos, contou com a participa\u00e7\u00e3o do Sr. Nelson Portela, coordenador dos Cons\u00f3rcios Interfederativo de Sa\u00fade do Estado da Bahia e dos Prefeitos Paulo Bomfim (Juazeiro), Z\u00e9 Filho (Remanso), Wilker Torres (Casa Nova) e Luiz Vicente Berti (Sobradinho).<\/p>\n\n\n\n<p>Diante das pautas, os gestores deliberaram sobre quest\u00f5es administrativas da policl\u00ednica, como o rateio de parte das despesas. &#8220;Estamos em um momento importante de consolida\u00e7\u00e3o do nosso cons\u00f3rcio de sa\u00fade, presidido pela querida Prefeita Ana, e que resultar\u00e1 na breve inaugura\u00e7\u00e3o da policl\u00ednica. Um equipamento de sa\u00fade que vai atender mais de 500 mil pessoas no qual todos os prefeitos est\u00e3o dedicados, pois entendem a sua import\u00e2ncia na melhoria da sa\u00fade p\u00fablica do Territ\u00f3rio do Sert\u00e3o do S\u00e3o Francisco&#8221;, enfatizou o Presidente do Constesf, Gen\u00e1rio Rabelo.<\/p>\n\n\n\n<p>A policl\u00ednica est\u00e1 sendo constru\u00edda e ser\u00e1 mantida atrav\u00e9s de parceria entre os munic\u00edpios e o governo do estado, visando regionalizar e fortalecer a aten\u00e7\u00e3o prim\u00e1ria, por meio de um Cons\u00f3rcio de Sa\u00fade. Ser\u00e3o ofertados exames de alta complexidade e consultas em at\u00e9 18 especialidades.<\/p>\n","protected":false},"excerpt":{"rendered":"<p>Na manh\u00e3 desta quarta-feira (20), o Presidente do Cons\u00f3rcio Sustent\u00e1vel do Territ\u00f3rio do S\u00e3o Francisco (Constesf), o Prefeito de Canudos Gen\u00e1rio Rabelo, reuniu-se com demais prefeitos do territ\u00f3rio para discutir quest\u00f5es referentes \u00e0 policl\u00ednica regional, com obras j\u00e1 em fase final. A assembl\u00e9ia, organizada pelo Cons\u00f3rcio P\u00fablico Interfederativo de Sa\u00fade da Regi\u00e3o de Juazeiro, que tem como presidenta a Prefeita de Sento-S\u00e9, Ana Passos, contou com a participa\u00e7\u00e3o do Sr. Nelson Portela, coordenador dos Cons\u00f3rcios Interfederativo de Sa\u00fade do Estado da Bahia e dos Prefeitos Paulo Bomfim (Juazeiro), Z\u00e9 Filho (Remanso), Wilker Torres (Casa Nova) e Luiz Vicente Berti (Sobradinho). Diante das pautas, os gestores deliberaram sobre quest\u00f5es administrativas da policl\u00ednica, como o rateio de parte das despesas. &#8220;Estamos em&hellip; <\/p>\n","protected":false},"author":1,"featured_media":221642,"comment_status":"closed","ping_status":"closed","sticky":false,"template":"","format":"standard","meta":{"_acf_changed":false,"footnotes":""},"categories":[27,4],"tags":[],"class_list":["post-221641","post","type-post","status-publish","format-standard","has-post-thumbnail","hentry","category-cidades","category-saude"],"acf":[],"yoast_head":"<!-- This site is optimized with the Yoast SEO plugin v27.4 - https:\/\/yoast.com\/product\/yoast-seo-wordpress\/ -->\n<title>PREFEITOS SE RE\u00daNEM NO CONSTESF PARA DISCUTIR FUTURO ATENDIMENTO NA POLICL\u00cdNICA REGIONAL DE JUAZEIRO - Blog do Farn\u00e9sio<\/title>\n<meta name=\"robots\" content=\"index, follow, max-snippet:-1, max-image-preview:large, max-video-preview:-1\" \/>\n<link rel=\"canonical\" href=\"https:\/\/blogdofarnesio.com.br\/?p=221641\" \/>\n<meta property=\"og:locale\" content=\"pt_BR\" \/>\n<meta property=\"og:type\" content=\"article\" \/>\n<meta property=\"og:title\" content=\"PREFEITOS SE RE\u00daNEM NO CONSTESF PARA DISCUTIR FUTURO ATENDIMENTO NA POLICL\u00cdNICA REGIONAL DE JUAZEIRO - Blog do Farn\u00e9sio\" \/>\n<meta property=\"og:description\" content=\"Na manh\u00e3 desta quarta-feira (20), o Presidente do Cons\u00f3rcio Sustent\u00e1vel do Territ\u00f3rio do S\u00e3o Francisco (Constesf), o Prefeito de Canudos Gen\u00e1rio Rabelo, reuniu-se com demais prefeitos do territ\u00f3rio para discutir quest\u00f5es referentes \u00e0 policl\u00ednica regional, com obras j\u00e1 em fase final. A assembl\u00e9ia, organizada pelo Cons\u00f3rcio P\u00fablico Interfederativo de Sa\u00fade da Regi\u00e3o de Juazeiro, que tem como presidenta a Prefeita de Sento-S\u00e9, Ana Passos, contou com a participa\u00e7\u00e3o do Sr. Nelson Portela, coordenador dos Cons\u00f3rcios Interfederativo de Sa\u00fade do Estado da Bahia e dos Prefeitos Paulo Bomfim (Juazeiro), Z\u00e9 Filho (Remanso), Wilker Torres (Casa Nova) e Luiz Vicente Berti (Sobradinho). Diante das pautas, os gestores deliberaram sobre quest\u00f5es administrativas da policl\u00ednica, como o rateio de parte das despesas. &#8220;Estamos em&hellip;\" \/>\n<meta property=\"og:url\" content=\"https:\/\/blogdofarnesio.com.br\/?p=221641\" \/>\n<meta property=\"og:site_name\" content=\"Blog do Farn\u00e9sio\" \/>\n<meta property=\"article:publisher\" content=\"https:\/\/www.facebook.com\/BlogQuerSaberPolitica\/\" \/>\n<meta property=\"article:published_time\" content=\"2019-02-21T13:22:43+00:00\" \/>\n<meta property=\"og:image\" content=\"https:\/\/blogdofarnesio.com.br\/wp-content\/uploads\/2019\/02\/blogqsp-georibeiro.jpg\" \/>\n\t<meta property=\"og:image:width\" content=\"628\" \/>\n\t<meta property=\"og:image:height\" content=\"419\" \/>\n\t<meta property=\"og:image:type\" content=\"image\/jpeg\" \/>\n<meta name=\"author\" content=\"Farn\u00e9sio\" \/>\n<meta name=\"twitter:card\" content=\"summary_large_image\" \/>\n<meta name=\"twitter:label1\" content=\"Escrito por\" \/>\n\t<meta name=\"twitter:data1\" content=\"Farn\u00e9sio\" \/>\n\t<meta name=\"twitter:label2\" content=\"Est. tempo de leitura\" \/>\n\t<meta name=\"twitter:data2\" content=\"1 minuto\" \/>\n<script type=\"application\/ld+json\" class=\"yoast-schema-graph\">{\"@context\":\"https:\\\/\\\/schema.org\",\"@graph\":[{\"@type\":\"Article\",\"@id\":\"https:\\\/\\\/blogdofarnesio.com.br\\\/?p=221641#article\",\"isPartOf\":{\"@id\":\"https:\\\/\\\/blogdofarnesio.com.br\\\/?p=221641\"},\"author\":{\"name\":\"Farn\u00e9sio\",\"@id\":\"https:\\\/\\\/blogdofarnesio.com.br\\\/#\\\/schema\\\/person\\\/301c4acf522bccbfdb45af95b5b906a1\"},\"headline\":\"PREFEITOS SE RE\u00daNEM NO CONSTESF PARA DISCUTIR FUTURO ATENDIMENTO NA POLICL\u00cdNICA REGIONAL DE JUAZEIRO\",\"datePublished\":\"2019-02-21T13:22:43+00:00\",\"mainEntityOfPage\":{\"@id\":\"https:\\\/\\\/blogdofarnesio.com.br\\\/?p=221641\"},\"wordCount\":284,\"publisher\":{\"@id\":\"https:\\\/\\\/blogdofarnesio.com.br\\\/#organization\"},\"image\":{\"@id\":\"https:\\\/\\\/blogdofarnesio.com.br\\\/?p=221641#primaryimage\"},\"thumbnailUrl\":\"https:\\\/\\\/blogdofarnesio.com.br\\\/wp-content\\\/uploads\\\/2019\\\/02\\\/blogqsp-georibeiro.jpg\",\"articleSection\":[\"Cidades\",\"Sa\u00fade\"],\"inLanguage\":\"pt-BR\"},{\"@type\":\"WebPage\",\"@id\":\"https:\\\/\\\/blogdofarnesio.com.br\\\/?p=221641\",\"url\":\"https:\\\/\\\/blogdofarnesio.com.br\\\/?p=221641\",\"name\":\"PREFEITOS SE RE\u00daNEM NO CONSTESF PARA DISCUTIR FUTURO ATENDIMENTO NA POLICL\u00cdNICA REGIONAL DE JUAZEIRO - Blog do Farn\u00e9sio\",\"isPartOf\":{\"@id\":\"https:\\\/\\\/blogdofarnesio.com.br\\\/#website\"},\"primaryImageOfPage\":{\"@id\":\"https:\\\/\\\/blogdofarnesio.com.br\\\/?p=221641#primaryimage\"},\"image\":{\"@id\":\"https:\\\/\\\/blogdofarnesio.com.br\\\/?p=221641#primaryimage\"},\"thumbnailUrl\":\"https:\\\/\\\/blogdofarnesio.com.br\\\/wp-content\\\/uploads\\\/2019\\\/02\\\/blogqsp-georibeiro.jpg\",\"datePublished\":\"2019-02-21T13:22:43+00:00\",\"breadcrumb\":{\"@id\":\"https:\\\/\\\/blogdofarnesio.com.br\\\/?p=221641#breadcrumb\"},\"inLanguage\":\"pt-BR\",\"potentialAction\":[{\"@type\":\"ReadAction\",\"target\":[\"https:\\\/\\\/blogdofarnesio.com.br\\\/?p=221641\"]}]},{\"@type\":\"ImageObject\",\"inLanguage\":\"pt-BR\",\"@id\":\"https:\\\/\\\/blogdofarnesio.com.br\\\/?p=221641#primaryimage\",\"url\":\"https:\\\/\\\/blogdofarnesio.com.br\\\/wp-content\\\/uploads\\\/2019\\\/02\\\/blogqsp-georibeiro.jpg\",\"contentUrl\":\"https:\\\/\\\/blogdofarnesio.com.br\\\/wp-content\\\/uploads\\\/2019\\\/02\\\/blogqsp-georibeiro.jpg\",\"width\":628,\"height\":419},{\"@type\":\"BreadcrumbList\",\"@id\":\"https:\\\/\\\/blogdofarnesio.com.br\\\/?p=221641#breadcrumb\",\"itemListElement\":[{\"@type\":\"ListItem\",\"position\":1,\"name\":\"In\u00edcio\",\"item\":\"https:\\\/\\\/blogdofarnesio.com.br\\\/\"},{\"@type\":\"ListItem\",\"position\":2,\"name\":\"PREFEITOS SE RE\u00daNEM NO CONSTESF PARA DISCUTIR FUTURO ATENDIMENTO NA POLICL\u00cdNICA REGIONAL DE JUAZEIRO\"}]},{\"@type\":\"WebSite\",\"@id\":\"https:\\\/\\\/blogdofarnesio.com.br\\\/#website\",\"url\":\"https:\\\/\\\/blogdofarnesio.com.br\\\/\",\"name\":\"Blog do Farn\u00e9sio\",\"description\":\"Quer Saber Pol\u00edtica?\",\"publisher\":{\"@id\":\"https:\\\/\\\/blogdofarnesio.com.br\\\/#organization\"},\"potentialAction\":[{\"@type\":\"SearchAction\",\"target\":{\"@type\":\"EntryPoint\",\"urlTemplate\":\"https:\\\/\\\/blogdofarnesio.com.br\\\/?s={search_term_string}\"},\"query-input\":{\"@type\":\"PropertyValueSpecification\",\"valueRequired\":true,\"valueName\":\"search_term_string\"}}],\"inLanguage\":\"pt-BR\"},{\"@type\":\"Organization\",\"@id\":\"https:\\\/\\\/blogdofarnesio.com.br\\\/#organization\",\"name\":\"Blog do Farn\u00e9sio\",\"url\":\"https:\\\/\\\/blogdofarnesio.com.br\\\/\",\"logo\":{\"@type\":\"ImageObject\",\"inLanguage\":\"pt-BR\",\"@id\":\"https:\\\/\\\/blogdofarnesio.com.br\\\/#\\\/schema\\\/logo\\\/image\\\/\",\"url\":\"https:\\\/\\\/blogdofarnesio.com.br\\\/wp-content\\\/uploads\\\/2026\\\/03\\\/cropped-logo_new-1.png\",\"contentUrl\":\"https:\\\/\\\/blogdofarnesio.com.br\\\/wp-content\\\/uploads\\\/2026\\\/03\\\/cropped-logo_new-1.png\",\"width\":881,\"height\":685,\"caption\":\"Blog do Farn\u00e9sio\"},\"image\":{\"@id\":\"https:\\\/\\\/blogdofarnesio.com.br\\\/#\\\/schema\\\/logo\\\/image\\\/\"},\"sameAs\":[\"https:\\\/\\\/www.facebook.com\\\/BlogQuerSaberPolitica\\\/\"]},{\"@type\":\"Person\",\"@id\":\"https:\\\/\\\/blogdofarnesio.com.br\\\/#\\\/schema\\\/person\\\/301c4acf522bccbfdb45af95b5b906a1\",\"name\":\"Farn\u00e9sio\",\"image\":{\"@type\":\"ImageObject\",\"inLanguage\":\"pt-BR\",\"@id\":\"https:\\\/\\\/secure.gravatar.com\\\/avatar\\\/df0c9a14567c056f8ad6876ba5bbd1e3e2c48023eb6807342fc4663adf549f38?s=96&d=mm&r=g\",\"url\":\"https:\\\/\\\/secure.gravatar.com\\\/avatar\\\/df0c9a14567c056f8ad6876ba5bbd1e3e2c48023eb6807342fc4663adf549f38?s=96&d=mm&r=g\",\"contentUrl\":\"https:\\\/\\\/secure.gravatar.com\\\/avatar\\\/df0c9a14567c056f8ad6876ba5bbd1e3e2c48023eb6807342fc4663adf549f38?s=96&d=mm&r=g\",\"caption\":\"Farn\u00e9sio\"},\"sameAs\":[\"https:\\\/\\\/quersaberpolitica.com.br\"],\"url\":\"https:\\\/\\\/blogdofarnesio.com.br\\\/?author=1\"}]}<\/script>\n<!-- \/ Yoast SEO plugin. -->","yoast_head_json":{"title":"PREFEITOS SE RE\u00daNEM NO CONSTESF PARA DISCUTIR FUTURO ATENDIMENTO NA POLICL\u00cdNICA REGIONAL DE JUAZEIRO - Blog do Farn\u00e9sio","robots":{"index":"index","follow":"follow","max-snippet":"max-snippet:-1","max-image-preview":"max-image-preview:large","max-video-preview":"max-video-preview:-1"},"canonical":"https:\/\/blogdofarnesio.com.br\/?p=221641","og_locale":"pt_BR","og_type":"article","og_title":"PREFEITOS SE RE\u00daNEM NO CONSTESF PARA DISCUTIR FUTURO ATENDIMENTO NA POLICL\u00cdNICA REGIONAL DE JUAZEIRO - Blog do Farn\u00e9sio","og_description":"Na manh\u00e3 desta quarta-feira (20), o Presidente do Cons\u00f3rcio Sustent\u00e1vel do Territ\u00f3rio do S\u00e3o Francisco (Constesf), o Prefeito de Canudos Gen\u00e1rio Rabelo, reuniu-se com demais prefeitos do territ\u00f3rio para discutir quest\u00f5es referentes \u00e0 policl\u00ednica regional, com obras j\u00e1 em fase final. A assembl\u00e9ia, organizada pelo Cons\u00f3rcio P\u00fablico Interfederativo de Sa\u00fade da Regi\u00e3o de Juazeiro, que tem como presidenta a Prefeita de Sento-S\u00e9, Ana Passos, contou com a participa\u00e7\u00e3o do Sr. Nelson Portela, coordenador dos Cons\u00f3rcios Interfederativo de Sa\u00fade do Estado da Bahia e dos Prefeitos Paulo Bomfim (Juazeiro), Z\u00e9 Filho (Remanso), Wilker Torres (Casa Nova) e Luiz Vicente Berti (Sobradinho). Diante das pautas, os gestores deliberaram sobre quest\u00f5es administrativas da policl\u00ednica, como o rateio de parte das despesas. &#8220;Estamos em&hellip;","og_url":"https:\/\/blogdofarnesio.com.br\/?p=221641","og_site_name":"Blog do Farn\u00e9sio","article_publisher":"https:\/\/www.facebook.com\/BlogQuerSaberPolitica\/","article_published_time":"2019-02-21T13:22:43+00:00","og_image":[{"width":628,"height":419,"url":"https:\/\/blogdofarnesio.com.br\/wp-content\/uploads\/2019\/02\/blogqsp-georibeiro.jpg","type":"image\/jpeg"}],"author":"Farn\u00e9sio","twitter_card":"summary_large_image","twitter_misc":{"Escrito por":"Farn\u00e9sio","Est. tempo de leitura":"1 minuto"},"schema":{"@context":"https:\/\/schema.org","@graph":[{"@type":"Article","@id":"https:\/\/blogdofarnesio.com.br\/?p=221641#article","isPartOf":{"@id":"https:\/\/blogdofarnesio.com.br\/?p=221641"},"author":{"name":"Farn\u00e9sio","@id":"https:\/\/blogdofarnesio.com.br\/#\/schema\/person\/301c4acf522bccbfdb45af95b5b906a1"},"headline":"PREFEITOS SE RE\u00daNEM NO CONSTESF PARA DISCUTIR FUTURO ATENDIMENTO NA POLICL\u00cdNICA REGIONAL DE JUAZEIRO","datePublished":"2019-02-21T13:22:43+00:00","mainEntityOfPage":{"@id":"https:\/\/blogdofarnesio.com.br\/?p=221641"},"wordCount":284,"publisher":{"@id":"https:\/\/blogdofarnesio.com.br\/#organization"},"image":{"@id":"https:\/\/blogdofarnesio.com.br\/?p=221641#primaryimage"},"thumbnailUrl":"https:\/\/blogdofarnesio.com.br\/wp-content\/uploads\/2019\/02\/blogqsp-georibeiro.jpg","articleSection":["Cidades","Sa\u00fade"],"inLanguage":"pt-BR"},{"@type":"WebPage","@id":"https:\/\/blogdofarnesio.com.br\/?p=221641","url":"https:\/\/blogdofarnesio.com.br\/?p=221641","name":"PREFEITOS SE RE\u00daNEM NO CONSTESF PARA DISCUTIR FUTURO ATENDIMENTO NA POLICL\u00cdNICA REGIONAL DE JUAZEIRO - Blog do Farn\u00e9sio","isPartOf":{"@id":"https:\/\/blogdofarnesio.com.br\/#website"},"primaryImageOfPage":{"@id":"https:\/\/blogdofarnesio.com.br\/?p=221641#primaryimage"},"image":{"@id":"https:\/\/blogdofarnesio.com.br\/?p=221641#primaryimage"},"thumbnailUrl":"https:\/\/blogdofarnesio.com.br\/wp-content\/uploads\/2019\/02\/blogqsp-georibeiro.jpg","datePublished":"2019-02-21T13:22:43+00:00","breadcrumb":{"@id":"https:\/\/blogdofarnesio.com.br\/?p=221641#breadcrumb"},"inLanguage":"pt-BR","potentialAction":[{"@type":"ReadAction","target":["https:\/\/blogdofarnesio.com.br\/?p=221641"]}]},{"@type":"ImageObject","inLanguage":"pt-BR","@id":"https:\/\/blogdofarnesio.com.br\/?p=221641#primaryimage","url":"https:\/\/blogdofarnesio.com.br\/wp-content\/uploads\/2019\/02\/blogqsp-georibeiro.jpg","contentUrl":"https:\/\/blogdofarnesio.com.br\/wp-content\/uploads\/2019\/02\/blogqsp-georibeiro.jpg","width":628,"height":419},{"@type":"BreadcrumbList","@id":"https:\/\/blogdofarnesio.com.br\/?p=221641#breadcrumb","itemListElement":[{"@type":"ListItem","position":1,"name":"In\u00edcio","item":"https:\/\/blogdofarnesio.com.br\/"},{"@type":"ListItem","position":2,"name":"PREFEITOS SE RE\u00daNEM NO CONSTESF PARA DISCUTIR FUTURO ATENDIMENTO NA POLICL\u00cdNICA REGIONAL DE JUAZEIRO"}]},{"@type":"WebSite","@id":"https:\/\/blogdofarnesio.com.br\/#website","url":"https:\/\/blogdofarnesio.com.br\/","name":"Blog do Farn\u00e9sio","description":"Quer Saber Pol\u00edtica?","publisher":{"@id":"https:\/\/blogdofarnesio.com.br\/#organization"},"potentialAction":[{"@type":"SearchAction","target":{"@type":"EntryPoint","urlTemplate":"https:\/\/blogdofarnesio.com.br\/?s={search_term_string}"},"query-input":{"@type":"PropertyValueSpecification","valueRequired":true,"valueName":"search_term_string"}}],"inLanguage":"pt-BR"},{"@type":"Organization","@id":"https:\/\/blogdofarnesio.com.br\/#organization","name":"Blog do Farn\u00e9sio","url":"https:\/\/blogdofarnesio.com.br\/","logo":{"@type":"ImageObject","inLanguage":"pt-BR","@id":"https:\/\/blogdofarnesio.com.br\/#\/schema\/logo\/image\/","url":"https:\/\/blogdofarnesio.com.br\/wp-content\/uploads\/2026\/03\/cropped-logo_new-1.png","contentUrl":"https:\/\/blogdofarnesio.com.br\/wp-content\/uploads\/2026\/03\/cropped-logo_new-1.png","width":881,"height":685,"caption":"Blog do Farn\u00e9sio"},"image":{"@id":"https:\/\/blogdofarnesio.com.br\/#\/schema\/logo\/image\/"},"sameAs":["https:\/\/www.facebook.com\/BlogQuerSaberPolitica\/"]},{"@type":"Person","@id":"https:\/\/blogdofarnesio.com.br\/#\/schema\/person\/301c4acf522bccbfdb45af95b5b906a1","name":"Farn\u00e9sio","image":{"@type":"ImageObject","inLanguage":"pt-BR","@id":"https:\/\/secure.gravatar.com\/avatar\/df0c9a14567c056f8ad6876ba5bbd1e3e2c48023eb6807342fc4663adf549f38?s=96&d=mm&r=g","url":"https:\/\/secure.gravatar.com\/avatar\/df0c9a14567c056f8ad6876ba5bbd1e3e2c48023eb6807342fc4663adf549f38?s=96&d=mm&r=g","contentUrl":"https:\/\/secure.gravatar.com\/avatar\/df0c9a14567c056f8ad6876ba5bbd1e3e2c48023eb6807342fc4663adf549f38?s=96&d=mm&r=g","caption":"Farn\u00e9sio"},"sameAs":["https:\/\/quersaberpolitica.com.br"],"url":"https:\/\/blogdofarnesio.com.br\/?author=1"}]}},"_links":{"self":[{"href":"https:\/\/blogdofarnesio.com.br\/index.php?rest_route=\/wp\/v2\/posts\/221641","targetHints":{"allow":["GET"]}}],"collection":[{"href":"https:\/\/blogdofarnesio.com.br\/index.php?rest_route=\/wp\/v2\/posts"}],"about":[{"href":"https:\/\/blogdofarnesio.com.br\/index.php?rest_route=\/wp\/v2\/types\/post"}],"author":[{"embeddable":true,"href":"https:\/\/blogdofarnesio.com.br\/index.php?rest_route=\/wp\/v2\/users\/1"}],"replies":[{"embeddable":true,"href":"https:\/\/blogdofarnesio.com.br\/index.php?rest_route=%2Fwp%2Fv2%2Fcomments&post=221641"}],"version-history":[{"count":0,"href":"https:\/\/blogdofarnesio.com.br\/index.php?rest_route=\/wp\/v2\/posts\/221641\/revisions"}],"wp:featuredmedia":[{"embeddable":true,"href":"https:\/\/blogdofarnesio.com.br\/index.php?rest_route=\/wp\/v2\/media\/221642"}],"wp:attachment":[{"href":"https:\/\/blogdofarnesio.com.br\/index.php?rest_route=%2Fwp%2Fv2%2Fmedia&parent=221641"}],"wp:term":[{"taxonomy":"category","embeddable":true,"href":"https:\/\/blogdofarnesio.com.br\/index.php?rest_route=%2Fwp%2Fv2%2Fcategories&post=221641"},{"taxonomy":"post_tag","embeddable":true,"href":"https:\/\/blogdofarnesio.com.br\/index.php?rest_route=%2Fwp%2Fv2%2Ftags&post=221641"}],"curies":[{"name":"wp","href":"https:\/\/api.w.org\/{rel}","templated":true}]}}