{"id":219632,"date":"2019-01-26T15:46:17","date_gmt":"2019-01-26T18:46:17","guid":{"rendered":"http:\/\/quersaberpolitica.com.br\/2016\/?p=219632"},"modified":"2019-01-26T15:46:29","modified_gmt":"2019-01-26T18:46:29","slug":"wagner-montes-apresentador-e-deputado-federal-eleito-morre-aos-64-anos-no-rio","status":"publish","type":"post","link":"https:\/\/blogdofarnesio.com.br\/?p=219632","title":{"rendered":"Wagner Montes, apresentador e deputado federal eleito, morre aos 64 anos no Rio"},"content":{"rendered":"\n<p><strong>O parlamentar estava internado h\u00e1\ndois meses para tratamento de uma infec\u00e7\u00e3o urin\u00e1ria.<\/strong><\/p>\n\n\n\n<p><strong>Por Raoni Alves, G1-RJ<\/strong><\/p>\n\n\n\n<p>Morreu na manh\u00e3 deste s\u00e1bado (26),\npor volta das 11h30, o deputado federal eleito Wagner Montes (PRB). O\nparlamentar e apresentador de TV tinha 64 anos e estava internado h\u00e1 dois meses\nno Hospital Barra D&#8217;Or para o tratamento de uma infec\u00e7\u00e3o urin\u00e1ria. A causa da\nmorte foi choque s\u00e9ptico e sepse abdominal.<\/p>\n\n\n\n<p>Em novembro de 2018, o deputado j\u00e1\ntinha sofrido um infarto.<\/p>\n\n\n\n<p>O vel\u00f3rio ser\u00e1 aberto ao p\u00fablico e\nacontecer\u00e1 neste s\u00e1bado (26), no sagu\u00e3o do Pal\u00e1cio Tiradentes, na Assembleia\nLegislativa do Estado do Rio de Janeiro (Alerj), das 18h \u00e0s 22h. A cerim\u00f4nia\ncontinuar\u00e1 no domingo, entre \u00e0s 8h e \u00e0s 13h.<\/p>\n\n\n\n<p>Ap\u00f3s o vel\u00f3rio, o corpo do deputado\nseguir\u00e1 para o cremat\u00f3rio do cemit\u00e9rio do Caju, onde acontecer\u00e1 a cerim\u00f4nia de\ndespedida fechada para a fam\u00edlia e os amigos mais pr\u00f3ximos.<\/p>\n\n\n\n<p>Wagner Montes foi eleito deputado\nfederal nas \u00faltimas elei\u00e7\u00f5es pelo Partido Republicano Brasileiro (PRB), com\n65.868 votos. Ele estava no terceiro mandato na Alerj.<\/p>\n\n\n\n<p>Casado h\u00e1 30 anos com a apresentadora\nS\u00f4nia Lima, Wagner tamb\u00e9m era advogado e apresentava telejornais na TV Record.<\/p>\n\n\n\n<p><strong>Repercuss\u00e3o<\/strong><\/p>\n\n\n\n<p>O prefeito&nbsp;<a href=\"https:\/\/g1.globo.com\/politica\/politico\/marcelo-crivella\/\"><strong>Marcelo Crivella<\/strong><\/a>&nbsp;decretou\nluto oficial de tr\u00eas dias na cidade do Rio de Janeiro em homenagem ao pol\u00edtico.\nPara o chefe do executivo municipal, a trajet\u00f3ria de Wagner Montes &#8220;\u00e9 um\nexemplo da voca\u00e7\u00e3o e da natureza do cidad\u00e3o fluminense&#8221;, disse Crivella,\nem nota divulgada \u00e0 imprensa.<\/p>\n\n\n\n<p><strong>&#8220;Hoje, h\u00e1 em cada olhar uma\nl\u00e1grima, em cada lar uma ora\u00e7\u00e3o e em cada cora\u00e7\u00e3o um voto de pesar e de\nsaudade, pelo falecimento do l\u00edder, servidor do povo e amigo de todos, Wagner\nMontes, que a morte nos arrebatou inesperadamente&#8221;, comentou o prefeito\nMarcelo Crivella.<\/strong><\/p>\n\n\n\n<p>Presidente em exerc\u00edcio da Alerj,\nAndr\u00e9 Ceciliano (PT) expressou &#8220;profunda tristeza&#8221; pela morte do\n&#8220;amigo, irm\u00e3o e companheiro de trabalho&#8221;.<\/p>\n\n\n\n<p><strong>&#8220;A alegria do Wagner, sua\ncapacidade de trabalho e especialmente a habilidade de driblar as dificuldades\nsempre foram caracter\u00edsticas marcantes de sua personalidade&#8221;, disse\nCeciliano.<\/strong><\/p>\n\n\n\n<p>&#8220;Hoje perdemos uma grande\nfigura, mas o c\u00e9u ficar\u00e1 mais divertido. Siga em paz, meu irm\u00e3o. Que deus\nconforte a fam\u00edlia neste momento de dor, toda minha solidariedade \u00e0 esposa do\nWagner, filhos, amigos e colegas de trabalho&#8221;, emendou.<\/p>\n\n\n\n<p>Colega de Alerj e tamb\u00e9m eleito para\na C\u00e2mara dos Deputados, Marcelo Freixo (PSOL) tuitou estar &#8220;muito\ntriste&#8221;.<\/p>\n\n\n\n<figure class=\"wp-block-embed-twitter wp-block-embed\"><div class=\"wp-block-embed__wrapper\">\nhttps:\/\/twitter.com\/marciopachecoRJ\/status\/1089188935430037505\/photo\/1\n<\/div><\/figure>\n\n\n\n<p><a href=\"https:\/\/twitter.com\/MarceloFreixo\"><\/a><\/p>\n\n\n\n<p><a href=\"https:\/\/twitter.com\/MarceloFreixo\"><\/a><\/p>\n\n\n\n<p><strong><a href=\"https:\/\/twitter.com\/MarceloFreixo\">Marcelo\nFreixo<\/a><\/strong><\/p>\n\n\n\n<p><a href=\"https:\/\/twitter.com\/MarceloFreixo\">\u2714@MarceloFreixo<\/a><\/p>\n\n\n\n<p><a href=\"https:\/\/twitter.com\/MarceloFreixo\/status\/1089181365973762054\"><\/a><\/p>\n\n\n\n<p>Muito\ntriste com a not\u00edcia do falecimento do querido Wagner Montes, com quem tive um\nconv\u00edvio fraterno ao longo de tr\u00eas mandatos como deputado estadual. Minha\nsolidariedade \u00e0 fam\u00edlia e aos amigos.<\/p>\n\n\n\n<p>O Deputado Estadual M\u00e1rcio Pacheco\n(PSC) tamb\u00e9m prestou homenagem pelas redes sociais. &#8220;Minhas condol\u00eancias\naos familiares&#8221;.<\/p>\n\n\n\n<p><a href=\"https:\/\/twitter.com\/marciopachecoRJ\/status\/1089188935430037505\/photo\/1\">View image on Twitter<\/a><\/p>\n\n\n\n\n\n<p><a href=\"https:\/\/twitter.com\/marciopachecoRJ\/status\/1089188935430037505\/photo\/1\"><\/a><\/p>\n\n\n\n\n\n<p><a href=\"https:\/\/twitter.com\/marciopachecoRJ\"><\/a><\/p>\n\n\n\n<p><a href=\"https:\/\/twitter.com\/marciopachecoRJ\"><\/a><\/p>\n\n\n\n<p><strong><a href=\"https:\/\/twitter.com\/marciopachecoRJ\">M\u00e1rcio\nPacheco@marciopachecoRJ<\/a><\/strong><\/p>\n\n\n\n<p><a href=\"https:\/\/twitter.com\/marciopachecoRJ\/status\/1089188935430037505\"><\/a><\/p>\n\n\n\n<p>\u00c9\ncom pesar que recebi a not\u00edcia da morte do meu colega na <a href=\"https:\/\/twitter.com\/hashtag\/Alerj?src=hash\">#Alerj<\/a>, o deputado <a href=\"https:\/\/twitter.com\/hashtag\/WagnerMontes?src=hash\">#WagnerMontes<\/a>.\nComunicador carism\u00e1tico, defensor das pessoas com defici\u00eancia e do povo do Rio,\nWagner sempre foi muito cordial e ativo. Minhas condol\u00eancias aos familiares.<br>\n<br>\nFoto: Alerj<a href=\"https:\/\/twitter.com\/hashtag\/marciopachecorj?src=hash\">#marciopachecorj<\/a><\/p>\n\n\n\n<p><a href=\"https:\/\/support.twitter.com\/articles\/20175256\">Twitter Ads info and privacy<\/a><\/p>\n\n\n\n<p><strong>Biografia<\/strong><\/p>\n\n\n\n<p>Criado no munic\u00edpio de Duque de\nCaxias, na Baixada Fluminense, o pol\u00edtico teve uma inf\u00e2ncia pobre. Na juventude\ntrabalhou como gar\u00e7om, vendedor de camisas e a\u00e7ougueiro.<\/p>\n\n\n\n<p>Em 1974, estreou na R\u00e1dio Tupi,\npassando em 79 para a TV, onde apresentou os programas \u201cAqui e Agora\u201d na\nextinta TV Tupi e \u201cO Povo na TV\u201d na TVS, hoje SBT. O apresentador comandou\ndiversos programas ligados \u00e0 m\u00fasica e \u00e0s causas populares. Ao todo foram 17\nanos trabalhando na emissora de Silvio Santos, per\u00edodo em que conheceu a atriz\nS\u00f4nia Lima &#8211; no Show de Calouros.<\/p>\n\n\n\n<p>Em 1981, Wagner sofreu um grave\nacidente a bordo de um triciclo, na Zona Sul do Rio.<\/p>\n\n\n\n<p>Em sua carreira como artista de\ntelevis\u00e3o, Wagner teve destaque apresentando o programa \u201cBalan\u00e7o Geral\u201d, da TV\nRecord. Seu bord\u00e3o \u201cescraaacha\u201d era repetido por crian\u00e7as, jovens e adultos e\ntornou-se uma marca.<\/p>\n\n\n\n<p>Wagner Montes elegeu-se deputado\nestadual no ano de 2006, com a expressiva vota\u00e7\u00e3o de 111.802 votos. Em 2010,\ncom 528.628 votos, destacou-se como o deputado estadual mais votado da hist\u00f3ria\npol\u00edtica do Estado do Rio de Janeiro. Seu mandato teve forte atua\u00e7\u00e3o nas \u00e1reas\nde seguran\u00e7a p\u00fablica, sa\u00fade e educa\u00e7\u00e3o.<\/p>\n\n\n\n<p>O parlamentar ocupou por quatro anos\no cargo de 1\u00ba Secretario da Mesa Diretora da Alerj. Na elei\u00e7\u00e3o de 2014, foi\nreeleito, com 208.814 votos e foi o segundo deputado estadual mais votado\nnaquela elei\u00e7\u00e3o.<\/p>\n\n\n\n\n\n<p>Wagner Montes\n(PDT), candidato a deputado estadual mais votado no estado do Rio comemora em\nsua casa na Barra da Tijuca \u2014 Foto: Ivo Gonzalez \/ Ag\u00eancia O Globo<\/p>\n","protected":false},"excerpt":{"rendered":"<p>O parlamentar estava internado h\u00e1 dois meses para tratamento de uma infec\u00e7\u00e3o urin\u00e1ria. Por Raoni Alves, G1-RJ Morreu na manh\u00e3 deste s\u00e1bado (26), por volta das 11h30, o deputado federal eleito Wagner Montes (PRB). O parlamentar e apresentador de TV tinha 64 anos e estava internado h\u00e1 dois meses no Hospital Barra D&#8217;Or para o tratamento de uma infec\u00e7\u00e3o urin\u00e1ria. A causa da morte foi choque s\u00e9ptico e sepse abdominal. Em novembro de 2018, o deputado j\u00e1 tinha sofrido um infarto. O vel\u00f3rio ser\u00e1 aberto ao p\u00fablico e acontecer\u00e1 neste s\u00e1bado (26), no sagu\u00e3o do Pal\u00e1cio Tiradentes, na Assembleia Legislativa do Estado do Rio de Janeiro (Alerj), das 18h \u00e0s 22h. A cerim\u00f4nia continuar\u00e1 no domingo, entre \u00e0s 8h e&hellip; <\/p>\n","protected":false},"author":1,"featured_media":219633,"comment_status":"closed","ping_status":"closed","sticky":false,"template":"","format":"standard","meta":{"_acf_changed":false,"footnotes":""},"categories":[1],"tags":[],"class_list":["post-219632","post","type-post","status-publish","format-standard","has-post-thumbnail","hentry","category-politica"],"acf":[],"yoast_head":"<!-- This site is optimized with the Yoast SEO plugin v27.4 - https:\/\/yoast.com\/product\/yoast-seo-wordpress\/ -->\n<title>Wagner Montes, apresentador e deputado federal eleito, morre aos 64 anos no Rio - Blog do Farn\u00e9sio<\/title>\n<meta name=\"robots\" content=\"index, follow, max-snippet:-1, max-image-preview:large, max-video-preview:-1\" \/>\n<link rel=\"canonical\" href=\"https:\/\/blogdofarnesio.com.br\/?p=219632\" \/>\n<meta property=\"og:locale\" content=\"pt_BR\" \/>\n<meta property=\"og:type\" content=\"article\" \/>\n<meta property=\"og:title\" content=\"Wagner Montes, apresentador e deputado federal eleito, morre aos 64 anos no Rio - Blog do Farn\u00e9sio\" \/>\n<meta property=\"og:description\" content=\"O parlamentar estava internado h\u00e1 dois meses para tratamento de uma infec\u00e7\u00e3o urin\u00e1ria. Por Raoni Alves, G1-RJ Morreu na manh\u00e3 deste s\u00e1bado (26), por volta das 11h30, o deputado federal eleito Wagner Montes (PRB). O parlamentar e apresentador de TV tinha 64 anos e estava internado h\u00e1 dois meses no Hospital Barra D&#8217;Or para o tratamento de uma infec\u00e7\u00e3o urin\u00e1ria. A causa da morte foi choque s\u00e9ptico e sepse abdominal. Em novembro de 2018, o deputado j\u00e1 tinha sofrido um infarto. O vel\u00f3rio ser\u00e1 aberto ao p\u00fablico e acontecer\u00e1 neste s\u00e1bado (26), no sagu\u00e3o do Pal\u00e1cio Tiradentes, na Assembleia Legislativa do Estado do Rio de Janeiro (Alerj), das 18h \u00e0s 22h. A cerim\u00f4nia continuar\u00e1 no domingo, entre \u00e0s 8h e&hellip;\" \/>\n<meta property=\"og:url\" content=\"https:\/\/blogdofarnesio.com.br\/?p=219632\" \/>\n<meta property=\"og:site_name\" content=\"Blog do Farn\u00e9sio\" \/>\n<meta property=\"article:publisher\" content=\"https:\/\/www.facebook.com\/BlogQuerSaberPolitica\/\" \/>\n<meta property=\"article:published_time\" content=\"2019-01-26T18:46:17+00:00\" \/>\n<meta property=\"article:modified_time\" content=\"2019-01-26T18:46:29+00:00\" \/>\n<meta property=\"og:image\" content=\"https:\/\/blogdofarnesio.com.br\/wp-content\/uploads\/2019\/01\/blogqspwagner-montes-edt.g1jpg.jpg\" \/>\n\t<meta property=\"og:image:width\" content=\"640\" \/>\n\t<meta property=\"og:image:height\" content=\"404\" \/>\n\t<meta property=\"og:image:type\" content=\"image\/jpeg\" \/>\n<meta name=\"author\" content=\"Farn\u00e9sio\" \/>\n<meta name=\"twitter:card\" content=\"summary_large_image\" \/>\n<meta name=\"twitter:label1\" content=\"Escrito por\" \/>\n\t<meta name=\"twitter:data1\" content=\"Farn\u00e9sio\" \/>\n\t<meta name=\"twitter:label2\" content=\"Est. tempo de leitura\" \/>\n\t<meta name=\"twitter:data2\" content=\"4 minutos\" \/>\n<script type=\"application\/ld+json\" class=\"yoast-schema-graph\">{\"@context\":\"https:\\\/\\\/schema.org\",\"@graph\":[{\"@type\":\"Article\",\"@id\":\"https:\\\/\\\/blogdofarnesio.com.br\\\/?p=219632#article\",\"isPartOf\":{\"@id\":\"https:\\\/\\\/blogdofarnesio.com.br\\\/?p=219632\"},\"author\":{\"name\":\"Farn\u00e9sio\",\"@id\":\"https:\\\/\\\/blogdofarnesio.com.br\\\/#\\\/schema\\\/person\\\/301c4acf522bccbfdb45af95b5b906a1\"},\"headline\":\"Wagner Montes, apresentador e deputado federal eleito, morre aos 64 anos no Rio\",\"datePublished\":\"2019-01-26T18:46:17+00:00\",\"dateModified\":\"2019-01-26T18:46:29+00:00\",\"mainEntityOfPage\":{\"@id\":\"https:\\\/\\\/blogdofarnesio.com.br\\\/?p=219632\"},\"wordCount\":831,\"publisher\":{\"@id\":\"https:\\\/\\\/blogdofarnesio.com.br\\\/#organization\"},\"image\":{\"@id\":\"https:\\\/\\\/blogdofarnesio.com.br\\\/?p=219632#primaryimage\"},\"thumbnailUrl\":\"https:\\\/\\\/blogdofarnesio.com.br\\\/wp-content\\\/uploads\\\/2019\\\/01\\\/blogqspwagner-montes-edt.g1jpg.jpg\",\"articleSection\":[\"Pol\u00edtica\"],\"inLanguage\":\"pt-BR\"},{\"@type\":\"WebPage\",\"@id\":\"https:\\\/\\\/blogdofarnesio.com.br\\\/?p=219632\",\"url\":\"https:\\\/\\\/blogdofarnesio.com.br\\\/?p=219632\",\"name\":\"Wagner Montes, apresentador e deputado federal eleito, morre aos 64 anos no Rio - Blog do Farn\u00e9sio\",\"isPartOf\":{\"@id\":\"https:\\\/\\\/blogdofarnesio.com.br\\\/#website\"},\"primaryImageOfPage\":{\"@id\":\"https:\\\/\\\/blogdofarnesio.com.br\\\/?p=219632#primaryimage\"},\"image\":{\"@id\":\"https:\\\/\\\/blogdofarnesio.com.br\\\/?p=219632#primaryimage\"},\"thumbnailUrl\":\"https:\\\/\\\/blogdofarnesio.com.br\\\/wp-content\\\/uploads\\\/2019\\\/01\\\/blogqspwagner-montes-edt.g1jpg.jpg\",\"datePublished\":\"2019-01-26T18:46:17+00:00\",\"dateModified\":\"2019-01-26T18:46:29+00:00\",\"breadcrumb\":{\"@id\":\"https:\\\/\\\/blogdofarnesio.com.br\\\/?p=219632#breadcrumb\"},\"inLanguage\":\"pt-BR\",\"potentialAction\":[{\"@type\":\"ReadAction\",\"target\":[\"https:\\\/\\\/blogdofarnesio.com.br\\\/?p=219632\"]}]},{\"@type\":\"ImageObject\",\"inLanguage\":\"pt-BR\",\"@id\":\"https:\\\/\\\/blogdofarnesio.com.br\\\/?p=219632#primaryimage\",\"url\":\"https:\\\/\\\/blogdofarnesio.com.br\\\/wp-content\\\/uploads\\\/2019\\\/01\\\/blogqspwagner-montes-edt.g1jpg.jpg\",\"contentUrl\":\"https:\\\/\\\/blogdofarnesio.com.br\\\/wp-content\\\/uploads\\\/2019\\\/01\\\/blogqspwagner-montes-edt.g1jpg.jpg\",\"width\":640,\"height\":404},{\"@type\":\"BreadcrumbList\",\"@id\":\"https:\\\/\\\/blogdofarnesio.com.br\\\/?p=219632#breadcrumb\",\"itemListElement\":[{\"@type\":\"ListItem\",\"position\":1,\"name\":\"In\u00edcio\",\"item\":\"https:\\\/\\\/blogdofarnesio.com.br\\\/\"},{\"@type\":\"ListItem\",\"position\":2,\"name\":\"Wagner Montes, apresentador e deputado federal eleito, morre aos 64 anos no Rio\"}]},{\"@type\":\"WebSite\",\"@id\":\"https:\\\/\\\/blogdofarnesio.com.br\\\/#website\",\"url\":\"https:\\\/\\\/blogdofarnesio.com.br\\\/\",\"name\":\"Blog do Farn\u00e9sio\",\"description\":\"Quer Saber Pol\u00edtica?\",\"publisher\":{\"@id\":\"https:\\\/\\\/blogdofarnesio.com.br\\\/#organization\"},\"potentialAction\":[{\"@type\":\"SearchAction\",\"target\":{\"@type\":\"EntryPoint\",\"urlTemplate\":\"https:\\\/\\\/blogdofarnesio.com.br\\\/?s={search_term_string}\"},\"query-input\":{\"@type\":\"PropertyValueSpecification\",\"valueRequired\":true,\"valueName\":\"search_term_string\"}}],\"inLanguage\":\"pt-BR\"},{\"@type\":\"Organization\",\"@id\":\"https:\\\/\\\/blogdofarnesio.com.br\\\/#organization\",\"name\":\"Blog do Farn\u00e9sio\",\"url\":\"https:\\\/\\\/blogdofarnesio.com.br\\\/\",\"logo\":{\"@type\":\"ImageObject\",\"inLanguage\":\"pt-BR\",\"@id\":\"https:\\\/\\\/blogdofarnesio.com.br\\\/#\\\/schema\\\/logo\\\/image\\\/\",\"url\":\"https:\\\/\\\/blogdofarnesio.com.br\\\/wp-content\\\/uploads\\\/2026\\\/03\\\/cropped-logo_new-1.png\",\"contentUrl\":\"https:\\\/\\\/blogdofarnesio.com.br\\\/wp-content\\\/uploads\\\/2026\\\/03\\\/cropped-logo_new-1.png\",\"width\":881,\"height\":685,\"caption\":\"Blog do Farn\u00e9sio\"},\"image\":{\"@id\":\"https:\\\/\\\/blogdofarnesio.com.br\\\/#\\\/schema\\\/logo\\\/image\\\/\"},\"sameAs\":[\"https:\\\/\\\/www.facebook.com\\\/BlogQuerSaberPolitica\\\/\"]},{\"@type\":\"Person\",\"@id\":\"https:\\\/\\\/blogdofarnesio.com.br\\\/#\\\/schema\\\/person\\\/301c4acf522bccbfdb45af95b5b906a1\",\"name\":\"Farn\u00e9sio\",\"image\":{\"@type\":\"ImageObject\",\"inLanguage\":\"pt-BR\",\"@id\":\"https:\\\/\\\/secure.gravatar.com\\\/avatar\\\/df0c9a14567c056f8ad6876ba5bbd1e3e2c48023eb6807342fc4663adf549f38?s=96&d=mm&r=g\",\"url\":\"https:\\\/\\\/secure.gravatar.com\\\/avatar\\\/df0c9a14567c056f8ad6876ba5bbd1e3e2c48023eb6807342fc4663adf549f38?s=96&d=mm&r=g\",\"contentUrl\":\"https:\\\/\\\/secure.gravatar.com\\\/avatar\\\/df0c9a14567c056f8ad6876ba5bbd1e3e2c48023eb6807342fc4663adf549f38?s=96&d=mm&r=g\",\"caption\":\"Farn\u00e9sio\"},\"sameAs\":[\"https:\\\/\\\/quersaberpolitica.com.br\"],\"url\":\"https:\\\/\\\/blogdofarnesio.com.br\\\/?author=1\"}]}<\/script>\n<!-- \/ Yoast SEO plugin. -->","yoast_head_json":{"title":"Wagner Montes, apresentador e deputado federal eleito, morre aos 64 anos no Rio - Blog do Farn\u00e9sio","robots":{"index":"index","follow":"follow","max-snippet":"max-snippet:-1","max-image-preview":"max-image-preview:large","max-video-preview":"max-video-preview:-1"},"canonical":"https:\/\/blogdofarnesio.com.br\/?p=219632","og_locale":"pt_BR","og_type":"article","og_title":"Wagner Montes, apresentador e deputado federal eleito, morre aos 64 anos no Rio - Blog do Farn\u00e9sio","og_description":"O parlamentar estava internado h\u00e1 dois meses para tratamento de uma infec\u00e7\u00e3o urin\u00e1ria. Por Raoni Alves, G1-RJ Morreu na manh\u00e3 deste s\u00e1bado (26), por volta das 11h30, o deputado federal eleito Wagner Montes (PRB). O parlamentar e apresentador de TV tinha 64 anos e estava internado h\u00e1 dois meses no Hospital Barra D&#8217;Or para o tratamento de uma infec\u00e7\u00e3o urin\u00e1ria. A causa da morte foi choque s\u00e9ptico e sepse abdominal. Em novembro de 2018, o deputado j\u00e1 tinha sofrido um infarto. O vel\u00f3rio ser\u00e1 aberto ao p\u00fablico e acontecer\u00e1 neste s\u00e1bado (26), no sagu\u00e3o do Pal\u00e1cio Tiradentes, na Assembleia Legislativa do Estado do Rio de Janeiro (Alerj), das 18h \u00e0s 22h. A cerim\u00f4nia continuar\u00e1 no domingo, entre \u00e0s 8h e&hellip;","og_url":"https:\/\/blogdofarnesio.com.br\/?p=219632","og_site_name":"Blog do Farn\u00e9sio","article_publisher":"https:\/\/www.facebook.com\/BlogQuerSaberPolitica\/","article_published_time":"2019-01-26T18:46:17+00:00","article_modified_time":"2019-01-26T18:46:29+00:00","og_image":[{"width":640,"height":404,"url":"https:\/\/blogdofarnesio.com.br\/wp-content\/uploads\/2019\/01\/blogqspwagner-montes-edt.g1jpg.jpg","type":"image\/jpeg"}],"author":"Farn\u00e9sio","twitter_card":"summary_large_image","twitter_misc":{"Escrito por":"Farn\u00e9sio","Est. tempo de leitura":"4 minutos"},"schema":{"@context":"https:\/\/schema.org","@graph":[{"@type":"Article","@id":"https:\/\/blogdofarnesio.com.br\/?p=219632#article","isPartOf":{"@id":"https:\/\/blogdofarnesio.com.br\/?p=219632"},"author":{"name":"Farn\u00e9sio","@id":"https:\/\/blogdofarnesio.com.br\/#\/schema\/person\/301c4acf522bccbfdb45af95b5b906a1"},"headline":"Wagner Montes, apresentador e deputado federal eleito, morre aos 64 anos no Rio","datePublished":"2019-01-26T18:46:17+00:00","dateModified":"2019-01-26T18:46:29+00:00","mainEntityOfPage":{"@id":"https:\/\/blogdofarnesio.com.br\/?p=219632"},"wordCount":831,"publisher":{"@id":"https:\/\/blogdofarnesio.com.br\/#organization"},"image":{"@id":"https:\/\/blogdofarnesio.com.br\/?p=219632#primaryimage"},"thumbnailUrl":"https:\/\/blogdofarnesio.com.br\/wp-content\/uploads\/2019\/01\/blogqspwagner-montes-edt.g1jpg.jpg","articleSection":["Pol\u00edtica"],"inLanguage":"pt-BR"},{"@type":"WebPage","@id":"https:\/\/blogdofarnesio.com.br\/?p=219632","url":"https:\/\/blogdofarnesio.com.br\/?p=219632","name":"Wagner Montes, apresentador e deputado federal eleito, morre aos 64 anos no Rio - Blog do Farn\u00e9sio","isPartOf":{"@id":"https:\/\/blogdofarnesio.com.br\/#website"},"primaryImageOfPage":{"@id":"https:\/\/blogdofarnesio.com.br\/?p=219632#primaryimage"},"image":{"@id":"https:\/\/blogdofarnesio.com.br\/?p=219632#primaryimage"},"thumbnailUrl":"https:\/\/blogdofarnesio.com.br\/wp-content\/uploads\/2019\/01\/blogqspwagner-montes-edt.g1jpg.jpg","datePublished":"2019-01-26T18:46:17+00:00","dateModified":"2019-01-26T18:46:29+00:00","breadcrumb":{"@id":"https:\/\/blogdofarnesio.com.br\/?p=219632#breadcrumb"},"inLanguage":"pt-BR","potentialAction":[{"@type":"ReadAction","target":["https:\/\/blogdofarnesio.com.br\/?p=219632"]}]},{"@type":"ImageObject","inLanguage":"pt-BR","@id":"https:\/\/blogdofarnesio.com.br\/?p=219632#primaryimage","url":"https:\/\/blogdofarnesio.com.br\/wp-content\/uploads\/2019\/01\/blogqspwagner-montes-edt.g1jpg.jpg","contentUrl":"https:\/\/blogdofarnesio.com.br\/wp-content\/uploads\/2019\/01\/blogqspwagner-montes-edt.g1jpg.jpg","width":640,"height":404},{"@type":"BreadcrumbList","@id":"https:\/\/blogdofarnesio.com.br\/?p=219632#breadcrumb","itemListElement":[{"@type":"ListItem","position":1,"name":"In\u00edcio","item":"https:\/\/blogdofarnesio.com.br\/"},{"@type":"ListItem","position":2,"name":"Wagner Montes, apresentador e deputado federal eleito, morre aos 64 anos no Rio"}]},{"@type":"WebSite","@id":"https:\/\/blogdofarnesio.com.br\/#website","url":"https:\/\/blogdofarnesio.com.br\/","name":"Blog do Farn\u00e9sio","description":"Quer Saber Pol\u00edtica?","publisher":{"@id":"https:\/\/blogdofarnesio.com.br\/#organization"},"potentialAction":[{"@type":"SearchAction","target":{"@type":"EntryPoint","urlTemplate":"https:\/\/blogdofarnesio.com.br\/?s={search_term_string}"},"query-input":{"@type":"PropertyValueSpecification","valueRequired":true,"valueName":"search_term_string"}}],"inLanguage":"pt-BR"},{"@type":"Organization","@id":"https:\/\/blogdofarnesio.com.br\/#organization","name":"Blog do Farn\u00e9sio","url":"https:\/\/blogdofarnesio.com.br\/","logo":{"@type":"ImageObject","inLanguage":"pt-BR","@id":"https:\/\/blogdofarnesio.com.br\/#\/schema\/logo\/image\/","url":"https:\/\/blogdofarnesio.com.br\/wp-content\/uploads\/2026\/03\/cropped-logo_new-1.png","contentUrl":"https:\/\/blogdofarnesio.com.br\/wp-content\/uploads\/2026\/03\/cropped-logo_new-1.png","width":881,"height":685,"caption":"Blog do Farn\u00e9sio"},"image":{"@id":"https:\/\/blogdofarnesio.com.br\/#\/schema\/logo\/image\/"},"sameAs":["https:\/\/www.facebook.com\/BlogQuerSaberPolitica\/"]},{"@type":"Person","@id":"https:\/\/blogdofarnesio.com.br\/#\/schema\/person\/301c4acf522bccbfdb45af95b5b906a1","name":"Farn\u00e9sio","image":{"@type":"ImageObject","inLanguage":"pt-BR","@id":"https:\/\/secure.gravatar.com\/avatar\/df0c9a14567c056f8ad6876ba5bbd1e3e2c48023eb6807342fc4663adf549f38?s=96&d=mm&r=g","url":"https:\/\/secure.gravatar.com\/avatar\/df0c9a14567c056f8ad6876ba5bbd1e3e2c48023eb6807342fc4663adf549f38?s=96&d=mm&r=g","contentUrl":"https:\/\/secure.gravatar.com\/avatar\/df0c9a14567c056f8ad6876ba5bbd1e3e2c48023eb6807342fc4663adf549f38?s=96&d=mm&r=g","caption":"Farn\u00e9sio"},"sameAs":["https:\/\/quersaberpolitica.com.br"],"url":"https:\/\/blogdofarnesio.com.br\/?author=1"}]}},"_links":{"self":[{"href":"https:\/\/blogdofarnesio.com.br\/index.php?rest_route=\/wp\/v2\/posts\/219632","targetHints":{"allow":["GET"]}}],"collection":[{"href":"https:\/\/blogdofarnesio.com.br\/index.php?rest_route=\/wp\/v2\/posts"}],"about":[{"href":"https:\/\/blogdofarnesio.com.br\/index.php?rest_route=\/wp\/v2\/types\/post"}],"author":[{"embeddable":true,"href":"https:\/\/blogdofarnesio.com.br\/index.php?rest_route=\/wp\/v2\/users\/1"}],"replies":[{"embeddable":true,"href":"https:\/\/blogdofarnesio.com.br\/index.php?rest_route=%2Fwp%2Fv2%2Fcomments&post=219632"}],"version-history":[{"count":0,"href":"https:\/\/blogdofarnesio.com.br\/index.php?rest_route=\/wp\/v2\/posts\/219632\/revisions"}],"wp:featuredmedia":[{"embeddable":true,"href":"https:\/\/blogdofarnesio.com.br\/index.php?rest_route=\/wp\/v2\/media\/219633"}],"wp:attachment":[{"href":"https:\/\/blogdofarnesio.com.br\/index.php?rest_route=%2Fwp%2Fv2%2Fmedia&parent=219632"}],"wp:term":[{"taxonomy":"category","embeddable":true,"href":"https:\/\/blogdofarnesio.com.br\/index.php?rest_route=%2Fwp%2Fv2%2Fcategories&post=219632"},{"taxonomy":"post_tag","embeddable":true,"href":"https:\/\/blogdofarnesio.com.br\/index.php?rest_route=%2Fwp%2Fv2%2Ftags&post=219632"}],"curies":[{"name":"wp","href":"https:\/\/api.w.org\/{rel}","templated":true}]}}