{"id":21951,"date":"2013-01-02T08:00:28","date_gmt":"2013-01-02T11:00:28","guid":{"rendered":"http:\/\/www.quersaberpolitica.com.br\/?p=21951"},"modified":"2013-01-01T22:04:51","modified_gmt":"2013-01-02T01:04:51","slug":"lossio-ganha-mais-uma-de-fbc-e-emplaca-presidente-da-camara","status":"publish","type":"post","link":"https:\/\/blogdofarnesio.com.br\/?p=21951","title":{"rendered":"Lossio ganha mais uma de FBC e emplaca presidente da C\u00e2mara"},"content":{"rendered":"<p style=\"text-align: justify\"><a href=\"http:\/\/www.quersaberpolitica.com.br\/2016\/wp-content\/uploads\/2013\/01\/blogqsposorio-foto-Farnesio-Silva.jpg\"><img loading=\"lazy\" decoding=\"async\" class=\"alignleft size-medium wp-image-21952\" src=\"http:\/\/www.quersaberpolitica.com.br\/2016\/wp-content\/uploads\/2013\/01\/blogqsposorio-foto-Farnesio-Silva-300x224.jpg\" alt=\"\" width=\"300\" height=\"224\" \/><\/a>O vereador Os\u00f3rio Siqueira, volta a comandar a casa Pl\u00ednio Amorim, c\u00e2mara de vereadores de Petrolina, por conta de uma grande articula\u00e7\u00e3o da base de apoio ao prefeito Julio Lossio, que se empenhou pessoalmente nas articula\u00e7\u00f5es.<\/p>\n<p style=\"text-align: justify\">Os\u00f3rio Siqueira em sua primeira passagem na presid\u00eancia da C\u00e2mara deixou um legado n\u00e3o muito positivo. \u00a0Ali\u00e1s, o fato foi relembrado pela vereadora Maria Elena \u00a0 em seu discurso\u00a0<span style=\"color: #333333;font-style: normal;line-height: 24px\">de presta\u00e7\u00e3o de contas.<\/span><\/p>\n<p style=\"text-align: justify\"><span style=\"color: #333333;font-style: normal;line-height: 24px\">\u00a0Maria Elena disse que &#8220;Os\u00f3rio deixou de pagar ao INSS; recebi a casa com d\u00e9bito de R$ 550 mil&#8221;. <\/span><\/p>\n<p style=\"text-align: justify\"><span style=\"color: #333333;font-style: normal;line-height: 24px\">E prosseguiu &#8220;para ele administrar s\u00f3 receber\u00e1 de divida da rescis\u00e3o de R$ 60 mil, que o senhor que me impediu de agir com democracia vai encontra sanadas. N\u00e3o encontrar\u00e1 como eu encontrei em fevereiro as contas de telefone com R$ 29 mil reais. Acho que agora o senhor vem mais experiente e ter\u00e1 cuidado para que o pr\u00f3ximo presidente a assumir n\u00e3o tenham essa dificuldade\u201d<\/span><\/p>\n<p style=\"text-align: justify\">A Chapa 1 de Os\u00f3rio Siqueira, obteve 11 votos, contra 08 de Zenildo do Alto do Cocar.<\/p>\n","protected":false},"excerpt":{"rendered":"<p>O vereador Os\u00f3rio Siqueira, volta a comandar a casa Pl\u00ednio Amorim, c\u00e2mara de vereadores de Petrolina, por conta de uma grande articula\u00e7\u00e3o da base de apoio ao prefeito Julio Lossio, que se empenhou pessoalmente nas articula\u00e7\u00f5es. Os\u00f3rio Siqueira em sua primeira passagem na presid\u00eancia da C\u00e2mara deixou um legado n\u00e3o muito positivo. \u00a0Ali\u00e1s, o fato foi relembrado pela vereadora Maria Elena \u00a0 em seu discurso\u00a0de presta\u00e7\u00e3o de contas. \u00a0Maria Elena disse que &#8220;Os\u00f3rio deixou de pagar ao INSS; recebi a casa com d\u00e9bito de R$ 550 mil&#8221;. E prosseguiu &#8220;para ele administrar s\u00f3 receber\u00e1 de divida da rescis\u00e3o de R$ 60 mil, que o senhor que me impediu de agir com democracia vai encontra sanadas. N\u00e3o encontrar\u00e1 como eu encontrei&hellip; <\/p>\n","protected":false},"author":3,"featured_media":0,"comment_status":"open","ping_status":"open","sticky":false,"template":"","format":"standard","meta":{"_acf_changed":false,"footnotes":""},"categories":[1],"tags":[],"class_list":["post-21951","post","type-post","status-publish","format-standard","hentry","category-politica"],"acf":[],"yoast_head":"<!-- This site is optimized with the Yoast SEO plugin v27.4 - https:\/\/yoast.com\/product\/yoast-seo-wordpress\/ -->\n<title>Lossio ganha mais uma de FBC e emplaca presidente da C\u00e2mara - Blog do Farn\u00e9sio<\/title>\n<meta name=\"robots\" content=\"index, follow, max-snippet:-1, max-image-preview:large, max-video-preview:-1\" \/>\n<link rel=\"canonical\" href=\"https:\/\/blogdofarnesio.com.br\/?p=21951\" \/>\n<meta property=\"og:locale\" content=\"pt_BR\" \/>\n<meta property=\"og:type\" content=\"article\" \/>\n<meta property=\"og:title\" content=\"Lossio ganha mais uma de FBC e emplaca presidente da C\u00e2mara - Blog do Farn\u00e9sio\" \/>\n<meta property=\"og:description\" content=\"O vereador Os\u00f3rio Siqueira, volta a comandar a casa Pl\u00ednio Amorim, c\u00e2mara de vereadores de Petrolina, por conta de uma grande articula\u00e7\u00e3o da base de apoio ao prefeito Julio Lossio, que se empenhou pessoalmente nas articula\u00e7\u00f5es. Os\u00f3rio Siqueira em sua primeira passagem na presid\u00eancia da C\u00e2mara deixou um legado n\u00e3o muito positivo. \u00a0Ali\u00e1s, o fato foi relembrado pela vereadora Maria Elena \u00a0 em seu discurso\u00a0de presta\u00e7\u00e3o de contas. \u00a0Maria Elena disse que &#8220;Os\u00f3rio deixou de pagar ao INSS; recebi a casa com d\u00e9bito de R$ 550 mil&#8221;. E prosseguiu &#8220;para ele administrar s\u00f3 receber\u00e1 de divida da rescis\u00e3o de R$ 60 mil, que o senhor que me impediu de agir com democracia vai encontra sanadas. N\u00e3o encontrar\u00e1 como eu encontrei&hellip;\" \/>\n<meta property=\"og:url\" content=\"https:\/\/blogdofarnesio.com.br\/?p=21951\" \/>\n<meta property=\"og:site_name\" content=\"Blog do Farn\u00e9sio\" \/>\n<meta property=\"article:publisher\" content=\"https:\/\/www.facebook.com\/BlogQuerSaberPolitica\/\" \/>\n<meta property=\"article:published_time\" content=\"2013-01-02T11:00:28+00:00\" \/>\n<meta property=\"og:image\" content=\"http:\/\/www.quersaberpolitica.com.br\/2016\/wp-content\/uploads\/2013\/01\/blogqsposorio-foto-Farnesio-Silva-300x224.jpg\" \/>\n<meta name=\"author\" content=\"teste\" \/>\n<meta name=\"twitter:card\" content=\"summary_large_image\" \/>\n<meta name=\"twitter:label1\" content=\"Escrito por\" \/>\n\t<meta name=\"twitter:data1\" content=\"teste\" \/>\n\t<meta name=\"twitter:label2\" content=\"Est. tempo de leitura\" \/>\n\t<meta name=\"twitter:data2\" content=\"1 minuto\" \/>\n<script type=\"application\/ld+json\" class=\"yoast-schema-graph\">{\"@context\":\"https:\\\/\\\/schema.org\",\"@graph\":[{\"@type\":\"Article\",\"@id\":\"https:\\\/\\\/blogdofarnesio.com.br\\\/?p=21951#article\",\"isPartOf\":{\"@id\":\"https:\\\/\\\/blogdofarnesio.com.br\\\/?p=21951\"},\"author\":{\"name\":\"teste\",\"@id\":\"https:\\\/\\\/blogdofarnesio.com.br\\\/#\\\/schema\\\/person\\\/dd1bf5eba40b687199ba45ca6b97dff9\"},\"headline\":\"Lossio ganha mais uma de FBC e emplaca presidente da C\u00e2mara\",\"datePublished\":\"2013-01-02T11:00:28+00:00\",\"mainEntityOfPage\":{\"@id\":\"https:\\\/\\\/blogdofarnesio.com.br\\\/?p=21951\"},\"wordCount\":194,\"commentCount\":0,\"publisher\":{\"@id\":\"https:\\\/\\\/blogdofarnesio.com.br\\\/#organization\"},\"image\":{\"@id\":\"https:\\\/\\\/blogdofarnesio.com.br\\\/?p=21951#primaryimage\"},\"thumbnailUrl\":\"http:\\\/\\\/www.quersaberpolitica.com.br\\\/2016\\\/wp-content\\\/uploads\\\/2013\\\/01\\\/blogqsposorio-foto-Farnesio-Silva-300x224.jpg\",\"articleSection\":[\"Pol\u00edtica\"],\"inLanguage\":\"pt-BR\",\"potentialAction\":[{\"@type\":\"CommentAction\",\"name\":\"Comment\",\"target\":[\"https:\\\/\\\/blogdofarnesio.com.br\\\/?p=21951#respond\"]}]},{\"@type\":\"WebPage\",\"@id\":\"https:\\\/\\\/blogdofarnesio.com.br\\\/?p=21951\",\"url\":\"https:\\\/\\\/blogdofarnesio.com.br\\\/?p=21951\",\"name\":\"Lossio ganha mais uma de FBC e emplaca presidente da C\u00e2mara - Blog do Farn\u00e9sio\",\"isPartOf\":{\"@id\":\"https:\\\/\\\/blogdofarnesio.com.br\\\/#website\"},\"primaryImageOfPage\":{\"@id\":\"https:\\\/\\\/blogdofarnesio.com.br\\\/?p=21951#primaryimage\"},\"image\":{\"@id\":\"https:\\\/\\\/blogdofarnesio.com.br\\\/?p=21951#primaryimage\"},\"thumbnailUrl\":\"http:\\\/\\\/www.quersaberpolitica.com.br\\\/2016\\\/wp-content\\\/uploads\\\/2013\\\/01\\\/blogqsposorio-foto-Farnesio-Silva-300x224.jpg\",\"datePublished\":\"2013-01-02T11:00:28+00:00\",\"breadcrumb\":{\"@id\":\"https:\\\/\\\/blogdofarnesio.com.br\\\/?p=21951#breadcrumb\"},\"inLanguage\":\"pt-BR\",\"potentialAction\":[{\"@type\":\"ReadAction\",\"target\":[\"https:\\\/\\\/blogdofarnesio.com.br\\\/?p=21951\"]}]},{\"@type\":\"ImageObject\",\"inLanguage\":\"pt-BR\",\"@id\":\"https:\\\/\\\/blogdofarnesio.com.br\\\/?p=21951#primaryimage\",\"url\":\"http:\\\/\\\/www.quersaberpolitica.com.br\\\/2016\\\/wp-content\\\/uploads\\\/2013\\\/01\\\/blogqsposorio-foto-Farnesio-Silva-300x224.jpg\",\"contentUrl\":\"http:\\\/\\\/www.quersaberpolitica.com.br\\\/2016\\\/wp-content\\\/uploads\\\/2013\\\/01\\\/blogqsposorio-foto-Farnesio-Silva-300x224.jpg\"},{\"@type\":\"BreadcrumbList\",\"@id\":\"https:\\\/\\\/blogdofarnesio.com.br\\\/?p=21951#breadcrumb\",\"itemListElement\":[{\"@type\":\"ListItem\",\"position\":1,\"name\":\"In\u00edcio\",\"item\":\"https:\\\/\\\/blogdofarnesio.com.br\\\/\"},{\"@type\":\"ListItem\",\"position\":2,\"name\":\"Lossio ganha mais uma de FBC e emplaca presidente da C\u00e2mara\"}]},{\"@type\":\"WebSite\",\"@id\":\"https:\\\/\\\/blogdofarnesio.com.br\\\/#website\",\"url\":\"https:\\\/\\\/blogdofarnesio.com.br\\\/\",\"name\":\"Blog do Farn\u00e9sio\",\"description\":\"Quer Saber Pol\u00edtica?\",\"publisher\":{\"@id\":\"https:\\\/\\\/blogdofarnesio.com.br\\\/#organization\"},\"potentialAction\":[{\"@type\":\"SearchAction\",\"target\":{\"@type\":\"EntryPoint\",\"urlTemplate\":\"https:\\\/\\\/blogdofarnesio.com.br\\\/?s={search_term_string}\"},\"query-input\":{\"@type\":\"PropertyValueSpecification\",\"valueRequired\":true,\"valueName\":\"search_term_string\"}}],\"inLanguage\":\"pt-BR\"},{\"@type\":\"Organization\",\"@id\":\"https:\\\/\\\/blogdofarnesio.com.br\\\/#organization\",\"name\":\"Blog do Farn\u00e9sio\",\"url\":\"https:\\\/\\\/blogdofarnesio.com.br\\\/\",\"logo\":{\"@type\":\"ImageObject\",\"inLanguage\":\"pt-BR\",\"@id\":\"https:\\\/\\\/blogdofarnesio.com.br\\\/#\\\/schema\\\/logo\\\/image\\\/\",\"url\":\"https:\\\/\\\/blogdofarnesio.com.br\\\/wp-content\\\/uploads\\\/2026\\\/03\\\/cropped-logo_new-1.png\",\"contentUrl\":\"https:\\\/\\\/blogdofarnesio.com.br\\\/wp-content\\\/uploads\\\/2026\\\/03\\\/cropped-logo_new-1.png\",\"width\":881,\"height\":685,\"caption\":\"Blog do Farn\u00e9sio\"},\"image\":{\"@id\":\"https:\\\/\\\/blogdofarnesio.com.br\\\/#\\\/schema\\\/logo\\\/image\\\/\"},\"sameAs\":[\"https:\\\/\\\/www.facebook.com\\\/BlogQuerSaberPolitica\\\/\"]},{\"@type\":\"Person\",\"@id\":\"https:\\\/\\\/blogdofarnesio.com.br\\\/#\\\/schema\\\/person\\\/dd1bf5eba40b687199ba45ca6b97dff9\",\"name\":\"teste\",\"image\":{\"@type\":\"ImageObject\",\"inLanguage\":\"pt-BR\",\"@id\":\"https:\\\/\\\/secure.gravatar.com\\\/avatar\\\/2172498d4914b51e1d89a0f97957b035ac4938723a5cac208135d389b6972a6d?s=96&d=mm&r=g\",\"url\":\"https:\\\/\\\/secure.gravatar.com\\\/avatar\\\/2172498d4914b51e1d89a0f97957b035ac4938723a5cac208135d389b6972a6d?s=96&d=mm&r=g\",\"contentUrl\":\"https:\\\/\\\/secure.gravatar.com\\\/avatar\\\/2172498d4914b51e1d89a0f97957b035ac4938723a5cac208135d389b6972a6d?s=96&d=mm&r=g\",\"caption\":\"teste\"},\"url\":\"https:\\\/\\\/blogdofarnesio.com.br\\\/?author=3\"}]}<\/script>\n<!-- \/ Yoast SEO plugin. -->","yoast_head_json":{"title":"Lossio ganha mais uma de FBC e emplaca presidente da C\u00e2mara - Blog do Farn\u00e9sio","robots":{"index":"index","follow":"follow","max-snippet":"max-snippet:-1","max-image-preview":"max-image-preview:large","max-video-preview":"max-video-preview:-1"},"canonical":"https:\/\/blogdofarnesio.com.br\/?p=21951","og_locale":"pt_BR","og_type":"article","og_title":"Lossio ganha mais uma de FBC e emplaca presidente da C\u00e2mara - Blog do Farn\u00e9sio","og_description":"O vereador Os\u00f3rio Siqueira, volta a comandar a casa Pl\u00ednio Amorim, c\u00e2mara de vereadores de Petrolina, por conta de uma grande articula\u00e7\u00e3o da base de apoio ao prefeito Julio Lossio, que se empenhou pessoalmente nas articula\u00e7\u00f5es. Os\u00f3rio Siqueira em sua primeira passagem na presid\u00eancia da C\u00e2mara deixou um legado n\u00e3o muito positivo. \u00a0Ali\u00e1s, o fato foi relembrado pela vereadora Maria Elena \u00a0 em seu discurso\u00a0de presta\u00e7\u00e3o de contas. \u00a0Maria Elena disse que &#8220;Os\u00f3rio deixou de pagar ao INSS; recebi a casa com d\u00e9bito de R$ 550 mil&#8221;. E prosseguiu &#8220;para ele administrar s\u00f3 receber\u00e1 de divida da rescis\u00e3o de R$ 60 mil, que o senhor que me impediu de agir com democracia vai encontra sanadas. N\u00e3o encontrar\u00e1 como eu encontrei&hellip;","og_url":"https:\/\/blogdofarnesio.com.br\/?p=21951","og_site_name":"Blog do Farn\u00e9sio","article_publisher":"https:\/\/www.facebook.com\/BlogQuerSaberPolitica\/","article_published_time":"2013-01-02T11:00:28+00:00","og_image":[{"url":"http:\/\/www.quersaberpolitica.com.br\/2016\/wp-content\/uploads\/2013\/01\/blogqsposorio-foto-Farnesio-Silva-300x224.jpg","type":"","width":"","height":""}],"author":"teste","twitter_card":"summary_large_image","twitter_misc":{"Escrito por":"teste","Est. tempo de leitura":"1 minuto"},"schema":{"@context":"https:\/\/schema.org","@graph":[{"@type":"Article","@id":"https:\/\/blogdofarnesio.com.br\/?p=21951#article","isPartOf":{"@id":"https:\/\/blogdofarnesio.com.br\/?p=21951"},"author":{"name":"teste","@id":"https:\/\/blogdofarnesio.com.br\/#\/schema\/person\/dd1bf5eba40b687199ba45ca6b97dff9"},"headline":"Lossio ganha mais uma de FBC e emplaca presidente da C\u00e2mara","datePublished":"2013-01-02T11:00:28+00:00","mainEntityOfPage":{"@id":"https:\/\/blogdofarnesio.com.br\/?p=21951"},"wordCount":194,"commentCount":0,"publisher":{"@id":"https:\/\/blogdofarnesio.com.br\/#organization"},"image":{"@id":"https:\/\/blogdofarnesio.com.br\/?p=21951#primaryimage"},"thumbnailUrl":"http:\/\/www.quersaberpolitica.com.br\/2016\/wp-content\/uploads\/2013\/01\/blogqsposorio-foto-Farnesio-Silva-300x224.jpg","articleSection":["Pol\u00edtica"],"inLanguage":"pt-BR","potentialAction":[{"@type":"CommentAction","name":"Comment","target":["https:\/\/blogdofarnesio.com.br\/?p=21951#respond"]}]},{"@type":"WebPage","@id":"https:\/\/blogdofarnesio.com.br\/?p=21951","url":"https:\/\/blogdofarnesio.com.br\/?p=21951","name":"Lossio ganha mais uma de FBC e emplaca presidente da C\u00e2mara - Blog do Farn\u00e9sio","isPartOf":{"@id":"https:\/\/blogdofarnesio.com.br\/#website"},"primaryImageOfPage":{"@id":"https:\/\/blogdofarnesio.com.br\/?p=21951#primaryimage"},"image":{"@id":"https:\/\/blogdofarnesio.com.br\/?p=21951#primaryimage"},"thumbnailUrl":"http:\/\/www.quersaberpolitica.com.br\/2016\/wp-content\/uploads\/2013\/01\/blogqsposorio-foto-Farnesio-Silva-300x224.jpg","datePublished":"2013-01-02T11:00:28+00:00","breadcrumb":{"@id":"https:\/\/blogdofarnesio.com.br\/?p=21951#breadcrumb"},"inLanguage":"pt-BR","potentialAction":[{"@type":"ReadAction","target":["https:\/\/blogdofarnesio.com.br\/?p=21951"]}]},{"@type":"ImageObject","inLanguage":"pt-BR","@id":"https:\/\/blogdofarnesio.com.br\/?p=21951#primaryimage","url":"http:\/\/www.quersaberpolitica.com.br\/2016\/wp-content\/uploads\/2013\/01\/blogqsposorio-foto-Farnesio-Silva-300x224.jpg","contentUrl":"http:\/\/www.quersaberpolitica.com.br\/2016\/wp-content\/uploads\/2013\/01\/blogqsposorio-foto-Farnesio-Silva-300x224.jpg"},{"@type":"BreadcrumbList","@id":"https:\/\/blogdofarnesio.com.br\/?p=21951#breadcrumb","itemListElement":[{"@type":"ListItem","position":1,"name":"In\u00edcio","item":"https:\/\/blogdofarnesio.com.br\/"},{"@type":"ListItem","position":2,"name":"Lossio ganha mais uma de FBC e emplaca presidente da C\u00e2mara"}]},{"@type":"WebSite","@id":"https:\/\/blogdofarnesio.com.br\/#website","url":"https:\/\/blogdofarnesio.com.br\/","name":"Blog do Farn\u00e9sio","description":"Quer Saber Pol\u00edtica?","publisher":{"@id":"https:\/\/blogdofarnesio.com.br\/#organization"},"potentialAction":[{"@type":"SearchAction","target":{"@type":"EntryPoint","urlTemplate":"https:\/\/blogdofarnesio.com.br\/?s={search_term_string}"},"query-input":{"@type":"PropertyValueSpecification","valueRequired":true,"valueName":"search_term_string"}}],"inLanguage":"pt-BR"},{"@type":"Organization","@id":"https:\/\/blogdofarnesio.com.br\/#organization","name":"Blog do Farn\u00e9sio","url":"https:\/\/blogdofarnesio.com.br\/","logo":{"@type":"ImageObject","inLanguage":"pt-BR","@id":"https:\/\/blogdofarnesio.com.br\/#\/schema\/logo\/image\/","url":"https:\/\/blogdofarnesio.com.br\/wp-content\/uploads\/2026\/03\/cropped-logo_new-1.png","contentUrl":"https:\/\/blogdofarnesio.com.br\/wp-content\/uploads\/2026\/03\/cropped-logo_new-1.png","width":881,"height":685,"caption":"Blog do Farn\u00e9sio"},"image":{"@id":"https:\/\/blogdofarnesio.com.br\/#\/schema\/logo\/image\/"},"sameAs":["https:\/\/www.facebook.com\/BlogQuerSaberPolitica\/"]},{"@type":"Person","@id":"https:\/\/blogdofarnesio.com.br\/#\/schema\/person\/dd1bf5eba40b687199ba45ca6b97dff9","name":"teste","image":{"@type":"ImageObject","inLanguage":"pt-BR","@id":"https:\/\/secure.gravatar.com\/avatar\/2172498d4914b51e1d89a0f97957b035ac4938723a5cac208135d389b6972a6d?s=96&d=mm&r=g","url":"https:\/\/secure.gravatar.com\/avatar\/2172498d4914b51e1d89a0f97957b035ac4938723a5cac208135d389b6972a6d?s=96&d=mm&r=g","contentUrl":"https:\/\/secure.gravatar.com\/avatar\/2172498d4914b51e1d89a0f97957b035ac4938723a5cac208135d389b6972a6d?s=96&d=mm&r=g","caption":"teste"},"url":"https:\/\/blogdofarnesio.com.br\/?author=3"}]}},"_links":{"self":[{"href":"https:\/\/blogdofarnesio.com.br\/index.php?rest_route=\/wp\/v2\/posts\/21951","targetHints":{"allow":["GET"]}}],"collection":[{"href":"https:\/\/blogdofarnesio.com.br\/index.php?rest_route=\/wp\/v2\/posts"}],"about":[{"href":"https:\/\/blogdofarnesio.com.br\/index.php?rest_route=\/wp\/v2\/types\/post"}],"author":[{"embeddable":true,"href":"https:\/\/blogdofarnesio.com.br\/index.php?rest_route=\/wp\/v2\/users\/3"}],"replies":[{"embeddable":true,"href":"https:\/\/blogdofarnesio.com.br\/index.php?rest_route=%2Fwp%2Fv2%2Fcomments&post=21951"}],"version-history":[{"count":0,"href":"https:\/\/blogdofarnesio.com.br\/index.php?rest_route=\/wp\/v2\/posts\/21951\/revisions"}],"wp:attachment":[{"href":"https:\/\/blogdofarnesio.com.br\/index.php?rest_route=%2Fwp%2Fv2%2Fmedia&parent=21951"}],"wp:term":[{"taxonomy":"category","embeddable":true,"href":"https:\/\/blogdofarnesio.com.br\/index.php?rest_route=%2Fwp%2Fv2%2Fcategories&post=21951"},{"taxonomy":"post_tag","embeddable":true,"href":"https:\/\/blogdofarnesio.com.br\/index.php?rest_route=%2Fwp%2Fv2%2Ftags&post=21951"}],"curies":[{"name":"wp","href":"https:\/\/api.w.org\/{rel}","templated":true}]}}