{"id":218821,"date":"2019-01-16T17:30:19","date_gmt":"2019-01-16T20:30:19","guid":{"rendered":"http:\/\/quersaberpolitica.com.br\/2016\/?p=218821"},"modified":"2019-01-16T16:47:33","modified_gmt":"2019-01-16T19:47:33","slug":"anac-autoriza-reajuste-de-539-para-tarifas-de-embarque-de-aeroportos-da-infraero","status":"publish","type":"post","link":"https:\/\/blogdofarnesio.com.br\/?p=218821","title":{"rendered":"ANAC AUTORIZA REAJUSTE DE 5,39% PARA TARIFAS DE EMBARQUE DE AEROPORTOS DA INFRAERO"},"content":{"rendered":"<p>A Ag\u00eancia Nacional de Avia\u00e7\u00e3o Civil (Anac) publicou no Di\u00e1rio Oficial da Uni\u00e3o desta quarta-feira (16) um reajuste de 5,39% para o teto das tarifas de embarque, conex\u00e3o, pouso e perman\u00eancia nos aeroportos administrados pela Empresa Brasileira de Infraestrutura Aeroportu\u00e1ria (Infraero).<\/p>\n<p>Com o reajuste, a tarifa m\u00e1xima de embarque dom\u00e9stico a ser paga pelos passageiros passar\u00e1 de R$ 31,27 para R$ 32,95 e a tarifa m\u00e1xima de embarque internacional passar\u00e1 para R$ 58,35.<\/p>\n<p>Nas viagens internacionais, os passageiros ainda v\u00e3o pagar, junto com a tarifa de embarque, at\u00e9 US$ 18 de adicional do Fundo Nacional de Avia\u00e7\u00e3o Civil (FNAC).<\/p>\n<p>Os novos valores podem ser aplicados depois de 30 dias que a Infraero fizer a divulga\u00e7\u00e3o oficial do reajuste.<\/p>\n","protected":false},"excerpt":{"rendered":"<p>A Ag\u00eancia Nacional de Avia\u00e7\u00e3o Civil (Anac) publicou no Di\u00e1rio Oficial da Uni\u00e3o desta quarta-feira (16) um reajuste de 5,39% para o teto das tarifas de embarque, conex\u00e3o, pouso e perman\u00eancia nos aeroportos administrados pela Empresa Brasileira de Infraestrutura Aeroportu\u00e1ria (Infraero). Com o reajuste, a tarifa m\u00e1xima de embarque dom\u00e9stico a ser paga pelos passageiros passar\u00e1 de R$ 31,27 para R$ 32,95 e a tarifa m\u00e1xima de embarque internacional passar\u00e1 para R$ 58,35. Nas viagens internacionais, os passageiros ainda v\u00e3o pagar, junto com a tarifa de embarque, at\u00e9 US$ 18 de adicional do Fundo Nacional de Avia\u00e7\u00e3o Civil (FNAC). Os novos valores podem ser aplicados depois de 30 dias que a Infraero fizer a divulga\u00e7\u00e3o oficial do reajuste.<\/p>\n","protected":false},"author":1,"featured_media":216897,"comment_status":"closed","ping_status":"closed","sticky":false,"template":"","format":"standard","meta":{"_acf_changed":false,"footnotes":""},"categories":[44],"tags":[],"class_list":["post-218821","post","type-post","status-publish","format-standard","has-post-thumbnail","hentry","category-administracao"],"acf":[],"yoast_head":"<!-- This site is optimized with the Yoast SEO plugin v27.4 - https:\/\/yoast.com\/product\/yoast-seo-wordpress\/ -->\n<title>ANAC AUTORIZA REAJUSTE DE 5,39% PARA TARIFAS DE EMBARQUE DE AEROPORTOS DA INFRAERO - Blog do Farn\u00e9sio<\/title>\n<meta name=\"robots\" content=\"index, follow, max-snippet:-1, max-image-preview:large, max-video-preview:-1\" \/>\n<link rel=\"canonical\" href=\"https:\/\/blogdofarnesio.com.br\/?p=218821\" \/>\n<meta property=\"og:locale\" content=\"pt_BR\" \/>\n<meta property=\"og:type\" content=\"article\" \/>\n<meta property=\"og:title\" content=\"ANAC AUTORIZA REAJUSTE DE 5,39% PARA TARIFAS DE EMBARQUE DE AEROPORTOS DA INFRAERO - Blog do Farn\u00e9sio\" \/>\n<meta property=\"og:description\" content=\"A Ag\u00eancia Nacional de Avia\u00e7\u00e3o Civil (Anac) publicou no Di\u00e1rio Oficial da Uni\u00e3o desta quarta-feira (16) um reajuste de 5,39% para o teto das tarifas de embarque, conex\u00e3o, pouso e perman\u00eancia nos aeroportos administrados pela Empresa Brasileira de Infraestrutura Aeroportu\u00e1ria (Infraero). Com o reajuste, a tarifa m\u00e1xima de embarque dom\u00e9stico a ser paga pelos passageiros passar\u00e1 de R$ 31,27 para R$ 32,95 e a tarifa m\u00e1xima de embarque internacional passar\u00e1 para R$ 58,35. Nas viagens internacionais, os passageiros ainda v\u00e3o pagar, junto com a tarifa de embarque, at\u00e9 US$ 18 de adicional do Fundo Nacional de Avia\u00e7\u00e3o Civil (FNAC). Os novos valores podem ser aplicados depois de 30 dias que a Infraero fizer a divulga\u00e7\u00e3o oficial do reajuste.\" \/>\n<meta property=\"og:url\" content=\"https:\/\/blogdofarnesio.com.br\/?p=218821\" \/>\n<meta property=\"og:site_name\" content=\"Blog do Farn\u00e9sio\" \/>\n<meta property=\"article:publisher\" content=\"https:\/\/www.facebook.com\/BlogQuerSaberPolitica\/\" \/>\n<meta property=\"article:published_time\" content=\"2019-01-16T20:30:19+00:00\" \/>\n<meta property=\"og:image\" content=\"https:\/\/blogdofarnesio.com.br\/wp-content\/uploads\/2018\/12\/blogqsp-infraero.jpg\" \/>\n\t<meta property=\"og:image:width\" content=\"890\" \/>\n\t<meta property=\"og:image:height\" content=\"500\" \/>\n\t<meta property=\"og:image:type\" content=\"image\/jpeg\" \/>\n<meta name=\"author\" content=\"Farn\u00e9sio\" \/>\n<meta name=\"twitter:card\" content=\"summary_large_image\" \/>\n<meta name=\"twitter:label1\" content=\"Escrito por\" \/>\n\t<meta name=\"twitter:data1\" content=\"Farn\u00e9sio\" \/>\n\t<meta name=\"twitter:label2\" content=\"Est. tempo de leitura\" \/>\n\t<meta name=\"twitter:data2\" content=\"1 minuto\" \/>\n<script type=\"application\/ld+json\" class=\"yoast-schema-graph\">{\"@context\":\"https:\\\/\\\/schema.org\",\"@graph\":[{\"@type\":\"Article\",\"@id\":\"https:\\\/\\\/blogdofarnesio.com.br\\\/?p=218821#article\",\"isPartOf\":{\"@id\":\"https:\\\/\\\/blogdofarnesio.com.br\\\/?p=218821\"},\"author\":{\"name\":\"Farn\u00e9sio\",\"@id\":\"https:\\\/\\\/blogdofarnesio.com.br\\\/#\\\/schema\\\/person\\\/301c4acf522bccbfdb45af95b5b906a1\"},\"headline\":\"ANAC AUTORIZA REAJUSTE DE 5,39% PARA TARIFAS DE EMBARQUE DE AEROPORTOS DA INFRAERO\",\"datePublished\":\"2019-01-16T20:30:19+00:00\",\"mainEntityOfPage\":{\"@id\":\"https:\\\/\\\/blogdofarnesio.com.br\\\/?p=218821\"},\"wordCount\":136,\"publisher\":{\"@id\":\"https:\\\/\\\/blogdofarnesio.com.br\\\/#organization\"},\"image\":{\"@id\":\"https:\\\/\\\/blogdofarnesio.com.br\\\/?p=218821#primaryimage\"},\"thumbnailUrl\":\"https:\\\/\\\/blogdofarnesio.com.br\\\/wp-content\\\/uploads\\\/2018\\\/12\\\/blogqsp-infraero.jpg\",\"articleSection\":[\"Administra\u00e7\u00e3o\"],\"inLanguage\":\"pt-BR\"},{\"@type\":\"WebPage\",\"@id\":\"https:\\\/\\\/blogdofarnesio.com.br\\\/?p=218821\",\"url\":\"https:\\\/\\\/blogdofarnesio.com.br\\\/?p=218821\",\"name\":\"ANAC AUTORIZA REAJUSTE DE 5,39% PARA TARIFAS DE EMBARQUE DE AEROPORTOS DA INFRAERO - Blog do Farn\u00e9sio\",\"isPartOf\":{\"@id\":\"https:\\\/\\\/blogdofarnesio.com.br\\\/#website\"},\"primaryImageOfPage\":{\"@id\":\"https:\\\/\\\/blogdofarnesio.com.br\\\/?p=218821#primaryimage\"},\"image\":{\"@id\":\"https:\\\/\\\/blogdofarnesio.com.br\\\/?p=218821#primaryimage\"},\"thumbnailUrl\":\"https:\\\/\\\/blogdofarnesio.com.br\\\/wp-content\\\/uploads\\\/2018\\\/12\\\/blogqsp-infraero.jpg\",\"datePublished\":\"2019-01-16T20:30:19+00:00\",\"breadcrumb\":{\"@id\":\"https:\\\/\\\/blogdofarnesio.com.br\\\/?p=218821#breadcrumb\"},\"inLanguage\":\"pt-BR\",\"potentialAction\":[{\"@type\":\"ReadAction\",\"target\":[\"https:\\\/\\\/blogdofarnesio.com.br\\\/?p=218821\"]}]},{\"@type\":\"ImageObject\",\"inLanguage\":\"pt-BR\",\"@id\":\"https:\\\/\\\/blogdofarnesio.com.br\\\/?p=218821#primaryimage\",\"url\":\"https:\\\/\\\/blogdofarnesio.com.br\\\/wp-content\\\/uploads\\\/2018\\\/12\\\/blogqsp-infraero.jpg\",\"contentUrl\":\"https:\\\/\\\/blogdofarnesio.com.br\\\/wp-content\\\/uploads\\\/2018\\\/12\\\/blogqsp-infraero.jpg\",\"width\":890,\"height\":500},{\"@type\":\"BreadcrumbList\",\"@id\":\"https:\\\/\\\/blogdofarnesio.com.br\\\/?p=218821#breadcrumb\",\"itemListElement\":[{\"@type\":\"ListItem\",\"position\":1,\"name\":\"In\u00edcio\",\"item\":\"https:\\\/\\\/blogdofarnesio.com.br\\\/\"},{\"@type\":\"ListItem\",\"position\":2,\"name\":\"ANAC AUTORIZA REAJUSTE DE 5,39% PARA TARIFAS DE EMBARQUE DE AEROPORTOS DA INFRAERO\"}]},{\"@type\":\"WebSite\",\"@id\":\"https:\\\/\\\/blogdofarnesio.com.br\\\/#website\",\"url\":\"https:\\\/\\\/blogdofarnesio.com.br\\\/\",\"name\":\"Blog do Farn\u00e9sio\",\"description\":\"Quer Saber Pol\u00edtica?\",\"publisher\":{\"@id\":\"https:\\\/\\\/blogdofarnesio.com.br\\\/#organization\"},\"potentialAction\":[{\"@type\":\"SearchAction\",\"target\":{\"@type\":\"EntryPoint\",\"urlTemplate\":\"https:\\\/\\\/blogdofarnesio.com.br\\\/?s={search_term_string}\"},\"query-input\":{\"@type\":\"PropertyValueSpecification\",\"valueRequired\":true,\"valueName\":\"search_term_string\"}}],\"inLanguage\":\"pt-BR\"},{\"@type\":\"Organization\",\"@id\":\"https:\\\/\\\/blogdofarnesio.com.br\\\/#organization\",\"name\":\"Blog do Farn\u00e9sio\",\"url\":\"https:\\\/\\\/blogdofarnesio.com.br\\\/\",\"logo\":{\"@type\":\"ImageObject\",\"inLanguage\":\"pt-BR\",\"@id\":\"https:\\\/\\\/blogdofarnesio.com.br\\\/#\\\/schema\\\/logo\\\/image\\\/\",\"url\":\"https:\\\/\\\/blogdofarnesio.com.br\\\/wp-content\\\/uploads\\\/2026\\\/03\\\/cropped-logo_new-1.png\",\"contentUrl\":\"https:\\\/\\\/blogdofarnesio.com.br\\\/wp-content\\\/uploads\\\/2026\\\/03\\\/cropped-logo_new-1.png\",\"width\":881,\"height\":685,\"caption\":\"Blog do Farn\u00e9sio\"},\"image\":{\"@id\":\"https:\\\/\\\/blogdofarnesio.com.br\\\/#\\\/schema\\\/logo\\\/image\\\/\"},\"sameAs\":[\"https:\\\/\\\/www.facebook.com\\\/BlogQuerSaberPolitica\\\/\"]},{\"@type\":\"Person\",\"@id\":\"https:\\\/\\\/blogdofarnesio.com.br\\\/#\\\/schema\\\/person\\\/301c4acf522bccbfdb45af95b5b906a1\",\"name\":\"Farn\u00e9sio\",\"image\":{\"@type\":\"ImageObject\",\"inLanguage\":\"pt-BR\",\"@id\":\"https:\\\/\\\/secure.gravatar.com\\\/avatar\\\/df0c9a14567c056f8ad6876ba5bbd1e3e2c48023eb6807342fc4663adf549f38?s=96&d=mm&r=g\",\"url\":\"https:\\\/\\\/secure.gravatar.com\\\/avatar\\\/df0c9a14567c056f8ad6876ba5bbd1e3e2c48023eb6807342fc4663adf549f38?s=96&d=mm&r=g\",\"contentUrl\":\"https:\\\/\\\/secure.gravatar.com\\\/avatar\\\/df0c9a14567c056f8ad6876ba5bbd1e3e2c48023eb6807342fc4663adf549f38?s=96&d=mm&r=g\",\"caption\":\"Farn\u00e9sio\"},\"sameAs\":[\"https:\\\/\\\/quersaberpolitica.com.br\"],\"url\":\"https:\\\/\\\/blogdofarnesio.com.br\\\/?author=1\"}]}<\/script>\n<!-- \/ Yoast SEO plugin. -->","yoast_head_json":{"title":"ANAC AUTORIZA REAJUSTE DE 5,39% PARA TARIFAS DE EMBARQUE DE AEROPORTOS DA INFRAERO - Blog do Farn\u00e9sio","robots":{"index":"index","follow":"follow","max-snippet":"max-snippet:-1","max-image-preview":"max-image-preview:large","max-video-preview":"max-video-preview:-1"},"canonical":"https:\/\/blogdofarnesio.com.br\/?p=218821","og_locale":"pt_BR","og_type":"article","og_title":"ANAC AUTORIZA REAJUSTE DE 5,39% PARA TARIFAS DE EMBARQUE DE AEROPORTOS DA INFRAERO - Blog do Farn\u00e9sio","og_description":"A Ag\u00eancia Nacional de Avia\u00e7\u00e3o Civil (Anac) publicou no Di\u00e1rio Oficial da Uni\u00e3o desta quarta-feira (16) um reajuste de 5,39% para o teto das tarifas de embarque, conex\u00e3o, pouso e perman\u00eancia nos aeroportos administrados pela Empresa Brasileira de Infraestrutura Aeroportu\u00e1ria (Infraero). Com o reajuste, a tarifa m\u00e1xima de embarque dom\u00e9stico a ser paga pelos passageiros passar\u00e1 de R$ 31,27 para R$ 32,95 e a tarifa m\u00e1xima de embarque internacional passar\u00e1 para R$ 58,35. Nas viagens internacionais, os passageiros ainda v\u00e3o pagar, junto com a tarifa de embarque, at\u00e9 US$ 18 de adicional do Fundo Nacional de Avia\u00e7\u00e3o Civil (FNAC). Os novos valores podem ser aplicados depois de 30 dias que a Infraero fizer a divulga\u00e7\u00e3o oficial do reajuste.","og_url":"https:\/\/blogdofarnesio.com.br\/?p=218821","og_site_name":"Blog do Farn\u00e9sio","article_publisher":"https:\/\/www.facebook.com\/BlogQuerSaberPolitica\/","article_published_time":"2019-01-16T20:30:19+00:00","og_image":[{"width":890,"height":500,"url":"https:\/\/blogdofarnesio.com.br\/wp-content\/uploads\/2018\/12\/blogqsp-infraero.jpg","type":"image\/jpeg"}],"author":"Farn\u00e9sio","twitter_card":"summary_large_image","twitter_misc":{"Escrito por":"Farn\u00e9sio","Est. tempo de leitura":"1 minuto"},"schema":{"@context":"https:\/\/schema.org","@graph":[{"@type":"Article","@id":"https:\/\/blogdofarnesio.com.br\/?p=218821#article","isPartOf":{"@id":"https:\/\/blogdofarnesio.com.br\/?p=218821"},"author":{"name":"Farn\u00e9sio","@id":"https:\/\/blogdofarnesio.com.br\/#\/schema\/person\/301c4acf522bccbfdb45af95b5b906a1"},"headline":"ANAC AUTORIZA REAJUSTE DE 5,39% PARA TARIFAS DE EMBARQUE DE AEROPORTOS DA INFRAERO","datePublished":"2019-01-16T20:30:19+00:00","mainEntityOfPage":{"@id":"https:\/\/blogdofarnesio.com.br\/?p=218821"},"wordCount":136,"publisher":{"@id":"https:\/\/blogdofarnesio.com.br\/#organization"},"image":{"@id":"https:\/\/blogdofarnesio.com.br\/?p=218821#primaryimage"},"thumbnailUrl":"https:\/\/blogdofarnesio.com.br\/wp-content\/uploads\/2018\/12\/blogqsp-infraero.jpg","articleSection":["Administra\u00e7\u00e3o"],"inLanguage":"pt-BR"},{"@type":"WebPage","@id":"https:\/\/blogdofarnesio.com.br\/?p=218821","url":"https:\/\/blogdofarnesio.com.br\/?p=218821","name":"ANAC AUTORIZA REAJUSTE DE 5,39% PARA TARIFAS DE EMBARQUE DE AEROPORTOS DA INFRAERO - Blog do Farn\u00e9sio","isPartOf":{"@id":"https:\/\/blogdofarnesio.com.br\/#website"},"primaryImageOfPage":{"@id":"https:\/\/blogdofarnesio.com.br\/?p=218821#primaryimage"},"image":{"@id":"https:\/\/blogdofarnesio.com.br\/?p=218821#primaryimage"},"thumbnailUrl":"https:\/\/blogdofarnesio.com.br\/wp-content\/uploads\/2018\/12\/blogqsp-infraero.jpg","datePublished":"2019-01-16T20:30:19+00:00","breadcrumb":{"@id":"https:\/\/blogdofarnesio.com.br\/?p=218821#breadcrumb"},"inLanguage":"pt-BR","potentialAction":[{"@type":"ReadAction","target":["https:\/\/blogdofarnesio.com.br\/?p=218821"]}]},{"@type":"ImageObject","inLanguage":"pt-BR","@id":"https:\/\/blogdofarnesio.com.br\/?p=218821#primaryimage","url":"https:\/\/blogdofarnesio.com.br\/wp-content\/uploads\/2018\/12\/blogqsp-infraero.jpg","contentUrl":"https:\/\/blogdofarnesio.com.br\/wp-content\/uploads\/2018\/12\/blogqsp-infraero.jpg","width":890,"height":500},{"@type":"BreadcrumbList","@id":"https:\/\/blogdofarnesio.com.br\/?p=218821#breadcrumb","itemListElement":[{"@type":"ListItem","position":1,"name":"In\u00edcio","item":"https:\/\/blogdofarnesio.com.br\/"},{"@type":"ListItem","position":2,"name":"ANAC AUTORIZA REAJUSTE DE 5,39% PARA TARIFAS DE EMBARQUE DE AEROPORTOS DA INFRAERO"}]},{"@type":"WebSite","@id":"https:\/\/blogdofarnesio.com.br\/#website","url":"https:\/\/blogdofarnesio.com.br\/","name":"Blog do Farn\u00e9sio","description":"Quer Saber Pol\u00edtica?","publisher":{"@id":"https:\/\/blogdofarnesio.com.br\/#organization"},"potentialAction":[{"@type":"SearchAction","target":{"@type":"EntryPoint","urlTemplate":"https:\/\/blogdofarnesio.com.br\/?s={search_term_string}"},"query-input":{"@type":"PropertyValueSpecification","valueRequired":true,"valueName":"search_term_string"}}],"inLanguage":"pt-BR"},{"@type":"Organization","@id":"https:\/\/blogdofarnesio.com.br\/#organization","name":"Blog do Farn\u00e9sio","url":"https:\/\/blogdofarnesio.com.br\/","logo":{"@type":"ImageObject","inLanguage":"pt-BR","@id":"https:\/\/blogdofarnesio.com.br\/#\/schema\/logo\/image\/","url":"https:\/\/blogdofarnesio.com.br\/wp-content\/uploads\/2026\/03\/cropped-logo_new-1.png","contentUrl":"https:\/\/blogdofarnesio.com.br\/wp-content\/uploads\/2026\/03\/cropped-logo_new-1.png","width":881,"height":685,"caption":"Blog do Farn\u00e9sio"},"image":{"@id":"https:\/\/blogdofarnesio.com.br\/#\/schema\/logo\/image\/"},"sameAs":["https:\/\/www.facebook.com\/BlogQuerSaberPolitica\/"]},{"@type":"Person","@id":"https:\/\/blogdofarnesio.com.br\/#\/schema\/person\/301c4acf522bccbfdb45af95b5b906a1","name":"Farn\u00e9sio","image":{"@type":"ImageObject","inLanguage":"pt-BR","@id":"https:\/\/secure.gravatar.com\/avatar\/df0c9a14567c056f8ad6876ba5bbd1e3e2c48023eb6807342fc4663adf549f38?s=96&d=mm&r=g","url":"https:\/\/secure.gravatar.com\/avatar\/df0c9a14567c056f8ad6876ba5bbd1e3e2c48023eb6807342fc4663adf549f38?s=96&d=mm&r=g","contentUrl":"https:\/\/secure.gravatar.com\/avatar\/df0c9a14567c056f8ad6876ba5bbd1e3e2c48023eb6807342fc4663adf549f38?s=96&d=mm&r=g","caption":"Farn\u00e9sio"},"sameAs":["https:\/\/quersaberpolitica.com.br"],"url":"https:\/\/blogdofarnesio.com.br\/?author=1"}]}},"_links":{"self":[{"href":"https:\/\/blogdofarnesio.com.br\/index.php?rest_route=\/wp\/v2\/posts\/218821","targetHints":{"allow":["GET"]}}],"collection":[{"href":"https:\/\/blogdofarnesio.com.br\/index.php?rest_route=\/wp\/v2\/posts"}],"about":[{"href":"https:\/\/blogdofarnesio.com.br\/index.php?rest_route=\/wp\/v2\/types\/post"}],"author":[{"embeddable":true,"href":"https:\/\/blogdofarnesio.com.br\/index.php?rest_route=\/wp\/v2\/users\/1"}],"replies":[{"embeddable":true,"href":"https:\/\/blogdofarnesio.com.br\/index.php?rest_route=%2Fwp%2Fv2%2Fcomments&post=218821"}],"version-history":[{"count":0,"href":"https:\/\/blogdofarnesio.com.br\/index.php?rest_route=\/wp\/v2\/posts\/218821\/revisions"}],"wp:featuredmedia":[{"embeddable":true,"href":"https:\/\/blogdofarnesio.com.br\/index.php?rest_route=\/wp\/v2\/media\/216897"}],"wp:attachment":[{"href":"https:\/\/blogdofarnesio.com.br\/index.php?rest_route=%2Fwp%2Fv2%2Fmedia&parent=218821"}],"wp:term":[{"taxonomy":"category","embeddable":true,"href":"https:\/\/blogdofarnesio.com.br\/index.php?rest_route=%2Fwp%2Fv2%2Fcategories&post=218821"},{"taxonomy":"post_tag","embeddable":true,"href":"https:\/\/blogdofarnesio.com.br\/index.php?rest_route=%2Fwp%2Fv2%2Ftags&post=218821"}],"curies":[{"name":"wp","href":"https:\/\/api.w.org\/{rel}","templated":true}]}}