{"id":218819,"date":"2019-01-16T17:00:09","date_gmt":"2019-01-16T20:00:09","guid":{"rendered":"http:\/\/quersaberpolitica.com.br\/2016\/?p=218819"},"modified":"2019-01-16T16:41:46","modified_gmt":"2019-01-16T19:41:46","slug":"moro-critica-pesquisas-e-diz-que-desarmamento-nao-reduziu-homicidios","status":"publish","type":"post","link":"https:\/\/blogdofarnesio.com.br\/?p=218819","title":{"rendered":"MORO CRITICA PESQUISAS E DIZ QUE DESARMAMENTO N\u00c3O REDUZIU HOMIC\u00cdDIOS"},"content":{"rendered":"<p style=\"text-align: justify;\">O Ministro da Justi\u00e7a Sergio\u00a0Moro afirmou nesta ter\u00e7a-feira (15) que a lei anterior que proibiu a posse de armas no Brasil n\u00e3o teve \u00eaxito em reduzir o n\u00famero de homic\u00eddios\u00a0e disse que pesquisas sobre o tema que indicam mais riscos com a libera\u00e7\u00e3o do armamento s\u00e3o controversas.<\/p>\n<p>Em entrevista ao Jornal das Dez, da GloboNews,\u00a0ele\u00a0indicou o pr\u00f3prio\u00a0Brasil como um exemplo\u00a0de que o desarmamento n\u00e3o resolve problemas de criminalidade.<\/p>\n<p>&#8220;Essa quest\u00e3o de\u00a0estat\u00edstica, de causa de viol\u00eancia, sempre \u00e9 um tema bastante controvertido. Claro que especialistas que trabalham com isso devem ser valorizados, at\u00e9 valorizamos isso reportando a\u00a0estat\u00edstica\u00a0colhida por institutos, mas o fato \u00e9 que isso \u00e9 controverso. A\u00a0pol\u00edtica anterior n\u00e3o resultou numa diminui\u00e7\u00e3o significativa do n\u00famero de homic\u00eddios no Brasil. Se a pol\u00edtica de desarmamento fosse t\u00e3o exitosa, o que teria se esperado era que o Brasil n\u00e3o batesse ano ap\u00f3s ano o recorde em n\u00famero de homic\u00eddios&#8221;, afirmou.<\/p>\n<p>Sobre as mudan\u00e7as durante as discuss\u00f5es que definiram o decreto assinado nesta ter\u00e7a pelo presidente Jair Bolsonaro\u00a0(PSL), como a expans\u00e3o da posse para todo o pa\u00eds e n\u00e3o apenas para munic\u00edpios violentos e o\u00a0aumento da possibilidade de se ter quarto e n\u00e3o apenas duas armas,\u00a0ele diz que foi um processo natural.<\/p>\n<p>&#8220;Havia uma ideia inicial para os munic\u00edpios, mas com o tempo pareceu melhor n\u00e3o haver a distin\u00e7\u00e3o s\u00f3 por munic\u00edpios.\u00a0Tivemos a\u00a0compreens\u00e3o\u00a0que existe uma parcela da popula\u00e7\u00e3o que manifesta seu desejo de ter a posse\u00a0de uma arma em sua resid\u00eancia.\u00a0Com isso essas\u00a0pessoas t\u00eam\u00a0uma sensa\u00e7\u00e3o de seguran\u00e7a maior e por outro lado essa arma pode funcionar como mecanismo de defesa&#8221;, disse.<\/p>\n<p>Segundo o ministro, \u00e9 preciso, no entanto, deixar claro que a flexibiliza\u00e7\u00e3o das armas n\u00e3o representa que a partir de agora as pessoas ter\u00e3o acesso a armamentos pesados, como fuzis e armas autom\u00e1ticas.\u00a0&#8220;Precisamos ser cautelosos\u00a0e retirar aquele\u00a0p\u00e2nico.\u00a0N\u00e3o\u00a0estamos permitindo o uso de arma danosa, e\u00a0essa arma s\u00f3 ser\u00e1 permitida na\u00a0resid\u00eancia&#8221;, explicou.<\/p>\n<p>S\u00e9rgio Moro tamb\u00e9m falou que n\u00e3o h\u00e1 na secretaria sob seu comando discuss\u00f5es sobre o porte de armas. &#8220;Fiquei concentrado aspectos de posse\u00a0e n\u00e3o existe dentro da minha pasta nenhum movimento sobre o porte de armas. A posse \u00e9 algo mais limitado, que oferece menos riscos.&#8221;<\/p>\n<p>Ele ainda afirmou que alguns crit\u00e9rios para ter a posse foram mantidos,\u00a0como comprovar aptid\u00e3o\u00a0psicol\u00f3gica, preparo t\u00e9cnico\u00a0e aus\u00eancia de antecedentes criminais. Para ele, a grande altera\u00e7\u00e3o proposta pelo decreto \u00e9 que a partir de agora h\u00e1 uma defini\u00e7\u00e3o clara de quem pode ter esse direito, diferente da lei anterior que deixava isso para uma interpreta\u00e7\u00e3o pessoal de uma autoridade da lei.<\/p>\n<p>Moro tamb\u00e9m disse que o governo tratar\u00e1 de forma diferente o cidad\u00e3o, dando um &#8220;voto de confian\u00e7a&#8221;, e n\u00e3o partir\u00e1 do pressuposto que a pessoa\u00a0que requerer a posse de arma \u00e9 um criminoso ou algu\u00e9m\u00a0que far\u00e1 mau\u00a0uso dela.<\/p>\n<p>Nesse ponto ele fez refer\u00eancia ao caso das pessoas que t\u00eam crian\u00e7a ou adolescente em casa e que s\u00f3 precisar\u00e3o declarar que possuem um lugar seguro para guardar a arma em casa, longe do acesso das crian\u00e7as. O ministro diz que a informa\u00e7\u00e3o dada durante a declara\u00e7\u00e3o ser\u00e1 levada em considera\u00e7\u00e3o, presumida como verdade.<\/p>\n<p>&#8220;Se deixar uma arma ao alcance de uma crian\u00e7a ou adolescente voc\u00ea responde criminalmente por isso, por omiss\u00e3o de cautela.&#8221;<\/p>\n<p><strong>CEAR\u00c1<\/strong><\/p>\n<p>Os problemas recentes envolvendo a seguran\u00e7a p\u00fablica no Cear\u00e1 e a s\u00e9rie de ataques a pr\u00e9dios p\u00fablicos e privados tamb\u00e9m foram temas comentados por Moro durante a entrevista.<\/p>\n<p>Ele afirmou que o Brasil\u00a0tem s\u00e9rios problemas de crime organizado e a situa\u00e7\u00e3o no Cear\u00e1 exigiu uma resposta imediata.\u00a0O ministro considerou as a\u00e7\u00f5es como terrorismo e defendeu uma lei mais rigorosa tanto para crimes de terrorismo, quanto no combate a fac\u00e7\u00f5es criminosas.<\/p>\n<p>Segundo Moro, \u00e9 preciso prender membros de fac\u00e7\u00f5es criminosas, isolar suas lideran\u00e7as e identificar o patrim\u00f4nio l\u00edderes para asfixiar o financiamento do crime organizado.<\/p>\n<p>Para ele, a situa\u00e7\u00e3o foi dif\u00edcil, mas a rea\u00e7\u00e3o em conjunto com o governo do estado fizeram com que os incidentes diminu\u00edssem sensivelmente.<\/p>\n<p>&#8220;Houve pico de\u00a077 incidentes em um dia. Hoje foram menos de seis, e cada vez com menor impacto. O estado est\u00e1\u00a0voltando\u00a0\u00e0 normalidade.\u00a0Sempre\u00a0pode\u00a0haver retomada ou\u00a0novos picos, mas \u00e9 reconhecido que est\u00e1 caminhando para a normalidade&#8221;, explicou.<\/p>\n","protected":false},"excerpt":{"rendered":"<p>O Ministro da Justi\u00e7a Sergio\u00a0Moro afirmou nesta ter\u00e7a-feira (15) que a lei anterior que proibiu a posse de armas no Brasil n\u00e3o teve \u00eaxito em reduzir o n\u00famero de homic\u00eddios\u00a0e disse que pesquisas sobre o tema que indicam mais riscos com a libera\u00e7\u00e3o do armamento s\u00e3o controversas. Em entrevista ao Jornal das Dez, da GloboNews,\u00a0ele\u00a0indicou o pr\u00f3prio\u00a0Brasil como um exemplo\u00a0de que o desarmamento n\u00e3o resolve problemas de criminalidade. &#8220;Essa quest\u00e3o de\u00a0estat\u00edstica, de causa de viol\u00eancia, sempre \u00e9 um tema bastante controvertido. Claro que especialistas que trabalham com isso devem ser valorizados, at\u00e9 valorizamos isso reportando a\u00a0estat\u00edstica\u00a0colhida por institutos, mas o fato \u00e9 que isso \u00e9 controverso. A\u00a0pol\u00edtica anterior n\u00e3o resultou numa diminui\u00e7\u00e3o significativa do n\u00famero de homic\u00eddios no Brasil. Se&hellip; <\/p>\n","protected":false},"author":1,"featured_media":196945,"comment_status":"closed","ping_status":"closed","sticky":false,"template":"","format":"standard","meta":{"_acf_changed":false,"footnotes":""},"categories":[44],"tags":[],"class_list":["post-218819","post","type-post","status-publish","format-standard","has-post-thumbnail","hentry","category-administracao"],"acf":[],"yoast_head":"<!-- This site is optimized with the Yoast SEO plugin v27.4 - https:\/\/yoast.com\/product\/yoast-seo-wordpress\/ -->\n<title>MORO CRITICA PESQUISAS E DIZ QUE DESARMAMENTO N\u00c3O REDUZIU HOMIC\u00cdDIOS - Blog do Farn\u00e9sio<\/title>\n<meta name=\"robots\" content=\"index, follow, max-snippet:-1, max-image-preview:large, max-video-preview:-1\" \/>\n<link rel=\"canonical\" href=\"https:\/\/blogdofarnesio.com.br\/?p=218819\" \/>\n<meta property=\"og:locale\" content=\"pt_BR\" \/>\n<meta property=\"og:type\" content=\"article\" \/>\n<meta property=\"og:title\" content=\"MORO CRITICA PESQUISAS E DIZ QUE DESARMAMENTO N\u00c3O REDUZIU HOMIC\u00cdDIOS - Blog do Farn\u00e9sio\" \/>\n<meta property=\"og:description\" content=\"O Ministro da Justi\u00e7a Sergio\u00a0Moro afirmou nesta ter\u00e7a-feira (15) que a lei anterior que proibiu a posse de armas no Brasil n\u00e3o teve \u00eaxito em reduzir o n\u00famero de homic\u00eddios\u00a0e disse que pesquisas sobre o tema que indicam mais riscos com a libera\u00e7\u00e3o do armamento s\u00e3o controversas. Em entrevista ao Jornal das Dez, da GloboNews,\u00a0ele\u00a0indicou o pr\u00f3prio\u00a0Brasil como um exemplo\u00a0de que o desarmamento n\u00e3o resolve problemas de criminalidade. &#8220;Essa quest\u00e3o de\u00a0estat\u00edstica, de causa de viol\u00eancia, sempre \u00e9 um tema bastante controvertido. Claro que especialistas que trabalham com isso devem ser valorizados, at\u00e9 valorizamos isso reportando a\u00a0estat\u00edstica\u00a0colhida por institutos, mas o fato \u00e9 que isso \u00e9 controverso. A\u00a0pol\u00edtica anterior n\u00e3o resultou numa diminui\u00e7\u00e3o significativa do n\u00famero de homic\u00eddios no Brasil. Se&hellip;\" \/>\n<meta property=\"og:url\" content=\"https:\/\/blogdofarnesio.com.br\/?p=218819\" \/>\n<meta property=\"og:site_name\" content=\"Blog do Farn\u00e9sio\" \/>\n<meta property=\"article:publisher\" content=\"https:\/\/www.facebook.com\/BlogQuerSaberPolitica\/\" \/>\n<meta property=\"article:published_time\" content=\"2019-01-16T20:00:09+00:00\" \/>\n<meta property=\"og:image\" content=\"https:\/\/blogdofarnesio.com.br\/wp-content\/uploads\/2018\/05\/blogqspSergio_Moro_Foto-Sergio_Lima-e1525717796258.jpg\" \/>\n\t<meta property=\"og:image:width\" content=\"668\" \/>\n\t<meta property=\"og:image:height\" content=\"496\" \/>\n\t<meta property=\"og:image:type\" content=\"image\/jpeg\" \/>\n<meta name=\"author\" content=\"Farn\u00e9sio\" \/>\n<meta name=\"twitter:card\" content=\"summary_large_image\" \/>\n<meta name=\"twitter:label1\" content=\"Escrito por\" \/>\n\t<meta name=\"twitter:data1\" content=\"Farn\u00e9sio\" \/>\n\t<meta name=\"twitter:label2\" content=\"Est. tempo de leitura\" \/>\n\t<meta name=\"twitter:data2\" content=\"4 minutos\" \/>\n<script type=\"application\/ld+json\" class=\"yoast-schema-graph\">{\"@context\":\"https:\\\/\\\/schema.org\",\"@graph\":[{\"@type\":\"Article\",\"@id\":\"https:\\\/\\\/blogdofarnesio.com.br\\\/?p=218819#article\",\"isPartOf\":{\"@id\":\"https:\\\/\\\/blogdofarnesio.com.br\\\/?p=218819\"},\"author\":{\"name\":\"Farn\u00e9sio\",\"@id\":\"https:\\\/\\\/blogdofarnesio.com.br\\\/#\\\/schema\\\/person\\\/301c4acf522bccbfdb45af95b5b906a1\"},\"headline\":\"MORO CRITICA PESQUISAS E DIZ QUE DESARMAMENTO N\u00c3O REDUZIU HOMIC\u00cdDIOS\",\"datePublished\":\"2019-01-16T20:00:09+00:00\",\"mainEntityOfPage\":{\"@id\":\"https:\\\/\\\/blogdofarnesio.com.br\\\/?p=218819\"},\"wordCount\":817,\"publisher\":{\"@id\":\"https:\\\/\\\/blogdofarnesio.com.br\\\/#organization\"},\"image\":{\"@id\":\"https:\\\/\\\/blogdofarnesio.com.br\\\/?p=218819#primaryimage\"},\"thumbnailUrl\":\"https:\\\/\\\/blogdofarnesio.com.br\\\/wp-content\\\/uploads\\\/2018\\\/05\\\/blogqspSergio_Moro_Foto-Sergio_Lima-e1525717796258.jpg\",\"articleSection\":[\"Administra\u00e7\u00e3o\"],\"inLanguage\":\"pt-BR\"},{\"@type\":\"WebPage\",\"@id\":\"https:\\\/\\\/blogdofarnesio.com.br\\\/?p=218819\",\"url\":\"https:\\\/\\\/blogdofarnesio.com.br\\\/?p=218819\",\"name\":\"MORO CRITICA PESQUISAS E DIZ QUE DESARMAMENTO N\u00c3O REDUZIU HOMIC\u00cdDIOS - Blog do Farn\u00e9sio\",\"isPartOf\":{\"@id\":\"https:\\\/\\\/blogdofarnesio.com.br\\\/#website\"},\"primaryImageOfPage\":{\"@id\":\"https:\\\/\\\/blogdofarnesio.com.br\\\/?p=218819#primaryimage\"},\"image\":{\"@id\":\"https:\\\/\\\/blogdofarnesio.com.br\\\/?p=218819#primaryimage\"},\"thumbnailUrl\":\"https:\\\/\\\/blogdofarnesio.com.br\\\/wp-content\\\/uploads\\\/2018\\\/05\\\/blogqspSergio_Moro_Foto-Sergio_Lima-e1525717796258.jpg\",\"datePublished\":\"2019-01-16T20:00:09+00:00\",\"breadcrumb\":{\"@id\":\"https:\\\/\\\/blogdofarnesio.com.br\\\/?p=218819#breadcrumb\"},\"inLanguage\":\"pt-BR\",\"potentialAction\":[{\"@type\":\"ReadAction\",\"target\":[\"https:\\\/\\\/blogdofarnesio.com.br\\\/?p=218819\"]}]},{\"@type\":\"ImageObject\",\"inLanguage\":\"pt-BR\",\"@id\":\"https:\\\/\\\/blogdofarnesio.com.br\\\/?p=218819#primaryimage\",\"url\":\"https:\\\/\\\/blogdofarnesio.com.br\\\/wp-content\\\/uploads\\\/2018\\\/05\\\/blogqspSergio_Moro_Foto-Sergio_Lima-e1525717796258.jpg\",\"contentUrl\":\"https:\\\/\\\/blogdofarnesio.com.br\\\/wp-content\\\/uploads\\\/2018\\\/05\\\/blogqspSergio_Moro_Foto-Sergio_Lima-e1525717796258.jpg\",\"width\":668,\"height\":496,\"caption\":\"Sen Renan Calheiros, ministro do STF Gilmar Mendes e o juiz federal S\u00e9rgio Moro, durante debate do PL 280\\\/2016, sobre abuso de autoridade o plen\u00e1rio do Senado. Brasilia, 01-12-2016 (Foto: S\u00e9rgio Lima\\\/PODER 360).\"},{\"@type\":\"BreadcrumbList\",\"@id\":\"https:\\\/\\\/blogdofarnesio.com.br\\\/?p=218819#breadcrumb\",\"itemListElement\":[{\"@type\":\"ListItem\",\"position\":1,\"name\":\"In\u00edcio\",\"item\":\"https:\\\/\\\/blogdofarnesio.com.br\\\/\"},{\"@type\":\"ListItem\",\"position\":2,\"name\":\"MORO CRITICA PESQUISAS E DIZ QUE DESARMAMENTO N\u00c3O REDUZIU HOMIC\u00cdDIOS\"}]},{\"@type\":\"WebSite\",\"@id\":\"https:\\\/\\\/blogdofarnesio.com.br\\\/#website\",\"url\":\"https:\\\/\\\/blogdofarnesio.com.br\\\/\",\"name\":\"Blog do Farn\u00e9sio\",\"description\":\"Quer Saber Pol\u00edtica?\",\"publisher\":{\"@id\":\"https:\\\/\\\/blogdofarnesio.com.br\\\/#organization\"},\"potentialAction\":[{\"@type\":\"SearchAction\",\"target\":{\"@type\":\"EntryPoint\",\"urlTemplate\":\"https:\\\/\\\/blogdofarnesio.com.br\\\/?s={search_term_string}\"},\"query-input\":{\"@type\":\"PropertyValueSpecification\",\"valueRequired\":true,\"valueName\":\"search_term_string\"}}],\"inLanguage\":\"pt-BR\"},{\"@type\":\"Organization\",\"@id\":\"https:\\\/\\\/blogdofarnesio.com.br\\\/#organization\",\"name\":\"Blog do Farn\u00e9sio\",\"url\":\"https:\\\/\\\/blogdofarnesio.com.br\\\/\",\"logo\":{\"@type\":\"ImageObject\",\"inLanguage\":\"pt-BR\",\"@id\":\"https:\\\/\\\/blogdofarnesio.com.br\\\/#\\\/schema\\\/logo\\\/image\\\/\",\"url\":\"https:\\\/\\\/blogdofarnesio.com.br\\\/wp-content\\\/uploads\\\/2026\\\/03\\\/cropped-logo_new-1.png\",\"contentUrl\":\"https:\\\/\\\/blogdofarnesio.com.br\\\/wp-content\\\/uploads\\\/2026\\\/03\\\/cropped-logo_new-1.png\",\"width\":881,\"height\":685,\"caption\":\"Blog do Farn\u00e9sio\"},\"image\":{\"@id\":\"https:\\\/\\\/blogdofarnesio.com.br\\\/#\\\/schema\\\/logo\\\/image\\\/\"},\"sameAs\":[\"https:\\\/\\\/www.facebook.com\\\/BlogQuerSaberPolitica\\\/\"]},{\"@type\":\"Person\",\"@id\":\"https:\\\/\\\/blogdofarnesio.com.br\\\/#\\\/schema\\\/person\\\/301c4acf522bccbfdb45af95b5b906a1\",\"name\":\"Farn\u00e9sio\",\"image\":{\"@type\":\"ImageObject\",\"inLanguage\":\"pt-BR\",\"@id\":\"https:\\\/\\\/secure.gravatar.com\\\/avatar\\\/df0c9a14567c056f8ad6876ba5bbd1e3e2c48023eb6807342fc4663adf549f38?s=96&d=mm&r=g\",\"url\":\"https:\\\/\\\/secure.gravatar.com\\\/avatar\\\/df0c9a14567c056f8ad6876ba5bbd1e3e2c48023eb6807342fc4663adf549f38?s=96&d=mm&r=g\",\"contentUrl\":\"https:\\\/\\\/secure.gravatar.com\\\/avatar\\\/df0c9a14567c056f8ad6876ba5bbd1e3e2c48023eb6807342fc4663adf549f38?s=96&d=mm&r=g\",\"caption\":\"Farn\u00e9sio\"},\"sameAs\":[\"https:\\\/\\\/quersaberpolitica.com.br\"],\"url\":\"https:\\\/\\\/blogdofarnesio.com.br\\\/?author=1\"}]}<\/script>\n<!-- \/ Yoast SEO plugin. -->","yoast_head_json":{"title":"MORO CRITICA PESQUISAS E DIZ QUE DESARMAMENTO N\u00c3O REDUZIU HOMIC\u00cdDIOS - Blog do Farn\u00e9sio","robots":{"index":"index","follow":"follow","max-snippet":"max-snippet:-1","max-image-preview":"max-image-preview:large","max-video-preview":"max-video-preview:-1"},"canonical":"https:\/\/blogdofarnesio.com.br\/?p=218819","og_locale":"pt_BR","og_type":"article","og_title":"MORO CRITICA PESQUISAS E DIZ QUE DESARMAMENTO N\u00c3O REDUZIU HOMIC\u00cdDIOS - Blog do Farn\u00e9sio","og_description":"O Ministro da Justi\u00e7a Sergio\u00a0Moro afirmou nesta ter\u00e7a-feira (15) que a lei anterior que proibiu a posse de armas no Brasil n\u00e3o teve \u00eaxito em reduzir o n\u00famero de homic\u00eddios\u00a0e disse que pesquisas sobre o tema que indicam mais riscos com a libera\u00e7\u00e3o do armamento s\u00e3o controversas. Em entrevista ao Jornal das Dez, da GloboNews,\u00a0ele\u00a0indicou o pr\u00f3prio\u00a0Brasil como um exemplo\u00a0de que o desarmamento n\u00e3o resolve problemas de criminalidade. &#8220;Essa quest\u00e3o de\u00a0estat\u00edstica, de causa de viol\u00eancia, sempre \u00e9 um tema bastante controvertido. Claro que especialistas que trabalham com isso devem ser valorizados, at\u00e9 valorizamos isso reportando a\u00a0estat\u00edstica\u00a0colhida por institutos, mas o fato \u00e9 que isso \u00e9 controverso. A\u00a0pol\u00edtica anterior n\u00e3o resultou numa diminui\u00e7\u00e3o significativa do n\u00famero de homic\u00eddios no Brasil. Se&hellip;","og_url":"https:\/\/blogdofarnesio.com.br\/?p=218819","og_site_name":"Blog do Farn\u00e9sio","article_publisher":"https:\/\/www.facebook.com\/BlogQuerSaberPolitica\/","article_published_time":"2019-01-16T20:00:09+00:00","og_image":[{"width":668,"height":496,"url":"https:\/\/blogdofarnesio.com.br\/wp-content\/uploads\/2018\/05\/blogqspSergio_Moro_Foto-Sergio_Lima-e1525717796258.jpg","type":"image\/jpeg"}],"author":"Farn\u00e9sio","twitter_card":"summary_large_image","twitter_misc":{"Escrito por":"Farn\u00e9sio","Est. tempo de leitura":"4 minutos"},"schema":{"@context":"https:\/\/schema.org","@graph":[{"@type":"Article","@id":"https:\/\/blogdofarnesio.com.br\/?p=218819#article","isPartOf":{"@id":"https:\/\/blogdofarnesio.com.br\/?p=218819"},"author":{"name":"Farn\u00e9sio","@id":"https:\/\/blogdofarnesio.com.br\/#\/schema\/person\/301c4acf522bccbfdb45af95b5b906a1"},"headline":"MORO CRITICA PESQUISAS E DIZ QUE DESARMAMENTO N\u00c3O REDUZIU HOMIC\u00cdDIOS","datePublished":"2019-01-16T20:00:09+00:00","mainEntityOfPage":{"@id":"https:\/\/blogdofarnesio.com.br\/?p=218819"},"wordCount":817,"publisher":{"@id":"https:\/\/blogdofarnesio.com.br\/#organization"},"image":{"@id":"https:\/\/blogdofarnesio.com.br\/?p=218819#primaryimage"},"thumbnailUrl":"https:\/\/blogdofarnesio.com.br\/wp-content\/uploads\/2018\/05\/blogqspSergio_Moro_Foto-Sergio_Lima-e1525717796258.jpg","articleSection":["Administra\u00e7\u00e3o"],"inLanguage":"pt-BR"},{"@type":"WebPage","@id":"https:\/\/blogdofarnesio.com.br\/?p=218819","url":"https:\/\/blogdofarnesio.com.br\/?p=218819","name":"MORO CRITICA PESQUISAS E DIZ QUE DESARMAMENTO N\u00c3O REDUZIU HOMIC\u00cdDIOS - Blog do Farn\u00e9sio","isPartOf":{"@id":"https:\/\/blogdofarnesio.com.br\/#website"},"primaryImageOfPage":{"@id":"https:\/\/blogdofarnesio.com.br\/?p=218819#primaryimage"},"image":{"@id":"https:\/\/blogdofarnesio.com.br\/?p=218819#primaryimage"},"thumbnailUrl":"https:\/\/blogdofarnesio.com.br\/wp-content\/uploads\/2018\/05\/blogqspSergio_Moro_Foto-Sergio_Lima-e1525717796258.jpg","datePublished":"2019-01-16T20:00:09+00:00","breadcrumb":{"@id":"https:\/\/blogdofarnesio.com.br\/?p=218819#breadcrumb"},"inLanguage":"pt-BR","potentialAction":[{"@type":"ReadAction","target":["https:\/\/blogdofarnesio.com.br\/?p=218819"]}]},{"@type":"ImageObject","inLanguage":"pt-BR","@id":"https:\/\/blogdofarnesio.com.br\/?p=218819#primaryimage","url":"https:\/\/blogdofarnesio.com.br\/wp-content\/uploads\/2018\/05\/blogqspSergio_Moro_Foto-Sergio_Lima-e1525717796258.jpg","contentUrl":"https:\/\/blogdofarnesio.com.br\/wp-content\/uploads\/2018\/05\/blogqspSergio_Moro_Foto-Sergio_Lima-e1525717796258.jpg","width":668,"height":496,"caption":"Sen Renan Calheiros, ministro do STF Gilmar Mendes e o juiz federal S\u00e9rgio Moro, durante debate do PL 280\/2016, sobre abuso de autoridade o plen\u00e1rio do Senado. Brasilia, 01-12-2016 (Foto: S\u00e9rgio Lima\/PODER 360)."},{"@type":"BreadcrumbList","@id":"https:\/\/blogdofarnesio.com.br\/?p=218819#breadcrumb","itemListElement":[{"@type":"ListItem","position":1,"name":"In\u00edcio","item":"https:\/\/blogdofarnesio.com.br\/"},{"@type":"ListItem","position":2,"name":"MORO CRITICA PESQUISAS E DIZ QUE DESARMAMENTO N\u00c3O REDUZIU HOMIC\u00cdDIOS"}]},{"@type":"WebSite","@id":"https:\/\/blogdofarnesio.com.br\/#website","url":"https:\/\/blogdofarnesio.com.br\/","name":"Blog do Farn\u00e9sio","description":"Quer Saber Pol\u00edtica?","publisher":{"@id":"https:\/\/blogdofarnesio.com.br\/#organization"},"potentialAction":[{"@type":"SearchAction","target":{"@type":"EntryPoint","urlTemplate":"https:\/\/blogdofarnesio.com.br\/?s={search_term_string}"},"query-input":{"@type":"PropertyValueSpecification","valueRequired":true,"valueName":"search_term_string"}}],"inLanguage":"pt-BR"},{"@type":"Organization","@id":"https:\/\/blogdofarnesio.com.br\/#organization","name":"Blog do Farn\u00e9sio","url":"https:\/\/blogdofarnesio.com.br\/","logo":{"@type":"ImageObject","inLanguage":"pt-BR","@id":"https:\/\/blogdofarnesio.com.br\/#\/schema\/logo\/image\/","url":"https:\/\/blogdofarnesio.com.br\/wp-content\/uploads\/2026\/03\/cropped-logo_new-1.png","contentUrl":"https:\/\/blogdofarnesio.com.br\/wp-content\/uploads\/2026\/03\/cropped-logo_new-1.png","width":881,"height":685,"caption":"Blog do Farn\u00e9sio"},"image":{"@id":"https:\/\/blogdofarnesio.com.br\/#\/schema\/logo\/image\/"},"sameAs":["https:\/\/www.facebook.com\/BlogQuerSaberPolitica\/"]},{"@type":"Person","@id":"https:\/\/blogdofarnesio.com.br\/#\/schema\/person\/301c4acf522bccbfdb45af95b5b906a1","name":"Farn\u00e9sio","image":{"@type":"ImageObject","inLanguage":"pt-BR","@id":"https:\/\/secure.gravatar.com\/avatar\/df0c9a14567c056f8ad6876ba5bbd1e3e2c48023eb6807342fc4663adf549f38?s=96&d=mm&r=g","url":"https:\/\/secure.gravatar.com\/avatar\/df0c9a14567c056f8ad6876ba5bbd1e3e2c48023eb6807342fc4663adf549f38?s=96&d=mm&r=g","contentUrl":"https:\/\/secure.gravatar.com\/avatar\/df0c9a14567c056f8ad6876ba5bbd1e3e2c48023eb6807342fc4663adf549f38?s=96&d=mm&r=g","caption":"Farn\u00e9sio"},"sameAs":["https:\/\/quersaberpolitica.com.br"],"url":"https:\/\/blogdofarnesio.com.br\/?author=1"}]}},"_links":{"self":[{"href":"https:\/\/blogdofarnesio.com.br\/index.php?rest_route=\/wp\/v2\/posts\/218819","targetHints":{"allow":["GET"]}}],"collection":[{"href":"https:\/\/blogdofarnesio.com.br\/index.php?rest_route=\/wp\/v2\/posts"}],"about":[{"href":"https:\/\/blogdofarnesio.com.br\/index.php?rest_route=\/wp\/v2\/types\/post"}],"author":[{"embeddable":true,"href":"https:\/\/blogdofarnesio.com.br\/index.php?rest_route=\/wp\/v2\/users\/1"}],"replies":[{"embeddable":true,"href":"https:\/\/blogdofarnesio.com.br\/index.php?rest_route=%2Fwp%2Fv2%2Fcomments&post=218819"}],"version-history":[{"count":0,"href":"https:\/\/blogdofarnesio.com.br\/index.php?rest_route=\/wp\/v2\/posts\/218819\/revisions"}],"wp:featuredmedia":[{"embeddable":true,"href":"https:\/\/blogdofarnesio.com.br\/index.php?rest_route=\/wp\/v2\/media\/196945"}],"wp:attachment":[{"href":"https:\/\/blogdofarnesio.com.br\/index.php?rest_route=%2Fwp%2Fv2%2Fmedia&parent=218819"}],"wp:term":[{"taxonomy":"category","embeddable":true,"href":"https:\/\/blogdofarnesio.com.br\/index.php?rest_route=%2Fwp%2Fv2%2Fcategories&post=218819"},{"taxonomy":"post_tag","embeddable":true,"href":"https:\/\/blogdofarnesio.com.br\/index.php?rest_route=%2Fwp%2Fv2%2Ftags&post=218819"}],"curies":[{"name":"wp","href":"https:\/\/api.w.org\/{rel}","templated":true}]}}