{"id":218816,"date":"2019-01-17T07:30:39","date_gmt":"2019-01-17T10:30:39","guid":{"rendered":"http:\/\/quersaberpolitica.com.br\/2016\/?p=218816"},"modified":"2019-01-16T18:00:21","modified_gmt":"2019-01-16T21:00:21","slug":"deputado-e-prefeito-de-casa-nova-protestam-contra-determinacao-do-juiz-e-se-colocam-contra-desocupacao-da-fazenda-sao-francisco","status":"publish","type":"post","link":"https:\/\/blogdofarnesio.com.br\/?p=218816","title":{"rendered":"DEPUTADO E PREFEITO DE CASA NOVA PROTESTAM CONTRA DETERMINA\u00c7\u00c3O DO JUIZ E SE COLOCAM CONTRA DESOCUPA\u00c7\u00c3O DA FAZENDA S\u00c3O FRANCISCO"},"content":{"rendered":"<p style=\"font-weight: 400; text-align: justify;\">O deputado estadual Tum e seu irm\u00e3o o prefeito de Casa Nova Wilker Torres, denunciam as amea\u00e7as de desocupa\u00e7\u00e3o da Fazenda S\u00e3o Francisco, localizada no munic\u00edpio e exigem da justi\u00e7a uma solu\u00e7\u00e3o que n\u00e3o resulte no despejo de 60 fam\u00edlias de pequenos agricultores que fixaram resid\u00eancia naquelas terras.<\/p>\n<p style=\"font-weight: 400; text-align: justify;\">Lideradas pelo Movimento dos Trabalhadores sem Terra (MST), as 60 fam\u00edlias cultivam frutas, ra\u00edzes e criam animais no que foi batizado de Acampamento Eldorado dos Caraj\u00e1s, uma \u00e1rea de 50 hectares. No entanto, em maio de 2018, a empresa Moxx Frutas Tropicais LTDA obteve na justi\u00e7a decis\u00e3o favor\u00e1vel que determinava a sa\u00edda dos acampados.<\/p>\n<p style=\"font-weight: 400; text-align: justify;\">Segundo assessoria do deputado e do prefeito, mesmo o processo tendo tramitado pela primeira inst\u00e2ncia da justi\u00e7a e sido julgado pelo magistrado, as lideran\u00e7as do acampamento afirmam nunca terem sido convidadas ou intimadas a apresentar defesa nos autos. Como resultado disso, as for\u00e7as policiais da regi\u00e3o estariam sendo pressionadas a executar a ordem de desocupa\u00e7\u00e3o, mesmo baseada num &#8216;<strong>processo viciado<\/strong>&#8216;.<\/p>\n<p style=\"font-weight: 400; text-align: justify;\">Entre os argumentos da defesa do MST, est\u00e3o o fato de a empresa nunca ter tido a posse da terra e que h\u00e1 um processo de compra da \u00e1rea, por meio da Coordena\u00e7\u00e3o de Desenvolvimento Agr\u00e1rio (CDA), \u00f3rg\u00e3o ligado \u00e0 Secretaria de Desenvolvimento Rural do da Bahia, em tramita\u00e7\u00e3o.<\/p>\n<p style=\"font-weight: 400; text-align: justify;\">Dessa forma, tanto o deputado Tum, quanto o prefeito Wilker, se colocam ao lado das fam\u00edlias e argumentam que a decis\u00e3o \u00e9 prematura, que a justi\u00e7a foi induzida ao erro e que o direito \u00e0 terra deve ser assegurado \u00e0queles que \u201cfazem o bom uso desse bem, plantando, semeando, colhendo, criando, enfim, gerando emprego e renda para nossa gente\u201d, finalizou Tum<\/p>\n<p style=\"text-align: justify;\"><strong>Suspensa liminar que despejaria trabalhadores sem-terra de fazenda em Casa Nova\/BA<\/strong><\/p>\n<p style=\"font-weight: 400; text-align: justify;\">De acordo com informa\u00e7\u00f5es da dire\u00e7\u00e3o do MST- Movimento dos Trabalhadores Sem Terra, a liminar de reintegra\u00e7\u00e3o de posse em favor da\u00a0empresa Moxx Frutas Tropicais, antiga Fazenda S\u00e3o Francisco em Casa Nova\/BA, que seria cumprida na manh\u00e3 desta quarta-feira (16), foi suspensa temporariamente.<\/p>\n<p style=\"font-weight: 400; text-align: justify;\">Instaladas h\u00e1 mais de noventa dias no Acampamento Eldorado dos Caraj\u00e1s, hoje (16), pela manh\u00e3, as fam\u00edlias de trabalhadores rurais receberam a not\u00edcia do comando da Pol\u00edcia militar que o despejo que aconteceria nessa manh\u00e3 estar\u00e1 suspenso temporariamente.<\/p>\n<p style=\"font-weight: 400; text-align: justify;\">\u201cO clima de \u00e2nimo se instalou entre todos, por\u00e9m a luta para barrar a liminar em definitivo continua. Seguimos firmes em luta por justi\u00e7a social e soberania alimentar\u2019, declarou o MST.<\/p>\n<p style=\"font-weight: 400; text-align: justify;\">A liminar foi autorizada pelo Juiz Adriano Esp\u00edndola Sandes, da comarca de Casa Nova, Bahia, que segundo informa\u00e7\u00f5es do MST,\u00a0 foi expedida em maio de 2018 e \u201cignora totalmente o processo de compra da fazenda encaminhado pelo Programa Nacional de Credito Fundi\u00e1rio, uma tramita\u00e7\u00e3o que certifica que a fazenda em quest\u00e3o est\u00e1 em negocia\u00e7\u00e3o entre o Governo do Estado e o verdadeiro propriet\u00e1rio\u201d.<\/p>\n<p style=\"font-weight: 400; text-align: justify;\">Diante da amea\u00e7a de um confronto entre os trabalhadores e os agentes de seguran\u00e7a que iriam cumprir a liminar, a Pol\u00edcia Militar, atrav\u00e9s do Capit\u00e3o PM Thiago de Carvalho Andrade, comunicou ao Juiz Vanderley Andrade que a PM estaria dando apoio aos oficiais de justi\u00e7a durante o cumprimento do mandado. No documento, o policial afirmou que haveria possibilidade de um conflito agr\u00e1rio.<\/p>\n<p style=\"font-weight: 400; text-align: justify;\">Em resposta ao of\u00edcio do representante da PM, o Juiz Vanderley Andrade ressaltou a necessidade da for\u00e7a policial \u201cenvidar todos os esfor\u00e7os necess\u00e1rios para desocupa\u00e7\u00e3o volunt\u00e1ria da \u00e1rea, com o menor dano poss\u00edvel, inclusive, se for o caso, com utiliza\u00e7\u00e3o exclusiva de armas n\u00e3o letais\u201d.<\/p>\n<p style=\"font-weight: 400; text-align: justify;\">Ainda de acordo com o MST, hoje, durante a mobiliza\u00e7\u00e3o em defesa dos trabalhadores, estiveram presentes o Vereador de Casa Nova Uilian Pereira, representando o Deputado Estadual Tum e o Prefeito de Casa Nova, Wilker Torres, representantes de entidades e movimentos sociais.<\/p>\n<p><strong>Manoel Le\u00e3o\/Ascom<\/strong><\/p>\n","protected":false},"excerpt":{"rendered":"<p>O deputado estadual Tum e seu irm\u00e3o o prefeito de Casa Nova Wilker Torres, denunciam as amea\u00e7as de desocupa\u00e7\u00e3o da Fazenda S\u00e3o Francisco, localizada no munic\u00edpio e exigem da justi\u00e7a uma solu\u00e7\u00e3o que n\u00e3o resulte no despejo de 60 fam\u00edlias de pequenos agricultores que fixaram resid\u00eancia naquelas terras. Lideradas pelo Movimento dos Trabalhadores sem Terra (MST), as 60 fam\u00edlias cultivam frutas, ra\u00edzes e criam animais no que foi batizado de Acampamento Eldorado dos Caraj\u00e1s, uma \u00e1rea de 50 hectares. No entanto, em maio de 2018, a empresa Moxx Frutas Tropicais LTDA obteve na justi\u00e7a decis\u00e3o favor\u00e1vel que determinava a sa\u00edda dos acampados. Segundo assessoria do deputado e do prefeito, mesmo o processo tendo tramitado pela primeira inst\u00e2ncia da justi\u00e7a e&hellip; <\/p>\n","protected":false},"author":1,"featured_media":213617,"comment_status":"closed","ping_status":"closed","sticky":false,"template":"","format":"standard","meta":{"_acf_changed":false,"footnotes":""},"categories":[27],"tags":[],"class_list":["post-218816","post","type-post","status-publish","format-standard","has-post-thumbnail","hentry","category-cidades"],"acf":[],"yoast_head":"<!-- This site is optimized with the Yoast SEO plugin v27.4 - https:\/\/yoast.com\/product\/yoast-seo-wordpress\/ -->\n<title>DEPUTADO E PREFEITO DE CASA NOVA PROTESTAM CONTRA DETERMINA\u00c7\u00c3O DO JUIZ E SE COLOCAM CONTRA DESOCUPA\u00c7\u00c3O DA FAZENDA S\u00c3O FRANCISCO - Blog do Farn\u00e9sio<\/title>\n<meta name=\"robots\" content=\"index, follow, max-snippet:-1, max-image-preview:large, max-video-preview:-1\" \/>\n<link rel=\"canonical\" href=\"https:\/\/blogdofarnesio.com.br\/?p=218816\" \/>\n<meta property=\"og:locale\" content=\"pt_BR\" \/>\n<meta property=\"og:type\" content=\"article\" \/>\n<meta property=\"og:title\" content=\"DEPUTADO E PREFEITO DE CASA NOVA PROTESTAM CONTRA DETERMINA\u00c7\u00c3O DO JUIZ E SE COLOCAM CONTRA DESOCUPA\u00c7\u00c3O DA FAZENDA S\u00c3O FRANCISCO - Blog do Farn\u00e9sio\" \/>\n<meta property=\"og:description\" content=\"O deputado estadual Tum e seu irm\u00e3o o prefeito de Casa Nova Wilker Torres, denunciam as amea\u00e7as de desocupa\u00e7\u00e3o da Fazenda S\u00e3o Francisco, localizada no munic\u00edpio e exigem da justi\u00e7a uma solu\u00e7\u00e3o que n\u00e3o resulte no despejo de 60 fam\u00edlias de pequenos agricultores que fixaram resid\u00eancia naquelas terras. Lideradas pelo Movimento dos Trabalhadores sem Terra (MST), as 60 fam\u00edlias cultivam frutas, ra\u00edzes e criam animais no que foi batizado de Acampamento Eldorado dos Caraj\u00e1s, uma \u00e1rea de 50 hectares. No entanto, em maio de 2018, a empresa Moxx Frutas Tropicais LTDA obteve na justi\u00e7a decis\u00e3o favor\u00e1vel que determinava a sa\u00edda dos acampados. Segundo assessoria do deputado e do prefeito, mesmo o processo tendo tramitado pela primeira inst\u00e2ncia da justi\u00e7a e&hellip;\" \/>\n<meta property=\"og:url\" content=\"https:\/\/blogdofarnesio.com.br\/?p=218816\" \/>\n<meta property=\"og:site_name\" content=\"Blog do Farn\u00e9sio\" \/>\n<meta property=\"article:publisher\" content=\"https:\/\/www.facebook.com\/BlogQuerSaberPolitica\/\" \/>\n<meta property=\"article:published_time\" content=\"2019-01-17T10:30:39+00:00\" \/>\n<meta property=\"og:image\" content=\"https:\/\/blogdofarnesio.com.br\/wp-content\/uploads\/2018\/11\/blogqssp-Wilker-Tum-e-Bebeto.jpeg\" \/>\n\t<meta property=\"og:image:width\" content=\"640\" \/>\n\t<meta property=\"og:image:height\" content=\"360\" \/>\n\t<meta property=\"og:image:type\" content=\"image\/jpeg\" \/>\n<meta name=\"author\" content=\"Farn\u00e9sio\" \/>\n<meta name=\"twitter:card\" content=\"summary_large_image\" \/>\n<meta name=\"twitter:label1\" content=\"Escrito por\" \/>\n\t<meta name=\"twitter:data1\" content=\"Farn\u00e9sio\" \/>\n\t<meta name=\"twitter:label2\" content=\"Est. tempo de leitura\" \/>\n\t<meta name=\"twitter:data2\" content=\"3 minutos\" \/>\n<script type=\"application\/ld+json\" class=\"yoast-schema-graph\">{\"@context\":\"https:\\\/\\\/schema.org\",\"@graph\":[{\"@type\":\"Article\",\"@id\":\"https:\\\/\\\/blogdofarnesio.com.br\\\/?p=218816#article\",\"isPartOf\":{\"@id\":\"https:\\\/\\\/blogdofarnesio.com.br\\\/?p=218816\"},\"author\":{\"name\":\"Farn\u00e9sio\",\"@id\":\"https:\\\/\\\/blogdofarnesio.com.br\\\/#\\\/schema\\\/person\\\/301c4acf522bccbfdb45af95b5b906a1\"},\"headline\":\"DEPUTADO E PREFEITO DE CASA NOVA PROTESTAM CONTRA DETERMINA\u00c7\u00c3O DO JUIZ E SE COLOCAM CONTRA DESOCUPA\u00c7\u00c3O DA FAZENDA S\u00c3O FRANCISCO\",\"datePublished\":\"2019-01-17T10:30:39+00:00\",\"mainEntityOfPage\":{\"@id\":\"https:\\\/\\\/blogdofarnesio.com.br\\\/?p=218816\"},\"wordCount\":692,\"publisher\":{\"@id\":\"https:\\\/\\\/blogdofarnesio.com.br\\\/#organization\"},\"image\":{\"@id\":\"https:\\\/\\\/blogdofarnesio.com.br\\\/?p=218816#primaryimage\"},\"thumbnailUrl\":\"https:\\\/\\\/blogdofarnesio.com.br\\\/wp-content\\\/uploads\\\/2018\\\/11\\\/blogqssp-Wilker-Tum-e-Bebeto.jpeg\",\"articleSection\":[\"Cidades\"],\"inLanguage\":\"pt-BR\"},{\"@type\":\"WebPage\",\"@id\":\"https:\\\/\\\/blogdofarnesio.com.br\\\/?p=218816\",\"url\":\"https:\\\/\\\/blogdofarnesio.com.br\\\/?p=218816\",\"name\":\"DEPUTADO E PREFEITO DE CASA NOVA PROTESTAM CONTRA DETERMINA\u00c7\u00c3O DO JUIZ E SE COLOCAM CONTRA DESOCUPA\u00c7\u00c3O DA FAZENDA S\u00c3O FRANCISCO - Blog do Farn\u00e9sio\",\"isPartOf\":{\"@id\":\"https:\\\/\\\/blogdofarnesio.com.br\\\/#website\"},\"primaryImageOfPage\":{\"@id\":\"https:\\\/\\\/blogdofarnesio.com.br\\\/?p=218816#primaryimage\"},\"image\":{\"@id\":\"https:\\\/\\\/blogdofarnesio.com.br\\\/?p=218816#primaryimage\"},\"thumbnailUrl\":\"https:\\\/\\\/blogdofarnesio.com.br\\\/wp-content\\\/uploads\\\/2018\\\/11\\\/blogqssp-Wilker-Tum-e-Bebeto.jpeg\",\"datePublished\":\"2019-01-17T10:30:39+00:00\",\"breadcrumb\":{\"@id\":\"https:\\\/\\\/blogdofarnesio.com.br\\\/?p=218816#breadcrumb\"},\"inLanguage\":\"pt-BR\",\"potentialAction\":[{\"@type\":\"ReadAction\",\"target\":[\"https:\\\/\\\/blogdofarnesio.com.br\\\/?p=218816\"]}]},{\"@type\":\"ImageObject\",\"inLanguage\":\"pt-BR\",\"@id\":\"https:\\\/\\\/blogdofarnesio.com.br\\\/?p=218816#primaryimage\",\"url\":\"https:\\\/\\\/blogdofarnesio.com.br\\\/wp-content\\\/uploads\\\/2018\\\/11\\\/blogqssp-Wilker-Tum-e-Bebeto.jpeg\",\"contentUrl\":\"https:\\\/\\\/blogdofarnesio.com.br\\\/wp-content\\\/uploads\\\/2018\\\/11\\\/blogqssp-Wilker-Tum-e-Bebeto.jpeg\",\"width\":640,\"height\":360},{\"@type\":\"BreadcrumbList\",\"@id\":\"https:\\\/\\\/blogdofarnesio.com.br\\\/?p=218816#breadcrumb\",\"itemListElement\":[{\"@type\":\"ListItem\",\"position\":1,\"name\":\"In\u00edcio\",\"item\":\"https:\\\/\\\/blogdofarnesio.com.br\\\/\"},{\"@type\":\"ListItem\",\"position\":2,\"name\":\"DEPUTADO E PREFEITO DE CASA NOVA PROTESTAM CONTRA DETERMINA\u00c7\u00c3O DO JUIZ E SE COLOCAM CONTRA DESOCUPA\u00c7\u00c3O DA FAZENDA S\u00c3O FRANCISCO\"}]},{\"@type\":\"WebSite\",\"@id\":\"https:\\\/\\\/blogdofarnesio.com.br\\\/#website\",\"url\":\"https:\\\/\\\/blogdofarnesio.com.br\\\/\",\"name\":\"Blog do Farn\u00e9sio\",\"description\":\"Quer Saber Pol\u00edtica?\",\"publisher\":{\"@id\":\"https:\\\/\\\/blogdofarnesio.com.br\\\/#organization\"},\"potentialAction\":[{\"@type\":\"SearchAction\",\"target\":{\"@type\":\"EntryPoint\",\"urlTemplate\":\"https:\\\/\\\/blogdofarnesio.com.br\\\/?s={search_term_string}\"},\"query-input\":{\"@type\":\"PropertyValueSpecification\",\"valueRequired\":true,\"valueName\":\"search_term_string\"}}],\"inLanguage\":\"pt-BR\"},{\"@type\":\"Organization\",\"@id\":\"https:\\\/\\\/blogdofarnesio.com.br\\\/#organization\",\"name\":\"Blog do Farn\u00e9sio\",\"url\":\"https:\\\/\\\/blogdofarnesio.com.br\\\/\",\"logo\":{\"@type\":\"ImageObject\",\"inLanguage\":\"pt-BR\",\"@id\":\"https:\\\/\\\/blogdofarnesio.com.br\\\/#\\\/schema\\\/logo\\\/image\\\/\",\"url\":\"https:\\\/\\\/blogdofarnesio.com.br\\\/wp-content\\\/uploads\\\/2026\\\/03\\\/cropped-logo_new-1.png\",\"contentUrl\":\"https:\\\/\\\/blogdofarnesio.com.br\\\/wp-content\\\/uploads\\\/2026\\\/03\\\/cropped-logo_new-1.png\",\"width\":881,\"height\":685,\"caption\":\"Blog do Farn\u00e9sio\"},\"image\":{\"@id\":\"https:\\\/\\\/blogdofarnesio.com.br\\\/#\\\/schema\\\/logo\\\/image\\\/\"},\"sameAs\":[\"https:\\\/\\\/www.facebook.com\\\/BlogQuerSaberPolitica\\\/\"]},{\"@type\":\"Person\",\"@id\":\"https:\\\/\\\/blogdofarnesio.com.br\\\/#\\\/schema\\\/person\\\/301c4acf522bccbfdb45af95b5b906a1\",\"name\":\"Farn\u00e9sio\",\"image\":{\"@type\":\"ImageObject\",\"inLanguage\":\"pt-BR\",\"@id\":\"https:\\\/\\\/secure.gravatar.com\\\/avatar\\\/df0c9a14567c056f8ad6876ba5bbd1e3e2c48023eb6807342fc4663adf549f38?s=96&d=mm&r=g\",\"url\":\"https:\\\/\\\/secure.gravatar.com\\\/avatar\\\/df0c9a14567c056f8ad6876ba5bbd1e3e2c48023eb6807342fc4663adf549f38?s=96&d=mm&r=g\",\"contentUrl\":\"https:\\\/\\\/secure.gravatar.com\\\/avatar\\\/df0c9a14567c056f8ad6876ba5bbd1e3e2c48023eb6807342fc4663adf549f38?s=96&d=mm&r=g\",\"caption\":\"Farn\u00e9sio\"},\"sameAs\":[\"https:\\\/\\\/quersaberpolitica.com.br\"],\"url\":\"https:\\\/\\\/blogdofarnesio.com.br\\\/?author=1\"}]}<\/script>\n<!-- \/ Yoast SEO plugin. -->","yoast_head_json":{"title":"DEPUTADO E PREFEITO DE CASA NOVA PROTESTAM CONTRA DETERMINA\u00c7\u00c3O DO JUIZ E SE COLOCAM CONTRA DESOCUPA\u00c7\u00c3O DA FAZENDA S\u00c3O FRANCISCO - Blog do Farn\u00e9sio","robots":{"index":"index","follow":"follow","max-snippet":"max-snippet:-1","max-image-preview":"max-image-preview:large","max-video-preview":"max-video-preview:-1"},"canonical":"https:\/\/blogdofarnesio.com.br\/?p=218816","og_locale":"pt_BR","og_type":"article","og_title":"DEPUTADO E PREFEITO DE CASA NOVA PROTESTAM CONTRA DETERMINA\u00c7\u00c3O DO JUIZ E SE COLOCAM CONTRA DESOCUPA\u00c7\u00c3O DA FAZENDA S\u00c3O FRANCISCO - Blog do Farn\u00e9sio","og_description":"O deputado estadual Tum e seu irm\u00e3o o prefeito de Casa Nova Wilker Torres, denunciam as amea\u00e7as de desocupa\u00e7\u00e3o da Fazenda S\u00e3o Francisco, localizada no munic\u00edpio e exigem da justi\u00e7a uma solu\u00e7\u00e3o que n\u00e3o resulte no despejo de 60 fam\u00edlias de pequenos agricultores que fixaram resid\u00eancia naquelas terras. Lideradas pelo Movimento dos Trabalhadores sem Terra (MST), as 60 fam\u00edlias cultivam frutas, ra\u00edzes e criam animais no que foi batizado de Acampamento Eldorado dos Caraj\u00e1s, uma \u00e1rea de 50 hectares. No entanto, em maio de 2018, a empresa Moxx Frutas Tropicais LTDA obteve na justi\u00e7a decis\u00e3o favor\u00e1vel que determinava a sa\u00edda dos acampados. Segundo assessoria do deputado e do prefeito, mesmo o processo tendo tramitado pela primeira inst\u00e2ncia da justi\u00e7a e&hellip;","og_url":"https:\/\/blogdofarnesio.com.br\/?p=218816","og_site_name":"Blog do Farn\u00e9sio","article_publisher":"https:\/\/www.facebook.com\/BlogQuerSaberPolitica\/","article_published_time":"2019-01-17T10:30:39+00:00","og_image":[{"width":640,"height":360,"url":"https:\/\/blogdofarnesio.com.br\/wp-content\/uploads\/2018\/11\/blogqssp-Wilker-Tum-e-Bebeto.jpeg","type":"image\/jpeg"}],"author":"Farn\u00e9sio","twitter_card":"summary_large_image","twitter_misc":{"Escrito por":"Farn\u00e9sio","Est. tempo de leitura":"3 minutos"},"schema":{"@context":"https:\/\/schema.org","@graph":[{"@type":"Article","@id":"https:\/\/blogdofarnesio.com.br\/?p=218816#article","isPartOf":{"@id":"https:\/\/blogdofarnesio.com.br\/?p=218816"},"author":{"name":"Farn\u00e9sio","@id":"https:\/\/blogdofarnesio.com.br\/#\/schema\/person\/301c4acf522bccbfdb45af95b5b906a1"},"headline":"DEPUTADO E PREFEITO DE CASA NOVA PROTESTAM CONTRA DETERMINA\u00c7\u00c3O DO JUIZ E SE COLOCAM CONTRA DESOCUPA\u00c7\u00c3O DA FAZENDA S\u00c3O FRANCISCO","datePublished":"2019-01-17T10:30:39+00:00","mainEntityOfPage":{"@id":"https:\/\/blogdofarnesio.com.br\/?p=218816"},"wordCount":692,"publisher":{"@id":"https:\/\/blogdofarnesio.com.br\/#organization"},"image":{"@id":"https:\/\/blogdofarnesio.com.br\/?p=218816#primaryimage"},"thumbnailUrl":"https:\/\/blogdofarnesio.com.br\/wp-content\/uploads\/2018\/11\/blogqssp-Wilker-Tum-e-Bebeto.jpeg","articleSection":["Cidades"],"inLanguage":"pt-BR"},{"@type":"WebPage","@id":"https:\/\/blogdofarnesio.com.br\/?p=218816","url":"https:\/\/blogdofarnesio.com.br\/?p=218816","name":"DEPUTADO E PREFEITO DE CASA NOVA PROTESTAM CONTRA DETERMINA\u00c7\u00c3O DO JUIZ E SE COLOCAM CONTRA DESOCUPA\u00c7\u00c3O DA FAZENDA S\u00c3O FRANCISCO - Blog do Farn\u00e9sio","isPartOf":{"@id":"https:\/\/blogdofarnesio.com.br\/#website"},"primaryImageOfPage":{"@id":"https:\/\/blogdofarnesio.com.br\/?p=218816#primaryimage"},"image":{"@id":"https:\/\/blogdofarnesio.com.br\/?p=218816#primaryimage"},"thumbnailUrl":"https:\/\/blogdofarnesio.com.br\/wp-content\/uploads\/2018\/11\/blogqssp-Wilker-Tum-e-Bebeto.jpeg","datePublished":"2019-01-17T10:30:39+00:00","breadcrumb":{"@id":"https:\/\/blogdofarnesio.com.br\/?p=218816#breadcrumb"},"inLanguage":"pt-BR","potentialAction":[{"@type":"ReadAction","target":["https:\/\/blogdofarnesio.com.br\/?p=218816"]}]},{"@type":"ImageObject","inLanguage":"pt-BR","@id":"https:\/\/blogdofarnesio.com.br\/?p=218816#primaryimage","url":"https:\/\/blogdofarnesio.com.br\/wp-content\/uploads\/2018\/11\/blogqssp-Wilker-Tum-e-Bebeto.jpeg","contentUrl":"https:\/\/blogdofarnesio.com.br\/wp-content\/uploads\/2018\/11\/blogqssp-Wilker-Tum-e-Bebeto.jpeg","width":640,"height":360},{"@type":"BreadcrumbList","@id":"https:\/\/blogdofarnesio.com.br\/?p=218816#breadcrumb","itemListElement":[{"@type":"ListItem","position":1,"name":"In\u00edcio","item":"https:\/\/blogdofarnesio.com.br\/"},{"@type":"ListItem","position":2,"name":"DEPUTADO E PREFEITO DE CASA NOVA PROTESTAM CONTRA DETERMINA\u00c7\u00c3O DO JUIZ E SE COLOCAM CONTRA DESOCUPA\u00c7\u00c3O DA FAZENDA S\u00c3O FRANCISCO"}]},{"@type":"WebSite","@id":"https:\/\/blogdofarnesio.com.br\/#website","url":"https:\/\/blogdofarnesio.com.br\/","name":"Blog do Farn\u00e9sio","description":"Quer Saber Pol\u00edtica?","publisher":{"@id":"https:\/\/blogdofarnesio.com.br\/#organization"},"potentialAction":[{"@type":"SearchAction","target":{"@type":"EntryPoint","urlTemplate":"https:\/\/blogdofarnesio.com.br\/?s={search_term_string}"},"query-input":{"@type":"PropertyValueSpecification","valueRequired":true,"valueName":"search_term_string"}}],"inLanguage":"pt-BR"},{"@type":"Organization","@id":"https:\/\/blogdofarnesio.com.br\/#organization","name":"Blog do Farn\u00e9sio","url":"https:\/\/blogdofarnesio.com.br\/","logo":{"@type":"ImageObject","inLanguage":"pt-BR","@id":"https:\/\/blogdofarnesio.com.br\/#\/schema\/logo\/image\/","url":"https:\/\/blogdofarnesio.com.br\/wp-content\/uploads\/2026\/03\/cropped-logo_new-1.png","contentUrl":"https:\/\/blogdofarnesio.com.br\/wp-content\/uploads\/2026\/03\/cropped-logo_new-1.png","width":881,"height":685,"caption":"Blog do Farn\u00e9sio"},"image":{"@id":"https:\/\/blogdofarnesio.com.br\/#\/schema\/logo\/image\/"},"sameAs":["https:\/\/www.facebook.com\/BlogQuerSaberPolitica\/"]},{"@type":"Person","@id":"https:\/\/blogdofarnesio.com.br\/#\/schema\/person\/301c4acf522bccbfdb45af95b5b906a1","name":"Farn\u00e9sio","image":{"@type":"ImageObject","inLanguage":"pt-BR","@id":"https:\/\/secure.gravatar.com\/avatar\/df0c9a14567c056f8ad6876ba5bbd1e3e2c48023eb6807342fc4663adf549f38?s=96&d=mm&r=g","url":"https:\/\/secure.gravatar.com\/avatar\/df0c9a14567c056f8ad6876ba5bbd1e3e2c48023eb6807342fc4663adf549f38?s=96&d=mm&r=g","contentUrl":"https:\/\/secure.gravatar.com\/avatar\/df0c9a14567c056f8ad6876ba5bbd1e3e2c48023eb6807342fc4663adf549f38?s=96&d=mm&r=g","caption":"Farn\u00e9sio"},"sameAs":["https:\/\/quersaberpolitica.com.br"],"url":"https:\/\/blogdofarnesio.com.br\/?author=1"}]}},"_links":{"self":[{"href":"https:\/\/blogdofarnesio.com.br\/index.php?rest_route=\/wp\/v2\/posts\/218816","targetHints":{"allow":["GET"]}}],"collection":[{"href":"https:\/\/blogdofarnesio.com.br\/index.php?rest_route=\/wp\/v2\/posts"}],"about":[{"href":"https:\/\/blogdofarnesio.com.br\/index.php?rest_route=\/wp\/v2\/types\/post"}],"author":[{"embeddable":true,"href":"https:\/\/blogdofarnesio.com.br\/index.php?rest_route=\/wp\/v2\/users\/1"}],"replies":[{"embeddable":true,"href":"https:\/\/blogdofarnesio.com.br\/index.php?rest_route=%2Fwp%2Fv2%2Fcomments&post=218816"}],"version-history":[{"count":0,"href":"https:\/\/blogdofarnesio.com.br\/index.php?rest_route=\/wp\/v2\/posts\/218816\/revisions"}],"wp:featuredmedia":[{"embeddable":true,"href":"https:\/\/blogdofarnesio.com.br\/index.php?rest_route=\/wp\/v2\/media\/213617"}],"wp:attachment":[{"href":"https:\/\/blogdofarnesio.com.br\/index.php?rest_route=%2Fwp%2Fv2%2Fmedia&parent=218816"}],"wp:term":[{"taxonomy":"category","embeddable":true,"href":"https:\/\/blogdofarnesio.com.br\/index.php?rest_route=%2Fwp%2Fv2%2Fcategories&post=218816"},{"taxonomy":"post_tag","embeddable":true,"href":"https:\/\/blogdofarnesio.com.br\/index.php?rest_route=%2Fwp%2Fv2%2Ftags&post=218816"}],"curies":[{"name":"wp","href":"https:\/\/api.w.org\/{rel}","templated":true}]}}