{"id":218613,"date":"2019-01-14T08:00:27","date_gmt":"2019-01-14T11:00:27","guid":{"rendered":"http:\/\/quersaberpolitica.com.br\/2016\/?p=218613"},"modified":"2019-01-14T10:00:18","modified_gmt":"2019-01-14T13:00:18","slug":"ex-prefeito-isaac-carvalho-comeca-a-semana-tentando-reverter-decisao-do-tre-ba-que-reprovou-suas-contas-de-campanha","status":"publish","type":"post","link":"https:\/\/blogdofarnesio.com.br\/2019\/01\/ex-prefeito-isaac-carvalho-comeca-a-semana-tentando-reverter-decisao-do-tre-ba-que-reprovou-suas-contas-de-campanha\/","title":{"rendered":"EX-PREFEITO ISAAC CARVALHO COME\u00c7A A SEMANA TENTANDO REVERTER DECIS\u00c3O DO TRE-BA, QUE REPROVOU SUAS CONTAS DE CAMPANHA"},"content":{"rendered":"<p style=\"text-align: justify;\">Ap\u00f3s identificar irregularidades perto de R$ 1 milh\u00e3o, o Tribunal Regional Eleitoral da Bahia (TRE-BA) reprovou as contas de campanha de Isaac Carvalho (PCdoB), ex-prefeito de Juazeiro que concorreu a deputado federal nas elei\u00e7\u00f5es do ano passado.<\/p>\n<p>Entre as irregularidades financeiras na campanha de Isaac, o TRE-BA verificou doa\u00e7\u00f5es realizadas por empregados de uma mesma empresa para o candidato, o que revela ind\u00edcios de doa\u00e7\u00e3o empresarial indireta e &#8220;impropriedade na presta\u00e7\u00e3o&#8221;.<\/p>\n<p style=\"text-align: justify;\">Na decis\u00e3o, o relator Freddy Carvalho Pitta Lima fundamentou que o Setor Cont\u00e1bil da Corte e a Procuradoria Regional Eleitoral j\u00e1 haviam apontado parecer conclusivo pela desaprova\u00e7\u00e3o. O montante com suspeita de\u00a0irregularidades \u00e9 de R$ 920.883,12,\u00a0valor 173,41% superior ao total gasto declarado pelo comunista, de R$531.033,32.<\/p>\n<p style=\"text-align: justify;\">Isaac Carvalho recebeu mais de 100 mil votos, mas n\u00e3o foi diplomado \u00e0 vaga porque o\u00a0<a href=\"https:\/\/www.bnews.com.br\/noticias\/politica\/politica\/222858,tse-nega-ultimo-recurso-a-isaac-carvalho-leur-garante-vaga-na-camara-federal.html\" target=\"_blank\" rel=\"noopener\">Tribunal Superior Eleitoral (TSE) derrubou a liminar que sustentava sua candidatura<\/a>. Ele recorreu ao Supremo Tribunal Federal (STF), mas o\u00a0<a href=\"https:\/\/www.bnews.com.br\/noticias\/politica\/politica\/223786,stf-nega-recurso-e-isaac-carvalho-fica-inelegivel.html\" target=\"_blank\" rel=\"noopener\">ministro Edson Fachin manteve a decis\u00e3o<\/a>. Assim, o deputado federal eleito Leur Lomanto Jr (DEM-BA) ganhou a cadeira na C\u00e2mara dos Deputados.<\/p>\n<p style=\"text-align: justify;\">Carvalho foi alvo de um pedido de impugna\u00e7\u00e3o feito pelo Minist\u00e9rio P\u00fablico Federal (MPF) com base na Lei da Ficha Limpa. Em maio de 2016, ele foi condenado pela Justi\u00e7a a um ano, 11 meses e 10 dias de pris\u00e3o por cometer ilegalidades com recursos p\u00fablicos, com abertura il\u00edcita de cr\u00e9ditos adicionais suplementares, cujo montante era de aproximadamente R$ 112 milh\u00f5es.<\/p>\n<p style=\"text-align: justify;\">\u201cCuidadosamente examinadas as contas do candidato, verifica-se a subsist\u00eancia de impropriedades e irregularidades que levam \u00e0 desaprova\u00e7\u00e3o das contas\u201d, argumentou o relator Freddy Lima.<\/p>\n<p style=\"text-align: justify;\">Entre as irregularidades financeiras na campanha de Isaac, o TRE-BA verificou doa\u00e7\u00f5es realizadas por empregados de uma mesma empresa para o candidato, o que revela ind\u00edcios de doa\u00e7\u00e3o empresarial indireta e &#8220;impropriedade na presta\u00e7\u00e3o&#8221;.<\/p>\n<p style=\"text-align: justify;\">\u201cApesar de devidamente notificado a esclarecer a falha identificada acima, o promovente preferiu n\u00e3o se manifestar\u201d, diz trecho da decis\u00e3o, ao detalhar que foram detectados na presta\u00e7\u00e3o recursos, no valor R$ 3.063,00,\u00a0de origem n\u00e3o identificada, porque n\u00e3o foram\u00a0apresentados dados\u00a0de CPF\/CNPJ nos extratos eletr\u00f4nicos.<\/p>\n<p style=\"text-align: justify;\">Tamb\u00e9m houve irregularidades no tocante \u00e0 omiss\u00e3o de recursos estim\u00e1veis em dinheiro, referentes \u00e0 cess\u00e3o ou loca\u00e7\u00e3o de ve\u00edculos \u201ce n\u00e3o foram sanadas pelo promovente, embora tenha sido intimado a faz\u00ea-lo\u201d.<\/p>\n<p style=\"text-align: justify;\">Para a reprova\u00e7\u00e3o, o tribunal ainda listou diverg\u00eancias entre os dados dos fornecedores constantes na presta\u00e7\u00e3o de contas e as informa\u00e7\u00f5es da base de dados da Receita Federal, num montante de R$ 7.500,00.<\/p>\n<p style=\"text-align: justify;\">Al\u00e9m disso, houve, segundo o TRE-BA a omiss\u00e3o de despesa no valor de R$ 7.974,00.<\/p>\n<p style=\"text-align: justify;\">\u201cTodas essas falhas, que s\u00e3o em n\u00famero abundante, n\u00e3o foram confrontadas pelo prestador, quando devidamente intimado a faz\u00ea-lo\u201d, discorreu o relator.<\/p>\n","protected":false},"excerpt":{"rendered":"<p>Ap\u00f3s identificar irregularidades perto de R$ 1 milh\u00e3o, o Tribunal Regional Eleitoral da Bahia (TRE-BA) reprovou as contas de campanha de Isaac Carvalho (PCdoB), ex-prefeito de Juazeiro que concorreu a deputado federal nas elei\u00e7\u00f5es do ano passado. Entre as irregularidades financeiras na campanha de Isaac, o TRE-BA verificou doa\u00e7\u00f5es realizadas por empregados de uma mesma empresa para o candidato, o que revela ind\u00edcios de doa\u00e7\u00e3o empresarial indireta e &#8220;impropriedade na presta\u00e7\u00e3o&#8221;. Na decis\u00e3o, o relator Freddy Carvalho Pitta Lima fundamentou que o Setor Cont\u00e1bil da Corte e a Procuradoria Regional Eleitoral j\u00e1 haviam apontado parecer conclusivo pela desaprova\u00e7\u00e3o. O montante com suspeita de\u00a0irregularidades \u00e9 de R$ 920.883,12,\u00a0valor 173,41% superior ao total gasto declarado pelo comunista, de R$531.033,32. Isaac Carvalho recebeu&hellip; <\/p>\n","protected":false},"author":1,"featured_media":128254,"comment_status":"closed","ping_status":"closed","sticky":false,"template":"","format":"standard","meta":{"_acf_changed":false,"footnotes":""},"categories":[23,1],"tags":[],"class_list":["post-218613","post","type-post","status-publish","format-standard","has-post-thumbnail","hentry","category-justica","category-politica"],"acf":[],"yoast_head":"<!-- This site is optimized with the Yoast SEO plugin v27.5 - https:\/\/yoast.com\/product\/yoast-seo-wordpress\/ -->\n<title>EX-PREFEITO ISAAC CARVALHO COME\u00c7A A SEMANA TENTANDO REVERTER DECIS\u00c3O DO TRE-BA, QUE REPROVOU SUAS CONTAS DE CAMPANHA - Blog do Farn\u00e9sio<\/title>\n<meta name=\"robots\" content=\"index, follow, max-snippet:-1, max-image-preview:large, max-video-preview:-1\" \/>\n<link rel=\"canonical\" href=\"https:\/\/blogdofarnesio.com.br\/2019\/01\/ex-prefeito-isaac-carvalho-comeca-a-semana-tentando-reverter-decisao-do-tre-ba-que-reprovou-suas-contas-de-campanha\/\" \/>\n<meta property=\"og:locale\" content=\"pt_BR\" \/>\n<meta property=\"og:type\" content=\"article\" \/>\n<meta property=\"og:title\" content=\"EX-PREFEITO ISAAC CARVALHO COME\u00c7A A SEMANA TENTANDO REVERTER DECIS\u00c3O DO TRE-BA, QUE REPROVOU SUAS CONTAS DE CAMPANHA - Blog do Farn\u00e9sio\" \/>\n<meta property=\"og:description\" content=\"Ap\u00f3s identificar irregularidades perto de R$ 1 milh\u00e3o, o Tribunal Regional Eleitoral da Bahia (TRE-BA) reprovou as contas de campanha de Isaac Carvalho (PCdoB), ex-prefeito de Juazeiro que concorreu a deputado federal nas elei\u00e7\u00f5es do ano passado. Entre as irregularidades financeiras na campanha de Isaac, o TRE-BA verificou doa\u00e7\u00f5es realizadas por empregados de uma mesma empresa para o candidato, o que revela ind\u00edcios de doa\u00e7\u00e3o empresarial indireta e &#8220;impropriedade na presta\u00e7\u00e3o&#8221;. Na decis\u00e3o, o relator Freddy Carvalho Pitta Lima fundamentou que o Setor Cont\u00e1bil da Corte e a Procuradoria Regional Eleitoral j\u00e1 haviam apontado parecer conclusivo pela desaprova\u00e7\u00e3o. O montante com suspeita de\u00a0irregularidades \u00e9 de R$ 920.883,12,\u00a0valor 173,41% superior ao total gasto declarado pelo comunista, de R$531.033,32. Isaac Carvalho recebeu&hellip;\" \/>\n<meta property=\"og:url\" content=\"https:\/\/blogdofarnesio.com.br\/2019\/01\/ex-prefeito-isaac-carvalho-comeca-a-semana-tentando-reverter-decisao-do-tre-ba-que-reprovou-suas-contas-de-campanha\/\" \/>\n<meta property=\"og:site_name\" content=\"Blog do Farn\u00e9sio\" \/>\n<meta property=\"article:publisher\" content=\"https:\/\/www.facebook.com\/BlogQuerSaberPolitica\/\" \/>\n<meta property=\"article:published_time\" content=\"2019-01-14T11:00:27+00:00\" \/>\n<meta property=\"article:modified_time\" content=\"2019-01-14T13:00:18+00:00\" \/>\n<meta property=\"og:image\" content=\"https:\/\/blogdofarnesio.com.br\/wp-content\/uploads\/2015\/08\/blogqspisaaclindsey-Foto-Farn\u00e9sio-Silva1.jpg\" \/>\n\t<meta property=\"og:image:width\" content=\"640\" \/>\n\t<meta property=\"og:image:height\" content=\"427\" \/>\n\t<meta property=\"og:image:type\" content=\"image\/jpeg\" \/>\n<meta name=\"author\" content=\"Farn\u00e9sio\" \/>\n<meta name=\"twitter:card\" content=\"summary_large_image\" \/>\n<meta name=\"twitter:label1\" content=\"Escrito por\" \/>\n\t<meta name=\"twitter:data1\" content=\"Farn\u00e9sio\" \/>\n\t<meta name=\"twitter:label2\" content=\"Est. tempo de leitura\" \/>\n\t<meta name=\"twitter:data2\" content=\"2 minutos\" \/>\n<script type=\"application\/ld+json\" class=\"yoast-schema-graph\">{\"@context\":\"https:\\\/\\\/schema.org\",\"@graph\":[{\"@type\":\"Article\",\"@id\":\"https:\\\/\\\/blogdofarnesio.com.br\\\/2019\\\/01\\\/ex-prefeito-isaac-carvalho-comeca-a-semana-tentando-reverter-decisao-do-tre-ba-que-reprovou-suas-contas-de-campanha\\\/#article\",\"isPartOf\":{\"@id\":\"https:\\\/\\\/blogdofarnesio.com.br\\\/2019\\\/01\\\/ex-prefeito-isaac-carvalho-comeca-a-semana-tentando-reverter-decisao-do-tre-ba-que-reprovou-suas-contas-de-campanha\\\/\"},\"author\":{\"name\":\"Farn\u00e9sio\",\"@id\":\"https:\\\/\\\/blogdofarnesio.com.br\\\/#\\\/schema\\\/person\\\/301c4acf522bccbfdb45af95b5b906a1\"},\"headline\":\"EX-PREFEITO ISAAC CARVALHO COME\u00c7A A SEMANA TENTANDO REVERTER DECIS\u00c3O DO TRE-BA, QUE REPROVOU SUAS CONTAS DE CAMPANHA\",\"datePublished\":\"2019-01-14T11:00:27+00:00\",\"dateModified\":\"2019-01-14T13:00:18+00:00\",\"mainEntityOfPage\":{\"@id\":\"https:\\\/\\\/blogdofarnesio.com.br\\\/2019\\\/01\\\/ex-prefeito-isaac-carvalho-comeca-a-semana-tentando-reverter-decisao-do-tre-ba-que-reprovou-suas-contas-de-campanha\\\/\"},\"wordCount\":498,\"publisher\":{\"@id\":\"https:\\\/\\\/blogdofarnesio.com.br\\\/#organization\"},\"image\":{\"@id\":\"https:\\\/\\\/blogdofarnesio.com.br\\\/2019\\\/01\\\/ex-prefeito-isaac-carvalho-comeca-a-semana-tentando-reverter-decisao-do-tre-ba-que-reprovou-suas-contas-de-campanha\\\/#primaryimage\"},\"thumbnailUrl\":\"https:\\\/\\\/blogdofarnesio.com.br\\\/wp-content\\\/uploads\\\/2015\\\/08\\\/blogqspisaaclindsey-Foto-Farn\u00e9sio-Silva1.jpg\",\"articleSection\":[\"Justi\u00e7a\",\"Pol\u00edtica\"],\"inLanguage\":\"pt-BR\"},{\"@type\":\"WebPage\",\"@id\":\"https:\\\/\\\/blogdofarnesio.com.br\\\/2019\\\/01\\\/ex-prefeito-isaac-carvalho-comeca-a-semana-tentando-reverter-decisao-do-tre-ba-que-reprovou-suas-contas-de-campanha\\\/\",\"url\":\"https:\\\/\\\/blogdofarnesio.com.br\\\/2019\\\/01\\\/ex-prefeito-isaac-carvalho-comeca-a-semana-tentando-reverter-decisao-do-tre-ba-que-reprovou-suas-contas-de-campanha\\\/\",\"name\":\"EX-PREFEITO ISAAC CARVALHO COME\u00c7A A SEMANA TENTANDO REVERTER DECIS\u00c3O DO TRE-BA, QUE REPROVOU SUAS CONTAS DE CAMPANHA - Blog do Farn\u00e9sio\",\"isPartOf\":{\"@id\":\"https:\\\/\\\/blogdofarnesio.com.br\\\/#website\"},\"primaryImageOfPage\":{\"@id\":\"https:\\\/\\\/blogdofarnesio.com.br\\\/2019\\\/01\\\/ex-prefeito-isaac-carvalho-comeca-a-semana-tentando-reverter-decisao-do-tre-ba-que-reprovou-suas-contas-de-campanha\\\/#primaryimage\"},\"image\":{\"@id\":\"https:\\\/\\\/blogdofarnesio.com.br\\\/2019\\\/01\\\/ex-prefeito-isaac-carvalho-comeca-a-semana-tentando-reverter-decisao-do-tre-ba-que-reprovou-suas-contas-de-campanha\\\/#primaryimage\"},\"thumbnailUrl\":\"https:\\\/\\\/blogdofarnesio.com.br\\\/wp-content\\\/uploads\\\/2015\\\/08\\\/blogqspisaaclindsey-Foto-Farn\u00e9sio-Silva1.jpg\",\"datePublished\":\"2019-01-14T11:00:27+00:00\",\"dateModified\":\"2019-01-14T13:00:18+00:00\",\"breadcrumb\":{\"@id\":\"https:\\\/\\\/blogdofarnesio.com.br\\\/2019\\\/01\\\/ex-prefeito-isaac-carvalho-comeca-a-semana-tentando-reverter-decisao-do-tre-ba-que-reprovou-suas-contas-de-campanha\\\/#breadcrumb\"},\"inLanguage\":\"pt-BR\",\"potentialAction\":[{\"@type\":\"ReadAction\",\"target\":[\"https:\\\/\\\/blogdofarnesio.com.br\\\/2019\\\/01\\\/ex-prefeito-isaac-carvalho-comeca-a-semana-tentando-reverter-decisao-do-tre-ba-que-reprovou-suas-contas-de-campanha\\\/\"]}]},{\"@type\":\"ImageObject\",\"inLanguage\":\"pt-BR\",\"@id\":\"https:\\\/\\\/blogdofarnesio.com.br\\\/2019\\\/01\\\/ex-prefeito-isaac-carvalho-comeca-a-semana-tentando-reverter-decisao-do-tre-ba-que-reprovou-suas-contas-de-campanha\\\/#primaryimage\",\"url\":\"https:\\\/\\\/blogdofarnesio.com.br\\\/wp-content\\\/uploads\\\/2015\\\/08\\\/blogqspisaaclindsey-Foto-Farn\u00e9sio-Silva1.jpg\",\"contentUrl\":\"https:\\\/\\\/blogdofarnesio.com.br\\\/wp-content\\\/uploads\\\/2015\\\/08\\\/blogqspisaaclindsey-Foto-Farn\u00e9sio-Silva1.jpg\",\"width\":640,\"height\":427},{\"@type\":\"BreadcrumbList\",\"@id\":\"https:\\\/\\\/blogdofarnesio.com.br\\\/2019\\\/01\\\/ex-prefeito-isaac-carvalho-comeca-a-semana-tentando-reverter-decisao-do-tre-ba-que-reprovou-suas-contas-de-campanha\\\/#breadcrumb\",\"itemListElement\":[{\"@type\":\"ListItem\",\"position\":1,\"name\":\"In\u00edcio\",\"item\":\"https:\\\/\\\/blogdofarnesio.com.br\\\/\"},{\"@type\":\"ListItem\",\"position\":2,\"name\":\"EX-PREFEITO ISAAC CARVALHO COME\u00c7A A SEMANA TENTANDO REVERTER DECIS\u00c3O DO TRE-BA, QUE REPROVOU SUAS CONTAS DE CAMPANHA\"}]},{\"@type\":\"WebSite\",\"@id\":\"https:\\\/\\\/blogdofarnesio.com.br\\\/#website\",\"url\":\"https:\\\/\\\/blogdofarnesio.com.br\\\/\",\"name\":\"Blog do Farn\u00e9sio\",\"description\":\"Quer Saber Pol\u00edtica?\",\"publisher\":{\"@id\":\"https:\\\/\\\/blogdofarnesio.com.br\\\/#organization\"},\"potentialAction\":[{\"@type\":\"SearchAction\",\"target\":{\"@type\":\"EntryPoint\",\"urlTemplate\":\"https:\\\/\\\/blogdofarnesio.com.br\\\/?s={search_term_string}\"},\"query-input\":{\"@type\":\"PropertyValueSpecification\",\"valueRequired\":true,\"valueName\":\"search_term_string\"}}],\"inLanguage\":\"pt-BR\"},{\"@type\":\"Organization\",\"@id\":\"https:\\\/\\\/blogdofarnesio.com.br\\\/#organization\",\"name\":\"Blog do Farn\u00e9sio\",\"url\":\"https:\\\/\\\/blogdofarnesio.com.br\\\/\",\"logo\":{\"@type\":\"ImageObject\",\"inLanguage\":\"pt-BR\",\"@id\":\"https:\\\/\\\/blogdofarnesio.com.br\\\/#\\\/schema\\\/logo\\\/image\\\/\",\"url\":\"https:\\\/\\\/blogdofarnesio.com.br\\\/wp-content\\\/uploads\\\/2026\\\/03\\\/cropped-logo_new-1.png\",\"contentUrl\":\"https:\\\/\\\/blogdofarnesio.com.br\\\/wp-content\\\/uploads\\\/2026\\\/03\\\/cropped-logo_new-1.png\",\"width\":881,\"height\":685,\"caption\":\"Blog do Farn\u00e9sio\"},\"image\":{\"@id\":\"https:\\\/\\\/blogdofarnesio.com.br\\\/#\\\/schema\\\/logo\\\/image\\\/\"},\"sameAs\":[\"https:\\\/\\\/www.facebook.com\\\/BlogQuerSaberPolitica\\\/\"]},{\"@type\":\"Person\",\"@id\":\"https:\\\/\\\/blogdofarnesio.com.br\\\/#\\\/schema\\\/person\\\/301c4acf522bccbfdb45af95b5b906a1\",\"name\":\"Farn\u00e9sio\",\"image\":{\"@type\":\"ImageObject\",\"inLanguage\":\"pt-BR\",\"@id\":\"https:\\\/\\\/secure.gravatar.com\\\/avatar\\\/df0c9a14567c056f8ad6876ba5bbd1e3e2c48023eb6807342fc4663adf549f38?s=96&d=mm&r=g\",\"url\":\"https:\\\/\\\/secure.gravatar.com\\\/avatar\\\/df0c9a14567c056f8ad6876ba5bbd1e3e2c48023eb6807342fc4663adf549f38?s=96&d=mm&r=g\",\"contentUrl\":\"https:\\\/\\\/secure.gravatar.com\\\/avatar\\\/df0c9a14567c056f8ad6876ba5bbd1e3e2c48023eb6807342fc4663adf549f38?s=96&d=mm&r=g\",\"caption\":\"Farn\u00e9sio\"},\"sameAs\":[\"https:\\\/\\\/quersaberpolitica.com.br\"],\"url\":\"https:\\\/\\\/blogdofarnesio.com.br\\\/author\\\/farnesio\\\/\"}]}<\/script>\n<!-- \/ Yoast SEO plugin. -->","yoast_head_json":{"title":"EX-PREFEITO ISAAC CARVALHO COME\u00c7A A SEMANA TENTANDO REVERTER DECIS\u00c3O DO TRE-BA, QUE REPROVOU SUAS CONTAS DE CAMPANHA - Blog do Farn\u00e9sio","robots":{"index":"index","follow":"follow","max-snippet":"max-snippet:-1","max-image-preview":"max-image-preview:large","max-video-preview":"max-video-preview:-1"},"canonical":"https:\/\/blogdofarnesio.com.br\/2019\/01\/ex-prefeito-isaac-carvalho-comeca-a-semana-tentando-reverter-decisao-do-tre-ba-que-reprovou-suas-contas-de-campanha\/","og_locale":"pt_BR","og_type":"article","og_title":"EX-PREFEITO ISAAC CARVALHO COME\u00c7A A SEMANA TENTANDO REVERTER DECIS\u00c3O DO TRE-BA, QUE REPROVOU SUAS CONTAS DE CAMPANHA - Blog do Farn\u00e9sio","og_description":"Ap\u00f3s identificar irregularidades perto de R$ 1 milh\u00e3o, o Tribunal Regional Eleitoral da Bahia (TRE-BA) reprovou as contas de campanha de Isaac Carvalho (PCdoB), ex-prefeito de Juazeiro que concorreu a deputado federal nas elei\u00e7\u00f5es do ano passado. Entre as irregularidades financeiras na campanha de Isaac, o TRE-BA verificou doa\u00e7\u00f5es realizadas por empregados de uma mesma empresa para o candidato, o que revela ind\u00edcios de doa\u00e7\u00e3o empresarial indireta e &#8220;impropriedade na presta\u00e7\u00e3o&#8221;. Na decis\u00e3o, o relator Freddy Carvalho Pitta Lima fundamentou que o Setor Cont\u00e1bil da Corte e a Procuradoria Regional Eleitoral j\u00e1 haviam apontado parecer conclusivo pela desaprova\u00e7\u00e3o. O montante com suspeita de\u00a0irregularidades \u00e9 de R$ 920.883,12,\u00a0valor 173,41% superior ao total gasto declarado pelo comunista, de R$531.033,32. Isaac Carvalho recebeu&hellip;","og_url":"https:\/\/blogdofarnesio.com.br\/2019\/01\/ex-prefeito-isaac-carvalho-comeca-a-semana-tentando-reverter-decisao-do-tre-ba-que-reprovou-suas-contas-de-campanha\/","og_site_name":"Blog do Farn\u00e9sio","article_publisher":"https:\/\/www.facebook.com\/BlogQuerSaberPolitica\/","article_published_time":"2019-01-14T11:00:27+00:00","article_modified_time":"2019-01-14T13:00:18+00:00","og_image":[{"width":640,"height":427,"url":"https:\/\/blogdofarnesio.com.br\/wp-content\/uploads\/2015\/08\/blogqspisaaclindsey-Foto-Farn\u00e9sio-Silva1.jpg","type":"image\/jpeg"}],"author":"Farn\u00e9sio","twitter_card":"summary_large_image","twitter_misc":{"Escrito por":"Farn\u00e9sio","Est. tempo de leitura":"2 minutos"},"schema":{"@context":"https:\/\/schema.org","@graph":[{"@type":"Article","@id":"https:\/\/blogdofarnesio.com.br\/2019\/01\/ex-prefeito-isaac-carvalho-comeca-a-semana-tentando-reverter-decisao-do-tre-ba-que-reprovou-suas-contas-de-campanha\/#article","isPartOf":{"@id":"https:\/\/blogdofarnesio.com.br\/2019\/01\/ex-prefeito-isaac-carvalho-comeca-a-semana-tentando-reverter-decisao-do-tre-ba-que-reprovou-suas-contas-de-campanha\/"},"author":{"name":"Farn\u00e9sio","@id":"https:\/\/blogdofarnesio.com.br\/#\/schema\/person\/301c4acf522bccbfdb45af95b5b906a1"},"headline":"EX-PREFEITO ISAAC CARVALHO COME\u00c7A A SEMANA TENTANDO REVERTER DECIS\u00c3O DO TRE-BA, QUE REPROVOU SUAS CONTAS DE CAMPANHA","datePublished":"2019-01-14T11:00:27+00:00","dateModified":"2019-01-14T13:00:18+00:00","mainEntityOfPage":{"@id":"https:\/\/blogdofarnesio.com.br\/2019\/01\/ex-prefeito-isaac-carvalho-comeca-a-semana-tentando-reverter-decisao-do-tre-ba-que-reprovou-suas-contas-de-campanha\/"},"wordCount":498,"publisher":{"@id":"https:\/\/blogdofarnesio.com.br\/#organization"},"image":{"@id":"https:\/\/blogdofarnesio.com.br\/2019\/01\/ex-prefeito-isaac-carvalho-comeca-a-semana-tentando-reverter-decisao-do-tre-ba-que-reprovou-suas-contas-de-campanha\/#primaryimage"},"thumbnailUrl":"https:\/\/blogdofarnesio.com.br\/wp-content\/uploads\/2015\/08\/blogqspisaaclindsey-Foto-Farn\u00e9sio-Silva1.jpg","articleSection":["Justi\u00e7a","Pol\u00edtica"],"inLanguage":"pt-BR"},{"@type":"WebPage","@id":"https:\/\/blogdofarnesio.com.br\/2019\/01\/ex-prefeito-isaac-carvalho-comeca-a-semana-tentando-reverter-decisao-do-tre-ba-que-reprovou-suas-contas-de-campanha\/","url":"https:\/\/blogdofarnesio.com.br\/2019\/01\/ex-prefeito-isaac-carvalho-comeca-a-semana-tentando-reverter-decisao-do-tre-ba-que-reprovou-suas-contas-de-campanha\/","name":"EX-PREFEITO ISAAC CARVALHO COME\u00c7A A SEMANA TENTANDO REVERTER DECIS\u00c3O DO TRE-BA, QUE REPROVOU SUAS CONTAS DE CAMPANHA - Blog do Farn\u00e9sio","isPartOf":{"@id":"https:\/\/blogdofarnesio.com.br\/#website"},"primaryImageOfPage":{"@id":"https:\/\/blogdofarnesio.com.br\/2019\/01\/ex-prefeito-isaac-carvalho-comeca-a-semana-tentando-reverter-decisao-do-tre-ba-que-reprovou-suas-contas-de-campanha\/#primaryimage"},"image":{"@id":"https:\/\/blogdofarnesio.com.br\/2019\/01\/ex-prefeito-isaac-carvalho-comeca-a-semana-tentando-reverter-decisao-do-tre-ba-que-reprovou-suas-contas-de-campanha\/#primaryimage"},"thumbnailUrl":"https:\/\/blogdofarnesio.com.br\/wp-content\/uploads\/2015\/08\/blogqspisaaclindsey-Foto-Farn\u00e9sio-Silva1.jpg","datePublished":"2019-01-14T11:00:27+00:00","dateModified":"2019-01-14T13:00:18+00:00","breadcrumb":{"@id":"https:\/\/blogdofarnesio.com.br\/2019\/01\/ex-prefeito-isaac-carvalho-comeca-a-semana-tentando-reverter-decisao-do-tre-ba-que-reprovou-suas-contas-de-campanha\/#breadcrumb"},"inLanguage":"pt-BR","potentialAction":[{"@type":"ReadAction","target":["https:\/\/blogdofarnesio.com.br\/2019\/01\/ex-prefeito-isaac-carvalho-comeca-a-semana-tentando-reverter-decisao-do-tre-ba-que-reprovou-suas-contas-de-campanha\/"]}]},{"@type":"ImageObject","inLanguage":"pt-BR","@id":"https:\/\/blogdofarnesio.com.br\/2019\/01\/ex-prefeito-isaac-carvalho-comeca-a-semana-tentando-reverter-decisao-do-tre-ba-que-reprovou-suas-contas-de-campanha\/#primaryimage","url":"https:\/\/blogdofarnesio.com.br\/wp-content\/uploads\/2015\/08\/blogqspisaaclindsey-Foto-Farn\u00e9sio-Silva1.jpg","contentUrl":"https:\/\/blogdofarnesio.com.br\/wp-content\/uploads\/2015\/08\/blogqspisaaclindsey-Foto-Farn\u00e9sio-Silva1.jpg","width":640,"height":427},{"@type":"BreadcrumbList","@id":"https:\/\/blogdofarnesio.com.br\/2019\/01\/ex-prefeito-isaac-carvalho-comeca-a-semana-tentando-reverter-decisao-do-tre-ba-que-reprovou-suas-contas-de-campanha\/#breadcrumb","itemListElement":[{"@type":"ListItem","position":1,"name":"In\u00edcio","item":"https:\/\/blogdofarnesio.com.br\/"},{"@type":"ListItem","position":2,"name":"EX-PREFEITO ISAAC CARVALHO COME\u00c7A A SEMANA TENTANDO REVERTER DECIS\u00c3O DO TRE-BA, QUE REPROVOU SUAS CONTAS DE CAMPANHA"}]},{"@type":"WebSite","@id":"https:\/\/blogdofarnesio.com.br\/#website","url":"https:\/\/blogdofarnesio.com.br\/","name":"Blog do Farn\u00e9sio","description":"Quer Saber Pol\u00edtica?","publisher":{"@id":"https:\/\/blogdofarnesio.com.br\/#organization"},"potentialAction":[{"@type":"SearchAction","target":{"@type":"EntryPoint","urlTemplate":"https:\/\/blogdofarnesio.com.br\/?s={search_term_string}"},"query-input":{"@type":"PropertyValueSpecification","valueRequired":true,"valueName":"search_term_string"}}],"inLanguage":"pt-BR"},{"@type":"Organization","@id":"https:\/\/blogdofarnesio.com.br\/#organization","name":"Blog do Farn\u00e9sio","url":"https:\/\/blogdofarnesio.com.br\/","logo":{"@type":"ImageObject","inLanguage":"pt-BR","@id":"https:\/\/blogdofarnesio.com.br\/#\/schema\/logo\/image\/","url":"https:\/\/blogdofarnesio.com.br\/wp-content\/uploads\/2026\/03\/cropped-logo_new-1.png","contentUrl":"https:\/\/blogdofarnesio.com.br\/wp-content\/uploads\/2026\/03\/cropped-logo_new-1.png","width":881,"height":685,"caption":"Blog do Farn\u00e9sio"},"image":{"@id":"https:\/\/blogdofarnesio.com.br\/#\/schema\/logo\/image\/"},"sameAs":["https:\/\/www.facebook.com\/BlogQuerSaberPolitica\/"]},{"@type":"Person","@id":"https:\/\/blogdofarnesio.com.br\/#\/schema\/person\/301c4acf522bccbfdb45af95b5b906a1","name":"Farn\u00e9sio","image":{"@type":"ImageObject","inLanguage":"pt-BR","@id":"https:\/\/secure.gravatar.com\/avatar\/df0c9a14567c056f8ad6876ba5bbd1e3e2c48023eb6807342fc4663adf549f38?s=96&d=mm&r=g","url":"https:\/\/secure.gravatar.com\/avatar\/df0c9a14567c056f8ad6876ba5bbd1e3e2c48023eb6807342fc4663adf549f38?s=96&d=mm&r=g","contentUrl":"https:\/\/secure.gravatar.com\/avatar\/df0c9a14567c056f8ad6876ba5bbd1e3e2c48023eb6807342fc4663adf549f38?s=96&d=mm&r=g","caption":"Farn\u00e9sio"},"sameAs":["https:\/\/quersaberpolitica.com.br"],"url":"https:\/\/blogdofarnesio.com.br\/author\/farnesio\/"}]}},"_links":{"self":[{"href":"https:\/\/blogdofarnesio.com.br\/wp-json\/wp\/v2\/posts\/218613","targetHints":{"allow":["GET"]}}],"collection":[{"href":"https:\/\/blogdofarnesio.com.br\/wp-json\/wp\/v2\/posts"}],"about":[{"href":"https:\/\/blogdofarnesio.com.br\/wp-json\/wp\/v2\/types\/post"}],"author":[{"embeddable":true,"href":"https:\/\/blogdofarnesio.com.br\/wp-json\/wp\/v2\/users\/1"}],"replies":[{"embeddable":true,"href":"https:\/\/blogdofarnesio.com.br\/wp-json\/wp\/v2\/comments?post=218613"}],"version-history":[{"count":0,"href":"https:\/\/blogdofarnesio.com.br\/wp-json\/wp\/v2\/posts\/218613\/revisions"}],"wp:featuredmedia":[{"embeddable":true,"href":"https:\/\/blogdofarnesio.com.br\/wp-json\/wp\/v2\/media\/128254"}],"wp:attachment":[{"href":"https:\/\/blogdofarnesio.com.br\/wp-json\/wp\/v2\/media?parent=218613"}],"wp:term":[{"taxonomy":"category","embeddable":true,"href":"https:\/\/blogdofarnesio.com.br\/wp-json\/wp\/v2\/categories?post=218613"},{"taxonomy":"post_tag","embeddable":true,"href":"https:\/\/blogdofarnesio.com.br\/wp-json\/wp\/v2\/tags?post=218613"}],"curies":[{"name":"wp","href":"https:\/\/api.w.org\/{rel}","templated":true}]}}