{"id":218359,"date":"2019-01-08T16:00:24","date_gmt":"2019-01-08T19:00:24","guid":{"rendered":"http:\/\/quersaberpolitica.com.br\/2016\/?p=218359"},"modified":"2019-01-08T14:13:14","modified_gmt":"2019-01-08T17:13:14","slug":"bandidos-metralham-delegacia-no-interior-de-pernambuco","status":"publish","type":"post","link":"https:\/\/blogdofarnesio.com.br\/?p=218359","title":{"rendered":"BANDIDOS METRALHAM DELEGACIA NO INTERIOR DE PERNAMBUCO"},"content":{"rendered":"<div class=\"td-post-header td-pb-padding-side\"><\/div>\n<div class=\"td-post-content td-pb-padding-side\">\n<div id=\"post-body-5372268910452461950\" class=\"post-body entry-content\">\n<p dir=\"ltr\">Por Marcos Ara\u00fajo rep\u00f3rter policial<\/p>\n<p dir=\"ltr\">A delegacia de Toritama que fica localizada na rua Em\u00eddio Jord\u00e3o centro, foi metralhada por bandidos na madrugada desta segunda-feira, 07\/01, de acordo com as informa\u00e7\u00f5es elementos n\u00e3o identificados chegaram por volta das 4:30 da madrugada de hoje e atiraram v\u00e1rias vezes contra a delegacia e ve\u00edculos que estavam estacionados, Inclusive a viatura da pol\u00edcia civil, segundo informa\u00e7\u00f5es a a\u00e7\u00e3o delituosa durou aproximadamente cinco minutos, em seguida os bandidos tomaram destino.<\/p>\n<p dir=\"ltr\">Da reda\u00e7\u00e3o do site opera\u00e7\u00f5es policiais<\/p>\n<div class=\"separator\"><a href=\"https:\/\/lh3.googleusercontent.com\/-PgaaH93a2vI\/XDNE9ZE-FTI\/AAAAAAABLDU\/G0B06pBJsDw8sksLoT9xc-GREXIiMzAoACHMYCw\/s1600\/P_20190107_090435.jpg\"><img decoding=\"async\" class=\"td-animation-stack-type0-1\" src=\"https:\/\/lh3.googleusercontent.com\/-PgaaH93a2vI\/XDNE9ZE-FTI\/AAAAAAABLDU\/G0B06pBJsDw8sksLoT9xc-GREXIiMzAoACHMYCw\/s640\/P_20190107_090435.jpg\" border=\"0\" \/><\/a><\/div>\n<div class=\"separator\"><a href=\"https:\/\/lh3.googleusercontent.com\/-9zaMLIzLwbI\/XDNFDupKHzI\/AAAAAAABLDY\/TWEJAcE7FZs2K1K0n9u66uwRqNJlUtCLACHMYCw\/s1600\/P_20190107_090426.jpg\"><img decoding=\"async\" class=\"td-animation-stack-type0-1\" src=\"https:\/\/lh3.googleusercontent.com\/-9zaMLIzLwbI\/XDNFDupKHzI\/AAAAAAABLDY\/TWEJAcE7FZs2K1K0n9u66uwRqNJlUtCLACHMYCw\/s640\/P_20190107_090426.jpg\" border=\"0\" \/><\/a><\/div>\n<div class=\"separator\"><a href=\"https:\/\/lh3.googleusercontent.com\/-VCzzTF3oaTk\/XDNFIN73hKI\/AAAAAAABLDc\/mK8QD-JreHw9ME3OiE9MP8CTZDxsAuAKACHMYCw\/s1600\/P_20190107_090424.jpg\"><img decoding=\"async\" class=\"td-animation-stack-type0-1\" src=\"https:\/\/lh3.googleusercontent.com\/-VCzzTF3oaTk\/XDNFIN73hKI\/AAAAAAABLDc\/mK8QD-JreHw9ME3OiE9MP8CTZDxsAuAKACHMYCw\/s640\/P_20190107_090424.jpg\" border=\"0\" \/><\/a><\/div>\n<div class=\"separator\"><a href=\"https:\/\/lh3.googleusercontent.com\/-NhodWZwYM-Q\/XDNFO5bfc0I\/AAAAAAABLDk\/xo_eDMdFr1MikereMGG8WvHiV2jIipR5QCHMYCw\/s1600\/P_20190107_090438.jpg\"><img decoding=\"async\" class=\"td-animation-stack-type0-1\" src=\"https:\/\/lh3.googleusercontent.com\/-NhodWZwYM-Q\/XDNFO5bfc0I\/AAAAAAABLDk\/xo_eDMdFr1MikereMGG8WvHiV2jIipR5QCHMYCw\/s640\/P_20190107_090438.jpg\" border=\"0\" \/><\/a><\/div>\n<\/div>\n<\/div>\n","protected":false},"excerpt":{"rendered":"<p>Por Marcos Ara\u00fajo rep\u00f3rter policial A delegacia de Toritama que fica localizada na rua Em\u00eddio Jord\u00e3o centro, foi metralhada por bandidos na madrugada desta segunda-feira, 07\/01, de acordo com as informa\u00e7\u00f5es elementos n\u00e3o identificados chegaram por volta das 4:30 da madrugada de hoje e atiraram v\u00e1rias vezes contra a delegacia e ve\u00edculos que estavam estacionados, Inclusive a viatura da pol\u00edcia civil, segundo informa\u00e7\u00f5es a a\u00e7\u00e3o delituosa durou aproximadamente cinco minutos, em seguida os bandidos tomaram destino. Da reda\u00e7\u00e3o do site opera\u00e7\u00f5es policiais<\/p>\n","protected":false},"author":1,"featured_media":218360,"comment_status":"closed","ping_status":"closed","sticky":false,"template":"","format":"standard","meta":{"_acf_changed":false,"footnotes":""},"categories":[9],"tags":[],"class_list":["post-218359","post","type-post","status-publish","format-standard","has-post-thumbnail","hentry","category-policia"],"acf":[],"yoast_head":"<!-- This site is optimized with the Yoast SEO plugin v27.4 - https:\/\/yoast.com\/product\/yoast-seo-wordpress\/ -->\n<title>BANDIDOS METRALHAM DELEGACIA NO INTERIOR DE PERNAMBUCO - Blog do Farn\u00e9sio<\/title>\n<meta name=\"robots\" content=\"index, follow, max-snippet:-1, max-image-preview:large, max-video-preview:-1\" \/>\n<link rel=\"canonical\" href=\"https:\/\/blogdofarnesio.com.br\/?p=218359\" \/>\n<meta property=\"og:locale\" content=\"pt_BR\" \/>\n<meta property=\"og:type\" content=\"article\" \/>\n<meta property=\"og:title\" content=\"BANDIDOS METRALHAM DELEGACIA NO INTERIOR DE PERNAMBUCO - Blog do Farn\u00e9sio\" \/>\n<meta property=\"og:description\" content=\"Por Marcos Ara\u00fajo rep\u00f3rter policial A delegacia de Toritama que fica localizada na rua Em\u00eddio Jord\u00e3o centro, foi metralhada por bandidos na madrugada desta segunda-feira, 07\/01, de acordo com as informa\u00e7\u00f5es elementos n\u00e3o identificados chegaram por volta das 4:30 da madrugada de hoje e atiraram v\u00e1rias vezes contra a delegacia e ve\u00edculos que estavam estacionados, Inclusive a viatura da pol\u00edcia civil, segundo informa\u00e7\u00f5es a a\u00e7\u00e3o delituosa durou aproximadamente cinco minutos, em seguida os bandidos tomaram destino. Da reda\u00e7\u00e3o do site opera\u00e7\u00f5es policiais\" \/>\n<meta property=\"og:url\" content=\"https:\/\/blogdofarnesio.com.br\/?p=218359\" \/>\n<meta property=\"og:site_name\" content=\"Blog do Farn\u00e9sio\" \/>\n<meta property=\"article:publisher\" content=\"https:\/\/www.facebook.com\/BlogQuerSaberPolitica\/\" \/>\n<meta property=\"article:published_time\" content=\"2019-01-08T19:00:24+00:00\" \/>\n<meta property=\"og:image\" content=\"https:\/\/blogdofarnesio.com.br\/wp-content\/uploads\/2019\/01\/blogqspcrimeviaturameralhada.jpg\" \/>\n\t<meta property=\"og:image:width\" content=\"640\" \/>\n\t<meta property=\"og:image:height\" content=\"480\" \/>\n\t<meta property=\"og:image:type\" content=\"image\/jpeg\" \/>\n<meta name=\"author\" content=\"Farn\u00e9sio\" \/>\n<meta name=\"twitter:card\" content=\"summary_large_image\" \/>\n<meta name=\"twitter:label1\" content=\"Escrito por\" \/>\n\t<meta name=\"twitter:data1\" content=\"Farn\u00e9sio\" \/>\n<script type=\"application\/ld+json\" class=\"yoast-schema-graph\">{\"@context\":\"https:\\\/\\\/schema.org\",\"@graph\":[{\"@type\":\"Article\",\"@id\":\"https:\\\/\\\/blogdofarnesio.com.br\\\/?p=218359#article\",\"isPartOf\":{\"@id\":\"https:\\\/\\\/blogdofarnesio.com.br\\\/?p=218359\"},\"author\":{\"name\":\"Farn\u00e9sio\",\"@id\":\"https:\\\/\\\/blogdofarnesio.com.br\\\/#\\\/schema\\\/person\\\/301c4acf522bccbfdb45af95b5b906a1\"},\"headline\":\"BANDIDOS METRALHAM DELEGACIA NO INTERIOR DE PERNAMBUCO\",\"datePublished\":\"2019-01-08T19:00:24+00:00\",\"mainEntityOfPage\":{\"@id\":\"https:\\\/\\\/blogdofarnesio.com.br\\\/?p=218359\"},\"wordCount\":100,\"publisher\":{\"@id\":\"https:\\\/\\\/blogdofarnesio.com.br\\\/#organization\"},\"image\":{\"@id\":\"https:\\\/\\\/blogdofarnesio.com.br\\\/?p=218359#primaryimage\"},\"thumbnailUrl\":\"https:\\\/\\\/blogdofarnesio.com.br\\\/wp-content\\\/uploads\\\/2019\\\/01\\\/blogqspcrimeviaturameralhada.jpg\",\"articleSection\":[\"Pol\u00edcia\"],\"inLanguage\":\"pt-BR\"},{\"@type\":\"WebPage\",\"@id\":\"https:\\\/\\\/blogdofarnesio.com.br\\\/?p=218359\",\"url\":\"https:\\\/\\\/blogdofarnesio.com.br\\\/?p=218359\",\"name\":\"BANDIDOS METRALHAM DELEGACIA NO INTERIOR DE PERNAMBUCO - Blog do Farn\u00e9sio\",\"isPartOf\":{\"@id\":\"https:\\\/\\\/blogdofarnesio.com.br\\\/#website\"},\"primaryImageOfPage\":{\"@id\":\"https:\\\/\\\/blogdofarnesio.com.br\\\/?p=218359#primaryimage\"},\"image\":{\"@id\":\"https:\\\/\\\/blogdofarnesio.com.br\\\/?p=218359#primaryimage\"},\"thumbnailUrl\":\"https:\\\/\\\/blogdofarnesio.com.br\\\/wp-content\\\/uploads\\\/2019\\\/01\\\/blogqspcrimeviaturameralhada.jpg\",\"datePublished\":\"2019-01-08T19:00:24+00:00\",\"breadcrumb\":{\"@id\":\"https:\\\/\\\/blogdofarnesio.com.br\\\/?p=218359#breadcrumb\"},\"inLanguage\":\"pt-BR\",\"potentialAction\":[{\"@type\":\"ReadAction\",\"target\":[\"https:\\\/\\\/blogdofarnesio.com.br\\\/?p=218359\"]}]},{\"@type\":\"ImageObject\",\"inLanguage\":\"pt-BR\",\"@id\":\"https:\\\/\\\/blogdofarnesio.com.br\\\/?p=218359#primaryimage\",\"url\":\"https:\\\/\\\/blogdofarnesio.com.br\\\/wp-content\\\/uploads\\\/2019\\\/01\\\/blogqspcrimeviaturameralhada.jpg\",\"contentUrl\":\"https:\\\/\\\/blogdofarnesio.com.br\\\/wp-content\\\/uploads\\\/2019\\\/01\\\/blogqspcrimeviaturameralhada.jpg\",\"width\":640,\"height\":480},{\"@type\":\"BreadcrumbList\",\"@id\":\"https:\\\/\\\/blogdofarnesio.com.br\\\/?p=218359#breadcrumb\",\"itemListElement\":[{\"@type\":\"ListItem\",\"position\":1,\"name\":\"In\u00edcio\",\"item\":\"https:\\\/\\\/blogdofarnesio.com.br\\\/\"},{\"@type\":\"ListItem\",\"position\":2,\"name\":\"BANDIDOS METRALHAM DELEGACIA NO INTERIOR DE PERNAMBUCO\"}]},{\"@type\":\"WebSite\",\"@id\":\"https:\\\/\\\/blogdofarnesio.com.br\\\/#website\",\"url\":\"https:\\\/\\\/blogdofarnesio.com.br\\\/\",\"name\":\"Blog do Farn\u00e9sio\",\"description\":\"Quer Saber Pol\u00edtica?\",\"publisher\":{\"@id\":\"https:\\\/\\\/blogdofarnesio.com.br\\\/#organization\"},\"potentialAction\":[{\"@type\":\"SearchAction\",\"target\":{\"@type\":\"EntryPoint\",\"urlTemplate\":\"https:\\\/\\\/blogdofarnesio.com.br\\\/?s={search_term_string}\"},\"query-input\":{\"@type\":\"PropertyValueSpecification\",\"valueRequired\":true,\"valueName\":\"search_term_string\"}}],\"inLanguage\":\"pt-BR\"},{\"@type\":\"Organization\",\"@id\":\"https:\\\/\\\/blogdofarnesio.com.br\\\/#organization\",\"name\":\"Blog do Farn\u00e9sio\",\"url\":\"https:\\\/\\\/blogdofarnesio.com.br\\\/\",\"logo\":{\"@type\":\"ImageObject\",\"inLanguage\":\"pt-BR\",\"@id\":\"https:\\\/\\\/blogdofarnesio.com.br\\\/#\\\/schema\\\/logo\\\/image\\\/\",\"url\":\"https:\\\/\\\/blogdofarnesio.com.br\\\/wp-content\\\/uploads\\\/2026\\\/03\\\/cropped-logo_new-1.png\",\"contentUrl\":\"https:\\\/\\\/blogdofarnesio.com.br\\\/wp-content\\\/uploads\\\/2026\\\/03\\\/cropped-logo_new-1.png\",\"width\":881,\"height\":685,\"caption\":\"Blog do Farn\u00e9sio\"},\"image\":{\"@id\":\"https:\\\/\\\/blogdofarnesio.com.br\\\/#\\\/schema\\\/logo\\\/image\\\/\"},\"sameAs\":[\"https:\\\/\\\/www.facebook.com\\\/BlogQuerSaberPolitica\\\/\"]},{\"@type\":\"Person\",\"@id\":\"https:\\\/\\\/blogdofarnesio.com.br\\\/#\\\/schema\\\/person\\\/301c4acf522bccbfdb45af95b5b906a1\",\"name\":\"Farn\u00e9sio\",\"image\":{\"@type\":\"ImageObject\",\"inLanguage\":\"pt-BR\",\"@id\":\"https:\\\/\\\/secure.gravatar.com\\\/avatar\\\/df0c9a14567c056f8ad6876ba5bbd1e3e2c48023eb6807342fc4663adf549f38?s=96&d=mm&r=g\",\"url\":\"https:\\\/\\\/secure.gravatar.com\\\/avatar\\\/df0c9a14567c056f8ad6876ba5bbd1e3e2c48023eb6807342fc4663adf549f38?s=96&d=mm&r=g\",\"contentUrl\":\"https:\\\/\\\/secure.gravatar.com\\\/avatar\\\/df0c9a14567c056f8ad6876ba5bbd1e3e2c48023eb6807342fc4663adf549f38?s=96&d=mm&r=g\",\"caption\":\"Farn\u00e9sio\"},\"sameAs\":[\"https:\\\/\\\/quersaberpolitica.com.br\"],\"url\":\"https:\\\/\\\/blogdofarnesio.com.br\\\/?author=1\"}]}<\/script>\n<!-- \/ Yoast SEO plugin. -->","yoast_head_json":{"title":"BANDIDOS METRALHAM DELEGACIA NO INTERIOR DE PERNAMBUCO - Blog do Farn\u00e9sio","robots":{"index":"index","follow":"follow","max-snippet":"max-snippet:-1","max-image-preview":"max-image-preview:large","max-video-preview":"max-video-preview:-1"},"canonical":"https:\/\/blogdofarnesio.com.br\/?p=218359","og_locale":"pt_BR","og_type":"article","og_title":"BANDIDOS METRALHAM DELEGACIA NO INTERIOR DE PERNAMBUCO - Blog do Farn\u00e9sio","og_description":"Por Marcos Ara\u00fajo rep\u00f3rter policial A delegacia de Toritama que fica localizada na rua Em\u00eddio Jord\u00e3o centro, foi metralhada por bandidos na madrugada desta segunda-feira, 07\/01, de acordo com as informa\u00e7\u00f5es elementos n\u00e3o identificados chegaram por volta das 4:30 da madrugada de hoje e atiraram v\u00e1rias vezes contra a delegacia e ve\u00edculos que estavam estacionados, Inclusive a viatura da pol\u00edcia civil, segundo informa\u00e7\u00f5es a a\u00e7\u00e3o delituosa durou aproximadamente cinco minutos, em seguida os bandidos tomaram destino. Da reda\u00e7\u00e3o do site opera\u00e7\u00f5es policiais","og_url":"https:\/\/blogdofarnesio.com.br\/?p=218359","og_site_name":"Blog do Farn\u00e9sio","article_publisher":"https:\/\/www.facebook.com\/BlogQuerSaberPolitica\/","article_published_time":"2019-01-08T19:00:24+00:00","og_image":[{"width":640,"height":480,"url":"https:\/\/blogdofarnesio.com.br\/wp-content\/uploads\/2019\/01\/blogqspcrimeviaturameralhada.jpg","type":"image\/jpeg"}],"author":"Farn\u00e9sio","twitter_card":"summary_large_image","twitter_misc":{"Escrito por":"Farn\u00e9sio"},"schema":{"@context":"https:\/\/schema.org","@graph":[{"@type":"Article","@id":"https:\/\/blogdofarnesio.com.br\/?p=218359#article","isPartOf":{"@id":"https:\/\/blogdofarnesio.com.br\/?p=218359"},"author":{"name":"Farn\u00e9sio","@id":"https:\/\/blogdofarnesio.com.br\/#\/schema\/person\/301c4acf522bccbfdb45af95b5b906a1"},"headline":"BANDIDOS METRALHAM DELEGACIA NO INTERIOR DE PERNAMBUCO","datePublished":"2019-01-08T19:00:24+00:00","mainEntityOfPage":{"@id":"https:\/\/blogdofarnesio.com.br\/?p=218359"},"wordCount":100,"publisher":{"@id":"https:\/\/blogdofarnesio.com.br\/#organization"},"image":{"@id":"https:\/\/blogdofarnesio.com.br\/?p=218359#primaryimage"},"thumbnailUrl":"https:\/\/blogdofarnesio.com.br\/wp-content\/uploads\/2019\/01\/blogqspcrimeviaturameralhada.jpg","articleSection":["Pol\u00edcia"],"inLanguage":"pt-BR"},{"@type":"WebPage","@id":"https:\/\/blogdofarnesio.com.br\/?p=218359","url":"https:\/\/blogdofarnesio.com.br\/?p=218359","name":"BANDIDOS METRALHAM DELEGACIA NO INTERIOR DE PERNAMBUCO - Blog do Farn\u00e9sio","isPartOf":{"@id":"https:\/\/blogdofarnesio.com.br\/#website"},"primaryImageOfPage":{"@id":"https:\/\/blogdofarnesio.com.br\/?p=218359#primaryimage"},"image":{"@id":"https:\/\/blogdofarnesio.com.br\/?p=218359#primaryimage"},"thumbnailUrl":"https:\/\/blogdofarnesio.com.br\/wp-content\/uploads\/2019\/01\/blogqspcrimeviaturameralhada.jpg","datePublished":"2019-01-08T19:00:24+00:00","breadcrumb":{"@id":"https:\/\/blogdofarnesio.com.br\/?p=218359#breadcrumb"},"inLanguage":"pt-BR","potentialAction":[{"@type":"ReadAction","target":["https:\/\/blogdofarnesio.com.br\/?p=218359"]}]},{"@type":"ImageObject","inLanguage":"pt-BR","@id":"https:\/\/blogdofarnesio.com.br\/?p=218359#primaryimage","url":"https:\/\/blogdofarnesio.com.br\/wp-content\/uploads\/2019\/01\/blogqspcrimeviaturameralhada.jpg","contentUrl":"https:\/\/blogdofarnesio.com.br\/wp-content\/uploads\/2019\/01\/blogqspcrimeviaturameralhada.jpg","width":640,"height":480},{"@type":"BreadcrumbList","@id":"https:\/\/blogdofarnesio.com.br\/?p=218359#breadcrumb","itemListElement":[{"@type":"ListItem","position":1,"name":"In\u00edcio","item":"https:\/\/blogdofarnesio.com.br\/"},{"@type":"ListItem","position":2,"name":"BANDIDOS METRALHAM DELEGACIA NO INTERIOR DE PERNAMBUCO"}]},{"@type":"WebSite","@id":"https:\/\/blogdofarnesio.com.br\/#website","url":"https:\/\/blogdofarnesio.com.br\/","name":"Blog do Farn\u00e9sio","description":"Quer Saber Pol\u00edtica?","publisher":{"@id":"https:\/\/blogdofarnesio.com.br\/#organization"},"potentialAction":[{"@type":"SearchAction","target":{"@type":"EntryPoint","urlTemplate":"https:\/\/blogdofarnesio.com.br\/?s={search_term_string}"},"query-input":{"@type":"PropertyValueSpecification","valueRequired":true,"valueName":"search_term_string"}}],"inLanguage":"pt-BR"},{"@type":"Organization","@id":"https:\/\/blogdofarnesio.com.br\/#organization","name":"Blog do Farn\u00e9sio","url":"https:\/\/blogdofarnesio.com.br\/","logo":{"@type":"ImageObject","inLanguage":"pt-BR","@id":"https:\/\/blogdofarnesio.com.br\/#\/schema\/logo\/image\/","url":"https:\/\/blogdofarnesio.com.br\/wp-content\/uploads\/2026\/03\/cropped-logo_new-1.png","contentUrl":"https:\/\/blogdofarnesio.com.br\/wp-content\/uploads\/2026\/03\/cropped-logo_new-1.png","width":881,"height":685,"caption":"Blog do Farn\u00e9sio"},"image":{"@id":"https:\/\/blogdofarnesio.com.br\/#\/schema\/logo\/image\/"},"sameAs":["https:\/\/www.facebook.com\/BlogQuerSaberPolitica\/"]},{"@type":"Person","@id":"https:\/\/blogdofarnesio.com.br\/#\/schema\/person\/301c4acf522bccbfdb45af95b5b906a1","name":"Farn\u00e9sio","image":{"@type":"ImageObject","inLanguage":"pt-BR","@id":"https:\/\/secure.gravatar.com\/avatar\/df0c9a14567c056f8ad6876ba5bbd1e3e2c48023eb6807342fc4663adf549f38?s=96&d=mm&r=g","url":"https:\/\/secure.gravatar.com\/avatar\/df0c9a14567c056f8ad6876ba5bbd1e3e2c48023eb6807342fc4663adf549f38?s=96&d=mm&r=g","contentUrl":"https:\/\/secure.gravatar.com\/avatar\/df0c9a14567c056f8ad6876ba5bbd1e3e2c48023eb6807342fc4663adf549f38?s=96&d=mm&r=g","caption":"Farn\u00e9sio"},"sameAs":["https:\/\/quersaberpolitica.com.br"],"url":"https:\/\/blogdofarnesio.com.br\/?author=1"}]}},"_links":{"self":[{"href":"https:\/\/blogdofarnesio.com.br\/index.php?rest_route=\/wp\/v2\/posts\/218359","targetHints":{"allow":["GET"]}}],"collection":[{"href":"https:\/\/blogdofarnesio.com.br\/index.php?rest_route=\/wp\/v2\/posts"}],"about":[{"href":"https:\/\/blogdofarnesio.com.br\/index.php?rest_route=\/wp\/v2\/types\/post"}],"author":[{"embeddable":true,"href":"https:\/\/blogdofarnesio.com.br\/index.php?rest_route=\/wp\/v2\/users\/1"}],"replies":[{"embeddable":true,"href":"https:\/\/blogdofarnesio.com.br\/index.php?rest_route=%2Fwp%2Fv2%2Fcomments&post=218359"}],"version-history":[{"count":0,"href":"https:\/\/blogdofarnesio.com.br\/index.php?rest_route=\/wp\/v2\/posts\/218359\/revisions"}],"wp:featuredmedia":[{"embeddable":true,"href":"https:\/\/blogdofarnesio.com.br\/index.php?rest_route=\/wp\/v2\/media\/218360"}],"wp:attachment":[{"href":"https:\/\/blogdofarnesio.com.br\/index.php?rest_route=%2Fwp%2Fv2%2Fmedia&parent=218359"}],"wp:term":[{"taxonomy":"category","embeddable":true,"href":"https:\/\/blogdofarnesio.com.br\/index.php?rest_route=%2Fwp%2Fv2%2Fcategories&post=218359"},{"taxonomy":"post_tag","embeddable":true,"href":"https:\/\/blogdofarnesio.com.br\/index.php?rest_route=%2Fwp%2Fv2%2Ftags&post=218359"}],"curies":[{"name":"wp","href":"https:\/\/api.w.org\/{rel}","templated":true}]}}