{"id":218353,"date":"2019-01-08T12:30:25","date_gmt":"2019-01-08T15:30:25","guid":{"rendered":"http:\/\/quersaberpolitica.com.br\/2016\/?p=218353"},"modified":"2019-01-08T09:30:48","modified_gmt":"2019-01-08T12:30:48","slug":"bolsonaro-tem-projeto-para-atacar-dominio-da-globo-na-publicidade","status":"publish","type":"post","link":"https:\/\/blogdofarnesio.com.br\/?p=218353","title":{"rendered":"BOLSONARO TEM PROJETO PARA ATACAR DOM\u00cdNIO DA GLOBO NA PUBLICIDADE"},"content":{"rendered":"<p style=\"text-align: justify;\">O governo Jair Bolsonaro (PSL) tem projeto de lei pronto visando proibir um instrumento de negocia\u00e7\u00e3o comercial que, segundo cr\u00edticos, garante o dom\u00ednio da Rede Globo no mercado publicit\u00e1rio de TV aberta no Brasil.<\/p>\n<p style=\"text-align: justify;\">O texto foi escrito sob inspira\u00e7\u00e3o de integrantes de ag\u00eancias de publicidade e executivos de concorrentes da Globo e ser\u00e1 apresentado pelo deputado eleito Alexandre Frota (PSL-SP) quando o novo Congresso assumir em fevereiro.<\/p>\n<p style=\"text-align: justify;\">&#8220;O projeto foi entregue a mim e a uma equipe de profissionais com autoriza\u00e7\u00e3o do Jair. Vou apresentar ao presidente e me reunirei com SBT, RedeTV!, TV Record e talvez a Band&#8221;, disse Frota.<\/p>\n<p style=\"text-align: justify;\">Nesta segunda (7), enquanto reiterava cr\u00edticas \u00e0 distribui\u00e7\u00e3o de verbas oficiais do governo a ve\u00edculos de m\u00eddia, Bolsonaro sinalizou sua inten\u00e7\u00e3o.<\/p>\n<p style=\"text-align: justify;\">&#8220;Vamos buscar junto ao Parlamento brasileiro a quest\u00e3o do BV. Isso tem de deixar de existir. Eu aprendi h\u00e1 pouco o que \u00e9 isso e fiquei surpreso e at\u00e9 mesmo assustado&#8221;, disse ao discursar em cerim\u00f4nia de posse dos novos presidentes dos bancos p\u00fablicos.<\/p>\n<p style=\"text-align: justify;\">O BV em quest\u00e3o, alvo do novo projeto, \u00e9 a sigla de Bonifica\u00e7\u00e3o por Volume. O mecanismo foi introduzido pela Globo nos anos 1960 para, segundo a emissora, estimular o mercado publicit\u00e1rio e chamado de &#8220;c\u00e2ncer&#8221; por um de seus maiores advers\u00e1rios, o vice-presidente e s\u00f3cio da RedeTV! Marcelo de Carvalho.<\/p>\n<p style=\"text-align: justify;\">O funcionamento do BV \u00e9 simples. Um anunciante contrata uma ag\u00eancia de publicidade para promover um produto. Os ve\u00edculos de comunica\u00e7\u00e3o pagam uma comiss\u00e3o para as ag\u00eancias, o BV, para que elas os escolham como destinat\u00e1rios da verba.<\/p>\n<p style=\"text-align: justify;\">Para os cr\u00edticos, isso cria um ciclo vicioso em que o meio mais rico do Brasil, a TV aberta, mant\u00e9m seu dom\u00ednio sobre o bolo publicit\u00e1rio alimentado as ag\u00eancias com BVs.<\/p>\n<p style=\"text-align: justify;\">Grandes contratos costumam ter um BV variando de 10% a 20% de seu valor.<\/p>\n<p style=\"text-align: justify;\">O mecanismo levou ag\u00eancias grandes a reduzir ou mesmo deixar de cobrar as comiss\u00f5es regulares &#8211;que podem chegar a 20%, mas em m\u00e9dia s\u00e3o de 5% por neg\u00f3cio.<\/p>\n<p style=\"text-align: justify;\">&#8220;O BV est\u00e1 sendo tratado como um mito. \u00c9 uma pr\u00e1tica normal, feita por todos, para a qual se d\u00e1 uma import\u00e2ncia absurda. Queremos abrirmos um canal de comunica\u00e7\u00e3o com o novo governo para ensinar como \u00e9 o dia a dia do mercado. Somos liberais&#8221;, afirmou o presidente da Abap (Associa\u00e7\u00e3o Brasileira de Ag\u00eancias de Publicidade), M\u00e1rio D&#8217; Andrea.<\/p>\n<p style=\"text-align: justify;\">O BV foi regulamentado em 2010. Ela deu par\u00e2metros a uma lei de 1965 e complementa outra de 2002. O BV existe em todos os meios e \u00e9 usado por quase todos os ve\u00edculos para atrair anunciantes.<\/p>\n<p style=\"text-align: justify;\">Marcelo de Carvalho lembra que a lei de 2010 dizia respeito apenas \u00e0 publicidade oficial. &#8220;O mercado tomou emprestado o texto legal, fingindo que lhe dizia respeito&#8221;, afirmou ele, que j\u00e1 se aproximara de Bolsonaro no ano passado.<\/p>\n<p style=\"text-align: justify;\">D&#8217; Andrea pondera que o texto &#8220;d\u00e1 outras provid\u00eancias que tratam de mat\u00e9rias n\u00e3o p\u00fablicas&#8221;. &#8220;Na pr\u00e1tica, tamb\u00e9m regulamenta atividade como um todo&#8221;, afirmou.<\/p>\n<p style=\"text-align: justify;\">Bolsonaro j\u00e1 prometeu cortar verba da Secretaria de Comunica\u00e7\u00e3o de ve\u00edculos que considera parciais contra ele, como a Folha e a Rede Globo. Usa sua conta no Twitter para acusar a imprensa de criar &#8220;fake news&#8221;, \u00e0 moda de seu \u00eddolo americano, Donald Trump.<\/p>\n<p style=\"text-align: justify;\">No caso da emissora, afirma que ela concentra verbas n\u00e3o tendo mais tanta audi\u00eancia. Em 2017 e 2018, a emissora ficou com cerca de 50% do bolo publicit\u00e1rio estatal, tendo cerca de 36% do mercado.<\/p>\n<p style=\"text-align: justify;\">A diferen\u00e7a agora \u00e9 que ele quer mexer com uma inst\u00e2ncia privada \u2014a regra da Secom sobre publicidade \u00e9 clara a respeito de crit\u00e9rios t\u00e9cnicos para uso de verba, embora possa ser revogada.<\/p>\n<p style=\"text-align: justify;\">Sua fala sobre o BV veio ap\u00f3s dois expoentes da Globo, os apresentadores Luciano Huck e Fausto Silva, serem associados a cr\u00edticas a seu governo.<\/p>\n<p style=\"text-align: justify;\">No primeiro caso, Huck ironizou a pol\u00eamica do &#8220;menino veste azul, menina veste rosa&#8221;, levantada pela ministra Damares Alves. Depois, desejou sucesso ao presidente.<\/p>\n<p style=\"text-align: justify;\">No segundo, Faust\u00e3o falou em seu programa no domingo (6) sobre &#8220;um idiota&#8221; e &#8220;imbecil&#8221; no poder, mas disse depois tratar-se de uma generaliza\u00e7\u00e3o sobre pol\u00edticos.<\/p>\n<p style=\"text-align: justify;\">No cerne da disputa est\u00e1 o predom\u00ednio da Globo no mercado publicit\u00e1rio da TV aberta, que responde por quase 70% do gasto brasileiro com propaganda. Procurada, a emissora afirmou que sua posi\u00e7\u00e3o sobre o assunto \u00e9 a mesma da Abap.<\/p>\n<p style=\"text-align: justify;\">Os n\u00fameros desse setor s\u00e3o sigilosos. A Folha ouviu um especialista no tema, que estima um faturamento publicit\u00e1rio na casa dos R$ 12 bilh\u00f5es em 2018 para a Globo.<\/p>\n<p style=\"text-align: justify;\">Segundo Carvalho e Frota, isso d\u00e1 90% do mercado de publicidade em TV aberta, mas o dado n\u00e3o \u00e9 afer\u00edvel.<\/p>\n<p style=\"text-align: justify;\">Segundo balan\u00e7o do instituto Kantar Ibope, a Globo teve no ano passado 35,9% do &#8220;share&#8221; (a audi\u00eancia medida em TVs ligadas).<\/p>\n<p style=\"text-align: justify;\">J\u00e1 a Record, com 13,9% de &#8220;share&#8221;, recebeu R$ 1,5 bilh\u00e3o nas contas desse agente de mercado. O SBT, com 15%, teria na estimativa R$ 1 bilh\u00e3o. A Band, com 3,2% de share, ganhou R$ 400 milh\u00f5es e a RedeTV!, cerca de 1% de share e R$ 250 milh\u00f5es, sempre segundo essas proje\u00e7\u00f5es.<\/p>\n<p style=\"text-align: justify;\">A discuss\u00e3o tem nuances. Audi\u00eancia n\u00e3o \u00e9 par\u00e2metro \u00fanico: h\u00e1 p\u00fablico-alvo a ser definido por ferramentas de m\u00eddia que hoje s\u00e3o a segunda maior despesa das ag\u00eancias depois de sal\u00e1rios.<\/p>\n<p style=\"text-align: justify;\">A autorregulamenta\u00e7\u00e3o do setor \u00e9 considerada eficaz, o que coibiria distor\u00e7\u00f5es.<\/p>\n<p style=\"text-align: justify;\">Na sexta (4), Bolsonaro celebrou ter divulgado a nova logomarca do governo via internet, o que teria economizado R$ 1,4 milh\u00e3o. Sempre comemora seu n\u00famero de seguidores nas redes &#8211;nesta segunda, postou ter 10 milh\u00f5es no Facebook.<\/p>\n<p style=\"text-align: justify;\">Colaboraram Gustavo Uribe, Talita Fernandes, Mariana Carneiro e Bernardo Caram, de Bras\u00edlia<\/p>\n","protected":false},"excerpt":{"rendered":"<p>O governo Jair Bolsonaro (PSL) tem projeto de lei pronto visando proibir um instrumento de negocia\u00e7\u00e3o comercial que, segundo cr\u00edticos, garante o dom\u00ednio da Rede Globo no mercado publicit\u00e1rio de TV aberta no Brasil. O texto foi escrito sob inspira\u00e7\u00e3o de integrantes de ag\u00eancias de publicidade e executivos de concorrentes da Globo e ser\u00e1 apresentado pelo deputado eleito Alexandre Frota (PSL-SP) quando o novo Congresso assumir em fevereiro. &#8220;O projeto foi entregue a mim e a uma equipe de profissionais com autoriza\u00e7\u00e3o do Jair. Vou apresentar ao presidente e me reunirei com SBT, RedeTV!, TV Record e talvez a Band&#8221;, disse Frota. Nesta segunda (7), enquanto reiterava cr\u00edticas \u00e0 distribui\u00e7\u00e3o de verbas oficiais do governo a ve\u00edculos de m\u00eddia, Bolsonaro&hellip; <\/p>\n","protected":false},"author":1,"featured_media":212595,"comment_status":"closed","ping_status":"closed","sticky":false,"template":"","format":"standard","meta":{"_acf_changed":false,"footnotes":""},"categories":[1],"tags":[],"class_list":["post-218353","post","type-post","status-publish","format-standard","has-post-thumbnail","hentry","category-politica"],"acf":[],"yoast_head":"<!-- This site is optimized with the Yoast SEO plugin v27.4 - https:\/\/yoast.com\/product\/yoast-seo-wordpress\/ -->\n<title>BOLSONARO TEM PROJETO PARA ATACAR DOM\u00cdNIO DA GLOBO NA PUBLICIDADE - Blog do Farn\u00e9sio<\/title>\n<meta name=\"robots\" content=\"index, follow, max-snippet:-1, max-image-preview:large, max-video-preview:-1\" \/>\n<link rel=\"canonical\" href=\"https:\/\/blogdofarnesio.com.br\/?p=218353\" \/>\n<meta property=\"og:locale\" content=\"pt_BR\" \/>\n<meta property=\"og:type\" content=\"article\" \/>\n<meta property=\"og:title\" content=\"BOLSONARO TEM PROJETO PARA ATACAR DOM\u00cdNIO DA GLOBO NA PUBLICIDADE - Blog do Farn\u00e9sio\" \/>\n<meta property=\"og:description\" content=\"O governo Jair Bolsonaro (PSL) tem projeto de lei pronto visando proibir um instrumento de negocia\u00e7\u00e3o comercial que, segundo cr\u00edticos, garante o dom\u00ednio da Rede Globo no mercado publicit\u00e1rio de TV aberta no Brasil. O texto foi escrito sob inspira\u00e7\u00e3o de integrantes de ag\u00eancias de publicidade e executivos de concorrentes da Globo e ser\u00e1 apresentado pelo deputado eleito Alexandre Frota (PSL-SP) quando o novo Congresso assumir em fevereiro. &#8220;O projeto foi entregue a mim e a uma equipe de profissionais com autoriza\u00e7\u00e3o do Jair. Vou apresentar ao presidente e me reunirei com SBT, RedeTV!, TV Record e talvez a Band&#8221;, disse Frota. Nesta segunda (7), enquanto reiterava cr\u00edticas \u00e0 distribui\u00e7\u00e3o de verbas oficiais do governo a ve\u00edculos de m\u00eddia, Bolsonaro&hellip;\" \/>\n<meta property=\"og:url\" content=\"https:\/\/blogdofarnesio.com.br\/?p=218353\" \/>\n<meta property=\"og:site_name\" content=\"Blog do Farn\u00e9sio\" \/>\n<meta property=\"article:publisher\" content=\"https:\/\/www.facebook.com\/BlogQuerSaberPolitica\/\" \/>\n<meta property=\"article:published_time\" content=\"2019-01-08T15:30:25+00:00\" \/>\n<meta property=\"og:image\" content=\"https:\/\/blogdofarnesio.com.br\/wp-content\/uploads\/2018\/10\/blogqspbolsonaroIPSOS-1-868x644-e1542134342521.jpg\" \/>\n\t<meta property=\"og:image:width\" content=\"668\" \/>\n\t<meta property=\"og:image:height\" content=\"496\" \/>\n\t<meta property=\"og:image:type\" content=\"image\/jpeg\" \/>\n<meta name=\"author\" content=\"Farn\u00e9sio\" \/>\n<meta name=\"twitter:card\" content=\"summary_large_image\" \/>\n<meta name=\"twitter:label1\" content=\"Escrito por\" \/>\n\t<meta name=\"twitter:data1\" content=\"Farn\u00e9sio\" \/>\n\t<meta name=\"twitter:label2\" content=\"Est. tempo de leitura\" \/>\n\t<meta name=\"twitter:data2\" content=\"5 minutos\" \/>\n<script type=\"application\/ld+json\" class=\"yoast-schema-graph\">{\"@context\":\"https:\\\/\\\/schema.org\",\"@graph\":[{\"@type\":\"Article\",\"@id\":\"https:\\\/\\\/blogdofarnesio.com.br\\\/?p=218353#article\",\"isPartOf\":{\"@id\":\"https:\\\/\\\/blogdofarnesio.com.br\\\/?p=218353\"},\"author\":{\"name\":\"Farn\u00e9sio\",\"@id\":\"https:\\\/\\\/blogdofarnesio.com.br\\\/#\\\/schema\\\/person\\\/301c4acf522bccbfdb45af95b5b906a1\"},\"headline\":\"BOLSONARO TEM PROJETO PARA ATACAR DOM\u00cdNIO DA GLOBO NA PUBLICIDADE\",\"datePublished\":\"2019-01-08T15:30:25+00:00\",\"mainEntityOfPage\":{\"@id\":\"https:\\\/\\\/blogdofarnesio.com.br\\\/?p=218353\"},\"wordCount\":989,\"publisher\":{\"@id\":\"https:\\\/\\\/blogdofarnesio.com.br\\\/#organization\"},\"image\":{\"@id\":\"https:\\\/\\\/blogdofarnesio.com.br\\\/?p=218353#primaryimage\"},\"thumbnailUrl\":\"https:\\\/\\\/blogdofarnesio.com.br\\\/wp-content\\\/uploads\\\/2018\\\/10\\\/blogqspbolsonaroIPSOS-1-868x644-e1542134342521.jpg\",\"articleSection\":[\"Pol\u00edtica\"],\"inLanguage\":\"pt-BR\"},{\"@type\":\"WebPage\",\"@id\":\"https:\\\/\\\/blogdofarnesio.com.br\\\/?p=218353\",\"url\":\"https:\\\/\\\/blogdofarnesio.com.br\\\/?p=218353\",\"name\":\"BOLSONARO TEM PROJETO PARA ATACAR DOM\u00cdNIO DA GLOBO NA PUBLICIDADE - Blog do Farn\u00e9sio\",\"isPartOf\":{\"@id\":\"https:\\\/\\\/blogdofarnesio.com.br\\\/#website\"},\"primaryImageOfPage\":{\"@id\":\"https:\\\/\\\/blogdofarnesio.com.br\\\/?p=218353#primaryimage\"},\"image\":{\"@id\":\"https:\\\/\\\/blogdofarnesio.com.br\\\/?p=218353#primaryimage\"},\"thumbnailUrl\":\"https:\\\/\\\/blogdofarnesio.com.br\\\/wp-content\\\/uploads\\\/2018\\\/10\\\/blogqspbolsonaroIPSOS-1-868x644-e1542134342521.jpg\",\"datePublished\":\"2019-01-08T15:30:25+00:00\",\"breadcrumb\":{\"@id\":\"https:\\\/\\\/blogdofarnesio.com.br\\\/?p=218353#breadcrumb\"},\"inLanguage\":\"pt-BR\",\"potentialAction\":[{\"@type\":\"ReadAction\",\"target\":[\"https:\\\/\\\/blogdofarnesio.com.br\\\/?p=218353\"]}]},{\"@type\":\"ImageObject\",\"inLanguage\":\"pt-BR\",\"@id\":\"https:\\\/\\\/blogdofarnesio.com.br\\\/?p=218353#primaryimage\",\"url\":\"https:\\\/\\\/blogdofarnesio.com.br\\\/wp-content\\\/uploads\\\/2018\\\/10\\\/blogqspbolsonaroIPSOS-1-868x644-e1542134342521.jpg\",\"contentUrl\":\"https:\\\/\\\/blogdofarnesio.com.br\\\/wp-content\\\/uploads\\\/2018\\\/10\\\/blogqspbolsonaroIPSOS-1-868x644-e1542134342521.jpg\",\"width\":668,\"height\":496,\"caption\":\"Dep. Jair Bolsonaro durante sabatina no Correio Brazilinese. Brasilia, 06-06-2018. Foto: S\u00e9rgio Lima\\\/Poder 360\"},{\"@type\":\"BreadcrumbList\",\"@id\":\"https:\\\/\\\/blogdofarnesio.com.br\\\/?p=218353#breadcrumb\",\"itemListElement\":[{\"@type\":\"ListItem\",\"position\":1,\"name\":\"In\u00edcio\",\"item\":\"https:\\\/\\\/blogdofarnesio.com.br\\\/\"},{\"@type\":\"ListItem\",\"position\":2,\"name\":\"BOLSONARO TEM PROJETO PARA ATACAR DOM\u00cdNIO DA GLOBO NA PUBLICIDADE\"}]},{\"@type\":\"WebSite\",\"@id\":\"https:\\\/\\\/blogdofarnesio.com.br\\\/#website\",\"url\":\"https:\\\/\\\/blogdofarnesio.com.br\\\/\",\"name\":\"Blog do Farn\u00e9sio\",\"description\":\"Quer Saber Pol\u00edtica?\",\"publisher\":{\"@id\":\"https:\\\/\\\/blogdofarnesio.com.br\\\/#organization\"},\"potentialAction\":[{\"@type\":\"SearchAction\",\"target\":{\"@type\":\"EntryPoint\",\"urlTemplate\":\"https:\\\/\\\/blogdofarnesio.com.br\\\/?s={search_term_string}\"},\"query-input\":{\"@type\":\"PropertyValueSpecification\",\"valueRequired\":true,\"valueName\":\"search_term_string\"}}],\"inLanguage\":\"pt-BR\"},{\"@type\":\"Organization\",\"@id\":\"https:\\\/\\\/blogdofarnesio.com.br\\\/#organization\",\"name\":\"Blog do Farn\u00e9sio\",\"url\":\"https:\\\/\\\/blogdofarnesio.com.br\\\/\",\"logo\":{\"@type\":\"ImageObject\",\"inLanguage\":\"pt-BR\",\"@id\":\"https:\\\/\\\/blogdofarnesio.com.br\\\/#\\\/schema\\\/logo\\\/image\\\/\",\"url\":\"https:\\\/\\\/blogdofarnesio.com.br\\\/wp-content\\\/uploads\\\/2026\\\/03\\\/cropped-logo_new-1.png\",\"contentUrl\":\"https:\\\/\\\/blogdofarnesio.com.br\\\/wp-content\\\/uploads\\\/2026\\\/03\\\/cropped-logo_new-1.png\",\"width\":881,\"height\":685,\"caption\":\"Blog do Farn\u00e9sio\"},\"image\":{\"@id\":\"https:\\\/\\\/blogdofarnesio.com.br\\\/#\\\/schema\\\/logo\\\/image\\\/\"},\"sameAs\":[\"https:\\\/\\\/www.facebook.com\\\/BlogQuerSaberPolitica\\\/\"]},{\"@type\":\"Person\",\"@id\":\"https:\\\/\\\/blogdofarnesio.com.br\\\/#\\\/schema\\\/person\\\/301c4acf522bccbfdb45af95b5b906a1\",\"name\":\"Farn\u00e9sio\",\"image\":{\"@type\":\"ImageObject\",\"inLanguage\":\"pt-BR\",\"@id\":\"https:\\\/\\\/secure.gravatar.com\\\/avatar\\\/df0c9a14567c056f8ad6876ba5bbd1e3e2c48023eb6807342fc4663adf549f38?s=96&d=mm&r=g\",\"url\":\"https:\\\/\\\/secure.gravatar.com\\\/avatar\\\/df0c9a14567c056f8ad6876ba5bbd1e3e2c48023eb6807342fc4663adf549f38?s=96&d=mm&r=g\",\"contentUrl\":\"https:\\\/\\\/secure.gravatar.com\\\/avatar\\\/df0c9a14567c056f8ad6876ba5bbd1e3e2c48023eb6807342fc4663adf549f38?s=96&d=mm&r=g\",\"caption\":\"Farn\u00e9sio\"},\"sameAs\":[\"https:\\\/\\\/quersaberpolitica.com.br\"],\"url\":\"https:\\\/\\\/blogdofarnesio.com.br\\\/?author=1\"}]}<\/script>\n<!-- \/ Yoast SEO plugin. -->","yoast_head_json":{"title":"BOLSONARO TEM PROJETO PARA ATACAR DOM\u00cdNIO DA GLOBO NA PUBLICIDADE - Blog do Farn\u00e9sio","robots":{"index":"index","follow":"follow","max-snippet":"max-snippet:-1","max-image-preview":"max-image-preview:large","max-video-preview":"max-video-preview:-1"},"canonical":"https:\/\/blogdofarnesio.com.br\/?p=218353","og_locale":"pt_BR","og_type":"article","og_title":"BOLSONARO TEM PROJETO PARA ATACAR DOM\u00cdNIO DA GLOBO NA PUBLICIDADE - Blog do Farn\u00e9sio","og_description":"O governo Jair Bolsonaro (PSL) tem projeto de lei pronto visando proibir um instrumento de negocia\u00e7\u00e3o comercial que, segundo cr\u00edticos, garante o dom\u00ednio da Rede Globo no mercado publicit\u00e1rio de TV aberta no Brasil. O texto foi escrito sob inspira\u00e7\u00e3o de integrantes de ag\u00eancias de publicidade e executivos de concorrentes da Globo e ser\u00e1 apresentado pelo deputado eleito Alexandre Frota (PSL-SP) quando o novo Congresso assumir em fevereiro. &#8220;O projeto foi entregue a mim e a uma equipe de profissionais com autoriza\u00e7\u00e3o do Jair. Vou apresentar ao presidente e me reunirei com SBT, RedeTV!, TV Record e talvez a Band&#8221;, disse Frota. Nesta segunda (7), enquanto reiterava cr\u00edticas \u00e0 distribui\u00e7\u00e3o de verbas oficiais do governo a ve\u00edculos de m\u00eddia, Bolsonaro&hellip;","og_url":"https:\/\/blogdofarnesio.com.br\/?p=218353","og_site_name":"Blog do Farn\u00e9sio","article_publisher":"https:\/\/www.facebook.com\/BlogQuerSaberPolitica\/","article_published_time":"2019-01-08T15:30:25+00:00","og_image":[{"width":668,"height":496,"url":"https:\/\/blogdofarnesio.com.br\/wp-content\/uploads\/2018\/10\/blogqspbolsonaroIPSOS-1-868x644-e1542134342521.jpg","type":"image\/jpeg"}],"author":"Farn\u00e9sio","twitter_card":"summary_large_image","twitter_misc":{"Escrito por":"Farn\u00e9sio","Est. tempo de leitura":"5 minutos"},"schema":{"@context":"https:\/\/schema.org","@graph":[{"@type":"Article","@id":"https:\/\/blogdofarnesio.com.br\/?p=218353#article","isPartOf":{"@id":"https:\/\/blogdofarnesio.com.br\/?p=218353"},"author":{"name":"Farn\u00e9sio","@id":"https:\/\/blogdofarnesio.com.br\/#\/schema\/person\/301c4acf522bccbfdb45af95b5b906a1"},"headline":"BOLSONARO TEM PROJETO PARA ATACAR DOM\u00cdNIO DA GLOBO NA PUBLICIDADE","datePublished":"2019-01-08T15:30:25+00:00","mainEntityOfPage":{"@id":"https:\/\/blogdofarnesio.com.br\/?p=218353"},"wordCount":989,"publisher":{"@id":"https:\/\/blogdofarnesio.com.br\/#organization"},"image":{"@id":"https:\/\/blogdofarnesio.com.br\/?p=218353#primaryimage"},"thumbnailUrl":"https:\/\/blogdofarnesio.com.br\/wp-content\/uploads\/2018\/10\/blogqspbolsonaroIPSOS-1-868x644-e1542134342521.jpg","articleSection":["Pol\u00edtica"],"inLanguage":"pt-BR"},{"@type":"WebPage","@id":"https:\/\/blogdofarnesio.com.br\/?p=218353","url":"https:\/\/blogdofarnesio.com.br\/?p=218353","name":"BOLSONARO TEM PROJETO PARA ATACAR DOM\u00cdNIO DA GLOBO NA PUBLICIDADE - Blog do Farn\u00e9sio","isPartOf":{"@id":"https:\/\/blogdofarnesio.com.br\/#website"},"primaryImageOfPage":{"@id":"https:\/\/blogdofarnesio.com.br\/?p=218353#primaryimage"},"image":{"@id":"https:\/\/blogdofarnesio.com.br\/?p=218353#primaryimage"},"thumbnailUrl":"https:\/\/blogdofarnesio.com.br\/wp-content\/uploads\/2018\/10\/blogqspbolsonaroIPSOS-1-868x644-e1542134342521.jpg","datePublished":"2019-01-08T15:30:25+00:00","breadcrumb":{"@id":"https:\/\/blogdofarnesio.com.br\/?p=218353#breadcrumb"},"inLanguage":"pt-BR","potentialAction":[{"@type":"ReadAction","target":["https:\/\/blogdofarnesio.com.br\/?p=218353"]}]},{"@type":"ImageObject","inLanguage":"pt-BR","@id":"https:\/\/blogdofarnesio.com.br\/?p=218353#primaryimage","url":"https:\/\/blogdofarnesio.com.br\/wp-content\/uploads\/2018\/10\/blogqspbolsonaroIPSOS-1-868x644-e1542134342521.jpg","contentUrl":"https:\/\/blogdofarnesio.com.br\/wp-content\/uploads\/2018\/10\/blogqspbolsonaroIPSOS-1-868x644-e1542134342521.jpg","width":668,"height":496,"caption":"Dep. Jair Bolsonaro durante sabatina no Correio Brazilinese. Brasilia, 06-06-2018. Foto: S\u00e9rgio Lima\/Poder 360"},{"@type":"BreadcrumbList","@id":"https:\/\/blogdofarnesio.com.br\/?p=218353#breadcrumb","itemListElement":[{"@type":"ListItem","position":1,"name":"In\u00edcio","item":"https:\/\/blogdofarnesio.com.br\/"},{"@type":"ListItem","position":2,"name":"BOLSONARO TEM PROJETO PARA ATACAR DOM\u00cdNIO DA GLOBO NA PUBLICIDADE"}]},{"@type":"WebSite","@id":"https:\/\/blogdofarnesio.com.br\/#website","url":"https:\/\/blogdofarnesio.com.br\/","name":"Blog do Farn\u00e9sio","description":"Quer Saber Pol\u00edtica?","publisher":{"@id":"https:\/\/blogdofarnesio.com.br\/#organization"},"potentialAction":[{"@type":"SearchAction","target":{"@type":"EntryPoint","urlTemplate":"https:\/\/blogdofarnesio.com.br\/?s={search_term_string}"},"query-input":{"@type":"PropertyValueSpecification","valueRequired":true,"valueName":"search_term_string"}}],"inLanguage":"pt-BR"},{"@type":"Organization","@id":"https:\/\/blogdofarnesio.com.br\/#organization","name":"Blog do Farn\u00e9sio","url":"https:\/\/blogdofarnesio.com.br\/","logo":{"@type":"ImageObject","inLanguage":"pt-BR","@id":"https:\/\/blogdofarnesio.com.br\/#\/schema\/logo\/image\/","url":"https:\/\/blogdofarnesio.com.br\/wp-content\/uploads\/2026\/03\/cropped-logo_new-1.png","contentUrl":"https:\/\/blogdofarnesio.com.br\/wp-content\/uploads\/2026\/03\/cropped-logo_new-1.png","width":881,"height":685,"caption":"Blog do Farn\u00e9sio"},"image":{"@id":"https:\/\/blogdofarnesio.com.br\/#\/schema\/logo\/image\/"},"sameAs":["https:\/\/www.facebook.com\/BlogQuerSaberPolitica\/"]},{"@type":"Person","@id":"https:\/\/blogdofarnesio.com.br\/#\/schema\/person\/301c4acf522bccbfdb45af95b5b906a1","name":"Farn\u00e9sio","image":{"@type":"ImageObject","inLanguage":"pt-BR","@id":"https:\/\/secure.gravatar.com\/avatar\/df0c9a14567c056f8ad6876ba5bbd1e3e2c48023eb6807342fc4663adf549f38?s=96&d=mm&r=g","url":"https:\/\/secure.gravatar.com\/avatar\/df0c9a14567c056f8ad6876ba5bbd1e3e2c48023eb6807342fc4663adf549f38?s=96&d=mm&r=g","contentUrl":"https:\/\/secure.gravatar.com\/avatar\/df0c9a14567c056f8ad6876ba5bbd1e3e2c48023eb6807342fc4663adf549f38?s=96&d=mm&r=g","caption":"Farn\u00e9sio"},"sameAs":["https:\/\/quersaberpolitica.com.br"],"url":"https:\/\/blogdofarnesio.com.br\/?author=1"}]}},"_links":{"self":[{"href":"https:\/\/blogdofarnesio.com.br\/index.php?rest_route=\/wp\/v2\/posts\/218353","targetHints":{"allow":["GET"]}}],"collection":[{"href":"https:\/\/blogdofarnesio.com.br\/index.php?rest_route=\/wp\/v2\/posts"}],"about":[{"href":"https:\/\/blogdofarnesio.com.br\/index.php?rest_route=\/wp\/v2\/types\/post"}],"author":[{"embeddable":true,"href":"https:\/\/blogdofarnesio.com.br\/index.php?rest_route=\/wp\/v2\/users\/1"}],"replies":[{"embeddable":true,"href":"https:\/\/blogdofarnesio.com.br\/index.php?rest_route=%2Fwp%2Fv2%2Fcomments&post=218353"}],"version-history":[{"count":0,"href":"https:\/\/blogdofarnesio.com.br\/index.php?rest_route=\/wp\/v2\/posts\/218353\/revisions"}],"wp:featuredmedia":[{"embeddable":true,"href":"https:\/\/blogdofarnesio.com.br\/index.php?rest_route=\/wp\/v2\/media\/212595"}],"wp:attachment":[{"href":"https:\/\/blogdofarnesio.com.br\/index.php?rest_route=%2Fwp%2Fv2%2Fmedia&parent=218353"}],"wp:term":[{"taxonomy":"category","embeddable":true,"href":"https:\/\/blogdofarnesio.com.br\/index.php?rest_route=%2Fwp%2Fv2%2Fcategories&post=218353"},{"taxonomy":"post_tag","embeddable":true,"href":"https:\/\/blogdofarnesio.com.br\/index.php?rest_route=%2Fwp%2Fv2%2Ftags&post=218353"}],"curies":[{"name":"wp","href":"https:\/\/api.w.org\/{rel}","templated":true}]}}