{"id":218139,"date":"2019-01-04T13:00:11","date_gmt":"2019-01-04T16:00:11","guid":{"rendered":"http:\/\/quersaberpolitica.com.br\/2016\/?p=218139"},"modified":"2019-01-04T12:42:41","modified_gmt":"2019-01-04T15:42:41","slug":"doria-afasta-kassab-da-casa-civil-do-governo-de-sao-paulo","status":"publish","type":"post","link":"https:\/\/blogdofarnesio.com.br\/?p=218139","title":{"rendered":"DORIA AFASTA KASSAB DA CASA CIVIL DO GOVERNO DE S\u00c3O PAULO"},"content":{"rendered":"<p style=\"text-align: justify;\">O afastamento de Gilberto Kassab (PSD) do cargo de secret\u00e1rio da Casa Civil de Jo\u00e3o Doria (PSDB) foi publicado no Di\u00e1rio Oficial do Estado de S\u00e3o Paulo desta sexta-feira (4). O ex-ministro e tamb\u00e9m ex-prefeito paulistano pediu licen\u00e7a do cargo para se defender de den\u00fancias de corrup\u00e7\u00e3o pelas quais \u00e9 investigado pela Pol\u00edcia Federal.<\/p>\n<p style=\"text-align: justify;\">Kassab foi alvo de uma opera\u00e7\u00e3o de busca e apreens\u00e3o da Pol\u00edcia Federal, sob suspeita de ter recebido valores ilegalmente da JBS. Na ocasi\u00e3o, foram encontrados em sua casa em S\u00e3o Paulo R$ 300 mil em esp\u00e9cie. Ele nega irregularidades.<\/p>\n<p style=\"text-align: justify;\">O secret\u00e1rio foi empossado no dia 1\u00ba, no mesmo dia da posse de Doria, ainda que n\u00e3o tenha comparecido \u00e0 cerim\u00f4nia.<\/p>\n<p style=\"text-align: justify;\">Segundo decreto de Doria publicado no Di\u00e1rio Oficial, Kassab foi afastado &#8220;com preju\u00edzo dos vencimentos e sem quaisquer \u00f4nus para o Estado, para tratar de assuntos de interesse particulares&#8221;.<br \/>\n&#8220;Absolutamente tranquilo sobre sua conduta ao longo da vida p\u00fablica, Kassab decidiu licenciar-se do cargo para se dedicar \u00e0 organiza\u00e7\u00e3o e ao encaminhamento das informa\u00e7\u00f5es solicitadas por sua defesa, que comprovar\u00e3o a lisura de seus atos&#8221;, disse, em nota, a assessoria de imprensa do ex-ministro.<\/p>\n<p style=\"text-align: justify;\">Durante o afastamento, Antonio Carlos Maluf, ex-secret\u00e1rio de Rela\u00e7\u00f5es Institucionais na Prefeitura de S\u00e3o Paulo e ex-secret\u00e1rio do governador M\u00e1rio Covas (PSDB), av\u00f4 do prefeito tucano Bruno Covas (PSDB), assumir\u00e1 o cargo de secret\u00e1rio da Casa Civil.<\/p>\n<p style=\"text-align: justify;\">Sobre o caso, Doria afirmou \u00e0 GloboNews nesta quinta-feira (3) que, comprovada a inoc\u00eancia diante das suspeitas de que recebeu R$ 58 milh\u00f5es do grupo J&amp;F, Kassab voltar\u00e1 ao cargo. Ele tamb\u00e9m elogiou o ex-ministro, colocando-o como um dos maiores articuladores pol\u00edticos do pa\u00eds.<\/p>\n<p style=\"text-align: justify;\">A indica\u00e7\u00e3o de Kassab faz parte de um projeto de Doria de concorrer \u00e0s elei\u00e7\u00f5es presidenciais em 2022. Al\u00e9m dele, o tucano nomeou outros seis ex-ministros de Michel Temer (MDB) para comporem seu secretariado.<\/p>\n","protected":false},"excerpt":{"rendered":"<p>O afastamento de Gilberto Kassab (PSD) do cargo de secret\u00e1rio da Casa Civil de Jo\u00e3o Doria (PSDB) foi publicado no Di\u00e1rio Oficial do Estado de S\u00e3o Paulo desta sexta-feira (4). O ex-ministro e tamb\u00e9m ex-prefeito paulistano pediu licen\u00e7a do cargo para se defender de den\u00fancias de corrup\u00e7\u00e3o pelas quais \u00e9 investigado pela Pol\u00edcia Federal. Kassab foi alvo de uma opera\u00e7\u00e3o de busca e apreens\u00e3o da Pol\u00edcia Federal, sob suspeita de ter recebido valores ilegalmente da JBS. Na ocasi\u00e3o, foram encontrados em sua casa em S\u00e3o Paulo R$ 300 mil em esp\u00e9cie. Ele nega irregularidades. O secret\u00e1rio foi empossado no dia 1\u00ba, no mesmo dia da posse de Doria, ainda que n\u00e3o tenha comparecido \u00e0 cerim\u00f4nia. Segundo decreto de Doria publicado&hellip; <\/p>\n","protected":false},"author":1,"featured_media":183826,"comment_status":"closed","ping_status":"closed","sticky":false,"template":"","format":"standard","meta":{"_acf_changed":false,"footnotes":""},"categories":[1],"tags":[],"class_list":["post-218139","post","type-post","status-publish","format-standard","has-post-thumbnail","hentry","category-politica"],"acf":[],"yoast_head":"<!-- This site is optimized with the Yoast SEO plugin v27.4 - https:\/\/yoast.com\/product\/yoast-seo-wordpress\/ -->\n<title>DORIA AFASTA KASSAB DA CASA CIVIL DO GOVERNO DE S\u00c3O PAULO - Blog do Farn\u00e9sio<\/title>\n<meta name=\"robots\" content=\"index, follow, max-snippet:-1, max-image-preview:large, max-video-preview:-1\" \/>\n<link rel=\"canonical\" href=\"https:\/\/blogdofarnesio.com.br\/?p=218139\" \/>\n<meta property=\"og:locale\" content=\"pt_BR\" \/>\n<meta property=\"og:type\" content=\"article\" \/>\n<meta property=\"og:title\" content=\"DORIA AFASTA KASSAB DA CASA CIVIL DO GOVERNO DE S\u00c3O PAULO - Blog do Farn\u00e9sio\" \/>\n<meta property=\"og:description\" content=\"O afastamento de Gilberto Kassab (PSD) do cargo de secret\u00e1rio da Casa Civil de Jo\u00e3o Doria (PSDB) foi publicado no Di\u00e1rio Oficial do Estado de S\u00e3o Paulo desta sexta-feira (4). O ex-ministro e tamb\u00e9m ex-prefeito paulistano pediu licen\u00e7a do cargo para se defender de den\u00fancias de corrup\u00e7\u00e3o pelas quais \u00e9 investigado pela Pol\u00edcia Federal. Kassab foi alvo de uma opera\u00e7\u00e3o de busca e apreens\u00e3o da Pol\u00edcia Federal, sob suspeita de ter recebido valores ilegalmente da JBS. Na ocasi\u00e3o, foram encontrados em sua casa em S\u00e3o Paulo R$ 300 mil em esp\u00e9cie. Ele nega irregularidades. O secret\u00e1rio foi empossado no dia 1\u00ba, no mesmo dia da posse de Doria, ainda que n\u00e3o tenha comparecido \u00e0 cerim\u00f4nia. Segundo decreto de Doria publicado&hellip;\" \/>\n<meta property=\"og:url\" content=\"https:\/\/blogdofarnesio.com.br\/?p=218139\" \/>\n<meta property=\"og:site_name\" content=\"Blog do Farn\u00e9sio\" \/>\n<meta property=\"article:publisher\" content=\"https:\/\/www.facebook.com\/BlogQuerSaberPolitica\/\" \/>\n<meta property=\"article:published_time\" content=\"2019-01-04T16:00:11+00:00\" \/>\n<meta property=\"og:image\" content=\"https:\/\/blogdofarnesio.com.br\/wp-content\/uploads\/2017\/12\/blogqsp-Gilberto-Kassab.jpg\" \/>\n\t<meta property=\"og:image:width\" content=\"890\" \/>\n\t<meta property=\"og:image:height\" content=\"500\" \/>\n\t<meta property=\"og:image:type\" content=\"image\/jpeg\" \/>\n<meta name=\"author\" content=\"Farn\u00e9sio\" \/>\n<meta name=\"twitter:card\" content=\"summary_large_image\" \/>\n<meta name=\"twitter:label1\" content=\"Escrito por\" \/>\n\t<meta name=\"twitter:data1\" content=\"Farn\u00e9sio\" \/>\n\t<meta name=\"twitter:label2\" content=\"Est. tempo de leitura\" \/>\n\t<meta name=\"twitter:data2\" content=\"2 minutos\" \/>\n<script type=\"application\/ld+json\" class=\"yoast-schema-graph\">{\"@context\":\"https:\\\/\\\/schema.org\",\"@graph\":[{\"@type\":\"Article\",\"@id\":\"https:\\\/\\\/blogdofarnesio.com.br\\\/?p=218139#article\",\"isPartOf\":{\"@id\":\"https:\\\/\\\/blogdofarnesio.com.br\\\/?p=218139\"},\"author\":{\"name\":\"Farn\u00e9sio\",\"@id\":\"https:\\\/\\\/blogdofarnesio.com.br\\\/#\\\/schema\\\/person\\\/301c4acf522bccbfdb45af95b5b906a1\"},\"headline\":\"DORIA AFASTA KASSAB DA CASA CIVIL DO GOVERNO DE S\u00c3O PAULO\",\"datePublished\":\"2019-01-04T16:00:11+00:00\",\"mainEntityOfPage\":{\"@id\":\"https:\\\/\\\/blogdofarnesio.com.br\\\/?p=218139\"},\"wordCount\":346,\"publisher\":{\"@id\":\"https:\\\/\\\/blogdofarnesio.com.br\\\/#organization\"},\"image\":{\"@id\":\"https:\\\/\\\/blogdofarnesio.com.br\\\/?p=218139#primaryimage\"},\"thumbnailUrl\":\"https:\\\/\\\/blogdofarnesio.com.br\\\/wp-content\\\/uploads\\\/2017\\\/12\\\/blogqsp-Gilberto-Kassab.jpg\",\"articleSection\":[\"Pol\u00edtica\"],\"inLanguage\":\"pt-BR\"},{\"@type\":\"WebPage\",\"@id\":\"https:\\\/\\\/blogdofarnesio.com.br\\\/?p=218139\",\"url\":\"https:\\\/\\\/blogdofarnesio.com.br\\\/?p=218139\",\"name\":\"DORIA AFASTA KASSAB DA CASA CIVIL DO GOVERNO DE S\u00c3O PAULO - Blog do Farn\u00e9sio\",\"isPartOf\":{\"@id\":\"https:\\\/\\\/blogdofarnesio.com.br\\\/#website\"},\"primaryImageOfPage\":{\"@id\":\"https:\\\/\\\/blogdofarnesio.com.br\\\/?p=218139#primaryimage\"},\"image\":{\"@id\":\"https:\\\/\\\/blogdofarnesio.com.br\\\/?p=218139#primaryimage\"},\"thumbnailUrl\":\"https:\\\/\\\/blogdofarnesio.com.br\\\/wp-content\\\/uploads\\\/2017\\\/12\\\/blogqsp-Gilberto-Kassab.jpg\",\"datePublished\":\"2019-01-04T16:00:11+00:00\",\"breadcrumb\":{\"@id\":\"https:\\\/\\\/blogdofarnesio.com.br\\\/?p=218139#breadcrumb\"},\"inLanguage\":\"pt-BR\",\"potentialAction\":[{\"@type\":\"ReadAction\",\"target\":[\"https:\\\/\\\/blogdofarnesio.com.br\\\/?p=218139\"]}]},{\"@type\":\"ImageObject\",\"inLanguage\":\"pt-BR\",\"@id\":\"https:\\\/\\\/blogdofarnesio.com.br\\\/?p=218139#primaryimage\",\"url\":\"https:\\\/\\\/blogdofarnesio.com.br\\\/wp-content\\\/uploads\\\/2017\\\/12\\\/blogqsp-Gilberto-Kassab.jpg\",\"contentUrl\":\"https:\\\/\\\/blogdofarnesio.com.br\\\/wp-content\\\/uploads\\\/2017\\\/12\\\/blogqsp-Gilberto-Kassab.jpg\",\"width\":890,\"height\":500},{\"@type\":\"BreadcrumbList\",\"@id\":\"https:\\\/\\\/blogdofarnesio.com.br\\\/?p=218139#breadcrumb\",\"itemListElement\":[{\"@type\":\"ListItem\",\"position\":1,\"name\":\"In\u00edcio\",\"item\":\"https:\\\/\\\/blogdofarnesio.com.br\\\/\"},{\"@type\":\"ListItem\",\"position\":2,\"name\":\"DORIA AFASTA KASSAB DA CASA CIVIL DO GOVERNO DE S\u00c3O PAULO\"}]},{\"@type\":\"WebSite\",\"@id\":\"https:\\\/\\\/blogdofarnesio.com.br\\\/#website\",\"url\":\"https:\\\/\\\/blogdofarnesio.com.br\\\/\",\"name\":\"Blog do Farn\u00e9sio\",\"description\":\"Quer Saber Pol\u00edtica?\",\"publisher\":{\"@id\":\"https:\\\/\\\/blogdofarnesio.com.br\\\/#organization\"},\"potentialAction\":[{\"@type\":\"SearchAction\",\"target\":{\"@type\":\"EntryPoint\",\"urlTemplate\":\"https:\\\/\\\/blogdofarnesio.com.br\\\/?s={search_term_string}\"},\"query-input\":{\"@type\":\"PropertyValueSpecification\",\"valueRequired\":true,\"valueName\":\"search_term_string\"}}],\"inLanguage\":\"pt-BR\"},{\"@type\":\"Organization\",\"@id\":\"https:\\\/\\\/blogdofarnesio.com.br\\\/#organization\",\"name\":\"Blog do Farn\u00e9sio\",\"url\":\"https:\\\/\\\/blogdofarnesio.com.br\\\/\",\"logo\":{\"@type\":\"ImageObject\",\"inLanguage\":\"pt-BR\",\"@id\":\"https:\\\/\\\/blogdofarnesio.com.br\\\/#\\\/schema\\\/logo\\\/image\\\/\",\"url\":\"https:\\\/\\\/blogdofarnesio.com.br\\\/wp-content\\\/uploads\\\/2026\\\/03\\\/cropped-logo_new-1.png\",\"contentUrl\":\"https:\\\/\\\/blogdofarnesio.com.br\\\/wp-content\\\/uploads\\\/2026\\\/03\\\/cropped-logo_new-1.png\",\"width\":881,\"height\":685,\"caption\":\"Blog do Farn\u00e9sio\"},\"image\":{\"@id\":\"https:\\\/\\\/blogdofarnesio.com.br\\\/#\\\/schema\\\/logo\\\/image\\\/\"},\"sameAs\":[\"https:\\\/\\\/www.facebook.com\\\/BlogQuerSaberPolitica\\\/\"]},{\"@type\":\"Person\",\"@id\":\"https:\\\/\\\/blogdofarnesio.com.br\\\/#\\\/schema\\\/person\\\/301c4acf522bccbfdb45af95b5b906a1\",\"name\":\"Farn\u00e9sio\",\"image\":{\"@type\":\"ImageObject\",\"inLanguage\":\"pt-BR\",\"@id\":\"https:\\\/\\\/secure.gravatar.com\\\/avatar\\\/df0c9a14567c056f8ad6876ba5bbd1e3e2c48023eb6807342fc4663adf549f38?s=96&d=mm&r=g\",\"url\":\"https:\\\/\\\/secure.gravatar.com\\\/avatar\\\/df0c9a14567c056f8ad6876ba5bbd1e3e2c48023eb6807342fc4663adf549f38?s=96&d=mm&r=g\",\"contentUrl\":\"https:\\\/\\\/secure.gravatar.com\\\/avatar\\\/df0c9a14567c056f8ad6876ba5bbd1e3e2c48023eb6807342fc4663adf549f38?s=96&d=mm&r=g\",\"caption\":\"Farn\u00e9sio\"},\"sameAs\":[\"https:\\\/\\\/quersaberpolitica.com.br\"],\"url\":\"https:\\\/\\\/blogdofarnesio.com.br\\\/?author=1\"}]}<\/script>\n<!-- \/ Yoast SEO plugin. -->","yoast_head_json":{"title":"DORIA AFASTA KASSAB DA CASA CIVIL DO GOVERNO DE S\u00c3O PAULO - Blog do Farn\u00e9sio","robots":{"index":"index","follow":"follow","max-snippet":"max-snippet:-1","max-image-preview":"max-image-preview:large","max-video-preview":"max-video-preview:-1"},"canonical":"https:\/\/blogdofarnesio.com.br\/?p=218139","og_locale":"pt_BR","og_type":"article","og_title":"DORIA AFASTA KASSAB DA CASA CIVIL DO GOVERNO DE S\u00c3O PAULO - Blog do Farn\u00e9sio","og_description":"O afastamento de Gilberto Kassab (PSD) do cargo de secret\u00e1rio da Casa Civil de Jo\u00e3o Doria (PSDB) foi publicado no Di\u00e1rio Oficial do Estado de S\u00e3o Paulo desta sexta-feira (4). O ex-ministro e tamb\u00e9m ex-prefeito paulistano pediu licen\u00e7a do cargo para se defender de den\u00fancias de corrup\u00e7\u00e3o pelas quais \u00e9 investigado pela Pol\u00edcia Federal. Kassab foi alvo de uma opera\u00e7\u00e3o de busca e apreens\u00e3o da Pol\u00edcia Federal, sob suspeita de ter recebido valores ilegalmente da JBS. Na ocasi\u00e3o, foram encontrados em sua casa em S\u00e3o Paulo R$ 300 mil em esp\u00e9cie. Ele nega irregularidades. O secret\u00e1rio foi empossado no dia 1\u00ba, no mesmo dia da posse de Doria, ainda que n\u00e3o tenha comparecido \u00e0 cerim\u00f4nia. Segundo decreto de Doria publicado&hellip;","og_url":"https:\/\/blogdofarnesio.com.br\/?p=218139","og_site_name":"Blog do Farn\u00e9sio","article_publisher":"https:\/\/www.facebook.com\/BlogQuerSaberPolitica\/","article_published_time":"2019-01-04T16:00:11+00:00","og_image":[{"width":890,"height":500,"url":"https:\/\/blogdofarnesio.com.br\/wp-content\/uploads\/2017\/12\/blogqsp-Gilberto-Kassab.jpg","type":"image\/jpeg"}],"author":"Farn\u00e9sio","twitter_card":"summary_large_image","twitter_misc":{"Escrito por":"Farn\u00e9sio","Est. tempo de leitura":"2 minutos"},"schema":{"@context":"https:\/\/schema.org","@graph":[{"@type":"Article","@id":"https:\/\/blogdofarnesio.com.br\/?p=218139#article","isPartOf":{"@id":"https:\/\/blogdofarnesio.com.br\/?p=218139"},"author":{"name":"Farn\u00e9sio","@id":"https:\/\/blogdofarnesio.com.br\/#\/schema\/person\/301c4acf522bccbfdb45af95b5b906a1"},"headline":"DORIA AFASTA KASSAB DA CASA CIVIL DO GOVERNO DE S\u00c3O PAULO","datePublished":"2019-01-04T16:00:11+00:00","mainEntityOfPage":{"@id":"https:\/\/blogdofarnesio.com.br\/?p=218139"},"wordCount":346,"publisher":{"@id":"https:\/\/blogdofarnesio.com.br\/#organization"},"image":{"@id":"https:\/\/blogdofarnesio.com.br\/?p=218139#primaryimage"},"thumbnailUrl":"https:\/\/blogdofarnesio.com.br\/wp-content\/uploads\/2017\/12\/blogqsp-Gilberto-Kassab.jpg","articleSection":["Pol\u00edtica"],"inLanguage":"pt-BR"},{"@type":"WebPage","@id":"https:\/\/blogdofarnesio.com.br\/?p=218139","url":"https:\/\/blogdofarnesio.com.br\/?p=218139","name":"DORIA AFASTA KASSAB DA CASA CIVIL DO GOVERNO DE S\u00c3O PAULO - Blog do Farn\u00e9sio","isPartOf":{"@id":"https:\/\/blogdofarnesio.com.br\/#website"},"primaryImageOfPage":{"@id":"https:\/\/blogdofarnesio.com.br\/?p=218139#primaryimage"},"image":{"@id":"https:\/\/blogdofarnesio.com.br\/?p=218139#primaryimage"},"thumbnailUrl":"https:\/\/blogdofarnesio.com.br\/wp-content\/uploads\/2017\/12\/blogqsp-Gilberto-Kassab.jpg","datePublished":"2019-01-04T16:00:11+00:00","breadcrumb":{"@id":"https:\/\/blogdofarnesio.com.br\/?p=218139#breadcrumb"},"inLanguage":"pt-BR","potentialAction":[{"@type":"ReadAction","target":["https:\/\/blogdofarnesio.com.br\/?p=218139"]}]},{"@type":"ImageObject","inLanguage":"pt-BR","@id":"https:\/\/blogdofarnesio.com.br\/?p=218139#primaryimage","url":"https:\/\/blogdofarnesio.com.br\/wp-content\/uploads\/2017\/12\/blogqsp-Gilberto-Kassab.jpg","contentUrl":"https:\/\/blogdofarnesio.com.br\/wp-content\/uploads\/2017\/12\/blogqsp-Gilberto-Kassab.jpg","width":890,"height":500},{"@type":"BreadcrumbList","@id":"https:\/\/blogdofarnesio.com.br\/?p=218139#breadcrumb","itemListElement":[{"@type":"ListItem","position":1,"name":"In\u00edcio","item":"https:\/\/blogdofarnesio.com.br\/"},{"@type":"ListItem","position":2,"name":"DORIA AFASTA KASSAB DA CASA CIVIL DO GOVERNO DE S\u00c3O PAULO"}]},{"@type":"WebSite","@id":"https:\/\/blogdofarnesio.com.br\/#website","url":"https:\/\/blogdofarnesio.com.br\/","name":"Blog do Farn\u00e9sio","description":"Quer Saber Pol\u00edtica?","publisher":{"@id":"https:\/\/blogdofarnesio.com.br\/#organization"},"potentialAction":[{"@type":"SearchAction","target":{"@type":"EntryPoint","urlTemplate":"https:\/\/blogdofarnesio.com.br\/?s={search_term_string}"},"query-input":{"@type":"PropertyValueSpecification","valueRequired":true,"valueName":"search_term_string"}}],"inLanguage":"pt-BR"},{"@type":"Organization","@id":"https:\/\/blogdofarnesio.com.br\/#organization","name":"Blog do Farn\u00e9sio","url":"https:\/\/blogdofarnesio.com.br\/","logo":{"@type":"ImageObject","inLanguage":"pt-BR","@id":"https:\/\/blogdofarnesio.com.br\/#\/schema\/logo\/image\/","url":"https:\/\/blogdofarnesio.com.br\/wp-content\/uploads\/2026\/03\/cropped-logo_new-1.png","contentUrl":"https:\/\/blogdofarnesio.com.br\/wp-content\/uploads\/2026\/03\/cropped-logo_new-1.png","width":881,"height":685,"caption":"Blog do Farn\u00e9sio"},"image":{"@id":"https:\/\/blogdofarnesio.com.br\/#\/schema\/logo\/image\/"},"sameAs":["https:\/\/www.facebook.com\/BlogQuerSaberPolitica\/"]},{"@type":"Person","@id":"https:\/\/blogdofarnesio.com.br\/#\/schema\/person\/301c4acf522bccbfdb45af95b5b906a1","name":"Farn\u00e9sio","image":{"@type":"ImageObject","inLanguage":"pt-BR","@id":"https:\/\/secure.gravatar.com\/avatar\/df0c9a14567c056f8ad6876ba5bbd1e3e2c48023eb6807342fc4663adf549f38?s=96&d=mm&r=g","url":"https:\/\/secure.gravatar.com\/avatar\/df0c9a14567c056f8ad6876ba5bbd1e3e2c48023eb6807342fc4663adf549f38?s=96&d=mm&r=g","contentUrl":"https:\/\/secure.gravatar.com\/avatar\/df0c9a14567c056f8ad6876ba5bbd1e3e2c48023eb6807342fc4663adf549f38?s=96&d=mm&r=g","caption":"Farn\u00e9sio"},"sameAs":["https:\/\/quersaberpolitica.com.br"],"url":"https:\/\/blogdofarnesio.com.br\/?author=1"}]}},"_links":{"self":[{"href":"https:\/\/blogdofarnesio.com.br\/index.php?rest_route=\/wp\/v2\/posts\/218139","targetHints":{"allow":["GET"]}}],"collection":[{"href":"https:\/\/blogdofarnesio.com.br\/index.php?rest_route=\/wp\/v2\/posts"}],"about":[{"href":"https:\/\/blogdofarnesio.com.br\/index.php?rest_route=\/wp\/v2\/types\/post"}],"author":[{"embeddable":true,"href":"https:\/\/blogdofarnesio.com.br\/index.php?rest_route=\/wp\/v2\/users\/1"}],"replies":[{"embeddable":true,"href":"https:\/\/blogdofarnesio.com.br\/index.php?rest_route=%2Fwp%2Fv2%2Fcomments&post=218139"}],"version-history":[{"count":0,"href":"https:\/\/blogdofarnesio.com.br\/index.php?rest_route=\/wp\/v2\/posts\/218139\/revisions"}],"wp:featuredmedia":[{"embeddable":true,"href":"https:\/\/blogdofarnesio.com.br\/index.php?rest_route=\/wp\/v2\/media\/183826"}],"wp:attachment":[{"href":"https:\/\/blogdofarnesio.com.br\/index.php?rest_route=%2Fwp%2Fv2%2Fmedia&parent=218139"}],"wp:term":[{"taxonomy":"category","embeddable":true,"href":"https:\/\/blogdofarnesio.com.br\/index.php?rest_route=%2Fwp%2Fv2%2Fcategories&post=218139"},{"taxonomy":"post_tag","embeddable":true,"href":"https:\/\/blogdofarnesio.com.br\/index.php?rest_route=%2Fwp%2Fv2%2Ftags&post=218139"}],"curies":[{"name":"wp","href":"https:\/\/api.w.org\/{rel}","templated":true}]}}