{"id":217876,"date":"2018-12-28T17:33:23","date_gmt":"2018-12-28T20:33:23","guid":{"rendered":"http:\/\/quersaberpolitica.com.br\/2016\/?p=217876"},"modified":"2018-12-28T16:19:14","modified_gmt":"2018-12-28T19:19:14","slug":"bolsonaro-diz-que-vai-aumentar-validade-da-carteira-de-habilitacao-cnh-para-10-anos","status":"publish","type":"post","link":"https:\/\/blogdofarnesio.com.br\/?p=217876","title":{"rendered":"BOLSONARO DIZ QUE VAI AUMENTAR VALIDADE DA CARTEIRA DE HABILITA\u00c7\u00c3O (CNH) PARA 10 ANOS"},"content":{"rendered":"<header>\n<div class=\"resume\">\n<p><a class=\"author url fn\" title=\"Posts de Poder360\" href=\"https:\/\/www.poder360.com.br\/author\/do-poder360\/\" rel=\"author\">PODER360<\/a><\/p>\n<\/div>\n<\/header>\n<div class=\"content wp js-mediator-article\" data-ga-ano=\"2018\" data-ga-categoria=\"Governo\" data-ga-autor=\"Poder360\">\n<p>O presidente eleito, Jair Bolsonaro (PSL), disse\u00a0nesta 6\u00aa feira (28.dez.2018) que realizar\u00e1 a\u00e7\u00f5es para aumentar a validade da CNH (Carteira Nacional de Habilita\u00e7\u00e3o) para 10 anos. Atualmente o prazo \u00e9 de 5 anos. Em publica\u00e7\u00e3o no Twitter, Bolsonaro parabenizou o governo do Rio de Janeiro por extinguir a exig\u00eancia de vistoria anual de ve\u00edculos.<\/p>\n<p><img loading=\"lazy\" decoding=\"async\" class=\"aligncenter wp-image-250394 \" src=\"https:\/\/static.poder360.com.br\/2018\/12\/Captura-de-Tela-2018-12-28-a%CC%80s-10.35.36.png\" sizes=\"auto, (max-width: 1250px) 100vw, 1250px\" srcset=\"\/\/static.poder360.com.br\/2018\/12\/Captura-de-Tela-2018-12-28-a\u0300s-10.35.36.png 1250w, \/\/static.poder360.com.br\/2018\/12\/Captura-de-Tela-2018-12-28-a\u0300s-10.35.36-450x219.png 450w, \/\/static.poder360.com.br\/2018\/12\/Captura-de-Tela-2018-12-28-a\u0300s-10.35.36-768x374.png 768w, \/\/static.poder360.com.br\/2018\/12\/Captura-de-Tela-2018-12-28-a\u0300s-10.35.36-1024x498.png 1024w\" alt=\"\" width=\"615\" height=\"299\" \/><\/p>\n<p>Nesta 5\u00aa feira (27.dez), o governador em exerc\u00edcio do Rio de Janeiro, Francisco Dornelles, sancionou uma lei que determina o fim da vistoria presencial de ve\u00edculos pelo Detran (Departamento de Tr\u00e2nsito).<\/p>\n<p>Anteriormente, o Rio de Janeiro era o \u00fanico Estado brasileiro a realizar a vistoria anual presencial em ve\u00edculos particulares.<\/p>\n<p>Segundo Dornelles, a a\u00e7\u00e3o resultar\u00e1 em economia de R$ 200 milh\u00f5es para o Detran, porque com a medida muitos postos de vistoria ser\u00e3o desativados. O projeto foi de autoria dos deputados estaduais Luiz Paulo (PSDB), Gilberto Palmares (PT) e Zaqueu Teixeira (PSD).<\/p>\n<p>No Rio de Janeiro, as vistorias continuar\u00e3o obrigat\u00f3rias para ve\u00edculos de transporte escolar, de cargas, de transporte coletivo de passageiros e ve\u00edculos rodovi\u00e1rios de passageiros.<\/p>\n<\/div>\n","protected":false},"excerpt":{"rendered":"<p>PODER360 O presidente eleito, Jair Bolsonaro (PSL), disse\u00a0nesta 6\u00aa feira (28.dez.2018) que realizar\u00e1 a\u00e7\u00f5es para aumentar a validade da CNH (Carteira Nacional de Habilita\u00e7\u00e3o) para 10 anos. Atualmente o prazo \u00e9 de 5 anos. Em publica\u00e7\u00e3o no Twitter, Bolsonaro parabenizou o governo do Rio de Janeiro por extinguir a exig\u00eancia de vistoria anual de ve\u00edculos. Nesta 5\u00aa feira (27.dez), o governador em exerc\u00edcio do Rio de Janeiro, Francisco Dornelles, sancionou uma lei que determina o fim da vistoria presencial de ve\u00edculos pelo Detran (Departamento de Tr\u00e2nsito). Anteriormente, o Rio de Janeiro era o \u00fanico Estado brasileiro a realizar a vistoria anual presencial em ve\u00edculos particulares. Segundo Dornelles, a a\u00e7\u00e3o resultar\u00e1 em economia de R$ 200 milh\u00f5es para o Detran, porque&hellip; <\/p>\n","protected":false},"author":1,"featured_media":217877,"comment_status":"closed","ping_status":"closed","sticky":false,"template":"","format":"standard","meta":{"_acf_changed":false,"footnotes":""},"categories":[1],"tags":[],"class_list":["post-217876","post","type-post","status-publish","format-standard","has-post-thumbnail","hentry","category-politica"],"acf":[],"yoast_head":"<!-- This site is optimized with the Yoast SEO plugin v27.4 - https:\/\/yoast.com\/product\/yoast-seo-wordpress\/ -->\n<title>BOLSONARO DIZ QUE VAI AUMENTAR VALIDADE DA CARTEIRA DE HABILITA\u00c7\u00c3O (CNH) PARA 10 ANOS - Blog do Farn\u00e9sio<\/title>\n<meta name=\"robots\" content=\"index, follow, max-snippet:-1, max-image-preview:large, max-video-preview:-1\" \/>\n<link rel=\"canonical\" href=\"https:\/\/blogdofarnesio.com.br\/?p=217876\" \/>\n<meta property=\"og:locale\" content=\"pt_BR\" \/>\n<meta property=\"og:type\" content=\"article\" \/>\n<meta property=\"og:title\" content=\"BOLSONARO DIZ QUE VAI AUMENTAR VALIDADE DA CARTEIRA DE HABILITA\u00c7\u00c3O (CNH) PARA 10 ANOS - Blog do Farn\u00e9sio\" \/>\n<meta property=\"og:description\" content=\"PODER360 O presidente eleito, Jair Bolsonaro (PSL), disse\u00a0nesta 6\u00aa feira (28.dez.2018) que realizar\u00e1 a\u00e7\u00f5es para aumentar a validade da CNH (Carteira Nacional de Habilita\u00e7\u00e3o) para 10 anos. Atualmente o prazo \u00e9 de 5 anos. Em publica\u00e7\u00e3o no Twitter, Bolsonaro parabenizou o governo do Rio de Janeiro por extinguir a exig\u00eancia de vistoria anual de ve\u00edculos. Nesta 5\u00aa feira (27.dez), o governador em exerc\u00edcio do Rio de Janeiro, Francisco Dornelles, sancionou uma lei que determina o fim da vistoria presencial de ve\u00edculos pelo Detran (Departamento de Tr\u00e2nsito). Anteriormente, o Rio de Janeiro era o \u00fanico Estado brasileiro a realizar a vistoria anual presencial em ve\u00edculos particulares. Segundo Dornelles, a a\u00e7\u00e3o resultar\u00e1 em economia de R$ 200 milh\u00f5es para o Detran, porque&hellip;\" \/>\n<meta property=\"og:url\" content=\"https:\/\/blogdofarnesio.com.br\/?p=217876\" \/>\n<meta property=\"og:site_name\" content=\"Blog do Farn\u00e9sio\" \/>\n<meta property=\"article:publisher\" content=\"https:\/\/www.facebook.com\/BlogQuerSaberPolitica\/\" \/>\n<meta property=\"article:published_time\" content=\"2018-12-28T20:33:23+00:00\" \/>\n<meta property=\"og:image\" content=\"https:\/\/blogdofarnesio.com.br\/wp-content\/uploads\/2018\/12\/blogqspCNHDETRAN2-850x558-e1546024713629.jpg\" \/>\n\t<meta property=\"og:image:width\" content=\"650\" \/>\n\t<meta property=\"og:image:height\" content=\"427\" \/>\n\t<meta property=\"og:image:type\" content=\"image\/jpeg\" \/>\n<meta name=\"author\" content=\"Farn\u00e9sio\" \/>\n<meta name=\"twitter:card\" content=\"summary_large_image\" \/>\n<meta name=\"twitter:label1\" content=\"Escrito por\" \/>\n\t<meta name=\"twitter:data1\" content=\"Farn\u00e9sio\" \/>\n\t<meta name=\"twitter:label2\" content=\"Est. tempo de leitura\" \/>\n\t<meta name=\"twitter:data2\" content=\"1 minuto\" \/>\n<script type=\"application\/ld+json\" class=\"yoast-schema-graph\">{\"@context\":\"https:\\\/\\\/schema.org\",\"@graph\":[{\"@type\":\"Article\",\"@id\":\"https:\\\/\\\/blogdofarnesio.com.br\\\/?p=217876#article\",\"isPartOf\":{\"@id\":\"https:\\\/\\\/blogdofarnesio.com.br\\\/?p=217876\"},\"author\":{\"name\":\"Farn\u00e9sio\",\"@id\":\"https:\\\/\\\/blogdofarnesio.com.br\\\/#\\\/schema\\\/person\\\/301c4acf522bccbfdb45af95b5b906a1\"},\"headline\":\"BOLSONARO DIZ QUE VAI AUMENTAR VALIDADE DA CARTEIRA DE HABILITA\u00c7\u00c3O (CNH) PARA 10 ANOS\",\"datePublished\":\"2018-12-28T20:33:23+00:00\",\"mainEntityOfPage\":{\"@id\":\"https:\\\/\\\/blogdofarnesio.com.br\\\/?p=217876\"},\"wordCount\":198,\"publisher\":{\"@id\":\"https:\\\/\\\/blogdofarnesio.com.br\\\/#organization\"},\"image\":{\"@id\":\"https:\\\/\\\/blogdofarnesio.com.br\\\/?p=217876#primaryimage\"},\"thumbnailUrl\":\"https:\\\/\\\/blogdofarnesio.com.br\\\/wp-content\\\/uploads\\\/2018\\\/12\\\/blogqspCNHDETRAN2-850x558-e1546024713629.jpg\",\"articleSection\":[\"Pol\u00edtica\"],\"inLanguage\":\"pt-BR\"},{\"@type\":\"WebPage\",\"@id\":\"https:\\\/\\\/blogdofarnesio.com.br\\\/?p=217876\",\"url\":\"https:\\\/\\\/blogdofarnesio.com.br\\\/?p=217876\",\"name\":\"BOLSONARO DIZ QUE VAI AUMENTAR VALIDADE DA CARTEIRA DE HABILITA\u00c7\u00c3O (CNH) PARA 10 ANOS - Blog do Farn\u00e9sio\",\"isPartOf\":{\"@id\":\"https:\\\/\\\/blogdofarnesio.com.br\\\/#website\"},\"primaryImageOfPage\":{\"@id\":\"https:\\\/\\\/blogdofarnesio.com.br\\\/?p=217876#primaryimage\"},\"image\":{\"@id\":\"https:\\\/\\\/blogdofarnesio.com.br\\\/?p=217876#primaryimage\"},\"thumbnailUrl\":\"https:\\\/\\\/blogdofarnesio.com.br\\\/wp-content\\\/uploads\\\/2018\\\/12\\\/blogqspCNHDETRAN2-850x558-e1546024713629.jpg\",\"datePublished\":\"2018-12-28T20:33:23+00:00\",\"breadcrumb\":{\"@id\":\"https:\\\/\\\/blogdofarnesio.com.br\\\/?p=217876#breadcrumb\"},\"inLanguage\":\"pt-BR\",\"potentialAction\":[{\"@type\":\"ReadAction\",\"target\":[\"https:\\\/\\\/blogdofarnesio.com.br\\\/?p=217876\"]}]},{\"@type\":\"ImageObject\",\"inLanguage\":\"pt-BR\",\"@id\":\"https:\\\/\\\/blogdofarnesio.com.br\\\/?p=217876#primaryimage\",\"url\":\"https:\\\/\\\/blogdofarnesio.com.br\\\/wp-content\\\/uploads\\\/2018\\\/12\\\/blogqspCNHDETRAN2-850x558-e1546024713629.jpg\",\"contentUrl\":\"https:\\\/\\\/blogdofarnesio.com.br\\\/wp-content\\\/uploads\\\/2018\\\/12\\\/blogqspCNHDETRAN2-850x558-e1546024713629.jpg\",\"width\":650,\"height\":427,\"caption\":\"Ilustra\u00e7\u00e3o\"},{\"@type\":\"BreadcrumbList\",\"@id\":\"https:\\\/\\\/blogdofarnesio.com.br\\\/?p=217876#breadcrumb\",\"itemListElement\":[{\"@type\":\"ListItem\",\"position\":1,\"name\":\"In\u00edcio\",\"item\":\"https:\\\/\\\/blogdofarnesio.com.br\\\/\"},{\"@type\":\"ListItem\",\"position\":2,\"name\":\"BOLSONARO DIZ QUE VAI AUMENTAR VALIDADE DA CARTEIRA DE HABILITA\u00c7\u00c3O (CNH) PARA 10 ANOS\"}]},{\"@type\":\"WebSite\",\"@id\":\"https:\\\/\\\/blogdofarnesio.com.br\\\/#website\",\"url\":\"https:\\\/\\\/blogdofarnesio.com.br\\\/\",\"name\":\"Blog do Farn\u00e9sio\",\"description\":\"Quer Saber Pol\u00edtica?\",\"publisher\":{\"@id\":\"https:\\\/\\\/blogdofarnesio.com.br\\\/#organization\"},\"potentialAction\":[{\"@type\":\"SearchAction\",\"target\":{\"@type\":\"EntryPoint\",\"urlTemplate\":\"https:\\\/\\\/blogdofarnesio.com.br\\\/?s={search_term_string}\"},\"query-input\":{\"@type\":\"PropertyValueSpecification\",\"valueRequired\":true,\"valueName\":\"search_term_string\"}}],\"inLanguage\":\"pt-BR\"},{\"@type\":\"Organization\",\"@id\":\"https:\\\/\\\/blogdofarnesio.com.br\\\/#organization\",\"name\":\"Blog do Farn\u00e9sio\",\"url\":\"https:\\\/\\\/blogdofarnesio.com.br\\\/\",\"logo\":{\"@type\":\"ImageObject\",\"inLanguage\":\"pt-BR\",\"@id\":\"https:\\\/\\\/blogdofarnesio.com.br\\\/#\\\/schema\\\/logo\\\/image\\\/\",\"url\":\"https:\\\/\\\/blogdofarnesio.com.br\\\/wp-content\\\/uploads\\\/2026\\\/03\\\/cropped-logo_new-1.png\",\"contentUrl\":\"https:\\\/\\\/blogdofarnesio.com.br\\\/wp-content\\\/uploads\\\/2026\\\/03\\\/cropped-logo_new-1.png\",\"width\":881,\"height\":685,\"caption\":\"Blog do Farn\u00e9sio\"},\"image\":{\"@id\":\"https:\\\/\\\/blogdofarnesio.com.br\\\/#\\\/schema\\\/logo\\\/image\\\/\"},\"sameAs\":[\"https:\\\/\\\/www.facebook.com\\\/BlogQuerSaberPolitica\\\/\"]},{\"@type\":\"Person\",\"@id\":\"https:\\\/\\\/blogdofarnesio.com.br\\\/#\\\/schema\\\/person\\\/301c4acf522bccbfdb45af95b5b906a1\",\"name\":\"Farn\u00e9sio\",\"image\":{\"@type\":\"ImageObject\",\"inLanguage\":\"pt-BR\",\"@id\":\"https:\\\/\\\/secure.gravatar.com\\\/avatar\\\/df0c9a14567c056f8ad6876ba5bbd1e3e2c48023eb6807342fc4663adf549f38?s=96&d=mm&r=g\",\"url\":\"https:\\\/\\\/secure.gravatar.com\\\/avatar\\\/df0c9a14567c056f8ad6876ba5bbd1e3e2c48023eb6807342fc4663adf549f38?s=96&d=mm&r=g\",\"contentUrl\":\"https:\\\/\\\/secure.gravatar.com\\\/avatar\\\/df0c9a14567c056f8ad6876ba5bbd1e3e2c48023eb6807342fc4663adf549f38?s=96&d=mm&r=g\",\"caption\":\"Farn\u00e9sio\"},\"sameAs\":[\"https:\\\/\\\/quersaberpolitica.com.br\"],\"url\":\"https:\\\/\\\/blogdofarnesio.com.br\\\/?author=1\"}]}<\/script>\n<!-- \/ Yoast SEO plugin. -->","yoast_head_json":{"title":"BOLSONARO DIZ QUE VAI AUMENTAR VALIDADE DA CARTEIRA DE HABILITA\u00c7\u00c3O (CNH) PARA 10 ANOS - Blog do Farn\u00e9sio","robots":{"index":"index","follow":"follow","max-snippet":"max-snippet:-1","max-image-preview":"max-image-preview:large","max-video-preview":"max-video-preview:-1"},"canonical":"https:\/\/blogdofarnesio.com.br\/?p=217876","og_locale":"pt_BR","og_type":"article","og_title":"BOLSONARO DIZ QUE VAI AUMENTAR VALIDADE DA CARTEIRA DE HABILITA\u00c7\u00c3O (CNH) PARA 10 ANOS - Blog do Farn\u00e9sio","og_description":"PODER360 O presidente eleito, Jair Bolsonaro (PSL), disse\u00a0nesta 6\u00aa feira (28.dez.2018) que realizar\u00e1 a\u00e7\u00f5es para aumentar a validade da CNH (Carteira Nacional de Habilita\u00e7\u00e3o) para 10 anos. Atualmente o prazo \u00e9 de 5 anos. Em publica\u00e7\u00e3o no Twitter, Bolsonaro parabenizou o governo do Rio de Janeiro por extinguir a exig\u00eancia de vistoria anual de ve\u00edculos. Nesta 5\u00aa feira (27.dez), o governador em exerc\u00edcio do Rio de Janeiro, Francisco Dornelles, sancionou uma lei que determina o fim da vistoria presencial de ve\u00edculos pelo Detran (Departamento de Tr\u00e2nsito). Anteriormente, o Rio de Janeiro era o \u00fanico Estado brasileiro a realizar a vistoria anual presencial em ve\u00edculos particulares. Segundo Dornelles, a a\u00e7\u00e3o resultar\u00e1 em economia de R$ 200 milh\u00f5es para o Detran, porque&hellip;","og_url":"https:\/\/blogdofarnesio.com.br\/?p=217876","og_site_name":"Blog do Farn\u00e9sio","article_publisher":"https:\/\/www.facebook.com\/BlogQuerSaberPolitica\/","article_published_time":"2018-12-28T20:33:23+00:00","og_image":[{"width":650,"height":427,"url":"https:\/\/blogdofarnesio.com.br\/wp-content\/uploads\/2018\/12\/blogqspCNHDETRAN2-850x558-e1546024713629.jpg","type":"image\/jpeg"}],"author":"Farn\u00e9sio","twitter_card":"summary_large_image","twitter_misc":{"Escrito por":"Farn\u00e9sio","Est. tempo de leitura":"1 minuto"},"schema":{"@context":"https:\/\/schema.org","@graph":[{"@type":"Article","@id":"https:\/\/blogdofarnesio.com.br\/?p=217876#article","isPartOf":{"@id":"https:\/\/blogdofarnesio.com.br\/?p=217876"},"author":{"name":"Farn\u00e9sio","@id":"https:\/\/blogdofarnesio.com.br\/#\/schema\/person\/301c4acf522bccbfdb45af95b5b906a1"},"headline":"BOLSONARO DIZ QUE VAI AUMENTAR VALIDADE DA CARTEIRA DE HABILITA\u00c7\u00c3O (CNH) PARA 10 ANOS","datePublished":"2018-12-28T20:33:23+00:00","mainEntityOfPage":{"@id":"https:\/\/blogdofarnesio.com.br\/?p=217876"},"wordCount":198,"publisher":{"@id":"https:\/\/blogdofarnesio.com.br\/#organization"},"image":{"@id":"https:\/\/blogdofarnesio.com.br\/?p=217876#primaryimage"},"thumbnailUrl":"https:\/\/blogdofarnesio.com.br\/wp-content\/uploads\/2018\/12\/blogqspCNHDETRAN2-850x558-e1546024713629.jpg","articleSection":["Pol\u00edtica"],"inLanguage":"pt-BR"},{"@type":"WebPage","@id":"https:\/\/blogdofarnesio.com.br\/?p=217876","url":"https:\/\/blogdofarnesio.com.br\/?p=217876","name":"BOLSONARO DIZ QUE VAI AUMENTAR VALIDADE DA CARTEIRA DE HABILITA\u00c7\u00c3O (CNH) PARA 10 ANOS - Blog do Farn\u00e9sio","isPartOf":{"@id":"https:\/\/blogdofarnesio.com.br\/#website"},"primaryImageOfPage":{"@id":"https:\/\/blogdofarnesio.com.br\/?p=217876#primaryimage"},"image":{"@id":"https:\/\/blogdofarnesio.com.br\/?p=217876#primaryimage"},"thumbnailUrl":"https:\/\/blogdofarnesio.com.br\/wp-content\/uploads\/2018\/12\/blogqspCNHDETRAN2-850x558-e1546024713629.jpg","datePublished":"2018-12-28T20:33:23+00:00","breadcrumb":{"@id":"https:\/\/blogdofarnesio.com.br\/?p=217876#breadcrumb"},"inLanguage":"pt-BR","potentialAction":[{"@type":"ReadAction","target":["https:\/\/blogdofarnesio.com.br\/?p=217876"]}]},{"@type":"ImageObject","inLanguage":"pt-BR","@id":"https:\/\/blogdofarnesio.com.br\/?p=217876#primaryimage","url":"https:\/\/blogdofarnesio.com.br\/wp-content\/uploads\/2018\/12\/blogqspCNHDETRAN2-850x558-e1546024713629.jpg","contentUrl":"https:\/\/blogdofarnesio.com.br\/wp-content\/uploads\/2018\/12\/blogqspCNHDETRAN2-850x558-e1546024713629.jpg","width":650,"height":427,"caption":"Ilustra\u00e7\u00e3o"},{"@type":"BreadcrumbList","@id":"https:\/\/blogdofarnesio.com.br\/?p=217876#breadcrumb","itemListElement":[{"@type":"ListItem","position":1,"name":"In\u00edcio","item":"https:\/\/blogdofarnesio.com.br\/"},{"@type":"ListItem","position":2,"name":"BOLSONARO DIZ QUE VAI AUMENTAR VALIDADE DA CARTEIRA DE HABILITA\u00c7\u00c3O (CNH) PARA 10 ANOS"}]},{"@type":"WebSite","@id":"https:\/\/blogdofarnesio.com.br\/#website","url":"https:\/\/blogdofarnesio.com.br\/","name":"Blog do Farn\u00e9sio","description":"Quer Saber Pol\u00edtica?","publisher":{"@id":"https:\/\/blogdofarnesio.com.br\/#organization"},"potentialAction":[{"@type":"SearchAction","target":{"@type":"EntryPoint","urlTemplate":"https:\/\/blogdofarnesio.com.br\/?s={search_term_string}"},"query-input":{"@type":"PropertyValueSpecification","valueRequired":true,"valueName":"search_term_string"}}],"inLanguage":"pt-BR"},{"@type":"Organization","@id":"https:\/\/blogdofarnesio.com.br\/#organization","name":"Blog do Farn\u00e9sio","url":"https:\/\/blogdofarnesio.com.br\/","logo":{"@type":"ImageObject","inLanguage":"pt-BR","@id":"https:\/\/blogdofarnesio.com.br\/#\/schema\/logo\/image\/","url":"https:\/\/blogdofarnesio.com.br\/wp-content\/uploads\/2026\/03\/cropped-logo_new-1.png","contentUrl":"https:\/\/blogdofarnesio.com.br\/wp-content\/uploads\/2026\/03\/cropped-logo_new-1.png","width":881,"height":685,"caption":"Blog do Farn\u00e9sio"},"image":{"@id":"https:\/\/blogdofarnesio.com.br\/#\/schema\/logo\/image\/"},"sameAs":["https:\/\/www.facebook.com\/BlogQuerSaberPolitica\/"]},{"@type":"Person","@id":"https:\/\/blogdofarnesio.com.br\/#\/schema\/person\/301c4acf522bccbfdb45af95b5b906a1","name":"Farn\u00e9sio","image":{"@type":"ImageObject","inLanguage":"pt-BR","@id":"https:\/\/secure.gravatar.com\/avatar\/df0c9a14567c056f8ad6876ba5bbd1e3e2c48023eb6807342fc4663adf549f38?s=96&d=mm&r=g","url":"https:\/\/secure.gravatar.com\/avatar\/df0c9a14567c056f8ad6876ba5bbd1e3e2c48023eb6807342fc4663adf549f38?s=96&d=mm&r=g","contentUrl":"https:\/\/secure.gravatar.com\/avatar\/df0c9a14567c056f8ad6876ba5bbd1e3e2c48023eb6807342fc4663adf549f38?s=96&d=mm&r=g","caption":"Farn\u00e9sio"},"sameAs":["https:\/\/quersaberpolitica.com.br"],"url":"https:\/\/blogdofarnesio.com.br\/?author=1"}]}},"_links":{"self":[{"href":"https:\/\/blogdofarnesio.com.br\/index.php?rest_route=\/wp\/v2\/posts\/217876","targetHints":{"allow":["GET"]}}],"collection":[{"href":"https:\/\/blogdofarnesio.com.br\/index.php?rest_route=\/wp\/v2\/posts"}],"about":[{"href":"https:\/\/blogdofarnesio.com.br\/index.php?rest_route=\/wp\/v2\/types\/post"}],"author":[{"embeddable":true,"href":"https:\/\/blogdofarnesio.com.br\/index.php?rest_route=\/wp\/v2\/users\/1"}],"replies":[{"embeddable":true,"href":"https:\/\/blogdofarnesio.com.br\/index.php?rest_route=%2Fwp%2Fv2%2Fcomments&post=217876"}],"version-history":[{"count":0,"href":"https:\/\/blogdofarnesio.com.br\/index.php?rest_route=\/wp\/v2\/posts\/217876\/revisions"}],"wp:featuredmedia":[{"embeddable":true,"href":"https:\/\/blogdofarnesio.com.br\/index.php?rest_route=\/wp\/v2\/media\/217877"}],"wp:attachment":[{"href":"https:\/\/blogdofarnesio.com.br\/index.php?rest_route=%2Fwp%2Fv2%2Fmedia&parent=217876"}],"wp:term":[{"taxonomy":"category","embeddable":true,"href":"https:\/\/blogdofarnesio.com.br\/index.php?rest_route=%2Fwp%2Fv2%2Fcategories&post=217876"},{"taxonomy":"post_tag","embeddable":true,"href":"https:\/\/blogdofarnesio.com.br\/index.php?rest_route=%2Fwp%2Fv2%2Ftags&post=217876"}],"curies":[{"name":"wp","href":"https:\/\/api.w.org\/{rel}","templated":true}]}}