{"id":217863,"date":"2018-12-28T16:00:21","date_gmt":"2018-12-28T19:00:21","guid":{"rendered":"http:\/\/quersaberpolitica.com.br\/2016\/?p=217863"},"modified":"2018-12-28T15:30:04","modified_gmt":"2018-12-28T18:30:04","slug":"em-video-pastor-diz-ter-envenenado-cachorro-exterminar-essas-pragas-ai","status":"publish","type":"post","link":"https:\/\/blogdofarnesio.com.br\/2018\/12\/em-video-pastor-diz-ter-envenenado-cachorro-exterminar-essas-pragas-ai\/","title":{"rendered":"EM V\u00cdDEO, PASTOR DIZ TER ENVENENADO CACHORRO: &#8220;EXTERMINAR ESSAS PRAGAS A\u00cd&#8221;"},"content":{"rendered":"<div class=\"row content-head non-featured \">\n<div class=\"title\">\n<h1 class=\"content-head__title\">Suspeito foi gravado por moradores logo ap\u00f3s entregar comida para o cachorro; Spike tinha 9 anos.<\/h1>\n<\/div>\n<\/div>\n<div class=\"content__signa-share\">\n<div class=\"content__signature\">\n<div class=\"content-publication-data\">\n<div class=\"content-publication-data__text\">\n<p class=\"content-publication-data__from\" title=\"G1 Itapetininga e Regi\u00e3o\">Por G1<\/p>\n<\/div>\n<\/div>\n<\/div>\n<\/div>\n<div class=\"mc-article-body\">\n<article>\n<div class=\"mc-column content-text active-extra-styles active-capital-letter\" data-block-type=\"unstyled\" data-block-weight=\"42\" data-block-id=\"2\">\n<p class=\"content-text__container theme-color-primary-first-letter\" data-track-category=\"Link no Texto\" data-track-links=\"\">Um v\u00eddeo enviado para a reportagem da\u00a0<strong>TV TEM<\/strong>\u00a0e\u00a0<strong>G1\u00a0<\/strong>nesta sexta-feira (28) mostra o momento em que o pastor aposentado Eduardo Tirling diz ter envenenado um cachorro no bairro Gramad\u00e3o, em S\u00e3o Miguel Arcanjo (SP), ao ser questionado por moradores.<\/p>\n<\/div>\n<div class=\"wall protected-content\">\n<div class=\"mc-column content-text active-extra-styles \" data-block-type=\"unstyled\" data-block-weight=\"28\" data-block-id=\"3\">\n<p class=\"content-text__container \" data-track-category=\"Link no Texto\" data-track-links=\"\">O animal, que era chamado de Spike e tinha 9 anos,<a href=\"https:\/\/g1.globo.com\/sp\/itapetininga-regiao\/noticia\/2018\/12\/28\/cachorro-e-encontrado-morto-com-sinais-de-envenenamento-em-bairro-de-itapetininga.ghtml\">\u00a0foi achado pelo dono com sinais de envenenamento<\/a>, na noite de quinta-feira (27), na Rua Joaquim Julho.<\/p>\n<\/div>\n<div class=\"mc-column content-text active-extra-styles \" data-block-type=\"unstyled\" data-block-weight=\"40\" data-block-id=\"4\">\n<p class=\"content-text__container \" data-track-category=\"Link no Texto\" data-track-links=\"\">O morador Arnaldo Miguel Soares afirma que tinha que todos no bairro davam \u00e1gua e comida para o animal. Ele suspeita que o vira-lata morreu ap\u00f3s comer p\u00e3o e leite dados pelo pastor. Eduardo nega que tenha cometido o envenenamento.<\/p>\n<\/div>\n<div class=\"mc-column content-text active-extra-styles \" data-block-type=\"unstyled\" data-block-weight=\"34\" data-block-id=\"5\">\n<p class=\"content-text__container \" data-track-category=\"Link no Texto\" data-track-links=\"\">Nas imagens \u00e9 poss\u00edvel ver o pastor com um pote nas m\u00e3os entrando na sua casa. Ao fechar o port\u00e3o, um morador o aborda e questiona sobre o que tinha no pote.\u00a0<strong><em>(Veja acima)<\/em><\/strong><\/p>\n<\/div>\n<div class=\"mc-column content-text active-extra-styles \" data-block-type=\"unstyled\" data-block-weight=\"29\" data-block-id=\"6\">\n<p class=\"content-text__container \" data-track-category=\"Link no Texto\" data-track-links=\"\">\u201cO que tem nisso a\u00ed? N\u00e3o tem veneno n\u00e3o, n\u00e9? Pelo amor de Deus, n\u00e3o v\u00e1 fazer uma besteira dessas\u201d, afirma o morador que come\u00e7a a gravar o suspeito.<\/p>\n<\/div>\n<div class=\"row medium-uncollapsed content-media content-photo\" data-block-type=\"backstage-photo\" data-block-id=\"7\">\n<div class=\"mc-column content-media__container\">\n<div class=\"progressive-img can-open-lightbox\" data-min-size=\"1008x573\" data-min-size-url=\"https:\/\/s2.glbimg.com\/_4SpB9_SJ4xUZBHmo7sAHUsGrFQ=\/0x0:1156x658\/1008x0\/smart\/filters:strip_icc()\/i.s3.glbimg.com\/v1\/AUTH_59edd422c0c84a879bd37670ae4f538a\/internal_photos\/bs\/2018\/d\/V\/XMfMGFSfSBe0iKWAjJig\/pastor-3.png\" data-max-size=\"1600x910\" data-max-size-url=\"https:\/\/s2.glbimg.com\/mPXvx70PYNKnhT0BKlieeFbBfTM=\/0x0:1156x658\/1600x0\/smart\/filters:strip_icc()\/i.s3.glbimg.com\/v1\/AUTH_59edd422c0c84a879bd37670ae4f538a\/internal_photos\/bs\/2018\/d\/V\/XMfMGFSfSBe0iKWAjJig\/pastor-3.png\" data-media-index=\"0\"><picture><source srcset=\"https:\/\/s2.glbimg.com\/o06l2OKm_-YVysYTtgj_ctbI2Ys=\/0x0:1156x658\/984x0\/smart\/filters:strip_icc()\/i.s3.glbimg.com\/v1\/AUTH_59edd422c0c84a879bd37670ae4f538a\/internal_photos\/bs\/2018\/d\/V\/XMfMGFSfSBe0iKWAjJig\/pastor-3.png\" data-src=\"https:\/\/s2.glbimg.com\/o06l2OKm_-YVysYTtgj_ctbI2Ys=\/0x0:1156x658\/984x0\/smart\/filters:strip_icc()\/i.s3.glbimg.com\/v1\/AUTH_59edd422c0c84a879bd37670ae4f538a\/internal_photos\/bs\/2018\/d\/V\/XMfMGFSfSBe0iKWAjJig\/pastor-3.png\" \/><img loading=\"lazy\" decoding=\"async\" class=\"image content-media__image progressive-loaded aligncenter\" title=\"Pastor \u00e9 acusado por moradores de colocar veneno em comida para cachorro em S\u00e3o Miguel Arcanjo \u2014 Foto: Reprodu\u00e7\u00e3o\/TV TEM\" src=\"https:\/\/s2.glbimg.com\/o06l2OKm_-YVysYTtgj_ctbI2Ys=\/0x0:1156x658\/984x0\/smart\/filters:strip_icc()\/i.s3.glbimg.com\/v1\/AUTH_59edd422c0c84a879bd37670ae4f538a\/internal_photos\/bs\/2018\/d\/V\/XMfMGFSfSBe0iKWAjJig\/pastor-3.png\" alt=\"Pastor \u00e9 acusado por moradores de colocar veneno em comida para cachorro em S\u00e3o Miguel Arcanjo \u2014 Foto: Reprodu\u00e7\u00e3o\/TV TEM\" width=\"628\" height=\"358\" data-src=\"https:\/\/s2.glbimg.com\/o06l2OKm_-YVysYTtgj_ctbI2Ys=\/0x0:1156x658\/984x0\/smart\/filters:strip_icc()\/i.s3.glbimg.com\/v1\/AUTH_59edd422c0c84a879bd37670ae4f538a\/internal_photos\/bs\/2018\/d\/V\/XMfMGFSfSBe0iKWAjJig\/pastor-3.png\" \/><\/picture><\/div>\n<p class=\"content-media__description \">Pastor \u00e9 acusado por moradores de colocar veneno em comida para cachorro em S\u00e3o Miguel Arcanjo \u2014 Foto: Reprodu\u00e7\u00e3o\/TV TEM<\/p>\n<\/div>\n<\/div>\n<div class=\"mc-column content-text active-extra-styles \" data-block-type=\"unstyled\" data-block-weight=\"25\" data-block-id=\"8\">\n<p class=\"content-text__container \" data-track-category=\"Link no Texto\" data-track-links=\"\">No v\u00eddeo ainda \u00e9 poss\u00edvel ver que dois rapazes se aproximam do homem, que est\u00e1 trancando o port\u00e3o, questionando sobre o que havia na comida. Veja o v\u00eddeo no link abaixo<\/p>\n<p data-track-category=\"Link no Texto\" data-track-links=\"\"><a href=\"http:\/\/g1.globo.com\/sao-paulo\/sorocaba-jundiai\/videos\/v\/em-video-pastor-diz-ter-envenenado-cachorro-em-sao-miguel-arcanjo\/7262658\/\">Pastor envenena cachorro<\/a><\/p>\n<\/div>\n<div class=\"mc-column content-text active-extra-styles \" data-block-type=\"unstyled\" data-block-weight=\"27\" data-block-id=\"9\">\n<p class=\"content-text__container \" data-track-category=\"Link no Texto\" data-track-links=\"\">\u201cSe o pr\u00f3prio policial diz que n\u00e3o pode deixar o port\u00e3o sem cadear, eu vou cadear e o que vem na frente vou limpar\u201d, diz o pastor.<\/p>\n<\/div>\n<div class=\"mc-column content-media content-video\" data-block-type=\"backstage-video\" data-block-id=\"11\">\n<div class=\"content-media__container content-media__container--loaded\">\n<div class=\"content-video__video\">\n<div id=\"wp3-player-2\" class=\"clappr-player\" tabindex=\"9999\" data-player=\"\">\n<div class=\"media-control media-control-hide\">\n<div class=\"media-control-panel\">\n<div class=\"media-control-panel__upper\">\n<div class=\"opposites-container\">\n<div class=\"media-control-position__left\">\n<div class=\"video-info media-control-element video-info--inline video-info--hidden\" data-video-info=\"\">\n<div class=\"video-info__data\">\n<div class=\"video-info__data-program\">G1 TV TEM<\/div>\n<\/div>\n<\/div>\n<\/div>\n<\/div>\n<\/div>\n<\/div>\n<\/div>\n<\/div>\n<\/div>\n<div class=\"content-video__height\"><\/div>\n<div class=\"content-video__placeholder\" data-video-id=\"7262658\"><img loading=\"lazy\" decoding=\"async\" class=\"content-video__placeholder__thumb aligncenter\" title=\"Em v\u00eddeo, pastor diz ter envenenado cachorro em S\u00e3o Miguel Arcanjo\" src=\"https:\/\/s03.video.glbimg.com\/x720\/7262658.jpg\" alt=\"Em v\u00eddeo, pastor diz ter envenenado cachorro em S\u00e3o Miguel Arcanjo\" width=\"597\" height=\"336\" \/><\/div>\n<\/div>\n<p class=\"content-media__description\">Em v\u00eddeo, pastor diz ter envenenado cachorro em S\u00e3o Miguel Arcanjo<\/p>\n<\/div>\n<div class=\"mc-column content-text active-extra-styles \" data-block-type=\"unstyled\" data-block-weight=\"33\" data-block-id=\"12\">\n<p class=\"content-text__container \" data-track-category=\"Link no Texto\" data-track-links=\"\">Os moradores perguntam, ent\u00e3o, se ele colocou veneno na comida que deu ao animal. O pastor acena com a cabe\u00e7a em sinal de confirma\u00e7\u00e3o. \u201cMas voc\u00ea colocou veneno, n\u00e3o colocou?\u201d, perguntam os rapazes.<\/p>\n<\/div>\n<div class=\"mc-column content-text active-extra-styles \" data-block-type=\"unstyled\" data-block-weight=\"20\" data-block-id=\"13\">\n<p class=\"content-text__container \" data-track-category=\"Link no Texto\" data-track-links=\"\">O suspeito ent\u00e3o afirma que &#8220;exterminar essas pragas a\u00ed. N\u00e3o cuidam para nada. Ele fica correndo na rua, me incomodando.&#8221;<\/p>\n<\/div>\n<div class=\"mc-column content-text active-extra-styles \" data-block-type=\"unstyled\" data-block-weight=\"15\" data-block-id=\"14\">\n<p class=\"content-text__container \" data-track-category=\"Link no Texto\" data-track-links=\"\">&#8220;N\u00e3o, o cachorro n\u00e3o fez nada pastor, coitado do cachorro. Judia\u00e7\u00e3o pastor&#8221;, afirmam os rapazes.<\/p>\n<\/div>\n<div class=\"row medium-uncollapsed content-media content-photo\" data-block-type=\"backstage-photo\" data-block-id=\"15\">\n<div class=\"mc-column content-media__container\">\n<div class=\"progressive-img can-open-lightbox\" data-min-size=\"1008x905\" data-min-size-url=\"https:\/\/s2.glbimg.com\/TH-9sI6ge2spOVdK6-gxb2sfCS0=\/0x170:774x865\/1008x0\/smart\/filters:strip_icc()\/i.s3.glbimg.com\/v1\/AUTH_59edd422c0c84a879bd37670ae4f538a\/internal_photos\/bs\/2018\/M\/D\/lg9Kq2Q8yblkqI9TH3HA\/whatsapp-image-2018-12-28-at-12.31.56.jpeg\" data-max-size=\"1600x1436\" data-max-size-url=\"https:\/\/s2.glbimg.com\/DuawYUPW_mlYmHh97UlMWlZWut0=\/0x170:774x865\/1600x0\/smart\/filters:strip_icc()\/i.s3.glbimg.com\/v1\/AUTH_59edd422c0c84a879bd37670ae4f538a\/internal_photos\/bs\/2018\/M\/D\/lg9Kq2Q8yblkqI9TH3HA\/whatsapp-image-2018-12-28-at-12.31.56.jpeg\" data-media-index=\"1\"><picture><source srcset=\"https:\/\/s2.glbimg.com\/fmSAqcXADV-XU3GpVeyDaDKiHh8=\/0x170:774x865\/984x0\/smart\/filters:strip_icc()\/i.s3.glbimg.com\/v1\/AUTH_59edd422c0c84a879bd37670ae4f538a\/internal_photos\/bs\/2018\/M\/D\/lg9Kq2Q8yblkqI9TH3HA\/whatsapp-image-2018-12-28-at-12.31.56.jpeg\" data-src=\"https:\/\/s2.glbimg.com\/fmSAqcXADV-XU3GpVeyDaDKiHh8=\/0x170:774x865\/984x0\/smart\/filters:strip_icc()\/i.s3.glbimg.com\/v1\/AUTH_59edd422c0c84a879bd37670ae4f538a\/internal_photos\/bs\/2018\/M\/D\/lg9Kq2Q8yblkqI9TH3HA\/whatsapp-image-2018-12-28-at-12.31.56.jpeg\" \/><img loading=\"lazy\" decoding=\"async\" class=\"image content-media__image progressive-loaded aligncenter\" title=\"Cachorro morre com sinais de envenenamento em bairro de S\u00e3o Miguel Arcanjo \u2014 Foto: Arquivo Pessoal \" src=\"https:\/\/s2.glbimg.com\/fmSAqcXADV-XU3GpVeyDaDKiHh8=\/0x170:774x865\/984x0\/smart\/filters:strip_icc()\/i.s3.glbimg.com\/v1\/AUTH_59edd422c0c84a879bd37670ae4f538a\/internal_photos\/bs\/2018\/M\/D\/lg9Kq2Q8yblkqI9TH3HA\/whatsapp-image-2018-12-28-at-12.31.56.jpeg\" alt=\"Cachorro morre com sinais de envenenamento em bairro de S\u00e3o Miguel Arcanjo \u2014 Foto: Arquivo Pessoal \" width=\"620\" height=\"557\" data-src=\"https:\/\/s2.glbimg.com\/fmSAqcXADV-XU3GpVeyDaDKiHh8=\/0x170:774x865\/984x0\/smart\/filters:strip_icc()\/i.s3.glbimg.com\/v1\/AUTH_59edd422c0c84a879bd37670ae4f538a\/internal_photos\/bs\/2018\/M\/D\/lg9Kq2Q8yblkqI9TH3HA\/whatsapp-image-2018-12-28-at-12.31.56.jpeg\" \/><\/picture><\/div>\n<p class=\"content-media__description \">Cachorro morre com sinais de envenenamento em bairro de S\u00e3o Miguel Arcanjo \u2014 Foto: Arquivo Pessoal<\/p>\n<\/div>\n<\/div>\n<div class=\"mc-column content-text active-extra-styles \" data-block-type=\"unstyled\" data-block-weight=\"30\" data-block-id=\"16\">\n<p class=\"content-text__container \" data-track-category=\"Link no Texto\" data-track-links=\"\">Em outro v\u00eddeo, a cachorro aparece se debatendo. O dono afirma que foi avisado da situa\u00e7\u00e3o. O cachorro chegou a ser levado para o veterin\u00e1rio, mas o local estava fechado.<\/p>\n<\/div>\n<div class=\"mc-column content-text active-extra-styles \" data-block-type=\"unstyled\" data-block-weight=\"47\" data-block-id=\"17\">\n<p class=\"content-text__container \" data-track-category=\"Link no Texto\" data-track-links=\"\">\u201cEstava fechado o veterin\u00e1rio, ent\u00e3o eu comprei um rem\u00e9dio. Na hora at\u00e9 pensei que ele ia voltar. Jogaram o veneno fora, da\u00ed de noite ele morreu. Tive que enterrar ele. Ele est\u00e1 desde pequenininho comigo, largaram e peguei ele. Era muito esperto, todo mundo conhecia ele\u201d, diz.<\/p>\n<\/div>\n<div class=\"row medium-uncollapsed content-media content-photo\" data-block-type=\"backstage-photo\" data-block-id=\"19\">\n<div class=\"mc-column content-media__container\">\n<div class=\"progressive-img can-open-lightbox\" data-min-size=\"1008x562\" data-min-size-url=\"https:\/\/s2.glbimg.com\/Qhz1axdMh9ZcKuFgIkrZcJdnIsg=\/0x0:1159x647\/1008x0\/smart\/filters:strip_icc()\/i.s3.glbimg.com\/v1\/AUTH_59edd422c0c84a879bd37670ae4f538a\/internal_photos\/bs\/2018\/J\/X\/05BkmvTtK8RiwxOgLM8Q\/pastor-5.png\" data-max-size=\"1600x893\" data-max-size-url=\"https:\/\/s2.glbimg.com\/PDG8GMaxY2y4ZFC6xUJsSikFWlY=\/0x0:1159x647\/1600x0\/smart\/filters:strip_icc()\/i.s3.glbimg.com\/v1\/AUTH_59edd422c0c84a879bd37670ae4f538a\/internal_photos\/bs\/2018\/J\/X\/05BkmvTtK8RiwxOgLM8Q\/pastor-5.png\" data-media-index=\"2\">\n<picture><source srcset=\"https:\/\/s2.glbimg.com\/v1XZBQ3G8Y9TPkb7MNT0lEbimpo=\/0x0:1159x647\/984x0\/smart\/filters:strip_icc()\/i.s3.glbimg.com\/v1\/AUTH_59edd422c0c84a879bd37670ae4f538a\/internal_photos\/bs\/2018\/J\/X\/05BkmvTtK8RiwxOgLM8Q\/pastor-5.png\" data-src=\"https:\/\/s2.glbimg.com\/v1XZBQ3G8Y9TPkb7MNT0lEbimpo=\/0x0:1159x647\/984x0\/smart\/filters:strip_icc()\/i.s3.glbimg.com\/v1\/AUTH_59edd422c0c84a879bd37670ae4f538a\/internal_photos\/bs\/2018\/J\/X\/05BkmvTtK8RiwxOgLM8Q\/pastor-5.png\" \/><img loading=\"lazy\" decoding=\"async\" class=\"image content-media__image progressive-loaded aligncenter\" title=\"Dono suspeita que cachorro morreu por envenenamento em S\u00e3o Miguel Arcanjo \u2014 Foto: Reprodu\u00e7\u00e3o\/TV TEM\" src=\"https:\/\/s2.glbimg.com\/v1XZBQ3G8Y9TPkb7MNT0lEbimpo=\/0x0:1159x647\/984x0\/smart\/filters:strip_icc()\/i.s3.glbimg.com\/v1\/AUTH_59edd422c0c84a879bd37670ae4f538a\/internal_photos\/bs\/2018\/J\/X\/05BkmvTtK8RiwxOgLM8Q\/pastor-5.png\" alt=\"Dono suspeita que cachorro morreu por envenenamento em S\u00e3o Miguel Arcanjo \u2014 Foto: Reprodu\u00e7\u00e3o\/TV TEM\" width=\"628\" height=\"350\" data-src=\"https:\/\/s2.glbimg.com\/v1XZBQ3G8Y9TPkb7MNT0lEbimpo=\/0x0:1159x647\/984x0\/smart\/filters:strip_icc()\/i.s3.glbimg.com\/v1\/AUTH_59edd422c0c84a879bd37670ae4f538a\/internal_photos\/bs\/2018\/J\/X\/05BkmvTtK8RiwxOgLM8Q\/pastor-5.png\" \/><\/picture>\n<\/div>\n<p class=\"content-media__description \">Dono suspeita que cachorro morreu por envenenamento em S\u00e3o Miguel Arcanjo \u2014 Foto: Reprodu\u00e7\u00e3o\/TV TEM<\/p>\n<\/div>\n<\/div>\n<div class=\"mc-column content-text active-extra-styles \" data-block-type=\"unstyled\" data-block-weight=\"18\" data-block-id=\"20\">\n<p class=\"content-text__container \" data-track-category=\"Link no Texto\" data-track-links=\"\">Em entrevista para a\u00a0<strong>TV TEM<\/strong>, o pastor afirma que jamais faria isso porque teve cachorros de estima\u00e7\u00e3o.<\/p>\n<\/div>\n<div class=\"mc-column content-text active-extra-styles \" data-block-type=\"unstyled\" data-block-weight=\"64\" data-block-id=\"21\">\n<p class=\"content-text__container \" data-track-category=\"Link no Texto\" data-track-links=\"\">&#8220;Falei sem pensar, eu disse porque d\u00e1 vontade, mas fazer \u00e9 outra coisa. Eu coloquei a comida que sobrou. Jamais vou fazer isso. O resto de comida est\u00e1 a\u00ed. Levem para o veterin\u00e1rio para ver se tem veneno. Eu n\u00e3o coloquei veneno coisa nenhuma, podem ver em casa se tenho veneno. Tem que trazer essa pessoa para dizer na minha frente e provar&#8221;, diz.<\/p>\n<\/div>\n<div class=\"mc-column content-text active-extra-styles \" data-block-type=\"unstyled\" data-block-weight=\"34\" data-block-id=\"22\">\n<p class=\"content-text__container \" data-track-category=\"Link no Texto\" data-track-links=\"\">&#8220;Se fosse isso eu n\u00e3o teria cachorro. Quem foi que contou, tem que provar isso a\u00ed, n\u00e3o \u00e9 s\u00f3 v\u00eddeo. Eu posso fazer muita coisa dentro do celular voc\u00ea emenda coisa com coisa&#8221;, ressalta.<\/p>\n<\/div>\n<div class=\"row medium-uncollapsed content-media content-photo\" data-block-type=\"backstage-photo\" data-block-id=\"23\">\n<div class=\"mc-column content-media__container\">\n<p class=\"content-media__description \">Moradores suspeitam que pastor colocou veneno em comida de cachorro que morreu em S\u00e3o Miguel Arcanjo \u2014 Foto: Reprodu\u00e7\u00e3o\/TV TEM<\/p>\n<\/div>\n<\/div>\n<div class=\"mc-column content-text active-extra-styles \" data-block-type=\"unstyled\" data-block-weight=\"13\" data-block-id=\"25\">\n<p class=\"content-text__container \" data-track-category=\"Link no Texto\" data-track-links=\"\">Ainda de acordo com o pastor, ele est\u00e1 tranquilo sobre o que ocorreu.<\/p>\n<\/div>\n<div class=\"mc-column content-text active-extra-styles \" data-block-type=\"unstyled\" data-block-weight=\"50\" data-block-id=\"26\">\n<p class=\"content-text__container \" data-track-category=\"Link no Texto\" data-track-links=\"\">&#8220;Estou muito tranquilo, a comida que coloquei est\u00e1 a\u00ed. Podem fazer exame para ver. Isso me revolta, por isso v\u00e3o para a cadeia e mata algu\u00e9m, por algo assim, isso me revolta por dentro. Toda a vida eu cuidei de cachorro, eu trato eles aqui, sobra comida coloco aqui&#8221;, alega.<\/p>\n<\/div>\n<div class=\"mc-column content-text active-extra-styles \" data-block-type=\"unstyled\" data-block-weight=\"18\" data-block-id=\"27\">\n<p class=\"content-text__container \" data-track-category=\"Link no Texto\" data-track-links=\"\">Ainda segundo o dono, ele pretende registrar o boletim de ocorr\u00eancia para a Pol\u00edcia Civil investigar o caso.<\/p>\n<\/div>\n<div class=\"row medium-uncollapsed content-media content-photo\" data-block-type=\"backstage-photo\" data-block-id=\"28\">\n<div class=\"mc-column content-media__container\">\n<div class=\"progressive-img can-open-lightbox\" data-min-size=\"1008x562\" data-min-size-url=\"https:\/\/s2.glbimg.com\/rDOpcgavHUCfMbHFEod7FF7b1pI=\/0x0:1170x653\/1008x0\/smart\/filters:strip_icc()\/i.s3.glbimg.com\/v1\/AUTH_59edd422c0c84a879bd37670ae4f538a\/internal_photos\/bs\/2018\/5\/A\/8TlWiQTGy7vwXP7wpODw\/pastor-4.png\" data-max-size=\"1600x892\" data-max-size-url=\"https:\/\/s2.glbimg.com\/1_YZ0ZkzWoym93AI7Lm77sdkQp0=\/0x0:1170x653\/1600x0\/smart\/filters:strip_icc()\/i.s3.glbimg.com\/v1\/AUTH_59edd422c0c84a879bd37670ae4f538a\/internal_photos\/bs\/2018\/5\/A\/8TlWiQTGy7vwXP7wpODw\/pastor-4.png\" data-media-index=\"4\">\n<div class=\"placeholder-container\"><\/div>\n<p><img decoding=\"async\" class=\"progressive-draft\" title=\"Cachorro foi visto com suspeito em bairro de S\u00e3o Miguel Arcanjo antes de morrer \u2014 Foto: Reprodu\u00e7\u00e3o\/TV TEM\" src=\"data:image\/jpeg;base64,\/9j\/4AAQSkZJRgABAQAAAQABAAD\/2wBDAAMCAgMCAgMDAwMEAwMEBQgFBQQEBQoHBwYIDAoMDAsKCwsNDhIQDQ4RDgsLEBYQERMUFRUVDA8XGBYUGBIUFRT\/2wBDAQMEBAUEBQkFBQkUDQsNFBQUFBQUFBQUFBQUFBQUFBQUFBQUFBQUFBQUFBQUFBQUFBQUFBQUFBQUFBQUFBQUFBT\/wgARCAAOABkDASIAAhEBAxEB\/8QAGAAAAgMAAAAAAAAAAAAAAAAABAcAAwX\/xAAWAQEBAQAAAAAAAAAAAAAAAAADAQL\/2gAMAwEAAhADEAAAAQIPmXDRFXV6j\/\/EABwQAAICAgMAAAAAAAAAAAAAAAMEAAECBRETFv\/aAAgBAQABBQJsmZFmGiEpK1Ag9KnBsYBtzbWRpcxOeyp\/\/8QAGREAAgMBAAAAAAAAAAAAAAAAAAECBCEx\/9oACAEDAQE\/Acb4OrCWs\/\/EABoRAQABBQAAAAAAAAAAAAAAAAEAAgMEITH\/2gAIAQIBAT8BFDsMm5Ton\/\/EACYQAAECBAMJAAAAAAAAAAAAAAEAAgMSISIEM1ERIzFBQnFygpL\/2gAIAQEABj8C2Yd1soLHN5EFb7DkxAwXOEvsn4ipimGH+Y1pwWTG+U2GWmXRSsbR0KS7us17bJKHp0WZFX\/\/xAAeEAEAAgICAwEAAAAAAAAAAAABABExUSFBEGFx8P\/aAAgBAQABPyFdaGQAcPyX40WksWq65lwnCdocUFWR8QSw0YqEAiFnFUg+V62mvU\/YT\/\/aAAwDAQACAAMAAAAQhO\/\/xAAZEQEAAgMAAAAAAAAAAAAAAAABABExcdH\/2gAIAQMBAT8QQN2exLK7n\/\/EABcRAQEBAQAAAAAAAAAAAAAAAAERADH\/2gAIAQIBAT8QchBeYSsN\/8QAHhABAQADAAEFAAAAAAAAAAAAAREAITFREEFh0fD\/2gAIAQEAAT8QTGqvlC\/gLvxiYTN2UhZtEKLwjM6g8FaNcQFmoWXf431gEBRAUrTb84d8kHCNkdQgYiRR9falB0tMvpn\/2Q==\" alt=\"Cachorro foi visto com suspeito em bairro de S\u00e3o Miguel Arcanjo antes de morrer \u2014 Foto: Reprodu\u00e7\u00e3o\/TV TEM\" \/><picture><source srcset=\"https:\/\/s2.glbimg.com\/0naMdKDKo6dPmTJxaJyDaqp0Vw8=\/0x0:1170x653\/600x0\/smart\/filters:strip_icc()\/i.s3.glbimg.com\/v1\/AUTH_59edd422c0c84a879bd37670ae4f538a\/internal_photos\/bs\/2018\/5\/A\/8TlWiQTGy7vwXP7wpODw\/pastor-4.png 1x, https:\/\/s2.glbimg.com\/huMqOo0xw0DhQqAU6kNL5MGFFfw=\/0x0:1170x653\/1200x0\/smart\/filters:strip_icc()\/i.s3.glbimg.com\/v1\/AUTH_59edd422c0c84a879bd37670ae4f538a\/internal_photos\/bs\/2018\/5\/A\/8TlWiQTGy7vwXP7wpODw\/pastor-4.png 2x\" media=\"(max-width: 1024px)\" data-src=\"https:\/\/s2.glbimg.com\/0naMdKDKo6dPmTJxaJyDaqp0Vw8=\/0x0:1170x653\/600x0\/smart\/filters:strip_icc()\/i.s3.glbimg.com\/v1\/AUTH_59edd422c0c84a879bd37670ae4f538a\/internal_photos\/bs\/2018\/5\/A\/8TlWiQTGy7vwXP7wpODw\/pastor-4.png 1x, https:\/\/s2.glbimg.com\/huMqOo0xw0DhQqAU6kNL5MGFFfw=\/0x0:1170x653\/1200x0\/smart\/filters:strip_icc()\/i.s3.glbimg.com\/v1\/AUTH_59edd422c0c84a879bd37670ae4f538a\/internal_photos\/bs\/2018\/5\/A\/8TlWiQTGy7vwXP7wpODw\/pastor-4.png 2x\" \/><source srcset=\"https:\/\/s2.glbimg.com\/p-Ms9MYIMt05qB9E8cjWVHkU_Nc=\/0x0:1170x653\/640x0\/smart\/filters:strip_icc()\/i.s3.glbimg.com\/v1\/AUTH_59edd422c0c84a879bd37670ae4f538a\/internal_photos\/bs\/2018\/5\/A\/8TlWiQTGy7vwXP7wpODw\/pastor-4.png 1x, https:\/\/s2.glbimg.com\/4X0f_j10q9uO3YSecNBa275Dry0=\/0x0:1170x653\/1280x0\/smart\/filters:strip_icc()\/i.s3.glbimg.com\/v1\/AUTH_59edd422c0c84a879bd37670ae4f538a\/internal_photos\/bs\/2018\/5\/A\/8TlWiQTGy7vwXP7wpODw\/pastor-4.png 2x\" media=\"(max-width: 1280px)\" data-src=\"https:\/\/s2.glbimg.com\/p-Ms9MYIMt05qB9E8cjWVHkU_Nc=\/0x0:1170x653\/640x0\/smart\/filters:strip_icc()\/i.s3.glbimg.com\/v1\/AUTH_59edd422c0c84a879bd37670ae4f538a\/internal_photos\/bs\/2018\/5\/A\/8TlWiQTGy7vwXP7wpODw\/pastor-4.png 1x, https:\/\/s2.glbimg.com\/4X0f_j10q9uO3YSecNBa275Dry0=\/0x0:1170x653\/1280x0\/smart\/filters:strip_icc()\/i.s3.glbimg.com\/v1\/AUTH_59edd422c0c84a879bd37670ae4f538a\/internal_photos\/bs\/2018\/5\/A\/8TlWiQTGy7vwXP7wpODw\/pastor-4.png 2x\" \/><source srcset=\"https:\/\/s2.glbimg.com\/EqIkc_ZRDCdmK49Q40U3CNLIGao=\/0x0:1170x653\/984x0\/smart\/filters:strip_icc()\/i.s3.glbimg.com\/v1\/AUTH_59edd422c0c84a879bd37670ae4f538a\/internal_photos\/bs\/2018\/5\/A\/8TlWiQTGy7vwXP7wpODw\/pastor-4.png 1x, https:\/\/s2.glbimg.com\/BEE7oODplGOQVOsbfrUDJqjrKOc=\/0x0:1170x653\/1968x0\/smart\/filters:strip_icc()\/i.s3.glbimg.com\/v1\/AUTH_59edd422c0c84a879bd37670ae4f538a\/internal_photos\/bs\/2018\/5\/A\/8TlWiQTGy7vwXP7wpODw\/pastor-4.png 2x\" media=\"(max-width: 1360px)\" data-src=\"https:\/\/s2.glbimg.com\/EqIkc_ZRDCdmK49Q40U3CNLIGao=\/0x0:1170x653\/984x0\/smart\/filters:strip_icc()\/i.s3.glbimg.com\/v1\/AUTH_59edd422c0c84a879bd37670ae4f538a\/internal_photos\/bs\/2018\/5\/A\/8TlWiQTGy7vwXP7wpODw\/pastor-4.png 1x, https:\/\/s2.glbimg.com\/BEE7oODplGOQVOsbfrUDJqjrKOc=\/0x0:1170x653\/1968x0\/smart\/filters:strip_icc()\/i.s3.glbimg.com\/v1\/AUTH_59edd422c0c84a879bd37670ae4f538a\/internal_photos\/bs\/2018\/5\/A\/8TlWiQTGy7vwXP7wpODw\/pastor-4.png 2x\" \/><source srcset=\"https:\/\/s2.glbimg.com\/dvzGze3wAhSprPij19QZCZeyUzM=\/0x0:1170x653\/1000x0\/smart\/filters:strip_icc()\/i.s3.glbimg.com\/v1\/AUTH_59edd422c0c84a879bd37670ae4f538a\/internal_photos\/bs\/2018\/5\/A\/8TlWiQTGy7vwXP7wpODw\/pastor-4.png 1x, https:\/\/s2.glbimg.com\/Q8laOmIOz6iZJ-uzNBOQyVuwQ_Y=\/0x0:1170x653\/2000x0\/smart\/filters:strip_icc()\/i.s3.glbimg.com\/v1\/AUTH_59edd422c0c84a879bd37670ae4f538a\/internal_photos\/bs\/2018\/5\/A\/8TlWiQTGy7vwXP7wpODw\/pastor-4.png 2x\" media=\"(min-width: 1361px)\" data-src=\"https:\/\/s2.glbimg.com\/dvzGze3wAhSprPij19QZCZeyUzM=\/0x0:1170x653\/1000x0\/smart\/filters:strip_icc()\/i.s3.glbimg.com\/v1\/AUTH_59edd422c0c84a879bd37670ae4f538a\/internal_photos\/bs\/2018\/5\/A\/8TlWiQTGy7vwXP7wpODw\/pastor-4.png 1x, https:\/\/s2.glbimg.com\/Q8laOmIOz6iZJ-uzNBOQyVuwQ_Y=\/0x0:1170x653\/2000x0\/smart\/filters:strip_icc()\/i.s3.glbimg.com\/v1\/AUTH_59edd422c0c84a879bd37670ae4f538a\/internal_photos\/bs\/2018\/5\/A\/8TlWiQTGy7vwXP7wpODw\/pastor-4.png 2x\" \/><source srcset=\"https:\/\/s2.glbimg.com\/EqIkc_ZRDCdmK49Q40U3CNLIGao=\/0x0:1170x653\/984x0\/smart\/filters:strip_icc()\/i.s3.glbimg.com\/v1\/AUTH_59edd422c0c84a879bd37670ae4f538a\/internal_photos\/bs\/2018\/5\/A\/8TlWiQTGy7vwXP7wpODw\/pastor-4.png\" data-src=\"https:\/\/s2.glbimg.com\/EqIkc_ZRDCdmK49Q40U3CNLIGao=\/0x0:1170x653\/984x0\/smart\/filters:strip_icc()\/i.s3.glbimg.com\/v1\/AUTH_59edd422c0c84a879bd37670ae4f538a\/internal_photos\/bs\/2018\/5\/A\/8TlWiQTGy7vwXP7wpODw\/pastor-4.png\" \/><img decoding=\"async\" class=\"image content-media__image progressive-loaded aligncenter\" title=\"Cachorro foi visto com suspeito em bairro de S\u00e3o Miguel Arcanjo antes de morrer \u2014 Foto: Reprodu\u00e7\u00e3o\/TV TEM\" src=\"https:\/\/s2.glbimg.com\/EqIkc_ZRDCdmK49Q40U3CNLIGao=\/0x0:1170x653\/984x0\/smart\/filters:strip_icc()\/i.s3.glbimg.com\/v1\/AUTH_59edd422c0c84a879bd37670ae4f538a\/internal_photos\/bs\/2018\/5\/A\/8TlWiQTGy7vwXP7wpODw\/pastor-4.png\" alt=\"Cachorro foi visto com suspeito em bairro de S\u00e3o Miguel Arcanjo antes de morrer \u2014 Foto: Reprodu\u00e7\u00e3o\/TV TEM\" data-src=\"https:\/\/s2.glbimg.com\/EqIkc_ZRDCdmK49Q40U3CNLIGao=\/0x0:1170x653\/984x0\/smart\/filters:strip_icc()\/i.s3.glbimg.com\/v1\/AUTH_59edd422c0c84a879bd37670ae4f538a\/internal_photos\/bs\/2018\/5\/A\/8TlWiQTGy7vwXP7wpODw\/pastor-4.png\" \/><\/picture>\n<\/div>\n<p class=\"content-media__description \">Cachorro foi visto com suspeito em bairro de S\u00e3o Miguel Arcanjo antes de morrer \u2014 Foto: Reprodu\u00e7\u00e3o\/TV TEM<\/p>\n<\/div>\n<\/div>\n<\/div>\n<\/article>\n<\/div>\n","protected":false},"excerpt":{"rendered":"<p>Suspeito foi gravado por moradores logo ap\u00f3s entregar comida para o cachorro; Spike tinha 9 anos. Por G1 Um v\u00eddeo enviado para a reportagem da\u00a0TV TEM\u00a0e\u00a0G1\u00a0nesta sexta-feira (28) mostra o momento em que o pastor aposentado Eduardo Tirling diz ter envenenado um cachorro no bairro Gramad\u00e3o, em S\u00e3o Miguel Arcanjo (SP), ao ser questionado por moradores. O animal, que era chamado de Spike e tinha 9 anos,\u00a0foi achado pelo dono com sinais de envenenamento, na noite de quinta-feira (27), na Rua Joaquim Julho. O morador Arnaldo Miguel Soares afirma que tinha que todos no bairro davam \u00e1gua e comida para o animal. Ele suspeita que o vira-lata morreu ap\u00f3s comer p\u00e3o e leite dados pelo pastor. Eduardo nega que tenha&hellip; <\/p>\n","protected":false},"author":1,"featured_media":217864,"comment_status":"closed","ping_status":"closed","sticky":false,"template":"","format":"standard","meta":{"_acf_changed":false,"footnotes":""},"categories":[9],"tags":[],"class_list":["post-217863","post","type-post","status-publish","format-standard","has-post-thumbnail","hentry","category-policia"],"acf":[],"yoast_head":"<!-- This site is optimized with the Yoast SEO plugin v27.5 - https:\/\/yoast.com\/product\/yoast-seo-wordpress\/ -->\n<title>EM V\u00cdDEO, PASTOR DIZ TER ENVENENADO CACHORRO: &quot;EXTERMINAR ESSAS PRAGAS A\u00cd&quot; - Blog do Farn\u00e9sio<\/title>\n<meta name=\"robots\" content=\"index, follow, max-snippet:-1, max-image-preview:large, max-video-preview:-1\" \/>\n<link rel=\"canonical\" href=\"https:\/\/blogdofarnesio.com.br\/2018\/12\/em-video-pastor-diz-ter-envenenado-cachorro-exterminar-essas-pragas-ai\/\" \/>\n<meta property=\"og:locale\" content=\"pt_BR\" \/>\n<meta property=\"og:type\" content=\"article\" \/>\n<meta property=\"og:title\" content=\"EM V\u00cdDEO, PASTOR DIZ TER ENVENENADO CACHORRO: &quot;EXTERMINAR ESSAS PRAGAS A\u00cd&quot; - Blog do Farn\u00e9sio\" \/>\n<meta property=\"og:description\" content=\"Suspeito foi gravado por moradores logo ap\u00f3s entregar comida para o cachorro; Spike tinha 9 anos. Por G1 Um v\u00eddeo enviado para a reportagem da\u00a0TV TEM\u00a0e\u00a0G1\u00a0nesta sexta-feira (28) mostra o momento em que o pastor aposentado Eduardo Tirling diz ter envenenado um cachorro no bairro Gramad\u00e3o, em S\u00e3o Miguel Arcanjo (SP), ao ser questionado por moradores. O animal, que era chamado de Spike e tinha 9 anos,\u00a0foi achado pelo dono com sinais de envenenamento, na noite de quinta-feira (27), na Rua Joaquim Julho. O morador Arnaldo Miguel Soares afirma que tinha que todos no bairro davam \u00e1gua e comida para o animal. Ele suspeita que o vira-lata morreu ap\u00f3s comer p\u00e3o e leite dados pelo pastor. Eduardo nega que tenha&hellip;\" \/>\n<meta property=\"og:url\" content=\"https:\/\/blogdofarnesio.com.br\/2018\/12\/em-video-pastor-diz-ter-envenenado-cachorro-exterminar-essas-pragas-ai\/\" \/>\n<meta property=\"og:site_name\" content=\"Blog do Farn\u00e9sio\" \/>\n<meta property=\"article:publisher\" content=\"https:\/\/www.facebook.com\/BlogQuerSaberPolitica\/\" \/>\n<meta property=\"article:published_time\" content=\"2018-12-28T19:00:21+00:00\" \/>\n<meta property=\"og:image\" content=\"https:\/\/blogdofarnesio.com.br\/wp-content\/uploads\/2018\/12\/blogqsppastor-matou-cachorro.jpg\" \/>\n\t<meta property=\"og:image:width\" content=\"600\" \/>\n\t<meta property=\"og:image:height\" content=\"335\" \/>\n\t<meta property=\"og:image:type\" content=\"image\/jpeg\" \/>\n<meta name=\"author\" content=\"Farn\u00e9sio\" \/>\n<meta name=\"twitter:card\" content=\"summary_large_image\" \/>\n<meta name=\"twitter:label1\" content=\"Escrito por\" \/>\n\t<meta name=\"twitter:data1\" content=\"Farn\u00e9sio\" \/>\n\t<meta name=\"twitter:label2\" content=\"Est. tempo de leitura\" \/>\n\t<meta name=\"twitter:data2\" content=\"4 minutos\" \/>\n<script type=\"application\/ld+json\" class=\"yoast-schema-graph\">{\"@context\":\"https:\\\/\\\/schema.org\",\"@graph\":[{\"@type\":\"Article\",\"@id\":\"https:\\\/\\\/blogdofarnesio.com.br\\\/2018\\\/12\\\/em-video-pastor-diz-ter-envenenado-cachorro-exterminar-essas-pragas-ai\\\/#article\",\"isPartOf\":{\"@id\":\"https:\\\/\\\/blogdofarnesio.com.br\\\/2018\\\/12\\\/em-video-pastor-diz-ter-envenenado-cachorro-exterminar-essas-pragas-ai\\\/\"},\"author\":{\"name\":\"Farn\u00e9sio\",\"@id\":\"https:\\\/\\\/blogdofarnesio.com.br\\\/#\\\/schema\\\/person\\\/301c4acf522bccbfdb45af95b5b906a1\"},\"headline\":\"EM V\u00cdDEO, PASTOR DIZ TER ENVENENADO CACHORRO: &#8220;EXTERMINAR ESSAS PRAGAS A\u00cd&#8221;\",\"datePublished\":\"2018-12-28T19:00:21+00:00\",\"mainEntityOfPage\":{\"@id\":\"https:\\\/\\\/blogdofarnesio.com.br\\\/2018\\\/12\\\/em-video-pastor-diz-ter-envenenado-cachorro-exterminar-essas-pragas-ai\\\/\"},\"wordCount\":755,\"publisher\":{\"@id\":\"https:\\\/\\\/blogdofarnesio.com.br\\\/#organization\"},\"image\":{\"@id\":\"https:\\\/\\\/blogdofarnesio.com.br\\\/2018\\\/12\\\/em-video-pastor-diz-ter-envenenado-cachorro-exterminar-essas-pragas-ai\\\/#primaryimage\"},\"thumbnailUrl\":\"https:\\\/\\\/blogdofarnesio.com.br\\\/wp-content\\\/uploads\\\/2018\\\/12\\\/blogqsppastor-matou-cachorro.jpg\",\"articleSection\":[\"Pol\u00edcia\"],\"inLanguage\":\"pt-BR\"},{\"@type\":\"WebPage\",\"@id\":\"https:\\\/\\\/blogdofarnesio.com.br\\\/2018\\\/12\\\/em-video-pastor-diz-ter-envenenado-cachorro-exterminar-essas-pragas-ai\\\/\",\"url\":\"https:\\\/\\\/blogdofarnesio.com.br\\\/2018\\\/12\\\/em-video-pastor-diz-ter-envenenado-cachorro-exterminar-essas-pragas-ai\\\/\",\"name\":\"EM V\u00cdDEO, PASTOR DIZ TER ENVENENADO CACHORRO: \\\"EXTERMINAR ESSAS PRAGAS A\u00cd\\\" - Blog do Farn\u00e9sio\",\"isPartOf\":{\"@id\":\"https:\\\/\\\/blogdofarnesio.com.br\\\/#website\"},\"primaryImageOfPage\":{\"@id\":\"https:\\\/\\\/blogdofarnesio.com.br\\\/2018\\\/12\\\/em-video-pastor-diz-ter-envenenado-cachorro-exterminar-essas-pragas-ai\\\/#primaryimage\"},\"image\":{\"@id\":\"https:\\\/\\\/blogdofarnesio.com.br\\\/2018\\\/12\\\/em-video-pastor-diz-ter-envenenado-cachorro-exterminar-essas-pragas-ai\\\/#primaryimage\"},\"thumbnailUrl\":\"https:\\\/\\\/blogdofarnesio.com.br\\\/wp-content\\\/uploads\\\/2018\\\/12\\\/blogqsppastor-matou-cachorro.jpg\",\"datePublished\":\"2018-12-28T19:00:21+00:00\",\"breadcrumb\":{\"@id\":\"https:\\\/\\\/blogdofarnesio.com.br\\\/2018\\\/12\\\/em-video-pastor-diz-ter-envenenado-cachorro-exterminar-essas-pragas-ai\\\/#breadcrumb\"},\"inLanguage\":\"pt-BR\",\"potentialAction\":[{\"@type\":\"ReadAction\",\"target\":[\"https:\\\/\\\/blogdofarnesio.com.br\\\/2018\\\/12\\\/em-video-pastor-diz-ter-envenenado-cachorro-exterminar-essas-pragas-ai\\\/\"]}]},{\"@type\":\"ImageObject\",\"inLanguage\":\"pt-BR\",\"@id\":\"https:\\\/\\\/blogdofarnesio.com.br\\\/2018\\\/12\\\/em-video-pastor-diz-ter-envenenado-cachorro-exterminar-essas-pragas-ai\\\/#primaryimage\",\"url\":\"https:\\\/\\\/blogdofarnesio.com.br\\\/wp-content\\\/uploads\\\/2018\\\/12\\\/blogqsppastor-matou-cachorro.jpg\",\"contentUrl\":\"https:\\\/\\\/blogdofarnesio.com.br\\\/wp-content\\\/uploads\\\/2018\\\/12\\\/blogqsppastor-matou-cachorro.jpg\",\"width\":600,\"height\":335},{\"@type\":\"BreadcrumbList\",\"@id\":\"https:\\\/\\\/blogdofarnesio.com.br\\\/2018\\\/12\\\/em-video-pastor-diz-ter-envenenado-cachorro-exterminar-essas-pragas-ai\\\/#breadcrumb\",\"itemListElement\":[{\"@type\":\"ListItem\",\"position\":1,\"name\":\"In\u00edcio\",\"item\":\"https:\\\/\\\/blogdofarnesio.com.br\\\/\"},{\"@type\":\"ListItem\",\"position\":2,\"name\":\"EM V\u00cdDEO, PASTOR DIZ TER ENVENENADO CACHORRO: &#8220;EXTERMINAR ESSAS PRAGAS A\u00cd&#8221;\"}]},{\"@type\":\"WebSite\",\"@id\":\"https:\\\/\\\/blogdofarnesio.com.br\\\/#website\",\"url\":\"https:\\\/\\\/blogdofarnesio.com.br\\\/\",\"name\":\"Blog do Farn\u00e9sio\",\"description\":\"Quer Saber Pol\u00edtica?\",\"publisher\":{\"@id\":\"https:\\\/\\\/blogdofarnesio.com.br\\\/#organization\"},\"potentialAction\":[{\"@type\":\"SearchAction\",\"target\":{\"@type\":\"EntryPoint\",\"urlTemplate\":\"https:\\\/\\\/blogdofarnesio.com.br\\\/?s={search_term_string}\"},\"query-input\":{\"@type\":\"PropertyValueSpecification\",\"valueRequired\":true,\"valueName\":\"search_term_string\"}}],\"inLanguage\":\"pt-BR\"},{\"@type\":\"Organization\",\"@id\":\"https:\\\/\\\/blogdofarnesio.com.br\\\/#organization\",\"name\":\"Blog do Farn\u00e9sio\",\"url\":\"https:\\\/\\\/blogdofarnesio.com.br\\\/\",\"logo\":{\"@type\":\"ImageObject\",\"inLanguage\":\"pt-BR\",\"@id\":\"https:\\\/\\\/blogdofarnesio.com.br\\\/#\\\/schema\\\/logo\\\/image\\\/\",\"url\":\"https:\\\/\\\/blogdofarnesio.com.br\\\/wp-content\\\/uploads\\\/2026\\\/03\\\/cropped-logo_new-1.png\",\"contentUrl\":\"https:\\\/\\\/blogdofarnesio.com.br\\\/wp-content\\\/uploads\\\/2026\\\/03\\\/cropped-logo_new-1.png\",\"width\":881,\"height\":685,\"caption\":\"Blog do Farn\u00e9sio\"},\"image\":{\"@id\":\"https:\\\/\\\/blogdofarnesio.com.br\\\/#\\\/schema\\\/logo\\\/image\\\/\"},\"sameAs\":[\"https:\\\/\\\/www.facebook.com\\\/BlogQuerSaberPolitica\\\/\"]},{\"@type\":\"Person\",\"@id\":\"https:\\\/\\\/blogdofarnesio.com.br\\\/#\\\/schema\\\/person\\\/301c4acf522bccbfdb45af95b5b906a1\",\"name\":\"Farn\u00e9sio\",\"image\":{\"@type\":\"ImageObject\",\"inLanguage\":\"pt-BR\",\"@id\":\"https:\\\/\\\/secure.gravatar.com\\\/avatar\\\/df0c9a14567c056f8ad6876ba5bbd1e3e2c48023eb6807342fc4663adf549f38?s=96&d=mm&r=g\",\"url\":\"https:\\\/\\\/secure.gravatar.com\\\/avatar\\\/df0c9a14567c056f8ad6876ba5bbd1e3e2c48023eb6807342fc4663adf549f38?s=96&d=mm&r=g\",\"contentUrl\":\"https:\\\/\\\/secure.gravatar.com\\\/avatar\\\/df0c9a14567c056f8ad6876ba5bbd1e3e2c48023eb6807342fc4663adf549f38?s=96&d=mm&r=g\",\"caption\":\"Farn\u00e9sio\"},\"sameAs\":[\"https:\\\/\\\/quersaberpolitica.com.br\"],\"url\":\"https:\\\/\\\/blogdofarnesio.com.br\\\/author\\\/farnesio\\\/\"}]}<\/script>\n<!-- \/ Yoast SEO plugin. -->","yoast_head_json":{"title":"EM V\u00cdDEO, PASTOR DIZ TER ENVENENADO CACHORRO: \"EXTERMINAR ESSAS PRAGAS A\u00cd\" - Blog do Farn\u00e9sio","robots":{"index":"index","follow":"follow","max-snippet":"max-snippet:-1","max-image-preview":"max-image-preview:large","max-video-preview":"max-video-preview:-1"},"canonical":"https:\/\/blogdofarnesio.com.br\/2018\/12\/em-video-pastor-diz-ter-envenenado-cachorro-exterminar-essas-pragas-ai\/","og_locale":"pt_BR","og_type":"article","og_title":"EM V\u00cdDEO, PASTOR DIZ TER ENVENENADO CACHORRO: \"EXTERMINAR ESSAS PRAGAS A\u00cd\" - Blog do Farn\u00e9sio","og_description":"Suspeito foi gravado por moradores logo ap\u00f3s entregar comida para o cachorro; Spike tinha 9 anos. Por G1 Um v\u00eddeo enviado para a reportagem da\u00a0TV TEM\u00a0e\u00a0G1\u00a0nesta sexta-feira (28) mostra o momento em que o pastor aposentado Eduardo Tirling diz ter envenenado um cachorro no bairro Gramad\u00e3o, em S\u00e3o Miguel Arcanjo (SP), ao ser questionado por moradores. O animal, que era chamado de Spike e tinha 9 anos,\u00a0foi achado pelo dono com sinais de envenenamento, na noite de quinta-feira (27), na Rua Joaquim Julho. O morador Arnaldo Miguel Soares afirma que tinha que todos no bairro davam \u00e1gua e comida para o animal. Ele suspeita que o vira-lata morreu ap\u00f3s comer p\u00e3o e leite dados pelo pastor. Eduardo nega que tenha&hellip;","og_url":"https:\/\/blogdofarnesio.com.br\/2018\/12\/em-video-pastor-diz-ter-envenenado-cachorro-exterminar-essas-pragas-ai\/","og_site_name":"Blog do Farn\u00e9sio","article_publisher":"https:\/\/www.facebook.com\/BlogQuerSaberPolitica\/","article_published_time":"2018-12-28T19:00:21+00:00","og_image":[{"width":600,"height":335,"url":"https:\/\/blogdofarnesio.com.br\/wp-content\/uploads\/2018\/12\/blogqsppastor-matou-cachorro.jpg","type":"image\/jpeg"}],"author":"Farn\u00e9sio","twitter_card":"summary_large_image","twitter_misc":{"Escrito por":"Farn\u00e9sio","Est. tempo de leitura":"4 minutos"},"schema":{"@context":"https:\/\/schema.org","@graph":[{"@type":"Article","@id":"https:\/\/blogdofarnesio.com.br\/2018\/12\/em-video-pastor-diz-ter-envenenado-cachorro-exterminar-essas-pragas-ai\/#article","isPartOf":{"@id":"https:\/\/blogdofarnesio.com.br\/2018\/12\/em-video-pastor-diz-ter-envenenado-cachorro-exterminar-essas-pragas-ai\/"},"author":{"name":"Farn\u00e9sio","@id":"https:\/\/blogdofarnesio.com.br\/#\/schema\/person\/301c4acf522bccbfdb45af95b5b906a1"},"headline":"EM V\u00cdDEO, PASTOR DIZ TER ENVENENADO CACHORRO: &#8220;EXTERMINAR ESSAS PRAGAS A\u00cd&#8221;","datePublished":"2018-12-28T19:00:21+00:00","mainEntityOfPage":{"@id":"https:\/\/blogdofarnesio.com.br\/2018\/12\/em-video-pastor-diz-ter-envenenado-cachorro-exterminar-essas-pragas-ai\/"},"wordCount":755,"publisher":{"@id":"https:\/\/blogdofarnesio.com.br\/#organization"},"image":{"@id":"https:\/\/blogdofarnesio.com.br\/2018\/12\/em-video-pastor-diz-ter-envenenado-cachorro-exterminar-essas-pragas-ai\/#primaryimage"},"thumbnailUrl":"https:\/\/blogdofarnesio.com.br\/wp-content\/uploads\/2018\/12\/blogqsppastor-matou-cachorro.jpg","articleSection":["Pol\u00edcia"],"inLanguage":"pt-BR"},{"@type":"WebPage","@id":"https:\/\/blogdofarnesio.com.br\/2018\/12\/em-video-pastor-diz-ter-envenenado-cachorro-exterminar-essas-pragas-ai\/","url":"https:\/\/blogdofarnesio.com.br\/2018\/12\/em-video-pastor-diz-ter-envenenado-cachorro-exterminar-essas-pragas-ai\/","name":"EM V\u00cdDEO, PASTOR DIZ TER ENVENENADO CACHORRO: \"EXTERMINAR ESSAS PRAGAS A\u00cd\" - Blog do Farn\u00e9sio","isPartOf":{"@id":"https:\/\/blogdofarnesio.com.br\/#website"},"primaryImageOfPage":{"@id":"https:\/\/blogdofarnesio.com.br\/2018\/12\/em-video-pastor-diz-ter-envenenado-cachorro-exterminar-essas-pragas-ai\/#primaryimage"},"image":{"@id":"https:\/\/blogdofarnesio.com.br\/2018\/12\/em-video-pastor-diz-ter-envenenado-cachorro-exterminar-essas-pragas-ai\/#primaryimage"},"thumbnailUrl":"https:\/\/blogdofarnesio.com.br\/wp-content\/uploads\/2018\/12\/blogqsppastor-matou-cachorro.jpg","datePublished":"2018-12-28T19:00:21+00:00","breadcrumb":{"@id":"https:\/\/blogdofarnesio.com.br\/2018\/12\/em-video-pastor-diz-ter-envenenado-cachorro-exterminar-essas-pragas-ai\/#breadcrumb"},"inLanguage":"pt-BR","potentialAction":[{"@type":"ReadAction","target":["https:\/\/blogdofarnesio.com.br\/2018\/12\/em-video-pastor-diz-ter-envenenado-cachorro-exterminar-essas-pragas-ai\/"]}]},{"@type":"ImageObject","inLanguage":"pt-BR","@id":"https:\/\/blogdofarnesio.com.br\/2018\/12\/em-video-pastor-diz-ter-envenenado-cachorro-exterminar-essas-pragas-ai\/#primaryimage","url":"https:\/\/blogdofarnesio.com.br\/wp-content\/uploads\/2018\/12\/blogqsppastor-matou-cachorro.jpg","contentUrl":"https:\/\/blogdofarnesio.com.br\/wp-content\/uploads\/2018\/12\/blogqsppastor-matou-cachorro.jpg","width":600,"height":335},{"@type":"BreadcrumbList","@id":"https:\/\/blogdofarnesio.com.br\/2018\/12\/em-video-pastor-diz-ter-envenenado-cachorro-exterminar-essas-pragas-ai\/#breadcrumb","itemListElement":[{"@type":"ListItem","position":1,"name":"In\u00edcio","item":"https:\/\/blogdofarnesio.com.br\/"},{"@type":"ListItem","position":2,"name":"EM V\u00cdDEO, PASTOR DIZ TER ENVENENADO CACHORRO: &#8220;EXTERMINAR ESSAS PRAGAS A\u00cd&#8221;"}]},{"@type":"WebSite","@id":"https:\/\/blogdofarnesio.com.br\/#website","url":"https:\/\/blogdofarnesio.com.br\/","name":"Blog do Farn\u00e9sio","description":"Quer Saber Pol\u00edtica?","publisher":{"@id":"https:\/\/blogdofarnesio.com.br\/#organization"},"potentialAction":[{"@type":"SearchAction","target":{"@type":"EntryPoint","urlTemplate":"https:\/\/blogdofarnesio.com.br\/?s={search_term_string}"},"query-input":{"@type":"PropertyValueSpecification","valueRequired":true,"valueName":"search_term_string"}}],"inLanguage":"pt-BR"},{"@type":"Organization","@id":"https:\/\/blogdofarnesio.com.br\/#organization","name":"Blog do Farn\u00e9sio","url":"https:\/\/blogdofarnesio.com.br\/","logo":{"@type":"ImageObject","inLanguage":"pt-BR","@id":"https:\/\/blogdofarnesio.com.br\/#\/schema\/logo\/image\/","url":"https:\/\/blogdofarnesio.com.br\/wp-content\/uploads\/2026\/03\/cropped-logo_new-1.png","contentUrl":"https:\/\/blogdofarnesio.com.br\/wp-content\/uploads\/2026\/03\/cropped-logo_new-1.png","width":881,"height":685,"caption":"Blog do Farn\u00e9sio"},"image":{"@id":"https:\/\/blogdofarnesio.com.br\/#\/schema\/logo\/image\/"},"sameAs":["https:\/\/www.facebook.com\/BlogQuerSaberPolitica\/"]},{"@type":"Person","@id":"https:\/\/blogdofarnesio.com.br\/#\/schema\/person\/301c4acf522bccbfdb45af95b5b906a1","name":"Farn\u00e9sio","image":{"@type":"ImageObject","inLanguage":"pt-BR","@id":"https:\/\/secure.gravatar.com\/avatar\/df0c9a14567c056f8ad6876ba5bbd1e3e2c48023eb6807342fc4663adf549f38?s=96&d=mm&r=g","url":"https:\/\/secure.gravatar.com\/avatar\/df0c9a14567c056f8ad6876ba5bbd1e3e2c48023eb6807342fc4663adf549f38?s=96&d=mm&r=g","contentUrl":"https:\/\/secure.gravatar.com\/avatar\/df0c9a14567c056f8ad6876ba5bbd1e3e2c48023eb6807342fc4663adf549f38?s=96&d=mm&r=g","caption":"Farn\u00e9sio"},"sameAs":["https:\/\/quersaberpolitica.com.br"],"url":"https:\/\/blogdofarnesio.com.br\/author\/farnesio\/"}]}},"_links":{"self":[{"href":"https:\/\/blogdofarnesio.com.br\/wp-json\/wp\/v2\/posts\/217863","targetHints":{"allow":["GET"]}}],"collection":[{"href":"https:\/\/blogdofarnesio.com.br\/wp-json\/wp\/v2\/posts"}],"about":[{"href":"https:\/\/blogdofarnesio.com.br\/wp-json\/wp\/v2\/types\/post"}],"author":[{"embeddable":true,"href":"https:\/\/blogdofarnesio.com.br\/wp-json\/wp\/v2\/users\/1"}],"replies":[{"embeddable":true,"href":"https:\/\/blogdofarnesio.com.br\/wp-json\/wp\/v2\/comments?post=217863"}],"version-history":[{"count":0,"href":"https:\/\/blogdofarnesio.com.br\/wp-json\/wp\/v2\/posts\/217863\/revisions"}],"wp:featuredmedia":[{"embeddable":true,"href":"https:\/\/blogdofarnesio.com.br\/wp-json\/wp\/v2\/media\/217864"}],"wp:attachment":[{"href":"https:\/\/blogdofarnesio.com.br\/wp-json\/wp\/v2\/media?parent=217863"}],"wp:term":[{"taxonomy":"category","embeddable":true,"href":"https:\/\/blogdofarnesio.com.br\/wp-json\/wp\/v2\/categories?post=217863"},{"taxonomy":"post_tag","embeddable":true,"href":"https:\/\/blogdofarnesio.com.br\/wp-json\/wp\/v2\/tags?post=217863"}],"curies":[{"name":"wp","href":"https:\/\/api.w.org\/{rel}","templated":true}]}}