{"id":217848,"date":"2018-12-28T14:30:18","date_gmt":"2018-12-28T17:30:18","guid":{"rendered":"http:\/\/quersaberpolitica.com.br\/2016\/?p=217848"},"modified":"2018-12-28T11:45:09","modified_gmt":"2018-12-28T14:45:09","slug":"sesp-leva-o-projeto-meu-bairro-melhor-no-parque-lagoa-de-calu","status":"publish","type":"post","link":"https:\/\/blogdofarnesio.com.br\/?p=217848","title":{"rendered":"SESP LEVA O PROJETO &#8216;MEU BAIRRO MELHOR&#8217; NO PARQUE LAGOA DE CALU"},"content":{"rendered":"<p style=\"text-align: justify;\"><em>Luzete Nobre\/SESP<\/em><\/p>\n<p style=\"text-align: justify;\">Nesta quinta-feira (27), a Prefeitura de Juazeiro, atrav\u00e9s da Secretaria de Servi\u00e7os P\u00fablicos (SESP) iniciou o projeto &#8216;Meu Bairro Melhor&#8217; no Parque Lagoa de Calu, localizado no Alto da Maravilha. O projeto tem como objetivo otimizar os servi\u00e7os j\u00e1 realizados diariamente pelas equipes.<\/p>\n<p style=\"text-align: justify;\">Foram realizados no Parque os servi\u00e7os de mutir\u00e3o de limpeza, com capina\u00e7\u00e3o, varri\u00e7\u00e3o, ro\u00e7agem, recolhimento de lixo e pintura de meio fio. Na \u00e1rea de ilumina\u00e7\u00e3o p\u00fablica substitui\u00e7\u00e3o de l\u00e2mpadas, reatores, bases e rel\u00eas. O setor de manuten\u00e7\u00e3o urbana realizou a retirada da vegeta\u00e7\u00e3o que domina o local, tamb\u00e9m conhecida como &#8220;Taboa&#8221;, a recupera\u00e7\u00e3o da pista de cooper, a pintura nas madeiras e troncos dos eucaliptos e o setor de jardinagem a poda das \u00e1rvores.<\/p>\n<p style=\"text-align: justify;\">De acordo com a funcion\u00e1ria p\u00fablica, S\u00f4nia Almeida dos Santos, que faz sua caminhada no espa\u00e7o diariamente, temos que somar esfor\u00e7os com a Prefeitura para termos um Parque melhor e conservado. &#8220;Estamos felizes que a prefeitura tem se preocupado em realizar a manuten\u00e7\u00e3o no Parque, como tamb\u00e9m a limpeza no bairro. A manuten\u00e7\u00e3o \u00e9 importante porque deixa o local mais bonito e apresent\u00e1vel&#8221;, comentou S\u00f4nia.<\/p>\n<p style=\"text-align: justify;\">A parceria entre os moradores e a gest\u00e3o p\u00fablica tamb\u00e9m foi ressaltada pelo agente de limpeza Luciano Batista. &#8220;As pessoas elogiam o nosso trabalho, por\u00e9m precisam ajudar mais, n\u00e3o jogando lixo e entulho em locais indevidos. Como tamb\u00e9m, manter o Parque conservado ap\u00f3s a nossa passagem&#8221;, enfatizou Luciano.<\/p>\n<p style=\"text-align: justify;\">O secret\u00e1rio de Servi\u00e7os P\u00fablicos, Celso Leal, destaca que somente este ano j\u00e1 foram realizadas duas vezes o mutir\u00e3o no Parque Lagoa de Calu e todos os dias acontecem os trabalhos de varri\u00e7\u00e3o no local. &#8220;Vamos realizar os servi\u00e7os gradativamente dentro da programa\u00e7\u00e3o da SESP. E queremos que a popula\u00e7\u00e3o sinta-se bem ao percorrer as ruas e perceber o trabalho da Prefeitura. Nosso trabalho visa a preserva\u00e7\u00e3o e limpeza da cidade e, consequentemente, o bem-estar da popula\u00e7\u00e3o&#8221;, pontuou Celso Leal.<\/p>\n","protected":false},"excerpt":{"rendered":"<p>Luzete Nobre\/SESP Nesta quinta-feira (27), a Prefeitura de Juazeiro, atrav\u00e9s da Secretaria de Servi\u00e7os P\u00fablicos (SESP) iniciou o projeto &#8216;Meu Bairro Melhor&#8217; no Parque Lagoa de Calu, localizado no Alto da Maravilha. O projeto tem como objetivo otimizar os servi\u00e7os j\u00e1 realizados diariamente pelas equipes. Foram realizados no Parque os servi\u00e7os de mutir\u00e3o de limpeza, com capina\u00e7\u00e3o, varri\u00e7\u00e3o, ro\u00e7agem, recolhimento de lixo e pintura de meio fio. Na \u00e1rea de ilumina\u00e7\u00e3o p\u00fablica substitui\u00e7\u00e3o de l\u00e2mpadas, reatores, bases e rel\u00eas. O setor de manuten\u00e7\u00e3o urbana realizou a retirada da vegeta\u00e7\u00e3o que domina o local, tamb\u00e9m conhecida como &#8220;Taboa&#8221;, a recupera\u00e7\u00e3o da pista de cooper, a pintura nas madeiras e troncos dos eucaliptos e o setor de jardinagem a poda das \u00e1rvores.&hellip; <\/p>\n","protected":false},"author":1,"featured_media":217849,"comment_status":"closed","ping_status":"closed","sticky":false,"template":"","format":"standard","meta":{"_acf_changed":false,"footnotes":""},"categories":[44],"tags":[],"class_list":["post-217848","post","type-post","status-publish","format-standard","has-post-thumbnail","hentry","category-administracao"],"acf":[],"yoast_head":"<!-- This site is optimized with the Yoast SEO plugin v27.4 - https:\/\/yoast.com\/product\/yoast-seo-wordpress\/ -->\n<title>SESP LEVA O PROJETO &#039;MEU BAIRRO MELHOR&#039; NO PARQUE LAGOA DE CALU - Blog do Farn\u00e9sio<\/title>\n<meta name=\"robots\" content=\"index, follow, max-snippet:-1, max-image-preview:large, max-video-preview:-1\" \/>\n<link rel=\"canonical\" href=\"https:\/\/blogdofarnesio.com.br\/?p=217848\" \/>\n<meta property=\"og:locale\" content=\"pt_BR\" \/>\n<meta property=\"og:type\" content=\"article\" \/>\n<meta property=\"og:title\" content=\"SESP LEVA O PROJETO &#039;MEU BAIRRO MELHOR&#039; NO PARQUE LAGOA DE CALU - Blog do Farn\u00e9sio\" \/>\n<meta property=\"og:description\" content=\"Luzete Nobre\/SESP Nesta quinta-feira (27), a Prefeitura de Juazeiro, atrav\u00e9s da Secretaria de Servi\u00e7os P\u00fablicos (SESP) iniciou o projeto &#8216;Meu Bairro Melhor&#8217; no Parque Lagoa de Calu, localizado no Alto da Maravilha. O projeto tem como objetivo otimizar os servi\u00e7os j\u00e1 realizados diariamente pelas equipes. Foram realizados no Parque os servi\u00e7os de mutir\u00e3o de limpeza, com capina\u00e7\u00e3o, varri\u00e7\u00e3o, ro\u00e7agem, recolhimento de lixo e pintura de meio fio. Na \u00e1rea de ilumina\u00e7\u00e3o p\u00fablica substitui\u00e7\u00e3o de l\u00e2mpadas, reatores, bases e rel\u00eas. O setor de manuten\u00e7\u00e3o urbana realizou a retirada da vegeta\u00e7\u00e3o que domina o local, tamb\u00e9m conhecida como &#8220;Taboa&#8221;, a recupera\u00e7\u00e3o da pista de cooper, a pintura nas madeiras e troncos dos eucaliptos e o setor de jardinagem a poda das \u00e1rvores.&hellip;\" \/>\n<meta property=\"og:url\" content=\"https:\/\/blogdofarnesio.com.br\/?p=217848\" \/>\n<meta property=\"og:site_name\" content=\"Blog do Farn\u00e9sio\" \/>\n<meta property=\"article:publisher\" content=\"https:\/\/www.facebook.com\/BlogQuerSaberPolitica\/\" \/>\n<meta property=\"article:published_time\" content=\"2018-12-28T17:30:18+00:00\" \/>\n<meta property=\"og:image\" content=\"https:\/\/blogdofarnesio.com.br\/wp-content\/uploads\/2018\/12\/BLOGQSP-Meu-bairro-Melhor-Lagoa-de-Calu-14.jpeg\" \/>\n\t<meta property=\"og:image:width\" content=\"640\" \/>\n\t<meta property=\"og:image:height\" content=\"360\" \/>\n\t<meta property=\"og:image:type\" content=\"image\/jpeg\" \/>\n<meta name=\"author\" content=\"Farn\u00e9sio\" \/>\n<meta name=\"twitter:card\" content=\"summary_large_image\" \/>\n<meta name=\"twitter:label1\" content=\"Escrito por\" \/>\n\t<meta name=\"twitter:data1\" content=\"Farn\u00e9sio\" \/>\n\t<meta name=\"twitter:label2\" content=\"Est. tempo de leitura\" \/>\n\t<meta name=\"twitter:data2\" content=\"2 minutos\" \/>\n<script type=\"application\/ld+json\" class=\"yoast-schema-graph\">{\"@context\":\"https:\\\/\\\/schema.org\",\"@graph\":[{\"@type\":\"Article\",\"@id\":\"https:\\\/\\\/blogdofarnesio.com.br\\\/?p=217848#article\",\"isPartOf\":{\"@id\":\"https:\\\/\\\/blogdofarnesio.com.br\\\/?p=217848\"},\"author\":{\"name\":\"Farn\u00e9sio\",\"@id\":\"https:\\\/\\\/blogdofarnesio.com.br\\\/#\\\/schema\\\/person\\\/301c4acf522bccbfdb45af95b5b906a1\"},\"headline\":\"SESP LEVA O PROJETO &#8216;MEU BAIRRO MELHOR&#8217; NO PARQUE LAGOA DE CALU\",\"datePublished\":\"2018-12-28T17:30:18+00:00\",\"mainEntityOfPage\":{\"@id\":\"https:\\\/\\\/blogdofarnesio.com.br\\\/?p=217848\"},\"wordCount\":369,\"publisher\":{\"@id\":\"https:\\\/\\\/blogdofarnesio.com.br\\\/#organization\"},\"image\":{\"@id\":\"https:\\\/\\\/blogdofarnesio.com.br\\\/?p=217848#primaryimage\"},\"thumbnailUrl\":\"https:\\\/\\\/blogdofarnesio.com.br\\\/wp-content\\\/uploads\\\/2018\\\/12\\\/BLOGQSP-Meu-bairro-Melhor-Lagoa-de-Calu-14.jpeg\",\"articleSection\":[\"Administra\u00e7\u00e3o\"],\"inLanguage\":\"pt-BR\"},{\"@type\":\"WebPage\",\"@id\":\"https:\\\/\\\/blogdofarnesio.com.br\\\/?p=217848\",\"url\":\"https:\\\/\\\/blogdofarnesio.com.br\\\/?p=217848\",\"name\":\"SESP LEVA O PROJETO 'MEU BAIRRO MELHOR' NO PARQUE LAGOA DE CALU - Blog do Farn\u00e9sio\",\"isPartOf\":{\"@id\":\"https:\\\/\\\/blogdofarnesio.com.br\\\/#website\"},\"primaryImageOfPage\":{\"@id\":\"https:\\\/\\\/blogdofarnesio.com.br\\\/?p=217848#primaryimage\"},\"image\":{\"@id\":\"https:\\\/\\\/blogdofarnesio.com.br\\\/?p=217848#primaryimage\"},\"thumbnailUrl\":\"https:\\\/\\\/blogdofarnesio.com.br\\\/wp-content\\\/uploads\\\/2018\\\/12\\\/BLOGQSP-Meu-bairro-Melhor-Lagoa-de-Calu-14.jpeg\",\"datePublished\":\"2018-12-28T17:30:18+00:00\",\"breadcrumb\":{\"@id\":\"https:\\\/\\\/blogdofarnesio.com.br\\\/?p=217848#breadcrumb\"},\"inLanguage\":\"pt-BR\",\"potentialAction\":[{\"@type\":\"ReadAction\",\"target\":[\"https:\\\/\\\/blogdofarnesio.com.br\\\/?p=217848\"]}]},{\"@type\":\"ImageObject\",\"inLanguage\":\"pt-BR\",\"@id\":\"https:\\\/\\\/blogdofarnesio.com.br\\\/?p=217848#primaryimage\",\"url\":\"https:\\\/\\\/blogdofarnesio.com.br\\\/wp-content\\\/uploads\\\/2018\\\/12\\\/BLOGQSP-Meu-bairro-Melhor-Lagoa-de-Calu-14.jpeg\",\"contentUrl\":\"https:\\\/\\\/blogdofarnesio.com.br\\\/wp-content\\\/uploads\\\/2018\\\/12\\\/BLOGQSP-Meu-bairro-Melhor-Lagoa-de-Calu-14.jpeg\",\"width\":640,\"height\":360},{\"@type\":\"BreadcrumbList\",\"@id\":\"https:\\\/\\\/blogdofarnesio.com.br\\\/?p=217848#breadcrumb\",\"itemListElement\":[{\"@type\":\"ListItem\",\"position\":1,\"name\":\"In\u00edcio\",\"item\":\"https:\\\/\\\/blogdofarnesio.com.br\\\/\"},{\"@type\":\"ListItem\",\"position\":2,\"name\":\"SESP LEVA O PROJETO &#8216;MEU BAIRRO MELHOR&#8217; NO PARQUE LAGOA DE CALU\"}]},{\"@type\":\"WebSite\",\"@id\":\"https:\\\/\\\/blogdofarnesio.com.br\\\/#website\",\"url\":\"https:\\\/\\\/blogdofarnesio.com.br\\\/\",\"name\":\"Blog do Farn\u00e9sio\",\"description\":\"Quer Saber Pol\u00edtica?\",\"publisher\":{\"@id\":\"https:\\\/\\\/blogdofarnesio.com.br\\\/#organization\"},\"potentialAction\":[{\"@type\":\"SearchAction\",\"target\":{\"@type\":\"EntryPoint\",\"urlTemplate\":\"https:\\\/\\\/blogdofarnesio.com.br\\\/?s={search_term_string}\"},\"query-input\":{\"@type\":\"PropertyValueSpecification\",\"valueRequired\":true,\"valueName\":\"search_term_string\"}}],\"inLanguage\":\"pt-BR\"},{\"@type\":\"Organization\",\"@id\":\"https:\\\/\\\/blogdofarnesio.com.br\\\/#organization\",\"name\":\"Blog do Farn\u00e9sio\",\"url\":\"https:\\\/\\\/blogdofarnesio.com.br\\\/\",\"logo\":{\"@type\":\"ImageObject\",\"inLanguage\":\"pt-BR\",\"@id\":\"https:\\\/\\\/blogdofarnesio.com.br\\\/#\\\/schema\\\/logo\\\/image\\\/\",\"url\":\"https:\\\/\\\/blogdofarnesio.com.br\\\/wp-content\\\/uploads\\\/2026\\\/03\\\/cropped-logo_new-1.png\",\"contentUrl\":\"https:\\\/\\\/blogdofarnesio.com.br\\\/wp-content\\\/uploads\\\/2026\\\/03\\\/cropped-logo_new-1.png\",\"width\":881,\"height\":685,\"caption\":\"Blog do Farn\u00e9sio\"},\"image\":{\"@id\":\"https:\\\/\\\/blogdofarnesio.com.br\\\/#\\\/schema\\\/logo\\\/image\\\/\"},\"sameAs\":[\"https:\\\/\\\/www.facebook.com\\\/BlogQuerSaberPolitica\\\/\"]},{\"@type\":\"Person\",\"@id\":\"https:\\\/\\\/blogdofarnesio.com.br\\\/#\\\/schema\\\/person\\\/301c4acf522bccbfdb45af95b5b906a1\",\"name\":\"Farn\u00e9sio\",\"image\":{\"@type\":\"ImageObject\",\"inLanguage\":\"pt-BR\",\"@id\":\"https:\\\/\\\/secure.gravatar.com\\\/avatar\\\/df0c9a14567c056f8ad6876ba5bbd1e3e2c48023eb6807342fc4663adf549f38?s=96&d=mm&r=g\",\"url\":\"https:\\\/\\\/secure.gravatar.com\\\/avatar\\\/df0c9a14567c056f8ad6876ba5bbd1e3e2c48023eb6807342fc4663adf549f38?s=96&d=mm&r=g\",\"contentUrl\":\"https:\\\/\\\/secure.gravatar.com\\\/avatar\\\/df0c9a14567c056f8ad6876ba5bbd1e3e2c48023eb6807342fc4663adf549f38?s=96&d=mm&r=g\",\"caption\":\"Farn\u00e9sio\"},\"sameAs\":[\"https:\\\/\\\/quersaberpolitica.com.br\"],\"url\":\"https:\\\/\\\/blogdofarnesio.com.br\\\/?author=1\"}]}<\/script>\n<!-- \/ Yoast SEO plugin. -->","yoast_head_json":{"title":"SESP LEVA O PROJETO 'MEU BAIRRO MELHOR' NO PARQUE LAGOA DE CALU - Blog do Farn\u00e9sio","robots":{"index":"index","follow":"follow","max-snippet":"max-snippet:-1","max-image-preview":"max-image-preview:large","max-video-preview":"max-video-preview:-1"},"canonical":"https:\/\/blogdofarnesio.com.br\/?p=217848","og_locale":"pt_BR","og_type":"article","og_title":"SESP LEVA O PROJETO 'MEU BAIRRO MELHOR' NO PARQUE LAGOA DE CALU - Blog do Farn\u00e9sio","og_description":"Luzete Nobre\/SESP Nesta quinta-feira (27), a Prefeitura de Juazeiro, atrav\u00e9s da Secretaria de Servi\u00e7os P\u00fablicos (SESP) iniciou o projeto &#8216;Meu Bairro Melhor&#8217; no Parque Lagoa de Calu, localizado no Alto da Maravilha. O projeto tem como objetivo otimizar os servi\u00e7os j\u00e1 realizados diariamente pelas equipes. Foram realizados no Parque os servi\u00e7os de mutir\u00e3o de limpeza, com capina\u00e7\u00e3o, varri\u00e7\u00e3o, ro\u00e7agem, recolhimento de lixo e pintura de meio fio. Na \u00e1rea de ilumina\u00e7\u00e3o p\u00fablica substitui\u00e7\u00e3o de l\u00e2mpadas, reatores, bases e rel\u00eas. O setor de manuten\u00e7\u00e3o urbana realizou a retirada da vegeta\u00e7\u00e3o que domina o local, tamb\u00e9m conhecida como &#8220;Taboa&#8221;, a recupera\u00e7\u00e3o da pista de cooper, a pintura nas madeiras e troncos dos eucaliptos e o setor de jardinagem a poda das \u00e1rvores.&hellip;","og_url":"https:\/\/blogdofarnesio.com.br\/?p=217848","og_site_name":"Blog do Farn\u00e9sio","article_publisher":"https:\/\/www.facebook.com\/BlogQuerSaberPolitica\/","article_published_time":"2018-12-28T17:30:18+00:00","og_image":[{"width":640,"height":360,"url":"https:\/\/blogdofarnesio.com.br\/wp-content\/uploads\/2018\/12\/BLOGQSP-Meu-bairro-Melhor-Lagoa-de-Calu-14.jpeg","type":"image\/jpeg"}],"author":"Farn\u00e9sio","twitter_card":"summary_large_image","twitter_misc":{"Escrito por":"Farn\u00e9sio","Est. tempo de leitura":"2 minutos"},"schema":{"@context":"https:\/\/schema.org","@graph":[{"@type":"Article","@id":"https:\/\/blogdofarnesio.com.br\/?p=217848#article","isPartOf":{"@id":"https:\/\/blogdofarnesio.com.br\/?p=217848"},"author":{"name":"Farn\u00e9sio","@id":"https:\/\/blogdofarnesio.com.br\/#\/schema\/person\/301c4acf522bccbfdb45af95b5b906a1"},"headline":"SESP LEVA O PROJETO &#8216;MEU BAIRRO MELHOR&#8217; NO PARQUE LAGOA DE CALU","datePublished":"2018-12-28T17:30:18+00:00","mainEntityOfPage":{"@id":"https:\/\/blogdofarnesio.com.br\/?p=217848"},"wordCount":369,"publisher":{"@id":"https:\/\/blogdofarnesio.com.br\/#organization"},"image":{"@id":"https:\/\/blogdofarnesio.com.br\/?p=217848#primaryimage"},"thumbnailUrl":"https:\/\/blogdofarnesio.com.br\/wp-content\/uploads\/2018\/12\/BLOGQSP-Meu-bairro-Melhor-Lagoa-de-Calu-14.jpeg","articleSection":["Administra\u00e7\u00e3o"],"inLanguage":"pt-BR"},{"@type":"WebPage","@id":"https:\/\/blogdofarnesio.com.br\/?p=217848","url":"https:\/\/blogdofarnesio.com.br\/?p=217848","name":"SESP LEVA O PROJETO 'MEU BAIRRO MELHOR' NO PARQUE LAGOA DE CALU - Blog do Farn\u00e9sio","isPartOf":{"@id":"https:\/\/blogdofarnesio.com.br\/#website"},"primaryImageOfPage":{"@id":"https:\/\/blogdofarnesio.com.br\/?p=217848#primaryimage"},"image":{"@id":"https:\/\/blogdofarnesio.com.br\/?p=217848#primaryimage"},"thumbnailUrl":"https:\/\/blogdofarnesio.com.br\/wp-content\/uploads\/2018\/12\/BLOGQSP-Meu-bairro-Melhor-Lagoa-de-Calu-14.jpeg","datePublished":"2018-12-28T17:30:18+00:00","breadcrumb":{"@id":"https:\/\/blogdofarnesio.com.br\/?p=217848#breadcrumb"},"inLanguage":"pt-BR","potentialAction":[{"@type":"ReadAction","target":["https:\/\/blogdofarnesio.com.br\/?p=217848"]}]},{"@type":"ImageObject","inLanguage":"pt-BR","@id":"https:\/\/blogdofarnesio.com.br\/?p=217848#primaryimage","url":"https:\/\/blogdofarnesio.com.br\/wp-content\/uploads\/2018\/12\/BLOGQSP-Meu-bairro-Melhor-Lagoa-de-Calu-14.jpeg","contentUrl":"https:\/\/blogdofarnesio.com.br\/wp-content\/uploads\/2018\/12\/BLOGQSP-Meu-bairro-Melhor-Lagoa-de-Calu-14.jpeg","width":640,"height":360},{"@type":"BreadcrumbList","@id":"https:\/\/blogdofarnesio.com.br\/?p=217848#breadcrumb","itemListElement":[{"@type":"ListItem","position":1,"name":"In\u00edcio","item":"https:\/\/blogdofarnesio.com.br\/"},{"@type":"ListItem","position":2,"name":"SESP LEVA O PROJETO &#8216;MEU BAIRRO MELHOR&#8217; NO PARQUE LAGOA DE CALU"}]},{"@type":"WebSite","@id":"https:\/\/blogdofarnesio.com.br\/#website","url":"https:\/\/blogdofarnesio.com.br\/","name":"Blog do Farn\u00e9sio","description":"Quer Saber Pol\u00edtica?","publisher":{"@id":"https:\/\/blogdofarnesio.com.br\/#organization"},"potentialAction":[{"@type":"SearchAction","target":{"@type":"EntryPoint","urlTemplate":"https:\/\/blogdofarnesio.com.br\/?s={search_term_string}"},"query-input":{"@type":"PropertyValueSpecification","valueRequired":true,"valueName":"search_term_string"}}],"inLanguage":"pt-BR"},{"@type":"Organization","@id":"https:\/\/blogdofarnesio.com.br\/#organization","name":"Blog do Farn\u00e9sio","url":"https:\/\/blogdofarnesio.com.br\/","logo":{"@type":"ImageObject","inLanguage":"pt-BR","@id":"https:\/\/blogdofarnesio.com.br\/#\/schema\/logo\/image\/","url":"https:\/\/blogdofarnesio.com.br\/wp-content\/uploads\/2026\/03\/cropped-logo_new-1.png","contentUrl":"https:\/\/blogdofarnesio.com.br\/wp-content\/uploads\/2026\/03\/cropped-logo_new-1.png","width":881,"height":685,"caption":"Blog do Farn\u00e9sio"},"image":{"@id":"https:\/\/blogdofarnesio.com.br\/#\/schema\/logo\/image\/"},"sameAs":["https:\/\/www.facebook.com\/BlogQuerSaberPolitica\/"]},{"@type":"Person","@id":"https:\/\/blogdofarnesio.com.br\/#\/schema\/person\/301c4acf522bccbfdb45af95b5b906a1","name":"Farn\u00e9sio","image":{"@type":"ImageObject","inLanguage":"pt-BR","@id":"https:\/\/secure.gravatar.com\/avatar\/df0c9a14567c056f8ad6876ba5bbd1e3e2c48023eb6807342fc4663adf549f38?s=96&d=mm&r=g","url":"https:\/\/secure.gravatar.com\/avatar\/df0c9a14567c056f8ad6876ba5bbd1e3e2c48023eb6807342fc4663adf549f38?s=96&d=mm&r=g","contentUrl":"https:\/\/secure.gravatar.com\/avatar\/df0c9a14567c056f8ad6876ba5bbd1e3e2c48023eb6807342fc4663adf549f38?s=96&d=mm&r=g","caption":"Farn\u00e9sio"},"sameAs":["https:\/\/quersaberpolitica.com.br"],"url":"https:\/\/blogdofarnesio.com.br\/?author=1"}]}},"_links":{"self":[{"href":"https:\/\/blogdofarnesio.com.br\/index.php?rest_route=\/wp\/v2\/posts\/217848","targetHints":{"allow":["GET"]}}],"collection":[{"href":"https:\/\/blogdofarnesio.com.br\/index.php?rest_route=\/wp\/v2\/posts"}],"about":[{"href":"https:\/\/blogdofarnesio.com.br\/index.php?rest_route=\/wp\/v2\/types\/post"}],"author":[{"embeddable":true,"href":"https:\/\/blogdofarnesio.com.br\/index.php?rest_route=\/wp\/v2\/users\/1"}],"replies":[{"embeddable":true,"href":"https:\/\/blogdofarnesio.com.br\/index.php?rest_route=%2Fwp%2Fv2%2Fcomments&post=217848"}],"version-history":[{"count":0,"href":"https:\/\/blogdofarnesio.com.br\/index.php?rest_route=\/wp\/v2\/posts\/217848\/revisions"}],"wp:featuredmedia":[{"embeddable":true,"href":"https:\/\/blogdofarnesio.com.br\/index.php?rest_route=\/wp\/v2\/media\/217849"}],"wp:attachment":[{"href":"https:\/\/blogdofarnesio.com.br\/index.php?rest_route=%2Fwp%2Fv2%2Fmedia&parent=217848"}],"wp:term":[{"taxonomy":"category","embeddable":true,"href":"https:\/\/blogdofarnesio.com.br\/index.php?rest_route=%2Fwp%2Fv2%2Fcategories&post=217848"},{"taxonomy":"post_tag","embeddable":true,"href":"https:\/\/blogdofarnesio.com.br\/index.php?rest_route=%2Fwp%2Fv2%2Ftags&post=217848"}],"curies":[{"name":"wp","href":"https:\/\/api.w.org\/{rel}","templated":true}]}}