{"id":217846,"date":"2018-12-28T14:00:05","date_gmt":"2018-12-28T17:00:05","guid":{"rendered":"http:\/\/quersaberpolitica.com.br\/2016\/?p=217846"},"modified":"2018-12-28T11:41:34","modified_gmt":"2018-12-28T14:41:34","slug":"com-gestao-eficiente-prefeitura-de-petrolina-fecha-ano-com-as-contas-em-dia-e-cumpre-antecipacao-salarial","status":"publish","type":"post","link":"https:\/\/blogdofarnesio.com.br\/?p=217846","title":{"rendered":"COM GEST\u00c3O EFICIENTE, PREFEITURA DE PETROLINA FECHA ANO COM AS CONTAS EM DIA E CUMPRE ANTECIPA\u00c7\u00c3O SALARIAL"},"content":{"rendered":"<p style=\"font-weight: 400; text-align: justify;\">\n<p style=\"font-weight: 400; text-align: justify;\">A crise financeira vivida em v\u00e1rios munic\u00edpios brasileiros n\u00e3o interrompeu um compromisso feito pelo prefeito Miguel Coelho em Petrolina: pagar, antecipadamente, os sal\u00e1rios dos servidores municipais. E como o gestor j\u00e1 havia anunciado, o sal\u00e1rio do m\u00eas de dezembro tamb\u00e9m foi antecipado para esta quinta-feira (27) contemplando mais de 7 mil servidores. A nova antecipa\u00e7\u00e3o nas v\u00e9speras do R\u00e9veillon tamb\u00e9m inclui o ter\u00e7o de f\u00e9rias e injeta cerca de R$ 17 milh\u00f5es na economia petrolinense.<\/p>\n<p style=\"font-weight: 400; text-align: justify;\">O prefeito Miguel Coelho, lembra que a Administra\u00e7\u00e3o Municipal conseguiu acompanhar o cronograma de libera\u00e7\u00e3o dos vencimentos do funcionalismo, sem qualquer atraso, gra\u00e7as \u00e0 efici\u00eancia da gest\u00e3o que vem mantendo o equil\u00edbrio financeiro na cidade.<\/p>\n<p style=\"font-weight: 400; text-align: justify;\">&#8220;<em>Muitas cidades e estados n\u00e3o conseguem pagar os sal\u00e1rios em dia, isso traz uma grande inseguran\u00e7a para os servidores e afeta at\u00e9 a credibilidade da gest\u00e3o.\u00a0Aqui em Petrolina conseguimos equilibrar as contas mesmo com uma heran\u00e7a de d\u00edvidas milion\u00e1rias, e ainda conseguimos fazer grandes investimentos na sa\u00fade, educa\u00e7\u00e3o, pavimenta\u00e7\u00e3o, ilumina\u00e7\u00e3o entre tantas demandas do dia a dia. Ent\u00e3o, podemos dizer que fizemos o dever de casa e entregamos muito mais do que apenas pagar sal\u00e1rio em dia<\/em>&#8220;, disse.<\/p>\n<p style=\"font-weight: 400; text-align: justify;\">Os aposentados e pensionistas tamb\u00e9m foram beneficiados com as antecipa\u00e7\u00f5es feitas pelo Instituto de Gest\u00e3o Previdenci\u00e1ria do Munic\u00edpio de Petrolina (Igeprev).<\/p>\n<p style=\"font-weight: 400; text-align: justify;\">A segunda parcela do 13\u00ba sal\u00e1rio foi paga j\u00e1 no in\u00edcio de dezembro, enquanto o sal\u00e1rio de dezembro foi antecipado para o \u00faltimo dia 18 de dezembro contemplando 1.016 aposentados e 279\u00a0 pensionistas do munic\u00edpio. Segundo o diretor-presidente do Igeprev, Willames Barbosa, s\u00f3 a antecipa\u00e7\u00e3o desta categoria injetou na economia de Petrolina cerca de R$ 2.746.794,22.<\/p>\n<p style=\"font-weight: 400; text-align: justify;\"><strong>Magn\u00f3lia Costa<\/strong>\u00a0\u2013 assessora de comunica\u00e7\u00e3o da Secretaria de Gest\u00e3o Administrativa<\/p>\n<p style=\"font-weight: 400;\">\n","protected":false},"excerpt":{"rendered":"<p>A crise financeira vivida em v\u00e1rios munic\u00edpios brasileiros n\u00e3o interrompeu um compromisso feito pelo prefeito Miguel Coelho em Petrolina: pagar, antecipadamente, os sal\u00e1rios dos servidores municipais. E como o gestor j\u00e1 havia anunciado, o sal\u00e1rio do m\u00eas de dezembro tamb\u00e9m foi antecipado para esta quinta-feira (27) contemplando mais de 7 mil servidores. A nova antecipa\u00e7\u00e3o nas v\u00e9speras do R\u00e9veillon tamb\u00e9m inclui o ter\u00e7o de f\u00e9rias e injeta cerca de R$ 17 milh\u00f5es na economia petrolinense. O prefeito Miguel Coelho, lembra que a Administra\u00e7\u00e3o Municipal conseguiu acompanhar o cronograma de libera\u00e7\u00e3o dos vencimentos do funcionalismo, sem qualquer atraso, gra\u00e7as \u00e0 efici\u00eancia da gest\u00e3o que vem mantendo o equil\u00edbrio financeiro na cidade. &#8220;Muitas cidades e estados n\u00e3o conseguem pagar os sal\u00e1rios em&hellip; <\/p>\n","protected":false},"author":1,"featured_media":152264,"comment_status":"closed","ping_status":"closed","sticky":false,"template":"","format":"standard","meta":{"_acf_changed":false,"footnotes":""},"categories":[44],"tags":[],"class_list":["post-217846","post","type-post","status-publish","format-standard","has-post-thumbnail","hentry","category-administracao"],"acf":[],"yoast_head":"<!-- This site is optimized with the Yoast SEO plugin v27.4 - https:\/\/yoast.com\/product\/yoast-seo-wordpress\/ -->\n<title>COM GEST\u00c3O EFICIENTE, PREFEITURA DE PETROLINA FECHA ANO COM AS CONTAS EM DIA E CUMPRE ANTECIPA\u00c7\u00c3O SALARIAL - Blog do Farn\u00e9sio<\/title>\n<meta name=\"robots\" content=\"index, follow, max-snippet:-1, max-image-preview:large, max-video-preview:-1\" \/>\n<link rel=\"canonical\" href=\"https:\/\/blogdofarnesio.com.br\/?p=217846\" \/>\n<meta property=\"og:locale\" content=\"pt_BR\" \/>\n<meta property=\"og:type\" content=\"article\" \/>\n<meta property=\"og:title\" content=\"COM GEST\u00c3O EFICIENTE, PREFEITURA DE PETROLINA FECHA ANO COM AS CONTAS EM DIA E CUMPRE ANTECIPA\u00c7\u00c3O SALARIAL - Blog do Farn\u00e9sio\" \/>\n<meta property=\"og:description\" content=\"A crise financeira vivida em v\u00e1rios munic\u00edpios brasileiros n\u00e3o interrompeu um compromisso feito pelo prefeito Miguel Coelho em Petrolina: pagar, antecipadamente, os sal\u00e1rios dos servidores municipais. E como o gestor j\u00e1 havia anunciado, o sal\u00e1rio do m\u00eas de dezembro tamb\u00e9m foi antecipado para esta quinta-feira (27) contemplando mais de 7 mil servidores. A nova antecipa\u00e7\u00e3o nas v\u00e9speras do R\u00e9veillon tamb\u00e9m inclui o ter\u00e7o de f\u00e9rias e injeta cerca de R$ 17 milh\u00f5es na economia petrolinense. O prefeito Miguel Coelho, lembra que a Administra\u00e7\u00e3o Municipal conseguiu acompanhar o cronograma de libera\u00e7\u00e3o dos vencimentos do funcionalismo, sem qualquer atraso, gra\u00e7as \u00e0 efici\u00eancia da gest\u00e3o que vem mantendo o equil\u00edbrio financeiro na cidade. &#8220;Muitas cidades e estados n\u00e3o conseguem pagar os sal\u00e1rios em&hellip;\" \/>\n<meta property=\"og:url\" content=\"https:\/\/blogdofarnesio.com.br\/?p=217846\" \/>\n<meta property=\"og:site_name\" content=\"Blog do Farn\u00e9sio\" \/>\n<meta property=\"article:publisher\" content=\"https:\/\/www.facebook.com\/BlogQuerSaberPolitica\/\" \/>\n<meta property=\"article:published_time\" content=\"2018-12-28T17:00:05+00:00\" \/>\n<meta property=\"og:image\" content=\"https:\/\/blogdofarnesio.com.br\/wp-content\/uploads\/2016\/12\/blogqsp-prefeitura-petrolina1.jpg\" \/>\n\t<meta property=\"og:image:width\" content=\"692\" \/>\n\t<meta property=\"og:image:height\" content=\"519\" \/>\n\t<meta property=\"og:image:type\" content=\"image\/jpeg\" \/>\n<meta name=\"author\" content=\"Farn\u00e9sio\" \/>\n<meta name=\"twitter:card\" content=\"summary_large_image\" \/>\n<meta name=\"twitter:label1\" content=\"Escrito por\" \/>\n\t<meta name=\"twitter:data1\" content=\"Farn\u00e9sio\" \/>\n\t<meta name=\"twitter:label2\" content=\"Est. tempo de leitura\" \/>\n\t<meta name=\"twitter:data2\" content=\"2 minutos\" \/>\n<script type=\"application\/ld+json\" class=\"yoast-schema-graph\">{\"@context\":\"https:\\\/\\\/schema.org\",\"@graph\":[{\"@type\":\"Article\",\"@id\":\"https:\\\/\\\/blogdofarnesio.com.br\\\/?p=217846#article\",\"isPartOf\":{\"@id\":\"https:\\\/\\\/blogdofarnesio.com.br\\\/?p=217846\"},\"author\":{\"name\":\"Farn\u00e9sio\",\"@id\":\"https:\\\/\\\/blogdofarnesio.com.br\\\/#\\\/schema\\\/person\\\/301c4acf522bccbfdb45af95b5b906a1\"},\"headline\":\"COM GEST\u00c3O EFICIENTE, PREFEITURA DE PETROLINA FECHA ANO COM AS CONTAS EM DIA E CUMPRE ANTECIPA\u00c7\u00c3O SALARIAL\",\"datePublished\":\"2018-12-28T17:00:05+00:00\",\"mainEntityOfPage\":{\"@id\":\"https:\\\/\\\/blogdofarnesio.com.br\\\/?p=217846\"},\"wordCount\":332,\"publisher\":{\"@id\":\"https:\\\/\\\/blogdofarnesio.com.br\\\/#organization\"},\"image\":{\"@id\":\"https:\\\/\\\/blogdofarnesio.com.br\\\/?p=217846#primaryimage\"},\"thumbnailUrl\":\"https:\\\/\\\/blogdofarnesio.com.br\\\/wp-content\\\/uploads\\\/2016\\\/12\\\/blogqsp-prefeitura-petrolina1.jpg\",\"articleSection\":[\"Administra\u00e7\u00e3o\"],\"inLanguage\":\"pt-BR\"},{\"@type\":\"WebPage\",\"@id\":\"https:\\\/\\\/blogdofarnesio.com.br\\\/?p=217846\",\"url\":\"https:\\\/\\\/blogdofarnesio.com.br\\\/?p=217846\",\"name\":\"COM GEST\u00c3O EFICIENTE, PREFEITURA DE PETROLINA FECHA ANO COM AS CONTAS EM DIA E CUMPRE ANTECIPA\u00c7\u00c3O SALARIAL - Blog do Farn\u00e9sio\",\"isPartOf\":{\"@id\":\"https:\\\/\\\/blogdofarnesio.com.br\\\/#website\"},\"primaryImageOfPage\":{\"@id\":\"https:\\\/\\\/blogdofarnesio.com.br\\\/?p=217846#primaryimage\"},\"image\":{\"@id\":\"https:\\\/\\\/blogdofarnesio.com.br\\\/?p=217846#primaryimage\"},\"thumbnailUrl\":\"https:\\\/\\\/blogdofarnesio.com.br\\\/wp-content\\\/uploads\\\/2016\\\/12\\\/blogqsp-prefeitura-petrolina1.jpg\",\"datePublished\":\"2018-12-28T17:00:05+00:00\",\"breadcrumb\":{\"@id\":\"https:\\\/\\\/blogdofarnesio.com.br\\\/?p=217846#breadcrumb\"},\"inLanguage\":\"pt-BR\",\"potentialAction\":[{\"@type\":\"ReadAction\",\"target\":[\"https:\\\/\\\/blogdofarnesio.com.br\\\/?p=217846\"]}]},{\"@type\":\"ImageObject\",\"inLanguage\":\"pt-BR\",\"@id\":\"https:\\\/\\\/blogdofarnesio.com.br\\\/?p=217846#primaryimage\",\"url\":\"https:\\\/\\\/blogdofarnesio.com.br\\\/wp-content\\\/uploads\\\/2016\\\/12\\\/blogqsp-prefeitura-petrolina1.jpg\",\"contentUrl\":\"https:\\\/\\\/blogdofarnesio.com.br\\\/wp-content\\\/uploads\\\/2016\\\/12\\\/blogqsp-prefeitura-petrolina1.jpg\",\"width\":692,\"height\":519,\"caption\":\"Prefeitura de Petrolina-Pe Foto Farn\u00e9sio Silva\"},{\"@type\":\"BreadcrumbList\",\"@id\":\"https:\\\/\\\/blogdofarnesio.com.br\\\/?p=217846#breadcrumb\",\"itemListElement\":[{\"@type\":\"ListItem\",\"position\":1,\"name\":\"In\u00edcio\",\"item\":\"https:\\\/\\\/blogdofarnesio.com.br\\\/\"},{\"@type\":\"ListItem\",\"position\":2,\"name\":\"COM GEST\u00c3O EFICIENTE, PREFEITURA DE PETROLINA FECHA ANO COM AS CONTAS EM DIA E CUMPRE ANTECIPA\u00c7\u00c3O SALARIAL\"}]},{\"@type\":\"WebSite\",\"@id\":\"https:\\\/\\\/blogdofarnesio.com.br\\\/#website\",\"url\":\"https:\\\/\\\/blogdofarnesio.com.br\\\/\",\"name\":\"Blog do Farn\u00e9sio\",\"description\":\"Quer Saber Pol\u00edtica?\",\"publisher\":{\"@id\":\"https:\\\/\\\/blogdofarnesio.com.br\\\/#organization\"},\"potentialAction\":[{\"@type\":\"SearchAction\",\"target\":{\"@type\":\"EntryPoint\",\"urlTemplate\":\"https:\\\/\\\/blogdofarnesio.com.br\\\/?s={search_term_string}\"},\"query-input\":{\"@type\":\"PropertyValueSpecification\",\"valueRequired\":true,\"valueName\":\"search_term_string\"}}],\"inLanguage\":\"pt-BR\"},{\"@type\":\"Organization\",\"@id\":\"https:\\\/\\\/blogdofarnesio.com.br\\\/#organization\",\"name\":\"Blog do Farn\u00e9sio\",\"url\":\"https:\\\/\\\/blogdofarnesio.com.br\\\/\",\"logo\":{\"@type\":\"ImageObject\",\"inLanguage\":\"pt-BR\",\"@id\":\"https:\\\/\\\/blogdofarnesio.com.br\\\/#\\\/schema\\\/logo\\\/image\\\/\",\"url\":\"https:\\\/\\\/blogdofarnesio.com.br\\\/wp-content\\\/uploads\\\/2026\\\/03\\\/cropped-logo_new-1.png\",\"contentUrl\":\"https:\\\/\\\/blogdofarnesio.com.br\\\/wp-content\\\/uploads\\\/2026\\\/03\\\/cropped-logo_new-1.png\",\"width\":881,\"height\":685,\"caption\":\"Blog do Farn\u00e9sio\"},\"image\":{\"@id\":\"https:\\\/\\\/blogdofarnesio.com.br\\\/#\\\/schema\\\/logo\\\/image\\\/\"},\"sameAs\":[\"https:\\\/\\\/www.facebook.com\\\/BlogQuerSaberPolitica\\\/\"]},{\"@type\":\"Person\",\"@id\":\"https:\\\/\\\/blogdofarnesio.com.br\\\/#\\\/schema\\\/person\\\/301c4acf522bccbfdb45af95b5b906a1\",\"name\":\"Farn\u00e9sio\",\"image\":{\"@type\":\"ImageObject\",\"inLanguage\":\"pt-BR\",\"@id\":\"https:\\\/\\\/secure.gravatar.com\\\/avatar\\\/df0c9a14567c056f8ad6876ba5bbd1e3e2c48023eb6807342fc4663adf549f38?s=96&d=mm&r=g\",\"url\":\"https:\\\/\\\/secure.gravatar.com\\\/avatar\\\/df0c9a14567c056f8ad6876ba5bbd1e3e2c48023eb6807342fc4663adf549f38?s=96&d=mm&r=g\",\"contentUrl\":\"https:\\\/\\\/secure.gravatar.com\\\/avatar\\\/df0c9a14567c056f8ad6876ba5bbd1e3e2c48023eb6807342fc4663adf549f38?s=96&d=mm&r=g\",\"caption\":\"Farn\u00e9sio\"},\"sameAs\":[\"https:\\\/\\\/quersaberpolitica.com.br\"],\"url\":\"https:\\\/\\\/blogdofarnesio.com.br\\\/?author=1\"}]}<\/script>\n<!-- \/ Yoast SEO plugin. -->","yoast_head_json":{"title":"COM GEST\u00c3O EFICIENTE, PREFEITURA DE PETROLINA FECHA ANO COM AS CONTAS EM DIA E CUMPRE ANTECIPA\u00c7\u00c3O SALARIAL - Blog do Farn\u00e9sio","robots":{"index":"index","follow":"follow","max-snippet":"max-snippet:-1","max-image-preview":"max-image-preview:large","max-video-preview":"max-video-preview:-1"},"canonical":"https:\/\/blogdofarnesio.com.br\/?p=217846","og_locale":"pt_BR","og_type":"article","og_title":"COM GEST\u00c3O EFICIENTE, PREFEITURA DE PETROLINA FECHA ANO COM AS CONTAS EM DIA E CUMPRE ANTECIPA\u00c7\u00c3O SALARIAL - Blog do Farn\u00e9sio","og_description":"A crise financeira vivida em v\u00e1rios munic\u00edpios brasileiros n\u00e3o interrompeu um compromisso feito pelo prefeito Miguel Coelho em Petrolina: pagar, antecipadamente, os sal\u00e1rios dos servidores municipais. E como o gestor j\u00e1 havia anunciado, o sal\u00e1rio do m\u00eas de dezembro tamb\u00e9m foi antecipado para esta quinta-feira (27) contemplando mais de 7 mil servidores. A nova antecipa\u00e7\u00e3o nas v\u00e9speras do R\u00e9veillon tamb\u00e9m inclui o ter\u00e7o de f\u00e9rias e injeta cerca de R$ 17 milh\u00f5es na economia petrolinense. O prefeito Miguel Coelho, lembra que a Administra\u00e7\u00e3o Municipal conseguiu acompanhar o cronograma de libera\u00e7\u00e3o dos vencimentos do funcionalismo, sem qualquer atraso, gra\u00e7as \u00e0 efici\u00eancia da gest\u00e3o que vem mantendo o equil\u00edbrio financeiro na cidade. &#8220;Muitas cidades e estados n\u00e3o conseguem pagar os sal\u00e1rios em&hellip;","og_url":"https:\/\/blogdofarnesio.com.br\/?p=217846","og_site_name":"Blog do Farn\u00e9sio","article_publisher":"https:\/\/www.facebook.com\/BlogQuerSaberPolitica\/","article_published_time":"2018-12-28T17:00:05+00:00","og_image":[{"width":692,"height":519,"url":"https:\/\/blogdofarnesio.com.br\/wp-content\/uploads\/2016\/12\/blogqsp-prefeitura-petrolina1.jpg","type":"image\/jpeg"}],"author":"Farn\u00e9sio","twitter_card":"summary_large_image","twitter_misc":{"Escrito por":"Farn\u00e9sio","Est. tempo de leitura":"2 minutos"},"schema":{"@context":"https:\/\/schema.org","@graph":[{"@type":"Article","@id":"https:\/\/blogdofarnesio.com.br\/?p=217846#article","isPartOf":{"@id":"https:\/\/blogdofarnesio.com.br\/?p=217846"},"author":{"name":"Farn\u00e9sio","@id":"https:\/\/blogdofarnesio.com.br\/#\/schema\/person\/301c4acf522bccbfdb45af95b5b906a1"},"headline":"COM GEST\u00c3O EFICIENTE, PREFEITURA DE PETROLINA FECHA ANO COM AS CONTAS EM DIA E CUMPRE ANTECIPA\u00c7\u00c3O SALARIAL","datePublished":"2018-12-28T17:00:05+00:00","mainEntityOfPage":{"@id":"https:\/\/blogdofarnesio.com.br\/?p=217846"},"wordCount":332,"publisher":{"@id":"https:\/\/blogdofarnesio.com.br\/#organization"},"image":{"@id":"https:\/\/blogdofarnesio.com.br\/?p=217846#primaryimage"},"thumbnailUrl":"https:\/\/blogdofarnesio.com.br\/wp-content\/uploads\/2016\/12\/blogqsp-prefeitura-petrolina1.jpg","articleSection":["Administra\u00e7\u00e3o"],"inLanguage":"pt-BR"},{"@type":"WebPage","@id":"https:\/\/blogdofarnesio.com.br\/?p=217846","url":"https:\/\/blogdofarnesio.com.br\/?p=217846","name":"COM GEST\u00c3O EFICIENTE, PREFEITURA DE PETROLINA FECHA ANO COM AS CONTAS EM DIA E CUMPRE ANTECIPA\u00c7\u00c3O SALARIAL - Blog do Farn\u00e9sio","isPartOf":{"@id":"https:\/\/blogdofarnesio.com.br\/#website"},"primaryImageOfPage":{"@id":"https:\/\/blogdofarnesio.com.br\/?p=217846#primaryimage"},"image":{"@id":"https:\/\/blogdofarnesio.com.br\/?p=217846#primaryimage"},"thumbnailUrl":"https:\/\/blogdofarnesio.com.br\/wp-content\/uploads\/2016\/12\/blogqsp-prefeitura-petrolina1.jpg","datePublished":"2018-12-28T17:00:05+00:00","breadcrumb":{"@id":"https:\/\/blogdofarnesio.com.br\/?p=217846#breadcrumb"},"inLanguage":"pt-BR","potentialAction":[{"@type":"ReadAction","target":["https:\/\/blogdofarnesio.com.br\/?p=217846"]}]},{"@type":"ImageObject","inLanguage":"pt-BR","@id":"https:\/\/blogdofarnesio.com.br\/?p=217846#primaryimage","url":"https:\/\/blogdofarnesio.com.br\/wp-content\/uploads\/2016\/12\/blogqsp-prefeitura-petrolina1.jpg","contentUrl":"https:\/\/blogdofarnesio.com.br\/wp-content\/uploads\/2016\/12\/blogqsp-prefeitura-petrolina1.jpg","width":692,"height":519,"caption":"Prefeitura de Petrolina-Pe Foto Farn\u00e9sio Silva"},{"@type":"BreadcrumbList","@id":"https:\/\/blogdofarnesio.com.br\/?p=217846#breadcrumb","itemListElement":[{"@type":"ListItem","position":1,"name":"In\u00edcio","item":"https:\/\/blogdofarnesio.com.br\/"},{"@type":"ListItem","position":2,"name":"COM GEST\u00c3O EFICIENTE, PREFEITURA DE PETROLINA FECHA ANO COM AS CONTAS EM DIA E CUMPRE ANTECIPA\u00c7\u00c3O SALARIAL"}]},{"@type":"WebSite","@id":"https:\/\/blogdofarnesio.com.br\/#website","url":"https:\/\/blogdofarnesio.com.br\/","name":"Blog do Farn\u00e9sio","description":"Quer Saber Pol\u00edtica?","publisher":{"@id":"https:\/\/blogdofarnesio.com.br\/#organization"},"potentialAction":[{"@type":"SearchAction","target":{"@type":"EntryPoint","urlTemplate":"https:\/\/blogdofarnesio.com.br\/?s={search_term_string}"},"query-input":{"@type":"PropertyValueSpecification","valueRequired":true,"valueName":"search_term_string"}}],"inLanguage":"pt-BR"},{"@type":"Organization","@id":"https:\/\/blogdofarnesio.com.br\/#organization","name":"Blog do Farn\u00e9sio","url":"https:\/\/blogdofarnesio.com.br\/","logo":{"@type":"ImageObject","inLanguage":"pt-BR","@id":"https:\/\/blogdofarnesio.com.br\/#\/schema\/logo\/image\/","url":"https:\/\/blogdofarnesio.com.br\/wp-content\/uploads\/2026\/03\/cropped-logo_new-1.png","contentUrl":"https:\/\/blogdofarnesio.com.br\/wp-content\/uploads\/2026\/03\/cropped-logo_new-1.png","width":881,"height":685,"caption":"Blog do Farn\u00e9sio"},"image":{"@id":"https:\/\/blogdofarnesio.com.br\/#\/schema\/logo\/image\/"},"sameAs":["https:\/\/www.facebook.com\/BlogQuerSaberPolitica\/"]},{"@type":"Person","@id":"https:\/\/blogdofarnesio.com.br\/#\/schema\/person\/301c4acf522bccbfdb45af95b5b906a1","name":"Farn\u00e9sio","image":{"@type":"ImageObject","inLanguage":"pt-BR","@id":"https:\/\/secure.gravatar.com\/avatar\/df0c9a14567c056f8ad6876ba5bbd1e3e2c48023eb6807342fc4663adf549f38?s=96&d=mm&r=g","url":"https:\/\/secure.gravatar.com\/avatar\/df0c9a14567c056f8ad6876ba5bbd1e3e2c48023eb6807342fc4663adf549f38?s=96&d=mm&r=g","contentUrl":"https:\/\/secure.gravatar.com\/avatar\/df0c9a14567c056f8ad6876ba5bbd1e3e2c48023eb6807342fc4663adf549f38?s=96&d=mm&r=g","caption":"Farn\u00e9sio"},"sameAs":["https:\/\/quersaberpolitica.com.br"],"url":"https:\/\/blogdofarnesio.com.br\/?author=1"}]}},"_links":{"self":[{"href":"https:\/\/blogdofarnesio.com.br\/index.php?rest_route=\/wp\/v2\/posts\/217846","targetHints":{"allow":["GET"]}}],"collection":[{"href":"https:\/\/blogdofarnesio.com.br\/index.php?rest_route=\/wp\/v2\/posts"}],"about":[{"href":"https:\/\/blogdofarnesio.com.br\/index.php?rest_route=\/wp\/v2\/types\/post"}],"author":[{"embeddable":true,"href":"https:\/\/blogdofarnesio.com.br\/index.php?rest_route=\/wp\/v2\/users\/1"}],"replies":[{"embeddable":true,"href":"https:\/\/blogdofarnesio.com.br\/index.php?rest_route=%2Fwp%2Fv2%2Fcomments&post=217846"}],"version-history":[{"count":0,"href":"https:\/\/blogdofarnesio.com.br\/index.php?rest_route=\/wp\/v2\/posts\/217846\/revisions"}],"wp:featuredmedia":[{"embeddable":true,"href":"https:\/\/blogdofarnesio.com.br\/index.php?rest_route=\/wp\/v2\/media\/152264"}],"wp:attachment":[{"href":"https:\/\/blogdofarnesio.com.br\/index.php?rest_route=%2Fwp%2Fv2%2Fmedia&parent=217846"}],"wp:term":[{"taxonomy":"category","embeddable":true,"href":"https:\/\/blogdofarnesio.com.br\/index.php?rest_route=%2Fwp%2Fv2%2Fcategories&post=217846"},{"taxonomy":"post_tag","embeddable":true,"href":"https:\/\/blogdofarnesio.com.br\/index.php?rest_route=%2Fwp%2Fv2%2Ftags&post=217846"}],"curies":[{"name":"wp","href":"https:\/\/api.w.org\/{rel}","templated":true}]}}