{"id":217833,"date":"2018-12-28T12:30:31","date_gmt":"2018-12-28T15:30:31","guid":{"rendered":"http:\/\/quersaberpolitica.com.br\/2016\/?p=217833"},"modified":"2018-12-28T09:43:14","modified_gmt":"2018-12-28T12:43:14","slug":"lucinha-mota-mae-que-nao-esmorece-na-busca-pelo-assassino-de-beatriz","status":"publish","type":"post","link":"https:\/\/blogdofarnesio.com.br\/?p=217833","title":{"rendered":"LUCINHA MOTA, M\u00c3E QUE N\u00c3O ESMORECE NA BUSCA PELO ASSASSINO DE BEATRIZ"},"content":{"rendered":"<div class=\"post-item__content-body content-body\">\n<p style=\"text-align: justify;\">A cena emblem\u00e1tica exp\u00f4s de forma dram\u00e1tica a luta de uma m\u00e3e que virou s\u00edmbolo de resist\u00eancia. Esgotada f\u00edsica e emocionalmente, a professora Lucinha Mota desmaiou em plena sede do Tribunal de Justi\u00e7a de Pernambuco (TJPE), no Recife, na sa\u00edda de um julgamento no dia 12 de dezembro deste ano.<\/p>\n<h5 style=\"text-align: justify;\"><strong>Clique\u00a0<a href=\"https:\/\/www.op9.com.br\/categoria\/perfis-2018\/\">aqui<\/a>\u00a0para ver a hist\u00f3ria de outros personagens de 2018 do Nordeste<\/strong><\/h5>\n<p style=\"text-align: justify;\">Na ocasi\u00e3o, uma decis\u00e3o de um grupo de desembargadores foi fundamental para o avan\u00e7o das investiga\u00e7\u00f5es sobre o homic\u00eddio de sua filha, Beatriz Mota, de apenas sete anos de idade, encontrada morta em Petrolina, no Sert\u00e3o pernambucano, em 2015. Envolto em mist\u00e9rio, o crime que chocou a cidade ainda n\u00e3o foi esclarecido, o que motivou uma luta incans\u00e1vel de Lucinha e de sua fam\u00edlia por justi\u00e7a.<\/p>\n<p style=\"text-align: justify;\">Em tr\u00eas anos, foram in\u00fameras as mobiliza\u00e7\u00f5es e cobran\u00e7as por respostas. Para chamar a aten\u00e7\u00e3o e pressionar os respons\u00e1veis pela investiga\u00e7\u00e3o, ela exigiu reuni\u00f5es, convocou a imprensa, fez protestos na rua. Nunca esmoreceu.<\/p>\n<p style=\"text-align: justify;\">No \u00faltimo deles, bloqueou por alguns minutos a rua em frente ao TJPE e, numa decis\u00e3o tomada neste dia, viu os desembargadores determinarem a pris\u00e3o de um ex-funcion\u00e1rio da escola onde o corpo da filha foi encontrado. Ele teria, segundo a Pol\u00edcia, apagado as imagens do circuito interno de c\u00e2meras que poderiam elucidar o crime. \u201cEu e Sandro (pai de Beatriz) dedicamos nossas vidas para buscar justi\u00e7a. N\u00e3o nos escondemos. N\u00e3o temos medo. Nada nos intimida. Doa a quem dor, seja quem for, iremos at\u00e9 as \u00faltimas consequ\u00eancias\u201d, desabafou.<\/p>\n<p>OP9<\/p>\n<\/div>\n<div class=\"container\">\n<div class=\"row\">\n<div class=\"d-none d-md-block col-12 no-padding align-items-center\">\n<div id=\"ad-desktop-sg-01\" class=\"ad ad-desktop ad-pe mg-bottom-xs no-padding\" data-google-query-id=\"CLf6p-TFwt8CFcq_swodFGcDpg\"><\/div>\n<\/div>\n<\/div>\n<\/div>\n","protected":false},"excerpt":{"rendered":"<p>A cena emblem\u00e1tica exp\u00f4s de forma dram\u00e1tica a luta de uma m\u00e3e que virou s\u00edmbolo de resist\u00eancia. Esgotada f\u00edsica e emocionalmente, a professora Lucinha Mota desmaiou em plena sede do Tribunal de Justi\u00e7a de Pernambuco (TJPE), no Recife, na sa\u00edda de um julgamento no dia 12 de dezembro deste ano. Clique\u00a0aqui\u00a0para ver a hist\u00f3ria de outros personagens de 2018 do Nordeste Na ocasi\u00e3o, uma decis\u00e3o de um grupo de desembargadores foi fundamental para o avan\u00e7o das investiga\u00e7\u00f5es sobre o homic\u00eddio de sua filha, Beatriz Mota, de apenas sete anos de idade, encontrada morta em Petrolina, no Sert\u00e3o pernambucano, em 2015. Envolto em mist\u00e9rio, o crime que chocou a cidade ainda n\u00e3o foi esclarecido, o que motivou uma luta incans\u00e1vel de&hellip; <\/p>\n","protected":false},"author":1,"featured_media":217834,"comment_status":"closed","ping_status":"closed","sticky":false,"template":"","format":"standard","meta":{"_acf_changed":false,"footnotes":""},"categories":[44],"tags":[],"class_list":["post-217833","post","type-post","status-publish","format-standard","has-post-thumbnail","hentry","category-administracao"],"acf":[],"yoast_head":"<!-- This site is optimized with the Yoast SEO plugin v27.4 - https:\/\/yoast.com\/product\/yoast-seo-wordpress\/ -->\n<title>LUCINHA MOTA, M\u00c3E QUE N\u00c3O ESMORECE NA BUSCA PELO ASSASSINO DE BEATRIZ - Blog do Farn\u00e9sio<\/title>\n<meta name=\"robots\" content=\"index, follow, max-snippet:-1, max-image-preview:large, max-video-preview:-1\" \/>\n<link rel=\"canonical\" href=\"https:\/\/blogdofarnesio.com.br\/?p=217833\" \/>\n<meta property=\"og:locale\" content=\"pt_BR\" \/>\n<meta property=\"og:type\" content=\"article\" \/>\n<meta property=\"og:title\" content=\"LUCINHA MOTA, M\u00c3E QUE N\u00c3O ESMORECE NA BUSCA PELO ASSASSINO DE BEATRIZ - Blog do Farn\u00e9sio\" \/>\n<meta property=\"og:description\" content=\"A cena emblem\u00e1tica exp\u00f4s de forma dram\u00e1tica a luta de uma m\u00e3e que virou s\u00edmbolo de resist\u00eancia. Esgotada f\u00edsica e emocionalmente, a professora Lucinha Mota desmaiou em plena sede do Tribunal de Justi\u00e7a de Pernambuco (TJPE), no Recife, na sa\u00edda de um julgamento no dia 12 de dezembro deste ano. Clique\u00a0aqui\u00a0para ver a hist\u00f3ria de outros personagens de 2018 do Nordeste Na ocasi\u00e3o, uma decis\u00e3o de um grupo de desembargadores foi fundamental para o avan\u00e7o das investiga\u00e7\u00f5es sobre o homic\u00eddio de sua filha, Beatriz Mota, de apenas sete anos de idade, encontrada morta em Petrolina, no Sert\u00e3o pernambucano, em 2015. Envolto em mist\u00e9rio, o crime que chocou a cidade ainda n\u00e3o foi esclarecido, o que motivou uma luta incans\u00e1vel de&hellip;\" \/>\n<meta property=\"og:url\" content=\"https:\/\/blogdofarnesio.com.br\/?p=217833\" \/>\n<meta property=\"og:site_name\" content=\"Blog do Farn\u00e9sio\" \/>\n<meta property=\"article:publisher\" content=\"https:\/\/www.facebook.com\/BlogQuerSaberPolitica\/\" \/>\n<meta property=\"article:published_time\" content=\"2018-12-28T15:30:31+00:00\" \/>\n<meta property=\"og:image\" content=\"https:\/\/blogdofarnesio.com.br\/wp-content\/uploads\/2018\/12\/BLOGQSP-LUCINHAMOTA.png\" \/>\n\t<meta property=\"og:image:width\" content=\"765\" \/>\n\t<meta property=\"og:image:height\" content=\"460\" \/>\n\t<meta property=\"og:image:type\" content=\"image\/png\" \/>\n<meta name=\"author\" content=\"Farn\u00e9sio\" \/>\n<meta name=\"twitter:card\" content=\"summary_large_image\" \/>\n<meta name=\"twitter:label1\" content=\"Escrito por\" \/>\n\t<meta name=\"twitter:data1\" content=\"Farn\u00e9sio\" \/>\n\t<meta name=\"twitter:label2\" content=\"Est. tempo de leitura\" \/>\n\t<meta name=\"twitter:data2\" content=\"1 minuto\" \/>\n<script type=\"application\/ld+json\" class=\"yoast-schema-graph\">{\"@context\":\"https:\\\/\\\/schema.org\",\"@graph\":[{\"@type\":\"Article\",\"@id\":\"https:\\\/\\\/blogdofarnesio.com.br\\\/?p=217833#article\",\"isPartOf\":{\"@id\":\"https:\\\/\\\/blogdofarnesio.com.br\\\/?p=217833\"},\"author\":{\"name\":\"Farn\u00e9sio\",\"@id\":\"https:\\\/\\\/blogdofarnesio.com.br\\\/#\\\/schema\\\/person\\\/301c4acf522bccbfdb45af95b5b906a1\"},\"headline\":\"LUCINHA MOTA, M\u00c3E QUE N\u00c3O ESMORECE NA BUSCA PELO ASSASSINO DE BEATRIZ\",\"datePublished\":\"2018-12-28T15:30:31+00:00\",\"mainEntityOfPage\":{\"@id\":\"https:\\\/\\\/blogdofarnesio.com.br\\\/?p=217833\"},\"wordCount\":301,\"publisher\":{\"@id\":\"https:\\\/\\\/blogdofarnesio.com.br\\\/#organization\"},\"image\":{\"@id\":\"https:\\\/\\\/blogdofarnesio.com.br\\\/?p=217833#primaryimage\"},\"thumbnailUrl\":\"https:\\\/\\\/blogdofarnesio.com.br\\\/wp-content\\\/uploads\\\/2018\\\/12\\\/BLOGQSP-LUCINHAMOTA.png\",\"articleSection\":[\"Administra\u00e7\u00e3o\"],\"inLanguage\":\"pt-BR\"},{\"@type\":\"WebPage\",\"@id\":\"https:\\\/\\\/blogdofarnesio.com.br\\\/?p=217833\",\"url\":\"https:\\\/\\\/blogdofarnesio.com.br\\\/?p=217833\",\"name\":\"LUCINHA MOTA, M\u00c3E QUE N\u00c3O ESMORECE NA BUSCA PELO ASSASSINO DE BEATRIZ - Blog do Farn\u00e9sio\",\"isPartOf\":{\"@id\":\"https:\\\/\\\/blogdofarnesio.com.br\\\/#website\"},\"primaryImageOfPage\":{\"@id\":\"https:\\\/\\\/blogdofarnesio.com.br\\\/?p=217833#primaryimage\"},\"image\":{\"@id\":\"https:\\\/\\\/blogdofarnesio.com.br\\\/?p=217833#primaryimage\"},\"thumbnailUrl\":\"https:\\\/\\\/blogdofarnesio.com.br\\\/wp-content\\\/uploads\\\/2018\\\/12\\\/BLOGQSP-LUCINHAMOTA.png\",\"datePublished\":\"2018-12-28T15:30:31+00:00\",\"breadcrumb\":{\"@id\":\"https:\\\/\\\/blogdofarnesio.com.br\\\/?p=217833#breadcrumb\"},\"inLanguage\":\"pt-BR\",\"potentialAction\":[{\"@type\":\"ReadAction\",\"target\":[\"https:\\\/\\\/blogdofarnesio.com.br\\\/?p=217833\"]}]},{\"@type\":\"ImageObject\",\"inLanguage\":\"pt-BR\",\"@id\":\"https:\\\/\\\/blogdofarnesio.com.br\\\/?p=217833#primaryimage\",\"url\":\"https:\\\/\\\/blogdofarnesio.com.br\\\/wp-content\\\/uploads\\\/2018\\\/12\\\/BLOGQSP-LUCINHAMOTA.png\",\"contentUrl\":\"https:\\\/\\\/blogdofarnesio.com.br\\\/wp-content\\\/uploads\\\/2018\\\/12\\\/BLOGQSP-LUCINHAMOTA.png\",\"width\":765,\"height\":460},{\"@type\":\"BreadcrumbList\",\"@id\":\"https:\\\/\\\/blogdofarnesio.com.br\\\/?p=217833#breadcrumb\",\"itemListElement\":[{\"@type\":\"ListItem\",\"position\":1,\"name\":\"In\u00edcio\",\"item\":\"https:\\\/\\\/blogdofarnesio.com.br\\\/\"},{\"@type\":\"ListItem\",\"position\":2,\"name\":\"LUCINHA MOTA, M\u00c3E QUE N\u00c3O ESMORECE NA BUSCA PELO ASSASSINO DE BEATRIZ\"}]},{\"@type\":\"WebSite\",\"@id\":\"https:\\\/\\\/blogdofarnesio.com.br\\\/#website\",\"url\":\"https:\\\/\\\/blogdofarnesio.com.br\\\/\",\"name\":\"Blog do Farn\u00e9sio\",\"description\":\"Quer Saber Pol\u00edtica?\",\"publisher\":{\"@id\":\"https:\\\/\\\/blogdofarnesio.com.br\\\/#organization\"},\"potentialAction\":[{\"@type\":\"SearchAction\",\"target\":{\"@type\":\"EntryPoint\",\"urlTemplate\":\"https:\\\/\\\/blogdofarnesio.com.br\\\/?s={search_term_string}\"},\"query-input\":{\"@type\":\"PropertyValueSpecification\",\"valueRequired\":true,\"valueName\":\"search_term_string\"}}],\"inLanguage\":\"pt-BR\"},{\"@type\":\"Organization\",\"@id\":\"https:\\\/\\\/blogdofarnesio.com.br\\\/#organization\",\"name\":\"Blog do Farn\u00e9sio\",\"url\":\"https:\\\/\\\/blogdofarnesio.com.br\\\/\",\"logo\":{\"@type\":\"ImageObject\",\"inLanguage\":\"pt-BR\",\"@id\":\"https:\\\/\\\/blogdofarnesio.com.br\\\/#\\\/schema\\\/logo\\\/image\\\/\",\"url\":\"https:\\\/\\\/blogdofarnesio.com.br\\\/wp-content\\\/uploads\\\/2026\\\/03\\\/cropped-logo_new-1.png\",\"contentUrl\":\"https:\\\/\\\/blogdofarnesio.com.br\\\/wp-content\\\/uploads\\\/2026\\\/03\\\/cropped-logo_new-1.png\",\"width\":881,\"height\":685,\"caption\":\"Blog do Farn\u00e9sio\"},\"image\":{\"@id\":\"https:\\\/\\\/blogdofarnesio.com.br\\\/#\\\/schema\\\/logo\\\/image\\\/\"},\"sameAs\":[\"https:\\\/\\\/www.facebook.com\\\/BlogQuerSaberPolitica\\\/\"]},{\"@type\":\"Person\",\"@id\":\"https:\\\/\\\/blogdofarnesio.com.br\\\/#\\\/schema\\\/person\\\/301c4acf522bccbfdb45af95b5b906a1\",\"name\":\"Farn\u00e9sio\",\"image\":{\"@type\":\"ImageObject\",\"inLanguage\":\"pt-BR\",\"@id\":\"https:\\\/\\\/secure.gravatar.com\\\/avatar\\\/df0c9a14567c056f8ad6876ba5bbd1e3e2c48023eb6807342fc4663adf549f38?s=96&d=mm&r=g\",\"url\":\"https:\\\/\\\/secure.gravatar.com\\\/avatar\\\/df0c9a14567c056f8ad6876ba5bbd1e3e2c48023eb6807342fc4663adf549f38?s=96&d=mm&r=g\",\"contentUrl\":\"https:\\\/\\\/secure.gravatar.com\\\/avatar\\\/df0c9a14567c056f8ad6876ba5bbd1e3e2c48023eb6807342fc4663adf549f38?s=96&d=mm&r=g\",\"caption\":\"Farn\u00e9sio\"},\"sameAs\":[\"https:\\\/\\\/quersaberpolitica.com.br\"],\"url\":\"https:\\\/\\\/blogdofarnesio.com.br\\\/?author=1\"}]}<\/script>\n<!-- \/ Yoast SEO plugin. -->","yoast_head_json":{"title":"LUCINHA MOTA, M\u00c3E QUE N\u00c3O ESMORECE NA BUSCA PELO ASSASSINO DE BEATRIZ - Blog do Farn\u00e9sio","robots":{"index":"index","follow":"follow","max-snippet":"max-snippet:-1","max-image-preview":"max-image-preview:large","max-video-preview":"max-video-preview:-1"},"canonical":"https:\/\/blogdofarnesio.com.br\/?p=217833","og_locale":"pt_BR","og_type":"article","og_title":"LUCINHA MOTA, M\u00c3E QUE N\u00c3O ESMORECE NA BUSCA PELO ASSASSINO DE BEATRIZ - Blog do Farn\u00e9sio","og_description":"A cena emblem\u00e1tica exp\u00f4s de forma dram\u00e1tica a luta de uma m\u00e3e que virou s\u00edmbolo de resist\u00eancia. Esgotada f\u00edsica e emocionalmente, a professora Lucinha Mota desmaiou em plena sede do Tribunal de Justi\u00e7a de Pernambuco (TJPE), no Recife, na sa\u00edda de um julgamento no dia 12 de dezembro deste ano. Clique\u00a0aqui\u00a0para ver a hist\u00f3ria de outros personagens de 2018 do Nordeste Na ocasi\u00e3o, uma decis\u00e3o de um grupo de desembargadores foi fundamental para o avan\u00e7o das investiga\u00e7\u00f5es sobre o homic\u00eddio de sua filha, Beatriz Mota, de apenas sete anos de idade, encontrada morta em Petrolina, no Sert\u00e3o pernambucano, em 2015. Envolto em mist\u00e9rio, o crime que chocou a cidade ainda n\u00e3o foi esclarecido, o que motivou uma luta incans\u00e1vel de&hellip;","og_url":"https:\/\/blogdofarnesio.com.br\/?p=217833","og_site_name":"Blog do Farn\u00e9sio","article_publisher":"https:\/\/www.facebook.com\/BlogQuerSaberPolitica\/","article_published_time":"2018-12-28T15:30:31+00:00","og_image":[{"width":765,"height":460,"url":"https:\/\/blogdofarnesio.com.br\/wp-content\/uploads\/2018\/12\/BLOGQSP-LUCINHAMOTA.png","type":"image\/png"}],"author":"Farn\u00e9sio","twitter_card":"summary_large_image","twitter_misc":{"Escrito por":"Farn\u00e9sio","Est. tempo de leitura":"1 minuto"},"schema":{"@context":"https:\/\/schema.org","@graph":[{"@type":"Article","@id":"https:\/\/blogdofarnesio.com.br\/?p=217833#article","isPartOf":{"@id":"https:\/\/blogdofarnesio.com.br\/?p=217833"},"author":{"name":"Farn\u00e9sio","@id":"https:\/\/blogdofarnesio.com.br\/#\/schema\/person\/301c4acf522bccbfdb45af95b5b906a1"},"headline":"LUCINHA MOTA, M\u00c3E QUE N\u00c3O ESMORECE NA BUSCA PELO ASSASSINO DE BEATRIZ","datePublished":"2018-12-28T15:30:31+00:00","mainEntityOfPage":{"@id":"https:\/\/blogdofarnesio.com.br\/?p=217833"},"wordCount":301,"publisher":{"@id":"https:\/\/blogdofarnesio.com.br\/#organization"},"image":{"@id":"https:\/\/blogdofarnesio.com.br\/?p=217833#primaryimage"},"thumbnailUrl":"https:\/\/blogdofarnesio.com.br\/wp-content\/uploads\/2018\/12\/BLOGQSP-LUCINHAMOTA.png","articleSection":["Administra\u00e7\u00e3o"],"inLanguage":"pt-BR"},{"@type":"WebPage","@id":"https:\/\/blogdofarnesio.com.br\/?p=217833","url":"https:\/\/blogdofarnesio.com.br\/?p=217833","name":"LUCINHA MOTA, M\u00c3E QUE N\u00c3O ESMORECE NA BUSCA PELO ASSASSINO DE BEATRIZ - Blog do Farn\u00e9sio","isPartOf":{"@id":"https:\/\/blogdofarnesio.com.br\/#website"},"primaryImageOfPage":{"@id":"https:\/\/blogdofarnesio.com.br\/?p=217833#primaryimage"},"image":{"@id":"https:\/\/blogdofarnesio.com.br\/?p=217833#primaryimage"},"thumbnailUrl":"https:\/\/blogdofarnesio.com.br\/wp-content\/uploads\/2018\/12\/BLOGQSP-LUCINHAMOTA.png","datePublished":"2018-12-28T15:30:31+00:00","breadcrumb":{"@id":"https:\/\/blogdofarnesio.com.br\/?p=217833#breadcrumb"},"inLanguage":"pt-BR","potentialAction":[{"@type":"ReadAction","target":["https:\/\/blogdofarnesio.com.br\/?p=217833"]}]},{"@type":"ImageObject","inLanguage":"pt-BR","@id":"https:\/\/blogdofarnesio.com.br\/?p=217833#primaryimage","url":"https:\/\/blogdofarnesio.com.br\/wp-content\/uploads\/2018\/12\/BLOGQSP-LUCINHAMOTA.png","contentUrl":"https:\/\/blogdofarnesio.com.br\/wp-content\/uploads\/2018\/12\/BLOGQSP-LUCINHAMOTA.png","width":765,"height":460},{"@type":"BreadcrumbList","@id":"https:\/\/blogdofarnesio.com.br\/?p=217833#breadcrumb","itemListElement":[{"@type":"ListItem","position":1,"name":"In\u00edcio","item":"https:\/\/blogdofarnesio.com.br\/"},{"@type":"ListItem","position":2,"name":"LUCINHA MOTA, M\u00c3E QUE N\u00c3O ESMORECE NA BUSCA PELO ASSASSINO DE BEATRIZ"}]},{"@type":"WebSite","@id":"https:\/\/blogdofarnesio.com.br\/#website","url":"https:\/\/blogdofarnesio.com.br\/","name":"Blog do Farn\u00e9sio","description":"Quer Saber Pol\u00edtica?","publisher":{"@id":"https:\/\/blogdofarnesio.com.br\/#organization"},"potentialAction":[{"@type":"SearchAction","target":{"@type":"EntryPoint","urlTemplate":"https:\/\/blogdofarnesio.com.br\/?s={search_term_string}"},"query-input":{"@type":"PropertyValueSpecification","valueRequired":true,"valueName":"search_term_string"}}],"inLanguage":"pt-BR"},{"@type":"Organization","@id":"https:\/\/blogdofarnesio.com.br\/#organization","name":"Blog do Farn\u00e9sio","url":"https:\/\/blogdofarnesio.com.br\/","logo":{"@type":"ImageObject","inLanguage":"pt-BR","@id":"https:\/\/blogdofarnesio.com.br\/#\/schema\/logo\/image\/","url":"https:\/\/blogdofarnesio.com.br\/wp-content\/uploads\/2026\/03\/cropped-logo_new-1.png","contentUrl":"https:\/\/blogdofarnesio.com.br\/wp-content\/uploads\/2026\/03\/cropped-logo_new-1.png","width":881,"height":685,"caption":"Blog do Farn\u00e9sio"},"image":{"@id":"https:\/\/blogdofarnesio.com.br\/#\/schema\/logo\/image\/"},"sameAs":["https:\/\/www.facebook.com\/BlogQuerSaberPolitica\/"]},{"@type":"Person","@id":"https:\/\/blogdofarnesio.com.br\/#\/schema\/person\/301c4acf522bccbfdb45af95b5b906a1","name":"Farn\u00e9sio","image":{"@type":"ImageObject","inLanguage":"pt-BR","@id":"https:\/\/secure.gravatar.com\/avatar\/df0c9a14567c056f8ad6876ba5bbd1e3e2c48023eb6807342fc4663adf549f38?s=96&d=mm&r=g","url":"https:\/\/secure.gravatar.com\/avatar\/df0c9a14567c056f8ad6876ba5bbd1e3e2c48023eb6807342fc4663adf549f38?s=96&d=mm&r=g","contentUrl":"https:\/\/secure.gravatar.com\/avatar\/df0c9a14567c056f8ad6876ba5bbd1e3e2c48023eb6807342fc4663adf549f38?s=96&d=mm&r=g","caption":"Farn\u00e9sio"},"sameAs":["https:\/\/quersaberpolitica.com.br"],"url":"https:\/\/blogdofarnesio.com.br\/?author=1"}]}},"_links":{"self":[{"href":"https:\/\/blogdofarnesio.com.br\/index.php?rest_route=\/wp\/v2\/posts\/217833","targetHints":{"allow":["GET"]}}],"collection":[{"href":"https:\/\/blogdofarnesio.com.br\/index.php?rest_route=\/wp\/v2\/posts"}],"about":[{"href":"https:\/\/blogdofarnesio.com.br\/index.php?rest_route=\/wp\/v2\/types\/post"}],"author":[{"embeddable":true,"href":"https:\/\/blogdofarnesio.com.br\/index.php?rest_route=\/wp\/v2\/users\/1"}],"replies":[{"embeddable":true,"href":"https:\/\/blogdofarnesio.com.br\/index.php?rest_route=%2Fwp%2Fv2%2Fcomments&post=217833"}],"version-history":[{"count":0,"href":"https:\/\/blogdofarnesio.com.br\/index.php?rest_route=\/wp\/v2\/posts\/217833\/revisions"}],"wp:featuredmedia":[{"embeddable":true,"href":"https:\/\/blogdofarnesio.com.br\/index.php?rest_route=\/wp\/v2\/media\/217834"}],"wp:attachment":[{"href":"https:\/\/blogdofarnesio.com.br\/index.php?rest_route=%2Fwp%2Fv2%2Fmedia&parent=217833"}],"wp:term":[{"taxonomy":"category","embeddable":true,"href":"https:\/\/blogdofarnesio.com.br\/index.php?rest_route=%2Fwp%2Fv2%2Fcategories&post=217833"},{"taxonomy":"post_tag","embeddable":true,"href":"https:\/\/blogdofarnesio.com.br\/index.php?rest_route=%2Fwp%2Fv2%2Ftags&post=217833"}],"curies":[{"name":"wp","href":"https:\/\/api.w.org\/{rel}","templated":true}]}}