{"id":215771,"date":"2018-12-01T08:31:39","date_gmt":"2018-12-01T11:31:39","guid":{"rendered":"http:\/\/quersaberpolitica.com.br\/2016\/?p=215771"},"modified":"2018-11-30T18:47:55","modified_gmt":"2018-11-30T21:47:55","slug":"pt-se-divide-quanto-a-rumos-do-partido-apos-derrota-de-haddad","status":"publish","type":"post","link":"https:\/\/blogdofarnesio.com.br\/?p=215771","title":{"rendered":"PT SE DIVIDE QUANTO A RUMOS DO PARTIDO AP\u00d3S DERROTA DE HADDAD"},"content":{"rendered":"<div class=\"box-title\">\n<p>por <strong>Folhapress<\/strong> | Marina Dias<\/p>\n<\/div>\n<div class=\"box-body\" data-io-article-url=\"https:\/\/www.bahianoticias.com.br\/folha\/noticia\/21379-pt-se-divide-quanto-a-rumos-do-partido-apos-derrota-de-fernando-haddad.html\">\n<div class=\"text-descricao\">\n<p>Em reuni\u00e3o esvaziada nesta sexta-feira (30) em Bras\u00edlia, a c\u00fapula do PT entra em debate dividida quanto aos rumos do partido e a extens\u00e3o da autocr\u00edtica que deve ser feita ap\u00f3s a derrota na elei\u00e7\u00e3o presidencial.<\/p>\n<p>Com diverg\u00eancias que v\u00e3o desde a data do encontro do Diret\u00f3rio Nacional \u2014considerada prematura, somente um m\u00eas ap\u00f3s o segundo turno\u2014 at\u00e9 o progn\u00f3stico que deve ser adotado pela sigla frente ao governo Jair Bolsonaro (PSL), dirigentes ouvidos pela\u00a0reportagem avaliam que a resolu\u00e7\u00e3o desta semana deve ser incipiente e bastante t\u00edmida.<\/p>\n<p>Na opini\u00e3o desses petistas, era preciso mais tempo para decantar resultados e fazer um diagn\u00f3stico mais claro do novo cen\u00e1rio pol\u00edtico e, principalmente, sobre o papel que o PT vai ter na oposi\u00e7\u00e3o daqui para frente.<\/p>\n<p>O comando da legenda tem sido cobrado por correntes mais \u00e0 esquerda e tamb\u00e9m por aliados a fazer uma autocr\u00edtica alentada sobre os erros dos \u00faltimos anos, mas resiste em execut\u00e1-la de forma p\u00fablica.<\/p>\n<p>Sem a presen\u00e7a de Fernando Haddad (PT), que est\u00e1 nos Estados Unidos para debater o cen\u00e1rio pol\u00edtico do Brasil, o PT deve divulgar um texto final neste s\u00e1bado (1\u00ba) com avalia\u00e7\u00e3o do resultado eleitoral e as novas estrat\u00e9gias do partido.<\/p>\n<p>No encontro participam a presidente da sigla, Gleisi Hoffmann, o senador eleito pela Bahia, Jaques Wagner, a ex-presidente Dilma Rousseff, entre outros. O governador do Piau\u00ed, Wellington Dias, chegou ao local por volta das 9h30 desta sexta, mas saiu antes do in\u00edcio da reuni\u00e3o \u2014que atrasou quase uma hora e meia. As bancadas do PT na C\u00e2mara e no Senado tamb\u00e9m n\u00e3o tinham todos os seus integrantes presentes.<\/p>\n<p>Vers\u00e3o preliminar do documento obtida pela\u00a0reportagem tem 74 itens e cita a pol\u00edtica econ\u00f4mica liberal do governo Dilma a partir de 2015 e a perda de espa\u00e7o para o que chamam de\u00a0extrema direita como causas da derrota de outubro.<\/p>\n<p>Segundo o texto, que ainda deve sofrer altera\u00e7\u00f5es, o partido n\u00e3o soube combater a pecha de &#8220;corrupto&#8221; e frear a onda conservadora que conquistou &#8220;cora\u00e7\u00f5es e mentes&#8221; nos \u00faltimos anos.<\/p>\n<p>Petistas de diversas tend\u00eancias formaram uma comiss\u00e3o para a elabora\u00e7\u00e3o da carta e, portanto, ela \u00e9 considerada aglutinativa, e n\u00e3o final.\u00a0Setores mais \u00e0 esquerda do partido j\u00e1 apresentaram novos textos e emendas para serem costurados ao documento final, mas temem que ele fique gen\u00e9rico e pouco contundente.<\/p>\n<p>Acreditam, por exemplo,\u00a0que n\u00e3o \u00e9 suficiente se ater ao segundo mandato de Dilma \u2014que culminou no impeachment\u2014 como a causa de todos os problemas do PT e que \u00e9 preciso listar tamb\u00e9m erros da campanha de Haddad.<\/p>\n<p>Entre o primeiro e o segundo turno, petistas admitiram que foi um equ\u00edvoco menosprezar Bolsonaro de in\u00edcio e reclamaram dos chamados acenos ao centro que Haddad fez ao mercado e aos pol\u00edticos.<\/p>\n<p>No documento, s\u00e3o lembrados a redu\u00e7\u00e3o da presen\u00e7a do ex-presidente Lula na campanha e elimina\u00e7\u00e3o do programa de governo de bandeiras como o duplo mandato do Banco Central \u2014ao qual Haddad sempre foi contr\u00e1rio\u2014, al\u00e9m dos elogios \u00e0 Lava Jato feitos pelo ex-prefeito de S\u00e3o Paulo \u00e0s v\u00e9speras do segundo turno. Os pontos, por\u00e9m, ainda n\u00e3o s\u00e3o consensuais, e podem ficar de fora da carta final.<\/p>\n<p>De acordo com aliados, Gleisi \u00e9 uma das que querem pressa nos progn\u00f3sticos e avalia\u00e7\u00f5es. Ela j\u00e1 havia convocado uma reuni\u00e3o da Executiva Nacional do PT um dia ap\u00f3s o segundo turno, o que irritou dirigentes.<\/p>\n<p>Publicamente, Gleisi tem defendido Haddad como uma lideran\u00e7a do partido, mas em reuni\u00f5es internas faz cr\u00edticas \u00e0 condu\u00e7\u00e3o de sua campanha \u2014da qual ela participou pouco\u2014 e ao afastamento da legenda das bases.<\/p>\n<\/div>\n<\/div>\n","protected":false},"excerpt":{"rendered":"<p>por Folhapress | Marina Dias Em reuni\u00e3o esvaziada nesta sexta-feira (30) em Bras\u00edlia, a c\u00fapula do PT entra em debate dividida quanto aos rumos do partido e a extens\u00e3o da autocr\u00edtica que deve ser feita ap\u00f3s a derrota na elei\u00e7\u00e3o presidencial. Com diverg\u00eancias que v\u00e3o desde a data do encontro do Diret\u00f3rio Nacional \u2014considerada prematura, somente um m\u00eas ap\u00f3s o segundo turno\u2014 at\u00e9 o progn\u00f3stico que deve ser adotado pela sigla frente ao governo Jair Bolsonaro (PSL), dirigentes ouvidos pela\u00a0reportagem avaliam que a resolu\u00e7\u00e3o desta semana deve ser incipiente e bastante t\u00edmida. Na opini\u00e3o desses petistas, era preciso mais tempo para decantar resultados e fazer um diagn\u00f3stico mais claro do novo cen\u00e1rio pol\u00edtico e, principalmente, sobre o papel que o&hellip; <\/p>\n","protected":false},"author":1,"featured_media":153645,"comment_status":"closed","ping_status":"closed","sticky":false,"template":"","format":"standard","meta":{"_acf_changed":false,"footnotes":""},"categories":[1],"tags":[],"class_list":["post-215771","post","type-post","status-publish","format-standard","has-post-thumbnail","hentry","category-politica"],"acf":[],"yoast_head":"<!-- This site is optimized with the Yoast SEO plugin v27.4 - https:\/\/yoast.com\/product\/yoast-seo-wordpress\/ -->\n<title>PT SE DIVIDE QUANTO A RUMOS DO PARTIDO AP\u00d3S DERROTA DE HADDAD - Blog do Farn\u00e9sio<\/title>\n<meta name=\"robots\" content=\"index, follow, max-snippet:-1, max-image-preview:large, max-video-preview:-1\" \/>\n<link rel=\"canonical\" href=\"https:\/\/blogdofarnesio.com.br\/?p=215771\" \/>\n<meta property=\"og:locale\" content=\"pt_BR\" \/>\n<meta property=\"og:type\" content=\"article\" \/>\n<meta property=\"og:title\" content=\"PT SE DIVIDE QUANTO A RUMOS DO PARTIDO AP\u00d3S DERROTA DE HADDAD - Blog do Farn\u00e9sio\" \/>\n<meta property=\"og:description\" content=\"por Folhapress | Marina Dias Em reuni\u00e3o esvaziada nesta sexta-feira (30) em Bras\u00edlia, a c\u00fapula do PT entra em debate dividida quanto aos rumos do partido e a extens\u00e3o da autocr\u00edtica que deve ser feita ap\u00f3s a derrota na elei\u00e7\u00e3o presidencial. Com diverg\u00eancias que v\u00e3o desde a data do encontro do Diret\u00f3rio Nacional \u2014considerada prematura, somente um m\u00eas ap\u00f3s o segundo turno\u2014 at\u00e9 o progn\u00f3stico que deve ser adotado pela sigla frente ao governo Jair Bolsonaro (PSL), dirigentes ouvidos pela\u00a0reportagem avaliam que a resolu\u00e7\u00e3o desta semana deve ser incipiente e bastante t\u00edmida. Na opini\u00e3o desses petistas, era preciso mais tempo para decantar resultados e fazer um diagn\u00f3stico mais claro do novo cen\u00e1rio pol\u00edtico e, principalmente, sobre o papel que o&hellip;\" \/>\n<meta property=\"og:url\" content=\"https:\/\/blogdofarnesio.com.br\/?p=215771\" \/>\n<meta property=\"og:site_name\" content=\"Blog do Farn\u00e9sio\" \/>\n<meta property=\"article:publisher\" content=\"https:\/\/www.facebook.com\/BlogQuerSaberPolitica\/\" \/>\n<meta property=\"article:published_time\" content=\"2018-12-01T11:31:39+00:00\" \/>\n<meta property=\"og:image\" content=\"https:\/\/blogdofarnesio.com.br\/wp-content\/uploads\/2016\/12\/blogqsppt-e1525209241557.jpg\" \/>\n\t<meta property=\"og:image:width\" content=\"435\" \/>\n\t<meta property=\"og:image:height\" content=\"435\" \/>\n\t<meta property=\"og:image:type\" content=\"image\/jpeg\" \/>\n<meta name=\"author\" content=\"Farn\u00e9sio\" \/>\n<meta name=\"twitter:card\" content=\"summary_large_image\" \/>\n<meta name=\"twitter:label1\" content=\"Escrito por\" \/>\n\t<meta name=\"twitter:data1\" content=\"Farn\u00e9sio\" \/>\n\t<meta name=\"twitter:label2\" content=\"Est. tempo de leitura\" \/>\n\t<meta name=\"twitter:data2\" content=\"3 minutos\" \/>\n<script type=\"application\/ld+json\" class=\"yoast-schema-graph\">{\"@context\":\"https:\\\/\\\/schema.org\",\"@graph\":[{\"@type\":\"Article\",\"@id\":\"https:\\\/\\\/blogdofarnesio.com.br\\\/?p=215771#article\",\"isPartOf\":{\"@id\":\"https:\\\/\\\/blogdofarnesio.com.br\\\/?p=215771\"},\"author\":{\"name\":\"Farn\u00e9sio\",\"@id\":\"https:\\\/\\\/blogdofarnesio.com.br\\\/#\\\/schema\\\/person\\\/301c4acf522bccbfdb45af95b5b906a1\"},\"headline\":\"PT SE DIVIDE QUANTO A RUMOS DO PARTIDO AP\u00d3S DERROTA DE HADDAD\",\"datePublished\":\"2018-12-01T11:31:39+00:00\",\"mainEntityOfPage\":{\"@id\":\"https:\\\/\\\/blogdofarnesio.com.br\\\/?p=215771\"},\"wordCount\":666,\"publisher\":{\"@id\":\"https:\\\/\\\/blogdofarnesio.com.br\\\/#organization\"},\"image\":{\"@id\":\"https:\\\/\\\/blogdofarnesio.com.br\\\/?p=215771#primaryimage\"},\"thumbnailUrl\":\"https:\\\/\\\/blogdofarnesio.com.br\\\/wp-content\\\/uploads\\\/2016\\\/12\\\/blogqsppt-e1525209241557.jpg\",\"articleSection\":[\"Pol\u00edtica\"],\"inLanguage\":\"pt-BR\"},{\"@type\":\"WebPage\",\"@id\":\"https:\\\/\\\/blogdofarnesio.com.br\\\/?p=215771\",\"url\":\"https:\\\/\\\/blogdofarnesio.com.br\\\/?p=215771\",\"name\":\"PT SE DIVIDE QUANTO A RUMOS DO PARTIDO AP\u00d3S DERROTA DE HADDAD - Blog do Farn\u00e9sio\",\"isPartOf\":{\"@id\":\"https:\\\/\\\/blogdofarnesio.com.br\\\/#website\"},\"primaryImageOfPage\":{\"@id\":\"https:\\\/\\\/blogdofarnesio.com.br\\\/?p=215771#primaryimage\"},\"image\":{\"@id\":\"https:\\\/\\\/blogdofarnesio.com.br\\\/?p=215771#primaryimage\"},\"thumbnailUrl\":\"https:\\\/\\\/blogdofarnesio.com.br\\\/wp-content\\\/uploads\\\/2016\\\/12\\\/blogqsppt-e1525209241557.jpg\",\"datePublished\":\"2018-12-01T11:31:39+00:00\",\"breadcrumb\":{\"@id\":\"https:\\\/\\\/blogdofarnesio.com.br\\\/?p=215771#breadcrumb\"},\"inLanguage\":\"pt-BR\",\"potentialAction\":[{\"@type\":\"ReadAction\",\"target\":[\"https:\\\/\\\/blogdofarnesio.com.br\\\/?p=215771\"]}]},{\"@type\":\"ImageObject\",\"inLanguage\":\"pt-BR\",\"@id\":\"https:\\\/\\\/blogdofarnesio.com.br\\\/?p=215771#primaryimage\",\"url\":\"https:\\\/\\\/blogdofarnesio.com.br\\\/wp-content\\\/uploads\\\/2016\\\/12\\\/blogqsppt-e1525209241557.jpg\",\"contentUrl\":\"https:\\\/\\\/blogdofarnesio.com.br\\\/wp-content\\\/uploads\\\/2016\\\/12\\\/blogqsppt-e1525209241557.jpg\",\"width\":435,\"height\":435},{\"@type\":\"BreadcrumbList\",\"@id\":\"https:\\\/\\\/blogdofarnesio.com.br\\\/?p=215771#breadcrumb\",\"itemListElement\":[{\"@type\":\"ListItem\",\"position\":1,\"name\":\"In\u00edcio\",\"item\":\"https:\\\/\\\/blogdofarnesio.com.br\\\/\"},{\"@type\":\"ListItem\",\"position\":2,\"name\":\"PT SE DIVIDE QUANTO A RUMOS DO PARTIDO AP\u00d3S DERROTA DE HADDAD\"}]},{\"@type\":\"WebSite\",\"@id\":\"https:\\\/\\\/blogdofarnesio.com.br\\\/#website\",\"url\":\"https:\\\/\\\/blogdofarnesio.com.br\\\/\",\"name\":\"Blog do Farn\u00e9sio\",\"description\":\"Quer Saber Pol\u00edtica?\",\"publisher\":{\"@id\":\"https:\\\/\\\/blogdofarnesio.com.br\\\/#organization\"},\"potentialAction\":[{\"@type\":\"SearchAction\",\"target\":{\"@type\":\"EntryPoint\",\"urlTemplate\":\"https:\\\/\\\/blogdofarnesio.com.br\\\/?s={search_term_string}\"},\"query-input\":{\"@type\":\"PropertyValueSpecification\",\"valueRequired\":true,\"valueName\":\"search_term_string\"}}],\"inLanguage\":\"pt-BR\"},{\"@type\":\"Organization\",\"@id\":\"https:\\\/\\\/blogdofarnesio.com.br\\\/#organization\",\"name\":\"Blog do Farn\u00e9sio\",\"url\":\"https:\\\/\\\/blogdofarnesio.com.br\\\/\",\"logo\":{\"@type\":\"ImageObject\",\"inLanguage\":\"pt-BR\",\"@id\":\"https:\\\/\\\/blogdofarnesio.com.br\\\/#\\\/schema\\\/logo\\\/image\\\/\",\"url\":\"https:\\\/\\\/blogdofarnesio.com.br\\\/wp-content\\\/uploads\\\/2026\\\/03\\\/cropped-logo_new-1.png\",\"contentUrl\":\"https:\\\/\\\/blogdofarnesio.com.br\\\/wp-content\\\/uploads\\\/2026\\\/03\\\/cropped-logo_new-1.png\",\"width\":881,\"height\":685,\"caption\":\"Blog do Farn\u00e9sio\"},\"image\":{\"@id\":\"https:\\\/\\\/blogdofarnesio.com.br\\\/#\\\/schema\\\/logo\\\/image\\\/\"},\"sameAs\":[\"https:\\\/\\\/www.facebook.com\\\/BlogQuerSaberPolitica\\\/\"]},{\"@type\":\"Person\",\"@id\":\"https:\\\/\\\/blogdofarnesio.com.br\\\/#\\\/schema\\\/person\\\/301c4acf522bccbfdb45af95b5b906a1\",\"name\":\"Farn\u00e9sio\",\"image\":{\"@type\":\"ImageObject\",\"inLanguage\":\"pt-BR\",\"@id\":\"https:\\\/\\\/secure.gravatar.com\\\/avatar\\\/df0c9a14567c056f8ad6876ba5bbd1e3e2c48023eb6807342fc4663adf549f38?s=96&d=mm&r=g\",\"url\":\"https:\\\/\\\/secure.gravatar.com\\\/avatar\\\/df0c9a14567c056f8ad6876ba5bbd1e3e2c48023eb6807342fc4663adf549f38?s=96&d=mm&r=g\",\"contentUrl\":\"https:\\\/\\\/secure.gravatar.com\\\/avatar\\\/df0c9a14567c056f8ad6876ba5bbd1e3e2c48023eb6807342fc4663adf549f38?s=96&d=mm&r=g\",\"caption\":\"Farn\u00e9sio\"},\"sameAs\":[\"https:\\\/\\\/quersaberpolitica.com.br\"],\"url\":\"https:\\\/\\\/blogdofarnesio.com.br\\\/?author=1\"}]}<\/script>\n<!-- \/ Yoast SEO plugin. -->","yoast_head_json":{"title":"PT SE DIVIDE QUANTO A RUMOS DO PARTIDO AP\u00d3S DERROTA DE HADDAD - Blog do Farn\u00e9sio","robots":{"index":"index","follow":"follow","max-snippet":"max-snippet:-1","max-image-preview":"max-image-preview:large","max-video-preview":"max-video-preview:-1"},"canonical":"https:\/\/blogdofarnesio.com.br\/?p=215771","og_locale":"pt_BR","og_type":"article","og_title":"PT SE DIVIDE QUANTO A RUMOS DO PARTIDO AP\u00d3S DERROTA DE HADDAD - Blog do Farn\u00e9sio","og_description":"por Folhapress | Marina Dias Em reuni\u00e3o esvaziada nesta sexta-feira (30) em Bras\u00edlia, a c\u00fapula do PT entra em debate dividida quanto aos rumos do partido e a extens\u00e3o da autocr\u00edtica que deve ser feita ap\u00f3s a derrota na elei\u00e7\u00e3o presidencial. Com diverg\u00eancias que v\u00e3o desde a data do encontro do Diret\u00f3rio Nacional \u2014considerada prematura, somente um m\u00eas ap\u00f3s o segundo turno\u2014 at\u00e9 o progn\u00f3stico que deve ser adotado pela sigla frente ao governo Jair Bolsonaro (PSL), dirigentes ouvidos pela\u00a0reportagem avaliam que a resolu\u00e7\u00e3o desta semana deve ser incipiente e bastante t\u00edmida. Na opini\u00e3o desses petistas, era preciso mais tempo para decantar resultados e fazer um diagn\u00f3stico mais claro do novo cen\u00e1rio pol\u00edtico e, principalmente, sobre o papel que o&hellip;","og_url":"https:\/\/blogdofarnesio.com.br\/?p=215771","og_site_name":"Blog do Farn\u00e9sio","article_publisher":"https:\/\/www.facebook.com\/BlogQuerSaberPolitica\/","article_published_time":"2018-12-01T11:31:39+00:00","og_image":[{"width":435,"height":435,"url":"https:\/\/blogdofarnesio.com.br\/wp-content\/uploads\/2016\/12\/blogqsppt-e1525209241557.jpg","type":"image\/jpeg"}],"author":"Farn\u00e9sio","twitter_card":"summary_large_image","twitter_misc":{"Escrito por":"Farn\u00e9sio","Est. tempo de leitura":"3 minutos"},"schema":{"@context":"https:\/\/schema.org","@graph":[{"@type":"Article","@id":"https:\/\/blogdofarnesio.com.br\/?p=215771#article","isPartOf":{"@id":"https:\/\/blogdofarnesio.com.br\/?p=215771"},"author":{"name":"Farn\u00e9sio","@id":"https:\/\/blogdofarnesio.com.br\/#\/schema\/person\/301c4acf522bccbfdb45af95b5b906a1"},"headline":"PT SE DIVIDE QUANTO A RUMOS DO PARTIDO AP\u00d3S DERROTA DE HADDAD","datePublished":"2018-12-01T11:31:39+00:00","mainEntityOfPage":{"@id":"https:\/\/blogdofarnesio.com.br\/?p=215771"},"wordCount":666,"publisher":{"@id":"https:\/\/blogdofarnesio.com.br\/#organization"},"image":{"@id":"https:\/\/blogdofarnesio.com.br\/?p=215771#primaryimage"},"thumbnailUrl":"https:\/\/blogdofarnesio.com.br\/wp-content\/uploads\/2016\/12\/blogqsppt-e1525209241557.jpg","articleSection":["Pol\u00edtica"],"inLanguage":"pt-BR"},{"@type":"WebPage","@id":"https:\/\/blogdofarnesio.com.br\/?p=215771","url":"https:\/\/blogdofarnesio.com.br\/?p=215771","name":"PT SE DIVIDE QUANTO A RUMOS DO PARTIDO AP\u00d3S DERROTA DE HADDAD - Blog do Farn\u00e9sio","isPartOf":{"@id":"https:\/\/blogdofarnesio.com.br\/#website"},"primaryImageOfPage":{"@id":"https:\/\/blogdofarnesio.com.br\/?p=215771#primaryimage"},"image":{"@id":"https:\/\/blogdofarnesio.com.br\/?p=215771#primaryimage"},"thumbnailUrl":"https:\/\/blogdofarnesio.com.br\/wp-content\/uploads\/2016\/12\/blogqsppt-e1525209241557.jpg","datePublished":"2018-12-01T11:31:39+00:00","breadcrumb":{"@id":"https:\/\/blogdofarnesio.com.br\/?p=215771#breadcrumb"},"inLanguage":"pt-BR","potentialAction":[{"@type":"ReadAction","target":["https:\/\/blogdofarnesio.com.br\/?p=215771"]}]},{"@type":"ImageObject","inLanguage":"pt-BR","@id":"https:\/\/blogdofarnesio.com.br\/?p=215771#primaryimage","url":"https:\/\/blogdofarnesio.com.br\/wp-content\/uploads\/2016\/12\/blogqsppt-e1525209241557.jpg","contentUrl":"https:\/\/blogdofarnesio.com.br\/wp-content\/uploads\/2016\/12\/blogqsppt-e1525209241557.jpg","width":435,"height":435},{"@type":"BreadcrumbList","@id":"https:\/\/blogdofarnesio.com.br\/?p=215771#breadcrumb","itemListElement":[{"@type":"ListItem","position":1,"name":"In\u00edcio","item":"https:\/\/blogdofarnesio.com.br\/"},{"@type":"ListItem","position":2,"name":"PT SE DIVIDE QUANTO A RUMOS DO PARTIDO AP\u00d3S DERROTA DE HADDAD"}]},{"@type":"WebSite","@id":"https:\/\/blogdofarnesio.com.br\/#website","url":"https:\/\/blogdofarnesio.com.br\/","name":"Blog do Farn\u00e9sio","description":"Quer Saber Pol\u00edtica?","publisher":{"@id":"https:\/\/blogdofarnesio.com.br\/#organization"},"potentialAction":[{"@type":"SearchAction","target":{"@type":"EntryPoint","urlTemplate":"https:\/\/blogdofarnesio.com.br\/?s={search_term_string}"},"query-input":{"@type":"PropertyValueSpecification","valueRequired":true,"valueName":"search_term_string"}}],"inLanguage":"pt-BR"},{"@type":"Organization","@id":"https:\/\/blogdofarnesio.com.br\/#organization","name":"Blog do Farn\u00e9sio","url":"https:\/\/blogdofarnesio.com.br\/","logo":{"@type":"ImageObject","inLanguage":"pt-BR","@id":"https:\/\/blogdofarnesio.com.br\/#\/schema\/logo\/image\/","url":"https:\/\/blogdofarnesio.com.br\/wp-content\/uploads\/2026\/03\/cropped-logo_new-1.png","contentUrl":"https:\/\/blogdofarnesio.com.br\/wp-content\/uploads\/2026\/03\/cropped-logo_new-1.png","width":881,"height":685,"caption":"Blog do Farn\u00e9sio"},"image":{"@id":"https:\/\/blogdofarnesio.com.br\/#\/schema\/logo\/image\/"},"sameAs":["https:\/\/www.facebook.com\/BlogQuerSaberPolitica\/"]},{"@type":"Person","@id":"https:\/\/blogdofarnesio.com.br\/#\/schema\/person\/301c4acf522bccbfdb45af95b5b906a1","name":"Farn\u00e9sio","image":{"@type":"ImageObject","inLanguage":"pt-BR","@id":"https:\/\/secure.gravatar.com\/avatar\/df0c9a14567c056f8ad6876ba5bbd1e3e2c48023eb6807342fc4663adf549f38?s=96&d=mm&r=g","url":"https:\/\/secure.gravatar.com\/avatar\/df0c9a14567c056f8ad6876ba5bbd1e3e2c48023eb6807342fc4663adf549f38?s=96&d=mm&r=g","contentUrl":"https:\/\/secure.gravatar.com\/avatar\/df0c9a14567c056f8ad6876ba5bbd1e3e2c48023eb6807342fc4663adf549f38?s=96&d=mm&r=g","caption":"Farn\u00e9sio"},"sameAs":["https:\/\/quersaberpolitica.com.br"],"url":"https:\/\/blogdofarnesio.com.br\/?author=1"}]}},"_links":{"self":[{"href":"https:\/\/blogdofarnesio.com.br\/index.php?rest_route=\/wp\/v2\/posts\/215771","targetHints":{"allow":["GET"]}}],"collection":[{"href":"https:\/\/blogdofarnesio.com.br\/index.php?rest_route=\/wp\/v2\/posts"}],"about":[{"href":"https:\/\/blogdofarnesio.com.br\/index.php?rest_route=\/wp\/v2\/types\/post"}],"author":[{"embeddable":true,"href":"https:\/\/blogdofarnesio.com.br\/index.php?rest_route=\/wp\/v2\/users\/1"}],"replies":[{"embeddable":true,"href":"https:\/\/blogdofarnesio.com.br\/index.php?rest_route=%2Fwp%2Fv2%2Fcomments&post=215771"}],"version-history":[{"count":0,"href":"https:\/\/blogdofarnesio.com.br\/index.php?rest_route=\/wp\/v2\/posts\/215771\/revisions"}],"wp:featuredmedia":[{"embeddable":true,"href":"https:\/\/blogdofarnesio.com.br\/index.php?rest_route=\/wp\/v2\/media\/153645"}],"wp:attachment":[{"href":"https:\/\/blogdofarnesio.com.br\/index.php?rest_route=%2Fwp%2Fv2%2Fmedia&parent=215771"}],"wp:term":[{"taxonomy":"category","embeddable":true,"href":"https:\/\/blogdofarnesio.com.br\/index.php?rest_route=%2Fwp%2Fv2%2Fcategories&post=215771"},{"taxonomy":"post_tag","embeddable":true,"href":"https:\/\/blogdofarnesio.com.br\/index.php?rest_route=%2Fwp%2Fv2%2Ftags&post=215771"}],"curies":[{"name":"wp","href":"https:\/\/api.w.org\/{rel}","templated":true}]}}