{"id":215762,"date":"2018-11-30T17:33:34","date_gmt":"2018-11-30T20:33:34","guid":{"rendered":"http:\/\/quersaberpolitica.com.br\/2016\/?p=215762"},"modified":"2018-11-30T15:50:15","modified_gmt":"2018-11-30T18:50:15","slug":"aviao-de-pequeno-porte-cai-em-sao-paulo-atinge-casas-carros-e-pessoas","status":"publish","type":"post","link":"https:\/\/blogdofarnesio.com.br\/?p=215762","title":{"rendered":"AVI\u00c3O DE PEQUENO PORTE CAI EM S\u00c3O PAULO, ATINGE CASAS, CARROS E PESSOAS"},"content":{"rendered":"<div class=\"row content-head non-featured\">\n<div class=\"title\">\n<h1 class=\"content-head__title\">Houve ao menos seis v\u00edtimas e n\u00e3o h\u00e1 informa\u00e7\u00e3o sobre mortos.<\/h1>\n<\/div>\n<\/div>\n<div class=\"content__signa-share\">\n<div class=\"content__signature\">\n<div class=\"content-publication-data\">\n<div class=\"content-publication-data__text\">\n<p class=\"content-publication-data__from\" title=\"G1, GloboNews e TV Globo\">Por G1, GloboNews e TV Globo<\/p>\n<\/div>\n<\/div>\n<\/div>\n<\/div>\n<div class=\"mc-article-body\">\n<article>\n<div class=\"mc-column content-text active-extra-styles active-capital-letter\" data-block-type=\"unstyled\" data-block-weight=\"36\" data-block-id=\"2\">\n<p class=\"content-text__container theme-color-primary-first-letter\" data-track-category=\"Link no Texto\" data-track-links=\"\">Uma aeronave caiu na tarde desta sexta-feira (30) na Zona Norte de S\u00e3o Paulo. Houve ao menos seis v\u00edtimas e n\u00e3o h\u00e1 informa\u00e7\u00e3o sobre mortos. O chamado para o resgate foi recebido pelos bombeiros \u00e0s 15h58.<\/p>\n<\/div>\n<div class=\"wall protected-content\">\n<div class=\"mc-column content-text active-extra-styles \" data-block-type=\"unstyled\" data-block-weight=\"43\" data-block-id=\"3\">\n<p class=\"content-text__container \" data-track-category=\"Link no Texto\" data-track-links=\"\">A queda foi em uma \u00e1rea residencial perto do Aeroporto Campo de Marte, terminal que opera voos executivos. Casas e ve\u00edculos que estavam na rua onde a aeronave caiu tamb\u00e9m foram atingidos. O fogo chegou a se alastrar pelo asfato. (<strong>veja v\u00eddeo abaixo<\/strong>)<\/p>\n<\/div>\n<div class=\"mc-column content-text active-extra-styles \" data-block-type=\"unstyled\" data-block-weight=\"17\" data-block-id=\"4\">\n<p class=\"content-text__container \" data-track-category=\"Link no Texto\" data-track-links=\"\">Bombeiros informaram que as seis v\u00edtimas que estavam sendo atendidas tiveram queimaduras de primeiro e segundo grau.<\/p>\n<\/div>\n<div class=\"mc-column content-media content-video\" data-block-type=\"backstage-video\" data-block-id=\"5\">\n<div class=\"content-media__container content-media__container--loaded\">\n<div class=\"content-video__video\">\n<div id=\"wp3-player-2\" class=\"clappr-player\" tabindex=\"9999\" data-player=\"\">\n<div class=\"media-control media-control-hide\">\n<div class=\"media-control-panel\">\n<div class=\"media-control-panel__upper\">\n<div class=\"opposites-container\">\n<div class=\"media-control-position__left\">\n<div class=\"video-info media-control-element video-info--inline  video-info--hidden\" data-video-info=\"\">\n<div class=\"video-info__data\">\n<div class=\"video-info__data-title\">V\u00eddeo mostra inc\u00eandio causado por queda de avi\u00e3o na Zona Norte de SP<\/div>\n<div class=\"video-info__data-program\">G1 SP<\/div>\n<\/div>\n<\/div>\n<\/div>\n<\/div>\n<\/div>\n<\/div>\n<\/div>\n<\/div>\n<\/div>\n<div class=\"content-video__height\"><\/div>\n<div class=\"content-video__placeholder\" data-video-id=\"7199966\"><img loading=\"lazy\" decoding=\"async\" class=\"content-video__placeholder__thumb aligncenter\" title=\"V\u00eddeo mostra inc\u00eandio causado por queda de avi\u00e3o na Zona Norte de SP\" src=\"https:\/\/s03.video.glbimg.com\/x720\/7199966.jpg\" alt=\"V\u00eddeo mostra inc\u00eandio causado por queda de avi\u00e3o na Zona Norte de SP\" width=\"531\" height=\"301\" \/><\/div>\n<\/div>\n<p class=\"content-media__description\">V\u00eddeo mostra inc\u00eandio causado por queda de avi\u00e3o na Zona Norte de SP<\/p>\n<\/div>\n<div class=\"mc-column content-text active-extra-styles\" data-block-type=\"raw\" data-block-weight=\"4\" data-block-id=\"6\">\n<div class=\"content-intertitle\">\n<h2>Casas e carros atingidos<\/h2>\n<\/div>\n<\/div>\n<div class=\"mc-column content-text active-extra-styles \" data-block-type=\"unstyled\" data-block-weight=\"41\" data-block-id=\"7\">\n<p class=\"content-text__container \" data-track-category=\"Link no Texto\" data-track-links=\"\">Ao menos tr\u00eas casas foram atingidas, sendo uma delas um sobrado. Houve fogo no local. Ao menos 10 viaturas dos bombeiros foram enviadas para o resgate. N\u00e3o h\u00e1 informa\u00e7\u00f5es sobre as v\u00edtimas, se estavam no avi\u00e3o ou no local da queda.<\/p>\n<\/div>\n<div class=\"row medium-uncollapsed content-media content-photo\" data-block-type=\"backstage-photo\" data-block-id=\"8\">\n<div class=\"mc-column content-media__container\">\n<div class=\"progressive-img can-open-lightbox\" data-min-size=\"1008x631\" data-min-size-url=\"https:\/\/s2.glbimg.com\/dkuWfdxon265kuRYOUwsRb6E67A=\/0x0:1700x1065\/1008x0\/smart\/filters:strip_icc()\/i.s3.glbimg.com\/v1\/AUTH_59edd422c0c84a879bd37670ae4f538a\/internal_photos\/bs\/2018\/A\/M\/LD91nPQlCFnLmLFxvhiw\/queda.jpg\" data-max-size=\"1600x1002\" data-max-size-url=\"https:\/\/s2.glbimg.com\/YWfdMaRQovDG0iky1hfi4ULuMOA=\/0x0:1700x1065\/1600x0\/smart\/filters:strip_icc()\/i.s3.glbimg.com\/v1\/AUTH_59edd422c0c84a879bd37670ae4f538a\/internal_photos\/bs\/2018\/A\/M\/LD91nPQlCFnLmLFxvhiw\/queda.jpg\" data-media-index=\"0\"><img decoding=\"async\" class=\"progressive-draft\" title=\"Fogo ap\u00f3s queda de aeronave na Zona Norte de S\u00e3o Paulo \u2014 Foto: Daniel Rodrigues\/TV Globo\" src=\"data:image\/jpeg;base64,\/9j\/4AAQSkZJRgABAQAAAQABAAD\/2wBDAAMCAgMCAgMDAwMEAwMEBQgFBQQEBQoHBwYIDAoMDAsKCwsNDhIQDQ4RDgsLEBYQERMUFRUVDA8XGBYUGBIUFRT\/2wBDAQMEBAUEBQkFBQkUDQsNFBQUFBQUFBQUFBQUFBQUFBQUFBQUFBQUFBQUFBQUFBQUFBQUFBQUFBQUFBQUFBQUFBT\/wgARCAAQABkDASIAAhEBAxEB\/8QAGAABAAMBAAAAAAAAAAAAAAAABwIEBQb\/xAAVAQEBAAAAAAAAAAAAAAAAAAAAA\/\/aAAwDAQACEAMQAAABw0cV6IcK4xCdf\/\/EABwQAAIDAAMBAAAAAAAAAAAAAAIEAAEDBQYVFv\/aAAgBAQABBQJ8ciy6\/wA\/maN9kTCfW5RJkayVOpXMgvfvKz\/\/xAAXEQEBAQEAAAAAAAAAAAAAAAABAAIR\/9oACAEDAQE\/AeRlb\/\/EABcRAQADAAAAAAAAAAAAAAAAAAABETH\/2gAIAQIBAT8BjFP\/xAAnEAABAwEECwAAAAAAAAAAAAACAAERIQMSM0EEEyIxUnFykpPB0f\/aAAgBAQAGPwIXDaLiQBpJDrgpQcslQ5fpdYVp2srG8Uy25X7MDfkHtOJi5RQmOBeVhP5G+L\/\/xAAgEAACAgIABwAAAAAAAAAAAAABEQAxIUEQUbHB0fDx\/9oACAEBAAE\/ISxBIYQOBZI1tiNlA1m6T1zvCWUloWz5iZL0br5aTRzxZsv5wq\/\/2gAMAwEAAgADAAAAEJe\/\/8QAGBEBAAMBAAAAAAAAAAAAAAAAAQARIZH\/2gAIAQMBAT8QVdsOzOT\/xAAXEQEBAQEAAAAAAAAAAAAAAAABEQAh\/9oACAECAQE\/EIYyL03\/xAAdEAEBAAIDAQEBAAAAAAAAAAABESExAEFREIGR\/9oACAEBAAE\/EHMRrLUFoa9\/eIN1YiAERFmLt75vYcKJDQ4VsD35BrynwitENAhnrjkzQJQdoP4Z7x3WLtiQqumdsGfiz\/\/Z\" alt=\"Fogo ap\u00f3s queda de aeronave na Zona Norte de S\u00e3o Paulo \u2014 Foto: Daniel Rodrigues\/TV Globo\" \/><picture><source srcset=\"https:\/\/s2.glbimg.com\/LD4LBNUNIHuxmKOu9xLvZbY7kcY=\/0x0:1700x1065\/600x0\/smart\/filters:strip_icc()\/i.s3.glbimg.com\/v1\/AUTH_59edd422c0c84a879bd37670ae4f538a\/internal_photos\/bs\/2018\/A\/M\/LD91nPQlCFnLmLFxvhiw\/queda.jpg 1x, https:\/\/s2.glbimg.com\/L_vPARbu_PTrYo1BXTf9Zc6fpRg=\/0x0:1700x1065\/1200x0\/smart\/filters:strip_icc()\/i.s3.glbimg.com\/v1\/AUTH_59edd422c0c84a879bd37670ae4f538a\/internal_photos\/bs\/2018\/A\/M\/LD91nPQlCFnLmLFxvhiw\/queda.jpg 2x\" media=\"(max-width: 1024px)\" data-src=\"https:\/\/s2.glbimg.com\/LD4LBNUNIHuxmKOu9xLvZbY7kcY=\/0x0:1700x1065\/600x0\/smart\/filters:strip_icc()\/i.s3.glbimg.com\/v1\/AUTH_59edd422c0c84a879bd37670ae4f538a\/internal_photos\/bs\/2018\/A\/M\/LD91nPQlCFnLmLFxvhiw\/queda.jpg 1x, https:\/\/s2.glbimg.com\/L_vPARbu_PTrYo1BXTf9Zc6fpRg=\/0x0:1700x1065\/1200x0\/smart\/filters:strip_icc()\/i.s3.glbimg.com\/v1\/AUTH_59edd422c0c84a879bd37670ae4f538a\/internal_photos\/bs\/2018\/A\/M\/LD91nPQlCFnLmLFxvhiw\/queda.jpg 2x\" \/><source srcset=\"https:\/\/s2.glbimg.com\/mQEIjGDKbq9_koVsS7yVP-vq7Rw=\/0x0:1700x1065\/640x0\/smart\/filters:strip_icc()\/i.s3.glbimg.com\/v1\/AUTH_59edd422c0c84a879bd37670ae4f538a\/internal_photos\/bs\/2018\/A\/M\/LD91nPQlCFnLmLFxvhiw\/queda.jpg 1x, https:\/\/s2.glbimg.com\/95aXLAg2IU7l5Mk_OAp5o-61PpU=\/0x0:1700x1065\/1280x0\/smart\/filters:strip_icc()\/i.s3.glbimg.com\/v1\/AUTH_59edd422c0c84a879bd37670ae4f538a\/internal_photos\/bs\/2018\/A\/M\/LD91nPQlCFnLmLFxvhiw\/queda.jpg 2x\" media=\"(max-width: 1280px)\" data-src=\"https:\/\/s2.glbimg.com\/mQEIjGDKbq9_koVsS7yVP-vq7Rw=\/0x0:1700x1065\/640x0\/smart\/filters:strip_icc()\/i.s3.glbimg.com\/v1\/AUTH_59edd422c0c84a879bd37670ae4f538a\/internal_photos\/bs\/2018\/A\/M\/LD91nPQlCFnLmLFxvhiw\/queda.jpg 1x, https:\/\/s2.glbimg.com\/95aXLAg2IU7l5Mk_OAp5o-61PpU=\/0x0:1700x1065\/1280x0\/smart\/filters:strip_icc()\/i.s3.glbimg.com\/v1\/AUTH_59edd422c0c84a879bd37670ae4f538a\/internal_photos\/bs\/2018\/A\/M\/LD91nPQlCFnLmLFxvhiw\/queda.jpg 2x\" \/><source srcset=\"https:\/\/s2.glbimg.com\/6q4ZVbdRYW_zwXn_A5kBBqTbHoc=\/0x0:1700x1065\/984x0\/smart\/filters:strip_icc()\/i.s3.glbimg.com\/v1\/AUTH_59edd422c0c84a879bd37670ae4f538a\/internal_photos\/bs\/2018\/A\/M\/LD91nPQlCFnLmLFxvhiw\/queda.jpg 1x, https:\/\/s2.glbimg.com\/9apmhhMOoGY7RiPrK1z4NmoAuxw=\/0x0:1700x1065\/1968x0\/smart\/filters:strip_icc()\/i.s3.glbimg.com\/v1\/AUTH_59edd422c0c84a879bd37670ae4f538a\/internal_photos\/bs\/2018\/A\/M\/LD91nPQlCFnLmLFxvhiw\/queda.jpg 2x\" media=\"(max-width: 1360px)\" data-src=\"https:\/\/s2.glbimg.com\/6q4ZVbdRYW_zwXn_A5kBBqTbHoc=\/0x0:1700x1065\/984x0\/smart\/filters:strip_icc()\/i.s3.glbimg.com\/v1\/AUTH_59edd422c0c84a879bd37670ae4f538a\/internal_photos\/bs\/2018\/A\/M\/LD91nPQlCFnLmLFxvhiw\/queda.jpg 1x, https:\/\/s2.glbimg.com\/9apmhhMOoGY7RiPrK1z4NmoAuxw=\/0x0:1700x1065\/1968x0\/smart\/filters:strip_icc()\/i.s3.glbimg.com\/v1\/AUTH_59edd422c0c84a879bd37670ae4f538a\/internal_photos\/bs\/2018\/A\/M\/LD91nPQlCFnLmLFxvhiw\/queda.jpg 2x\" \/><source srcset=\"https:\/\/s2.glbimg.com\/BwJAvw1_w3ZCybdLCg1pz8nZ0ls=\/0x0:1700x1065\/1000x0\/smart\/filters:strip_icc()\/i.s3.glbimg.com\/v1\/AUTH_59edd422c0c84a879bd37670ae4f538a\/internal_photos\/bs\/2018\/A\/M\/LD91nPQlCFnLmLFxvhiw\/queda.jpg 1x, https:\/\/s2.glbimg.com\/CDxXTI9dL2MR07Q7bLlZ1v1V8jA=\/0x0:1700x1065\/2000x0\/smart\/filters:strip_icc()\/i.s3.glbimg.com\/v1\/AUTH_59edd422c0c84a879bd37670ae4f538a\/internal_photos\/bs\/2018\/A\/M\/LD91nPQlCFnLmLFxvhiw\/queda.jpg 2x\" media=\"(min-width: 1361px)\" data-src=\"https:\/\/s2.glbimg.com\/BwJAvw1_w3ZCybdLCg1pz8nZ0ls=\/0x0:1700x1065\/1000x0\/smart\/filters:strip_icc()\/i.s3.glbimg.com\/v1\/AUTH_59edd422c0c84a879bd37670ae4f538a\/internal_photos\/bs\/2018\/A\/M\/LD91nPQlCFnLmLFxvhiw\/queda.jpg 1x, https:\/\/s2.glbimg.com\/CDxXTI9dL2MR07Q7bLlZ1v1V8jA=\/0x0:1700x1065\/2000x0\/smart\/filters:strip_icc()\/i.s3.glbimg.com\/v1\/AUTH_59edd422c0c84a879bd37670ae4f538a\/internal_photos\/bs\/2018\/A\/M\/LD91nPQlCFnLmLFxvhiw\/queda.jpg 2x\" \/><source srcset=\"https:\/\/s2.glbimg.com\/6q4ZVbdRYW_zwXn_A5kBBqTbHoc=\/0x0:1700x1065\/984x0\/smart\/filters:strip_icc()\/i.s3.glbimg.com\/v1\/AUTH_59edd422c0c84a879bd37670ae4f538a\/internal_photos\/bs\/2018\/A\/M\/LD91nPQlCFnLmLFxvhiw\/queda.jpg\" data-src=\"https:\/\/s2.glbimg.com\/6q4ZVbdRYW_zwXn_A5kBBqTbHoc=\/0x0:1700x1065\/984x0\/smart\/filters:strip_icc()\/i.s3.glbimg.com\/v1\/AUTH_59edd422c0c84a879bd37670ae4f538a\/internal_photos\/bs\/2018\/A\/M\/LD91nPQlCFnLmLFxvhiw\/queda.jpg\" \/><img loading=\"lazy\" decoding=\"async\" class=\"image content-media__image progressive-loaded aligncenter\" title=\"Fogo ap\u00f3s queda de aeronave na Zona Norte de S\u00e3o Paulo \u2014 Foto: Daniel Rodrigues\/TV Globo\" src=\"https:\/\/s2.glbimg.com\/6q4ZVbdRYW_zwXn_A5kBBqTbHoc=\/0x0:1700x1065\/984x0\/smart\/filters:strip_icc()\/i.s3.glbimg.com\/v1\/AUTH_59edd422c0c84a879bd37670ae4f538a\/internal_photos\/bs\/2018\/A\/M\/LD91nPQlCFnLmLFxvhiw\/queda.jpg\" alt=\"Fogo ap\u00f3s queda de aeronave na Zona Norte de S\u00e3o Paulo \u2014 Foto: Daniel Rodrigues\/TV Globo\" width=\"562\" height=\"352\" data-src=\"https:\/\/s2.glbimg.com\/6q4ZVbdRYW_zwXn_A5kBBqTbHoc=\/0x0:1700x1065\/984x0\/smart\/filters:strip_icc()\/i.s3.glbimg.com\/v1\/AUTH_59edd422c0c84a879bd37670ae4f538a\/internal_photos\/bs\/2018\/A\/M\/LD91nPQlCFnLmLFxvhiw\/queda.jpg\" \/><\/picture><\/div>\n<p class=\"content-media__description \">Fogo ap\u00f3s queda de aeronave na Zona Norte de S\u00e3o Paulo \u2014 Foto: Daniel Rodrigues\/TV Globo<\/p>\n<\/div>\n<\/div>\n<div class=\"mc-column content-text active-extra-styles \" data-block-type=\"unstyled\" data-block-weight=\"31\" data-block-id=\"10\">\n<p class=\"content-text__container \" data-track-category=\"Link no Texto\" data-track-links=\"\">A fuma\u00e7a podia ser vista de longe, mas por volta de 16h20 o fogo j\u00e1 estava parcialmente controlado. A queda foi na regi\u00e3o da Avenida Santos Dumont, altura do n\u00famero 100.<\/p>\n<\/div>\n<div class=\"mc-column content-text active-extra-styles \" data-block-type=\"unstyled\" data-block-weight=\"37\" data-block-id=\"11\">\n<p class=\"content-text__container \" data-track-category=\"Link no Texto\" data-track-links=\"\">De acordo com a TV Globo, a aeronave era um Cessna C-210, prefixo PR-JEE. Segundo a GloboNews, a aeronave teria decolado da pista 30 do Campo de Marte em dire\u00e7\u00e3o a Jundia\u00ed e ca\u00eddo logo em seguida.<\/p>\n<\/div>\n<\/div>\n<\/article>\n<\/div>\n","protected":false},"excerpt":{"rendered":"<p>Houve ao menos seis v\u00edtimas e n\u00e3o h\u00e1 informa\u00e7\u00e3o sobre mortos. Por G1, GloboNews e TV Globo Uma aeronave caiu na tarde desta sexta-feira (30) na Zona Norte de S\u00e3o Paulo. Houve ao menos seis v\u00edtimas e n\u00e3o h\u00e1 informa\u00e7\u00e3o sobre mortos. O chamado para o resgate foi recebido pelos bombeiros \u00e0s 15h58. A queda foi em uma \u00e1rea residencial perto do Aeroporto Campo de Marte, terminal que opera voos executivos. Casas e ve\u00edculos que estavam na rua onde a aeronave caiu tamb\u00e9m foram atingidos. O fogo chegou a se alastrar pelo asfato. (veja v\u00eddeo abaixo) Bombeiros informaram que as seis v\u00edtimas que estavam sendo atendidas tiveram queimaduras de primeiro e segundo grau. V\u00eddeo mostra inc\u00eandio causado por queda de&hellip; <\/p>\n","protected":false},"author":1,"featured_media":215763,"comment_status":"closed","ping_status":"closed","sticky":false,"template":"","format":"standard","meta":{"_acf_changed":false,"footnotes":""},"categories":[1],"tags":[],"class_list":["post-215762","post","type-post","status-publish","format-standard","has-post-thumbnail","hentry","category-politica"],"acf":[],"yoast_head":"<!-- This site is optimized with the Yoast SEO plugin v27.4 - https:\/\/yoast.com\/product\/yoast-seo-wordpress\/ -->\n<title>AVI\u00c3O DE PEQUENO PORTE CAI EM S\u00c3O PAULO, ATINGE CASAS, CARROS E PESSOAS - Blog do Farn\u00e9sio<\/title>\n<meta name=\"robots\" content=\"index, follow, max-snippet:-1, max-image-preview:large, max-video-preview:-1\" \/>\n<link rel=\"canonical\" href=\"https:\/\/blogdofarnesio.com.br\/?p=215762\" \/>\n<meta property=\"og:locale\" content=\"pt_BR\" \/>\n<meta property=\"og:type\" content=\"article\" \/>\n<meta property=\"og:title\" content=\"AVI\u00c3O DE PEQUENO PORTE CAI EM S\u00c3O PAULO, ATINGE CASAS, CARROS E PESSOAS - Blog do Farn\u00e9sio\" \/>\n<meta property=\"og:description\" content=\"Houve ao menos seis v\u00edtimas e n\u00e3o h\u00e1 informa\u00e7\u00e3o sobre mortos. Por G1, GloboNews e TV Globo Uma aeronave caiu na tarde desta sexta-feira (30) na Zona Norte de S\u00e3o Paulo. Houve ao menos seis v\u00edtimas e n\u00e3o h\u00e1 informa\u00e7\u00e3o sobre mortos. O chamado para o resgate foi recebido pelos bombeiros \u00e0s 15h58. A queda foi em uma \u00e1rea residencial perto do Aeroporto Campo de Marte, terminal que opera voos executivos. Casas e ve\u00edculos que estavam na rua onde a aeronave caiu tamb\u00e9m foram atingidos. O fogo chegou a se alastrar pelo asfato. (veja v\u00eddeo abaixo) Bombeiros informaram que as seis v\u00edtimas que estavam sendo atendidas tiveram queimaduras de primeiro e segundo grau. V\u00eddeo mostra inc\u00eandio causado por queda de&hellip;\" \/>\n<meta property=\"og:url\" content=\"https:\/\/blogdofarnesio.com.br\/?p=215762\" \/>\n<meta property=\"og:site_name\" content=\"Blog do Farn\u00e9sio\" \/>\n<meta property=\"article:publisher\" content=\"https:\/\/www.facebook.com\/BlogQuerSaberPolitica\/\" \/>\n<meta property=\"article:published_time\" content=\"2018-11-30T20:33:34+00:00\" \/>\n<meta property=\"og:image\" content=\"https:\/\/blogdofarnesio.com.br\/wp-content\/uploads\/2018\/11\/blogqspavi\u00e3osp-tv-globo-7199976_x720-e1543603765998.jpg\" \/>\n\t<meta property=\"og:image:width\" content=\"680\" \/>\n\t<meta property=\"og:image:height\" content=\"383\" \/>\n\t<meta property=\"og:image:type\" content=\"image\/jpeg\" \/>\n<meta name=\"author\" content=\"Farn\u00e9sio\" \/>\n<meta name=\"twitter:card\" content=\"summary_large_image\" \/>\n<meta name=\"twitter:label1\" content=\"Escrito por\" \/>\n\t<meta name=\"twitter:data1\" content=\"Farn\u00e9sio\" \/>\n\t<meta name=\"twitter:label2\" content=\"Est. tempo de leitura\" \/>\n\t<meta name=\"twitter:data2\" content=\"1 minuto\" \/>\n<script type=\"application\/ld+json\" class=\"yoast-schema-graph\">{\"@context\":\"https:\\\/\\\/schema.org\",\"@graph\":[{\"@type\":\"Article\",\"@id\":\"https:\\\/\\\/blogdofarnesio.com.br\\\/?p=215762#article\",\"isPartOf\":{\"@id\":\"https:\\\/\\\/blogdofarnesio.com.br\\\/?p=215762\"},\"author\":{\"name\":\"Farn\u00e9sio\",\"@id\":\"https:\\\/\\\/blogdofarnesio.com.br\\\/#\\\/schema\\\/person\\\/301c4acf522bccbfdb45af95b5b906a1\"},\"headline\":\"AVI\u00c3O DE PEQUENO PORTE CAI EM S\u00c3O PAULO, ATINGE CASAS, CARROS E PESSOAS\",\"datePublished\":\"2018-11-30T20:33:34+00:00\",\"mainEntityOfPage\":{\"@id\":\"https:\\\/\\\/blogdofarnesio.com.br\\\/?p=215762\"},\"wordCount\":310,\"publisher\":{\"@id\":\"https:\\\/\\\/blogdofarnesio.com.br\\\/#organization\"},\"image\":{\"@id\":\"https:\\\/\\\/blogdofarnesio.com.br\\\/?p=215762#primaryimage\"},\"thumbnailUrl\":\"https:\\\/\\\/blogdofarnesio.com.br\\\/wp-content\\\/uploads\\\/2018\\\/11\\\/blogqspavi\u00e3osp-tv-globo-7199976_x720-e1543603765998.jpg\",\"articleSection\":[\"Pol\u00edtica\"],\"inLanguage\":\"pt-BR\"},{\"@type\":\"WebPage\",\"@id\":\"https:\\\/\\\/blogdofarnesio.com.br\\\/?p=215762\",\"url\":\"https:\\\/\\\/blogdofarnesio.com.br\\\/?p=215762\",\"name\":\"AVI\u00c3O DE PEQUENO PORTE CAI EM S\u00c3O PAULO, ATINGE CASAS, CARROS E PESSOAS - Blog do Farn\u00e9sio\",\"isPartOf\":{\"@id\":\"https:\\\/\\\/blogdofarnesio.com.br\\\/#website\"},\"primaryImageOfPage\":{\"@id\":\"https:\\\/\\\/blogdofarnesio.com.br\\\/?p=215762#primaryimage\"},\"image\":{\"@id\":\"https:\\\/\\\/blogdofarnesio.com.br\\\/?p=215762#primaryimage\"},\"thumbnailUrl\":\"https:\\\/\\\/blogdofarnesio.com.br\\\/wp-content\\\/uploads\\\/2018\\\/11\\\/blogqspavi\u00e3osp-tv-globo-7199976_x720-e1543603765998.jpg\",\"datePublished\":\"2018-11-30T20:33:34+00:00\",\"breadcrumb\":{\"@id\":\"https:\\\/\\\/blogdofarnesio.com.br\\\/?p=215762#breadcrumb\"},\"inLanguage\":\"pt-BR\",\"potentialAction\":[{\"@type\":\"ReadAction\",\"target\":[\"https:\\\/\\\/blogdofarnesio.com.br\\\/?p=215762\"]}]},{\"@type\":\"ImageObject\",\"inLanguage\":\"pt-BR\",\"@id\":\"https:\\\/\\\/blogdofarnesio.com.br\\\/?p=215762#primaryimage\",\"url\":\"https:\\\/\\\/blogdofarnesio.com.br\\\/wp-content\\\/uploads\\\/2018\\\/11\\\/blogqspavi\u00e3osp-tv-globo-7199976_x720-e1543603765998.jpg\",\"contentUrl\":\"https:\\\/\\\/blogdofarnesio.com.br\\\/wp-content\\\/uploads\\\/2018\\\/11\\\/blogqspavi\u00e3osp-tv-globo-7199976_x720-e1543603765998.jpg\",\"width\":680,\"height\":383},{\"@type\":\"BreadcrumbList\",\"@id\":\"https:\\\/\\\/blogdofarnesio.com.br\\\/?p=215762#breadcrumb\",\"itemListElement\":[{\"@type\":\"ListItem\",\"position\":1,\"name\":\"In\u00edcio\",\"item\":\"https:\\\/\\\/blogdofarnesio.com.br\\\/\"},{\"@type\":\"ListItem\",\"position\":2,\"name\":\"AVI\u00c3O DE PEQUENO PORTE CAI EM S\u00c3O PAULO, ATINGE CASAS, CARROS E PESSOAS\"}]},{\"@type\":\"WebSite\",\"@id\":\"https:\\\/\\\/blogdofarnesio.com.br\\\/#website\",\"url\":\"https:\\\/\\\/blogdofarnesio.com.br\\\/\",\"name\":\"Blog do Farn\u00e9sio\",\"description\":\"Quer Saber Pol\u00edtica?\",\"publisher\":{\"@id\":\"https:\\\/\\\/blogdofarnesio.com.br\\\/#organization\"},\"potentialAction\":[{\"@type\":\"SearchAction\",\"target\":{\"@type\":\"EntryPoint\",\"urlTemplate\":\"https:\\\/\\\/blogdofarnesio.com.br\\\/?s={search_term_string}\"},\"query-input\":{\"@type\":\"PropertyValueSpecification\",\"valueRequired\":true,\"valueName\":\"search_term_string\"}}],\"inLanguage\":\"pt-BR\"},{\"@type\":\"Organization\",\"@id\":\"https:\\\/\\\/blogdofarnesio.com.br\\\/#organization\",\"name\":\"Blog do Farn\u00e9sio\",\"url\":\"https:\\\/\\\/blogdofarnesio.com.br\\\/\",\"logo\":{\"@type\":\"ImageObject\",\"inLanguage\":\"pt-BR\",\"@id\":\"https:\\\/\\\/blogdofarnesio.com.br\\\/#\\\/schema\\\/logo\\\/image\\\/\",\"url\":\"https:\\\/\\\/blogdofarnesio.com.br\\\/wp-content\\\/uploads\\\/2026\\\/03\\\/cropped-logo_new-1.png\",\"contentUrl\":\"https:\\\/\\\/blogdofarnesio.com.br\\\/wp-content\\\/uploads\\\/2026\\\/03\\\/cropped-logo_new-1.png\",\"width\":881,\"height\":685,\"caption\":\"Blog do Farn\u00e9sio\"},\"image\":{\"@id\":\"https:\\\/\\\/blogdofarnesio.com.br\\\/#\\\/schema\\\/logo\\\/image\\\/\"},\"sameAs\":[\"https:\\\/\\\/www.facebook.com\\\/BlogQuerSaberPolitica\\\/\"]},{\"@type\":\"Person\",\"@id\":\"https:\\\/\\\/blogdofarnesio.com.br\\\/#\\\/schema\\\/person\\\/301c4acf522bccbfdb45af95b5b906a1\",\"name\":\"Farn\u00e9sio\",\"image\":{\"@type\":\"ImageObject\",\"inLanguage\":\"pt-BR\",\"@id\":\"https:\\\/\\\/secure.gravatar.com\\\/avatar\\\/df0c9a14567c056f8ad6876ba5bbd1e3e2c48023eb6807342fc4663adf549f38?s=96&d=mm&r=g\",\"url\":\"https:\\\/\\\/secure.gravatar.com\\\/avatar\\\/df0c9a14567c056f8ad6876ba5bbd1e3e2c48023eb6807342fc4663adf549f38?s=96&d=mm&r=g\",\"contentUrl\":\"https:\\\/\\\/secure.gravatar.com\\\/avatar\\\/df0c9a14567c056f8ad6876ba5bbd1e3e2c48023eb6807342fc4663adf549f38?s=96&d=mm&r=g\",\"caption\":\"Farn\u00e9sio\"},\"sameAs\":[\"https:\\\/\\\/quersaberpolitica.com.br\"],\"url\":\"https:\\\/\\\/blogdofarnesio.com.br\\\/?author=1\"}]}<\/script>\n<!-- \/ Yoast SEO plugin. -->","yoast_head_json":{"title":"AVI\u00c3O DE PEQUENO PORTE CAI EM S\u00c3O PAULO, ATINGE CASAS, CARROS E PESSOAS - Blog do Farn\u00e9sio","robots":{"index":"index","follow":"follow","max-snippet":"max-snippet:-1","max-image-preview":"max-image-preview:large","max-video-preview":"max-video-preview:-1"},"canonical":"https:\/\/blogdofarnesio.com.br\/?p=215762","og_locale":"pt_BR","og_type":"article","og_title":"AVI\u00c3O DE PEQUENO PORTE CAI EM S\u00c3O PAULO, ATINGE CASAS, CARROS E PESSOAS - Blog do Farn\u00e9sio","og_description":"Houve ao menos seis v\u00edtimas e n\u00e3o h\u00e1 informa\u00e7\u00e3o sobre mortos. Por G1, GloboNews e TV Globo Uma aeronave caiu na tarde desta sexta-feira (30) na Zona Norte de S\u00e3o Paulo. Houve ao menos seis v\u00edtimas e n\u00e3o h\u00e1 informa\u00e7\u00e3o sobre mortos. O chamado para o resgate foi recebido pelos bombeiros \u00e0s 15h58. A queda foi em uma \u00e1rea residencial perto do Aeroporto Campo de Marte, terminal que opera voos executivos. Casas e ve\u00edculos que estavam na rua onde a aeronave caiu tamb\u00e9m foram atingidos. O fogo chegou a se alastrar pelo asfato. (veja v\u00eddeo abaixo) Bombeiros informaram que as seis v\u00edtimas que estavam sendo atendidas tiveram queimaduras de primeiro e segundo grau. V\u00eddeo mostra inc\u00eandio causado por queda de&hellip;","og_url":"https:\/\/blogdofarnesio.com.br\/?p=215762","og_site_name":"Blog do Farn\u00e9sio","article_publisher":"https:\/\/www.facebook.com\/BlogQuerSaberPolitica\/","article_published_time":"2018-11-30T20:33:34+00:00","og_image":[{"width":680,"height":383,"url":"https:\/\/blogdofarnesio.com.br\/wp-content\/uploads\/2018\/11\/blogqspavi\u00e3osp-tv-globo-7199976_x720-e1543603765998.jpg","type":"image\/jpeg"}],"author":"Farn\u00e9sio","twitter_card":"summary_large_image","twitter_misc":{"Escrito por":"Farn\u00e9sio","Est. tempo de leitura":"1 minuto"},"schema":{"@context":"https:\/\/schema.org","@graph":[{"@type":"Article","@id":"https:\/\/blogdofarnesio.com.br\/?p=215762#article","isPartOf":{"@id":"https:\/\/blogdofarnesio.com.br\/?p=215762"},"author":{"name":"Farn\u00e9sio","@id":"https:\/\/blogdofarnesio.com.br\/#\/schema\/person\/301c4acf522bccbfdb45af95b5b906a1"},"headline":"AVI\u00c3O DE PEQUENO PORTE CAI EM S\u00c3O PAULO, ATINGE CASAS, CARROS E PESSOAS","datePublished":"2018-11-30T20:33:34+00:00","mainEntityOfPage":{"@id":"https:\/\/blogdofarnesio.com.br\/?p=215762"},"wordCount":310,"publisher":{"@id":"https:\/\/blogdofarnesio.com.br\/#organization"},"image":{"@id":"https:\/\/blogdofarnesio.com.br\/?p=215762#primaryimage"},"thumbnailUrl":"https:\/\/blogdofarnesio.com.br\/wp-content\/uploads\/2018\/11\/blogqspavi\u00e3osp-tv-globo-7199976_x720-e1543603765998.jpg","articleSection":["Pol\u00edtica"],"inLanguage":"pt-BR"},{"@type":"WebPage","@id":"https:\/\/blogdofarnesio.com.br\/?p=215762","url":"https:\/\/blogdofarnesio.com.br\/?p=215762","name":"AVI\u00c3O DE PEQUENO PORTE CAI EM S\u00c3O PAULO, ATINGE CASAS, CARROS E PESSOAS - Blog do Farn\u00e9sio","isPartOf":{"@id":"https:\/\/blogdofarnesio.com.br\/#website"},"primaryImageOfPage":{"@id":"https:\/\/blogdofarnesio.com.br\/?p=215762#primaryimage"},"image":{"@id":"https:\/\/blogdofarnesio.com.br\/?p=215762#primaryimage"},"thumbnailUrl":"https:\/\/blogdofarnesio.com.br\/wp-content\/uploads\/2018\/11\/blogqspavi\u00e3osp-tv-globo-7199976_x720-e1543603765998.jpg","datePublished":"2018-11-30T20:33:34+00:00","breadcrumb":{"@id":"https:\/\/blogdofarnesio.com.br\/?p=215762#breadcrumb"},"inLanguage":"pt-BR","potentialAction":[{"@type":"ReadAction","target":["https:\/\/blogdofarnesio.com.br\/?p=215762"]}]},{"@type":"ImageObject","inLanguage":"pt-BR","@id":"https:\/\/blogdofarnesio.com.br\/?p=215762#primaryimage","url":"https:\/\/blogdofarnesio.com.br\/wp-content\/uploads\/2018\/11\/blogqspavi\u00e3osp-tv-globo-7199976_x720-e1543603765998.jpg","contentUrl":"https:\/\/blogdofarnesio.com.br\/wp-content\/uploads\/2018\/11\/blogqspavi\u00e3osp-tv-globo-7199976_x720-e1543603765998.jpg","width":680,"height":383},{"@type":"BreadcrumbList","@id":"https:\/\/blogdofarnesio.com.br\/?p=215762#breadcrumb","itemListElement":[{"@type":"ListItem","position":1,"name":"In\u00edcio","item":"https:\/\/blogdofarnesio.com.br\/"},{"@type":"ListItem","position":2,"name":"AVI\u00c3O DE PEQUENO PORTE CAI EM S\u00c3O PAULO, ATINGE CASAS, CARROS E PESSOAS"}]},{"@type":"WebSite","@id":"https:\/\/blogdofarnesio.com.br\/#website","url":"https:\/\/blogdofarnesio.com.br\/","name":"Blog do Farn\u00e9sio","description":"Quer Saber Pol\u00edtica?","publisher":{"@id":"https:\/\/blogdofarnesio.com.br\/#organization"},"potentialAction":[{"@type":"SearchAction","target":{"@type":"EntryPoint","urlTemplate":"https:\/\/blogdofarnesio.com.br\/?s={search_term_string}"},"query-input":{"@type":"PropertyValueSpecification","valueRequired":true,"valueName":"search_term_string"}}],"inLanguage":"pt-BR"},{"@type":"Organization","@id":"https:\/\/blogdofarnesio.com.br\/#organization","name":"Blog do Farn\u00e9sio","url":"https:\/\/blogdofarnesio.com.br\/","logo":{"@type":"ImageObject","inLanguage":"pt-BR","@id":"https:\/\/blogdofarnesio.com.br\/#\/schema\/logo\/image\/","url":"https:\/\/blogdofarnesio.com.br\/wp-content\/uploads\/2026\/03\/cropped-logo_new-1.png","contentUrl":"https:\/\/blogdofarnesio.com.br\/wp-content\/uploads\/2026\/03\/cropped-logo_new-1.png","width":881,"height":685,"caption":"Blog do Farn\u00e9sio"},"image":{"@id":"https:\/\/blogdofarnesio.com.br\/#\/schema\/logo\/image\/"},"sameAs":["https:\/\/www.facebook.com\/BlogQuerSaberPolitica\/"]},{"@type":"Person","@id":"https:\/\/blogdofarnesio.com.br\/#\/schema\/person\/301c4acf522bccbfdb45af95b5b906a1","name":"Farn\u00e9sio","image":{"@type":"ImageObject","inLanguage":"pt-BR","@id":"https:\/\/secure.gravatar.com\/avatar\/df0c9a14567c056f8ad6876ba5bbd1e3e2c48023eb6807342fc4663adf549f38?s=96&d=mm&r=g","url":"https:\/\/secure.gravatar.com\/avatar\/df0c9a14567c056f8ad6876ba5bbd1e3e2c48023eb6807342fc4663adf549f38?s=96&d=mm&r=g","contentUrl":"https:\/\/secure.gravatar.com\/avatar\/df0c9a14567c056f8ad6876ba5bbd1e3e2c48023eb6807342fc4663adf549f38?s=96&d=mm&r=g","caption":"Farn\u00e9sio"},"sameAs":["https:\/\/quersaberpolitica.com.br"],"url":"https:\/\/blogdofarnesio.com.br\/?author=1"}]}},"_links":{"self":[{"href":"https:\/\/blogdofarnesio.com.br\/index.php?rest_route=\/wp\/v2\/posts\/215762","targetHints":{"allow":["GET"]}}],"collection":[{"href":"https:\/\/blogdofarnesio.com.br\/index.php?rest_route=\/wp\/v2\/posts"}],"about":[{"href":"https:\/\/blogdofarnesio.com.br\/index.php?rest_route=\/wp\/v2\/types\/post"}],"author":[{"embeddable":true,"href":"https:\/\/blogdofarnesio.com.br\/index.php?rest_route=\/wp\/v2\/users\/1"}],"replies":[{"embeddable":true,"href":"https:\/\/blogdofarnesio.com.br\/index.php?rest_route=%2Fwp%2Fv2%2Fcomments&post=215762"}],"version-history":[{"count":0,"href":"https:\/\/blogdofarnesio.com.br\/index.php?rest_route=\/wp\/v2\/posts\/215762\/revisions"}],"wp:featuredmedia":[{"embeddable":true,"href":"https:\/\/blogdofarnesio.com.br\/index.php?rest_route=\/wp\/v2\/media\/215763"}],"wp:attachment":[{"href":"https:\/\/blogdofarnesio.com.br\/index.php?rest_route=%2Fwp%2Fv2%2Fmedia&parent=215762"}],"wp:term":[{"taxonomy":"category","embeddable":true,"href":"https:\/\/blogdofarnesio.com.br\/index.php?rest_route=%2Fwp%2Fv2%2Fcategories&post=215762"},{"taxonomy":"post_tag","embeddable":true,"href":"https:\/\/blogdofarnesio.com.br\/index.php?rest_route=%2Fwp%2Fv2%2Ftags&post=215762"}],"curies":[{"name":"wp","href":"https:\/\/api.w.org\/{rel}","templated":true}]}}