{"id":215755,"date":"2018-11-30T16:40:54","date_gmt":"2018-11-30T19:40:54","guid":{"rendered":"http:\/\/quersaberpolitica.com.br\/2016\/?p=215755"},"modified":"2018-11-30T15:24:40","modified_gmt":"2018-11-30T18:24:40","slug":"cidades-em-extrema-pobreza-e-areas-indigenas-sao-rejeitadas-no-mais-medicos","status":"publish","type":"post","link":"https:\/\/blogdofarnesio.com.br\/?p=215755","title":{"rendered":"CIDADES EM EXTREMA POBREZA E \u00c1REAS IND\u00cdGENAS S\u00c3O REJEITADAS NO &#8216;MAIS M\u00c9DICOS&#8217;"},"content":{"rendered":"<div class=\"box-title\">\n<p>por Nat\u00e1lia Cancian | <strong>Folhapress &#8211;\u00a0<\/strong><\/p>\n<\/div>\n<div class=\"box-body\" data-io-article-url=\"https:\/\/www.bahianoticias.com.br\/folha\/noticia\/21309-cidades-em-extrema-pobreza-e-areas-indigenas-sao-rejeitadas-no-mais-medicos.html\">\n<div class=\"text-descricao\">\n<p>Desde a sa\u00edda dos m\u00e9dicos cubanos do Mais M\u00e9dicos, o munic\u00edpio de Juru\u00e1, no interior do Amazonas, vive um cen\u00e1rio de alerta na sa\u00fade. &#8220;Ficou o caos.\u00a0Estamos mantendo o aux\u00edlio com base em enfermeiros e no \u00fanico m\u00e9dico que temos, mas que tamb\u00e9m atende urg\u00eancia e emerg\u00eancia e n\u00e3o pode ficar em tempo integral&#8221;,\u00a0diz a secret\u00e1ria de sa\u00fade do munic\u00edpio, N\u00e1dia Teixeira.<\/p>\n<p>Localizado a 24 horas de dist\u00e2ncia da capital do estado, Manaus, e com acesso apenas por barco e lancha, a cidade de at\u00e9 14 mil habitantes tinha at\u00e9 esta quinta-feira (29) tr\u00eas vagas abertas no programa -e nenhum m\u00e9dico interessado em ocup\u00e1-las.<\/p>\n<p>&#8220;Quando vi o edital, j\u00e1 sabia que sair\u00edamos prejudicados. Todo m\u00e9dico que vem aqui s\u00f3 quer ficar por 15 dias ou com sal\u00e1rios mais altos&#8221;, relata.<\/p>\n<p>Al\u00e9m de Juru\u00e1, outros 26 munic\u00edpios ainda n\u00e3o tinham perspectiva de preencher todas as vagas ap\u00f3s uma semana das inscri\u00e7\u00f5es.<\/p>\n<p>Em comum, s\u00e3o munic\u00edpios de mais dif\u00edcil acesso e com maior n\u00edvel de pobreza -fatores que acabaram deixando para que ficassem em \u00faltimo na escolha de profissionais.<\/p>\n<p>Levantamento feito pela Folha de S.Paulo com base em lista do Minist\u00e9rio da Sa\u00fade mostra que, at\u00e9 \u00e0s 18h desta quinta, todas as 151 vagas ainda dispon\u00edveis estavam em munic\u00edpios de perfis 7 e 8 -considerados no edital como \u00e1reas de maior vulnerabilidade.<\/p>\n<p>Deste total, 68 vagas estavam em munic\u00edpios onde 20% da popula\u00e7\u00e3o ou mais apresenta situa\u00e7\u00e3o de extrema pobreza, com renda inferior a R$ 89 mensais.<\/p>\n<p>J\u00e1 outras 83 ficavam em \u00e1reas de Dseis (distritos sanit\u00e1rios ind\u00edgenas), que at\u00e9 ent\u00e3o tinham a maioria dos postos ocupados por m\u00e9dicos cubanos.<\/p>\n<p>Exclu\u00eddos, dois munic\u00edpios n\u00e3o tinham recebido nenhum m\u00e9dico interessado em ocupar as vagas: caso de Juru\u00e1 e Juta\u00ed, ambos no Amazonas.<\/p>\n<p>Uma preocupa\u00e7\u00e3o que se agrava com dados de balan\u00e7o do Minist\u00e9rio da Sa\u00fade.<\/p>\n<p>Apesar da corrida inicial por inscri\u00e7\u00f5es, desde segunda-feira (26), o percentual de vagas ocupadas no edital do Mais M\u00e9dicos tem tido pouca varia\u00e7\u00e3o -de 97% a 98%, o que mostra maior resist\u00eancia em ocupar vagas nestes locais.<\/p>\n<p>Para representantes das duas prefeituras ouvidas pela Folha, a dist\u00e2ncia em rela\u00e7\u00e3o \u00e0 capital e cidades maiores \u00e9 o principal impeditivo para escolha das vagas.<\/p>\n<p>&#8220;Desde que abriram as vagas, ao menos tr\u00eas m\u00e9dicos j\u00e1 entraram em contato comigo pedindo como era a dist\u00e2ncia&#8221;, relata K\u00e1rita Mendes, secret\u00e1ria de sa\u00fade em Juta\u00ed, cidade cujo tempo de deslocamento at\u00e9 Manaus varia de um a quatro dias.<\/p>\n<p>Outro pedido tem sido por aumento: segundo Mendes, os mesmos tr\u00eas profissionais pediram por um pagamento maior -de R$ 11,8 mil, a proposta \u00e9 que o valor subisse para R$ 20 mil a R$ 30 mil. &#8220;Mas n\u00e3o temos como pagar isso&#8221;, diz.<\/p>\n<p>Segundo Mendes, nos \u00faltimos anos, cubanos\u00a0foram alguns dos poucos que aceitaram se fixar por mais tempo no local.<\/p>\n<p>Sem outros m\u00e9dicos na aten\u00e7\u00e3o b\u00e1sica ap\u00f3s a sa\u00edda dos estrangeiros, unidades de sa\u00fade quase fecharam as portas.<\/p>\n<p>A solu\u00e7\u00e3o, diz Mendes, foi montar um sistema de &#8220;rod\u00edzio&#8221; com outros munic\u00edpios at\u00e9 o fim do edital. At\u00e9 esta quinta, por\u00e9m, nenhuma das seis vagas havia sido preenchida.<\/p>\n<p><strong>MIGRA\u00c7\u00c3O<\/strong><br \/>\nA dificuldade no preenchimento destas vagas, no entanto, contrasta com a alta ades\u00e3o registrada no edital do programa.<\/p>\n<p>Das 8.517 vagas ofertadas, 8.366 j\u00e1 foram ocupadas, segundo o minist\u00e9rio.<\/p>\n<p>Balan\u00e7o do Conasems, por\u00e9m, aponta que essa ades\u00e3o pode ter deixado ao menos outras 2.844 vagas abertas nas unidades de sa\u00fade.<\/p>\n<p>O n\u00famero corresponde ao total de m\u00e9dicos que j\u00e1 atuavam no Programa Sa\u00fade da Fam\u00edlia antes de se inscreverem para atuarem no Mais M\u00e9dicos.<\/p>\n<p>Outra preocupa\u00e7\u00e3o dos secret\u00e1rios est\u00e1 nos relatos que vem sendo recebidos sobre poss\u00edveis desist\u00eancias de inscritos, informa Mauro Junqueira, presidente do conselho.<\/p>\n<p>Em nota, o Minist\u00e9rio da Sa\u00fade diz que &#8220;est\u00e1 adotando todas as medidas para garantir a assist\u00eancia dos brasileiros atendidos pelas equipes da Sa\u00fade da Fam\u00edlia que contam com profissionais de Cuba&#8221;.Segundo a pasta, vagas n\u00e3o preenchidas devem ser direcionadas a um segundo edital, previsto para ser lan\u00e7ado ap\u00f3s 14 de dezembro, prazo final para que m\u00e9dicos inscritos se apresentem aos munic\u00edpios.<\/p>\n<p>Outra alternativa em discuss\u00e3o, informa, \u00e9 a possibilidade de remanejamento dos m\u00e9dicos em atividade no Mais M\u00e9dicos para outras localidades, como j\u00e1 ocorreu para atender a popula\u00e7\u00e3o em Roraima&#8221; durante o surto de sarampo.&#8221;Outra iniciativa estudada \u00e9 ampliar a participa\u00e7\u00e3o de brasileiros com os alunos formados atrav\u00e9s do Fies (Programa de Financiamento Estudantil)&#8221;, informa a pasta.<\/p>\n<p>Para o minist\u00e9rio, o edital do Mais M\u00e9dicos &#8220;tem mostrado que os profissionais brasileiros t\u00eam escolhido os munic\u00edpios mais vulner\u00e1veis do pa\u00eds&#8221;, uma vez que &#8220;apenas 17,3% escolheram vagas em capitais&#8221;.<\/p>\n<p>A pasta, por\u00e9m, desconsidera que esse percentual corresponde o total de vagas ofertadas nestes locais -as primeiras a serem escolhidas no sistema.<\/p>\n<\/div>\n<\/div>\n","protected":false},"excerpt":{"rendered":"<p>por Nat\u00e1lia Cancian | Folhapress &#8211;\u00a0 Desde a sa\u00edda dos m\u00e9dicos cubanos do Mais M\u00e9dicos, o munic\u00edpio de Juru\u00e1, no interior do Amazonas, vive um cen\u00e1rio de alerta na sa\u00fade. &#8220;Ficou o caos.\u00a0Estamos mantendo o aux\u00edlio com base em enfermeiros e no \u00fanico m\u00e9dico que temos, mas que tamb\u00e9m atende urg\u00eancia e emerg\u00eancia e n\u00e3o pode ficar em tempo integral&#8221;,\u00a0diz a secret\u00e1ria de sa\u00fade do munic\u00edpio, N\u00e1dia Teixeira. Localizado a 24 horas de dist\u00e2ncia da capital do estado, Manaus, e com acesso apenas por barco e lancha, a cidade de at\u00e9 14 mil habitantes tinha at\u00e9 esta quinta-feira (29) tr\u00eas vagas abertas no programa -e nenhum m\u00e9dico interessado em ocup\u00e1-las. &#8220;Quando vi o edital, j\u00e1 sabia que sair\u00edamos prejudicados. Todo&hellip; <\/p>\n","protected":false},"author":1,"featured_media":90066,"comment_status":"closed","ping_status":"closed","sticky":false,"template":"","format":"standard","meta":{"_acf_changed":false,"footnotes":""},"categories":[4],"tags":[],"class_list":["post-215755","post","type-post","status-publish","format-standard","has-post-thumbnail","hentry","category-saude"],"acf":[],"yoast_head":"<!-- This site is optimized with the Yoast SEO plugin v27.4 - https:\/\/yoast.com\/product\/yoast-seo-wordpress\/ -->\n<title>CIDADES EM EXTREMA POBREZA E \u00c1REAS IND\u00cdGENAS S\u00c3O REJEITADAS NO &#039;MAIS M\u00c9DICOS&#039; - Blog do Farn\u00e9sio<\/title>\n<meta name=\"robots\" content=\"index, follow, max-snippet:-1, max-image-preview:large, max-video-preview:-1\" \/>\n<link rel=\"canonical\" href=\"https:\/\/blogdofarnesio.com.br\/?p=215755\" \/>\n<meta property=\"og:locale\" content=\"pt_BR\" \/>\n<meta property=\"og:type\" content=\"article\" \/>\n<meta property=\"og:title\" content=\"CIDADES EM EXTREMA POBREZA E \u00c1REAS IND\u00cdGENAS S\u00c3O REJEITADAS NO &#039;MAIS M\u00c9DICOS&#039; - Blog do Farn\u00e9sio\" \/>\n<meta property=\"og:description\" content=\"por Nat\u00e1lia Cancian | Folhapress &#8211;\u00a0 Desde a sa\u00edda dos m\u00e9dicos cubanos do Mais M\u00e9dicos, o munic\u00edpio de Juru\u00e1, no interior do Amazonas, vive um cen\u00e1rio de alerta na sa\u00fade. &#8220;Ficou o caos.\u00a0Estamos mantendo o aux\u00edlio com base em enfermeiros e no \u00fanico m\u00e9dico que temos, mas que tamb\u00e9m atende urg\u00eancia e emerg\u00eancia e n\u00e3o pode ficar em tempo integral&#8221;,\u00a0diz a secret\u00e1ria de sa\u00fade do munic\u00edpio, N\u00e1dia Teixeira. Localizado a 24 horas de dist\u00e2ncia da capital do estado, Manaus, e com acesso apenas por barco e lancha, a cidade de at\u00e9 14 mil habitantes tinha at\u00e9 esta quinta-feira (29) tr\u00eas vagas abertas no programa -e nenhum m\u00e9dico interessado em ocup\u00e1-las. &#8220;Quando vi o edital, j\u00e1 sabia que sair\u00edamos prejudicados. Todo&hellip;\" \/>\n<meta property=\"og:url\" content=\"https:\/\/blogdofarnesio.com.br\/?p=215755\" \/>\n<meta property=\"og:site_name\" content=\"Blog do Farn\u00e9sio\" \/>\n<meta property=\"article:publisher\" content=\"https:\/\/www.facebook.com\/BlogQuerSaberPolitica\/\" \/>\n<meta property=\"article:published_time\" content=\"2018-11-30T19:40:54+00:00\" \/>\n<meta property=\"og:image\" content=\"https:\/\/blogdofarnesio.com.br\/wp-content\/uploads\/2014\/07\/blogqspvagasparam\u00e9dicos1.jpg\" \/>\n\t<meta property=\"og:image:width\" content=\"448\" \/>\n\t<meta property=\"og:image:height\" content=\"317\" \/>\n\t<meta property=\"og:image:type\" content=\"image\/jpeg\" \/>\n<meta name=\"author\" content=\"Farn\u00e9sio\" \/>\n<meta name=\"twitter:card\" content=\"summary_large_image\" \/>\n<meta name=\"twitter:label1\" content=\"Escrito por\" \/>\n\t<meta name=\"twitter:data1\" content=\"Farn\u00e9sio\" \/>\n\t<meta name=\"twitter:label2\" content=\"Est. tempo de leitura\" \/>\n\t<meta name=\"twitter:data2\" content=\"4 minutos\" \/>\n<script type=\"application\/ld+json\" class=\"yoast-schema-graph\">{\"@context\":\"https:\\\/\\\/schema.org\",\"@graph\":[{\"@type\":\"Article\",\"@id\":\"https:\\\/\\\/blogdofarnesio.com.br\\\/?p=215755#article\",\"isPartOf\":{\"@id\":\"https:\\\/\\\/blogdofarnesio.com.br\\\/?p=215755\"},\"author\":{\"name\":\"Farn\u00e9sio\",\"@id\":\"https:\\\/\\\/blogdofarnesio.com.br\\\/#\\\/schema\\\/person\\\/301c4acf522bccbfdb45af95b5b906a1\"},\"headline\":\"CIDADES EM EXTREMA POBREZA E \u00c1REAS IND\u00cdGENAS S\u00c3O REJEITADAS NO &#8216;MAIS M\u00c9DICOS&#8217;\",\"datePublished\":\"2018-11-30T19:40:54+00:00\",\"mainEntityOfPage\":{\"@id\":\"https:\\\/\\\/blogdofarnesio.com.br\\\/?p=215755\"},\"wordCount\":893,\"publisher\":{\"@id\":\"https:\\\/\\\/blogdofarnesio.com.br\\\/#organization\"},\"image\":{\"@id\":\"https:\\\/\\\/blogdofarnesio.com.br\\\/?p=215755#primaryimage\"},\"thumbnailUrl\":\"https:\\\/\\\/blogdofarnesio.com.br\\\/wp-content\\\/uploads\\\/2014\\\/07\\\/blogqspvagasparam\u00e9dicos1.jpg\",\"articleSection\":[\"Sa\u00fade\"],\"inLanguage\":\"pt-BR\"},{\"@type\":\"WebPage\",\"@id\":\"https:\\\/\\\/blogdofarnesio.com.br\\\/?p=215755\",\"url\":\"https:\\\/\\\/blogdofarnesio.com.br\\\/?p=215755\",\"name\":\"CIDADES EM EXTREMA POBREZA E \u00c1REAS IND\u00cdGENAS S\u00c3O REJEITADAS NO 'MAIS M\u00c9DICOS' - Blog do Farn\u00e9sio\",\"isPartOf\":{\"@id\":\"https:\\\/\\\/blogdofarnesio.com.br\\\/#website\"},\"primaryImageOfPage\":{\"@id\":\"https:\\\/\\\/blogdofarnesio.com.br\\\/?p=215755#primaryimage\"},\"image\":{\"@id\":\"https:\\\/\\\/blogdofarnesio.com.br\\\/?p=215755#primaryimage\"},\"thumbnailUrl\":\"https:\\\/\\\/blogdofarnesio.com.br\\\/wp-content\\\/uploads\\\/2014\\\/07\\\/blogqspvagasparam\u00e9dicos1.jpg\",\"datePublished\":\"2018-11-30T19:40:54+00:00\",\"breadcrumb\":{\"@id\":\"https:\\\/\\\/blogdofarnesio.com.br\\\/?p=215755#breadcrumb\"},\"inLanguage\":\"pt-BR\",\"potentialAction\":[{\"@type\":\"ReadAction\",\"target\":[\"https:\\\/\\\/blogdofarnesio.com.br\\\/?p=215755\"]}]},{\"@type\":\"ImageObject\",\"inLanguage\":\"pt-BR\",\"@id\":\"https:\\\/\\\/blogdofarnesio.com.br\\\/?p=215755#primaryimage\",\"url\":\"https:\\\/\\\/blogdofarnesio.com.br\\\/wp-content\\\/uploads\\\/2014\\\/07\\\/blogqspvagasparam\u00e9dicos1.jpg\",\"contentUrl\":\"https:\\\/\\\/blogdofarnesio.com.br\\\/wp-content\\\/uploads\\\/2014\\\/07\\\/blogqspvagasparam\u00e9dicos1.jpg\",\"width\":448,\"height\":317},{\"@type\":\"BreadcrumbList\",\"@id\":\"https:\\\/\\\/blogdofarnesio.com.br\\\/?p=215755#breadcrumb\",\"itemListElement\":[{\"@type\":\"ListItem\",\"position\":1,\"name\":\"In\u00edcio\",\"item\":\"https:\\\/\\\/blogdofarnesio.com.br\\\/\"},{\"@type\":\"ListItem\",\"position\":2,\"name\":\"CIDADES EM EXTREMA POBREZA E \u00c1REAS IND\u00cdGENAS S\u00c3O REJEITADAS NO &#8216;MAIS M\u00c9DICOS&#8217;\"}]},{\"@type\":\"WebSite\",\"@id\":\"https:\\\/\\\/blogdofarnesio.com.br\\\/#website\",\"url\":\"https:\\\/\\\/blogdofarnesio.com.br\\\/\",\"name\":\"Blog do Farn\u00e9sio\",\"description\":\"Quer Saber Pol\u00edtica?\",\"publisher\":{\"@id\":\"https:\\\/\\\/blogdofarnesio.com.br\\\/#organization\"},\"potentialAction\":[{\"@type\":\"SearchAction\",\"target\":{\"@type\":\"EntryPoint\",\"urlTemplate\":\"https:\\\/\\\/blogdofarnesio.com.br\\\/?s={search_term_string}\"},\"query-input\":{\"@type\":\"PropertyValueSpecification\",\"valueRequired\":true,\"valueName\":\"search_term_string\"}}],\"inLanguage\":\"pt-BR\"},{\"@type\":\"Organization\",\"@id\":\"https:\\\/\\\/blogdofarnesio.com.br\\\/#organization\",\"name\":\"Blog do Farn\u00e9sio\",\"url\":\"https:\\\/\\\/blogdofarnesio.com.br\\\/\",\"logo\":{\"@type\":\"ImageObject\",\"inLanguage\":\"pt-BR\",\"@id\":\"https:\\\/\\\/blogdofarnesio.com.br\\\/#\\\/schema\\\/logo\\\/image\\\/\",\"url\":\"https:\\\/\\\/blogdofarnesio.com.br\\\/wp-content\\\/uploads\\\/2026\\\/03\\\/cropped-logo_new-1.png\",\"contentUrl\":\"https:\\\/\\\/blogdofarnesio.com.br\\\/wp-content\\\/uploads\\\/2026\\\/03\\\/cropped-logo_new-1.png\",\"width\":881,\"height\":685,\"caption\":\"Blog do Farn\u00e9sio\"},\"image\":{\"@id\":\"https:\\\/\\\/blogdofarnesio.com.br\\\/#\\\/schema\\\/logo\\\/image\\\/\"},\"sameAs\":[\"https:\\\/\\\/www.facebook.com\\\/BlogQuerSaberPolitica\\\/\"]},{\"@type\":\"Person\",\"@id\":\"https:\\\/\\\/blogdofarnesio.com.br\\\/#\\\/schema\\\/person\\\/301c4acf522bccbfdb45af95b5b906a1\",\"name\":\"Farn\u00e9sio\",\"image\":{\"@type\":\"ImageObject\",\"inLanguage\":\"pt-BR\",\"@id\":\"https:\\\/\\\/secure.gravatar.com\\\/avatar\\\/df0c9a14567c056f8ad6876ba5bbd1e3e2c48023eb6807342fc4663adf549f38?s=96&d=mm&r=g\",\"url\":\"https:\\\/\\\/secure.gravatar.com\\\/avatar\\\/df0c9a14567c056f8ad6876ba5bbd1e3e2c48023eb6807342fc4663adf549f38?s=96&d=mm&r=g\",\"contentUrl\":\"https:\\\/\\\/secure.gravatar.com\\\/avatar\\\/df0c9a14567c056f8ad6876ba5bbd1e3e2c48023eb6807342fc4663adf549f38?s=96&d=mm&r=g\",\"caption\":\"Farn\u00e9sio\"},\"sameAs\":[\"https:\\\/\\\/quersaberpolitica.com.br\"],\"url\":\"https:\\\/\\\/blogdofarnesio.com.br\\\/?author=1\"}]}<\/script>\n<!-- \/ Yoast SEO plugin. -->","yoast_head_json":{"title":"CIDADES EM EXTREMA POBREZA E \u00c1REAS IND\u00cdGENAS S\u00c3O REJEITADAS NO 'MAIS M\u00c9DICOS' - Blog do Farn\u00e9sio","robots":{"index":"index","follow":"follow","max-snippet":"max-snippet:-1","max-image-preview":"max-image-preview:large","max-video-preview":"max-video-preview:-1"},"canonical":"https:\/\/blogdofarnesio.com.br\/?p=215755","og_locale":"pt_BR","og_type":"article","og_title":"CIDADES EM EXTREMA POBREZA E \u00c1REAS IND\u00cdGENAS S\u00c3O REJEITADAS NO 'MAIS M\u00c9DICOS' - Blog do Farn\u00e9sio","og_description":"por Nat\u00e1lia Cancian | Folhapress &#8211;\u00a0 Desde a sa\u00edda dos m\u00e9dicos cubanos do Mais M\u00e9dicos, o munic\u00edpio de Juru\u00e1, no interior do Amazonas, vive um cen\u00e1rio de alerta na sa\u00fade. &#8220;Ficou o caos.\u00a0Estamos mantendo o aux\u00edlio com base em enfermeiros e no \u00fanico m\u00e9dico que temos, mas que tamb\u00e9m atende urg\u00eancia e emerg\u00eancia e n\u00e3o pode ficar em tempo integral&#8221;,\u00a0diz a secret\u00e1ria de sa\u00fade do munic\u00edpio, N\u00e1dia Teixeira. Localizado a 24 horas de dist\u00e2ncia da capital do estado, Manaus, e com acesso apenas por barco e lancha, a cidade de at\u00e9 14 mil habitantes tinha at\u00e9 esta quinta-feira (29) tr\u00eas vagas abertas no programa -e nenhum m\u00e9dico interessado em ocup\u00e1-las. &#8220;Quando vi o edital, j\u00e1 sabia que sair\u00edamos prejudicados. Todo&hellip;","og_url":"https:\/\/blogdofarnesio.com.br\/?p=215755","og_site_name":"Blog do Farn\u00e9sio","article_publisher":"https:\/\/www.facebook.com\/BlogQuerSaberPolitica\/","article_published_time":"2018-11-30T19:40:54+00:00","og_image":[{"width":448,"height":317,"url":"https:\/\/blogdofarnesio.com.br\/wp-content\/uploads\/2014\/07\/blogqspvagasparam\u00e9dicos1.jpg","type":"image\/jpeg"}],"author":"Farn\u00e9sio","twitter_card":"summary_large_image","twitter_misc":{"Escrito por":"Farn\u00e9sio","Est. tempo de leitura":"4 minutos"},"schema":{"@context":"https:\/\/schema.org","@graph":[{"@type":"Article","@id":"https:\/\/blogdofarnesio.com.br\/?p=215755#article","isPartOf":{"@id":"https:\/\/blogdofarnesio.com.br\/?p=215755"},"author":{"name":"Farn\u00e9sio","@id":"https:\/\/blogdofarnesio.com.br\/#\/schema\/person\/301c4acf522bccbfdb45af95b5b906a1"},"headline":"CIDADES EM EXTREMA POBREZA E \u00c1REAS IND\u00cdGENAS S\u00c3O REJEITADAS NO &#8216;MAIS M\u00c9DICOS&#8217;","datePublished":"2018-11-30T19:40:54+00:00","mainEntityOfPage":{"@id":"https:\/\/blogdofarnesio.com.br\/?p=215755"},"wordCount":893,"publisher":{"@id":"https:\/\/blogdofarnesio.com.br\/#organization"},"image":{"@id":"https:\/\/blogdofarnesio.com.br\/?p=215755#primaryimage"},"thumbnailUrl":"https:\/\/blogdofarnesio.com.br\/wp-content\/uploads\/2014\/07\/blogqspvagasparam\u00e9dicos1.jpg","articleSection":["Sa\u00fade"],"inLanguage":"pt-BR"},{"@type":"WebPage","@id":"https:\/\/blogdofarnesio.com.br\/?p=215755","url":"https:\/\/blogdofarnesio.com.br\/?p=215755","name":"CIDADES EM EXTREMA POBREZA E \u00c1REAS IND\u00cdGENAS S\u00c3O REJEITADAS NO 'MAIS M\u00c9DICOS' - Blog do Farn\u00e9sio","isPartOf":{"@id":"https:\/\/blogdofarnesio.com.br\/#website"},"primaryImageOfPage":{"@id":"https:\/\/blogdofarnesio.com.br\/?p=215755#primaryimage"},"image":{"@id":"https:\/\/blogdofarnesio.com.br\/?p=215755#primaryimage"},"thumbnailUrl":"https:\/\/blogdofarnesio.com.br\/wp-content\/uploads\/2014\/07\/blogqspvagasparam\u00e9dicos1.jpg","datePublished":"2018-11-30T19:40:54+00:00","breadcrumb":{"@id":"https:\/\/blogdofarnesio.com.br\/?p=215755#breadcrumb"},"inLanguage":"pt-BR","potentialAction":[{"@type":"ReadAction","target":["https:\/\/blogdofarnesio.com.br\/?p=215755"]}]},{"@type":"ImageObject","inLanguage":"pt-BR","@id":"https:\/\/blogdofarnesio.com.br\/?p=215755#primaryimage","url":"https:\/\/blogdofarnesio.com.br\/wp-content\/uploads\/2014\/07\/blogqspvagasparam\u00e9dicos1.jpg","contentUrl":"https:\/\/blogdofarnesio.com.br\/wp-content\/uploads\/2014\/07\/blogqspvagasparam\u00e9dicos1.jpg","width":448,"height":317},{"@type":"BreadcrumbList","@id":"https:\/\/blogdofarnesio.com.br\/?p=215755#breadcrumb","itemListElement":[{"@type":"ListItem","position":1,"name":"In\u00edcio","item":"https:\/\/blogdofarnesio.com.br\/"},{"@type":"ListItem","position":2,"name":"CIDADES EM EXTREMA POBREZA E \u00c1REAS IND\u00cdGENAS S\u00c3O REJEITADAS NO &#8216;MAIS M\u00c9DICOS&#8217;"}]},{"@type":"WebSite","@id":"https:\/\/blogdofarnesio.com.br\/#website","url":"https:\/\/blogdofarnesio.com.br\/","name":"Blog do Farn\u00e9sio","description":"Quer Saber Pol\u00edtica?","publisher":{"@id":"https:\/\/blogdofarnesio.com.br\/#organization"},"potentialAction":[{"@type":"SearchAction","target":{"@type":"EntryPoint","urlTemplate":"https:\/\/blogdofarnesio.com.br\/?s={search_term_string}"},"query-input":{"@type":"PropertyValueSpecification","valueRequired":true,"valueName":"search_term_string"}}],"inLanguage":"pt-BR"},{"@type":"Organization","@id":"https:\/\/blogdofarnesio.com.br\/#organization","name":"Blog do Farn\u00e9sio","url":"https:\/\/blogdofarnesio.com.br\/","logo":{"@type":"ImageObject","inLanguage":"pt-BR","@id":"https:\/\/blogdofarnesio.com.br\/#\/schema\/logo\/image\/","url":"https:\/\/blogdofarnesio.com.br\/wp-content\/uploads\/2026\/03\/cropped-logo_new-1.png","contentUrl":"https:\/\/blogdofarnesio.com.br\/wp-content\/uploads\/2026\/03\/cropped-logo_new-1.png","width":881,"height":685,"caption":"Blog do Farn\u00e9sio"},"image":{"@id":"https:\/\/blogdofarnesio.com.br\/#\/schema\/logo\/image\/"},"sameAs":["https:\/\/www.facebook.com\/BlogQuerSaberPolitica\/"]},{"@type":"Person","@id":"https:\/\/blogdofarnesio.com.br\/#\/schema\/person\/301c4acf522bccbfdb45af95b5b906a1","name":"Farn\u00e9sio","image":{"@type":"ImageObject","inLanguage":"pt-BR","@id":"https:\/\/secure.gravatar.com\/avatar\/df0c9a14567c056f8ad6876ba5bbd1e3e2c48023eb6807342fc4663adf549f38?s=96&d=mm&r=g","url":"https:\/\/secure.gravatar.com\/avatar\/df0c9a14567c056f8ad6876ba5bbd1e3e2c48023eb6807342fc4663adf549f38?s=96&d=mm&r=g","contentUrl":"https:\/\/secure.gravatar.com\/avatar\/df0c9a14567c056f8ad6876ba5bbd1e3e2c48023eb6807342fc4663adf549f38?s=96&d=mm&r=g","caption":"Farn\u00e9sio"},"sameAs":["https:\/\/quersaberpolitica.com.br"],"url":"https:\/\/blogdofarnesio.com.br\/?author=1"}]}},"_links":{"self":[{"href":"https:\/\/blogdofarnesio.com.br\/index.php?rest_route=\/wp\/v2\/posts\/215755","targetHints":{"allow":["GET"]}}],"collection":[{"href":"https:\/\/blogdofarnesio.com.br\/index.php?rest_route=\/wp\/v2\/posts"}],"about":[{"href":"https:\/\/blogdofarnesio.com.br\/index.php?rest_route=\/wp\/v2\/types\/post"}],"author":[{"embeddable":true,"href":"https:\/\/blogdofarnesio.com.br\/index.php?rest_route=\/wp\/v2\/users\/1"}],"replies":[{"embeddable":true,"href":"https:\/\/blogdofarnesio.com.br\/index.php?rest_route=%2Fwp%2Fv2%2Fcomments&post=215755"}],"version-history":[{"count":0,"href":"https:\/\/blogdofarnesio.com.br\/index.php?rest_route=\/wp\/v2\/posts\/215755\/revisions"}],"wp:featuredmedia":[{"embeddable":true,"href":"https:\/\/blogdofarnesio.com.br\/index.php?rest_route=\/wp\/v2\/media\/90066"}],"wp:attachment":[{"href":"https:\/\/blogdofarnesio.com.br\/index.php?rest_route=%2Fwp%2Fv2%2Fmedia&parent=215755"}],"wp:term":[{"taxonomy":"category","embeddable":true,"href":"https:\/\/blogdofarnesio.com.br\/index.php?rest_route=%2Fwp%2Fv2%2Fcategories&post=215755"},{"taxonomy":"post_tag","embeddable":true,"href":"https:\/\/blogdofarnesio.com.br\/index.php?rest_route=%2Fwp%2Fv2%2Ftags&post=215755"}],"curies":[{"name":"wp","href":"https:\/\/api.w.org\/{rel}","templated":true}]}}