{"id":215752,"date":"2018-11-30T15:20:32","date_gmt":"2018-11-30T18:20:32","guid":{"rendered":"http:\/\/quersaberpolitica.com.br\/2016\/?p=215752"},"modified":"2018-11-30T15:18:41","modified_gmt":"2018-11-30T18:18:41","slug":"deam-delegacia-da-mulher-juazeiro-prende-oito-sujeitos-acusados-de-espancarem-mulheres","status":"publish","type":"post","link":"https:\/\/blogdofarnesio.com.br\/2018\/11\/deam-delegacia-da-mulher-juazeiro-prende-oito-sujeitos-acusados-de-espancarem-mulheres\/","title":{"rendered":"DEAM, DELEGACIA DA MULHER\/JUAZEIRO, PRENDE OITO SUJEITOS ACUSADOS DE ESPANCAREM MULHERES"},"content":{"rendered":"<div class=\"box-title\"><\/div>\n<div class=\"box-body\" data-io-article-url=\"https:\/\/www.bahianoticias.com.br\/municipios\/noticia\/15257-juazeiro-operacao-prende-8-acusados-de-agressoes-contra-mulheres.html\">\n<div class=\"text-center\">\n<div class=\"box-img\">\n<div class=\"img-legenda\">Uma opera\u00e7\u00e3o nesta sexta-feira (30) prendeu oito acusados de agress\u00e3o contra mulheres em Juazeiro, no Sert\u00e3o do S\u00e3o Francisco. Os acusados tinham descumprido medidas protetivas em caso de viol\u00eancia dom\u00e9stica. A Opera\u00e7\u00e3o Dandara foi deflagrada pela Delegacia Especial de Atendimento \u00e0 Mulher (Deam) e outras unidades da 17\u00aa Coordenadoria Regional de Pol\u00edcia do Interior (Coorpin).<\/div>\n<\/div>\n<\/div>\n<div class=\"text-descricao\">\n<p>Tiveram mandado de pris\u00e3o preventiva: Marcelo Gon\u00e7alves Vieira, Paulo Rodrigo dos Santos Souza, Paulo Lima de Almeida, Francivaldo da Concei\u00e7\u00e3o Araujo, Everton da Paix\u00e3o Vitoria, Jos\u00e9 Genivaldo de Souza Nascimento, Jos\u00e9 Antonio Pereira Silva e Jos\u00e9 Alves da Mota Sobrinho. Segundo a coordenadora da 17\u00aa Coorpin\/Juazeiro, delegada L\u00edgia Nunes, a opera\u00e7\u00e3o ocorre na semana de mobiliza\u00e7\u00f5es pelo Dia Internacional da N\u00e3o-Viol\u00eancia contra a Mulher, ocorrido no \u00faltimo dia 25 de novembro.<\/p>\n<p>\u201cTrouxemos Dandara como s\u00edmbolo desta a\u00e7\u00e3o. Ela foi esposa de Zumbi dos Palmares e uma das lideran\u00e7as femininas negras, que lutou contra o sistema escravocrata do s\u00e9culo XVII\u201d, explicou. Participaram das a\u00e7\u00f5es policiais da 17\u00aa Coorpin, Delegacia de T\u00f3xicos e Entorpecentes (DTE), 1\u00aa Delegacia Territorial (DT), Delegacia de Homic\u00eddios (DH), de Juazeiro, e a DT\/Uau\u00e1. Os presos ser\u00e3o apresentados em audi\u00eancia de cust\u00f3dia.<\/p>\n<\/div>\n<\/div>\n","protected":false},"excerpt":{"rendered":"<p>Uma opera\u00e7\u00e3o nesta sexta-feira (30) prendeu oito acusados de agress\u00e3o contra mulheres em Juazeiro, no Sert\u00e3o do S\u00e3o Francisco. Os acusados tinham descumprido medidas protetivas em caso de viol\u00eancia dom\u00e9stica. A Opera\u00e7\u00e3o Dandara foi deflagrada pela Delegacia Especial de Atendimento \u00e0 Mulher (Deam) e outras unidades da 17\u00aa Coordenadoria Regional de Pol\u00edcia do Interior (Coorpin). Tiveram mandado de pris\u00e3o preventiva: Marcelo Gon\u00e7alves Vieira, Paulo Rodrigo dos Santos Souza, Paulo Lima de Almeida, Francivaldo da Concei\u00e7\u00e3o Araujo, Everton da Paix\u00e3o Vitoria, Jos\u00e9 Genivaldo de Souza Nascimento, Jos\u00e9 Antonio Pereira Silva e Jos\u00e9 Alves da Mota Sobrinho. Segundo a coordenadora da 17\u00aa Coorpin\/Juazeiro, delegada L\u00edgia Nunes, a opera\u00e7\u00e3o ocorre na semana de mobiliza\u00e7\u00f5es pelo Dia Internacional da N\u00e3o-Viol\u00eancia contra a Mulher, ocorrido&hellip; <\/p>\n","protected":false},"author":1,"featured_media":215753,"comment_status":"closed","ping_status":"closed","sticky":false,"template":"","format":"standard","meta":{"_acf_changed":false,"footnotes":""},"categories":[9],"tags":[],"class_list":["post-215752","post","type-post","status-publish","format-standard","has-post-thumbnail","hentry","category-policia"],"acf":[],"yoast_head":"<!-- This site is optimized with the Yoast SEO plugin v27.5 - https:\/\/yoast.com\/product\/yoast-seo-wordpress\/ -->\n<title>DEAM, DELEGACIA DA MULHER\/JUAZEIRO, PRENDE OITO SUJEITOS ACUSADOS DE ESPANCAREM MULHERES - Blog do Farn\u00e9sio<\/title>\n<meta name=\"robots\" content=\"index, follow, max-snippet:-1, max-image-preview:large, max-video-preview:-1\" \/>\n<link rel=\"canonical\" href=\"https:\/\/blogdofarnesio.com.br\/2018\/11\/deam-delegacia-da-mulher-juazeiro-prende-oito-sujeitos-acusados-de-espancarem-mulheres\/\" \/>\n<meta property=\"og:locale\" content=\"pt_BR\" \/>\n<meta property=\"og:type\" content=\"article\" \/>\n<meta property=\"og:title\" content=\"DEAM, DELEGACIA DA MULHER\/JUAZEIRO, PRENDE OITO SUJEITOS ACUSADOS DE ESPANCAREM MULHERES - Blog do Farn\u00e9sio\" \/>\n<meta property=\"og:description\" content=\"Uma opera\u00e7\u00e3o nesta sexta-feira (30) prendeu oito acusados de agress\u00e3o contra mulheres em Juazeiro, no Sert\u00e3o do S\u00e3o Francisco. Os acusados tinham descumprido medidas protetivas em caso de viol\u00eancia dom\u00e9stica. A Opera\u00e7\u00e3o Dandara foi deflagrada pela Delegacia Especial de Atendimento \u00e0 Mulher (Deam) e outras unidades da 17\u00aa Coordenadoria Regional de Pol\u00edcia do Interior (Coorpin). Tiveram mandado de pris\u00e3o preventiva: Marcelo Gon\u00e7alves Vieira, Paulo Rodrigo dos Santos Souza, Paulo Lima de Almeida, Francivaldo da Concei\u00e7\u00e3o Araujo, Everton da Paix\u00e3o Vitoria, Jos\u00e9 Genivaldo de Souza Nascimento, Jos\u00e9 Antonio Pereira Silva e Jos\u00e9 Alves da Mota Sobrinho. Segundo a coordenadora da 17\u00aa Coorpin\/Juazeiro, delegada L\u00edgia Nunes, a opera\u00e7\u00e3o ocorre na semana de mobiliza\u00e7\u00f5es pelo Dia Internacional da N\u00e3o-Viol\u00eancia contra a Mulher, ocorrido&hellip;\" \/>\n<meta property=\"og:url\" content=\"https:\/\/blogdofarnesio.com.br\/2018\/11\/deam-delegacia-da-mulher-juazeiro-prende-oito-sujeitos-acusados-de-espancarem-mulheres\/\" \/>\n<meta property=\"og:site_name\" content=\"Blog do Farn\u00e9sio\" \/>\n<meta property=\"article:publisher\" content=\"https:\/\/www.facebook.com\/BlogQuerSaberPolitica\/\" \/>\n<meta property=\"article:published_time\" content=\"2018-11-30T18:20:32+00:00\" \/>\n<meta property=\"og:image\" content=\"https:\/\/blogdofarnesio.com.br\/wp-content\/uploads\/2018\/11\/blogqspcrime-jua-espcandores-de-mulheres.jpg\" \/>\n\t<meta property=\"og:image:width\" content=\"380\" \/>\n\t<meta property=\"og:image:height\" content=\"280\" \/>\n\t<meta property=\"og:image:type\" content=\"image\/jpeg\" \/>\n<meta name=\"author\" content=\"Farn\u00e9sio\" \/>\n<meta name=\"twitter:card\" content=\"summary_large_image\" \/>\n<meta name=\"twitter:label1\" content=\"Escrito por\" \/>\n\t<meta name=\"twitter:data1\" content=\"Farn\u00e9sio\" \/>\n\t<meta name=\"twitter:label2\" content=\"Est. tempo de leitura\" \/>\n\t<meta name=\"twitter:data2\" content=\"1 minuto\" \/>\n<script type=\"application\/ld+json\" class=\"yoast-schema-graph\">{\"@context\":\"https:\\\/\\\/schema.org\",\"@graph\":[{\"@type\":\"Article\",\"@id\":\"https:\\\/\\\/blogdofarnesio.com.br\\\/2018\\\/11\\\/deam-delegacia-da-mulher-juazeiro-prende-oito-sujeitos-acusados-de-espancarem-mulheres\\\/#article\",\"isPartOf\":{\"@id\":\"https:\\\/\\\/blogdofarnesio.com.br\\\/2018\\\/11\\\/deam-delegacia-da-mulher-juazeiro-prende-oito-sujeitos-acusados-de-espancarem-mulheres\\\/\"},\"author\":{\"name\":\"Farn\u00e9sio\",\"@id\":\"https:\\\/\\\/blogdofarnesio.com.br\\\/#\\\/schema\\\/person\\\/301c4acf522bccbfdb45af95b5b906a1\"},\"headline\":\"DEAM, DELEGACIA DA MULHER\\\/JUAZEIRO, PRENDE OITO SUJEITOS ACUSADOS DE ESPANCAREM MULHERES\",\"datePublished\":\"2018-11-30T18:20:32+00:00\",\"mainEntityOfPage\":{\"@id\":\"https:\\\/\\\/blogdofarnesio.com.br\\\/2018\\\/11\\\/deam-delegacia-da-mulher-juazeiro-prende-oito-sujeitos-acusados-de-espancarem-mulheres\\\/\"},\"wordCount\":223,\"publisher\":{\"@id\":\"https:\\\/\\\/blogdofarnesio.com.br\\\/#organization\"},\"image\":{\"@id\":\"https:\\\/\\\/blogdofarnesio.com.br\\\/2018\\\/11\\\/deam-delegacia-da-mulher-juazeiro-prende-oito-sujeitos-acusados-de-espancarem-mulheres\\\/#primaryimage\"},\"thumbnailUrl\":\"https:\\\/\\\/blogdofarnesio.com.br\\\/wp-content\\\/uploads\\\/2018\\\/11\\\/blogqspcrime-jua-espcandores-de-mulheres.jpg\",\"articleSection\":[\"Pol\u00edcia\"],\"inLanguage\":\"pt-BR\"},{\"@type\":\"WebPage\",\"@id\":\"https:\\\/\\\/blogdofarnesio.com.br\\\/2018\\\/11\\\/deam-delegacia-da-mulher-juazeiro-prende-oito-sujeitos-acusados-de-espancarem-mulheres\\\/\",\"url\":\"https:\\\/\\\/blogdofarnesio.com.br\\\/2018\\\/11\\\/deam-delegacia-da-mulher-juazeiro-prende-oito-sujeitos-acusados-de-espancarem-mulheres\\\/\",\"name\":\"DEAM, DELEGACIA DA MULHER\\\/JUAZEIRO, PRENDE OITO SUJEITOS ACUSADOS DE ESPANCAREM MULHERES - Blog do Farn\u00e9sio\",\"isPartOf\":{\"@id\":\"https:\\\/\\\/blogdofarnesio.com.br\\\/#website\"},\"primaryImageOfPage\":{\"@id\":\"https:\\\/\\\/blogdofarnesio.com.br\\\/2018\\\/11\\\/deam-delegacia-da-mulher-juazeiro-prende-oito-sujeitos-acusados-de-espancarem-mulheres\\\/#primaryimage\"},\"image\":{\"@id\":\"https:\\\/\\\/blogdofarnesio.com.br\\\/2018\\\/11\\\/deam-delegacia-da-mulher-juazeiro-prende-oito-sujeitos-acusados-de-espancarem-mulheres\\\/#primaryimage\"},\"thumbnailUrl\":\"https:\\\/\\\/blogdofarnesio.com.br\\\/wp-content\\\/uploads\\\/2018\\\/11\\\/blogqspcrime-jua-espcandores-de-mulheres.jpg\",\"datePublished\":\"2018-11-30T18:20:32+00:00\",\"breadcrumb\":{\"@id\":\"https:\\\/\\\/blogdofarnesio.com.br\\\/2018\\\/11\\\/deam-delegacia-da-mulher-juazeiro-prende-oito-sujeitos-acusados-de-espancarem-mulheres\\\/#breadcrumb\"},\"inLanguage\":\"pt-BR\",\"potentialAction\":[{\"@type\":\"ReadAction\",\"target\":[\"https:\\\/\\\/blogdofarnesio.com.br\\\/2018\\\/11\\\/deam-delegacia-da-mulher-juazeiro-prende-oito-sujeitos-acusados-de-espancarem-mulheres\\\/\"]}]},{\"@type\":\"ImageObject\",\"inLanguage\":\"pt-BR\",\"@id\":\"https:\\\/\\\/blogdofarnesio.com.br\\\/2018\\\/11\\\/deam-delegacia-da-mulher-juazeiro-prende-oito-sujeitos-acusados-de-espancarem-mulheres\\\/#primaryimage\",\"url\":\"https:\\\/\\\/blogdofarnesio.com.br\\\/wp-content\\\/uploads\\\/2018\\\/11\\\/blogqspcrime-jua-espcandores-de-mulheres.jpg\",\"contentUrl\":\"https:\\\/\\\/blogdofarnesio.com.br\\\/wp-content\\\/uploads\\\/2018\\\/11\\\/blogqspcrime-jua-espcandores-de-mulheres.jpg\",\"width\":380,\"height\":280,\"caption\":\"Foto: Divulga\u00e7\u00e3o \\\/ SSP-BA\"},{\"@type\":\"BreadcrumbList\",\"@id\":\"https:\\\/\\\/blogdofarnesio.com.br\\\/2018\\\/11\\\/deam-delegacia-da-mulher-juazeiro-prende-oito-sujeitos-acusados-de-espancarem-mulheres\\\/#breadcrumb\",\"itemListElement\":[{\"@type\":\"ListItem\",\"position\":1,\"name\":\"In\u00edcio\",\"item\":\"https:\\\/\\\/blogdofarnesio.com.br\\\/\"},{\"@type\":\"ListItem\",\"position\":2,\"name\":\"DEAM, DELEGACIA DA MULHER\\\/JUAZEIRO, PRENDE OITO SUJEITOS ACUSADOS DE ESPANCAREM MULHERES\"}]},{\"@type\":\"WebSite\",\"@id\":\"https:\\\/\\\/blogdofarnesio.com.br\\\/#website\",\"url\":\"https:\\\/\\\/blogdofarnesio.com.br\\\/\",\"name\":\"Blog do Farn\u00e9sio\",\"description\":\"Quer Saber Pol\u00edtica?\",\"publisher\":{\"@id\":\"https:\\\/\\\/blogdofarnesio.com.br\\\/#organization\"},\"potentialAction\":[{\"@type\":\"SearchAction\",\"target\":{\"@type\":\"EntryPoint\",\"urlTemplate\":\"https:\\\/\\\/blogdofarnesio.com.br\\\/?s={search_term_string}\"},\"query-input\":{\"@type\":\"PropertyValueSpecification\",\"valueRequired\":true,\"valueName\":\"search_term_string\"}}],\"inLanguage\":\"pt-BR\"},{\"@type\":\"Organization\",\"@id\":\"https:\\\/\\\/blogdofarnesio.com.br\\\/#organization\",\"name\":\"Blog do Farn\u00e9sio\",\"url\":\"https:\\\/\\\/blogdofarnesio.com.br\\\/\",\"logo\":{\"@type\":\"ImageObject\",\"inLanguage\":\"pt-BR\",\"@id\":\"https:\\\/\\\/blogdofarnesio.com.br\\\/#\\\/schema\\\/logo\\\/image\\\/\",\"url\":\"https:\\\/\\\/blogdofarnesio.com.br\\\/wp-content\\\/uploads\\\/2026\\\/03\\\/cropped-logo_new-1.png\",\"contentUrl\":\"https:\\\/\\\/blogdofarnesio.com.br\\\/wp-content\\\/uploads\\\/2026\\\/03\\\/cropped-logo_new-1.png\",\"width\":881,\"height\":685,\"caption\":\"Blog do Farn\u00e9sio\"},\"image\":{\"@id\":\"https:\\\/\\\/blogdofarnesio.com.br\\\/#\\\/schema\\\/logo\\\/image\\\/\"},\"sameAs\":[\"https:\\\/\\\/www.facebook.com\\\/BlogQuerSaberPolitica\\\/\"]},{\"@type\":\"Person\",\"@id\":\"https:\\\/\\\/blogdofarnesio.com.br\\\/#\\\/schema\\\/person\\\/301c4acf522bccbfdb45af95b5b906a1\",\"name\":\"Farn\u00e9sio\",\"image\":{\"@type\":\"ImageObject\",\"inLanguage\":\"pt-BR\",\"@id\":\"https:\\\/\\\/secure.gravatar.com\\\/avatar\\\/df0c9a14567c056f8ad6876ba5bbd1e3e2c48023eb6807342fc4663adf549f38?s=96&d=mm&r=g\",\"url\":\"https:\\\/\\\/secure.gravatar.com\\\/avatar\\\/df0c9a14567c056f8ad6876ba5bbd1e3e2c48023eb6807342fc4663adf549f38?s=96&d=mm&r=g\",\"contentUrl\":\"https:\\\/\\\/secure.gravatar.com\\\/avatar\\\/df0c9a14567c056f8ad6876ba5bbd1e3e2c48023eb6807342fc4663adf549f38?s=96&d=mm&r=g\",\"caption\":\"Farn\u00e9sio\"},\"sameAs\":[\"https:\\\/\\\/quersaberpolitica.com.br\"],\"url\":\"https:\\\/\\\/blogdofarnesio.com.br\\\/author\\\/farnesio\\\/\"}]}<\/script>\n<!-- \/ Yoast SEO plugin. -->","yoast_head_json":{"title":"DEAM, DELEGACIA DA MULHER\/JUAZEIRO, PRENDE OITO SUJEITOS ACUSADOS DE ESPANCAREM MULHERES - Blog do Farn\u00e9sio","robots":{"index":"index","follow":"follow","max-snippet":"max-snippet:-1","max-image-preview":"max-image-preview:large","max-video-preview":"max-video-preview:-1"},"canonical":"https:\/\/blogdofarnesio.com.br\/2018\/11\/deam-delegacia-da-mulher-juazeiro-prende-oito-sujeitos-acusados-de-espancarem-mulheres\/","og_locale":"pt_BR","og_type":"article","og_title":"DEAM, DELEGACIA DA MULHER\/JUAZEIRO, PRENDE OITO SUJEITOS ACUSADOS DE ESPANCAREM MULHERES - Blog do Farn\u00e9sio","og_description":"Uma opera\u00e7\u00e3o nesta sexta-feira (30) prendeu oito acusados de agress\u00e3o contra mulheres em Juazeiro, no Sert\u00e3o do S\u00e3o Francisco. Os acusados tinham descumprido medidas protetivas em caso de viol\u00eancia dom\u00e9stica. A Opera\u00e7\u00e3o Dandara foi deflagrada pela Delegacia Especial de Atendimento \u00e0 Mulher (Deam) e outras unidades da 17\u00aa Coordenadoria Regional de Pol\u00edcia do Interior (Coorpin). Tiveram mandado de pris\u00e3o preventiva: Marcelo Gon\u00e7alves Vieira, Paulo Rodrigo dos Santos Souza, Paulo Lima de Almeida, Francivaldo da Concei\u00e7\u00e3o Araujo, Everton da Paix\u00e3o Vitoria, Jos\u00e9 Genivaldo de Souza Nascimento, Jos\u00e9 Antonio Pereira Silva e Jos\u00e9 Alves da Mota Sobrinho. Segundo a coordenadora da 17\u00aa Coorpin\/Juazeiro, delegada L\u00edgia Nunes, a opera\u00e7\u00e3o ocorre na semana de mobiliza\u00e7\u00f5es pelo Dia Internacional da N\u00e3o-Viol\u00eancia contra a Mulher, ocorrido&hellip;","og_url":"https:\/\/blogdofarnesio.com.br\/2018\/11\/deam-delegacia-da-mulher-juazeiro-prende-oito-sujeitos-acusados-de-espancarem-mulheres\/","og_site_name":"Blog do Farn\u00e9sio","article_publisher":"https:\/\/www.facebook.com\/BlogQuerSaberPolitica\/","article_published_time":"2018-11-30T18:20:32+00:00","og_image":[{"width":380,"height":280,"url":"https:\/\/blogdofarnesio.com.br\/wp-content\/uploads\/2018\/11\/blogqspcrime-jua-espcandores-de-mulheres.jpg","type":"image\/jpeg"}],"author":"Farn\u00e9sio","twitter_card":"summary_large_image","twitter_misc":{"Escrito por":"Farn\u00e9sio","Est. tempo de leitura":"1 minuto"},"schema":{"@context":"https:\/\/schema.org","@graph":[{"@type":"Article","@id":"https:\/\/blogdofarnesio.com.br\/2018\/11\/deam-delegacia-da-mulher-juazeiro-prende-oito-sujeitos-acusados-de-espancarem-mulheres\/#article","isPartOf":{"@id":"https:\/\/blogdofarnesio.com.br\/2018\/11\/deam-delegacia-da-mulher-juazeiro-prende-oito-sujeitos-acusados-de-espancarem-mulheres\/"},"author":{"name":"Farn\u00e9sio","@id":"https:\/\/blogdofarnesio.com.br\/#\/schema\/person\/301c4acf522bccbfdb45af95b5b906a1"},"headline":"DEAM, DELEGACIA DA MULHER\/JUAZEIRO, PRENDE OITO SUJEITOS ACUSADOS DE ESPANCAREM MULHERES","datePublished":"2018-11-30T18:20:32+00:00","mainEntityOfPage":{"@id":"https:\/\/blogdofarnesio.com.br\/2018\/11\/deam-delegacia-da-mulher-juazeiro-prende-oito-sujeitos-acusados-de-espancarem-mulheres\/"},"wordCount":223,"publisher":{"@id":"https:\/\/blogdofarnesio.com.br\/#organization"},"image":{"@id":"https:\/\/blogdofarnesio.com.br\/2018\/11\/deam-delegacia-da-mulher-juazeiro-prende-oito-sujeitos-acusados-de-espancarem-mulheres\/#primaryimage"},"thumbnailUrl":"https:\/\/blogdofarnesio.com.br\/wp-content\/uploads\/2018\/11\/blogqspcrime-jua-espcandores-de-mulheres.jpg","articleSection":["Pol\u00edcia"],"inLanguage":"pt-BR"},{"@type":"WebPage","@id":"https:\/\/blogdofarnesio.com.br\/2018\/11\/deam-delegacia-da-mulher-juazeiro-prende-oito-sujeitos-acusados-de-espancarem-mulheres\/","url":"https:\/\/blogdofarnesio.com.br\/2018\/11\/deam-delegacia-da-mulher-juazeiro-prende-oito-sujeitos-acusados-de-espancarem-mulheres\/","name":"DEAM, DELEGACIA DA MULHER\/JUAZEIRO, PRENDE OITO SUJEITOS ACUSADOS DE ESPANCAREM MULHERES - Blog do Farn\u00e9sio","isPartOf":{"@id":"https:\/\/blogdofarnesio.com.br\/#website"},"primaryImageOfPage":{"@id":"https:\/\/blogdofarnesio.com.br\/2018\/11\/deam-delegacia-da-mulher-juazeiro-prende-oito-sujeitos-acusados-de-espancarem-mulheres\/#primaryimage"},"image":{"@id":"https:\/\/blogdofarnesio.com.br\/2018\/11\/deam-delegacia-da-mulher-juazeiro-prende-oito-sujeitos-acusados-de-espancarem-mulheres\/#primaryimage"},"thumbnailUrl":"https:\/\/blogdofarnesio.com.br\/wp-content\/uploads\/2018\/11\/blogqspcrime-jua-espcandores-de-mulheres.jpg","datePublished":"2018-11-30T18:20:32+00:00","breadcrumb":{"@id":"https:\/\/blogdofarnesio.com.br\/2018\/11\/deam-delegacia-da-mulher-juazeiro-prende-oito-sujeitos-acusados-de-espancarem-mulheres\/#breadcrumb"},"inLanguage":"pt-BR","potentialAction":[{"@type":"ReadAction","target":["https:\/\/blogdofarnesio.com.br\/2018\/11\/deam-delegacia-da-mulher-juazeiro-prende-oito-sujeitos-acusados-de-espancarem-mulheres\/"]}]},{"@type":"ImageObject","inLanguage":"pt-BR","@id":"https:\/\/blogdofarnesio.com.br\/2018\/11\/deam-delegacia-da-mulher-juazeiro-prende-oito-sujeitos-acusados-de-espancarem-mulheres\/#primaryimage","url":"https:\/\/blogdofarnesio.com.br\/wp-content\/uploads\/2018\/11\/blogqspcrime-jua-espcandores-de-mulheres.jpg","contentUrl":"https:\/\/blogdofarnesio.com.br\/wp-content\/uploads\/2018\/11\/blogqspcrime-jua-espcandores-de-mulheres.jpg","width":380,"height":280,"caption":"Foto: Divulga\u00e7\u00e3o \/ SSP-BA"},{"@type":"BreadcrumbList","@id":"https:\/\/blogdofarnesio.com.br\/2018\/11\/deam-delegacia-da-mulher-juazeiro-prende-oito-sujeitos-acusados-de-espancarem-mulheres\/#breadcrumb","itemListElement":[{"@type":"ListItem","position":1,"name":"In\u00edcio","item":"https:\/\/blogdofarnesio.com.br\/"},{"@type":"ListItem","position":2,"name":"DEAM, DELEGACIA DA MULHER\/JUAZEIRO, PRENDE OITO SUJEITOS ACUSADOS DE ESPANCAREM MULHERES"}]},{"@type":"WebSite","@id":"https:\/\/blogdofarnesio.com.br\/#website","url":"https:\/\/blogdofarnesio.com.br\/","name":"Blog do Farn\u00e9sio","description":"Quer Saber Pol\u00edtica?","publisher":{"@id":"https:\/\/blogdofarnesio.com.br\/#organization"},"potentialAction":[{"@type":"SearchAction","target":{"@type":"EntryPoint","urlTemplate":"https:\/\/blogdofarnesio.com.br\/?s={search_term_string}"},"query-input":{"@type":"PropertyValueSpecification","valueRequired":true,"valueName":"search_term_string"}}],"inLanguage":"pt-BR"},{"@type":"Organization","@id":"https:\/\/blogdofarnesio.com.br\/#organization","name":"Blog do Farn\u00e9sio","url":"https:\/\/blogdofarnesio.com.br\/","logo":{"@type":"ImageObject","inLanguage":"pt-BR","@id":"https:\/\/blogdofarnesio.com.br\/#\/schema\/logo\/image\/","url":"https:\/\/blogdofarnesio.com.br\/wp-content\/uploads\/2026\/03\/cropped-logo_new-1.png","contentUrl":"https:\/\/blogdofarnesio.com.br\/wp-content\/uploads\/2026\/03\/cropped-logo_new-1.png","width":881,"height":685,"caption":"Blog do Farn\u00e9sio"},"image":{"@id":"https:\/\/blogdofarnesio.com.br\/#\/schema\/logo\/image\/"},"sameAs":["https:\/\/www.facebook.com\/BlogQuerSaberPolitica\/"]},{"@type":"Person","@id":"https:\/\/blogdofarnesio.com.br\/#\/schema\/person\/301c4acf522bccbfdb45af95b5b906a1","name":"Farn\u00e9sio","image":{"@type":"ImageObject","inLanguage":"pt-BR","@id":"https:\/\/secure.gravatar.com\/avatar\/df0c9a14567c056f8ad6876ba5bbd1e3e2c48023eb6807342fc4663adf549f38?s=96&d=mm&r=g","url":"https:\/\/secure.gravatar.com\/avatar\/df0c9a14567c056f8ad6876ba5bbd1e3e2c48023eb6807342fc4663adf549f38?s=96&d=mm&r=g","contentUrl":"https:\/\/secure.gravatar.com\/avatar\/df0c9a14567c056f8ad6876ba5bbd1e3e2c48023eb6807342fc4663adf549f38?s=96&d=mm&r=g","caption":"Farn\u00e9sio"},"sameAs":["https:\/\/quersaberpolitica.com.br"],"url":"https:\/\/blogdofarnesio.com.br\/author\/farnesio\/"}]}},"_links":{"self":[{"href":"https:\/\/blogdofarnesio.com.br\/wp-json\/wp\/v2\/posts\/215752","targetHints":{"allow":["GET"]}}],"collection":[{"href":"https:\/\/blogdofarnesio.com.br\/wp-json\/wp\/v2\/posts"}],"about":[{"href":"https:\/\/blogdofarnesio.com.br\/wp-json\/wp\/v2\/types\/post"}],"author":[{"embeddable":true,"href":"https:\/\/blogdofarnesio.com.br\/wp-json\/wp\/v2\/users\/1"}],"replies":[{"embeddable":true,"href":"https:\/\/blogdofarnesio.com.br\/wp-json\/wp\/v2\/comments?post=215752"}],"version-history":[{"count":0,"href":"https:\/\/blogdofarnesio.com.br\/wp-json\/wp\/v2\/posts\/215752\/revisions"}],"wp:featuredmedia":[{"embeddable":true,"href":"https:\/\/blogdofarnesio.com.br\/wp-json\/wp\/v2\/media\/215753"}],"wp:attachment":[{"href":"https:\/\/blogdofarnesio.com.br\/wp-json\/wp\/v2\/media?parent=215752"}],"wp:term":[{"taxonomy":"category","embeddable":true,"href":"https:\/\/blogdofarnesio.com.br\/wp-json\/wp\/v2\/categories?post=215752"},{"taxonomy":"post_tag","embeddable":true,"href":"https:\/\/blogdofarnesio.com.br\/wp-json\/wp\/v2\/tags?post=215752"}],"curies":[{"name":"wp","href":"https:\/\/api.w.org\/{rel}","templated":true}]}}