{"id":215734,"date":"2018-11-30T15:00:20","date_gmt":"2018-11-30T18:00:20","guid":{"rendered":"http:\/\/quersaberpolitica.com.br\/2016\/?p=215734"},"modified":"2018-11-30T12:00:46","modified_gmt":"2018-11-30T15:00:46","slug":"presidente-do-consorcio-da-policlinica-regiao-norte-ana-passos-assina-contratacao-de-empresa-para-processo-seletivo","status":"publish","type":"post","link":"https:\/\/blogdofarnesio.com.br\/2018\/11\/presidente-do-consorcio-da-policlinica-regiao-norte-ana-passos-assina-contratacao-de-empresa-para-processo-seletivo\/","title":{"rendered":"PRESIDENTE DO CONS\u00d3RCIO DA POLICL\u00cdNICA REGI\u00c3O NORTE ANA PASSOS ASSINA CONTRATA\u00c7\u00c3O DE EMPRESA PARA PROCESSO SELETIVO"},"content":{"rendered":"<p style=\"font-weight: 400; text-align: justify;\">\n<p style=\"font-weight: 400; text-align: justify;\">Na manh\u00e3 desta quinta-feira, 29 de novembro, em Salvador, a Presidente do Cons\u00f3rcio P\u00fablico Interfederativo de Sa\u00fade da Regi\u00e3o Norte de Juazeiro, Ana Passos (Prefeita de Sento-S\u00e9) assinou a libera\u00e7\u00e3o da contrata\u00e7\u00e3o da Funda\u00e7\u00e3o de Apoio \u00e0 Educa\u00e7\u00e3o e Desenvolvimento Tecnol\u00f3gico (Cefet) que constituir\u00e1 o processo seletivo da Policl\u00ednica Regional, em Juazeiro.<\/p>\n<p style=\"font-weight: 400; text-align: justify;\">O processo objetiva a contrata\u00e7\u00e3o de aproximadamente 220 profissionais, com sal\u00e1rios de at\u00e9 R$10 mil.<\/p>\n<p style=\"font-weight: 400; text-align: justify;\">Al\u00e9m da gestora, os presidentes dos cons\u00f3rcios de sa\u00fade das regi\u00f5es de Jacobina, Paulo Afonso e Vit\u00f3ria da Conquista assinaram contrato com a Cefet para a realiza\u00e7\u00e3o da sele\u00e7\u00e3o para atuarem nas policl\u00ednicas.<\/p>\n<p style=\"font-weight: 400; text-align: justify;\">A Presidente do Cons\u00f3rcio, Ana Passos observou \u201ceste \u00e9 mais um passo para o trabalho que vamos realizar no atendimento em sa\u00fade da nossa regi\u00e3o. Logo o processo estar\u00e1 selecionando profissionais de diversas especialidades para cuidar da nossa gente com qualidade e efici\u00eancia em 2019\u201d, disse Passos.<\/p>\n<p style=\"font-weight: 400; text-align: justify;\">T\u00e2mara T\u00e1rcia\/Ascom Ana Passos<\/p>\n","protected":false},"excerpt":{"rendered":"<p>Na manh\u00e3 desta quinta-feira, 29 de novembro, em Salvador, a Presidente do Cons\u00f3rcio P\u00fablico Interfederativo de Sa\u00fade da Regi\u00e3o Norte de Juazeiro, Ana Passos (Prefeita de Sento-S\u00e9) assinou a libera\u00e7\u00e3o da contrata\u00e7\u00e3o da Funda\u00e7\u00e3o de Apoio \u00e0 Educa\u00e7\u00e3o e Desenvolvimento Tecnol\u00f3gico (Cefet) que constituir\u00e1 o processo seletivo da Policl\u00ednica Regional, em Juazeiro. O processo objetiva a contrata\u00e7\u00e3o de aproximadamente 220 profissionais, com sal\u00e1rios de at\u00e9 R$10 mil. Al\u00e9m da gestora, os presidentes dos cons\u00f3rcios de sa\u00fade das regi\u00f5es de Jacobina, Paulo Afonso e Vit\u00f3ria da Conquista assinaram contrato com a Cefet para a realiza\u00e7\u00e3o da sele\u00e7\u00e3o para atuarem nas policl\u00ednicas. A Presidente do Cons\u00f3rcio, Ana Passos observou \u201ceste \u00e9 mais um passo para o trabalho que vamos realizar no atendimento&hellip; <\/p>\n","protected":false},"author":1,"featured_media":215736,"comment_status":"closed","ping_status":"closed","sticky":false,"template":"","format":"standard","meta":{"_acf_changed":false,"footnotes":""},"categories":[44],"tags":[],"class_list":["post-215734","post","type-post","status-publish","format-standard","has-post-thumbnail","hentry","category-administracao"],"acf":[],"yoast_head":"<!-- This site is optimized with the Yoast SEO plugin v27.5 - https:\/\/yoast.com\/product\/yoast-seo-wordpress\/ -->\n<title>PRESIDENTE DO CONS\u00d3RCIO DA POLICL\u00cdNICA REGI\u00c3O NORTE ANA PASSOS ASSINA CONTRATA\u00c7\u00c3O DE EMPRESA PARA PROCESSO SELETIVO - Blog do Farn\u00e9sio<\/title>\n<meta name=\"robots\" content=\"index, follow, max-snippet:-1, max-image-preview:large, max-video-preview:-1\" \/>\n<link rel=\"canonical\" href=\"https:\/\/blogdofarnesio.com.br\/2018\/11\/presidente-do-consorcio-da-policlinica-regiao-norte-ana-passos-assina-contratacao-de-empresa-para-processo-seletivo\/\" \/>\n<meta property=\"og:locale\" content=\"pt_BR\" \/>\n<meta property=\"og:type\" content=\"article\" \/>\n<meta property=\"og:title\" content=\"PRESIDENTE DO CONS\u00d3RCIO DA POLICL\u00cdNICA REGI\u00c3O NORTE ANA PASSOS ASSINA CONTRATA\u00c7\u00c3O DE EMPRESA PARA PROCESSO SELETIVO - Blog do Farn\u00e9sio\" \/>\n<meta property=\"og:description\" content=\"Na manh\u00e3 desta quinta-feira, 29 de novembro, em Salvador, a Presidente do Cons\u00f3rcio P\u00fablico Interfederativo de Sa\u00fade da Regi\u00e3o Norte de Juazeiro, Ana Passos (Prefeita de Sento-S\u00e9) assinou a libera\u00e7\u00e3o da contrata\u00e7\u00e3o da Funda\u00e7\u00e3o de Apoio \u00e0 Educa\u00e7\u00e3o e Desenvolvimento Tecnol\u00f3gico (Cefet) que constituir\u00e1 o processo seletivo da Policl\u00ednica Regional, em Juazeiro. O processo objetiva a contrata\u00e7\u00e3o de aproximadamente 220 profissionais, com sal\u00e1rios de at\u00e9 R$10 mil. Al\u00e9m da gestora, os presidentes dos cons\u00f3rcios de sa\u00fade das regi\u00f5es de Jacobina, Paulo Afonso e Vit\u00f3ria da Conquista assinaram contrato com a Cefet para a realiza\u00e7\u00e3o da sele\u00e7\u00e3o para atuarem nas policl\u00ednicas. A Presidente do Cons\u00f3rcio, Ana Passos observou \u201ceste \u00e9 mais um passo para o trabalho que vamos realizar no atendimento&hellip;\" \/>\n<meta property=\"og:url\" content=\"https:\/\/blogdofarnesio.com.br\/2018\/11\/presidente-do-consorcio-da-policlinica-regiao-norte-ana-passos-assina-contratacao-de-empresa-para-processo-seletivo\/\" \/>\n<meta property=\"og:site_name\" content=\"Blog do Farn\u00e9sio\" \/>\n<meta property=\"article:publisher\" content=\"https:\/\/www.facebook.com\/BlogQuerSaberPolitica\/\" \/>\n<meta property=\"article:published_time\" content=\"2018-11-30T18:00:20+00:00\" \/>\n<meta property=\"og:image\" content=\"https:\/\/blogdofarnesio.com.br\/wp-content\/uploads\/2018\/11\/BLOGQSP-Contrata\u00e7\u00e3o-de-empresa-para-processo-seletivo-2.jpeg\" \/>\n\t<meta property=\"og:image:width\" content=\"640\" \/>\n\t<meta property=\"og:image:height\" content=\"360\" \/>\n\t<meta property=\"og:image:type\" content=\"image\/jpeg\" \/>\n<meta name=\"author\" content=\"Farn\u00e9sio\" \/>\n<meta name=\"twitter:card\" content=\"summary_large_image\" \/>\n<meta name=\"twitter:label1\" content=\"Escrito por\" \/>\n\t<meta name=\"twitter:data1\" content=\"Farn\u00e9sio\" \/>\n\t<meta name=\"twitter:label2\" content=\"Est. tempo de leitura\" \/>\n\t<meta name=\"twitter:data2\" content=\"1 minuto\" \/>\n<script type=\"application\/ld+json\" class=\"yoast-schema-graph\">{\"@context\":\"https:\\\/\\\/schema.org\",\"@graph\":[{\"@type\":\"Article\",\"@id\":\"https:\\\/\\\/blogdofarnesio.com.br\\\/2018\\\/11\\\/presidente-do-consorcio-da-policlinica-regiao-norte-ana-passos-assina-contratacao-de-empresa-para-processo-seletivo\\\/#article\",\"isPartOf\":{\"@id\":\"https:\\\/\\\/blogdofarnesio.com.br\\\/2018\\\/11\\\/presidente-do-consorcio-da-policlinica-regiao-norte-ana-passos-assina-contratacao-de-empresa-para-processo-seletivo\\\/\"},\"author\":{\"name\":\"Farn\u00e9sio\",\"@id\":\"https:\\\/\\\/blogdofarnesio.com.br\\\/#\\\/schema\\\/person\\\/301c4acf522bccbfdb45af95b5b906a1\"},\"headline\":\"PRESIDENTE DO CONS\u00d3RCIO DA POLICL\u00cdNICA REGI\u00c3O NORTE ANA PASSOS ASSINA CONTRATA\u00c7\u00c3O DE EMPRESA PARA PROCESSO SELETIVO\",\"datePublished\":\"2018-11-30T18:00:20+00:00\",\"mainEntityOfPage\":{\"@id\":\"https:\\\/\\\/blogdofarnesio.com.br\\\/2018\\\/11\\\/presidente-do-consorcio-da-policlinica-regiao-norte-ana-passos-assina-contratacao-de-empresa-para-processo-seletivo\\\/\"},\"wordCount\":193,\"publisher\":{\"@id\":\"https:\\\/\\\/blogdofarnesio.com.br\\\/#organization\"},\"image\":{\"@id\":\"https:\\\/\\\/blogdofarnesio.com.br\\\/2018\\\/11\\\/presidente-do-consorcio-da-policlinica-regiao-norte-ana-passos-assina-contratacao-de-empresa-para-processo-seletivo\\\/#primaryimage\"},\"thumbnailUrl\":\"https:\\\/\\\/blogdofarnesio.com.br\\\/wp-content\\\/uploads\\\/2018\\\/11\\\/BLOGQSP-Contrata\u00e7\u00e3o-de-empresa-para-processo-seletivo-2.jpeg\",\"articleSection\":[\"Administra\u00e7\u00e3o\"],\"inLanguage\":\"pt-BR\"},{\"@type\":\"WebPage\",\"@id\":\"https:\\\/\\\/blogdofarnesio.com.br\\\/2018\\\/11\\\/presidente-do-consorcio-da-policlinica-regiao-norte-ana-passos-assina-contratacao-de-empresa-para-processo-seletivo\\\/\",\"url\":\"https:\\\/\\\/blogdofarnesio.com.br\\\/2018\\\/11\\\/presidente-do-consorcio-da-policlinica-regiao-norte-ana-passos-assina-contratacao-de-empresa-para-processo-seletivo\\\/\",\"name\":\"PRESIDENTE DO CONS\u00d3RCIO DA POLICL\u00cdNICA REGI\u00c3O NORTE ANA PASSOS ASSINA CONTRATA\u00c7\u00c3O DE EMPRESA PARA PROCESSO SELETIVO - Blog do Farn\u00e9sio\",\"isPartOf\":{\"@id\":\"https:\\\/\\\/blogdofarnesio.com.br\\\/#website\"},\"primaryImageOfPage\":{\"@id\":\"https:\\\/\\\/blogdofarnesio.com.br\\\/2018\\\/11\\\/presidente-do-consorcio-da-policlinica-regiao-norte-ana-passos-assina-contratacao-de-empresa-para-processo-seletivo\\\/#primaryimage\"},\"image\":{\"@id\":\"https:\\\/\\\/blogdofarnesio.com.br\\\/2018\\\/11\\\/presidente-do-consorcio-da-policlinica-regiao-norte-ana-passos-assina-contratacao-de-empresa-para-processo-seletivo\\\/#primaryimage\"},\"thumbnailUrl\":\"https:\\\/\\\/blogdofarnesio.com.br\\\/wp-content\\\/uploads\\\/2018\\\/11\\\/BLOGQSP-Contrata\u00e7\u00e3o-de-empresa-para-processo-seletivo-2.jpeg\",\"datePublished\":\"2018-11-30T18:00:20+00:00\",\"breadcrumb\":{\"@id\":\"https:\\\/\\\/blogdofarnesio.com.br\\\/2018\\\/11\\\/presidente-do-consorcio-da-policlinica-regiao-norte-ana-passos-assina-contratacao-de-empresa-para-processo-seletivo\\\/#breadcrumb\"},\"inLanguage\":\"pt-BR\",\"potentialAction\":[{\"@type\":\"ReadAction\",\"target\":[\"https:\\\/\\\/blogdofarnesio.com.br\\\/2018\\\/11\\\/presidente-do-consorcio-da-policlinica-regiao-norte-ana-passos-assina-contratacao-de-empresa-para-processo-seletivo\\\/\"]}]},{\"@type\":\"ImageObject\",\"inLanguage\":\"pt-BR\",\"@id\":\"https:\\\/\\\/blogdofarnesio.com.br\\\/2018\\\/11\\\/presidente-do-consorcio-da-policlinica-regiao-norte-ana-passos-assina-contratacao-de-empresa-para-processo-seletivo\\\/#primaryimage\",\"url\":\"https:\\\/\\\/blogdofarnesio.com.br\\\/wp-content\\\/uploads\\\/2018\\\/11\\\/BLOGQSP-Contrata\u00e7\u00e3o-de-empresa-para-processo-seletivo-2.jpeg\",\"contentUrl\":\"https:\\\/\\\/blogdofarnesio.com.br\\\/wp-content\\\/uploads\\\/2018\\\/11\\\/BLOGQSP-Contrata\u00e7\u00e3o-de-empresa-para-processo-seletivo-2.jpeg\",\"width\":640,\"height\":360},{\"@type\":\"BreadcrumbList\",\"@id\":\"https:\\\/\\\/blogdofarnesio.com.br\\\/2018\\\/11\\\/presidente-do-consorcio-da-policlinica-regiao-norte-ana-passos-assina-contratacao-de-empresa-para-processo-seletivo\\\/#breadcrumb\",\"itemListElement\":[{\"@type\":\"ListItem\",\"position\":1,\"name\":\"In\u00edcio\",\"item\":\"https:\\\/\\\/blogdofarnesio.com.br\\\/\"},{\"@type\":\"ListItem\",\"position\":2,\"name\":\"PRESIDENTE DO CONS\u00d3RCIO DA POLICL\u00cdNICA REGI\u00c3O NORTE ANA PASSOS ASSINA CONTRATA\u00c7\u00c3O DE EMPRESA PARA PROCESSO SELETIVO\"}]},{\"@type\":\"WebSite\",\"@id\":\"https:\\\/\\\/blogdofarnesio.com.br\\\/#website\",\"url\":\"https:\\\/\\\/blogdofarnesio.com.br\\\/\",\"name\":\"Blog do Farn\u00e9sio\",\"description\":\"Quer Saber Pol\u00edtica?\",\"publisher\":{\"@id\":\"https:\\\/\\\/blogdofarnesio.com.br\\\/#organization\"},\"potentialAction\":[{\"@type\":\"SearchAction\",\"target\":{\"@type\":\"EntryPoint\",\"urlTemplate\":\"https:\\\/\\\/blogdofarnesio.com.br\\\/?s={search_term_string}\"},\"query-input\":{\"@type\":\"PropertyValueSpecification\",\"valueRequired\":true,\"valueName\":\"search_term_string\"}}],\"inLanguage\":\"pt-BR\"},{\"@type\":\"Organization\",\"@id\":\"https:\\\/\\\/blogdofarnesio.com.br\\\/#organization\",\"name\":\"Blog do Farn\u00e9sio\",\"url\":\"https:\\\/\\\/blogdofarnesio.com.br\\\/\",\"logo\":{\"@type\":\"ImageObject\",\"inLanguage\":\"pt-BR\",\"@id\":\"https:\\\/\\\/blogdofarnesio.com.br\\\/#\\\/schema\\\/logo\\\/image\\\/\",\"url\":\"https:\\\/\\\/blogdofarnesio.com.br\\\/wp-content\\\/uploads\\\/2026\\\/03\\\/cropped-logo_new-1.png\",\"contentUrl\":\"https:\\\/\\\/blogdofarnesio.com.br\\\/wp-content\\\/uploads\\\/2026\\\/03\\\/cropped-logo_new-1.png\",\"width\":881,\"height\":685,\"caption\":\"Blog do Farn\u00e9sio\"},\"image\":{\"@id\":\"https:\\\/\\\/blogdofarnesio.com.br\\\/#\\\/schema\\\/logo\\\/image\\\/\"},\"sameAs\":[\"https:\\\/\\\/www.facebook.com\\\/BlogQuerSaberPolitica\\\/\"]},{\"@type\":\"Person\",\"@id\":\"https:\\\/\\\/blogdofarnesio.com.br\\\/#\\\/schema\\\/person\\\/301c4acf522bccbfdb45af95b5b906a1\",\"name\":\"Farn\u00e9sio\",\"image\":{\"@type\":\"ImageObject\",\"inLanguage\":\"pt-BR\",\"@id\":\"https:\\\/\\\/secure.gravatar.com\\\/avatar\\\/df0c9a14567c056f8ad6876ba5bbd1e3e2c48023eb6807342fc4663adf549f38?s=96&d=mm&r=g\",\"url\":\"https:\\\/\\\/secure.gravatar.com\\\/avatar\\\/df0c9a14567c056f8ad6876ba5bbd1e3e2c48023eb6807342fc4663adf549f38?s=96&d=mm&r=g\",\"contentUrl\":\"https:\\\/\\\/secure.gravatar.com\\\/avatar\\\/df0c9a14567c056f8ad6876ba5bbd1e3e2c48023eb6807342fc4663adf549f38?s=96&d=mm&r=g\",\"caption\":\"Farn\u00e9sio\"},\"sameAs\":[\"https:\\\/\\\/quersaberpolitica.com.br\"],\"url\":\"https:\\\/\\\/blogdofarnesio.com.br\\\/author\\\/farnesio\\\/\"}]}<\/script>\n<!-- \/ Yoast SEO plugin. -->","yoast_head_json":{"title":"PRESIDENTE DO CONS\u00d3RCIO DA POLICL\u00cdNICA REGI\u00c3O NORTE ANA PASSOS ASSINA CONTRATA\u00c7\u00c3O DE EMPRESA PARA PROCESSO SELETIVO - Blog do Farn\u00e9sio","robots":{"index":"index","follow":"follow","max-snippet":"max-snippet:-1","max-image-preview":"max-image-preview:large","max-video-preview":"max-video-preview:-1"},"canonical":"https:\/\/blogdofarnesio.com.br\/2018\/11\/presidente-do-consorcio-da-policlinica-regiao-norte-ana-passos-assina-contratacao-de-empresa-para-processo-seletivo\/","og_locale":"pt_BR","og_type":"article","og_title":"PRESIDENTE DO CONS\u00d3RCIO DA POLICL\u00cdNICA REGI\u00c3O NORTE ANA PASSOS ASSINA CONTRATA\u00c7\u00c3O DE EMPRESA PARA PROCESSO SELETIVO - Blog do Farn\u00e9sio","og_description":"Na manh\u00e3 desta quinta-feira, 29 de novembro, em Salvador, a Presidente do Cons\u00f3rcio P\u00fablico Interfederativo de Sa\u00fade da Regi\u00e3o Norte de Juazeiro, Ana Passos (Prefeita de Sento-S\u00e9) assinou a libera\u00e7\u00e3o da contrata\u00e7\u00e3o da Funda\u00e7\u00e3o de Apoio \u00e0 Educa\u00e7\u00e3o e Desenvolvimento Tecnol\u00f3gico (Cefet) que constituir\u00e1 o processo seletivo da Policl\u00ednica Regional, em Juazeiro. O processo objetiva a contrata\u00e7\u00e3o de aproximadamente 220 profissionais, com sal\u00e1rios de at\u00e9 R$10 mil. Al\u00e9m da gestora, os presidentes dos cons\u00f3rcios de sa\u00fade das regi\u00f5es de Jacobina, Paulo Afonso e Vit\u00f3ria da Conquista assinaram contrato com a Cefet para a realiza\u00e7\u00e3o da sele\u00e7\u00e3o para atuarem nas policl\u00ednicas. A Presidente do Cons\u00f3rcio, Ana Passos observou \u201ceste \u00e9 mais um passo para o trabalho que vamos realizar no atendimento&hellip;","og_url":"https:\/\/blogdofarnesio.com.br\/2018\/11\/presidente-do-consorcio-da-policlinica-regiao-norte-ana-passos-assina-contratacao-de-empresa-para-processo-seletivo\/","og_site_name":"Blog do Farn\u00e9sio","article_publisher":"https:\/\/www.facebook.com\/BlogQuerSaberPolitica\/","article_published_time":"2018-11-30T18:00:20+00:00","og_image":[{"width":640,"height":360,"url":"https:\/\/blogdofarnesio.com.br\/wp-content\/uploads\/2018\/11\/BLOGQSP-Contrata\u00e7\u00e3o-de-empresa-para-processo-seletivo-2.jpeg","type":"image\/jpeg"}],"author":"Farn\u00e9sio","twitter_card":"summary_large_image","twitter_misc":{"Escrito por":"Farn\u00e9sio","Est. tempo de leitura":"1 minuto"},"schema":{"@context":"https:\/\/schema.org","@graph":[{"@type":"Article","@id":"https:\/\/blogdofarnesio.com.br\/2018\/11\/presidente-do-consorcio-da-policlinica-regiao-norte-ana-passos-assina-contratacao-de-empresa-para-processo-seletivo\/#article","isPartOf":{"@id":"https:\/\/blogdofarnesio.com.br\/2018\/11\/presidente-do-consorcio-da-policlinica-regiao-norte-ana-passos-assina-contratacao-de-empresa-para-processo-seletivo\/"},"author":{"name":"Farn\u00e9sio","@id":"https:\/\/blogdofarnesio.com.br\/#\/schema\/person\/301c4acf522bccbfdb45af95b5b906a1"},"headline":"PRESIDENTE DO CONS\u00d3RCIO DA POLICL\u00cdNICA REGI\u00c3O NORTE ANA PASSOS ASSINA CONTRATA\u00c7\u00c3O DE EMPRESA PARA PROCESSO SELETIVO","datePublished":"2018-11-30T18:00:20+00:00","mainEntityOfPage":{"@id":"https:\/\/blogdofarnesio.com.br\/2018\/11\/presidente-do-consorcio-da-policlinica-regiao-norte-ana-passos-assina-contratacao-de-empresa-para-processo-seletivo\/"},"wordCount":193,"publisher":{"@id":"https:\/\/blogdofarnesio.com.br\/#organization"},"image":{"@id":"https:\/\/blogdofarnesio.com.br\/2018\/11\/presidente-do-consorcio-da-policlinica-regiao-norte-ana-passos-assina-contratacao-de-empresa-para-processo-seletivo\/#primaryimage"},"thumbnailUrl":"https:\/\/blogdofarnesio.com.br\/wp-content\/uploads\/2018\/11\/BLOGQSP-Contrata\u00e7\u00e3o-de-empresa-para-processo-seletivo-2.jpeg","articleSection":["Administra\u00e7\u00e3o"],"inLanguage":"pt-BR"},{"@type":"WebPage","@id":"https:\/\/blogdofarnesio.com.br\/2018\/11\/presidente-do-consorcio-da-policlinica-regiao-norte-ana-passos-assina-contratacao-de-empresa-para-processo-seletivo\/","url":"https:\/\/blogdofarnesio.com.br\/2018\/11\/presidente-do-consorcio-da-policlinica-regiao-norte-ana-passos-assina-contratacao-de-empresa-para-processo-seletivo\/","name":"PRESIDENTE DO CONS\u00d3RCIO DA POLICL\u00cdNICA REGI\u00c3O NORTE ANA PASSOS ASSINA CONTRATA\u00c7\u00c3O DE EMPRESA PARA PROCESSO SELETIVO - Blog do Farn\u00e9sio","isPartOf":{"@id":"https:\/\/blogdofarnesio.com.br\/#website"},"primaryImageOfPage":{"@id":"https:\/\/blogdofarnesio.com.br\/2018\/11\/presidente-do-consorcio-da-policlinica-regiao-norte-ana-passos-assina-contratacao-de-empresa-para-processo-seletivo\/#primaryimage"},"image":{"@id":"https:\/\/blogdofarnesio.com.br\/2018\/11\/presidente-do-consorcio-da-policlinica-regiao-norte-ana-passos-assina-contratacao-de-empresa-para-processo-seletivo\/#primaryimage"},"thumbnailUrl":"https:\/\/blogdofarnesio.com.br\/wp-content\/uploads\/2018\/11\/BLOGQSP-Contrata\u00e7\u00e3o-de-empresa-para-processo-seletivo-2.jpeg","datePublished":"2018-11-30T18:00:20+00:00","breadcrumb":{"@id":"https:\/\/blogdofarnesio.com.br\/2018\/11\/presidente-do-consorcio-da-policlinica-regiao-norte-ana-passos-assina-contratacao-de-empresa-para-processo-seletivo\/#breadcrumb"},"inLanguage":"pt-BR","potentialAction":[{"@type":"ReadAction","target":["https:\/\/blogdofarnesio.com.br\/2018\/11\/presidente-do-consorcio-da-policlinica-regiao-norte-ana-passos-assina-contratacao-de-empresa-para-processo-seletivo\/"]}]},{"@type":"ImageObject","inLanguage":"pt-BR","@id":"https:\/\/blogdofarnesio.com.br\/2018\/11\/presidente-do-consorcio-da-policlinica-regiao-norte-ana-passos-assina-contratacao-de-empresa-para-processo-seletivo\/#primaryimage","url":"https:\/\/blogdofarnesio.com.br\/wp-content\/uploads\/2018\/11\/BLOGQSP-Contrata\u00e7\u00e3o-de-empresa-para-processo-seletivo-2.jpeg","contentUrl":"https:\/\/blogdofarnesio.com.br\/wp-content\/uploads\/2018\/11\/BLOGQSP-Contrata\u00e7\u00e3o-de-empresa-para-processo-seletivo-2.jpeg","width":640,"height":360},{"@type":"BreadcrumbList","@id":"https:\/\/blogdofarnesio.com.br\/2018\/11\/presidente-do-consorcio-da-policlinica-regiao-norte-ana-passos-assina-contratacao-de-empresa-para-processo-seletivo\/#breadcrumb","itemListElement":[{"@type":"ListItem","position":1,"name":"In\u00edcio","item":"https:\/\/blogdofarnesio.com.br\/"},{"@type":"ListItem","position":2,"name":"PRESIDENTE DO CONS\u00d3RCIO DA POLICL\u00cdNICA REGI\u00c3O NORTE ANA PASSOS ASSINA CONTRATA\u00c7\u00c3O DE EMPRESA PARA PROCESSO SELETIVO"}]},{"@type":"WebSite","@id":"https:\/\/blogdofarnesio.com.br\/#website","url":"https:\/\/blogdofarnesio.com.br\/","name":"Blog do Farn\u00e9sio","description":"Quer Saber Pol\u00edtica?","publisher":{"@id":"https:\/\/blogdofarnesio.com.br\/#organization"},"potentialAction":[{"@type":"SearchAction","target":{"@type":"EntryPoint","urlTemplate":"https:\/\/blogdofarnesio.com.br\/?s={search_term_string}"},"query-input":{"@type":"PropertyValueSpecification","valueRequired":true,"valueName":"search_term_string"}}],"inLanguage":"pt-BR"},{"@type":"Organization","@id":"https:\/\/blogdofarnesio.com.br\/#organization","name":"Blog do Farn\u00e9sio","url":"https:\/\/blogdofarnesio.com.br\/","logo":{"@type":"ImageObject","inLanguage":"pt-BR","@id":"https:\/\/blogdofarnesio.com.br\/#\/schema\/logo\/image\/","url":"https:\/\/blogdofarnesio.com.br\/wp-content\/uploads\/2026\/03\/cropped-logo_new-1.png","contentUrl":"https:\/\/blogdofarnesio.com.br\/wp-content\/uploads\/2026\/03\/cropped-logo_new-1.png","width":881,"height":685,"caption":"Blog do Farn\u00e9sio"},"image":{"@id":"https:\/\/blogdofarnesio.com.br\/#\/schema\/logo\/image\/"},"sameAs":["https:\/\/www.facebook.com\/BlogQuerSaberPolitica\/"]},{"@type":"Person","@id":"https:\/\/blogdofarnesio.com.br\/#\/schema\/person\/301c4acf522bccbfdb45af95b5b906a1","name":"Farn\u00e9sio","image":{"@type":"ImageObject","inLanguage":"pt-BR","@id":"https:\/\/secure.gravatar.com\/avatar\/df0c9a14567c056f8ad6876ba5bbd1e3e2c48023eb6807342fc4663adf549f38?s=96&d=mm&r=g","url":"https:\/\/secure.gravatar.com\/avatar\/df0c9a14567c056f8ad6876ba5bbd1e3e2c48023eb6807342fc4663adf549f38?s=96&d=mm&r=g","contentUrl":"https:\/\/secure.gravatar.com\/avatar\/df0c9a14567c056f8ad6876ba5bbd1e3e2c48023eb6807342fc4663adf549f38?s=96&d=mm&r=g","caption":"Farn\u00e9sio"},"sameAs":["https:\/\/quersaberpolitica.com.br"],"url":"https:\/\/blogdofarnesio.com.br\/author\/farnesio\/"}]}},"_links":{"self":[{"href":"https:\/\/blogdofarnesio.com.br\/wp-json\/wp\/v2\/posts\/215734","targetHints":{"allow":["GET"]}}],"collection":[{"href":"https:\/\/blogdofarnesio.com.br\/wp-json\/wp\/v2\/posts"}],"about":[{"href":"https:\/\/blogdofarnesio.com.br\/wp-json\/wp\/v2\/types\/post"}],"author":[{"embeddable":true,"href":"https:\/\/blogdofarnesio.com.br\/wp-json\/wp\/v2\/users\/1"}],"replies":[{"embeddable":true,"href":"https:\/\/blogdofarnesio.com.br\/wp-json\/wp\/v2\/comments?post=215734"}],"version-history":[{"count":0,"href":"https:\/\/blogdofarnesio.com.br\/wp-json\/wp\/v2\/posts\/215734\/revisions"}],"wp:featuredmedia":[{"embeddable":true,"href":"https:\/\/blogdofarnesio.com.br\/wp-json\/wp\/v2\/media\/215736"}],"wp:attachment":[{"href":"https:\/\/blogdofarnesio.com.br\/wp-json\/wp\/v2\/media?parent=215734"}],"wp:term":[{"taxonomy":"category","embeddable":true,"href":"https:\/\/blogdofarnesio.com.br\/wp-json\/wp\/v2\/categories?post=215734"},{"taxonomy":"post_tag","embeddable":true,"href":"https:\/\/blogdofarnesio.com.br\/wp-json\/wp\/v2\/tags?post=215734"}],"curies":[{"name":"wp","href":"https:\/\/api.w.org\/{rel}","templated":true}]}}