{"id":215158,"date":"2018-11-23T09:42:57","date_gmt":"2018-11-23T12:42:57","guid":{"rendered":"http:\/\/quersaberpolitica.com.br\/2016\/?p=215158"},"modified":"2018-11-22T21:21:38","modified_gmt":"2018-11-23T00:21:38","slug":"lembra-dos-canibais-de-garanhuns-pe","status":"publish","type":"post","link":"https:\/\/blogdofarnesio.com.br\/?p=215158","title":{"rendered":"LEMBRA DOS &#8220;CANIBAIS&#8221; DE GARANHUNS-PE?"},"content":{"rendered":"<div class=\"td-post-header\">\n<header class=\"td-post-title\">\n<h1 class=\"entry-title\">Eles v\u00e3o a j\u00fari popular hoje (23)<\/h1>\n<\/header>\n<\/div>\n<div class=\"td-post-content\">\n<p>O caso dos \u201cCanibais de Garanhuns\u201d ganhar\u00e1 um novo cap\u00edtulo nesta sexta-feira (23). Jorge Beltr\u00e3o Negromonte da Silveira, Isabel Cristina Pires da Silveira e Bruna Cristina Oliveira da Silva v\u00e3o enfrentar um\u00a0segundo j\u00fari popular\u00a0a partir das 9h na\u00a01\u00aa Vara do Tribunal do J\u00fari da Capital, no\u00a0F\u00f3rum Desembargador Rodolfo Aureliano,\u00a0Ilha Joana Bezerra, \u00e1rea Central do Recife. Desta vez, o trio ser\u00e1 acusado pela morte de duas das suas tr\u00eas supostas v\u00edtimas: Alexandra Falc\u00e3o da Silva, na \u00e9poca com 20 anos, e Giselly Helena da Silva, 31.<\/p>\n<p>Os r\u00e9us ser\u00e3o julgados por\u00a0duplo homic\u00eddio triplamente qualificado, oculta\u00e7\u00e3o de cad\u00e1ver e\u00a0furto qualificado. Jorge Beltr\u00e3o e Bruna Cristina respondem ainda pelo\u00a0crime de estelionato. Bruna tamb\u00e9m \u00e9 acusada pela Justi\u00e7a pelo crime de falsa identidade.<\/p>\n<p>Presidida pelo juiz Ernesto Bezerra Cavalcanti, a sess\u00e3o vai contar com sete jurados do\u00a0Conselho de Senten\u00e7a. Al\u00e9m do interrogat\u00f3rio dos r\u00e9us, o delegado que conduziu as investiga\u00e7\u00f5es em Garanhuns, Wesley Fernandes Oliveira, tamb\u00e9m ser\u00e1 ouvido a pedido do Minist\u00e9rio P\u00fablico de Pernambuco (MPPE). A promotoria e os advogados de defesa ter\u00e3o duas horas e meia cada uma para apresentar os argumentos de acusa\u00e7\u00e3o e defesa.<\/p>\n<p><strong>Entenda o caso<\/strong><br \/>\nO crime aconteceu no\u00a0munic\u00edpio de Garanhuns, Agreste de Pernambuco, a 230 km do Recife. Gisele Helena da Silva, na \u00e9poca com 31 anos, teria sido assassinada por uma arma branca, por volta das 15h do dia 25 de fevereiro de 2012, na casa onde Jorge, Isabel e Bruna moravam no bairro de Jardim Petr\u00f3polis. De acordo com o MPPE, a v\u00edtima\u00a0foi atra\u00edda para resid\u00eancia\u00a0para \u201couvir conselhos e falar sobre a \u2018Palavra de Deus\u2019\u201d.<\/p>\n<p>Ap\u00f3s conversar com Bruna, Jorge Negromonte\u00a0atingiu Gisele com uma peixeira. Ainda segundo o MPPE, a v\u00edtima foi levada para o banheiro, onde foi\u00a0esquartejada pelo casal. Partes dos corpos teriam sido armazenadas para o consumo dos tr\u00eas acusados. O restante dos restos mortais\u00a0foi enterrado em um buraco no quintal da casal\u00a0\u2013 previamente aberto por Jorge. De acordo com a den\u00fancia, mesmo depois do assassinato, os r\u00e9us usaram os pertences da v\u00edtima, dentre os quais carteira de trabalho, CPF e cart\u00f5es de cr\u00e9dito, utilizados para realiza\u00e7\u00e3o de compras no com\u00e9rcio local.<\/p>\n<p>O assassinato de Alexandra da Silva Falc\u00e3o, ent\u00e3o com 20 anos, aconteceu poucos dias depois tamb\u00e9m na casa dos acusados no dia 12 de mar\u00e7o daquele ano. Segundo o Minist\u00e9rio P\u00fablico, Alexandra teria sido chamada por Bruna para trabalhar como bab\u00e1 de uma crian\u00e7a, que foi apresentada como filha. Durante uma conversa, a segunda v\u00edtima\u00a0teria sido atingida tamb\u00e9m na garganta por Jorge. Alexandra foi\u00a0esquartejada no banheiro da casa\u00a0e parte de seu corpo consumido pelo trio. Os restos mortais foram enterrados tamb\u00e9m em uma cova no quintal da casa.<\/p>\n<p>Assassinada e esquartejada pelos tr\u00eas,\u00a0J\u00e9ssica Camila da Silva Pereira, de 17 anos, foi a\u00a0primeira v\u00edtima do trio.\u00a0Ela era m\u00e3e da crian\u00e7a apresentada pelo trio \u00e0s duas outras v\u00edtimas. Pela viol\u00eancia cometida contra J\u00e9ssica, Jorge foi condenado a 23 anos de reclus\u00e3o, Isabel e Bruna, a 20 anos, cada uma, em uma decis\u00e3o do j\u00fari popular no ano de 2014.<\/p>\n<p>De acordo com as investiga\u00e7\u00f5es, o trio assassinava as mulheres como\u00a0parte de um ritual de purifica\u00e7\u00e3o. Os corpos eram esquartejados e partes, como coxas, pernas, bra\u00e7os, n\u00e1degas e f\u00edgados eram consumidos. Al\u00e9m disso, eles\u00a0confeccionavam coxinhas e empadas, que eram vendidas em diversos locais de Garanhuns.<\/p>\n<\/div>\n","protected":false},"excerpt":{"rendered":"<p>Eles v\u00e3o a j\u00fari popular hoje (23) O caso dos \u201cCanibais de Garanhuns\u201d ganhar\u00e1 um novo cap\u00edtulo nesta sexta-feira (23). Jorge Beltr\u00e3o Negromonte da Silveira, Isabel Cristina Pires da Silveira e Bruna Cristina Oliveira da Silva v\u00e3o enfrentar um\u00a0segundo j\u00fari popular\u00a0a partir das 9h na\u00a01\u00aa Vara do Tribunal do J\u00fari da Capital, no\u00a0F\u00f3rum Desembargador Rodolfo Aureliano,\u00a0Ilha Joana Bezerra, \u00e1rea Central do Recife. Desta vez, o trio ser\u00e1 acusado pela morte de duas das suas tr\u00eas supostas v\u00edtimas: Alexandra Falc\u00e3o da Silva, na \u00e9poca com 20 anos, e Giselly Helena da Silva, 31. Os r\u00e9us ser\u00e3o julgados por\u00a0duplo homic\u00eddio triplamente qualificado, oculta\u00e7\u00e3o de cad\u00e1ver e\u00a0furto qualificado. Jorge Beltr\u00e3o e Bruna Cristina respondem ainda pelo\u00a0crime de estelionato. Bruna tamb\u00e9m \u00e9 acusada pela&hellip; <\/p>\n","protected":false},"author":1,"featured_media":215159,"comment_status":"closed","ping_status":"closed","sticky":false,"template":"","format":"standard","meta":{"_acf_changed":false,"footnotes":""},"categories":[1],"tags":[],"class_list":["post-215158","post","type-post","status-publish","format-standard","has-post-thumbnail","hentry","category-politica"],"acf":[],"yoast_head":"<!-- This site is optimized with the Yoast SEO plugin v27.4 - https:\/\/yoast.com\/product\/yoast-seo-wordpress\/ -->\n<title>LEMBRA DOS &quot;CANIBAIS&quot; DE GARANHUNS-PE? - Blog do Farn\u00e9sio<\/title>\n<meta name=\"robots\" content=\"index, follow, max-snippet:-1, max-image-preview:large, max-video-preview:-1\" \/>\n<link rel=\"canonical\" href=\"https:\/\/blogdofarnesio.com.br\/?p=215158\" \/>\n<meta property=\"og:locale\" content=\"pt_BR\" \/>\n<meta property=\"og:type\" content=\"article\" \/>\n<meta property=\"og:title\" content=\"LEMBRA DOS &quot;CANIBAIS&quot; DE GARANHUNS-PE? - Blog do Farn\u00e9sio\" \/>\n<meta property=\"og:description\" content=\"Eles v\u00e3o a j\u00fari popular hoje (23) O caso dos \u201cCanibais de Garanhuns\u201d ganhar\u00e1 um novo cap\u00edtulo nesta sexta-feira (23). Jorge Beltr\u00e3o Negromonte da Silveira, Isabel Cristina Pires da Silveira e Bruna Cristina Oliveira da Silva v\u00e3o enfrentar um\u00a0segundo j\u00fari popular\u00a0a partir das 9h na\u00a01\u00aa Vara do Tribunal do J\u00fari da Capital, no\u00a0F\u00f3rum Desembargador Rodolfo Aureliano,\u00a0Ilha Joana Bezerra, \u00e1rea Central do Recife. Desta vez, o trio ser\u00e1 acusado pela morte de duas das suas tr\u00eas supostas v\u00edtimas: Alexandra Falc\u00e3o da Silva, na \u00e9poca com 20 anos, e Giselly Helena da Silva, 31. Os r\u00e9us ser\u00e3o julgados por\u00a0duplo homic\u00eddio triplamente qualificado, oculta\u00e7\u00e3o de cad\u00e1ver e\u00a0furto qualificado. Jorge Beltr\u00e3o e Bruna Cristina respondem ainda pelo\u00a0crime de estelionato. Bruna tamb\u00e9m \u00e9 acusada pela&hellip;\" \/>\n<meta property=\"og:url\" content=\"https:\/\/blogdofarnesio.com.br\/?p=215158\" \/>\n<meta property=\"og:site_name\" content=\"Blog do Farn\u00e9sio\" \/>\n<meta property=\"article:publisher\" content=\"https:\/\/www.facebook.com\/BlogQuerSaberPolitica\/\" \/>\n<meta property=\"article:published_time\" content=\"2018-11-23T12:42:57+00:00\" \/>\n<meta property=\"og:image\" content=\"https:\/\/blogdofarnesio.com.br\/wp-content\/uploads\/2018\/11\/blogqspgaranhunscanibais.jpg\" \/>\n\t<meta property=\"og:image:width\" content=\"640\" \/>\n\t<meta property=\"og:image:height\" content=\"371\" \/>\n\t<meta property=\"og:image:type\" content=\"image\/jpeg\" \/>\n<meta name=\"author\" content=\"Farn\u00e9sio\" \/>\n<meta name=\"twitter:card\" content=\"summary_large_image\" \/>\n<meta name=\"twitter:label1\" content=\"Escrito por\" \/>\n\t<meta name=\"twitter:data1\" content=\"Farn\u00e9sio\" \/>\n\t<meta name=\"twitter:label2\" content=\"Est. tempo de leitura\" \/>\n\t<meta name=\"twitter:data2\" content=\"3 minutos\" \/>\n<script type=\"application\/ld+json\" class=\"yoast-schema-graph\">{\"@context\":\"https:\\\/\\\/schema.org\",\"@graph\":[{\"@type\":\"Article\",\"@id\":\"https:\\\/\\\/blogdofarnesio.com.br\\\/?p=215158#article\",\"isPartOf\":{\"@id\":\"https:\\\/\\\/blogdofarnesio.com.br\\\/?p=215158\"},\"author\":{\"name\":\"Farn\u00e9sio\",\"@id\":\"https:\\\/\\\/blogdofarnesio.com.br\\\/#\\\/schema\\\/person\\\/301c4acf522bccbfdb45af95b5b906a1\"},\"headline\":\"LEMBRA DOS &#8220;CANIBAIS&#8221; DE GARANHUNS-PE?\",\"datePublished\":\"2018-11-23T12:42:57+00:00\",\"mainEntityOfPage\":{\"@id\":\"https:\\\/\\\/blogdofarnesio.com.br\\\/?p=215158\"},\"wordCount\":632,\"publisher\":{\"@id\":\"https:\\\/\\\/blogdofarnesio.com.br\\\/#organization\"},\"image\":{\"@id\":\"https:\\\/\\\/blogdofarnesio.com.br\\\/?p=215158#primaryimage\"},\"thumbnailUrl\":\"https:\\\/\\\/blogdofarnesio.com.br\\\/wp-content\\\/uploads\\\/2018\\\/11\\\/blogqspgaranhunscanibais.jpg\",\"articleSection\":[\"Pol\u00edtica\"],\"inLanguage\":\"pt-BR\"},{\"@type\":\"WebPage\",\"@id\":\"https:\\\/\\\/blogdofarnesio.com.br\\\/?p=215158\",\"url\":\"https:\\\/\\\/blogdofarnesio.com.br\\\/?p=215158\",\"name\":\"LEMBRA DOS \\\"CANIBAIS\\\" DE GARANHUNS-PE? - Blog do Farn\u00e9sio\",\"isPartOf\":{\"@id\":\"https:\\\/\\\/blogdofarnesio.com.br\\\/#website\"},\"primaryImageOfPage\":{\"@id\":\"https:\\\/\\\/blogdofarnesio.com.br\\\/?p=215158#primaryimage\"},\"image\":{\"@id\":\"https:\\\/\\\/blogdofarnesio.com.br\\\/?p=215158#primaryimage\"},\"thumbnailUrl\":\"https:\\\/\\\/blogdofarnesio.com.br\\\/wp-content\\\/uploads\\\/2018\\\/11\\\/blogqspgaranhunscanibais.jpg\",\"datePublished\":\"2018-11-23T12:42:57+00:00\",\"breadcrumb\":{\"@id\":\"https:\\\/\\\/blogdofarnesio.com.br\\\/?p=215158#breadcrumb\"},\"inLanguage\":\"pt-BR\",\"potentialAction\":[{\"@type\":\"ReadAction\",\"target\":[\"https:\\\/\\\/blogdofarnesio.com.br\\\/?p=215158\"]}]},{\"@type\":\"ImageObject\",\"inLanguage\":\"pt-BR\",\"@id\":\"https:\\\/\\\/blogdofarnesio.com.br\\\/?p=215158#primaryimage\",\"url\":\"https:\\\/\\\/blogdofarnesio.com.br\\\/wp-content\\\/uploads\\\/2018\\\/11\\\/blogqspgaranhunscanibais.jpg\",\"contentUrl\":\"https:\\\/\\\/blogdofarnesio.com.br\\\/wp-content\\\/uploads\\\/2018\\\/11\\\/blogqspgaranhunscanibais.jpg\",\"width\":640,\"height\":371},{\"@type\":\"BreadcrumbList\",\"@id\":\"https:\\\/\\\/blogdofarnesio.com.br\\\/?p=215158#breadcrumb\",\"itemListElement\":[{\"@type\":\"ListItem\",\"position\":1,\"name\":\"In\u00edcio\",\"item\":\"https:\\\/\\\/blogdofarnesio.com.br\\\/\"},{\"@type\":\"ListItem\",\"position\":2,\"name\":\"LEMBRA DOS &#8220;CANIBAIS&#8221; DE GARANHUNS-PE?\"}]},{\"@type\":\"WebSite\",\"@id\":\"https:\\\/\\\/blogdofarnesio.com.br\\\/#website\",\"url\":\"https:\\\/\\\/blogdofarnesio.com.br\\\/\",\"name\":\"Blog do Farn\u00e9sio\",\"description\":\"Quer Saber Pol\u00edtica?\",\"publisher\":{\"@id\":\"https:\\\/\\\/blogdofarnesio.com.br\\\/#organization\"},\"potentialAction\":[{\"@type\":\"SearchAction\",\"target\":{\"@type\":\"EntryPoint\",\"urlTemplate\":\"https:\\\/\\\/blogdofarnesio.com.br\\\/?s={search_term_string}\"},\"query-input\":{\"@type\":\"PropertyValueSpecification\",\"valueRequired\":true,\"valueName\":\"search_term_string\"}}],\"inLanguage\":\"pt-BR\"},{\"@type\":\"Organization\",\"@id\":\"https:\\\/\\\/blogdofarnesio.com.br\\\/#organization\",\"name\":\"Blog do Farn\u00e9sio\",\"url\":\"https:\\\/\\\/blogdofarnesio.com.br\\\/\",\"logo\":{\"@type\":\"ImageObject\",\"inLanguage\":\"pt-BR\",\"@id\":\"https:\\\/\\\/blogdofarnesio.com.br\\\/#\\\/schema\\\/logo\\\/image\\\/\",\"url\":\"https:\\\/\\\/blogdofarnesio.com.br\\\/wp-content\\\/uploads\\\/2026\\\/03\\\/cropped-logo_new-1.png\",\"contentUrl\":\"https:\\\/\\\/blogdofarnesio.com.br\\\/wp-content\\\/uploads\\\/2026\\\/03\\\/cropped-logo_new-1.png\",\"width\":881,\"height\":685,\"caption\":\"Blog do Farn\u00e9sio\"},\"image\":{\"@id\":\"https:\\\/\\\/blogdofarnesio.com.br\\\/#\\\/schema\\\/logo\\\/image\\\/\"},\"sameAs\":[\"https:\\\/\\\/www.facebook.com\\\/BlogQuerSaberPolitica\\\/\"]},{\"@type\":\"Person\",\"@id\":\"https:\\\/\\\/blogdofarnesio.com.br\\\/#\\\/schema\\\/person\\\/301c4acf522bccbfdb45af95b5b906a1\",\"name\":\"Farn\u00e9sio\",\"image\":{\"@type\":\"ImageObject\",\"inLanguage\":\"pt-BR\",\"@id\":\"https:\\\/\\\/secure.gravatar.com\\\/avatar\\\/df0c9a14567c056f8ad6876ba5bbd1e3e2c48023eb6807342fc4663adf549f38?s=96&d=mm&r=g\",\"url\":\"https:\\\/\\\/secure.gravatar.com\\\/avatar\\\/df0c9a14567c056f8ad6876ba5bbd1e3e2c48023eb6807342fc4663adf549f38?s=96&d=mm&r=g\",\"contentUrl\":\"https:\\\/\\\/secure.gravatar.com\\\/avatar\\\/df0c9a14567c056f8ad6876ba5bbd1e3e2c48023eb6807342fc4663adf549f38?s=96&d=mm&r=g\",\"caption\":\"Farn\u00e9sio\"},\"sameAs\":[\"https:\\\/\\\/quersaberpolitica.com.br\"],\"url\":\"https:\\\/\\\/blogdofarnesio.com.br\\\/?author=1\"}]}<\/script>\n<!-- \/ Yoast SEO plugin. -->","yoast_head_json":{"title":"LEMBRA DOS \"CANIBAIS\" DE GARANHUNS-PE? - Blog do Farn\u00e9sio","robots":{"index":"index","follow":"follow","max-snippet":"max-snippet:-1","max-image-preview":"max-image-preview:large","max-video-preview":"max-video-preview:-1"},"canonical":"https:\/\/blogdofarnesio.com.br\/?p=215158","og_locale":"pt_BR","og_type":"article","og_title":"LEMBRA DOS \"CANIBAIS\" DE GARANHUNS-PE? - Blog do Farn\u00e9sio","og_description":"Eles v\u00e3o a j\u00fari popular hoje (23) O caso dos \u201cCanibais de Garanhuns\u201d ganhar\u00e1 um novo cap\u00edtulo nesta sexta-feira (23). Jorge Beltr\u00e3o Negromonte da Silveira, Isabel Cristina Pires da Silveira e Bruna Cristina Oliveira da Silva v\u00e3o enfrentar um\u00a0segundo j\u00fari popular\u00a0a partir das 9h na\u00a01\u00aa Vara do Tribunal do J\u00fari da Capital, no\u00a0F\u00f3rum Desembargador Rodolfo Aureliano,\u00a0Ilha Joana Bezerra, \u00e1rea Central do Recife. Desta vez, o trio ser\u00e1 acusado pela morte de duas das suas tr\u00eas supostas v\u00edtimas: Alexandra Falc\u00e3o da Silva, na \u00e9poca com 20 anos, e Giselly Helena da Silva, 31. Os r\u00e9us ser\u00e3o julgados por\u00a0duplo homic\u00eddio triplamente qualificado, oculta\u00e7\u00e3o de cad\u00e1ver e\u00a0furto qualificado. Jorge Beltr\u00e3o e Bruna Cristina respondem ainda pelo\u00a0crime de estelionato. Bruna tamb\u00e9m \u00e9 acusada pela&hellip;","og_url":"https:\/\/blogdofarnesio.com.br\/?p=215158","og_site_name":"Blog do Farn\u00e9sio","article_publisher":"https:\/\/www.facebook.com\/BlogQuerSaberPolitica\/","article_published_time":"2018-11-23T12:42:57+00:00","og_image":[{"width":640,"height":371,"url":"https:\/\/blogdofarnesio.com.br\/wp-content\/uploads\/2018\/11\/blogqspgaranhunscanibais.jpg","type":"image\/jpeg"}],"author":"Farn\u00e9sio","twitter_card":"summary_large_image","twitter_misc":{"Escrito por":"Farn\u00e9sio","Est. tempo de leitura":"3 minutos"},"schema":{"@context":"https:\/\/schema.org","@graph":[{"@type":"Article","@id":"https:\/\/blogdofarnesio.com.br\/?p=215158#article","isPartOf":{"@id":"https:\/\/blogdofarnesio.com.br\/?p=215158"},"author":{"name":"Farn\u00e9sio","@id":"https:\/\/blogdofarnesio.com.br\/#\/schema\/person\/301c4acf522bccbfdb45af95b5b906a1"},"headline":"LEMBRA DOS &#8220;CANIBAIS&#8221; DE GARANHUNS-PE?","datePublished":"2018-11-23T12:42:57+00:00","mainEntityOfPage":{"@id":"https:\/\/blogdofarnesio.com.br\/?p=215158"},"wordCount":632,"publisher":{"@id":"https:\/\/blogdofarnesio.com.br\/#organization"},"image":{"@id":"https:\/\/blogdofarnesio.com.br\/?p=215158#primaryimage"},"thumbnailUrl":"https:\/\/blogdofarnesio.com.br\/wp-content\/uploads\/2018\/11\/blogqspgaranhunscanibais.jpg","articleSection":["Pol\u00edtica"],"inLanguage":"pt-BR"},{"@type":"WebPage","@id":"https:\/\/blogdofarnesio.com.br\/?p=215158","url":"https:\/\/blogdofarnesio.com.br\/?p=215158","name":"LEMBRA DOS \"CANIBAIS\" DE GARANHUNS-PE? - Blog do Farn\u00e9sio","isPartOf":{"@id":"https:\/\/blogdofarnesio.com.br\/#website"},"primaryImageOfPage":{"@id":"https:\/\/blogdofarnesio.com.br\/?p=215158#primaryimage"},"image":{"@id":"https:\/\/blogdofarnesio.com.br\/?p=215158#primaryimage"},"thumbnailUrl":"https:\/\/blogdofarnesio.com.br\/wp-content\/uploads\/2018\/11\/blogqspgaranhunscanibais.jpg","datePublished":"2018-11-23T12:42:57+00:00","breadcrumb":{"@id":"https:\/\/blogdofarnesio.com.br\/?p=215158#breadcrumb"},"inLanguage":"pt-BR","potentialAction":[{"@type":"ReadAction","target":["https:\/\/blogdofarnesio.com.br\/?p=215158"]}]},{"@type":"ImageObject","inLanguage":"pt-BR","@id":"https:\/\/blogdofarnesio.com.br\/?p=215158#primaryimage","url":"https:\/\/blogdofarnesio.com.br\/wp-content\/uploads\/2018\/11\/blogqspgaranhunscanibais.jpg","contentUrl":"https:\/\/blogdofarnesio.com.br\/wp-content\/uploads\/2018\/11\/blogqspgaranhunscanibais.jpg","width":640,"height":371},{"@type":"BreadcrumbList","@id":"https:\/\/blogdofarnesio.com.br\/?p=215158#breadcrumb","itemListElement":[{"@type":"ListItem","position":1,"name":"In\u00edcio","item":"https:\/\/blogdofarnesio.com.br\/"},{"@type":"ListItem","position":2,"name":"LEMBRA DOS &#8220;CANIBAIS&#8221; DE GARANHUNS-PE?"}]},{"@type":"WebSite","@id":"https:\/\/blogdofarnesio.com.br\/#website","url":"https:\/\/blogdofarnesio.com.br\/","name":"Blog do Farn\u00e9sio","description":"Quer Saber Pol\u00edtica?","publisher":{"@id":"https:\/\/blogdofarnesio.com.br\/#organization"},"potentialAction":[{"@type":"SearchAction","target":{"@type":"EntryPoint","urlTemplate":"https:\/\/blogdofarnesio.com.br\/?s={search_term_string}"},"query-input":{"@type":"PropertyValueSpecification","valueRequired":true,"valueName":"search_term_string"}}],"inLanguage":"pt-BR"},{"@type":"Organization","@id":"https:\/\/blogdofarnesio.com.br\/#organization","name":"Blog do Farn\u00e9sio","url":"https:\/\/blogdofarnesio.com.br\/","logo":{"@type":"ImageObject","inLanguage":"pt-BR","@id":"https:\/\/blogdofarnesio.com.br\/#\/schema\/logo\/image\/","url":"https:\/\/blogdofarnesio.com.br\/wp-content\/uploads\/2026\/03\/cropped-logo_new-1.png","contentUrl":"https:\/\/blogdofarnesio.com.br\/wp-content\/uploads\/2026\/03\/cropped-logo_new-1.png","width":881,"height":685,"caption":"Blog do Farn\u00e9sio"},"image":{"@id":"https:\/\/blogdofarnesio.com.br\/#\/schema\/logo\/image\/"},"sameAs":["https:\/\/www.facebook.com\/BlogQuerSaberPolitica\/"]},{"@type":"Person","@id":"https:\/\/blogdofarnesio.com.br\/#\/schema\/person\/301c4acf522bccbfdb45af95b5b906a1","name":"Farn\u00e9sio","image":{"@type":"ImageObject","inLanguage":"pt-BR","@id":"https:\/\/secure.gravatar.com\/avatar\/df0c9a14567c056f8ad6876ba5bbd1e3e2c48023eb6807342fc4663adf549f38?s=96&d=mm&r=g","url":"https:\/\/secure.gravatar.com\/avatar\/df0c9a14567c056f8ad6876ba5bbd1e3e2c48023eb6807342fc4663adf549f38?s=96&d=mm&r=g","contentUrl":"https:\/\/secure.gravatar.com\/avatar\/df0c9a14567c056f8ad6876ba5bbd1e3e2c48023eb6807342fc4663adf549f38?s=96&d=mm&r=g","caption":"Farn\u00e9sio"},"sameAs":["https:\/\/quersaberpolitica.com.br"],"url":"https:\/\/blogdofarnesio.com.br\/?author=1"}]}},"_links":{"self":[{"href":"https:\/\/blogdofarnesio.com.br\/index.php?rest_route=\/wp\/v2\/posts\/215158","targetHints":{"allow":["GET"]}}],"collection":[{"href":"https:\/\/blogdofarnesio.com.br\/index.php?rest_route=\/wp\/v2\/posts"}],"about":[{"href":"https:\/\/blogdofarnesio.com.br\/index.php?rest_route=\/wp\/v2\/types\/post"}],"author":[{"embeddable":true,"href":"https:\/\/blogdofarnesio.com.br\/index.php?rest_route=\/wp\/v2\/users\/1"}],"replies":[{"embeddable":true,"href":"https:\/\/blogdofarnesio.com.br\/index.php?rest_route=%2Fwp%2Fv2%2Fcomments&post=215158"}],"version-history":[{"count":0,"href":"https:\/\/blogdofarnesio.com.br\/index.php?rest_route=\/wp\/v2\/posts\/215158\/revisions"}],"wp:featuredmedia":[{"embeddable":true,"href":"https:\/\/blogdofarnesio.com.br\/index.php?rest_route=\/wp\/v2\/media\/215159"}],"wp:attachment":[{"href":"https:\/\/blogdofarnesio.com.br\/index.php?rest_route=%2Fwp%2Fv2%2Fmedia&parent=215158"}],"wp:term":[{"taxonomy":"category","embeddable":true,"href":"https:\/\/blogdofarnesio.com.br\/index.php?rest_route=%2Fwp%2Fv2%2Fcategories&post=215158"},{"taxonomy":"post_tag","embeddable":true,"href":"https:\/\/blogdofarnesio.com.br\/index.php?rest_route=%2Fwp%2Fv2%2Ftags&post=215158"}],"curies":[{"name":"wp","href":"https:\/\/api.w.org\/{rel}","templated":true}]}}